{"id":41932,"date":"2026-04-23T15:37:26","date_gmt":"2026-04-23T13:37:26","guid":{"rendered":"https:\/\/gardeon.pl\/blog\/gardeon-w-sniadaniu-z-nova-konstrukcje-modulowe-jako-inteligentny-wybor-dla-nowoczesnego-mieszkania\/"},"modified":"2026-04-23T18:54:30","modified_gmt":"2026-04-23T16:54:30","slug":"gardeon-w-sniadaniu-z-nova-konstrukcje-modulowe-jako-inteligentny-wybor-dla-nowoczesnego-mieszkania","status":"publish","type":"post","link":"https:\/\/gardeon.pl\/pl\/blog\/gardeon-w-sniadaniu-z-nova-konstrukcje-modulowe-jako-inteligentny-wybor-dla-nowoczesnego-mieszkania\/","title":{"rendered":"GARDEON w \u201e\u015aniadaniu z Nov\u0105\u201d: konstrukcje modu\u0142owe jako inteligentny wyb\u00f3r dla nowoczesnego mieszkania"},"content":{"rendered":"<p><em><strong>Szybko\u015b\u0107, jako\u015b\u0107, styl \u2013 dok\u0142adnie o tym m\u00f3wiono na antenie popularnego porannego programu \u201e\u015aniadanie z Nov\u0105\u201d, w kt\u00f3rym zaprezentowa\u0142a si\u0119 firma GARDEON. Tematem by\u0142y konstrukcje modu\u0142owe, kt\u00f3re zyskuj\u0105 coraz wi\u0119ksz\u0105 popularno\u015b\u0107 w ca\u0142ych Czechach i na S\u0142owacji \u2013 a GARDEON wyznacza kierunek w tej bran\u017cy. <\/strong><\/em><!--more--><\/p>\n","protected":false},"excerpt":{"rendered":"<p>Szybko\u015b\u0107, jako\u015b\u0107, styl \u2013 dok\u0142adnie o tym m\u00f3wiono na antenie popularnego porannego programu \u201e\u015aniadanie z Nov\u0105\u201d, w kt\u00f3rym zaprezentowa\u0142a si\u0119 firma GARDEON. Tematem by\u0142y konstrukcje modu\u0142owe, kt\u00f3re zyskuj\u0105 coraz wi\u0119ksz\u0105 popularno\u015b\u0107 w ca\u0142ych Czechach i na S\u0142owacji \u2013 a GARDEON wyznacza kierunek w tej bran\u017cy.<\/p>\n","protected":false},"author":13,"featured_media":41936,"comment_status":"open","ping_status":"open","sticky":false,"template":"","format":"standard","meta":{"_acf_changed":false,"inline_featured_image":false,"footnotes":""},"categories":[593],"tags":[],"class_list":["post-41932","post","type-post","status-publish","format-standard","has-post-thumbnail","hentry","category-aktualnosci"],"acf":[],"yoast_head":"<!-- This site is optimized with the Yoast SEO plugin v27.4 - https:\/\/yoast.com\/product\/yoast-seo-wordpress\/ -->\n<title>GARDEON w \u201e\u015aniadaniu z Nov\u0105\u201d: konstrukcje modu\u0142owe jako inteligentny wyb\u00f3r dla nowoczesnego mieszkania - GARDEON<\/title>\n<meta name=\"robots\" content=\"index, follow, max-snippet:-1, max-image-preview:large, max-video-preview:-1\" \/>\n<link rel=\"canonical\" href=\"https:\/\/gardeon.pl\/pl\/blog\/gardeon-w-sniadaniu-z-nova-konstrukcje-modulowe-jako-inteligentny-wybor-dla-nowoczesnego-mieszkania\/\" \/>\n<meta property=\"og:locale\" content=\"pl_PL\" \/>\n<meta property=\"og:type\" content=\"article\" \/>\n<meta property=\"og:title\" content=\"GARDEON w \u201e\u015aniadaniu z Nov\u0105\u201d: konstrukcje modu\u0142owe jako inteligentny wyb\u00f3r dla nowoczesnego mieszkania - GARDEON\" \/>\n<meta property=\"og:description\" content=\"Szybko\u015b\u0107, jako\u015b\u0107, styl \u2013 dok\u0142adnie o tym m\u00f3wiono na antenie popularnego porannego programu \u201e\u015aniadanie z Nov\u0105\u201d, w kt\u00f3rym zaprezentowa\u0142a si\u0119 firma GARDEON. Tematem by\u0142y konstrukcje modu\u0142owe, kt\u00f3re zyskuj\u0105 coraz wi\u0119ksz\u0105 popularno\u015b\u0107 w ca\u0142ych Czechach i na S\u0142owacji \u2013 a GARDEON wyznacza kierunek w tej bran\u017cy.\" \/>\n<meta property=\"og:url\" content=\"https:\/\/gardeon.pl\/pl\/blog\/gardeon-w-sniadaniu-z-nova-konstrukcje-modulowe-jako-inteligentny-wybor-dla-nowoczesnego-mieszkania\/\" \/>\n<meta property=\"og:site_name\" content=\"GARDEON\" \/>\n<meta property=\"article:published_time\" content=\"2026-04-23T13:37:26+00:00\" \/>\n<meta property=\"article:modified_time\" content=\"2026-04-23T16:54:30+00:00\" \/>\n<meta property=\"og:image\" content=\"http:\/\/gardeon.pl\/wp-content\/uploads\/2025\/04\/pxl-20250402-074646338-scaled.jpg\" \/>\n\t<meta property=\"og:image:width\" content=\"2560\" \/>\n\t<meta property=\"og:image:height\" content=\"1920\" \/>\n\t<meta property=\"og:image:type\" content=\"image\/jpeg\" \/>\n<meta name=\"author\" content=\"Anna Kada\u0148kov\u00e1\" \/>\n<meta name=\"twitter:card\" content=\"summary_large_image\" \/>\n<meta name=\"twitter:label1\" content=\"Napisane przez\" \/>\n\t<meta name=\"twitter:data1\" content=\"Anna Kada\u0148kov\u00e1\" \/>\n<script type=\"application\/ld+json\" class=\"yoast-schema-graph\">{\"@context\":\"https:\\\/\\\/schema.org\",\"@graph\":[{\"@type\":\"Article\",\"@id\":\"https:\\\/\\\/gardeon.pl\\\/pl\\\/blog\\\/gardeon-w-sniadaniu-z-nova-konstrukcje-modulowe-jako-inteligentny-wybor-dla-nowoczesnego-mieszkania\\\/#article\",\"isPartOf\":{\"@id\":\"https:\\\/\\\/gardeon.pl\\\/pl\\\/blog\\\/gardeon-w-sniadaniu-z-nova-konstrukcje-modulowe-jako-inteligentny-wybor-dla-nowoczesnego-mieszkania\\\/\"},\"author\":{\"name\":\"Anna Kada\u0148kov\u00e1\",\"@id\":\"https:\\\/\\\/gardeon.pl\\\/#\\\/schema\\\/person\\\/00d099a52363b8bb3ff52351f7eeea91\"},\"headline\":\"GARDEON w \u201e\u015aniadaniu z Nov\u0105\u201d: konstrukcje modu\u0142owe jako inteligentny wyb\u00f3r dla nowoczesnego mieszkania\",\"datePublished\":\"2026-04-23T13:37:26+00:00\",\"dateModified\":\"2026-04-23T16:54:30+00:00\",\"mainEntityOfPage\":{\"@id\":\"https:\\\/\\\/gardeon.pl\\\/pl\\\/blog\\\/gardeon-w-sniadaniu-z-nova-konstrukcje-modulowe-jako-inteligentny-wybor-dla-nowoczesnego-mieszkania\\\/\"},\"wordCount\":69,\"commentCount\":0,\"image\":{\"@id\":\"https:\\\/\\\/gardeon.pl\\\/pl\\\/blog\\\/gardeon-w-sniadaniu-z-nova-konstrukcje-modulowe-jako-inteligentny-wybor-dla-nowoczesnego-mieszkania\\\/#primaryimage\"},\"thumbnailUrl\":\"https:\\\/\\\/gardeon.pl\\\/wp-content\\\/uploads\\\/2025\\\/04\\\/pxl-20250402-074646338-scaled.jpg\",\"articleSection\":[\"Aktualno\u015bci\"],\"inLanguage\":\"pl-PL\",\"potentialAction\":[{\"@type\":\"CommentAction\",\"name\":\"Comment\",\"target\":[\"https:\\\/\\\/gardeon.pl\\\/pl\\\/blog\\\/gardeon-w-sniadaniu-z-nova-konstrukcje-modulowe-jako-inteligentny-wybor-dla-nowoczesnego-mieszkania\\\/#respond\"]}]},{\"@type\":\"WebPage\",\"@id\":\"https:\\\/\\\/gardeon.pl\\\/pl\\\/blog\\\/gardeon-w-sniadaniu-z-nova-konstrukcje-modulowe-jako-inteligentny-wybor-dla-nowoczesnego-mieszkania\\\/\",\"url\":\"https:\\\/\\\/gardeon.pl\\\/pl\\\/blog\\\/gardeon-w-sniadaniu-z-nova-konstrukcje-modulowe-jako-inteligentny-wybor-dla-nowoczesnego-mieszkania\\\/\",\"name\":\"GARDEON w \u201e\u015aniadaniu z Nov\u0105\u201d: konstrukcje modu\u0142owe jako inteligentny wyb\u00f3r dla nowoczesnego mieszkania - GARDEON\",\"isPartOf\":{\"@id\":\"https:\\\/\\\/gardeon.pl\\\/#website\"},\"primaryImageOfPage\":{\"@id\":\"https:\\\/\\\/gardeon.pl\\\/pl\\\/blog\\\/gardeon-w-sniadaniu-z-nova-konstrukcje-modulowe-jako-inteligentny-wybor-dla-nowoczesnego-mieszkania\\\/#primaryimage\"},\"image\":{\"@id\":\"https:\\\/\\\/gardeon.pl\\\/pl\\\/blog\\\/gardeon-w-sniadaniu-z-nova-konstrukcje-modulowe-jako-inteligentny-wybor-dla-nowoczesnego-mieszkania\\\/#primaryimage\"},\"thumbnailUrl\":\"https:\\\/\\\/gardeon.pl\\\/wp-content\\\/uploads\\\/2025\\\/04\\\/pxl-20250402-074646338-scaled.jpg\",\"datePublished\":\"2026-04-23T13:37:26+00:00\",\"dateModified\":\"2026-04-23T16:54:30+00:00\",\"author\":{\"@id\":\"https:\\\/\\\/gardeon.pl\\\/#\\\/schema\\\/person\\\/00d099a52363b8bb3ff52351f7eeea91\"},\"breadcrumb\":{\"@id\":\"https:\\\/\\\/gardeon.pl\\\/pl\\\/blog\\\/gardeon-w-sniadaniu-z-nova-konstrukcje-modulowe-jako-inteligentny-wybor-dla-nowoczesnego-mieszkania\\\/#breadcrumb\"},\"inLanguage\":\"pl-PL\",\"potentialAction\":[{\"@type\":\"ReadAction\",\"target\":[\"https:\\\/\\\/gardeon.pl\\\/pl\\\/blog\\\/gardeon-w-sniadaniu-z-nova-konstrukcje-modulowe-jako-inteligentny-wybor-dla-nowoczesnego-mieszkania\\\/\"]}]},{\"@type\":\"ImageObject\",\"inLanguage\":\"pl-PL\",\"@id\":\"https:\\\/\\\/gardeon.pl\\\/pl\\\/blog\\\/gardeon-w-sniadaniu-z-nova-konstrukcje-modulowe-jako-inteligentny-wybor-dla-nowoczesnego-mieszkania\\\/#primaryimage\",\"url\":\"https:\\\/\\\/gardeon.pl\\\/wp-content\\\/uploads\\\/2025\\\/04\\\/pxl-20250402-074646338-scaled.jpg\",\"contentUrl\":\"https:\\\/\\\/gardeon.pl\\\/wp-content\\\/uploads\\\/2025\\\/04\\\/pxl-20250402-074646338-scaled.jpg\",\"width\":2560,\"height\":1920,\"caption\":\"Gardeon w \u201e\u015aniadaniu z Nov\u0105\u201d\"},{\"@type\":\"BreadcrumbList\",\"@id\":\"https:\\\/\\\/gardeon.pl\\\/pl\\\/blog\\\/gardeon-w-sniadaniu-z-nova-konstrukcje-modulowe-jako-inteligentny-wybor-dla-nowoczesnego-mieszkania\\\/#breadcrumb\",\"itemListElement\":[{\"@type\":\"ListItem\",\"position\":1,\"name\":\"Domov\",\"item\":\"https:\\\/\\\/gardeon.pl\\\/pl\\\/\"},{\"@type\":\"ListItem\",\"position\":2,\"name\":\"GARDEON w \u201e\u015aniadaniu z Nov\u0105\u201d: konstrukcje modu\u0142owe jako inteligentny wyb\u00f3r dla nowoczesnego mieszkania\"}]},{\"@type\":\"WebSite\",\"@id\":\"https:\\\/\\\/gardeon.pl\\\/#website\",\"url\":\"https:\\\/\\\/gardeon.pl\\\/\",\"name\":\"GARDEON\",\"description\":\"\",\"potentialAction\":[{\"@type\":\"SearchAction\",\"target\":{\"@type\":\"EntryPoint\",\"urlTemplate\":\"https:\\\/\\\/gardeon.pl\\\/?s={search_term_string}\"},\"query-input\":{\"@type\":\"PropertyValueSpecification\",\"valueRequired\":true,\"valueName\":\"search_term_string\"}}],\"inLanguage\":\"pl-PL\"},{\"@type\":\"Person\",\"@id\":\"https:\\\/\\\/gardeon.pl\\\/#\\\/schema\\\/person\\\/00d099a52363b8bb3ff52351f7eeea91\",\"name\":\"Anna Kada\u0148kov\u00e1\",\"image\":{\"@type\":\"ImageObject\",\"inLanguage\":\"pl-PL\",\"@id\":\"https:\\\/\\\/secure.gravatar.com\\\/avatar\\\/aa7a4289dde3ff1e0d5f5b4821717ff0b27e5b6919cb4e04d60f9b2c342f181e?s=96&d=mm&r=g\",\"url\":\"https:\\\/\\\/secure.gravatar.com\\\/avatar\\\/aa7a4289dde3ff1e0d5f5b4821717ff0b27e5b6919cb4e04d60f9b2c342f181e?s=96&d=mm&r=g\",\"contentUrl\":\"https:\\\/\\\/secure.gravatar.com\\\/avatar\\\/aa7a4289dde3ff1e0d5f5b4821717ff0b27e5b6919cb4e04d60f9b2c342f181e?s=96&d=mm&r=g\",\"caption\":\"Anna Kada\u0148kov\u00e1\"}}]}<\/script>\n<!-- \/ Yoast SEO plugin. -->","yoast_head_json":{"title":"GARDEON w \u201e\u015aniadaniu z Nov\u0105\u201d: konstrukcje modu\u0142owe jako inteligentny wyb\u00f3r dla nowoczesnego mieszkania - GARDEON","robots":{"index":"index","follow":"follow","max-snippet":"max-snippet:-1","max-image-preview":"max-image-preview:large","max-video-preview":"max-video-preview:-1"},"canonical":"https:\/\/gardeon.pl\/pl\/blog\/gardeon-w-sniadaniu-z-nova-konstrukcje-modulowe-jako-inteligentny-wybor-dla-nowoczesnego-mieszkania\/","og_locale":"pl_PL","og_type":"article","og_title":"GARDEON w \u201e\u015aniadaniu z Nov\u0105\u201d: konstrukcje modu\u0142owe jako inteligentny wyb\u00f3r dla nowoczesnego mieszkania - GARDEON","og_description":"Szybko\u015b\u0107, jako\u015b\u0107, styl \u2013 dok\u0142adnie o tym m\u00f3wiono na antenie popularnego porannego programu \u201e\u015aniadanie z Nov\u0105\u201d, w kt\u00f3rym zaprezentowa\u0142a si\u0119 firma GARDEON. Tematem by\u0142y konstrukcje modu\u0142owe, kt\u00f3re zyskuj\u0105 coraz wi\u0119ksz\u0105 popularno\u015b\u0107 w ca\u0142ych Czechach i na S\u0142owacji \u2013 a GARDEON wyznacza kierunek w tej bran\u017cy.","og_url":"https:\/\/gardeon.pl\/pl\/blog\/gardeon-w-sniadaniu-z-nova-konstrukcje-modulowe-jako-inteligentny-wybor-dla-nowoczesnego-mieszkania\/","og_site_name":"GARDEON","article_published_time":"2026-04-23T13:37:26+00:00","article_modified_time":"2026-04-23T16:54:30+00:00","og_image":[{"width":2560,"height":1920,"url":"http:\/\/gardeon.pl\/wp-content\/uploads\/2025\/04\/pxl-20250402-074646338-scaled.jpg","type":"image\/jpeg"}],"author":"Anna Kada\u0148kov\u00e1","twitter_card":"summary_large_image","twitter_misc":{"Napisane przez":"Anna Kada\u0148kov\u00e1"},"schema":{"@context":"https:\/\/schema.org","@graph":[{"@type":"Article","@id":"https:\/\/gardeon.pl\/pl\/blog\/gardeon-w-sniadaniu-z-nova-konstrukcje-modulowe-jako-inteligentny-wybor-dla-nowoczesnego-mieszkania\/#article","isPartOf":{"@id":"https:\/\/gardeon.pl\/pl\/blog\/gardeon-w-sniadaniu-z-nova-konstrukcje-modulowe-jako-inteligentny-wybor-dla-nowoczesnego-mieszkania\/"},"author":{"name":"Anna Kada\u0148kov\u00e1","@id":"https:\/\/gardeon.pl\/#\/schema\/person\/00d099a52363b8bb3ff52351f7eeea91"},"headline":"GARDEON w \u201e\u015aniadaniu z Nov\u0105\u201d: konstrukcje modu\u0142owe jako inteligentny wyb\u00f3r dla nowoczesnego mieszkania","datePublished":"2026-04-23T13:37:26+00:00","dateModified":"2026-04-23T16:54:30+00:00","mainEntityOfPage":{"@id":"https:\/\/gardeon.pl\/pl\/blog\/gardeon-w-sniadaniu-z-nova-konstrukcje-modulowe-jako-inteligentny-wybor-dla-nowoczesnego-mieszkania\/"},"wordCount":69,"commentCount":0,"image":{"@id":"https:\/\/gardeon.pl\/pl\/blog\/gardeon-w-sniadaniu-z-nova-konstrukcje-modulowe-jako-inteligentny-wybor-dla-nowoczesnego-mieszkania\/#primaryimage"},"thumbnailUrl":"https:\/\/gardeon.pl\/wp-content\/uploads\/2025\/04\/pxl-20250402-074646338-scaled.jpg","articleSection":["Aktualno\u015bci"],"inLanguage":"pl-PL","potentialAction":[{"@type":"CommentAction","name":"Comment","target":["https:\/\/gardeon.pl\/pl\/blog\/gardeon-w-sniadaniu-z-nova-konstrukcje-modulowe-jako-inteligentny-wybor-dla-nowoczesnego-mieszkania\/#respond"]}]},{"@type":"WebPage","@id":"https:\/\/gardeon.pl\/pl\/blog\/gardeon-w-sniadaniu-z-nova-konstrukcje-modulowe-jako-inteligentny-wybor-dla-nowoczesnego-mieszkania\/","url":"https:\/\/gardeon.pl\/pl\/blog\/gardeon-w-sniadaniu-z-nova-konstrukcje-modulowe-jako-inteligentny-wybor-dla-nowoczesnego-mieszkania\/","name":"GARDEON w \u201e\u015aniadaniu z Nov\u0105\u201d: konstrukcje modu\u0142owe jako inteligentny wyb\u00f3r dla nowoczesnego mieszkania - GARDEON","isPartOf":{"@id":"https:\/\/gardeon.pl\/#website"},"primaryImageOfPage":{"@id":"https:\/\/gardeon.pl\/pl\/blog\/gardeon-w-sniadaniu-z-nova-konstrukcje-modulowe-jako-inteligentny-wybor-dla-nowoczesnego-mieszkania\/#primaryimage"},"image":{"@id":"https:\/\/gardeon.pl\/pl\/blog\/gardeon-w-sniadaniu-z-nova-konstrukcje-modulowe-jako-inteligentny-wybor-dla-nowoczesnego-mieszkania\/#primaryimage"},"thumbnailUrl":"https:\/\/gardeon.pl\/wp-content\/uploads\/2025\/04\/pxl-20250402-074646338-scaled.jpg","datePublished":"2026-04-23T13:37:26+00:00","dateModified":"2026-04-23T16:54:30+00:00","author":{"@id":"https:\/\/gardeon.pl\/#\/schema\/person\/00d099a52363b8bb3ff52351f7eeea91"},"breadcrumb":{"@id":"https:\/\/gardeon.pl\/pl\/blog\/gardeon-w-sniadaniu-z-nova-konstrukcje-modulowe-jako-inteligentny-wybor-dla-nowoczesnego-mieszkania\/#breadcrumb"},"inLanguage":"pl-PL","potentialAction":[{"@type":"ReadAction","target":["https:\/\/gardeon.pl\/pl\/blog\/gardeon-w-sniadaniu-z-nova-konstrukcje-modulowe-jako-inteligentny-wybor-dla-nowoczesnego-mieszkania\/"]}]},{"@type":"ImageObject","inLanguage":"pl-PL","@id":"https:\/\/gardeon.pl\/pl\/blog\/gardeon-w-sniadaniu-z-nova-konstrukcje-modulowe-jako-inteligentny-wybor-dla-nowoczesnego-mieszkania\/#primaryimage","url":"https:\/\/gardeon.pl\/wp-content\/uploads\/2025\/04\/pxl-20250402-074646338-scaled.jpg","contentUrl":"https:\/\/gardeon.pl\/wp-content\/uploads\/2025\/04\/pxl-20250402-074646338-scaled.jpg","width":2560,"height":1920,"caption":"Gardeon w \u201e\u015aniadaniu z Nov\u0105\u201d"},{"@type":"BreadcrumbList","@id":"https:\/\/gardeon.pl\/pl\/blog\/gardeon-w-sniadaniu-z-nova-konstrukcje-modulowe-jako-inteligentny-wybor-dla-nowoczesnego-mieszkania\/#breadcrumb","itemListElement":[{"@type":"ListItem","position":1,"name":"Domov","item":"https:\/\/gardeon.pl\/pl\/"},{"@type":"ListItem","position":2,"name":"GARDEON w \u201e\u015aniadaniu z Nov\u0105\u201d: konstrukcje modu\u0142owe jako inteligentny wyb\u00f3r dla nowoczesnego mieszkania"}]},{"@type":"WebSite","@id":"https:\/\/gardeon.pl\/#website","url":"https:\/\/gardeon.pl\/","name":"GARDEON","description":"","potentialAction":[{"@type":"SearchAction","target":{"@type":"EntryPoint","urlTemplate":"https:\/\/gardeon.pl\/?s={search_term_string}"},"query-input":{"@type":"PropertyValueSpecification","valueRequired":true,"valueName":"search_term_string"}}],"inLanguage":"pl-PL"},{"@type":"Person","@id":"https:\/\/gardeon.pl\/#\/schema\/person\/00d099a52363b8bb3ff52351f7eeea91","name":"Anna Kada\u0148kov\u00e1","image":{"@type":"ImageObject","inLanguage":"pl-PL","@id":"https:\/\/secure.gravatar.com\/avatar\/aa7a4289dde3ff1e0d5f5b4821717ff0b27e5b6919cb4e04d60f9b2c342f181e?s=96&d=mm&r=g","url":"https:\/\/secure.gravatar.com\/avatar\/aa7a4289dde3ff1e0d5f5b4821717ff0b27e5b6919cb4e04d60f9b2c342f181e?s=96&d=mm&r=g","contentUrl":"https:\/\/secure.gravatar.com\/avatar\/aa7a4289dde3ff1e0d5f5b4821717ff0b27e5b6919cb4e04d60f9b2c342f181e?s=96&d=mm&r=g","caption":"Anna Kada\u0148kov\u00e1"}}]}},"_links":{"self":[{"href":"https:\/\/gardeon.pl\/pl\/wp-json\/wp\/v2\/posts\/41932","targetHints":{"allow":["GET"]}}],"collection":[{"href":"https:\/\/gardeon.pl\/pl\/wp-json\/wp\/v2\/posts"}],"about":[{"href":"https:\/\/gardeon.pl\/pl\/wp-json\/wp\/v2\/types\/post"}],"author":[{"embeddable":true,"href":"https:\/\/gardeon.pl\/pl\/wp-json\/wp\/v2\/users\/13"}],"replies":[{"embeddable":true,"href":"https:\/\/gardeon.pl\/pl\/wp-json\/wp\/v2\/comments?post=41932"}],"version-history":[{"count":0,"href":"https:\/\/gardeon.pl\/pl\/wp-json\/wp\/v2\/posts\/41932\/revisions"}],"wp:featuredmedia":[{"embeddable":true,"href":"https:\/\/gardeon.pl\/pl\/wp-json\/wp\/v2\/media\/41936"}],"wp:attachment":[{"href":"https:\/\/gardeon.pl\/pl\/wp-json\/wp\/v2\/media?parent=41932"}],"wp:term":[{"taxonomy":"category","embeddable":true,"href":"https:\/\/gardeon.pl\/pl\/wp-json\/wp\/v2\/categories?post=41932"},{"taxonomy":"post_tag","embeddable":true,"href":"https:\/\/gardeon.pl\/pl\/wp-json\/wp\/v2\/tags?post=41932"}],"curies":[{"name":"wp","href":"https:\/\/api.w.org\/{rel}","templated":true}]}}