{"id":41938,"date":"2026-04-23T15:37:28","date_gmt":"2026-04-23T13:37:28","guid":{"rendered":"https:\/\/gardeon.pl\/blog\/to-potwierdzone-gardeon-nalezy-do-europejskiej-czolowki-nasza-rodzinna-firma-juz-po-raz-trzeci-odniosla-sukces-w-prestizowym-rankingu-najszybciej-rozwijajacych-sie-firm-w-europie\/"},"modified":"2026-04-23T18:54:30","modified_gmt":"2026-04-23T16:54:30","slug":"to-potwierdzone-gardeon-nalezy-do-europejskiej-czolowki-nasza-rodzinna-firma-juz-po-raz-trzeci-odniosla-sukces-w-prestizowym-rankingu-najszybciej-rozwijajacych-sie-firm-w-europie","status":"publish","type":"post","link":"https:\/\/gardeon.pl\/pl\/blog\/to-potwierdzone-gardeon-nalezy-do-europejskiej-czolowki-nasza-rodzinna-firma-juz-po-raz-trzeci-odniosla-sukces-w-prestizowym-rankingu-najszybciej-rozwijajacych-sie-firm-w-europie\/","title":{"rendered":"To potwierdzone \u2013 GARDEON nale\u017cy do europejskiej czo\u0142\u00f3wki! Nasza rodzinna firma ju\u017c po raz trzeci odnios\u0142a sukces w presti\u017cowym rankingu najszybciej rozwijaj\u0105cych si\u0119 firm w Europie."},"content":{"rendered":"<p><em><strong>W cenionym FT1000, czyli rankingu 1000 najszybciej rozwijaj\u0105cych si\u0119 firm w Europie, kt\u00f3ry regularnie przygotowuje brytyjski dziennik Financial Times we wsp\u00f3\u0142pracy z firm\u0105 analityczn\u0105 Statista, w 2025 roku dzi\u0119ki GARDEON-owi S\u0142owacja r\u00f3wnie\u017c ma swojego przedstawiciela. A nasz tegoroczny sukces jest tym cenniejszy, \u017ce nasza ma\u0142a rodzinna firma ju\u017c trzeci rok z rz\u0119du znalaz\u0142a si\u0119 w europejskiej czo\u0142\u00f3wce.<\/strong><\/em><!--more--><\/p>\n<p>Ranking najszybciej rozwijaj\u0105cych si\u0119 firm w Europie FT1000 jest co roku przygotowywany przez brytyjski dziennik Financial Times (FT), koncentruj\u0105cy si\u0119 na tematyce biznesowej i ekonomicznej, we wsp\u00f3\u0142pracy z niemieck\u0105 firm\u0105 badawcz\u0105 Statista. W 2025 roku ju\u017c po raz dziewi\u0105ty zaprezentowano tysi\u0105c przyk\u0142ad\u00f3w znakomitych wynik\u00f3w biznesowych firm z ca\u0142ego kontynentu. W\u015br\u00f3d historii o rozwoju biznesu w wymagaj\u0105cym okresie gospodarczym nie zabrak\u0142o r\u00f3wnie\u017c GARDEON-u.<\/p>\n","protected":false},"excerpt":{"rendered":"<p>W cenionym FT1000, czyli rankingu 1000 najszybciej rozwijaj\u0105cych si\u0119 firm w Europie, kt\u00f3ry regularnie przygotowuje brytyjski dziennik Financial Times we wsp\u00f3\u0142pracy z firm\u0105 analityczn\u0105 Statista, w 2025 roku dzi\u0119ki GARDEON-owi S\u0142owacja r\u00f3wnie\u017c ma swojego przedstawiciela. A nasz tegoroczny sukces jest tym cenniejszy, \u017ce nasza ma\u0142a rodzinna firma ju\u017c trzeci rok z rz\u0119du znalaz\u0142a si\u0119 w [&hellip;]<\/p>\n","protected":false},"author":12,"featured_media":41942,"comment_status":"open","ping_status":"open","sticky":false,"template":"","format":"standard","meta":{"_acf_changed":false,"inline_featured_image":false,"footnotes":""},"categories":[593],"tags":[579,604],"class_list":["post-41938","post","type-post","status-publish","format-standard","has-post-thumbnail","hentry","category-aktualnosci","tag-gardeon","tag-top-1000-najszybciej-rozwijajacych-sie-firm"],"acf":[],"yoast_head":"<!-- This site is optimized with the Yoast SEO plugin v27.4 - https:\/\/yoast.com\/product\/yoast-seo-wordpress\/ -->\n<title>To potwierdzone \u2013 GARDEON nale\u017cy do europejskiej czo\u0142\u00f3wki! Nasza rodzinna firma ju\u017c po raz trzeci odnios\u0142a sukces w presti\u017cowym rankingu najszybciej rozwijaj\u0105cych si\u0119 firm w Europie. | GARDEON<\/title>\n<meta name=\"robots\" content=\"index, follow, max-snippet:-1, max-image-preview:large, max-video-preview:-1\" \/>\n<link rel=\"canonical\" href=\"https:\/\/gardeon.pl\/pl\/blog\/to-potwierdzone-gardeon-nalezy-do-europejskiej-czolowki-nasza-rodzinna-firma-juz-po-raz-trzeci-odniosla-sukces-w-prestizowym-rankingu-najszybciej-rozwijajacych-sie-firm-w-europie\/\" \/>\n<meta property=\"og:locale\" content=\"pl_PL\" \/>\n<meta property=\"og:type\" content=\"article\" \/>\n<meta property=\"og:title\" content=\"To potwierdzone \u2013 GARDEON nale\u017cy do europejskiej czo\u0142\u00f3wki! Nasza rodzinna firma ju\u017c po raz trzeci odnios\u0142a sukces w presti\u017cowym rankingu najszybciej rozwijaj\u0105cych si\u0119 firm w Europie. | GARDEON\" \/>\n<meta property=\"og:description\" content=\"W cenionym FT1000, czyli rankingu 1000 najszybciej rozwijaj\u0105cych si\u0119 firm w Europie, kt\u00f3ry regularnie przygotowuje brytyjski dziennik Financial Times we wsp\u00f3\u0142pracy z firm\u0105 analityczn\u0105 Statista, w 2025 roku dzi\u0119ki GARDEON-owi S\u0142owacja r\u00f3wnie\u017c ma swojego przedstawiciela. A nasz tegoroczny sukces jest tym cenniejszy, \u017ce nasza ma\u0142a rodzinna firma ju\u017c trzeci rok z rz\u0119du znalaz\u0142a si\u0119 w [&hellip;]\" \/>\n<meta property=\"og:url\" content=\"https:\/\/gardeon.pl\/pl\/blog\/to-potwierdzone-gardeon-nalezy-do-europejskiej-czolowki-nasza-rodzinna-firma-juz-po-raz-trzeci-odniosla-sukces-w-prestizowym-rankingu-najszybciej-rozwijajacych-sie-firm-w-europie\/\" \/>\n<meta property=\"og:site_name\" content=\"GARDEON\" \/>\n<meta property=\"article:published_time\" content=\"2026-04-23T13:37:28+00:00\" \/>\n<meta property=\"article:modified_time\" content=\"2026-04-23T16:54:30+00:00\" \/>\n<meta property=\"og:image\" content=\"http:\/\/gardeon.pl\/wp-content\/uploads\/2025\/03\/snimka-obrazovky-2025-03-12-o-132828-1.png\" \/>\n\t<meta property=\"og:image:width\" content=\"1436\" \/>\n\t<meta property=\"og:image:height\" content=\"1180\" \/>\n\t<meta property=\"og:image:type\" content=\"image\/png\" \/>\n<meta name=\"author\" content=\"Kvetka \u0160imov\u00e1\" \/>\n<meta name=\"twitter:card\" content=\"summary_large_image\" \/>\n<meta name=\"twitter:label1\" content=\"Napisane przez\" \/>\n\t<meta name=\"twitter:data1\" content=\"Kvetka \u0160imov\u00e1\" \/>\n\t<meta name=\"twitter:label2\" content=\"Szacowany czas czytania\" \/>\n\t<meta name=\"twitter:data2\" content=\"1 minuta\" \/>\n<script type=\"application\/ld+json\" class=\"yoast-schema-graph\">{\"@context\":\"https:\\\/\\\/schema.org\",\"@graph\":[{\"@type\":\"Article\",\"@id\":\"https:\\\/\\\/gardeon.pl\\\/pl\\\/blog\\\/to-potwierdzone-gardeon-nalezy-do-europejskiej-czolowki-nasza-rodzinna-firma-juz-po-raz-trzeci-odniosla-sukces-w-prestizowym-rankingu-najszybciej-rozwijajacych-sie-firm-w-europie\\\/#article\",\"isPartOf\":{\"@id\":\"https:\\\/\\\/gardeon.pl\\\/pl\\\/blog\\\/to-potwierdzone-gardeon-nalezy-do-europejskiej-czolowki-nasza-rodzinna-firma-juz-po-raz-trzeci-odniosla-sukces-w-prestizowym-rankingu-najszybciej-rozwijajacych-sie-firm-w-europie\\\/\"},\"author\":{\"name\":\"Kvetka \u0160imov\u00e1\",\"@id\":\"https:\\\/\\\/gardeon.pl\\\/#\\\/schema\\\/person\\\/f6d94df9516fedce3fa609ac43525d20\"},\"headline\":\"To potwierdzone \u2013 GARDEON nale\u017cy do europejskiej czo\u0142\u00f3wki! Nasza rodzinna firma ju\u017c po raz trzeci odnios\u0142a sukces w presti\u017cowym rankingu najszybciej rozwijaj\u0105cych si\u0119 firm w Europie.\",\"datePublished\":\"2026-04-23T13:37:28+00:00\",\"dateModified\":\"2026-04-23T16:54:30+00:00\",\"mainEntityOfPage\":{\"@id\":\"https:\\\/\\\/gardeon.pl\\\/pl\\\/blog\\\/to-potwierdzone-gardeon-nalezy-do-europejskiej-czolowki-nasza-rodzinna-firma-juz-po-raz-trzeci-odniosla-sukces-w-prestizowym-rankingu-najszybciej-rozwijajacych-sie-firm-w-europie\\\/\"},\"wordCount\":170,\"commentCount\":0,\"image\":{\"@id\":\"https:\\\/\\\/gardeon.pl\\\/pl\\\/blog\\\/to-potwierdzone-gardeon-nalezy-do-europejskiej-czolowki-nasza-rodzinna-firma-juz-po-raz-trzeci-odniosla-sukces-w-prestizowym-rankingu-najszybciej-rozwijajacych-sie-firm-w-europie\\\/#primaryimage\"},\"thumbnailUrl\":\"https:\\\/\\\/gardeon.pl\\\/wp-content\\\/uploads\\\/2025\\\/03\\\/snimka-obrazovky-2025-03-12-o-132828-1.png\",\"keywords\":[\"GARDEON\",\"TOP 1000 najszybciej rozwijaj\u0105cych si\u0119 firm\"],\"articleSection\":[\"Aktualno\u015bci\"],\"inLanguage\":\"pl-PL\",\"potentialAction\":[{\"@type\":\"CommentAction\",\"name\":\"Comment\",\"target\":[\"https:\\\/\\\/gardeon.pl\\\/pl\\\/blog\\\/to-potwierdzone-gardeon-nalezy-do-europejskiej-czolowki-nasza-rodzinna-firma-juz-po-raz-trzeci-odniosla-sukces-w-prestizowym-rankingu-najszybciej-rozwijajacych-sie-firm-w-europie\\\/#respond\"]}]},{\"@type\":\"WebPage\",\"@id\":\"https:\\\/\\\/gardeon.pl\\\/pl\\\/blog\\\/to-potwierdzone-gardeon-nalezy-do-europejskiej-czolowki-nasza-rodzinna-firma-juz-po-raz-trzeci-odniosla-sukces-w-prestizowym-rankingu-najszybciej-rozwijajacych-sie-firm-w-europie\\\/\",\"url\":\"https:\\\/\\\/gardeon.pl\\\/pl\\\/blog\\\/to-potwierdzone-gardeon-nalezy-do-europejskiej-czolowki-nasza-rodzinna-firma-juz-po-raz-trzeci-odniosla-sukces-w-prestizowym-rankingu-najszybciej-rozwijajacych-sie-firm-w-europie\\\/\",\"name\":\"To potwierdzone \u2013 GARDEON nale\u017cy do europejskiej czo\u0142\u00f3wki! Nasza rodzinna firma ju\u017c po raz trzeci odnios\u0142a sukces w presti\u017cowym rankingu najszybciej rozwijaj\u0105cych si\u0119 firm w Europie. | GARDEON\",\"isPartOf\":{\"@id\":\"https:\\\/\\\/gardeon.pl\\\/#website\"},\"primaryImageOfPage\":{\"@id\":\"https:\\\/\\\/gardeon.pl\\\/pl\\\/blog\\\/to-potwierdzone-gardeon-nalezy-do-europejskiej-czolowki-nasza-rodzinna-firma-juz-po-raz-trzeci-odniosla-sukces-w-prestizowym-rankingu-najszybciej-rozwijajacych-sie-firm-w-europie\\\/#primaryimage\"},\"image\":{\"@id\":\"https:\\\/\\\/gardeon.pl\\\/pl\\\/blog\\\/to-potwierdzone-gardeon-nalezy-do-europejskiej-czolowki-nasza-rodzinna-firma-juz-po-raz-trzeci-odniosla-sukces-w-prestizowym-rankingu-najszybciej-rozwijajacych-sie-firm-w-europie\\\/#primaryimage\"},\"thumbnailUrl\":\"https:\\\/\\\/gardeon.pl\\\/wp-content\\\/uploads\\\/2025\\\/03\\\/snimka-obrazovky-2025-03-12-o-132828-1.png\",\"datePublished\":\"2026-04-23T13:37:28+00:00\",\"dateModified\":\"2026-04-23T16:54:30+00:00\",\"author\":{\"@id\":\"https:\\\/\\\/gardeon.pl\\\/#\\\/schema\\\/person\\\/f6d94df9516fedce3fa609ac43525d20\"},\"breadcrumb\":{\"@id\":\"https:\\\/\\\/gardeon.pl\\\/pl\\\/blog\\\/to-potwierdzone-gardeon-nalezy-do-europejskiej-czolowki-nasza-rodzinna-firma-juz-po-raz-trzeci-odniosla-sukces-w-prestizowym-rankingu-najszybciej-rozwijajacych-sie-firm-w-europie\\\/#breadcrumb\"},\"inLanguage\":\"pl-PL\",\"potentialAction\":[{\"@type\":\"ReadAction\",\"target\":[\"https:\\\/\\\/gardeon.pl\\\/pl\\\/blog\\\/to-potwierdzone-gardeon-nalezy-do-europejskiej-czolowki-nasza-rodzinna-firma-juz-po-raz-trzeci-odniosla-sukces-w-prestizowym-rankingu-najszybciej-rozwijajacych-sie-firm-w-europie\\\/\"]}]},{\"@type\":\"ImageObject\",\"inLanguage\":\"pl-PL\",\"@id\":\"https:\\\/\\\/gardeon.pl\\\/pl\\\/blog\\\/to-potwierdzone-gardeon-nalezy-do-europejskiej-czolowki-nasza-rodzinna-firma-juz-po-raz-trzeci-odniosla-sukces-w-prestizowym-rankingu-najszybciej-rozwijajacych-sie-firm-w-europie\\\/#primaryimage\",\"url\":\"https:\\\/\\\/gardeon.pl\\\/wp-content\\\/uploads\\\/2025\\\/03\\\/snimka-obrazovky-2025-03-12-o-132828-1.png\",\"contentUrl\":\"https:\\\/\\\/gardeon.pl\\\/wp-content\\\/uploads\\\/2025\\\/03\\\/snimka-obrazovky-2025-03-12-o-132828-1.png\",\"width\":1436,\"height\":1180,\"caption\":\"Ranking 1000 najszybciej rozwijaj\u0105cych si\u0119 firm w Europie.\"},{\"@type\":\"BreadcrumbList\",\"@id\":\"https:\\\/\\\/gardeon.pl\\\/pl\\\/blog\\\/to-potwierdzone-gardeon-nalezy-do-europejskiej-czolowki-nasza-rodzinna-firma-juz-po-raz-trzeci-odniosla-sukces-w-prestizowym-rankingu-najszybciej-rozwijajacych-sie-firm-w-europie\\\/#breadcrumb\",\"itemListElement\":[{\"@type\":\"ListItem\",\"position\":1,\"name\":\"Domov\",\"item\":\"https:\\\/\\\/gardeon.pl\\\/pl\\\/\"},{\"@type\":\"ListItem\",\"position\":2,\"name\":\"To potwierdzone \u2013 GARDEON nale\u017cy do europejskiej czo\u0142\u00f3wki! Nasza rodzinna firma ju\u017c po raz trzeci odnios\u0142a sukces w presti\u017cowym rankingu najszybciej rozwijaj\u0105cych si\u0119 firm w Europie.\"}]},{\"@type\":\"WebSite\",\"@id\":\"https:\\\/\\\/gardeon.pl\\\/#website\",\"url\":\"https:\\\/\\\/gardeon.pl\\\/\",\"name\":\"GARDEON\",\"description\":\"\",\"potentialAction\":[{\"@type\":\"SearchAction\",\"target\":{\"@type\":\"EntryPoint\",\"urlTemplate\":\"https:\\\/\\\/gardeon.pl\\\/?s={search_term_string}\"},\"query-input\":{\"@type\":\"PropertyValueSpecification\",\"valueRequired\":true,\"valueName\":\"search_term_string\"}}],\"inLanguage\":\"pl-PL\"},{\"@type\":\"Person\",\"@id\":\"https:\\\/\\\/gardeon.pl\\\/#\\\/schema\\\/person\\\/f6d94df9516fedce3fa609ac43525d20\",\"name\":\"Kvetka \u0160imov\u00e1\",\"image\":{\"@type\":\"ImageObject\",\"inLanguage\":\"pl-PL\",\"@id\":\"https:\\\/\\\/secure.gravatar.com\\\/avatar\\\/71eb0eb611cac56028661df8b2319ffadd0a09ef298614d8dcfc22c510ba744d?s=96&d=mm&r=g\",\"url\":\"https:\\\/\\\/secure.gravatar.com\\\/avatar\\\/71eb0eb611cac56028661df8b2319ffadd0a09ef298614d8dcfc22c510ba744d?s=96&d=mm&r=g\",\"contentUrl\":\"https:\\\/\\\/secure.gravatar.com\\\/avatar\\\/71eb0eb611cac56028661df8b2319ffadd0a09ef298614d8dcfc22c510ba744d?s=96&d=mm&r=g\",\"caption\":\"Kvetka \u0160imov\u00e1\"}}]}<\/script>\n<!-- \/ Yoast SEO plugin. -->","yoast_head_json":{"title":"To potwierdzone \u2013 GARDEON nale\u017cy do europejskiej czo\u0142\u00f3wki! Nasza rodzinna firma ju\u017c po raz trzeci odnios\u0142a sukces w presti\u017cowym rankingu najszybciej rozwijaj\u0105cych si\u0119 firm w Europie. | GARDEON","robots":{"index":"index","follow":"follow","max-snippet":"max-snippet:-1","max-image-preview":"max-image-preview:large","max-video-preview":"max-video-preview:-1"},"canonical":"https:\/\/gardeon.pl\/pl\/blog\/to-potwierdzone-gardeon-nalezy-do-europejskiej-czolowki-nasza-rodzinna-firma-juz-po-raz-trzeci-odniosla-sukces-w-prestizowym-rankingu-najszybciej-rozwijajacych-sie-firm-w-europie\/","og_locale":"pl_PL","og_type":"article","og_title":"To potwierdzone \u2013 GARDEON nale\u017cy do europejskiej czo\u0142\u00f3wki! Nasza rodzinna firma ju\u017c po raz trzeci odnios\u0142a sukces w presti\u017cowym rankingu najszybciej rozwijaj\u0105cych si\u0119 firm w Europie. | GARDEON","og_description":"W cenionym FT1000, czyli rankingu 1000 najszybciej rozwijaj\u0105cych si\u0119 firm w Europie, kt\u00f3ry regularnie przygotowuje brytyjski dziennik Financial Times we wsp\u00f3\u0142pracy z firm\u0105 analityczn\u0105 Statista, w 2025 roku dzi\u0119ki GARDEON-owi S\u0142owacja r\u00f3wnie\u017c ma swojego przedstawiciela. A nasz tegoroczny sukces jest tym cenniejszy, \u017ce nasza ma\u0142a rodzinna firma ju\u017c trzeci rok z rz\u0119du znalaz\u0142a si\u0119 w [&hellip;]","og_url":"https:\/\/gardeon.pl\/pl\/blog\/to-potwierdzone-gardeon-nalezy-do-europejskiej-czolowki-nasza-rodzinna-firma-juz-po-raz-trzeci-odniosla-sukces-w-prestizowym-rankingu-najszybciej-rozwijajacych-sie-firm-w-europie\/","og_site_name":"GARDEON","article_published_time":"2026-04-23T13:37:28+00:00","article_modified_time":"2026-04-23T16:54:30+00:00","og_image":[{"width":1436,"height":1180,"url":"http:\/\/gardeon.pl\/wp-content\/uploads\/2025\/03\/snimka-obrazovky-2025-03-12-o-132828-1.png","type":"image\/png"}],"author":"Kvetka \u0160imov\u00e1","twitter_card":"summary_large_image","twitter_misc":{"Napisane przez":"Kvetka \u0160imov\u00e1","Szacowany czas czytania":"1 minuta"},"schema":{"@context":"https:\/\/schema.org","@graph":[{"@type":"Article","@id":"https:\/\/gardeon.pl\/pl\/blog\/to-potwierdzone-gardeon-nalezy-do-europejskiej-czolowki-nasza-rodzinna-firma-juz-po-raz-trzeci-odniosla-sukces-w-prestizowym-rankingu-najszybciej-rozwijajacych-sie-firm-w-europie\/#article","isPartOf":{"@id":"https:\/\/gardeon.pl\/pl\/blog\/to-potwierdzone-gardeon-nalezy-do-europejskiej-czolowki-nasza-rodzinna-firma-juz-po-raz-trzeci-odniosla-sukces-w-prestizowym-rankingu-najszybciej-rozwijajacych-sie-firm-w-europie\/"},"author":{"name":"Kvetka \u0160imov\u00e1","@id":"https:\/\/gardeon.pl\/#\/schema\/person\/f6d94df9516fedce3fa609ac43525d20"},"headline":"To potwierdzone \u2013 GARDEON nale\u017cy do europejskiej czo\u0142\u00f3wki! Nasza rodzinna firma ju\u017c po raz trzeci odnios\u0142a sukces w presti\u017cowym rankingu najszybciej rozwijaj\u0105cych si\u0119 firm w Europie.","datePublished":"2026-04-23T13:37:28+00:00","dateModified":"2026-04-23T16:54:30+00:00","mainEntityOfPage":{"@id":"https:\/\/gardeon.pl\/pl\/blog\/to-potwierdzone-gardeon-nalezy-do-europejskiej-czolowki-nasza-rodzinna-firma-juz-po-raz-trzeci-odniosla-sukces-w-prestizowym-rankingu-najszybciej-rozwijajacych-sie-firm-w-europie\/"},"wordCount":170,"commentCount":0,"image":{"@id":"https:\/\/gardeon.pl\/pl\/blog\/to-potwierdzone-gardeon-nalezy-do-europejskiej-czolowki-nasza-rodzinna-firma-juz-po-raz-trzeci-odniosla-sukces-w-prestizowym-rankingu-najszybciej-rozwijajacych-sie-firm-w-europie\/#primaryimage"},"thumbnailUrl":"https:\/\/gardeon.pl\/wp-content\/uploads\/2025\/03\/snimka-obrazovky-2025-03-12-o-132828-1.png","keywords":["GARDEON","TOP 1000 najszybciej rozwijaj\u0105cych si\u0119 firm"],"articleSection":["Aktualno\u015bci"],"inLanguage":"pl-PL","potentialAction":[{"@type":"CommentAction","name":"Comment","target":["https:\/\/gardeon.pl\/pl\/blog\/to-potwierdzone-gardeon-nalezy-do-europejskiej-czolowki-nasza-rodzinna-firma-juz-po-raz-trzeci-odniosla-sukces-w-prestizowym-rankingu-najszybciej-rozwijajacych-sie-firm-w-europie\/#respond"]}]},{"@type":"WebPage","@id":"https:\/\/gardeon.pl\/pl\/blog\/to-potwierdzone-gardeon-nalezy-do-europejskiej-czolowki-nasza-rodzinna-firma-juz-po-raz-trzeci-odniosla-sukces-w-prestizowym-rankingu-najszybciej-rozwijajacych-sie-firm-w-europie\/","url":"https:\/\/gardeon.pl\/pl\/blog\/to-potwierdzone-gardeon-nalezy-do-europejskiej-czolowki-nasza-rodzinna-firma-juz-po-raz-trzeci-odniosla-sukces-w-prestizowym-rankingu-najszybciej-rozwijajacych-sie-firm-w-europie\/","name":"To potwierdzone \u2013 GARDEON nale\u017cy do europejskiej czo\u0142\u00f3wki! Nasza rodzinna firma ju\u017c po raz trzeci odnios\u0142a sukces w presti\u017cowym rankingu najszybciej rozwijaj\u0105cych si\u0119 firm w Europie. | GARDEON","isPartOf":{"@id":"https:\/\/gardeon.pl\/#website"},"primaryImageOfPage":{"@id":"https:\/\/gardeon.pl\/pl\/blog\/to-potwierdzone-gardeon-nalezy-do-europejskiej-czolowki-nasza-rodzinna-firma-juz-po-raz-trzeci-odniosla-sukces-w-prestizowym-rankingu-najszybciej-rozwijajacych-sie-firm-w-europie\/#primaryimage"},"image":{"@id":"https:\/\/gardeon.pl\/pl\/blog\/to-potwierdzone-gardeon-nalezy-do-europejskiej-czolowki-nasza-rodzinna-firma-juz-po-raz-trzeci-odniosla-sukces-w-prestizowym-rankingu-najszybciej-rozwijajacych-sie-firm-w-europie\/#primaryimage"},"thumbnailUrl":"https:\/\/gardeon.pl\/wp-content\/uploads\/2025\/03\/snimka-obrazovky-2025-03-12-o-132828-1.png","datePublished":"2026-04-23T13:37:28+00:00","dateModified":"2026-04-23T16:54:30+00:00","author":{"@id":"https:\/\/gardeon.pl\/#\/schema\/person\/f6d94df9516fedce3fa609ac43525d20"},"breadcrumb":{"@id":"https:\/\/gardeon.pl\/pl\/blog\/to-potwierdzone-gardeon-nalezy-do-europejskiej-czolowki-nasza-rodzinna-firma-juz-po-raz-trzeci-odniosla-sukces-w-prestizowym-rankingu-najszybciej-rozwijajacych-sie-firm-w-europie\/#breadcrumb"},"inLanguage":"pl-PL","potentialAction":[{"@type":"ReadAction","target":["https:\/\/gardeon.pl\/pl\/blog\/to-potwierdzone-gardeon-nalezy-do-europejskiej-czolowki-nasza-rodzinna-firma-juz-po-raz-trzeci-odniosla-sukces-w-prestizowym-rankingu-najszybciej-rozwijajacych-sie-firm-w-europie\/"]}]},{"@type":"ImageObject","inLanguage":"pl-PL","@id":"https:\/\/gardeon.pl\/pl\/blog\/to-potwierdzone-gardeon-nalezy-do-europejskiej-czolowki-nasza-rodzinna-firma-juz-po-raz-trzeci-odniosla-sukces-w-prestizowym-rankingu-najszybciej-rozwijajacych-sie-firm-w-europie\/#primaryimage","url":"https:\/\/gardeon.pl\/wp-content\/uploads\/2025\/03\/snimka-obrazovky-2025-03-12-o-132828-1.png","contentUrl":"https:\/\/gardeon.pl\/wp-content\/uploads\/2025\/03\/snimka-obrazovky-2025-03-12-o-132828-1.png","width":1436,"height":1180,"caption":"Ranking 1000 najszybciej rozwijaj\u0105cych si\u0119 firm w Europie."},{"@type":"BreadcrumbList","@id":"https:\/\/gardeon.pl\/pl\/blog\/to-potwierdzone-gardeon-nalezy-do-europejskiej-czolowki-nasza-rodzinna-firma-juz-po-raz-trzeci-odniosla-sukces-w-prestizowym-rankingu-najszybciej-rozwijajacych-sie-firm-w-europie\/#breadcrumb","itemListElement":[{"@type":"ListItem","position":1,"name":"Domov","item":"https:\/\/gardeon.pl\/pl\/"},{"@type":"ListItem","position":2,"name":"To potwierdzone \u2013 GARDEON nale\u017cy do europejskiej czo\u0142\u00f3wki! Nasza rodzinna firma ju\u017c po raz trzeci odnios\u0142a sukces w presti\u017cowym rankingu najszybciej rozwijaj\u0105cych si\u0119 firm w Europie."}]},{"@type":"WebSite","@id":"https:\/\/gardeon.pl\/#website","url":"https:\/\/gardeon.pl\/","name":"GARDEON","description":"","potentialAction":[{"@type":"SearchAction","target":{"@type":"EntryPoint","urlTemplate":"https:\/\/gardeon.pl\/?s={search_term_string}"},"query-input":{"@type":"PropertyValueSpecification","valueRequired":true,"valueName":"search_term_string"}}],"inLanguage":"pl-PL"},{"@type":"Person","@id":"https:\/\/gardeon.pl\/#\/schema\/person\/f6d94df9516fedce3fa609ac43525d20","name":"Kvetka \u0160imov\u00e1","image":{"@type":"ImageObject","inLanguage":"pl-PL","@id":"https:\/\/secure.gravatar.com\/avatar\/71eb0eb611cac56028661df8b2319ffadd0a09ef298614d8dcfc22c510ba744d?s=96&d=mm&r=g","url":"https:\/\/secure.gravatar.com\/avatar\/71eb0eb611cac56028661df8b2319ffadd0a09ef298614d8dcfc22c510ba744d?s=96&d=mm&r=g","contentUrl":"https:\/\/secure.gravatar.com\/avatar\/71eb0eb611cac56028661df8b2319ffadd0a09ef298614d8dcfc22c510ba744d?s=96&d=mm&r=g","caption":"Kvetka \u0160imov\u00e1"}}]}},"_links":{"self":[{"href":"https:\/\/gardeon.pl\/pl\/wp-json\/wp\/v2\/posts\/41938","targetHints":{"allow":["GET"]}}],"collection":[{"href":"https:\/\/gardeon.pl\/pl\/wp-json\/wp\/v2\/posts"}],"about":[{"href":"https:\/\/gardeon.pl\/pl\/wp-json\/wp\/v2\/types\/post"}],"author":[{"embeddable":true,"href":"https:\/\/gardeon.pl\/pl\/wp-json\/wp\/v2\/users\/12"}],"replies":[{"embeddable":true,"href":"https:\/\/gardeon.pl\/pl\/wp-json\/wp\/v2\/comments?post=41938"}],"version-history":[{"count":0,"href":"https:\/\/gardeon.pl\/pl\/wp-json\/wp\/v2\/posts\/41938\/revisions"}],"wp:featuredmedia":[{"embeddable":true,"href":"https:\/\/gardeon.pl\/pl\/wp-json\/wp\/v2\/media\/41942"}],"wp:attachment":[{"href":"https:\/\/gardeon.pl\/pl\/wp-json\/wp\/v2\/media?parent=41938"}],"wp:term":[{"taxonomy":"category","embeddable":true,"href":"https:\/\/gardeon.pl\/pl\/wp-json\/wp\/v2\/categories?post=41938"},{"taxonomy":"post_tag","embeddable":true,"href":"https:\/\/gardeon.pl\/pl\/wp-json\/wp\/v2\/tags?post=41938"}],"curies":[{"name":"wp","href":"https:\/\/api.w.org\/{rel}","templated":true}]}}