{"id":41983,"date":"2026-04-23T18:54:29","date_gmt":"2026-04-23T16:54:29","guid":{"rendered":"https:\/\/gardeon.pl\/?p=41983"},"modified":"2026-04-23T18:54:29","modified_gmt":"2026-04-23T16:54:29","slug":"o-naszym-sukcesie-pisze-rowniez-forbes","status":"publish","type":"post","link":"https:\/\/gardeon.pl\/pl\/blog\/o-naszym-sukcesie-pisze-rowniez-forbes\/","title":{"rendered":"O naszym sukcesie pisze r\u00f3wnie\u017c Forbes!"},"content":{"rendered":"<p>Niedawno osi\u0105gn\u0119li\u015bmy kolejny kamie\u0144 milowy w historii naszej firmy Gardeon \u2013 znale\u017ali\u015bmy si\u0119 w\u015br\u00f3d 300 najlepszych europejskich firm o d\u0142ugoterminowym wzro\u015bcie. Zaj\u0119li\u015bmy nawet 46. miejsce, co jest niesamowitym sukcesem, a uda\u0142o nam si\u0119 to jako jedynej firmie ze S\u0142owacji.  <\/p>\n<p>Wi\u0119cej informacji znajd\u0105 Pa\u0144stwo na naszym blogu <a href=\"https:\/\/gardeon.pl\/pl\/blog\/w-prestizowym-rankingu-top-300-dziennika-financial-times-znalezlismy-sie-w-pierwszej-piecdziesiatce\/\">gardeon.pl<\/a> <\/p>\n<p>R\u00f3wnie\u017c dzi\u0119ki Pa\u0144stwu rozwijamy si\u0119 i od lat dostarczamy wysokiej jako\u015bci produkty w zakresie konstrukcji modu\u0142owych, kt\u00f3re charakteryzuj\u0105 si\u0119 d\u0142ug\u0105 \u017cywotno\u015bci\u0105, nowoczesnym designem i s\u0105 wykonane z materia\u0142\u00f3w premium.<\/p>\n<p><strong>Nasz sukces zosta\u0142 dostrze\u017cony tak\u017ce przez magazyn Forbes!<\/strong><\/p>\n<p><!--more--><\/p>\n","protected":false},"excerpt":{"rendered":"<p>Niedawno osi\u0105gn\u0119li\u015bmy kolejny kamie\u0144 milowy w historii naszej firmy Gardeon \u2013 znale\u017ali\u015bmy si\u0119 w\u015br\u00f3d 300 najlepszych europejskich firm o d\u0142ugoterminowym wzro\u015bcie. Zaj\u0119li\u015bmy nawet 46. miejsce, co jest niesamowitym sukcesem, a uda\u0142o nam si\u0119 to jako jedynej firmie ze S\u0142owacji. Wi\u0119cej informacji znajd\u0105 Pa\u0144stwo na naszym blogu gardeon.pl R\u00f3wnie\u017c dzi\u0119ki Pa\u0144stwu rozwijamy si\u0119 i od lat [&hellip;]<\/p>\n","protected":false},"author":12,"featured_media":41985,"comment_status":"open","ping_status":"open","sticky":false,"template":"","format":"standard","meta":{"_acf_changed":false,"inline_featured_image":false,"footnotes":""},"categories":[593],"tags":[579,602,612,611],"class_list":["post-41983","post","type-post","status-publish","format-standard","has-post-thumbnail","hentry","category-aktualnosci","tag-gardeon","tag-konstrukcje-modulowe","tag-magazyn","tag-sukces"],"acf":[],"yoast_head":"<!-- This site is optimized with the Yoast SEO plugin v27.4 - https:\/\/yoast.com\/product\/yoast-seo-wordpress\/ -->\n<title>O naszym sukcesie pisze r\u00f3wnie\u017c Forbes! | GARDEON<\/title>\n<meta name=\"robots\" content=\"index, follow, max-snippet:-1, max-image-preview:large, max-video-preview:-1\" \/>\n<link rel=\"canonical\" href=\"https:\/\/gardeon.pl\/pl\/blog\/o-naszym-sukcesie-pisze-rowniez-forbes\/\" \/>\n<meta property=\"og:locale\" content=\"pl_PL\" \/>\n<meta property=\"og:type\" content=\"article\" \/>\n<meta property=\"og:title\" content=\"O naszym sukcesie pisze r\u00f3wnie\u017c Forbes! | GARDEON\" \/>\n<meta property=\"og:description\" content=\"Niedawno osi\u0105gn\u0119li\u015bmy kolejny kamie\u0144 milowy w historii naszej firmy Gardeon \u2013 znale\u017ali\u015bmy si\u0119 w\u015br\u00f3d 300 najlepszych europejskich firm o d\u0142ugoterminowym wzro\u015bcie. Zaj\u0119li\u015bmy nawet 46. miejsce, co jest niesamowitym sukcesem, a uda\u0142o nam si\u0119 to jako jedynej firmie ze S\u0142owacji. Wi\u0119cej informacji znajd\u0105 Pa\u0144stwo na naszym blogu gardeon.pl R\u00f3wnie\u017c dzi\u0119ki Pa\u0144stwu rozwijamy si\u0119 i od lat [&hellip;]\" \/>\n<meta property=\"og:url\" content=\"https:\/\/gardeon.pl\/pl\/blog\/o-naszym-sukcesie-pisze-rowniez-forbes\/\" \/>\n<meta property=\"og:site_name\" content=\"GARDEON\" \/>\n<meta property=\"article:published_time\" content=\"2026-04-23T16:54:29+00:00\" \/>\n<meta property=\"og:image\" content=\"http:\/\/gardeon.pl\/wp-content\/uploads\/2024\/11\/snimka-obrazovky-2024-11-21-o-111505-1.png\" \/>\n\t<meta property=\"og:image:width\" content=\"744\" \/>\n\t<meta property=\"og:image:height\" content=\"640\" \/>\n\t<meta property=\"og:image:type\" content=\"image\/png\" \/>\n<meta name=\"author\" content=\"Kvetka \u0160imov\u00e1\" \/>\n<meta name=\"twitter:card\" content=\"summary_large_image\" \/>\n<meta name=\"twitter:label1\" content=\"Napisane przez\" \/>\n\t<meta name=\"twitter:data1\" content=\"Kvetka \u0160imov\u00e1\" \/>\n\t<meta name=\"twitter:label2\" content=\"Szacowany czas czytania\" \/>\n\t<meta name=\"twitter:data2\" content=\"1 minuta\" \/>\n<script type=\"application\/ld+json\" class=\"yoast-schema-graph\">{\"@context\":\"https:\\\/\\\/schema.org\",\"@graph\":[{\"@type\":\"Article\",\"@id\":\"https:\\\/\\\/gardeon.pl\\\/pl\\\/blog\\\/o-naszym-sukcesie-pisze-rowniez-forbes\\\/#article\",\"isPartOf\":{\"@id\":\"https:\\\/\\\/gardeon.pl\\\/pl\\\/blog\\\/o-naszym-sukcesie-pisze-rowniez-forbes\\\/\"},\"author\":{\"name\":\"Kvetka \u0160imov\u00e1\",\"@id\":\"https:\\\/\\\/gardeon.pl\\\/#\\\/schema\\\/person\\\/f6d94df9516fedce3fa609ac43525d20\"},\"headline\":\"O naszym sukcesie pisze r\u00f3wnie\u017c Forbes!\",\"datePublished\":\"2026-04-23T16:54:29+00:00\",\"mainEntityOfPage\":{\"@id\":\"https:\\\/\\\/gardeon.pl\\\/pl\\\/blog\\\/o-naszym-sukcesie-pisze-rowniez-forbes\\\/\"},\"wordCount\":115,\"commentCount\":0,\"image\":{\"@id\":\"https:\\\/\\\/gardeon.pl\\\/pl\\\/blog\\\/o-naszym-sukcesie-pisze-rowniez-forbes\\\/#primaryimage\"},\"thumbnailUrl\":\"https:\\\/\\\/gardeon.pl\\\/wp-content\\\/uploads\\\/2024\\\/11\\\/snimka-obrazovky-2024-11-21-o-111505-1.png\",\"keywords\":[\"GARDEON\",\"konstrukcje modu\u0142owe\",\"magazyn\",\"sukces\"],\"articleSection\":[\"Aktualno\u015bci\"],\"inLanguage\":\"pl-PL\",\"potentialAction\":[{\"@type\":\"CommentAction\",\"name\":\"Comment\",\"target\":[\"https:\\\/\\\/gardeon.pl\\\/pl\\\/blog\\\/o-naszym-sukcesie-pisze-rowniez-forbes\\\/#respond\"]}]},{\"@type\":\"WebPage\",\"@id\":\"https:\\\/\\\/gardeon.pl\\\/pl\\\/blog\\\/o-naszym-sukcesie-pisze-rowniez-forbes\\\/\",\"url\":\"https:\\\/\\\/gardeon.pl\\\/pl\\\/blog\\\/o-naszym-sukcesie-pisze-rowniez-forbes\\\/\",\"name\":\"O naszym sukcesie pisze r\u00f3wnie\u017c Forbes! | GARDEON\",\"isPartOf\":{\"@id\":\"https:\\\/\\\/gardeon.pl\\\/#website\"},\"primaryImageOfPage\":{\"@id\":\"https:\\\/\\\/gardeon.pl\\\/pl\\\/blog\\\/o-naszym-sukcesie-pisze-rowniez-forbes\\\/#primaryimage\"},\"image\":{\"@id\":\"https:\\\/\\\/gardeon.pl\\\/pl\\\/blog\\\/o-naszym-sukcesie-pisze-rowniez-forbes\\\/#primaryimage\"},\"thumbnailUrl\":\"https:\\\/\\\/gardeon.pl\\\/wp-content\\\/uploads\\\/2024\\\/11\\\/snimka-obrazovky-2024-11-21-o-111505-1.png\",\"datePublished\":\"2026-04-23T16:54:29+00:00\",\"author\":{\"@id\":\"https:\\\/\\\/gardeon.pl\\\/#\\\/schema\\\/person\\\/f6d94df9516fedce3fa609ac43525d20\"},\"breadcrumb\":{\"@id\":\"https:\\\/\\\/gardeon.pl\\\/pl\\\/blog\\\/o-naszym-sukcesie-pisze-rowniez-forbes\\\/#breadcrumb\"},\"inLanguage\":\"pl-PL\",\"potentialAction\":[{\"@type\":\"ReadAction\",\"target\":[\"https:\\\/\\\/gardeon.pl\\\/pl\\\/blog\\\/o-naszym-sukcesie-pisze-rowniez-forbes\\\/\"]}]},{\"@type\":\"ImageObject\",\"inLanguage\":\"pl-PL\",\"@id\":\"https:\\\/\\\/gardeon.pl\\\/pl\\\/blog\\\/o-naszym-sukcesie-pisze-rowniez-forbes\\\/#primaryimage\",\"url\":\"https:\\\/\\\/gardeon.pl\\\/wp-content\\\/uploads\\\/2024\\\/11\\\/snimka-obrazovky-2024-11-21-o-111505-1.png\",\"contentUrl\":\"https:\\\/\\\/gardeon.pl\\\/wp-content\\\/uploads\\\/2024\\\/11\\\/snimka-obrazovky-2024-11-21-o-111505-1.png\",\"width\":744,\"height\":640},{\"@type\":\"BreadcrumbList\",\"@id\":\"https:\\\/\\\/gardeon.pl\\\/pl\\\/blog\\\/o-naszym-sukcesie-pisze-rowniez-forbes\\\/#breadcrumb\",\"itemListElement\":[{\"@type\":\"ListItem\",\"position\":1,\"name\":\"Domov\",\"item\":\"https:\\\/\\\/gardeon.pl\\\/pl\\\/\"},{\"@type\":\"ListItem\",\"position\":2,\"name\":\"O naszym sukcesie pisze r\u00f3wnie\u017c Forbes!\"}]},{\"@type\":\"WebSite\",\"@id\":\"https:\\\/\\\/gardeon.pl\\\/#website\",\"url\":\"https:\\\/\\\/gardeon.pl\\\/\",\"name\":\"GARDEON\",\"description\":\"\",\"potentialAction\":[{\"@type\":\"SearchAction\",\"target\":{\"@type\":\"EntryPoint\",\"urlTemplate\":\"https:\\\/\\\/gardeon.pl\\\/?s={search_term_string}\"},\"query-input\":{\"@type\":\"PropertyValueSpecification\",\"valueRequired\":true,\"valueName\":\"search_term_string\"}}],\"inLanguage\":\"pl-PL\"},{\"@type\":\"Person\",\"@id\":\"https:\\\/\\\/gardeon.pl\\\/#\\\/schema\\\/person\\\/f6d94df9516fedce3fa609ac43525d20\",\"name\":\"Kvetka \u0160imov\u00e1\",\"image\":{\"@type\":\"ImageObject\",\"inLanguage\":\"pl-PL\",\"@id\":\"https:\\\/\\\/secure.gravatar.com\\\/avatar\\\/71eb0eb611cac56028661df8b2319ffadd0a09ef298614d8dcfc22c510ba744d?s=96&d=mm&r=g\",\"url\":\"https:\\\/\\\/secure.gravatar.com\\\/avatar\\\/71eb0eb611cac56028661df8b2319ffadd0a09ef298614d8dcfc22c510ba744d?s=96&d=mm&r=g\",\"contentUrl\":\"https:\\\/\\\/secure.gravatar.com\\\/avatar\\\/71eb0eb611cac56028661df8b2319ffadd0a09ef298614d8dcfc22c510ba744d?s=96&d=mm&r=g\",\"caption\":\"Kvetka \u0160imov\u00e1\"}}]}<\/script>\n<!-- \/ Yoast SEO plugin. -->","yoast_head_json":{"title":"O naszym sukcesie pisze r\u00f3wnie\u017c Forbes! | GARDEON","robots":{"index":"index","follow":"follow","max-snippet":"max-snippet:-1","max-image-preview":"max-image-preview:large","max-video-preview":"max-video-preview:-1"},"canonical":"https:\/\/gardeon.pl\/pl\/blog\/o-naszym-sukcesie-pisze-rowniez-forbes\/","og_locale":"pl_PL","og_type":"article","og_title":"O naszym sukcesie pisze r\u00f3wnie\u017c Forbes! | GARDEON","og_description":"Niedawno osi\u0105gn\u0119li\u015bmy kolejny kamie\u0144 milowy w historii naszej firmy Gardeon \u2013 znale\u017ali\u015bmy si\u0119 w\u015br\u00f3d 300 najlepszych europejskich firm o d\u0142ugoterminowym wzro\u015bcie. Zaj\u0119li\u015bmy nawet 46. miejsce, co jest niesamowitym sukcesem, a uda\u0142o nam si\u0119 to jako jedynej firmie ze S\u0142owacji. Wi\u0119cej informacji znajd\u0105 Pa\u0144stwo na naszym blogu gardeon.pl R\u00f3wnie\u017c dzi\u0119ki Pa\u0144stwu rozwijamy si\u0119 i od lat [&hellip;]","og_url":"https:\/\/gardeon.pl\/pl\/blog\/o-naszym-sukcesie-pisze-rowniez-forbes\/","og_site_name":"GARDEON","article_published_time":"2026-04-23T16:54:29+00:00","og_image":[{"width":744,"height":640,"url":"http:\/\/gardeon.pl\/wp-content\/uploads\/2024\/11\/snimka-obrazovky-2024-11-21-o-111505-1.png","type":"image\/png"}],"author":"Kvetka \u0160imov\u00e1","twitter_card":"summary_large_image","twitter_misc":{"Napisane przez":"Kvetka \u0160imov\u00e1","Szacowany czas czytania":"1 minuta"},"schema":{"@context":"https:\/\/schema.org","@graph":[{"@type":"Article","@id":"https:\/\/gardeon.pl\/pl\/blog\/o-naszym-sukcesie-pisze-rowniez-forbes\/#article","isPartOf":{"@id":"https:\/\/gardeon.pl\/pl\/blog\/o-naszym-sukcesie-pisze-rowniez-forbes\/"},"author":{"name":"Kvetka \u0160imov\u00e1","@id":"https:\/\/gardeon.pl\/#\/schema\/person\/f6d94df9516fedce3fa609ac43525d20"},"headline":"O naszym sukcesie pisze r\u00f3wnie\u017c Forbes!","datePublished":"2026-04-23T16:54:29+00:00","mainEntityOfPage":{"@id":"https:\/\/gardeon.pl\/pl\/blog\/o-naszym-sukcesie-pisze-rowniez-forbes\/"},"wordCount":115,"commentCount":0,"image":{"@id":"https:\/\/gardeon.pl\/pl\/blog\/o-naszym-sukcesie-pisze-rowniez-forbes\/#primaryimage"},"thumbnailUrl":"https:\/\/gardeon.pl\/wp-content\/uploads\/2024\/11\/snimka-obrazovky-2024-11-21-o-111505-1.png","keywords":["GARDEON","konstrukcje modu\u0142owe","magazyn","sukces"],"articleSection":["Aktualno\u015bci"],"inLanguage":"pl-PL","potentialAction":[{"@type":"CommentAction","name":"Comment","target":["https:\/\/gardeon.pl\/pl\/blog\/o-naszym-sukcesie-pisze-rowniez-forbes\/#respond"]}]},{"@type":"WebPage","@id":"https:\/\/gardeon.pl\/pl\/blog\/o-naszym-sukcesie-pisze-rowniez-forbes\/","url":"https:\/\/gardeon.pl\/pl\/blog\/o-naszym-sukcesie-pisze-rowniez-forbes\/","name":"O naszym sukcesie pisze r\u00f3wnie\u017c Forbes! | GARDEON","isPartOf":{"@id":"https:\/\/gardeon.pl\/#website"},"primaryImageOfPage":{"@id":"https:\/\/gardeon.pl\/pl\/blog\/o-naszym-sukcesie-pisze-rowniez-forbes\/#primaryimage"},"image":{"@id":"https:\/\/gardeon.pl\/pl\/blog\/o-naszym-sukcesie-pisze-rowniez-forbes\/#primaryimage"},"thumbnailUrl":"https:\/\/gardeon.pl\/wp-content\/uploads\/2024\/11\/snimka-obrazovky-2024-11-21-o-111505-1.png","datePublished":"2026-04-23T16:54:29+00:00","author":{"@id":"https:\/\/gardeon.pl\/#\/schema\/person\/f6d94df9516fedce3fa609ac43525d20"},"breadcrumb":{"@id":"https:\/\/gardeon.pl\/pl\/blog\/o-naszym-sukcesie-pisze-rowniez-forbes\/#breadcrumb"},"inLanguage":"pl-PL","potentialAction":[{"@type":"ReadAction","target":["https:\/\/gardeon.pl\/pl\/blog\/o-naszym-sukcesie-pisze-rowniez-forbes\/"]}]},{"@type":"ImageObject","inLanguage":"pl-PL","@id":"https:\/\/gardeon.pl\/pl\/blog\/o-naszym-sukcesie-pisze-rowniez-forbes\/#primaryimage","url":"https:\/\/gardeon.pl\/wp-content\/uploads\/2024\/11\/snimka-obrazovky-2024-11-21-o-111505-1.png","contentUrl":"https:\/\/gardeon.pl\/wp-content\/uploads\/2024\/11\/snimka-obrazovky-2024-11-21-o-111505-1.png","width":744,"height":640},{"@type":"BreadcrumbList","@id":"https:\/\/gardeon.pl\/pl\/blog\/o-naszym-sukcesie-pisze-rowniez-forbes\/#breadcrumb","itemListElement":[{"@type":"ListItem","position":1,"name":"Domov","item":"https:\/\/gardeon.pl\/pl\/"},{"@type":"ListItem","position":2,"name":"O naszym sukcesie pisze r\u00f3wnie\u017c Forbes!"}]},{"@type":"WebSite","@id":"https:\/\/gardeon.pl\/#website","url":"https:\/\/gardeon.pl\/","name":"GARDEON","description":"","potentialAction":[{"@type":"SearchAction","target":{"@type":"EntryPoint","urlTemplate":"https:\/\/gardeon.pl\/?s={search_term_string}"},"query-input":{"@type":"PropertyValueSpecification","valueRequired":true,"valueName":"search_term_string"}}],"inLanguage":"pl-PL"},{"@type":"Person","@id":"https:\/\/gardeon.pl\/#\/schema\/person\/f6d94df9516fedce3fa609ac43525d20","name":"Kvetka \u0160imov\u00e1","image":{"@type":"ImageObject","inLanguage":"pl-PL","@id":"https:\/\/secure.gravatar.com\/avatar\/71eb0eb611cac56028661df8b2319ffadd0a09ef298614d8dcfc22c510ba744d?s=96&d=mm&r=g","url":"https:\/\/secure.gravatar.com\/avatar\/71eb0eb611cac56028661df8b2319ffadd0a09ef298614d8dcfc22c510ba744d?s=96&d=mm&r=g","contentUrl":"https:\/\/secure.gravatar.com\/avatar\/71eb0eb611cac56028661df8b2319ffadd0a09ef298614d8dcfc22c510ba744d?s=96&d=mm&r=g","caption":"Kvetka \u0160imov\u00e1"}}]}},"_links":{"self":[{"href":"https:\/\/gardeon.pl\/pl\/wp-json\/wp\/v2\/posts\/41983","targetHints":{"allow":["GET"]}}],"collection":[{"href":"https:\/\/gardeon.pl\/pl\/wp-json\/wp\/v2\/posts"}],"about":[{"href":"https:\/\/gardeon.pl\/pl\/wp-json\/wp\/v2\/types\/post"}],"author":[{"embeddable":true,"href":"https:\/\/gardeon.pl\/pl\/wp-json\/wp\/v2\/users\/12"}],"replies":[{"embeddable":true,"href":"https:\/\/gardeon.pl\/pl\/wp-json\/wp\/v2\/comments?post=41983"}],"version-history":[{"count":0,"href":"https:\/\/gardeon.pl\/pl\/wp-json\/wp\/v2\/posts\/41983\/revisions"}],"wp:featuredmedia":[{"embeddable":true,"href":"https:\/\/gardeon.pl\/pl\/wp-json\/wp\/v2\/media\/41985"}],"wp:attachment":[{"href":"https:\/\/gardeon.pl\/pl\/wp-json\/wp\/v2\/media?parent=41983"}],"wp:term":[{"taxonomy":"category","embeddable":true,"href":"https:\/\/gardeon.pl\/pl\/wp-json\/wp\/v2\/categories?post=41983"},{"taxonomy":"post_tag","embeddable":true,"href":"https:\/\/gardeon.pl\/pl\/wp-json\/wp\/v2\/tags?post=41983"}],"curies":[{"name":"wp","href":"https:\/\/api.w.org\/{rel}","templated":true}]}}