{"id":41986,"date":"2026-04-23T15:38:00","date_gmt":"2026-04-23T13:38:00","guid":{"rendered":"https:\/\/gardeon.pl\/blog\/widzieli-panstwo-nas-w-programie-rady-ptaka-loskutaka\/"},"modified":"2026-04-23T18:54:29","modified_gmt":"2026-04-23T16:54:29","slug":"widzieli-panstwo-nas-w-programie-rady-ptaka-loskutaka","status":"publish","type":"post","link":"https:\/\/gardeon.pl\/pl\/blog\/widzieli-panstwo-nas-w-programie-rady-ptaka-loskutaka\/","title":{"rendered":"Widzieli Pa\u0144stwo nas w programie \u201eRady pt\u00e1ka Loskut\u00e1ka\u201d"},"content":{"rendered":"<p><em>My\u015bl\u0105 Pa\u0144stwo o budowie gara\u017cu lub domku ogrodowego, ale cho\u0107 lubi\u0105 Pa\u0144stwo majsterkowa\u0107, nie maj\u0105 Pa\u0144stwo tyle czasu, ile by sobie \u017cyczyli? Rozwi\u0105zaniem jest konstrukcja prefabrykowana! <\/em><\/p>\n<p><!--more--><\/p>\n","protected":false},"excerpt":{"rendered":"<p>My\u015bl\u0105 Pa\u0144stwo o budowie gara\u017cu lub domku ogrodowego, ale cho\u0107 lubi\u0105 Pa\u0144stwo majsterkowa\u0107, nie maj\u0105 Pa\u0144stwo tyle czasu, ile by sobie \u017cyczyli? Rozwi\u0105zaniem jest konstrukcja prefabrykowana!<\/p>\n","protected":false},"author":13,"featured_media":41987,"comment_status":"open","ping_status":"open","sticky":false,"template":"","format":"standard","meta":{"_acf_changed":false,"inline_featured_image":false,"footnotes":""},"categories":[593],"tags":[],"class_list":["post-41986","post","type-post","status-publish","format-standard","has-post-thumbnail","hentry","category-aktualnosci"],"acf":[],"yoast_head":"<!-- This site is optimized with the Yoast SEO plugin v27.4 - https:\/\/yoast.com\/product\/yoast-seo-wordpress\/ -->\n<title>Widzieli Pa\u0144stwo nas w programie \u201eRady pt\u00e1ka Loskut\u00e1ka\u201d - GARDEON<\/title>\n<meta name=\"robots\" content=\"index, follow, max-snippet:-1, max-image-preview:large, max-video-preview:-1\" \/>\n<link rel=\"canonical\" href=\"https:\/\/gardeon.pl\/pl\/blog\/widzieli-panstwo-nas-w-programie-rady-ptaka-loskutaka\/\" \/>\n<meta property=\"og:locale\" content=\"pl_PL\" \/>\n<meta property=\"og:type\" content=\"article\" \/>\n<meta property=\"og:title\" content=\"Widzieli Pa\u0144stwo nas w programie \u201eRady pt\u00e1ka Loskut\u00e1ka\u201d - GARDEON\" \/>\n<meta property=\"og:description\" content=\"My\u015bl\u0105 Pa\u0144stwo o budowie gara\u017cu lub domku ogrodowego, ale cho\u0107 lubi\u0105 Pa\u0144stwo majsterkowa\u0107, nie maj\u0105 Pa\u0144stwo tyle czasu, ile by sobie \u017cyczyli? Rozwi\u0105zaniem jest konstrukcja prefabrykowana!\" \/>\n<meta property=\"og:url\" content=\"https:\/\/gardeon.pl\/pl\/blog\/widzieli-panstwo-nas-w-programie-rady-ptaka-loskutaka\/\" \/>\n<meta property=\"og:site_name\" content=\"GARDEON\" \/>\n<meta property=\"article:published_time\" content=\"2026-04-23T13:38:00+00:00\" \/>\n<meta property=\"article:modified_time\" content=\"2026-04-23T16:54:29+00:00\" \/>\n<meta property=\"og:image\" content=\"http:\/\/gardeon.pl\/wp-content\/uploads\/2024\/11\/relacia-rady-ptaka-loskutaka-scaled.jpeg\" \/>\n\t<meta property=\"og:image:width\" content=\"2560\" \/>\n\t<meta property=\"og:image:height\" content=\"1448\" \/>\n\t<meta property=\"og:image:type\" content=\"image\/jpeg\" \/>\n<meta name=\"author\" content=\"Anna Kada\u0148kov\u00e1\" \/>\n<meta name=\"twitter:card\" content=\"summary_large_image\" \/>\n<meta name=\"twitter:label1\" content=\"Napisane przez\" \/>\n\t<meta name=\"twitter:data1\" content=\"Anna Kada\u0148kov\u00e1\" \/>\n<script type=\"application\/ld+json\" class=\"yoast-schema-graph\">{\"@context\":\"https:\\\/\\\/schema.org\",\"@graph\":[{\"@type\":\"Article\",\"@id\":\"https:\\\/\\\/gardeon.pl\\\/pl\\\/blog\\\/widzieli-panstwo-nas-w-programie-rady-ptaka-loskutaka\\\/#article\",\"isPartOf\":{\"@id\":\"https:\\\/\\\/gardeon.pl\\\/pl\\\/blog\\\/widzieli-panstwo-nas-w-programie-rady-ptaka-loskutaka\\\/\"},\"author\":{\"name\":\"Anna Kada\u0148kov\u00e1\",\"@id\":\"https:\\\/\\\/gardeon.pl\\\/#\\\/schema\\\/person\\\/00d099a52363b8bb3ff52351f7eeea91\"},\"headline\":\"Widzieli Pa\u0144stwo nas w programie \u201eRady pt\u00e1ka Loskut\u00e1ka\u201d\",\"datePublished\":\"2026-04-23T13:38:00+00:00\",\"dateModified\":\"2026-04-23T16:54:29+00:00\",\"mainEntityOfPage\":{\"@id\":\"https:\\\/\\\/gardeon.pl\\\/pl\\\/blog\\\/widzieli-panstwo-nas-w-programie-rady-ptaka-loskutaka\\\/\"},\"wordCount\":43,\"commentCount\":0,\"image\":{\"@id\":\"https:\\\/\\\/gardeon.pl\\\/pl\\\/blog\\\/widzieli-panstwo-nas-w-programie-rady-ptaka-loskutaka\\\/#primaryimage\"},\"thumbnailUrl\":\"https:\\\/\\\/gardeon.pl\\\/wp-content\\\/uploads\\\/2024\\\/11\\\/relacia-rady-ptaka-loskutaka-scaled.jpeg\",\"articleSection\":[\"Aktualno\u015bci\"],\"inLanguage\":\"pl-PL\",\"potentialAction\":[{\"@type\":\"CommentAction\",\"name\":\"Comment\",\"target\":[\"https:\\\/\\\/gardeon.pl\\\/pl\\\/blog\\\/widzieli-panstwo-nas-w-programie-rady-ptaka-loskutaka\\\/#respond\"]}]},{\"@type\":\"WebPage\",\"@id\":\"https:\\\/\\\/gardeon.pl\\\/pl\\\/blog\\\/widzieli-panstwo-nas-w-programie-rady-ptaka-loskutaka\\\/\",\"url\":\"https:\\\/\\\/gardeon.pl\\\/pl\\\/blog\\\/widzieli-panstwo-nas-w-programie-rady-ptaka-loskutaka\\\/\",\"name\":\"Widzieli Pa\u0144stwo nas w programie \u201eRady pt\u00e1ka Loskut\u00e1ka\u201d - GARDEON\",\"isPartOf\":{\"@id\":\"https:\\\/\\\/gardeon.pl\\\/#website\"},\"primaryImageOfPage\":{\"@id\":\"https:\\\/\\\/gardeon.pl\\\/pl\\\/blog\\\/widzieli-panstwo-nas-w-programie-rady-ptaka-loskutaka\\\/#primaryimage\"},\"image\":{\"@id\":\"https:\\\/\\\/gardeon.pl\\\/pl\\\/blog\\\/widzieli-panstwo-nas-w-programie-rady-ptaka-loskutaka\\\/#primaryimage\"},\"thumbnailUrl\":\"https:\\\/\\\/gardeon.pl\\\/wp-content\\\/uploads\\\/2024\\\/11\\\/relacia-rady-ptaka-loskutaka-scaled.jpeg\",\"datePublished\":\"2026-04-23T13:38:00+00:00\",\"dateModified\":\"2026-04-23T16:54:29+00:00\",\"author\":{\"@id\":\"https:\\\/\\\/gardeon.pl\\\/#\\\/schema\\\/person\\\/00d099a52363b8bb3ff52351f7eeea91\"},\"breadcrumb\":{\"@id\":\"https:\\\/\\\/gardeon.pl\\\/pl\\\/blog\\\/widzieli-panstwo-nas-w-programie-rady-ptaka-loskutaka\\\/#breadcrumb\"},\"inLanguage\":\"pl-PL\",\"potentialAction\":[{\"@type\":\"ReadAction\",\"target\":[\"https:\\\/\\\/gardeon.pl\\\/pl\\\/blog\\\/widzieli-panstwo-nas-w-programie-rady-ptaka-loskutaka\\\/\"]}]},{\"@type\":\"ImageObject\",\"inLanguage\":\"pl-PL\",\"@id\":\"https:\\\/\\\/gardeon.pl\\\/pl\\\/blog\\\/widzieli-panstwo-nas-w-programie-rady-ptaka-loskutaka\\\/#primaryimage\",\"url\":\"https:\\\/\\\/gardeon.pl\\\/wp-content\\\/uploads\\\/2024\\\/11\\\/relacia-rady-ptaka-loskutaka-scaled.jpeg\",\"contentUrl\":\"https:\\\/\\\/gardeon.pl\\\/wp-content\\\/uploads\\\/2024\\\/11\\\/relacia-rady-ptaka-loskutaka-scaled.jpeg\",\"width\":2560,\"height\":1448},{\"@type\":\"BreadcrumbList\",\"@id\":\"https:\\\/\\\/gardeon.pl\\\/pl\\\/blog\\\/widzieli-panstwo-nas-w-programie-rady-ptaka-loskutaka\\\/#breadcrumb\",\"itemListElement\":[{\"@type\":\"ListItem\",\"position\":1,\"name\":\"Domov\",\"item\":\"https:\\\/\\\/gardeon.pl\\\/pl\\\/\"},{\"@type\":\"ListItem\",\"position\":2,\"name\":\"Widzieli Pa\u0144stwo nas w programie \u201eRady pt\u00e1ka Loskut\u00e1ka\u201d\"}]},{\"@type\":\"WebSite\",\"@id\":\"https:\\\/\\\/gardeon.pl\\\/#website\",\"url\":\"https:\\\/\\\/gardeon.pl\\\/\",\"name\":\"GARDEON\",\"description\":\"\",\"potentialAction\":[{\"@type\":\"SearchAction\",\"target\":{\"@type\":\"EntryPoint\",\"urlTemplate\":\"https:\\\/\\\/gardeon.pl\\\/?s={search_term_string}\"},\"query-input\":{\"@type\":\"PropertyValueSpecification\",\"valueRequired\":true,\"valueName\":\"search_term_string\"}}],\"inLanguage\":\"pl-PL\"},{\"@type\":\"Person\",\"@id\":\"https:\\\/\\\/gardeon.pl\\\/#\\\/schema\\\/person\\\/00d099a52363b8bb3ff52351f7eeea91\",\"name\":\"Anna Kada\u0148kov\u00e1\",\"image\":{\"@type\":\"ImageObject\",\"inLanguage\":\"pl-PL\",\"@id\":\"https:\\\/\\\/secure.gravatar.com\\\/avatar\\\/aa7a4289dde3ff1e0d5f5b4821717ff0b27e5b6919cb4e04d60f9b2c342f181e?s=96&d=mm&r=g\",\"url\":\"https:\\\/\\\/secure.gravatar.com\\\/avatar\\\/aa7a4289dde3ff1e0d5f5b4821717ff0b27e5b6919cb4e04d60f9b2c342f181e?s=96&d=mm&r=g\",\"contentUrl\":\"https:\\\/\\\/secure.gravatar.com\\\/avatar\\\/aa7a4289dde3ff1e0d5f5b4821717ff0b27e5b6919cb4e04d60f9b2c342f181e?s=96&d=mm&r=g\",\"caption\":\"Anna Kada\u0148kov\u00e1\"}}]}<\/script>\n<!-- \/ Yoast SEO plugin. -->","yoast_head_json":{"title":"Widzieli Pa\u0144stwo nas w programie \u201eRady pt\u00e1ka Loskut\u00e1ka\u201d - GARDEON","robots":{"index":"index","follow":"follow","max-snippet":"max-snippet:-1","max-image-preview":"max-image-preview:large","max-video-preview":"max-video-preview:-1"},"canonical":"https:\/\/gardeon.pl\/pl\/blog\/widzieli-panstwo-nas-w-programie-rady-ptaka-loskutaka\/","og_locale":"pl_PL","og_type":"article","og_title":"Widzieli Pa\u0144stwo nas w programie \u201eRady pt\u00e1ka Loskut\u00e1ka\u201d - GARDEON","og_description":"My\u015bl\u0105 Pa\u0144stwo o budowie gara\u017cu lub domku ogrodowego, ale cho\u0107 lubi\u0105 Pa\u0144stwo majsterkowa\u0107, nie maj\u0105 Pa\u0144stwo tyle czasu, ile by sobie \u017cyczyli? Rozwi\u0105zaniem jest konstrukcja prefabrykowana!","og_url":"https:\/\/gardeon.pl\/pl\/blog\/widzieli-panstwo-nas-w-programie-rady-ptaka-loskutaka\/","og_site_name":"GARDEON","article_published_time":"2026-04-23T13:38:00+00:00","article_modified_time":"2026-04-23T16:54:29+00:00","og_image":[{"width":2560,"height":1448,"url":"http:\/\/gardeon.pl\/wp-content\/uploads\/2024\/11\/relacia-rady-ptaka-loskutaka-scaled.jpeg","type":"image\/jpeg"}],"author":"Anna Kada\u0148kov\u00e1","twitter_card":"summary_large_image","twitter_misc":{"Napisane przez":"Anna Kada\u0148kov\u00e1"},"schema":{"@context":"https:\/\/schema.org","@graph":[{"@type":"Article","@id":"https:\/\/gardeon.pl\/pl\/blog\/widzieli-panstwo-nas-w-programie-rady-ptaka-loskutaka\/#article","isPartOf":{"@id":"https:\/\/gardeon.pl\/pl\/blog\/widzieli-panstwo-nas-w-programie-rady-ptaka-loskutaka\/"},"author":{"name":"Anna Kada\u0148kov\u00e1","@id":"https:\/\/gardeon.pl\/#\/schema\/person\/00d099a52363b8bb3ff52351f7eeea91"},"headline":"Widzieli Pa\u0144stwo nas w programie \u201eRady pt\u00e1ka Loskut\u00e1ka\u201d","datePublished":"2026-04-23T13:38:00+00:00","dateModified":"2026-04-23T16:54:29+00:00","mainEntityOfPage":{"@id":"https:\/\/gardeon.pl\/pl\/blog\/widzieli-panstwo-nas-w-programie-rady-ptaka-loskutaka\/"},"wordCount":43,"commentCount":0,"image":{"@id":"https:\/\/gardeon.pl\/pl\/blog\/widzieli-panstwo-nas-w-programie-rady-ptaka-loskutaka\/#primaryimage"},"thumbnailUrl":"https:\/\/gardeon.pl\/wp-content\/uploads\/2024\/11\/relacia-rady-ptaka-loskutaka-scaled.jpeg","articleSection":["Aktualno\u015bci"],"inLanguage":"pl-PL","potentialAction":[{"@type":"CommentAction","name":"Comment","target":["https:\/\/gardeon.pl\/pl\/blog\/widzieli-panstwo-nas-w-programie-rady-ptaka-loskutaka\/#respond"]}]},{"@type":"WebPage","@id":"https:\/\/gardeon.pl\/pl\/blog\/widzieli-panstwo-nas-w-programie-rady-ptaka-loskutaka\/","url":"https:\/\/gardeon.pl\/pl\/blog\/widzieli-panstwo-nas-w-programie-rady-ptaka-loskutaka\/","name":"Widzieli Pa\u0144stwo nas w programie \u201eRady pt\u00e1ka Loskut\u00e1ka\u201d - GARDEON","isPartOf":{"@id":"https:\/\/gardeon.pl\/#website"},"primaryImageOfPage":{"@id":"https:\/\/gardeon.pl\/pl\/blog\/widzieli-panstwo-nas-w-programie-rady-ptaka-loskutaka\/#primaryimage"},"image":{"@id":"https:\/\/gardeon.pl\/pl\/blog\/widzieli-panstwo-nas-w-programie-rady-ptaka-loskutaka\/#primaryimage"},"thumbnailUrl":"https:\/\/gardeon.pl\/wp-content\/uploads\/2024\/11\/relacia-rady-ptaka-loskutaka-scaled.jpeg","datePublished":"2026-04-23T13:38:00+00:00","dateModified":"2026-04-23T16:54:29+00:00","author":{"@id":"https:\/\/gardeon.pl\/#\/schema\/person\/00d099a52363b8bb3ff52351f7eeea91"},"breadcrumb":{"@id":"https:\/\/gardeon.pl\/pl\/blog\/widzieli-panstwo-nas-w-programie-rady-ptaka-loskutaka\/#breadcrumb"},"inLanguage":"pl-PL","potentialAction":[{"@type":"ReadAction","target":["https:\/\/gardeon.pl\/pl\/blog\/widzieli-panstwo-nas-w-programie-rady-ptaka-loskutaka\/"]}]},{"@type":"ImageObject","inLanguage":"pl-PL","@id":"https:\/\/gardeon.pl\/pl\/blog\/widzieli-panstwo-nas-w-programie-rady-ptaka-loskutaka\/#primaryimage","url":"https:\/\/gardeon.pl\/wp-content\/uploads\/2024\/11\/relacia-rady-ptaka-loskutaka-scaled.jpeg","contentUrl":"https:\/\/gardeon.pl\/wp-content\/uploads\/2024\/11\/relacia-rady-ptaka-loskutaka-scaled.jpeg","width":2560,"height":1448},{"@type":"BreadcrumbList","@id":"https:\/\/gardeon.pl\/pl\/blog\/widzieli-panstwo-nas-w-programie-rady-ptaka-loskutaka\/#breadcrumb","itemListElement":[{"@type":"ListItem","position":1,"name":"Domov","item":"https:\/\/gardeon.pl\/pl\/"},{"@type":"ListItem","position":2,"name":"Widzieli Pa\u0144stwo nas w programie \u201eRady pt\u00e1ka Loskut\u00e1ka\u201d"}]},{"@type":"WebSite","@id":"https:\/\/gardeon.pl\/#website","url":"https:\/\/gardeon.pl\/","name":"GARDEON","description":"","potentialAction":[{"@type":"SearchAction","target":{"@type":"EntryPoint","urlTemplate":"https:\/\/gardeon.pl\/?s={search_term_string}"},"query-input":{"@type":"PropertyValueSpecification","valueRequired":true,"valueName":"search_term_string"}}],"inLanguage":"pl-PL"},{"@type":"Person","@id":"https:\/\/gardeon.pl\/#\/schema\/person\/00d099a52363b8bb3ff52351f7eeea91","name":"Anna Kada\u0148kov\u00e1","image":{"@type":"ImageObject","inLanguage":"pl-PL","@id":"https:\/\/secure.gravatar.com\/avatar\/aa7a4289dde3ff1e0d5f5b4821717ff0b27e5b6919cb4e04d60f9b2c342f181e?s=96&d=mm&r=g","url":"https:\/\/secure.gravatar.com\/avatar\/aa7a4289dde3ff1e0d5f5b4821717ff0b27e5b6919cb4e04d60f9b2c342f181e?s=96&d=mm&r=g","contentUrl":"https:\/\/secure.gravatar.com\/avatar\/aa7a4289dde3ff1e0d5f5b4821717ff0b27e5b6919cb4e04d60f9b2c342f181e?s=96&d=mm&r=g","caption":"Anna Kada\u0148kov\u00e1"}}]}},"_links":{"self":[{"href":"https:\/\/gardeon.pl\/pl\/wp-json\/wp\/v2\/posts\/41986","targetHints":{"allow":["GET"]}}],"collection":[{"href":"https:\/\/gardeon.pl\/pl\/wp-json\/wp\/v2\/posts"}],"about":[{"href":"https:\/\/gardeon.pl\/pl\/wp-json\/wp\/v2\/types\/post"}],"author":[{"embeddable":true,"href":"https:\/\/gardeon.pl\/pl\/wp-json\/wp\/v2\/users\/13"}],"replies":[{"embeddable":true,"href":"https:\/\/gardeon.pl\/pl\/wp-json\/wp\/v2\/comments?post=41986"}],"version-history":[{"count":0,"href":"https:\/\/gardeon.pl\/pl\/wp-json\/wp\/v2\/posts\/41986\/revisions"}],"wp:featuredmedia":[{"embeddable":true,"href":"https:\/\/gardeon.pl\/pl\/wp-json\/wp\/v2\/media\/41987"}],"wp:attachment":[{"href":"https:\/\/gardeon.pl\/pl\/wp-json\/wp\/v2\/media?parent=41986"}],"wp:term":[{"taxonomy":"category","embeddable":true,"href":"https:\/\/gardeon.pl\/pl\/wp-json\/wp\/v2\/categories?post=41986"},{"taxonomy":"post_tag","embeddable":true,"href":"https:\/\/gardeon.pl\/pl\/wp-json\/wp\/v2\/tags?post=41986"}],"curies":[{"name":"wp","href":"https:\/\/api.w.org\/{rel}","templated":true}]}}