{"id":41988,"date":"2026-04-23T15:38:10","date_gmt":"2026-04-23T13:38:10","guid":{"rendered":"https:\/\/gardeon.pl\/blog\/zalezy-nam-na-przyszlosci-dlatego-w-gardeonie-staramy-sie-zmniejszyc-nasz-slad-weglowy\/"},"modified":"2026-04-23T18:54:29","modified_gmt":"2026-04-23T16:54:29","slug":"zalezy-nam-na-przyszlosci-dlatego-w-gardeonie-staramy-sie-zmniejszyc-nasz-slad-weglowy","status":"publish","type":"post","link":"https:\/\/gardeon.pl\/pl\/blog\/zalezy-nam-na-przyszlosci-dlatego-w-gardeonie-staramy-sie-zmniejszyc-nasz-slad-weglowy\/","title":{"rendered":"Zale\u017cy nam na przysz\u0142o\u015bci, dlatego w Gardeonie staramy si\u0119 zmniejszy\u0107 nasz \u015blad w\u0119glowy."},"content":{"rendered":"<p><em><strong>W GARDEONIE bardzo dbamy o jako\u015b\u0107 naszych produkt\u00f3w i us\u0142ug, a tak\u017ce zawsze staramy si\u0119 by\u0107 otwarci na potrzeby klient\u00f3w \u2013 tak, jak przysta\u0142o na firm\u0119 rodzinn\u0105. To jednak nie wszystko. Zale\u017cy nam bowiem nie tylko na Pa\u0144stwa zadowoleniu z naszych konstrukcji, ale tak\u017ce na naszej wsp\u00f3lnej przysz\u0142o\u015bci. Dlatego jednocze\u015bnie chcemy post\u0119powa\u0107 odpowiedzialnie \u015brodowiskowo i szukamy dr\u00f3g do zr\u00f3wnowa\u017conego rozwoju naszej dzia\u0142alno\u015bci. Jedn\u0105 z nich jest zmniejszenie \u015bladu w\u0119glowego naszej floty poprzez kompensacj\u0119 emisji CO\u2082.    <\/strong><\/em><br \/>\n<!--more--><\/p>\n<p>Podczas ka\u017cdej podr\u00f3\u017cy naszych samochod\u00f3w lub dostawczych, kt\u00f3rymi przewozimy cz\u0119\u015bci montowanych konstrukcji GARDEON, do atmosfery uwalnia si\u0119 dwutlenek w\u0119gla (CO\u2082), jeden z gaz\u00f3w przyczyniaj\u0105cych si\u0119 do globalnego ocieplenia. Poniewa\u017c zale\u017cy nam na zmniejszeniu naszego \u015bladu w\u0119glowego, zdecydowali\u015bmy si\u0119 wzi\u0105\u0107 udzia\u0142 w programie Clean Advantage\u00ae organizowanym przez firm\u0119 Fleetcor. Dotyczy to wszystkich przejazd\u00f3w, podczas kt\u00f3rych dostarczamy Pa\u0144stwu cz\u0119\u015bci montowanych gara\u017cy, wiat i domk\u00f3w ogrodowych.  <\/p>\n<p>Na podstawie ilo\u015bci paliwa zu\u017cytego przez nasz\u0105 flot\u0119, firma Fleetcor szacuje emisje CO\u2082 spowodowane naszym transportem. Nast\u0119pnie w naszym imieniu inwestuje odpowiedni\u0105 kwot\u0119 w proekologiczne projekty, kt\u00f3re kompensuj\u0105 te emisje w\u0119gla. S\u0105 to projekty, kt\u00f3re pozytywnie wp\u0142ywaj\u0105 na \u015brodowisko i s\u0105 certyfikowane zgodnie z kryteriami World Resources Institute (WRI). Ta mi\u0119dzynarodowa firma starannie wybiera i weryfikuje projekty, kt\u00f3re obejmuj\u0105 na przyk\u0142ad zalesianie, budow\u0119 turbin wiatrowych, czy wychwytywanie metanu lub biogazu i ich p\u00f3\u017aniejsze wykorzystanie jako alternatywnych \u017ar\u00f3de\u0142 energii. S\u0105 to r\u00f3\u017cnorodne dzia\u0142ania na ca\u0142ym \u015bwiecie, a wszystkie \u0142\u0105czy g\u0142\u00f3wne kryterium \u2013 redukuj\u0105 lub wychwytuj\u0105 emisje w\u0119gla.    <\/p>\n<p><strong>Certyfikat Clean Advantage\u00ae potwierdza, \u017ce firma GARDEON, uczestnicz\u0105c w programie, zmniejszy\u0142a w 2024 roku \u015blad w\u0119glowy swojej floty poprzez kompensacj\u0119 a\u017c 16 266,04 kilogram\u00f3w CO\u2082.<\/strong><\/p>\n<p><a href=\"http:\/\/gardeon.pl\/wp-content\/uploads\/2024\/04\/gardeon-valniky-mercedes-sprinter-9-1-scaled.webp\"><img loading=\"lazy\" decoding=\"async\" class=\"aligncenter wp-image-38918\" src=\"http:\/\/gardeon.pl\/wp-content\/uploads\/2024\/04\/gardeon-valniky-mercedes-sprinter-9-1-300x169.webp\" alt=\"Pojazdy Gardeon przewo\u017c\u0105 cz\u0119\u015bci montowanych gara\u017cy do klienta.\" width=\"1200\" height=\"675\" srcset=\"https:\/\/gardeon.pl\/wp-content\/uploads\/2024\/04\/gardeon-valniky-mercedes-sprinter-9-1-300x169.webp 300w, https:\/\/gardeon.pl\/wp-content\/uploads\/2024\/04\/gardeon-valniky-mercedes-sprinter-9-1-1024x576.webp 1024w, https:\/\/gardeon.pl\/wp-content\/uploads\/2024\/04\/gardeon-valniky-mercedes-sprinter-9-1-768x432.webp 768w, https:\/\/gardeon.pl\/wp-content\/uploads\/2024\/04\/gardeon-valniky-mercedes-sprinter-9-1-1536x864.webp 1536w, https:\/\/gardeon.pl\/wp-content\/uploads\/2024\/04\/gardeon-valniky-mercedes-sprinter-9-1-2048x1152.webp 2048w\" sizes=\"auto, (max-width: 1200px) 100vw, 1200px\" \/><\/a><\/p>\n<p><span style=\"font-weight: 400;\">Wi\u0119cej o naszym podej\u015bciu i zaletach naszych konstrukcji dowiedz\u0105 si\u0119 Pa\u0144stwo w artykule \u201e<a href=\"https:\/\/gardeon.pl\/pl\/10-dobrych-powodow-dla-ktorych-warto-wybrac-gardeon\/\">10 dobrych powod\u00f3w, dla kt\u00f3rych warto wybra\u0107 GARDEON<\/a>\u201d.<\/span><\/p>\n<p><a href=\"http:\/\/gardeon.pl\/wp-content\/uploads\/2024\/07\/gardeon-kamion-5-1-scaled.webp\"><img loading=\"lazy\" decoding=\"async\" class=\"aligncenter wp-image-39383\" src=\"http:\/\/gardeon.pl\/wp-content\/uploads\/2024\/07\/gardeon-kamion-5-1-300x169.webp\" alt=\"Ci\u0119\u017car\u00f3wka z napisem Gardeon i obrazkiem domku ogrodowego.\" width=\"1200\" height=\"675\" srcset=\"https:\/\/gardeon.pl\/wp-content\/uploads\/2024\/07\/gardeon-kamion-5-1-300x169.webp 300w, https:\/\/gardeon.pl\/wp-content\/uploads\/2024\/07\/gardeon-kamion-5-1-1024x576.webp 1024w, https:\/\/gardeon.pl\/wp-content\/uploads\/2024\/07\/gardeon-kamion-5-1-768x432.webp 768w, https:\/\/gardeon.pl\/wp-content\/uploads\/2024\/07\/gardeon-kamion-5-1-1536x864.webp 1536w, https:\/\/gardeon.pl\/wp-content\/uploads\/2024\/07\/gardeon-kamion-5-1-2048x1152.webp 2048w\" sizes=\"auto, (max-width: 1200px) 100vw, 1200px\" \/><\/a><\/p>\n<p><br style=\"font-weight: 400;\"><br style=\"font-weight: 400;\"><\/p>\n","protected":false},"excerpt":{"rendered":"<p>W GARDEONIE bardzo dbamy o jako\u015b\u0107 naszych produkt\u00f3w i us\u0142ug, a tak\u017ce zawsze staramy si\u0119 by\u0107 otwarci na potrzeby klient\u00f3w \u2013 tak, jak przysta\u0142o na firm\u0119 rodzinn\u0105. To jednak nie wszystko. Zale\u017cy nam bowiem nie tylko na Pa\u0144stwa zadowoleniu z naszych konstrukcji, ale tak\u017ce na naszej wsp\u00f3lnej przysz\u0142o\u015bci. Dlatego jednocze\u015bnie chcemy post\u0119powa\u0107 odpowiedzialnie \u015brodowiskowo i [&hellip;]<\/p>\n","protected":false},"author":12,"featured_media":41989,"comment_status":"open","ping_status":"open","sticky":false,"template":"","format":"standard","meta":{"_acf_changed":false,"inline_featured_image":false,"footnotes":""},"categories":[593],"tags":[613,579,614],"class_list":["post-41988","post","type-post","status-publish","format-standard","has-post-thumbnail","hentry","category-aktualnosci","tag-certyfikat","tag-gardeon","tag-zrownowazony-rozwoj"],"acf":[],"yoast_head":"<!-- This site is optimized with the Yoast SEO plugin v27.4 - https:\/\/yoast.com\/product\/yoast-seo-wordpress\/ -->\n<title>Zale\u017cy nam na przysz\u0142o\u015bci, dlatego w Gardeonie staramy si\u0119 zmniejszy\u0107 nasz \u015blad w\u0119glowy. - GARDEON<\/title>\n<meta name=\"robots\" content=\"index, follow, max-snippet:-1, max-image-preview:large, max-video-preview:-1\" \/>\n<link rel=\"canonical\" href=\"https:\/\/gardeon.pl\/pl\/blog\/zalezy-nam-na-przyszlosci-dlatego-w-gardeonie-staramy-sie-zmniejszyc-nasz-slad-weglowy\/\" \/>\n<meta property=\"og:locale\" content=\"pl_PL\" \/>\n<meta property=\"og:type\" content=\"article\" \/>\n<meta property=\"og:title\" content=\"Zale\u017cy nam na przysz\u0142o\u015bci, dlatego w Gardeonie staramy si\u0119 zmniejszy\u0107 nasz \u015blad w\u0119glowy. - GARDEON\" \/>\n<meta property=\"og:description\" content=\"W GARDEONIE bardzo dbamy o jako\u015b\u0107 naszych produkt\u00f3w i us\u0142ug, a tak\u017ce zawsze staramy si\u0119 by\u0107 otwarci na potrzeby klient\u00f3w \u2013 tak, jak przysta\u0142o na firm\u0119 rodzinn\u0105. To jednak nie wszystko. Zale\u017cy nam bowiem nie tylko na Pa\u0144stwa zadowoleniu z naszych konstrukcji, ale tak\u017ce na naszej wsp\u00f3lnej przysz\u0142o\u015bci. Dlatego jednocze\u015bnie chcemy post\u0119powa\u0107 odpowiedzialnie \u015brodowiskowo i [&hellip;]\" \/>\n<meta property=\"og:url\" content=\"https:\/\/gardeon.pl\/pl\/blog\/zalezy-nam-na-przyszlosci-dlatego-w-gardeonie-staramy-sie-zmniejszyc-nasz-slad-weglowy\/\" \/>\n<meta property=\"og:site_name\" content=\"GARDEON\" \/>\n<meta property=\"article:published_time\" content=\"2026-04-23T13:38:10+00:00\" \/>\n<meta property=\"article:modified_time\" content=\"2026-04-23T16:54:29+00:00\" \/>\n<meta property=\"og:image\" content=\"http:\/\/gardeon.pl\/wp-content\/uploads\/2025\/04\/certifikat-gardeon-1.jpg\" \/>\n\t<meta property=\"og:image:width\" content=\"841\" \/>\n\t<meta property=\"og:image:height\" content=\"595\" \/>\n\t<meta property=\"og:image:type\" content=\"image\/jpeg\" \/>\n<meta name=\"author\" content=\"Kvetka \u0160imov\u00e1\" \/>\n<meta name=\"twitter:card\" content=\"summary_large_image\" \/>\n<meta name=\"twitter:label1\" content=\"Napisane przez\" \/>\n\t<meta name=\"twitter:data1\" content=\"Kvetka \u0160imov\u00e1\" \/>\n\t<meta name=\"twitter:label2\" content=\"Szacowany czas czytania\" \/>\n\t<meta name=\"twitter:data2\" content=\"2 minuty\" \/>\n<script type=\"application\/ld+json\" class=\"yoast-schema-graph\">{\"@context\":\"https:\\\/\\\/schema.org\",\"@graph\":[{\"@type\":\"Article\",\"@id\":\"https:\\\/\\\/gardeon.pl\\\/pl\\\/blog\\\/zalezy-nam-na-przyszlosci-dlatego-w-gardeonie-staramy-sie-zmniejszyc-nasz-slad-weglowy\\\/#article\",\"isPartOf\":{\"@id\":\"https:\\\/\\\/gardeon.pl\\\/pl\\\/blog\\\/zalezy-nam-na-przyszlosci-dlatego-w-gardeonie-staramy-sie-zmniejszyc-nasz-slad-weglowy\\\/\"},\"author\":{\"name\":\"Kvetka \u0160imov\u00e1\",\"@id\":\"https:\\\/\\\/gardeon.pl\\\/#\\\/schema\\\/person\\\/f6d94df9516fedce3fa609ac43525d20\"},\"headline\":\"Zale\u017cy nam na przysz\u0142o\u015bci, dlatego w Gardeonie staramy si\u0119 zmniejszy\u0107 nasz \u015blad w\u0119glowy.\",\"datePublished\":\"2026-04-23T13:38:10+00:00\",\"dateModified\":\"2026-04-23T16:54:29+00:00\",\"mainEntityOfPage\":{\"@id\":\"https:\\\/\\\/gardeon.pl\\\/pl\\\/blog\\\/zalezy-nam-na-przyszlosci-dlatego-w-gardeonie-staramy-sie-zmniejszyc-nasz-slad-weglowy\\\/\"},\"wordCount\":353,\"commentCount\":0,\"image\":{\"@id\":\"https:\\\/\\\/gardeon.pl\\\/pl\\\/blog\\\/zalezy-nam-na-przyszlosci-dlatego-w-gardeonie-staramy-sie-zmniejszyc-nasz-slad-weglowy\\\/#primaryimage\"},\"thumbnailUrl\":\"https:\\\/\\\/gardeon.pl\\\/wp-content\\\/uploads\\\/2025\\\/04\\\/certifikat-gardeon-1.jpg\",\"keywords\":[\"certyfikat\",\"GARDEON\",\"zr\u00f3wnowa\u017cony rozw\u00f3j\"],\"articleSection\":[\"Aktualno\u015bci\"],\"inLanguage\":\"pl-PL\",\"potentialAction\":[{\"@type\":\"CommentAction\",\"name\":\"Comment\",\"target\":[\"https:\\\/\\\/gardeon.pl\\\/pl\\\/blog\\\/zalezy-nam-na-przyszlosci-dlatego-w-gardeonie-staramy-sie-zmniejszyc-nasz-slad-weglowy\\\/#respond\"]}]},{\"@type\":\"WebPage\",\"@id\":\"https:\\\/\\\/gardeon.pl\\\/pl\\\/blog\\\/zalezy-nam-na-przyszlosci-dlatego-w-gardeonie-staramy-sie-zmniejszyc-nasz-slad-weglowy\\\/\",\"url\":\"https:\\\/\\\/gardeon.pl\\\/pl\\\/blog\\\/zalezy-nam-na-przyszlosci-dlatego-w-gardeonie-staramy-sie-zmniejszyc-nasz-slad-weglowy\\\/\",\"name\":\"Zale\u017cy nam na przysz\u0142o\u015bci, dlatego w Gardeonie staramy si\u0119 zmniejszy\u0107 nasz \u015blad w\u0119glowy. - GARDEON\",\"isPartOf\":{\"@id\":\"https:\\\/\\\/gardeon.pl\\\/#website\"},\"primaryImageOfPage\":{\"@id\":\"https:\\\/\\\/gardeon.pl\\\/pl\\\/blog\\\/zalezy-nam-na-przyszlosci-dlatego-w-gardeonie-staramy-sie-zmniejszyc-nasz-slad-weglowy\\\/#primaryimage\"},\"image\":{\"@id\":\"https:\\\/\\\/gardeon.pl\\\/pl\\\/blog\\\/zalezy-nam-na-przyszlosci-dlatego-w-gardeonie-staramy-sie-zmniejszyc-nasz-slad-weglowy\\\/#primaryimage\"},\"thumbnailUrl\":\"https:\\\/\\\/gardeon.pl\\\/wp-content\\\/uploads\\\/2025\\\/04\\\/certifikat-gardeon-1.jpg\",\"datePublished\":\"2026-04-23T13:38:10+00:00\",\"dateModified\":\"2026-04-23T16:54:29+00:00\",\"author\":{\"@id\":\"https:\\\/\\\/gardeon.pl\\\/#\\\/schema\\\/person\\\/f6d94df9516fedce3fa609ac43525d20\"},\"breadcrumb\":{\"@id\":\"https:\\\/\\\/gardeon.pl\\\/pl\\\/blog\\\/zalezy-nam-na-przyszlosci-dlatego-w-gardeonie-staramy-sie-zmniejszyc-nasz-slad-weglowy\\\/#breadcrumb\"},\"inLanguage\":\"pl-PL\",\"potentialAction\":[{\"@type\":\"ReadAction\",\"target\":[\"https:\\\/\\\/gardeon.pl\\\/pl\\\/blog\\\/zalezy-nam-na-przyszlosci-dlatego-w-gardeonie-staramy-sie-zmniejszyc-nasz-slad-weglowy\\\/\"]}]},{\"@type\":\"ImageObject\",\"inLanguage\":\"pl-PL\",\"@id\":\"https:\\\/\\\/gardeon.pl\\\/pl\\\/blog\\\/zalezy-nam-na-przyszlosci-dlatego-w-gardeonie-staramy-sie-zmniejszyc-nasz-slad-weglowy\\\/#primaryimage\",\"url\":\"https:\\\/\\\/gardeon.pl\\\/wp-content\\\/uploads\\\/2025\\\/04\\\/certifikat-gardeon-1.jpg\",\"contentUrl\":\"https:\\\/\\\/gardeon.pl\\\/wp-content\\\/uploads\\\/2025\\\/04\\\/certifikat-gardeon-1.jpg\",\"width\":841,\"height\":595,\"caption\":\"Certyfikat dla Gardeon.\"},{\"@type\":\"BreadcrumbList\",\"@id\":\"https:\\\/\\\/gardeon.pl\\\/pl\\\/blog\\\/zalezy-nam-na-przyszlosci-dlatego-w-gardeonie-staramy-sie-zmniejszyc-nasz-slad-weglowy\\\/#breadcrumb\",\"itemListElement\":[{\"@type\":\"ListItem\",\"position\":1,\"name\":\"Domov\",\"item\":\"https:\\\/\\\/gardeon.pl\\\/pl\\\/\"},{\"@type\":\"ListItem\",\"position\":2,\"name\":\"Zale\u017cy nam na przysz\u0142o\u015bci, dlatego w Gardeonie staramy si\u0119 zmniejszy\u0107 nasz \u015blad w\u0119glowy.\"}]},{\"@type\":\"WebSite\",\"@id\":\"https:\\\/\\\/gardeon.pl\\\/#website\",\"url\":\"https:\\\/\\\/gardeon.pl\\\/\",\"name\":\"GARDEON\",\"description\":\"\",\"potentialAction\":[{\"@type\":\"SearchAction\",\"target\":{\"@type\":\"EntryPoint\",\"urlTemplate\":\"https:\\\/\\\/gardeon.pl\\\/?s={search_term_string}\"},\"query-input\":{\"@type\":\"PropertyValueSpecification\",\"valueRequired\":true,\"valueName\":\"search_term_string\"}}],\"inLanguage\":\"pl-PL\"},{\"@type\":\"Person\",\"@id\":\"https:\\\/\\\/gardeon.pl\\\/#\\\/schema\\\/person\\\/f6d94df9516fedce3fa609ac43525d20\",\"name\":\"Kvetka \u0160imov\u00e1\",\"image\":{\"@type\":\"ImageObject\",\"inLanguage\":\"pl-PL\",\"@id\":\"https:\\\/\\\/secure.gravatar.com\\\/avatar\\\/71eb0eb611cac56028661df8b2319ffadd0a09ef298614d8dcfc22c510ba744d?s=96&d=mm&r=g\",\"url\":\"https:\\\/\\\/secure.gravatar.com\\\/avatar\\\/71eb0eb611cac56028661df8b2319ffadd0a09ef298614d8dcfc22c510ba744d?s=96&d=mm&r=g\",\"contentUrl\":\"https:\\\/\\\/secure.gravatar.com\\\/avatar\\\/71eb0eb611cac56028661df8b2319ffadd0a09ef298614d8dcfc22c510ba744d?s=96&d=mm&r=g\",\"caption\":\"Kvetka \u0160imov\u00e1\"}}]}<\/script>\n<!-- \/ Yoast SEO plugin. -->","yoast_head_json":{"title":"Zale\u017cy nam na przysz\u0142o\u015bci, dlatego w Gardeonie staramy si\u0119 zmniejszy\u0107 nasz \u015blad w\u0119glowy. - GARDEON","robots":{"index":"index","follow":"follow","max-snippet":"max-snippet:-1","max-image-preview":"max-image-preview:large","max-video-preview":"max-video-preview:-1"},"canonical":"https:\/\/gardeon.pl\/pl\/blog\/zalezy-nam-na-przyszlosci-dlatego-w-gardeonie-staramy-sie-zmniejszyc-nasz-slad-weglowy\/","og_locale":"pl_PL","og_type":"article","og_title":"Zale\u017cy nam na przysz\u0142o\u015bci, dlatego w Gardeonie staramy si\u0119 zmniejszy\u0107 nasz \u015blad w\u0119glowy. - GARDEON","og_description":"W GARDEONIE bardzo dbamy o jako\u015b\u0107 naszych produkt\u00f3w i us\u0142ug, a tak\u017ce zawsze staramy si\u0119 by\u0107 otwarci na potrzeby klient\u00f3w \u2013 tak, jak przysta\u0142o na firm\u0119 rodzinn\u0105. To jednak nie wszystko. Zale\u017cy nam bowiem nie tylko na Pa\u0144stwa zadowoleniu z naszych konstrukcji, ale tak\u017ce na naszej wsp\u00f3lnej przysz\u0142o\u015bci. Dlatego jednocze\u015bnie chcemy post\u0119powa\u0107 odpowiedzialnie \u015brodowiskowo i [&hellip;]","og_url":"https:\/\/gardeon.pl\/pl\/blog\/zalezy-nam-na-przyszlosci-dlatego-w-gardeonie-staramy-sie-zmniejszyc-nasz-slad-weglowy\/","og_site_name":"GARDEON","article_published_time":"2026-04-23T13:38:10+00:00","article_modified_time":"2026-04-23T16:54:29+00:00","og_image":[{"width":841,"height":595,"url":"http:\/\/gardeon.pl\/wp-content\/uploads\/2025\/04\/certifikat-gardeon-1.jpg","type":"image\/jpeg"}],"author":"Kvetka \u0160imov\u00e1","twitter_card":"summary_large_image","twitter_misc":{"Napisane przez":"Kvetka \u0160imov\u00e1","Szacowany czas czytania":"2 minuty"},"schema":{"@context":"https:\/\/schema.org","@graph":[{"@type":"Article","@id":"https:\/\/gardeon.pl\/pl\/blog\/zalezy-nam-na-przyszlosci-dlatego-w-gardeonie-staramy-sie-zmniejszyc-nasz-slad-weglowy\/#article","isPartOf":{"@id":"https:\/\/gardeon.pl\/pl\/blog\/zalezy-nam-na-przyszlosci-dlatego-w-gardeonie-staramy-sie-zmniejszyc-nasz-slad-weglowy\/"},"author":{"name":"Kvetka \u0160imov\u00e1","@id":"https:\/\/gardeon.pl\/#\/schema\/person\/f6d94df9516fedce3fa609ac43525d20"},"headline":"Zale\u017cy nam na przysz\u0142o\u015bci, dlatego w Gardeonie staramy si\u0119 zmniejszy\u0107 nasz \u015blad w\u0119glowy.","datePublished":"2026-04-23T13:38:10+00:00","dateModified":"2026-04-23T16:54:29+00:00","mainEntityOfPage":{"@id":"https:\/\/gardeon.pl\/pl\/blog\/zalezy-nam-na-przyszlosci-dlatego-w-gardeonie-staramy-sie-zmniejszyc-nasz-slad-weglowy\/"},"wordCount":353,"commentCount":0,"image":{"@id":"https:\/\/gardeon.pl\/pl\/blog\/zalezy-nam-na-przyszlosci-dlatego-w-gardeonie-staramy-sie-zmniejszyc-nasz-slad-weglowy\/#primaryimage"},"thumbnailUrl":"https:\/\/gardeon.pl\/wp-content\/uploads\/2025\/04\/certifikat-gardeon-1.jpg","keywords":["certyfikat","GARDEON","zr\u00f3wnowa\u017cony rozw\u00f3j"],"articleSection":["Aktualno\u015bci"],"inLanguage":"pl-PL","potentialAction":[{"@type":"CommentAction","name":"Comment","target":["https:\/\/gardeon.pl\/pl\/blog\/zalezy-nam-na-przyszlosci-dlatego-w-gardeonie-staramy-sie-zmniejszyc-nasz-slad-weglowy\/#respond"]}]},{"@type":"WebPage","@id":"https:\/\/gardeon.pl\/pl\/blog\/zalezy-nam-na-przyszlosci-dlatego-w-gardeonie-staramy-sie-zmniejszyc-nasz-slad-weglowy\/","url":"https:\/\/gardeon.pl\/pl\/blog\/zalezy-nam-na-przyszlosci-dlatego-w-gardeonie-staramy-sie-zmniejszyc-nasz-slad-weglowy\/","name":"Zale\u017cy nam na przysz\u0142o\u015bci, dlatego w Gardeonie staramy si\u0119 zmniejszy\u0107 nasz \u015blad w\u0119glowy. - GARDEON","isPartOf":{"@id":"https:\/\/gardeon.pl\/#website"},"primaryImageOfPage":{"@id":"https:\/\/gardeon.pl\/pl\/blog\/zalezy-nam-na-przyszlosci-dlatego-w-gardeonie-staramy-sie-zmniejszyc-nasz-slad-weglowy\/#primaryimage"},"image":{"@id":"https:\/\/gardeon.pl\/pl\/blog\/zalezy-nam-na-przyszlosci-dlatego-w-gardeonie-staramy-sie-zmniejszyc-nasz-slad-weglowy\/#primaryimage"},"thumbnailUrl":"https:\/\/gardeon.pl\/wp-content\/uploads\/2025\/04\/certifikat-gardeon-1.jpg","datePublished":"2026-04-23T13:38:10+00:00","dateModified":"2026-04-23T16:54:29+00:00","author":{"@id":"https:\/\/gardeon.pl\/#\/schema\/person\/f6d94df9516fedce3fa609ac43525d20"},"breadcrumb":{"@id":"https:\/\/gardeon.pl\/pl\/blog\/zalezy-nam-na-przyszlosci-dlatego-w-gardeonie-staramy-sie-zmniejszyc-nasz-slad-weglowy\/#breadcrumb"},"inLanguage":"pl-PL","potentialAction":[{"@type":"ReadAction","target":["https:\/\/gardeon.pl\/pl\/blog\/zalezy-nam-na-przyszlosci-dlatego-w-gardeonie-staramy-sie-zmniejszyc-nasz-slad-weglowy\/"]}]},{"@type":"ImageObject","inLanguage":"pl-PL","@id":"https:\/\/gardeon.pl\/pl\/blog\/zalezy-nam-na-przyszlosci-dlatego-w-gardeonie-staramy-sie-zmniejszyc-nasz-slad-weglowy\/#primaryimage","url":"https:\/\/gardeon.pl\/wp-content\/uploads\/2025\/04\/certifikat-gardeon-1.jpg","contentUrl":"https:\/\/gardeon.pl\/wp-content\/uploads\/2025\/04\/certifikat-gardeon-1.jpg","width":841,"height":595,"caption":"Certyfikat dla Gardeon."},{"@type":"BreadcrumbList","@id":"https:\/\/gardeon.pl\/pl\/blog\/zalezy-nam-na-przyszlosci-dlatego-w-gardeonie-staramy-sie-zmniejszyc-nasz-slad-weglowy\/#breadcrumb","itemListElement":[{"@type":"ListItem","position":1,"name":"Domov","item":"https:\/\/gardeon.pl\/pl\/"},{"@type":"ListItem","position":2,"name":"Zale\u017cy nam na przysz\u0142o\u015bci, dlatego w Gardeonie staramy si\u0119 zmniejszy\u0107 nasz \u015blad w\u0119glowy."}]},{"@type":"WebSite","@id":"https:\/\/gardeon.pl\/#website","url":"https:\/\/gardeon.pl\/","name":"GARDEON","description":"","potentialAction":[{"@type":"SearchAction","target":{"@type":"EntryPoint","urlTemplate":"https:\/\/gardeon.pl\/?s={search_term_string}"},"query-input":{"@type":"PropertyValueSpecification","valueRequired":true,"valueName":"search_term_string"}}],"inLanguage":"pl-PL"},{"@type":"Person","@id":"https:\/\/gardeon.pl\/#\/schema\/person\/f6d94df9516fedce3fa609ac43525d20","name":"Kvetka \u0160imov\u00e1","image":{"@type":"ImageObject","inLanguage":"pl-PL","@id":"https:\/\/secure.gravatar.com\/avatar\/71eb0eb611cac56028661df8b2319ffadd0a09ef298614d8dcfc22c510ba744d?s=96&d=mm&r=g","url":"https:\/\/secure.gravatar.com\/avatar\/71eb0eb611cac56028661df8b2319ffadd0a09ef298614d8dcfc22c510ba744d?s=96&d=mm&r=g","contentUrl":"https:\/\/secure.gravatar.com\/avatar\/71eb0eb611cac56028661df8b2319ffadd0a09ef298614d8dcfc22c510ba744d?s=96&d=mm&r=g","caption":"Kvetka \u0160imov\u00e1"}}]}},"_links":{"self":[{"href":"https:\/\/gardeon.pl\/pl\/wp-json\/wp\/v2\/posts\/41988","targetHints":{"allow":["GET"]}}],"collection":[{"href":"https:\/\/gardeon.pl\/pl\/wp-json\/wp\/v2\/posts"}],"about":[{"href":"https:\/\/gardeon.pl\/pl\/wp-json\/wp\/v2\/types\/post"}],"author":[{"embeddable":true,"href":"https:\/\/gardeon.pl\/pl\/wp-json\/wp\/v2\/users\/12"}],"replies":[{"embeddable":true,"href":"https:\/\/gardeon.pl\/pl\/wp-json\/wp\/v2\/comments?post=41988"}],"version-history":[{"count":0,"href":"https:\/\/gardeon.pl\/pl\/wp-json\/wp\/v2\/posts\/41988\/revisions"}],"wp:featuredmedia":[{"embeddable":true,"href":"https:\/\/gardeon.pl\/pl\/wp-json\/wp\/v2\/media\/41989"}],"wp:attachment":[{"href":"https:\/\/gardeon.pl\/pl\/wp-json\/wp\/v2\/media?parent=41988"}],"wp:term":[{"taxonomy":"category","embeddable":true,"href":"https:\/\/gardeon.pl\/pl\/wp-json\/wp\/v2\/categories?post=41988"},{"taxonomy":"post_tag","embeddable":true,"href":"https:\/\/gardeon.pl\/pl\/wp-json\/wp\/v2\/tags?post=41988"}],"curies":[{"name":"wp","href":"https:\/\/api.w.org\/{rel}","templated":true}]}}