{"id":44036,"date":"2026-04-23T15:45:55","date_gmt":"2026-04-23T13:45:55","guid":{"rendered":"https:\/\/gardeon.pl\/blog\/czym-jest-permakultura-i-jakie-sa-jej-podstawowe-zasady\/"},"modified":"2026-04-23T18:54:28","modified_gmt":"2026-04-23T16:54:28","slug":"czym-jest-permakultura-i-jakie-sa-jej-podstawowe-zasady","status":"publish","type":"post","link":"https:\/\/gardeon.pl\/pl\/blog\/czym-jest-permakultura-i-jakie-sa-jej-podstawowe-zasady\/","title":{"rendered":"Czym jest permakultura i jakie s\u0105 jej podstawowe zasady?"},"content":{"rendered":"<p class=\"p1\"><em><span style=\"font-weight: 400;\">O ogrodach permakulturowych w ostatnim czasie du\u017co si\u0119 m\u00f3wi. M\u00f3wi si\u0119 na przyk\u0142ad, \u017ce to ogrody \u201edla leniwych\u201d, \u017ce nie maj\u0105 \u017cadnego systemu i panuje w nich ba\u0142agan. Co z tego jest prawd\u0105, a co nie? Jakie naprawd\u0119 s\u0105 ogrody permakulturowe?   <\/span><\/em><\/p>\n<p><!--more--><\/p>\n<h2>Dlaczego i po co jest nam permakultura?<\/h2>\n<p><span style=\"font-weight: 400;\">Odrobina filozofii na pocz\u0105tek nie zaszkodzi. Istot\u0119 permakultury (z angielskiego \u201epermaculture\u201d) oddaje ju\u017c sama nazwa \u2013 \u201eperma\u201d, od s\u0142owa permanentny, w znaczeniu trwale zr\u00f3wnowa\u017cony, oraz \u201eculture\u201d, co pocz\u0105tkowo oznacza\u0142o agriculture, czyli rolnictwo, a p\u00f3\u017aniej rozszerzy\u0142o si\u0119 na kultur\u0119 jako tak\u0105, to znaczy ca\u0142e nasze funkcjonowanie i relacje z otoczeniem w najszerszym tego s\u0142owa znaczeniu. Nadal nic nie jest ja\u015bniejsze? W t\u0142umaczeniu na prosty j\u0119zyk oznacza to taki spos\u00f3b dzia\u0142ania, kt\u00f3ry w jak najmniejszym stopniu wyczerpuje nas samych i \u015brodowisko, dzi\u0119ki czemu wszystko mo\u017ce si\u0119 naturalnie odnawia\u0107. Albo jeszcze pro\u015bciej: <\/span><b>trzeba robi\u0107 rzeczy tak, aby jak najmniej si\u0119 napracowa\u0107, jak najmniej wyda\u0107, a jednocze\u015bnie mie\u0107 jak najwi\u0119ksz\u0105 korzy\u015b\u0107<\/b><span style=\"font-weight: 400;\">.<\/span><\/p>\n<p><a href=\"http:\/\/gardeon.pl\/wp-content\/uploads\/2021\/06\/plevel-v-cibuli.jpg\"><img loading=\"lazy\" decoding=\"async\" class=\"aligncenter wp-image-40098\" src=\"http:\/\/gardeon.pl\/wp-content\/uploads\/2021\/06\/plevel-v-cibuli.jpg\" alt=\"Cebula w ogrodzie z chwastami wok\u00f3\u0142.\" width=\"800\" height=\"533\" srcset=\"https:\/\/gardeon.pl\/wp-content\/uploads\/2021\/06\/plevel-v-cibuli.jpg 1800w, https:\/\/gardeon.pl\/wp-content\/uploads\/2021\/06\/plevel-v-cibuli-300x200.jpg 300w, https:\/\/gardeon.pl\/wp-content\/uploads\/2021\/06\/plevel-v-cibuli-1024x683.jpg 1024w, https:\/\/gardeon.pl\/wp-content\/uploads\/2021\/06\/plevel-v-cibuli-768x512.jpg 768w, https:\/\/gardeon.pl\/wp-content\/uploads\/2021\/06\/plevel-v-cibuli-1536x1024.jpg 1536w\" sizes=\"auto, (max-width: 800px) 100vw, 800px\" \/><\/a><\/p>\n<p><span style=\"font-weight: 400;\">Je\u015bli chodzi o ogr\u00f3d, oznacza to na przyk\u0142ad tak\u017ce <\/span><b>u\u015bwiadomienie sobie tego, czego i ile naprawd\u0119 potrzebujemy, stworzenie odpowiednich przestrzeni i uprawianie tylko potrzebnej ilo\u015bci<\/b><span style=\"font-weight: 400;\">. To tak\u017ce jedna z dr\u00f3g, jak mie\u0107 ogr\u00f3d, kt\u00f3ry niepotrzebnie nie wyczerpuje ziemi ani nas, z kt\u00f3rego mamy odpowiedni po\u017cytek (psychiczny i materialny) przy w\u0142o\u017ceniu minimalnego wysi\u0142ku.<\/span><\/p>\n<h2>Inny system<\/h2>\n<p><span style=\"font-weight: 400;\">Je\u015bli \u201eporz\u0105dny\u201d ogr\u00f3d wyobra\u017caj\u0105 sobie Pa\u0144stwo jako idealnie r\u00f3wne, okopane grz\u0105dki bez \u017ad\u017ab\u0142a chwastu, to w\u0142a\u015bciwy ogr\u00f3d permakulturowy rzeczywi\u015bcie mo\u017ce wyda\u0107 si\u0119 pozbawiony systemu. Jednak jest odwrotnie. Panuje w nim bardzo wyrafinowany system, tylko oparty na innej zasadzie. To system inspirowany natur\u0105. Na przyk\u0142ad w lesie rosn\u0105 nie tylko drzewa, ale pod nimi tak\u017ce niskie ro\u015bliny zielne i krzewy, kt\u00f3re wzajemnie si\u0119 wspieraj\u0105 i tworz\u0105 sobie odpowiednie warunki. Czy las wydaje si\u0119 Pa\u0144stwu nieuporz\u0105dkowany? Czy nie czuj\u0105 si\u0119 w nim Pa\u0144stwo dobrze? A przecie\u017c ro\u015bnie sobie sam, bez przekopywania i pielenia\u2026 Potrzebne jest wi\u0119c po prostu inne spojrzenie.       <\/span><\/p>\n<p><a href=\"http:\/\/gardeon.pl\/wp-content\/uploads\/2021\/06\/les.jpg\"><img loading=\"lazy\" decoding=\"async\" class=\"aligncenter wp-image-40101\" src=\"http:\/\/gardeon.pl\/wp-content\/uploads\/2021\/06\/les.jpg\" alt=\"Las iglasty z wyschni\u0119t\u0105 traw\u0105.\" width=\"800\" height=\"533\" srcset=\"https:\/\/gardeon.pl\/wp-content\/uploads\/2021\/06\/les.jpg 1800w, https:\/\/gardeon.pl\/wp-content\/uploads\/2021\/06\/les-300x200.jpg 300w, https:\/\/gardeon.pl\/wp-content\/uploads\/2021\/06\/les-1024x683.jpg 1024w, https:\/\/gardeon.pl\/wp-content\/uploads\/2021\/06\/les-768x512.jpg 768w, https:\/\/gardeon.pl\/wp-content\/uploads\/2021\/06\/les-1536x1024.jpg 1536w\" sizes=\"auto, (max-width: 800px) 100vw, 800px\" \/><\/a><\/p>\n<p><b>Jedn\u0105 z podstawowych zasad ogrodu permakulturelnego (lub te\u017c przyrodniczego) jest funkcjonowanie w zgodzie z natur\u0105.<\/b><span style=\"font-weight: 400;\"> Wykorzystywanie tych samych zasad, mechanizm\u00f3w i relacji mi\u0119dzy ro\u015blinami, zwierz\u0119tami i mikroorganizmami, kt\u00f3re w naturze s\u0105 dla siebie wzajemnie korzystne. Je\u015bli je zaobserwujemy i zastosujemy w ogrodzie, on tak\u017ce b\u0119dzie dzia\u0142a\u0142 r\u00f3wnie samoczynnie, bez niepotrzebnie w\u0142o\u017conego wysi\u0142ku i na sta\u0142e. <\/span><\/p>\n<h2>R\u00f3\u017cnorodno\u015b\u0107 to droga<\/h2>\n<p><span style=\"font-weight: 400;\">Kolejn\u0105 wa\u017cn\u0105 zasad\u0105 zdrowej przyrody, a tym samym w\u0142a\u015bciwego ogrodu permakulturelnego, jest r\u00f3\u017cnorodno\u015b\u0107. To w\u0142a\u015bnie dzi\u0119ki niej ca\u0142y system jest stabilny. Dlatego dla ogrodu przyrodniczego typowa jest uprawa mieszana, w kt\u00f3rej szkodniki nie rozprzestrzeniaj\u0105 si\u0119 tak \u0142atwo jak w monokulturach.  <\/span><\/p>\n<p><span style=\"font-weight: 400;\">Tak\u017ce dzi\u0119ki r\u00f3\u017cnorodno\u015bci w ogrodzie permakulturelnym mniej si\u0119 napracujecie. No ale to nie jest byle jaka r\u00f3\u017cnorodno\u015b\u0107. Przede wszystkim wa\u017cny jest dob\u00f3r gatunk\u00f3w i odmian, kt\u00f3re b\u0119d\u0105 prosperowa\u0107 na konkretnym stanowisku \u2013 zdrowa i silna ro\u015blina jest bowiem bardziej odporna. Pierwsze\u0144stwo daje si\u0119 wytrzyma\u0142ym drzewom i krzewom, ro\u015blinom trwa\u0142ym i wieloletnim, ewentualnie ro\u015blinom, kt\u00f3re same si\u0119 rozmna\u017caj\u0105, wi\u0119c nie trzeba ich co roku pracowicie sadzi\u0107 lub sia\u0107.   <\/span><\/p>\n<p><a href=\"http:\/\/gardeon.pl\/wp-content\/uploads\/2021\/06\/kvety-v-zahrade.jpg\"><img loading=\"lazy\" decoding=\"async\" class=\"aligncenter wp-image-40102\" src=\"http:\/\/gardeon.pl\/wp-content\/uploads\/2021\/06\/kvety-v-zahrade.jpg\" alt=\"\u017b\u00f3\u0142ty i pomara\u0144czowy aksamitnik na grz\u0105dce.\" width=\"800\" height=\"533\" srcset=\"https:\/\/gardeon.pl\/wp-content\/uploads\/2021\/06\/kvety-v-zahrade.jpg 1800w, https:\/\/gardeon.pl\/wp-content\/uploads\/2021\/06\/kvety-v-zahrade-300x200.jpg 300w, https:\/\/gardeon.pl\/wp-content\/uploads\/2021\/06\/kvety-v-zahrade-1024x683.jpg 1024w, https:\/\/gardeon.pl\/wp-content\/uploads\/2021\/06\/kvety-v-zahrade-768x512.jpg 768w, https:\/\/gardeon.pl\/wp-content\/uploads\/2021\/06\/kvety-v-zahrade-1536x1024.jpg 1536w\" sizes=\"auto, (max-width: 800px) 100vw, 800px\" \/><\/a><\/p>\n<p><span style=\"font-weight: 400;\">Poza tym musicie wiedzie\u0107, kt\u00f3re ro\u015bliny si\u0119 wzajemnie znosz\u0105 i wspieraj\u0105, a kt\u00f3rych kombinacji nale\u017cy unika\u0107. Innymi s\u0142owy, musicie respektowa\u0107 tzw. relacje alelopatyczne, czyli wzajemne oddzia\u0142ywanie ro\u015blin. <\/span><b>Korzystne jest bowiem sadzenie ro\u015blin w takich kombinacjach, aby sobie nawzajem pomaga\u0142y<\/b><span style=\"font-weight: 400;\"> \u2013 na przyk\u0142ad pomidorom dobrze si\u0119 wiedzie z kukurydz\u0105, selerem lub bazyli\u0105. Bardzo przydatne jest przy tym \u0142\u0105czenie warzyw z zio\u0142ami i kwiatami \u2013 na przyk\u0142ad aksamitnik odp\u0119dza nicienie od warzyw cebulowych, nasturcja pomaga przeciwko mszyc\u0105\u2026<\/span><\/p>\n<p><span style=\"font-weight: 400;\">A tutaj jest przestrze\u0144, aby zastanowi\u0107 si\u0119 tak\u017ce nad tym, czego rzeczywi\u015bcie potrzebujecie, a co jest tylko bezsensown\u0105 mod\u0105. Czy naprawd\u0119 potrzebujecie nisko   <\/span><a href=\"https:\/\/gardeon.pl\/pl\/blog\/czy-wiedza-panstwo-jak-prawidlowo-kosic-trawnik\/\"><span style=\"font-weight: 400;\">skoszonego trawnika<\/span><\/a><span style=\"font-weight: 400;\">? Czy nie pos\u0142u\u017cy wam r\u00f3wnie dobrze, a mo\u017ce nawet lepiej \u0142\u0105ka z kwiatami? Poza tym jest pi\u0119kniejsza i jest z ni\u0105 mniej pracy. Czy naprawd\u0119 potrzebujecie \u017cywop\u0142otu z samych tui? Czy nie b\u0119dzie lepiej stworzy\u0107 go z mieszanki krzew\u00f3w owocowych? Na pewno b\u0119dzie to ciekawsze i bardziej u\u017cyteczne wykorzystanie miejsca \u2013 dla was i dla pszcz\u00f3\u0142 i motyli.<\/span><\/p>\n<h2>Nie tylko bra\u0107, ale tak\u017ce dawa\u0107<\/h2>\n<p><span style=\"font-weight: 400;\">Do zasad permakultury nale\u017cy tak\u017ce <\/span><b>konsekwentne wykorzystywanie tego, co daje nam ogr\u00f3d<\/b><span style=\"font-weight: 400;\">, w\u0142\u0105cznie ze zwracaniem zasob\u00f3w w jak najwi\u0119kszym stopniu z powrotem do ogrodu. Na przyk\u0142ad sk\u0142adniki od\u017cywcze powinny wr\u00f3ci\u0107 do gleby, a klasyczne kompostowanie nie jest jedyn\u0105 mo\u017cliwo\u015bci\u0105. W naturze spad\u0142e jesieni\u0105 li\u015bcie i obumieraj\u0105ce ro\u015bliny tworz\u0105 warstw\u0119 materia\u0142u organicznego, dlatego tak\u017ce w ogrodzie permakulturelnym przy zbiorach pozostawia si\u0119 resztki ro\u015blinne na grz\u0105dce \u2013 <\/span><b>zim\u0105 chroni\u0105 gleb\u0119 przed mrozem, kt\u00f3ry w przeciwnym razie zniszczy\u0142by bakterie glebowe, wa\u017cne dla jej \u017cyzno\u015bci<\/b><span style=\"font-weight: 400;\">. Owady tak\u017ce nie powinny wymarza\u0107. Przyroda przecie\u017c nie rozr\u00f3\u017cnia szkodliwych i po\u017cytecznych zwierz\u0105t czy ro\u015blin. Ka\u017cdy ma w niej swoje znaczenie i swoje miejsce.<\/span><\/p>\n<p><a href=\"http:\/\/gardeon.pl\/wp-content\/uploads\/2021\/06\/odpad-na-kompostovani.jpg\"><img loading=\"lazy\" decoding=\"async\" class=\"aligncenter wp-image-40099\" src=\"http:\/\/gardeon.pl\/wp-content\/uploads\/2021\/06\/odpad-na-kompostovani.jpg\" alt=\"Otwarty kompost wype\u0142niony odpadami.\" width=\"800\" height=\"533\" srcset=\"https:\/\/gardeon.pl\/wp-content\/uploads\/2021\/06\/odpad-na-kompostovani.jpg 1800w, https:\/\/gardeon.pl\/wp-content\/uploads\/2021\/06\/odpad-na-kompostovani-300x200.jpg 300w, https:\/\/gardeon.pl\/wp-content\/uploads\/2021\/06\/odpad-na-kompostovani-1024x683.jpg 1024w, https:\/\/gardeon.pl\/wp-content\/uploads\/2021\/06\/odpad-na-kompostovani-768x512.jpg 768w, https:\/\/gardeon.pl\/wp-content\/uploads\/2021\/06\/odpad-na-kompostovani-1536x1024.jpg 1536w\" sizes=\"auto, (max-width: 800px) 100vw, 800px\" \/><\/a><\/p>\n<h2>Nie odkrywa\u0107, zakrywa\u0107<\/h2>\n<p><span style=\"font-weight: 400;\">W naturze, tak\u017ce w ogrodzie, \u201ego\u0142a\u201d ziemia nie jest czym\u015b naturalnym. To jak zaproszenie dla najbardziej odpornych, najszybciej rozmna\u017caj\u0105cych si\u0119 ro\u015blin (czyli m\u00f3wi\u0105c wprost: chwast\u00f3w) \u2013 halo, tu jest wolne miejsce, tu mo\u017cecie rosn\u0105\u0107! Jakie jest permakulturowe rozwi\u0105zanie?   <\/span><b>Nie walczcie z natur\u0105, kt\u00f3rej cz\u0119\u015bci\u0105 s\u0105 tak\u017ce chwasty, ale zr\u00f3bcie to, co lubi gleba \u2013 przykryjcie j\u0105.<\/b><span style=\"font-weight: 400;\"> \u015aci\u00f3\u0142kujcie j\u0105 s\u0142om\u0105, zr\u0119bkami, li\u015b\u0107mi\u2026 Korzystnych efekt\u00f3w jest od razu kilka \u2013 zapobiegniecie tym samym erozji gleby, nie b\u0119dzie si\u0119 z niej odparowywa\u0107 wilgo\u0107, wi\u0119c nie b\u0119dziecie musieli tyle podlewa\u0107, i nie zostanie miejsca na wzrost chwast\u00f3w (ani na okopywanie).<\/span><\/p>\n<p><a href=\"http:\/\/gardeon.pl\/wp-content\/uploads\/2021\/06\/mrkvova-vnat.jpg\"><img loading=\"lazy\" decoding=\"async\" class=\"aligncenter wp-image-40100\" src=\"http:\/\/gardeon.pl\/wp-content\/uploads\/2021\/06\/mrkvova-vnat.jpg\" alt=\"Na\u0107 marchwiowa.\" width=\"800\" height=\"533\" srcset=\"https:\/\/gardeon.pl\/wp-content\/uploads\/2021\/06\/mrkvova-vnat.jpg 1800w, https:\/\/gardeon.pl\/wp-content\/uploads\/2021\/06\/mrkvova-vnat-300x200.jpg 300w, https:\/\/gardeon.pl\/wp-content\/uploads\/2021\/06\/mrkvova-vnat-1024x683.jpg 1024w, https:\/\/gardeon.pl\/wp-content\/uploads\/2021\/06\/mrkvova-vnat-768x512.jpg 768w, https:\/\/gardeon.pl\/wp-content\/uploads\/2021\/06\/mrkvova-vnat-1536x1024.jpg 1536w\" sizes=\"auto, (max-width: 800px) 100vw, 800px\" \/><\/a><\/p>\n<p><span style=\"font-weight: 400;\">Gdyby jaki\u015b chwast jednak przez \u015bci\u00f3\u0142k\u0119 przer\u00f3s\u0142, \u0142atwo go wyrwiecie (trzeba to jednak zrobi\u0107 jeszcze przed wytworzeniem nasion). Potem po prostu zostawcie go le\u017ce\u0107 na grz\u0105dce, aby jej pos\u0142u\u017cy\u0142. Pod \u015bci\u00f3\u0142k\u0119 mo\u017cecie ewentualnie po\u0142o\u017cy\u0107 karton. Chwasty, kt\u00f3re ju\u017c s\u0105 w glebie, przez niego nie przerosn\u0105. Karton z czasem wraz z wierzchni\u0105 warstw\u0105 roz\u0142o\u017cy si\u0119 i nawozi gleb\u0119. Ro\u015bliny zawsze sadzicie do przykrytej gleby, i to r\u00f3\u017cnorodnie i wystarczaj\u0105co g\u0119sto, tak, aby\u015bcie nie zostawili miejsca dla tych nieproszonych. I zaoszcz\u0119dzicie sobie pracy z okopywaniem i z pieleniem.      <\/span><\/p>\n<h2>To nie jest \u201eogr\u00f3d dla leniwych\u201d<\/h2>\n<p><span style=\"font-weight: 400;\">To raczej ogr\u00f3d dla wyczulonych i my\u015bl\u0105cych. Tak\u017ce w ogrodzie permakulturelnym trzeba pracowa\u0107, tyle \u017ce jest to inna praca i jest inaczej roz\u0142o\u017cona w czasie \u2013 na przyk\u0142ad z utworzeniem podniesionych grz\u0105dek macie pocz\u0105tkowo wi\u0119cej pracy ni\u017c ze zwyk\u0142ym przekopywaniem grz\u0105dki. Ale p\u00f3\u017aniej z kolei upro\u015bci wam prac\u0119 i zaoszcz\u0119dzi. Tak, to prawda, \u017ce w ogrodzie permakulturelnym nie kopie si\u0119 ani nie okopuje. Je\u015bli bowiem wa\u017cne mikroorganizmy glebowe i zwierz\u0119ta dostan\u0105 si\u0119 na \u015bwiat\u0142o, zgin\u0105, co z pewno\u015bci\u0105 glebie nie pos\u0142u\u017cy. Stosuje si\u0119 wi\u0119c dok\u0142adnie odwrotne podej\u015bcie, zaobserwowane w naturze \u2013      <\/span><b>na powierzchni\u0119 dodaje si\u0119 warstwy, kt\u00f3re stopniowo gnij\u0105 i tworz\u0105 w ten spos\u00f3b now\u0105 zdrow\u0105 gleb\u0119<\/b><span style=\"font-weight: 400;\">, podobnie jak spad\u0142e li\u015bcie, ga\u0142\u0119zie i obumar\u0142e resztki ro\u015blin w lesie. Znowu jest to wi\u0119c praca, tylko inna i w innym czasie.<\/span><\/p>\n<h2>Podstaw\u0105 jest dobry plan<\/h2>\n<p><span style=\"font-weight: 400;\">Aby w ogrodzie permakulturowym mniej si\u0119 napracowa\u0107, trzeba w nim wi\u0119cej my\u015ble\u0107 i uwa\u017cniej obserwowa\u0107 warunki \u2013 zar\u00f3wno w samym ogrodzie, jak i w jego otoczeniu. Nale\u017cy dobra\u0107 odpowiednie gatunki ro\u015blin do w\u0142a\u015bciwego miejsca i odpowiednio je ze sob\u0105 zestawi\u0107, posadzi\u0107 drzewa tak, aby nie zacienia\u0142y tam, gdzie potrzebuj\u0105 Pa\u0144stwo s\u0142o\u0144ca, postawi\u0107 domek ogrodowy tak, aby nie chodzi\u0107 niepotrzebnie po narz\u0119dzia ogrodowe, a w razie potrzeby wykorzysta\u0107 go tak\u017ce do stworzenia zacienionego miejsca do odpoczynku\u2026 Je\u015bli chc\u0105 Pa\u0144stwo dzia\u0142a\u0107 \u201epermakulturowo\u201d ju\u017c od pocz\u0105tku, to ju\u017c na tym etapie warto my\u015ble\u0107 o wszystkich elementach tak, aby uzyska\u0107 z nich jak najwi\u0119ksz\u0105 korzy\u015b\u0107 przy minimalnych kosztach i nak\u0142adzie pracy. Dlatego najlepsze s\u0105 oczywi\u015bcie te, kt\u00f3re pos\u0142u\u017c\u0105 Pa\u0144stwu jak najd\u0142u\u017cej.  <\/span><\/p>\n<p><a href=\"http:\/\/gardeon.pl\/wp-content\/uploads\/2021\/06\/uroda-ve-skleniku.jpg\"><img loading=\"lazy\" decoding=\"async\" class=\"aligncenter wp-image-40095\" src=\"http:\/\/gardeon.pl\/wp-content\/uploads\/2021\/06\/uroda-ve-skleniku.jpg\" alt=\"\u017b\u00f3\u0142te kwiaty og\u00f3rka w szklarni.\" width=\"800\" height=\"533\" srcset=\"https:\/\/gardeon.pl\/wp-content\/uploads\/2021\/06\/uroda-ve-skleniku.jpg 1800w, https:\/\/gardeon.pl\/wp-content\/uploads\/2021\/06\/uroda-ve-skleniku-300x200.jpg 300w, https:\/\/gardeon.pl\/wp-content\/uploads\/2021\/06\/uroda-ve-skleniku-1024x683.jpg 1024w, https:\/\/gardeon.pl\/wp-content\/uploads\/2021\/06\/uroda-ve-skleniku-768x512.jpg 768w, https:\/\/gardeon.pl\/wp-content\/uploads\/2021\/06\/uroda-ve-skleniku-1536x1024.jpg 1536w\" sizes=\"auto, (max-width: 800px) 100vw, 800px\" \/><\/a><\/p>\n<h2>Integracja budowli w ogrodzie permakulturelnym<\/h2>\n<p><span style=\"font-weight: 400;\">Integracja budowli w ogrodzie permakulturelnym jest jak uk\u0142adanie puzzli, gdzie ka\u017cdy element \u2013 czy to gara\u017c, altana, domek ogrodowy, szklarnia \u2013 musi dok\u0142adnie pasowa\u0107 do ca\u0142o\u015bciowego obrazu. Umiejscowienie ka\u017cdej budowli nale\u017cy starannie rozwa\u017cy\u0107, aby\u015bmy jak najlepiej wykorzystali zasoby naturalne i stworzyli harmonijn\u0105 i funkcjonaln\u0105 ca\u0142o\u015b\u0107. <\/span><\/p>\n<h2>Umiejscowienie wed\u0142ug stron \u015bwiata<\/h2>\n<ul>\n<li aria-level=\"1\"><b>Strona po\u0142udniowa<\/b><\/li>\n<\/ul>\n<p><span style=\"font-weight: 400;\">Strona po\u0142udniowa ogrodu oferuje <\/span><b>maksymalne wykorzystanie energii s\u0142onecznej<\/b><span style=\"font-weight: 400;\">, dlatego jest optymalna dla budowli, kt\u00f3re wymagaj\u0105 ciep\u0142a i \u015bwiat\u0142a. Mo\u017cecie tutaj umie\u015bci\u0107 na przyk\u0142ad szklarni\u0119, w kt\u00f3rej przed\u0142u\u017cycie okres wegetacyjny i wyhodujecie ro\u015bliny ciep\u0142olubne. Ogr\u00f3d zimowy od strony po\u0142udniowej pos\u0142u\u017cy jako pasywnie ogrzewana przestrze\u0144 do relaksu i uprawy.<\/span><\/p>\n<p><span style=\"font-weight: 400;\">Je\u015bli planujecie budow\u0119 domu, po\u0142udniowa orientacja pomieszcze\u0144 mieszkalnych pomo\u017ce wam obni\u017cy\u0107 koszty ogrzewania. Nie zapominajcie jednak, \u017ce latem od strony po\u0142udniowej mo\u017ce dochodzi\u0107 do przegrzewania, dlatego wa\u017cne jest zapewnienie zacienienia, na przyk\u0142ad za pomoc\u0105 drzew li\u015bciastych, markiz lub \u017caluzji na tarasie. <\/span><b><\/b><\/p>\n<ul>\n<li aria-level=\"1\"><b>Strona p\u00f3\u0142nocna<\/b><\/li>\n<\/ul>\n<p><span style=\"font-weight: 400;\">Strona p\u00f3\u0142nocna waszego ogrodu, na kt\u00f3r\u0105 pada <\/span><b>minimum promieni s\u0142onecznych<\/b><span style=\"font-weight: 400;\">, stanowi idealne miejsce dla budowli, gdzie po\u017c\u0105dane jest ch\u0142odniejsze \u015brodowisko. Umieszczenie gara\u017cu od strony p\u00f3\u0142nocnej ochroni wasz samoch\u00f3d przed przegrzewaniem, natomiast w warsztacie utrzymacie stabiln\u0105 temperatur\u0119 dla narz\u0119dzi i materia\u0142\u00f3w.<\/span><\/p>\n<p><span style=\"font-weight: 400;\">Kompost umieszczony na p\u00f3\u0142nocy b\u0119dzie si\u0119 rozk\u0142ada\u0142 wolniej, co w niekt\u00f3rych przypadkach mo\u017ce by\u0107 zalet\u0105. Strona p\u00f3\u0142nocna ogrodu oferuje tak\u017ce odpowiednie warunki do uprawy ro\u015blin cieniolubi\u0105cych, kt\u00f3re na bezpo\u015brednim s\u0142o\u0144cu by nie prosperowa\u0142y. <\/span><b><\/b><\/p>\n<ul>\n<li aria-level=\"1\"><b>Strona wschodnia<\/b><\/li>\n<\/ul>\n<p><span style=\"font-weight: 400;\">Strona wschodnia waszej dzia\u0142ki przywita was porannym s\u0142o\u0144cem i dlatego jest cz\u0119stym miejscem dla taras\u00f3w, altan i wiat, gdzie mo\u017cecie delektowa\u0107 si\u0119 przyjemnym \u015bniadaniem przy wschodzie s\u0142o\u0144ca. Je\u015bli umie\u015bcicie sypialnie na wschodzie, obudzicie si\u0119 z naturalnym \u015bwiat\u0142em i b\u0119dziecie mieli energi\u0119 na nowy dzie\u0144. <\/span><\/p>\n<p><span style=\"font-weight: 400;\">Strona wschodnia jest tak\u017ce odpowiednia do uprawy ro\u015blin o umiarkowanych wymaganiach s\u0142onecznych, kt\u00f3re doceni\u0105 poranne \u015bwiat\u0142o, ale nie lubi\u0105 po\u0142udniowego upa\u0142u.<\/span><b><\/b><\/p>\n<ul>\n<li aria-level=\"1\"><b>Strona zachodnia<\/b><\/li>\n<\/ul>\n<p><span style=\"font-weight: 400;\">Strona zachodnia dzia\u0142ki jest zalana popo\u0142udniowym i wieczornym s\u0142o\u0144cem, co czyni z niej idealne miejsce do relaksu i delektowania si\u0119 zachodem s\u0142o\u0144ca. Umie\u015b\u0107cie tutaj taras lub altan\u0119 i stw\u00f3rzcie sobie w ten spos\u00f3b przestrze\u0144 do spokojnego posiad\u00f3wki z rodzin\u0105 i przyjaci\u00f3\u0142mi. Pomieszczenia mieszkalne zorientowane na zach\u00f3d b\u0119d\u0105 mia\u0142y przyjemne \u015bwiat\u0142o przez ca\u0142y dzie\u0144.  <\/span><\/p>\n<p><span style=\"font-weight: 400;\">Strona zachodnia z popo\u0142udniowym s\u0142o\u0144cem tworzy idealne warunki do uprawy ro\u015blin, kt\u00f3re kochaj\u0105 ciep\u0142o i \u015bwiat\u0142o, ale jednocze\u015bnie potrzebuj\u0105 ochrony przed ostrym po\u0142udniowym s\u0142o\u0144cem. Mo\u017cecie tutaj umie\u015bci\u0107 na przyk\u0142ad pomidory, papryk\u0119, og\u00f3rki, ale tak\u017ce zio\u0142a jak rozmaryn, tymianek czy lawend\u0119, kt\u00f3re doceni\u0105 ciep\u0142e i s\u0142oneczne \u015brodowisko. <\/span><\/p>\n<p><a href=\"http:\/\/gardeon.pl\/wp-content\/uploads\/2021\/06\/projekt-zahrady.jpg\"><img loading=\"lazy\" decoding=\"async\" class=\"aligncenter wp-image-40097\" src=\"http:\/\/gardeon.pl\/wp-content\/uploads\/2021\/06\/projekt-zahrady.jpg\" alt=\"Przyk\u0142ad projektu z planowaniem ogrodu.\" width=\"800\" height=\"533\" srcset=\"https:\/\/gardeon.pl\/wp-content\/uploads\/2021\/06\/projekt-zahrady.jpg 1800w, https:\/\/gardeon.pl\/wp-content\/uploads\/2021\/06\/projekt-zahrady-300x200.jpg 300w, https:\/\/gardeon.pl\/wp-content\/uploads\/2021\/06\/projekt-zahrady-1024x683.jpg 1024w, https:\/\/gardeon.pl\/wp-content\/uploads\/2021\/06\/projekt-zahrady-768x512.jpg 768w, https:\/\/gardeon.pl\/wp-content\/uploads\/2021\/06\/projekt-zahrady-1536x1024.jpg 1536w\" sizes=\"auto, (max-width: 800px) 100vw, 800px\" \/><\/a><\/p>\n<h3>Miejsca s\u0142oneczne i zacienianie<\/h3>\n<p><span style=\"font-weight: 400;\">W ogrodzie permakulturelnym wa\u017cne jest pracowanie ze s\u0142o\u0144cem i cieniem. Budowle mog\u0105 by\u0107 strategicznie umieszczone tak, aby zapewnia\u0142y cie\u0144 dla ro\u015blin i tworzy\u0142y ch\u0142odne strefy w ogrodzie. Na przyk\u0142ad dom zorientowany na po\u0142udnie mo\u017ce latem zacienia\u0107 ogr\u00f3d warzywny i chroni\u0107 go przed przegrzaniem. \u015aciana domku ogrodowego mo\u017ce zapewni\u0107 cie\u0144 dla ro\u015blin cieniolubi\u0105cych jak hosty, paprocie czy rododendrony.   <\/span><\/p>\n<p><span style=\"font-weight: 400;\">Przy planowaniu zacienienia wa\u017cne jest uwzgl\u0119dnienie tak\u017ce p\u00f3r roku i ruchu s\u0142o\u0144ca. Zim\u0105, gdy s\u0142o\u0144ca jest mniej, mo\u017ce by\u0107 po\u017c\u0105dane, aby promienie s\u0142oneczne przenika\u0142y do ogrodu i go ogrzewa\u0142y. Natomiast latem trzeba zapewni\u0107 wystarczaj\u0105co du\u017co cienia, aby ro\u015bliny i gleba si\u0119 nie przegrzewa\u0142y. Zacienienie mo\u017cemy zapewni\u0107 nie tylko budowlami, ale tak\u017ce nasadzeniami drzew i krzew\u00f3w, <\/span><a href=\"https:\/\/gardeon.pl\/pl\/pergole\/\"><span style=\"font-weight: 400;\">pergolami<\/span><\/a><span style=\"font-weight: 400;\"> z ro\u015blinami pn\u0105cymi lub u\u017cyciem p\u0142acht zacieniaj\u0105cych.<\/span><\/p>\n<h3>Drzewa i krzewy<\/h3>\n<p><span style=\"font-weight: 400;\">Drzewa i krzewy s\u0105 w ogrodzie permakulturelnym niezast\u0105pione. Nie tylko dope\u0142niaj\u0105 jego estetyczny wygl\u0105d, ale pe\u0142ni\u0105 tak\u017ce wiele praktycznych funkcji, r\u00f3wnie\u017c w zwi\u0105zku z umiejscowieniem budowli. Nasadzenie drzew li\u015bciastych od strony po\u0142udniowej i zachodniej domu na przyk\u0142ad zapewnia latem przyjemny cie\u0144 i och\u0142adza otoczenie, czym obni\u017ca potrzeb\u0119 klimatyzacji. Zim\u0105, gdy opadaj\u0105 li\u015bcie, przepuszczaj\u0105 promienie s\u0142oneczne i umo\u017cliwiaj\u0105 pasywne ogrzewanie. Drzewa iglaste od strony p\u00f3\u0142nocnej domu z kolei stworz\u0105 pas wiatrochronny, kt\u00f3ry ochroni ogr\u00f3d przed zimnymi wiatrami p\u00f3\u0142nocnymi i obni\u017cy straty cieplne.    <\/span><\/p>\n<p><span style=\"font-weight: 400;\">\u017bywop\u0142oty z krzew\u00f3w i drzew s\u0105 \u015bwietn\u0105 alternatyw\u0105 dla ogrodze\u0144 z materia\u0142\u00f3w nieo\u017cywionych. Nie tylko ogrodz\u0105 wasz\u0105 dzia\u0142k\u0119 i stworz\u0105 prywatno\u015b\u0107 wok\u00f3\u0142 tarasu czy altanki, ale zapewni\u0105 tak\u017ce schronienie dla ptak\u00f3w, owad\u00f3w i drobnych zwierz\u0105t, czym przyczyni\u0105 si\u0119 do r\u00f3\u017cnorodno\u015bci biologicznej w ogrodzie. Poza tym \u017cywop\u0142oty t\u0142umi\u0105 ha\u0142as z otoczenia, filtruj\u0105 kurz i poprawiaj\u0105 jako\u015b\u0107 powietrza. Wyb\u00f3r odpowiednich gatunk\u00f3w drzew i krzew\u00f3w zale\u017cy od lokalnych warunk\u00f3w i waszych preferencji. Nie b\u00f3jcie si\u0119 eksperymentowa\u0107 i \u0142\u0105czy\u0107 r\u00f3\u017cne gatunki, aby stworzy\u0107 r\u00f3\u017cnorodny i funkcjonalny ogr\u00f3d, kt\u00f3ry b\u0119dzie w harmonii z waszymi budowlami.    <\/span><\/p>\n<p><b>Dalsze czynniki:<\/b><\/p>\n<ul>\n<li style=\"font-weight: 400;\" aria-level=\"1\"><b>Nachylenie dzia\u0142ki:<\/b><span style=\"font-weight: 400;\"> Wykorzystanie terenu do pasywnego ogrzewania i ch\u0142odzenia, zbierania wody deszczowej.<\/span><\/li>\n<li style=\"font-weight: 400;\" aria-level=\"1\"><b>Elementy wodne:<\/b><span style=\"font-weight: 400;\"> Umieszczenie oczek wodnych i strumyk\u00f3w w pobli\u017cu budowli w celu poprawy mikroklimatu i estetyki.<\/span><\/li>\n<li style=\"font-weight: 400;\" aria-level=\"1\"><b>Dost\u0119p do budowli:<\/b><span style=\"font-weight: 400;\"> Zapewnienie wygodnego dost\u0119pu do budowli tak\u017ce w niesprzyjaj\u0105cej pogodzie.<\/span><\/li>\n<li style=\"font-weight: 400;\" aria-level=\"1\"><b>Materia\u0142y:<\/b><span style=\"font-weight: 400;\"> Wykorzystywanie materia\u0142\u00f3w naturalnych i lokalnych o niskim wp\u0142ywie na \u015brodowisko.<\/span><\/li>\n<\/ul>\n<p><span style=\"font-weight: 400;\">Integracja budowli w ogrodzie permakulturelnym jest z\u0142o\u017conym procesem, kt\u00f3ry wymaga dok\u0142adnego planowania i uwzgl\u0119dnienia wszystkich czynnik\u00f3w. W\u0142a\u015bciwe umiejscowienie budowli przyczynia si\u0119 do stworzenia harmonijnego i zr\u00f3wnowa\u017conego \u015brodowiska, kt\u00f3re s\u0142u\u017cy ludziom i przyrodzie. <\/span><\/p>\n<h3><b>Materia\u0142 budowli<\/b><\/h3>\n<p><span style=\"font-weight: 400;\">Przy budowie gara\u017cu, wiaty, altany czy domku ogrodowego przedk\u0142adajcie materia\u0142y naturalne, kt\u00f3re s\u0105 przyjazne dla \u015brodowiska i harmonijnie wpisuj\u0105 si\u0119 w otoczenie przyrodnicze.<\/span><\/p>\n<p><span style=\"font-weight: 400;\">Drewno jest materia\u0142em odnawialnym, kt\u00f3ry \u0142atwo si\u0119 obrabiauje i ma doskona\u0142e w\u0142a\u015bciwo\u015bci termoizolacyjne. Przy wyborze drewna dbajcie o jego pochodzenie i upewnijcie si\u0119, \u017ce pochodzi z las\u00f3w zr\u00f3wnowa\u017cenie gospodarowanych. <\/span><\/p>\n<p><span style=\"font-weight: 400;\">Kamie\u0144 jest kolejnym \u015bwietnym materia\u0142em do budowli permakulturelnych. Jest trwa\u0142y, odporny i ma doskona\u0142\u0105 zdolno\u015b\u0107 akumulowania ciep\u0142a. Mo\u017cecie go wykorzysta\u0107 do budowy \u015bcian, fundament\u00f3w, murk\u00f3w oporowych, ale tak\u017ce do tworzenia murk\u00f3w suchych, kt\u00f3re zapewniaj\u0105 schronienie dla owad\u00f3w i gad\u00f3w.  <\/span><\/p>\n<p><span style=\"font-weight: 400;\">U\u017cycie tych materia\u0142\u00f3w nie tylko wpisuje si\u0119 w koncepcj\u0119 permakultureln\u0105, ale tak\u017ce minimalizuje negatywny wp\u0142yw na \u015brodowisko.<\/span><\/p>\n<h3><b>Zbieranie wody deszczowej<\/b><\/h3>\n<p><span style=\"font-weight: 400;\">W ogrodzie permakulturelnym staramy si\u0119 o jak najskuteczniejsze wykorzystanie wszystkich zasob\u00f3w, w tym wody deszczowej. Dachy gara\u017cy, wiat i domk\u00f3w ogrodowych s\u0105 idealne do jej zbierania. Woda deszczowa jest cennym zasobem, kt\u00f3ry mo\u017cecie wykorzysta\u0107 do nawadniania ogrodu, czym oszcz\u0119dzacie wod\u0119 pitn\u0105 i obni\u017cacie obci\u0105\u017cenie systemu kanalizacyjnego. Do zbierania wody deszczowej u\u017cywa si\u0119 beczek, zbiornik\u00f3w lub cystern, kt\u00f3re umieszcza si\u0119 pod rynnami.   <\/span><\/p>\n<p><a href=\"https:\/\/gardeon.pl\/pl\/blog\/czy-wiedza-panstwo-co-jest-wspaniale-posiadanie-ogrodu-na-dachu\/\"><span style=\"font-weight: 400;\">Zielone dachy<\/span><\/a><span style=\"font-weight: 400;\"> na domach i gara\u017cach s\u0105 kolejnym \u015bwietnym sposobem, jak wykorzysta\u0107 wod\u0119 deszczow\u0105 i jednocze\u015bnie poprawi\u0107 mikroklimat i r\u00f3\u017cnorodno\u015b\u0107 biologiczn\u0105. Zielone dachy to dachy pokryte ro\u015blinno\u015bci\u0105, kt\u00f3ra zatrzymuje wod\u0119 deszczow\u0105, obni\u017ca temperatur\u0119 latem i izoluje zim\u0105. Jednocze\u015bnie zapewniaj\u0105 siedlisko dla owad\u00f3w, ptak\u00f3w i drobnych zwierz\u0105t, czym przyczyniaj\u0105 si\u0119 do r\u00f3\u017cnorodno\u015bci biologicznej w ogrodzie. Poza tym zielone dachy poprawiaj\u0105 estetyczny wygl\u0105d budowli i tworz\u0105 przyjemne \u015brodowisko do odpoczynku.<\/span><\/p>\n<p><a href=\"http:\/\/gardeon.pl\/wp-content\/uploads\/2021\/06\/zelena-strecha.jpg\"><img loading=\"lazy\" decoding=\"async\" class=\"aligncenter wp-image-40094\" src=\"http:\/\/gardeon.pl\/wp-content\/uploads\/2021\/06\/zelena-strecha.jpg\" alt=\"Przyk\u0142ad zielonego dachu z ro\u015blinami.\" width=\"800\" height=\"533\" srcset=\"https:\/\/gardeon.pl\/wp-content\/uploads\/2021\/06\/zelena-strecha.jpg 1800w, https:\/\/gardeon.pl\/wp-content\/uploads\/2021\/06\/zelena-strecha-300x200.jpg 300w, https:\/\/gardeon.pl\/wp-content\/uploads\/2021\/06\/zelena-strecha-1024x683.jpg 1024w, https:\/\/gardeon.pl\/wp-content\/uploads\/2021\/06\/zelena-strecha-768x512.jpg 768w, https:\/\/gardeon.pl\/wp-content\/uploads\/2021\/06\/zelena-strecha-1536x1024.jpg 1536w\" sizes=\"auto, (max-width: 800px) 100vw, 800px\" \/><\/a><\/p>\n<p><span style=\"font-weight: 400;\">Zielone dachy mo\u017cna realizowa\u0107 nie tylko na domach, ale tak\u017ce na <\/span><a href=\"https:\/\/gardeon.pl\/pl\/garaze\/\"><span style=\"font-weight: 400;\">gara\u017cach<\/span><\/a><span style=\"font-weight: 400;\"> czy domkach ogrodowych. Przy ich realizacji wa\u017cne jest wybranie odpowiedniego typu ro\u015blinno\u015bci i zapewnienie wystarczaj\u0105cej no\u015bno\u015bci dachu. S\u0105 \u015bwietnym przyk\u0142adem tego, jak mo\u017cemy w permakulturze po\u0142\u0105czy\u0107 funkcjonalno\u015b\u0107 i estetyk\u0119 z uwzgl\u0119dnieniem \u015brodowiska.<\/span><\/p>\n<p><span style=\"font-weight: 400;\">W ogrodzie permakulturelnym ju\u017c na pocz\u0105tku wa\u017cny jest dobry plan, w kt\u00f3rym o niczym nie zapomniecie i wszystko b\u0119dzie w najbardziej odpowiednim miejscu. A taki plan wymaga czasu, uwa\u017cnego postrzegania otoczenia, my\u015blenia o r\u00f3\u017cnych potrzebach i mo\u017cliwo\u015bciach rozwi\u0105za\u0144. <\/span><\/p>\n<p>&nbsp;<\/p>\n","protected":false},"excerpt":{"rendered":"<p>O ogrodach permakulturowych w ostatnim czasie du\u017co si\u0119 m\u00f3wi. M\u00f3wi si\u0119 na przyk\u0142ad, \u017ce to ogrody \u201edla leniwych\u201d, \u017ce nie maj\u0105 \u017cadnego systemu i panuje w nich ba\u0142agan. Co z tego jest prawd\u0105, a co nie? Jakie naprawd\u0119 s\u0105 ogrody permakulturowe?<\/p>\n","protected":false},"author":2,"featured_media":44050,"comment_status":"open","ping_status":"open","sticky":false,"template":"","format":"standard","meta":{"_acf_changed":false,"inline_featured_image":false,"footnotes":""},"categories":[607,605,594,606,599],"tags":[579,621],"class_list":["post-44036","post","type-post","status-publish","format-standard","has-post-thumbnail","hentry","category-inspiracje","category-jak-to-zrobic-ogrod-diy","category-ogrod","category-pielegnacja","category-rosliny-ziola-kwiaty","tag-gardeon","tag-permakultura"],"acf":[],"yoast_head":"<!-- This site is optimized with the Yoast SEO plugin v27.4 - https:\/\/yoast.com\/product\/yoast-seo-wordpress\/ -->\n<title>Czym jest permakultura i jakie s\u0105 jej podstawowe zasady? | GARDEON<\/title>\n<meta name=\"robots\" content=\"index, follow, max-snippet:-1, max-image-preview:large, max-video-preview:-1\" \/>\n<link rel=\"canonical\" href=\"https:\/\/gardeon.pl\/pl\/blog\/czym-jest-permakultura-i-jakie-sa-jej-podstawowe-zasady\/\" \/>\n<meta property=\"og:locale\" content=\"pl_PL\" \/>\n<meta property=\"og:type\" content=\"article\" \/>\n<meta property=\"og:title\" content=\"Czym jest permakultura i jakie s\u0105 jej podstawowe zasady? | GARDEON\" \/>\n<meta property=\"og:description\" content=\"O ogrodach permakulturowych w ostatnim czasie du\u017co si\u0119 m\u00f3wi. M\u00f3wi si\u0119 na przyk\u0142ad, \u017ce to ogrody \u201edla leniwych\u201d, \u017ce nie maj\u0105 \u017cadnego systemu i panuje w nich ba\u0142agan. Co z tego jest prawd\u0105, a co nie? Jakie naprawd\u0119 s\u0105 ogrody permakulturowe?\" \/>\n<meta property=\"og:url\" content=\"https:\/\/gardeon.pl\/pl\/blog\/czym-jest-permakultura-i-jakie-sa-jej-podstawowe-zasady\/\" \/>\n<meta property=\"og:site_name\" content=\"GARDEON\" \/>\n<meta property=\"article:published_time\" content=\"2026-04-23T13:45:55+00:00\" \/>\n<meta property=\"article:modified_time\" content=\"2026-04-23T16:54:28+00:00\" \/>\n<meta property=\"og:image\" content=\"http:\/\/gardeon.pl\/wp-content\/uploads\/2021\/06\/rajcata-ve-skleniku.jpg\" \/>\n\t<meta property=\"og:image:width\" content=\"1800\" \/>\n\t<meta property=\"og:image:height\" content=\"1200\" \/>\n\t<meta property=\"og:image:type\" content=\"image\/jpeg\" \/>\n<meta name=\"author\" content=\"editor\" \/>\n<meta name=\"twitter:card\" content=\"summary_large_image\" \/>\n<meta name=\"twitter:label1\" content=\"Napisane przez\" \/>\n\t<meta name=\"twitter:data1\" content=\"editor\" \/>\n\t<meta name=\"twitter:label2\" content=\"Szacowany czas czytania\" \/>\n\t<meta name=\"twitter:data2\" content=\"14 minut\" \/>\n<script type=\"application\/ld+json\" class=\"yoast-schema-graph\">{\"@context\":\"https:\\\/\\\/schema.org\",\"@graph\":[{\"@type\":\"Article\",\"@id\":\"https:\\\/\\\/gardeon.pl\\\/pl\\\/blog\\\/czym-jest-permakultura-i-jakie-sa-jej-podstawowe-zasady\\\/#article\",\"isPartOf\":{\"@id\":\"https:\\\/\\\/gardeon.pl\\\/pl\\\/blog\\\/czym-jest-permakultura-i-jakie-sa-jej-podstawowe-zasady\\\/\"},\"author\":{\"name\":\"editor\",\"@id\":\"https:\\\/\\\/gardeon.pl\\\/#\\\/schema\\\/person\\\/a5762ca5f0790bf92774af0899379463\"},\"headline\":\"Czym jest permakultura i jakie s\u0105 jej podstawowe zasady?\",\"datePublished\":\"2026-04-23T13:45:55+00:00\",\"dateModified\":\"2026-04-23T16:54:28+00:00\",\"mainEntityOfPage\":{\"@id\":\"https:\\\/\\\/gardeon.pl\\\/pl\\\/blog\\\/czym-jest-permakultura-i-jakie-sa-jej-podstawowe-zasady\\\/\"},\"wordCount\":2841,\"commentCount\":0,\"image\":{\"@id\":\"https:\\\/\\\/gardeon.pl\\\/pl\\\/blog\\\/czym-jest-permakultura-i-jakie-sa-jej-podstawowe-zasady\\\/#primaryimage\"},\"thumbnailUrl\":\"https:\\\/\\\/gardeon.pl\\\/wp-content\\\/uploads\\\/2021\\\/06\\\/rajcata-ve-skleniku.jpg\",\"keywords\":[\"GARDEON\",\"permakultura\"],\"articleSection\":[\"Inspiracje\",\"Jak to zrobi\u0107 \u2013 ogr\u00f3d | DIY\",\"Ogr\u00f3d\",\"Piel\u0119gnacja\",\"Ro\u015bliny | Zio\u0142a | Kwiaty\"],\"inLanguage\":\"pl-PL\",\"potentialAction\":[{\"@type\":\"CommentAction\",\"name\":\"Comment\",\"target\":[\"https:\\\/\\\/gardeon.pl\\\/pl\\\/blog\\\/czym-jest-permakultura-i-jakie-sa-jej-podstawowe-zasady\\\/#respond\"]}]},{\"@type\":\"WebPage\",\"@id\":\"https:\\\/\\\/gardeon.pl\\\/pl\\\/blog\\\/czym-jest-permakultura-i-jakie-sa-jej-podstawowe-zasady\\\/\",\"url\":\"https:\\\/\\\/gardeon.pl\\\/pl\\\/blog\\\/czym-jest-permakultura-i-jakie-sa-jej-podstawowe-zasady\\\/\",\"name\":\"Czym jest permakultura i jakie s\u0105 jej podstawowe zasady? | GARDEON\",\"isPartOf\":{\"@id\":\"https:\\\/\\\/gardeon.pl\\\/#website\"},\"primaryImageOfPage\":{\"@id\":\"https:\\\/\\\/gardeon.pl\\\/pl\\\/blog\\\/czym-jest-permakultura-i-jakie-sa-jej-podstawowe-zasady\\\/#primaryimage\"},\"image\":{\"@id\":\"https:\\\/\\\/gardeon.pl\\\/pl\\\/blog\\\/czym-jest-permakultura-i-jakie-sa-jej-podstawowe-zasady\\\/#primaryimage\"},\"thumbnailUrl\":\"https:\\\/\\\/gardeon.pl\\\/wp-content\\\/uploads\\\/2021\\\/06\\\/rajcata-ve-skleniku.jpg\",\"datePublished\":\"2026-04-23T13:45:55+00:00\",\"dateModified\":\"2026-04-23T16:54:28+00:00\",\"author\":{\"@id\":\"https:\\\/\\\/gardeon.pl\\\/#\\\/schema\\\/person\\\/a5762ca5f0790bf92774af0899379463\"},\"breadcrumb\":{\"@id\":\"https:\\\/\\\/gardeon.pl\\\/pl\\\/blog\\\/czym-jest-permakultura-i-jakie-sa-jej-podstawowe-zasady\\\/#breadcrumb\"},\"inLanguage\":\"pl-PL\",\"potentialAction\":[{\"@type\":\"ReadAction\",\"target\":[\"https:\\\/\\\/gardeon.pl\\\/pl\\\/blog\\\/czym-jest-permakultura-i-jakie-sa-jej-podstawowe-zasady\\\/\"]}]},{\"@type\":\"ImageObject\",\"inLanguage\":\"pl-PL\",\"@id\":\"https:\\\/\\\/gardeon.pl\\\/pl\\\/blog\\\/czym-jest-permakultura-i-jakie-sa-jej-podstawowe-zasady\\\/#primaryimage\",\"url\":\"https:\\\/\\\/gardeon.pl\\\/wp-content\\\/uploads\\\/2021\\\/06\\\/rajcata-ve-skleniku.jpg\",\"contentUrl\":\"https:\\\/\\\/gardeon.pl\\\/wp-content\\\/uploads\\\/2021\\\/06\\\/rajcata-ve-skleniku.jpg\",\"width\":1800,\"height\":1200,\"caption\":\"Zielone pomidory w szklarni.\"},{\"@type\":\"BreadcrumbList\",\"@id\":\"https:\\\/\\\/gardeon.pl\\\/pl\\\/blog\\\/czym-jest-permakultura-i-jakie-sa-jej-podstawowe-zasady\\\/#breadcrumb\",\"itemListElement\":[{\"@type\":\"ListItem\",\"position\":1,\"name\":\"Domov\",\"item\":\"https:\\\/\\\/gardeon.pl\\\/pl\\\/\"},{\"@type\":\"ListItem\",\"position\":2,\"name\":\"Czym jest permakultura i jakie s\u0105 jej podstawowe zasady?\"}]},{\"@type\":\"WebSite\",\"@id\":\"https:\\\/\\\/gardeon.pl\\\/#website\",\"url\":\"https:\\\/\\\/gardeon.pl\\\/\",\"name\":\"GARDEON\",\"description\":\"\",\"potentialAction\":[{\"@type\":\"SearchAction\",\"target\":{\"@type\":\"EntryPoint\",\"urlTemplate\":\"https:\\\/\\\/gardeon.pl\\\/?s={search_term_string}\"},\"query-input\":{\"@type\":\"PropertyValueSpecification\",\"valueRequired\":true,\"valueName\":\"search_term_string\"}}],\"inLanguage\":\"pl-PL\"},{\"@type\":\"Person\",\"@id\":\"https:\\\/\\\/gardeon.pl\\\/#\\\/schema\\\/person\\\/a5762ca5f0790bf92774af0899379463\",\"name\":\"editor\",\"image\":{\"@type\":\"ImageObject\",\"inLanguage\":\"pl-PL\",\"@id\":\"https:\\\/\\\/secure.gravatar.com\\\/avatar\\\/2b748151c2c748327307fd289a91b3bdafdd9e64e2d000e65e53d6dcf11c5830?s=96&d=mm&r=g\",\"url\":\"https:\\\/\\\/secure.gravatar.com\\\/avatar\\\/2b748151c2c748327307fd289a91b3bdafdd9e64e2d000e65e53d6dcf11c5830?s=96&d=mm&r=g\",\"contentUrl\":\"https:\\\/\\\/secure.gravatar.com\\\/avatar\\\/2b748151c2c748327307fd289a91b3bdafdd9e64e2d000e65e53d6dcf11c5830?s=96&d=mm&r=g\",\"caption\":\"editor\"}}]}<\/script>\n<!-- \/ Yoast SEO plugin. -->","yoast_head_json":{"title":"Czym jest permakultura i jakie s\u0105 jej podstawowe zasady? | GARDEON","robots":{"index":"index","follow":"follow","max-snippet":"max-snippet:-1","max-image-preview":"max-image-preview:large","max-video-preview":"max-video-preview:-1"},"canonical":"https:\/\/gardeon.pl\/pl\/blog\/czym-jest-permakultura-i-jakie-sa-jej-podstawowe-zasady\/","og_locale":"pl_PL","og_type":"article","og_title":"Czym jest permakultura i jakie s\u0105 jej podstawowe zasady? | GARDEON","og_description":"O ogrodach permakulturowych w ostatnim czasie du\u017co si\u0119 m\u00f3wi. M\u00f3wi si\u0119 na przyk\u0142ad, \u017ce to ogrody \u201edla leniwych\u201d, \u017ce nie maj\u0105 \u017cadnego systemu i panuje w nich ba\u0142agan. Co z tego jest prawd\u0105, a co nie? Jakie naprawd\u0119 s\u0105 ogrody permakulturowe?","og_url":"https:\/\/gardeon.pl\/pl\/blog\/czym-jest-permakultura-i-jakie-sa-jej-podstawowe-zasady\/","og_site_name":"GARDEON","article_published_time":"2026-04-23T13:45:55+00:00","article_modified_time":"2026-04-23T16:54:28+00:00","og_image":[{"width":1800,"height":1200,"url":"http:\/\/gardeon.pl\/wp-content\/uploads\/2021\/06\/rajcata-ve-skleniku.jpg","type":"image\/jpeg"}],"author":"editor","twitter_card":"summary_large_image","twitter_misc":{"Napisane przez":"editor","Szacowany czas czytania":"14 minut"},"schema":{"@context":"https:\/\/schema.org","@graph":[{"@type":"Article","@id":"https:\/\/gardeon.pl\/pl\/blog\/czym-jest-permakultura-i-jakie-sa-jej-podstawowe-zasady\/#article","isPartOf":{"@id":"https:\/\/gardeon.pl\/pl\/blog\/czym-jest-permakultura-i-jakie-sa-jej-podstawowe-zasady\/"},"author":{"name":"editor","@id":"https:\/\/gardeon.pl\/#\/schema\/person\/a5762ca5f0790bf92774af0899379463"},"headline":"Czym jest permakultura i jakie s\u0105 jej podstawowe zasady?","datePublished":"2026-04-23T13:45:55+00:00","dateModified":"2026-04-23T16:54:28+00:00","mainEntityOfPage":{"@id":"https:\/\/gardeon.pl\/pl\/blog\/czym-jest-permakultura-i-jakie-sa-jej-podstawowe-zasady\/"},"wordCount":2841,"commentCount":0,"image":{"@id":"https:\/\/gardeon.pl\/pl\/blog\/czym-jest-permakultura-i-jakie-sa-jej-podstawowe-zasady\/#primaryimage"},"thumbnailUrl":"https:\/\/gardeon.pl\/wp-content\/uploads\/2021\/06\/rajcata-ve-skleniku.jpg","keywords":["GARDEON","permakultura"],"articleSection":["Inspiracje","Jak to zrobi\u0107 \u2013 ogr\u00f3d | DIY","Ogr\u00f3d","Piel\u0119gnacja","Ro\u015bliny | Zio\u0142a | Kwiaty"],"inLanguage":"pl-PL","potentialAction":[{"@type":"CommentAction","name":"Comment","target":["https:\/\/gardeon.pl\/pl\/blog\/czym-jest-permakultura-i-jakie-sa-jej-podstawowe-zasady\/#respond"]}]},{"@type":"WebPage","@id":"https:\/\/gardeon.pl\/pl\/blog\/czym-jest-permakultura-i-jakie-sa-jej-podstawowe-zasady\/","url":"https:\/\/gardeon.pl\/pl\/blog\/czym-jest-permakultura-i-jakie-sa-jej-podstawowe-zasady\/","name":"Czym jest permakultura i jakie s\u0105 jej podstawowe zasady? | GARDEON","isPartOf":{"@id":"https:\/\/gardeon.pl\/#website"},"primaryImageOfPage":{"@id":"https:\/\/gardeon.pl\/pl\/blog\/czym-jest-permakultura-i-jakie-sa-jej-podstawowe-zasady\/#primaryimage"},"image":{"@id":"https:\/\/gardeon.pl\/pl\/blog\/czym-jest-permakultura-i-jakie-sa-jej-podstawowe-zasady\/#primaryimage"},"thumbnailUrl":"https:\/\/gardeon.pl\/wp-content\/uploads\/2021\/06\/rajcata-ve-skleniku.jpg","datePublished":"2026-04-23T13:45:55+00:00","dateModified":"2026-04-23T16:54:28+00:00","author":{"@id":"https:\/\/gardeon.pl\/#\/schema\/person\/a5762ca5f0790bf92774af0899379463"},"breadcrumb":{"@id":"https:\/\/gardeon.pl\/pl\/blog\/czym-jest-permakultura-i-jakie-sa-jej-podstawowe-zasady\/#breadcrumb"},"inLanguage":"pl-PL","potentialAction":[{"@type":"ReadAction","target":["https:\/\/gardeon.pl\/pl\/blog\/czym-jest-permakultura-i-jakie-sa-jej-podstawowe-zasady\/"]}]},{"@type":"ImageObject","inLanguage":"pl-PL","@id":"https:\/\/gardeon.pl\/pl\/blog\/czym-jest-permakultura-i-jakie-sa-jej-podstawowe-zasady\/#primaryimage","url":"https:\/\/gardeon.pl\/wp-content\/uploads\/2021\/06\/rajcata-ve-skleniku.jpg","contentUrl":"https:\/\/gardeon.pl\/wp-content\/uploads\/2021\/06\/rajcata-ve-skleniku.jpg","width":1800,"height":1200,"caption":"Zielone pomidory w szklarni."},{"@type":"BreadcrumbList","@id":"https:\/\/gardeon.pl\/pl\/blog\/czym-jest-permakultura-i-jakie-sa-jej-podstawowe-zasady\/#breadcrumb","itemListElement":[{"@type":"ListItem","position":1,"name":"Domov","item":"https:\/\/gardeon.pl\/pl\/"},{"@type":"ListItem","position":2,"name":"Czym jest permakultura i jakie s\u0105 jej podstawowe zasady?"}]},{"@type":"WebSite","@id":"https:\/\/gardeon.pl\/#website","url":"https:\/\/gardeon.pl\/","name":"GARDEON","description":"","potentialAction":[{"@type":"SearchAction","target":{"@type":"EntryPoint","urlTemplate":"https:\/\/gardeon.pl\/?s={search_term_string}"},"query-input":{"@type":"PropertyValueSpecification","valueRequired":true,"valueName":"search_term_string"}}],"inLanguage":"pl-PL"},{"@type":"Person","@id":"https:\/\/gardeon.pl\/#\/schema\/person\/a5762ca5f0790bf92774af0899379463","name":"editor","image":{"@type":"ImageObject","inLanguage":"pl-PL","@id":"https:\/\/secure.gravatar.com\/avatar\/2b748151c2c748327307fd289a91b3bdafdd9e64e2d000e65e53d6dcf11c5830?s=96&d=mm&r=g","url":"https:\/\/secure.gravatar.com\/avatar\/2b748151c2c748327307fd289a91b3bdafdd9e64e2d000e65e53d6dcf11c5830?s=96&d=mm&r=g","contentUrl":"https:\/\/secure.gravatar.com\/avatar\/2b748151c2c748327307fd289a91b3bdafdd9e64e2d000e65e53d6dcf11c5830?s=96&d=mm&r=g","caption":"editor"}}]}},"_links":{"self":[{"href":"https:\/\/gardeon.pl\/pl\/wp-json\/wp\/v2\/posts\/44036","targetHints":{"allow":["GET"]}}],"collection":[{"href":"https:\/\/gardeon.pl\/pl\/wp-json\/wp\/v2\/posts"}],"about":[{"href":"https:\/\/gardeon.pl\/pl\/wp-json\/wp\/v2\/types\/post"}],"author":[{"embeddable":true,"href":"https:\/\/gardeon.pl\/pl\/wp-json\/wp\/v2\/users\/2"}],"replies":[{"embeddable":true,"href":"https:\/\/gardeon.pl\/pl\/wp-json\/wp\/v2\/comments?post=44036"}],"version-history":[{"count":0,"href":"https:\/\/gardeon.pl\/pl\/wp-json\/wp\/v2\/posts\/44036\/revisions"}],"wp:featuredmedia":[{"embeddable":true,"href":"https:\/\/gardeon.pl\/pl\/wp-json\/wp\/v2\/media\/44050"}],"wp:attachment":[{"href":"https:\/\/gardeon.pl\/pl\/wp-json\/wp\/v2\/media?parent=44036"}],"wp:term":[{"taxonomy":"category","embeddable":true,"href":"https:\/\/gardeon.pl\/pl\/wp-json\/wp\/v2\/categories?post=44036"},{"taxonomy":"post_tag","embeddable":true,"href":"https:\/\/gardeon.pl\/pl\/wp-json\/wp\/v2\/tags?post=44036"}],"curies":[{"name":"wp","href":"https:\/\/api.w.org\/{rel}","templated":true}]}}