{"id":44051,"date":"2026-04-23T15:45:55","date_gmt":"2026-04-23T13:45:55","guid":{"rendered":"https:\/\/gardeon.pl\/blog\/gardeon-w-euro-cz-slowacka-firma-rodzinna-rosnie-w-zawrotnym-tempie-dzieki-garazom-pod-klucz\/"},"modified":"2026-04-23T18:54:28","modified_gmt":"2026-04-23T16:54:28","slug":"gardeon-w-euro-cz-slowacka-firma-rodzinna-rosnie-w-zawrotnym-tempie-dzieki-garazom-pod-klucz","status":"publish","type":"post","link":"https:\/\/gardeon.pl\/pl\/blog\/gardeon-w-euro-cz-slowacka-firma-rodzinna-rosnie-w-zawrotnym-tempie-dzieki-garazom-pod-klucz\/","title":{"rendered":"Gardeon w Euro.cz: s\u0142owacka firma rodzinna ro\u015bnie w zawrotnym tempie dzi\u0119ki gara\u017com \u201epod klucz\u201d"},"content":{"rendered":"<p data-renderer-start-pos=\"180\">W czasie, gdy wiele firm stawia na kryptowaluty lub sztuczn\u0105 inteligencj\u0119, s\u0142owacka sp\u00f3\u0142ka Gardeon opiera si\u0119 na solidnym rzemio\u015ble \u2013 i radzi sobie wi\u0119cej ni\u017c dobrze. Ta rodzinna firma specjalizuje si\u0119 w gara\u017cach modu\u0142owych oraz konstrukcjach ogrodowych, kt\u00f3re dostarcza \u201epod klucz\u201d \u2013 cz\u0119sto ju\u017c w ci\u0105gu kilku godzin. <\/p>\n<p data-renderer-start-pos=\"462\">Ich przepis na sukces? Jako\u015b\u0107, szybko\u015b\u0107 i koncentracja na kliencie. Efektem jest dynamiczny wzrost i tysi\u0105ce zadowolonych klient\u00f3w nie tylko na S\u0142owacji, ale tak\u017ce w Czechach. Gardeon udowadnia, \u017ce nawet tradycyjny produkt \u2013 je\u015bli jest wykonywany porz\u0105dnie \u2013 mo\u017ce konkurowa\u0107 z najnowocze\u015bniejszymi trendami.   <\/p>\n<hr>\n<p data-renderer-start-pos=\"462\"><a href=\"http:\/\/gardeon.pl\/wp-content\/uploads\/2025\/08\/eurocz-clanok.png\"><img loading=\"lazy\" decoding=\"async\" class=\"alignnone wp-image-40690\" src=\"http:\/\/gardeon.pl\/wp-content\/uploads\/2025\/08\/eurocz-clanok-225x300.png\" alt=\"\" width=\"885\" height=\"1180\" srcset=\"https:\/\/gardeon.pl\/wp-content\/uploads\/2025\/08\/eurocz-clanok-225x300.png 225w, https:\/\/gardeon.pl\/wp-content\/uploads\/2025\/08\/eurocz-clanok-768x1024.png 768w, https:\/\/gardeon.pl\/wp-content\/uploads\/2025\/08\/eurocz-clanok.png 1062w\" sizes=\"auto, (max-width: 885px) 100vw, 885px\" \/><\/a><\/p>\n<p data-renderer-start-pos=\"462\">\n<hr>\n<p data-renderer-start-pos=\"729\"><em><strong>Ca\u0142\u0105 histori\u0119 ich sukcesu mog\u0105 Pa\u0144stwo przeczyta\u0107 w tym artykule: <\/strong><\/em><a class=\"_mizu194a _1ah31bk5 _ra3xnqa1 _128m1bk5 _1cvmnqa1 _4davt94y _4bfu1r31 _1hms8stv _ajmmnqa1 _vchhusvi _syaz14q2 _ect41gqc _1a3b1r31 _4fpr8stv _5goinqa1 _f8pj14q2 _9oik1r31 _1bnxglyw _jf4cnqa1 _30l314q2 _1nrm1r31 _c2waglyw _1iohnqa1 _9h8h16c2 _1053w7te _1ienw7te _n0fxw7te _1vhvg3x0\" title=\"https:\/\/www.euro.cz\/clanky\/nefusuji-do-kryptomen-ani-ai-a-presto-rostou-jako-divi-slovenska-rodinna-firma-slavi-uspech-s-garazemi-na-klic-montaz-zvlada-za-par-hodin\/\" href=\"https:\/\/www.euro.cz\/clanky\/nefusuji-do-kryptomen-ani-ai-a-presto-rostou-jako-divi-slovenska-rodinna-firma-slavi-uspech-s-garazemi-na-klic-montaz-zvlada-za-par-hodin\/\" data-renderer-mark=\"true\" data-is-router-link=\"false\" data-testid=\"link-with-safety\">Nie bawi\u0105 si\u0119 w kryptowaluty ani AI \u2013 a mimo to rosn\u0105 jak szaleni<\/a><\/p>\n","protected":false},"excerpt":{"rendered":"<p>W czasie, gdy wiele firm stawia na kryptowaluty lub sztuczn\u0105 inteligencj\u0119, s\u0142owacka sp\u00f3\u0142ka Gardeon opiera si\u0119 na solidnym rzemio\u015ble \u2013 i radzi sobie wi\u0119cej ni\u017c dobrze. Ta rodzinna firma specjalizuje si\u0119 w gara\u017cach modu\u0142owych oraz konstrukcjach ogrodowych, kt\u00f3re dostarcza \u201epod klucz\u201d \u2013 cz\u0119sto ju\u017c w ci\u0105gu kilku godzin. Ich przepis na sukces? Jako\u015b\u0107, szybko\u015b\u0107 i [&hellip;]<\/p>\n","protected":false},"author":12,"featured_media":44054,"comment_status":"open","ping_status":"open","sticky":false,"template":"","format":"standard","meta":{"_acf_changed":false,"inline_featured_image":false,"footnotes":""},"categories":[570],"tags":[],"class_list":["post-44051","post","type-post","status-publish","format-standard","has-post-thumbnail","hentry","category-bez-kategorii"],"acf":[],"yoast_head":"<!-- This site is optimized with the Yoast SEO plugin v27.4 - https:\/\/yoast.com\/product\/yoast-seo-wordpress\/ -->\n<title>Gardeon w Euro.cz: s\u0142owacka firma rodzinna ro\u015bnie w zawrotnym tempie dzi\u0119ki gara\u017com \u201epod klucz\u201d - GARDEON<\/title>\n<meta name=\"robots\" content=\"index, follow, max-snippet:-1, max-image-preview:large, max-video-preview:-1\" \/>\n<link rel=\"canonical\" href=\"https:\/\/gardeon.pl\/pl\/blog\/gardeon-w-euro-cz-slowacka-firma-rodzinna-rosnie-w-zawrotnym-tempie-dzieki-garazom-pod-klucz\/\" \/>\n<meta property=\"og:locale\" content=\"pl_PL\" \/>\n<meta property=\"og:type\" content=\"article\" \/>\n<meta property=\"og:title\" content=\"Gardeon w Euro.cz: s\u0142owacka firma rodzinna ro\u015bnie w zawrotnym tempie dzi\u0119ki gara\u017com \u201epod klucz\u201d - GARDEON\" \/>\n<meta property=\"og:description\" content=\"W czasie, gdy wiele firm stawia na kryptowaluty lub sztuczn\u0105 inteligencj\u0119, s\u0142owacka sp\u00f3\u0142ka Gardeon opiera si\u0119 na solidnym rzemio\u015ble \u2013 i radzi sobie wi\u0119cej ni\u017c dobrze. Ta rodzinna firma specjalizuje si\u0119 w gara\u017cach modu\u0142owych oraz konstrukcjach ogrodowych, kt\u00f3re dostarcza \u201epod klucz\u201d \u2013 cz\u0119sto ju\u017c w ci\u0105gu kilku godzin. Ich przepis na sukces? Jako\u015b\u0107, szybko\u015b\u0107 i [&hellip;]\" \/>\n<meta property=\"og:url\" content=\"https:\/\/gardeon.pl\/pl\/blog\/gardeon-w-euro-cz-slowacka-firma-rodzinna-rosnie-w-zawrotnym-tempie-dzieki-garazom-pod-klucz\/\" \/>\n<meta property=\"og:site_name\" content=\"GARDEON\" \/>\n<meta property=\"article:published_time\" content=\"2026-04-23T13:45:55+00:00\" \/>\n<meta property=\"article:modified_time\" content=\"2026-04-23T16:54:28+00:00\" \/>\n<meta property=\"og:image\" content=\"http:\/\/gardeon.pl\/wp-content\/uploads\/2025\/08\/marek-a-martin-cholevovi.jpg\" \/>\n\t<meta property=\"og:image:width\" content=\"670\" \/>\n\t<meta property=\"og:image:height\" content=\"377\" \/>\n\t<meta property=\"og:image:type\" content=\"image\/jpeg\" \/>\n<meta name=\"author\" content=\"Kvetka \u0160imov\u00e1\" \/>\n<meta name=\"twitter:card\" content=\"summary_large_image\" \/>\n<meta name=\"twitter:label1\" content=\"Napisane przez\" \/>\n\t<meta name=\"twitter:data1\" content=\"Kvetka \u0160imov\u00e1\" \/>\n\t<meta name=\"twitter:label2\" content=\"Szacowany czas czytania\" \/>\n\t<meta name=\"twitter:data2\" content=\"1 minuta\" \/>\n<script type=\"application\/ld+json\" class=\"yoast-schema-graph\">{\"@context\":\"https:\\\/\\\/schema.org\",\"@graph\":[{\"@type\":\"Article\",\"@id\":\"https:\\\/\\\/gardeon.pl\\\/pl\\\/blog\\\/gardeon-w-euro-cz-slowacka-firma-rodzinna-rosnie-w-zawrotnym-tempie-dzieki-garazom-pod-klucz\\\/#article\",\"isPartOf\":{\"@id\":\"https:\\\/\\\/gardeon.pl\\\/pl\\\/blog\\\/gardeon-w-euro-cz-slowacka-firma-rodzinna-rosnie-w-zawrotnym-tempie-dzieki-garazom-pod-klucz\\\/\"},\"author\":{\"name\":\"Kvetka \u0160imov\u00e1\",\"@id\":\"https:\\\/\\\/gardeon.pl\\\/#\\\/schema\\\/person\\\/f6d94df9516fedce3fa609ac43525d20\"},\"headline\":\"Gardeon w Euro.cz: s\u0142owacka firma rodzinna ro\u015bnie w zawrotnym tempie dzi\u0119ki gara\u017com \u201epod klucz\u201d\",\"datePublished\":\"2026-04-23T13:45:55+00:00\",\"dateModified\":\"2026-04-23T16:54:28+00:00\",\"mainEntityOfPage\":{\"@id\":\"https:\\\/\\\/gardeon.pl\\\/pl\\\/blog\\\/gardeon-w-euro-cz-slowacka-firma-rodzinna-rosnie-w-zawrotnym-tempie-dzieki-garazom-pod-klucz\\\/\"},\"wordCount\":147,\"commentCount\":0,\"image\":{\"@id\":\"https:\\\/\\\/gardeon.pl\\\/pl\\\/blog\\\/gardeon-w-euro-cz-slowacka-firma-rodzinna-rosnie-w-zawrotnym-tempie-dzieki-garazom-pod-klucz\\\/#primaryimage\"},\"thumbnailUrl\":\"https:\\\/\\\/gardeon.pl\\\/wp-content\\\/uploads\\\/2025\\\/08\\\/marek-a-martin-cholevovi.jpg\",\"inLanguage\":\"pl-PL\",\"potentialAction\":[{\"@type\":\"CommentAction\",\"name\":\"Comment\",\"target\":[\"https:\\\/\\\/gardeon.pl\\\/pl\\\/blog\\\/gardeon-w-euro-cz-slowacka-firma-rodzinna-rosnie-w-zawrotnym-tempie-dzieki-garazom-pod-klucz\\\/#respond\"]}]},{\"@type\":\"WebPage\",\"@id\":\"https:\\\/\\\/gardeon.pl\\\/pl\\\/blog\\\/gardeon-w-euro-cz-slowacka-firma-rodzinna-rosnie-w-zawrotnym-tempie-dzieki-garazom-pod-klucz\\\/\",\"url\":\"https:\\\/\\\/gardeon.pl\\\/pl\\\/blog\\\/gardeon-w-euro-cz-slowacka-firma-rodzinna-rosnie-w-zawrotnym-tempie-dzieki-garazom-pod-klucz\\\/\",\"name\":\"Gardeon w Euro.cz: s\u0142owacka firma rodzinna ro\u015bnie w zawrotnym tempie dzi\u0119ki gara\u017com \u201epod klucz\u201d - GARDEON\",\"isPartOf\":{\"@id\":\"https:\\\/\\\/gardeon.pl\\\/#website\"},\"primaryImageOfPage\":{\"@id\":\"https:\\\/\\\/gardeon.pl\\\/pl\\\/blog\\\/gardeon-w-euro-cz-slowacka-firma-rodzinna-rosnie-w-zawrotnym-tempie-dzieki-garazom-pod-klucz\\\/#primaryimage\"},\"image\":{\"@id\":\"https:\\\/\\\/gardeon.pl\\\/pl\\\/blog\\\/gardeon-w-euro-cz-slowacka-firma-rodzinna-rosnie-w-zawrotnym-tempie-dzieki-garazom-pod-klucz\\\/#primaryimage\"},\"thumbnailUrl\":\"https:\\\/\\\/gardeon.pl\\\/wp-content\\\/uploads\\\/2025\\\/08\\\/marek-a-martin-cholevovi.jpg\",\"datePublished\":\"2026-04-23T13:45:55+00:00\",\"dateModified\":\"2026-04-23T16:54:28+00:00\",\"author\":{\"@id\":\"https:\\\/\\\/gardeon.pl\\\/#\\\/schema\\\/person\\\/f6d94df9516fedce3fa609ac43525d20\"},\"breadcrumb\":{\"@id\":\"https:\\\/\\\/gardeon.pl\\\/pl\\\/blog\\\/gardeon-w-euro-cz-slowacka-firma-rodzinna-rosnie-w-zawrotnym-tempie-dzieki-garazom-pod-klucz\\\/#breadcrumb\"},\"inLanguage\":\"pl-PL\",\"potentialAction\":[{\"@type\":\"ReadAction\",\"target\":[\"https:\\\/\\\/gardeon.pl\\\/pl\\\/blog\\\/gardeon-w-euro-cz-slowacka-firma-rodzinna-rosnie-w-zawrotnym-tempie-dzieki-garazom-pod-klucz\\\/\"]}]},{\"@type\":\"ImageObject\",\"inLanguage\":\"pl-PL\",\"@id\":\"https:\\\/\\\/gardeon.pl\\\/pl\\\/blog\\\/gardeon-w-euro-cz-slowacka-firma-rodzinna-rosnie-w-zawrotnym-tempie-dzieki-garazom-pod-klucz\\\/#primaryimage\",\"url\":\"https:\\\/\\\/gardeon.pl\\\/wp-content\\\/uploads\\\/2025\\\/08\\\/marek-a-martin-cholevovi.jpg\",\"contentUrl\":\"https:\\\/\\\/gardeon.pl\\\/wp-content\\\/uploads\\\/2025\\\/08\\\/marek-a-martin-cholevovi.jpg\",\"width\":670,\"height\":377},{\"@type\":\"BreadcrumbList\",\"@id\":\"https:\\\/\\\/gardeon.pl\\\/pl\\\/blog\\\/gardeon-w-euro-cz-slowacka-firma-rodzinna-rosnie-w-zawrotnym-tempie-dzieki-garazom-pod-klucz\\\/#breadcrumb\",\"itemListElement\":[{\"@type\":\"ListItem\",\"position\":1,\"name\":\"Domov\",\"item\":\"https:\\\/\\\/gardeon.pl\\\/pl\\\/\"},{\"@type\":\"ListItem\",\"position\":2,\"name\":\"Gardeon w Euro.cz: s\u0142owacka firma rodzinna ro\u015bnie w zawrotnym tempie dzi\u0119ki gara\u017com \u201epod klucz\u201d\"}]},{\"@type\":\"WebSite\",\"@id\":\"https:\\\/\\\/gardeon.pl\\\/#website\",\"url\":\"https:\\\/\\\/gardeon.pl\\\/\",\"name\":\"GARDEON\",\"description\":\"\",\"potentialAction\":[{\"@type\":\"SearchAction\",\"target\":{\"@type\":\"EntryPoint\",\"urlTemplate\":\"https:\\\/\\\/gardeon.pl\\\/?s={search_term_string}\"},\"query-input\":{\"@type\":\"PropertyValueSpecification\",\"valueRequired\":true,\"valueName\":\"search_term_string\"}}],\"inLanguage\":\"pl-PL\"},{\"@type\":\"Person\",\"@id\":\"https:\\\/\\\/gardeon.pl\\\/#\\\/schema\\\/person\\\/f6d94df9516fedce3fa609ac43525d20\",\"name\":\"Kvetka \u0160imov\u00e1\",\"image\":{\"@type\":\"ImageObject\",\"inLanguage\":\"pl-PL\",\"@id\":\"https:\\\/\\\/secure.gravatar.com\\\/avatar\\\/71eb0eb611cac56028661df8b2319ffadd0a09ef298614d8dcfc22c510ba744d?s=96&d=mm&r=g\",\"url\":\"https:\\\/\\\/secure.gravatar.com\\\/avatar\\\/71eb0eb611cac56028661df8b2319ffadd0a09ef298614d8dcfc22c510ba744d?s=96&d=mm&r=g\",\"contentUrl\":\"https:\\\/\\\/secure.gravatar.com\\\/avatar\\\/71eb0eb611cac56028661df8b2319ffadd0a09ef298614d8dcfc22c510ba744d?s=96&d=mm&r=g\",\"caption\":\"Kvetka \u0160imov\u00e1\"}}]}<\/script>\n<!-- \/ Yoast SEO plugin. -->","yoast_head_json":{"title":"Gardeon w Euro.cz: s\u0142owacka firma rodzinna ro\u015bnie w zawrotnym tempie dzi\u0119ki gara\u017com \u201epod klucz\u201d - GARDEON","robots":{"index":"index","follow":"follow","max-snippet":"max-snippet:-1","max-image-preview":"max-image-preview:large","max-video-preview":"max-video-preview:-1"},"canonical":"https:\/\/gardeon.pl\/pl\/blog\/gardeon-w-euro-cz-slowacka-firma-rodzinna-rosnie-w-zawrotnym-tempie-dzieki-garazom-pod-klucz\/","og_locale":"pl_PL","og_type":"article","og_title":"Gardeon w Euro.cz: s\u0142owacka firma rodzinna ro\u015bnie w zawrotnym tempie dzi\u0119ki gara\u017com \u201epod klucz\u201d - GARDEON","og_description":"W czasie, gdy wiele firm stawia na kryptowaluty lub sztuczn\u0105 inteligencj\u0119, s\u0142owacka sp\u00f3\u0142ka Gardeon opiera si\u0119 na solidnym rzemio\u015ble \u2013 i radzi sobie wi\u0119cej ni\u017c dobrze. Ta rodzinna firma specjalizuje si\u0119 w gara\u017cach modu\u0142owych oraz konstrukcjach ogrodowych, kt\u00f3re dostarcza \u201epod klucz\u201d \u2013 cz\u0119sto ju\u017c w ci\u0105gu kilku godzin. Ich przepis na sukces? Jako\u015b\u0107, szybko\u015b\u0107 i [&hellip;]","og_url":"https:\/\/gardeon.pl\/pl\/blog\/gardeon-w-euro-cz-slowacka-firma-rodzinna-rosnie-w-zawrotnym-tempie-dzieki-garazom-pod-klucz\/","og_site_name":"GARDEON","article_published_time":"2026-04-23T13:45:55+00:00","article_modified_time":"2026-04-23T16:54:28+00:00","og_image":[{"width":670,"height":377,"url":"http:\/\/gardeon.pl\/wp-content\/uploads\/2025\/08\/marek-a-martin-cholevovi.jpg","type":"image\/jpeg"}],"author":"Kvetka \u0160imov\u00e1","twitter_card":"summary_large_image","twitter_misc":{"Napisane przez":"Kvetka \u0160imov\u00e1","Szacowany czas czytania":"1 minuta"},"schema":{"@context":"https:\/\/schema.org","@graph":[{"@type":"Article","@id":"https:\/\/gardeon.pl\/pl\/blog\/gardeon-w-euro-cz-slowacka-firma-rodzinna-rosnie-w-zawrotnym-tempie-dzieki-garazom-pod-klucz\/#article","isPartOf":{"@id":"https:\/\/gardeon.pl\/pl\/blog\/gardeon-w-euro-cz-slowacka-firma-rodzinna-rosnie-w-zawrotnym-tempie-dzieki-garazom-pod-klucz\/"},"author":{"name":"Kvetka \u0160imov\u00e1","@id":"https:\/\/gardeon.pl\/#\/schema\/person\/f6d94df9516fedce3fa609ac43525d20"},"headline":"Gardeon w Euro.cz: s\u0142owacka firma rodzinna ro\u015bnie w zawrotnym tempie dzi\u0119ki gara\u017com \u201epod klucz\u201d","datePublished":"2026-04-23T13:45:55+00:00","dateModified":"2026-04-23T16:54:28+00:00","mainEntityOfPage":{"@id":"https:\/\/gardeon.pl\/pl\/blog\/gardeon-w-euro-cz-slowacka-firma-rodzinna-rosnie-w-zawrotnym-tempie-dzieki-garazom-pod-klucz\/"},"wordCount":147,"commentCount":0,"image":{"@id":"https:\/\/gardeon.pl\/pl\/blog\/gardeon-w-euro-cz-slowacka-firma-rodzinna-rosnie-w-zawrotnym-tempie-dzieki-garazom-pod-klucz\/#primaryimage"},"thumbnailUrl":"https:\/\/gardeon.pl\/wp-content\/uploads\/2025\/08\/marek-a-martin-cholevovi.jpg","inLanguage":"pl-PL","potentialAction":[{"@type":"CommentAction","name":"Comment","target":["https:\/\/gardeon.pl\/pl\/blog\/gardeon-w-euro-cz-slowacka-firma-rodzinna-rosnie-w-zawrotnym-tempie-dzieki-garazom-pod-klucz\/#respond"]}]},{"@type":"WebPage","@id":"https:\/\/gardeon.pl\/pl\/blog\/gardeon-w-euro-cz-slowacka-firma-rodzinna-rosnie-w-zawrotnym-tempie-dzieki-garazom-pod-klucz\/","url":"https:\/\/gardeon.pl\/pl\/blog\/gardeon-w-euro-cz-slowacka-firma-rodzinna-rosnie-w-zawrotnym-tempie-dzieki-garazom-pod-klucz\/","name":"Gardeon w Euro.cz: s\u0142owacka firma rodzinna ro\u015bnie w zawrotnym tempie dzi\u0119ki gara\u017com \u201epod klucz\u201d - GARDEON","isPartOf":{"@id":"https:\/\/gardeon.pl\/#website"},"primaryImageOfPage":{"@id":"https:\/\/gardeon.pl\/pl\/blog\/gardeon-w-euro-cz-slowacka-firma-rodzinna-rosnie-w-zawrotnym-tempie-dzieki-garazom-pod-klucz\/#primaryimage"},"image":{"@id":"https:\/\/gardeon.pl\/pl\/blog\/gardeon-w-euro-cz-slowacka-firma-rodzinna-rosnie-w-zawrotnym-tempie-dzieki-garazom-pod-klucz\/#primaryimage"},"thumbnailUrl":"https:\/\/gardeon.pl\/wp-content\/uploads\/2025\/08\/marek-a-martin-cholevovi.jpg","datePublished":"2026-04-23T13:45:55+00:00","dateModified":"2026-04-23T16:54:28+00:00","author":{"@id":"https:\/\/gardeon.pl\/#\/schema\/person\/f6d94df9516fedce3fa609ac43525d20"},"breadcrumb":{"@id":"https:\/\/gardeon.pl\/pl\/blog\/gardeon-w-euro-cz-slowacka-firma-rodzinna-rosnie-w-zawrotnym-tempie-dzieki-garazom-pod-klucz\/#breadcrumb"},"inLanguage":"pl-PL","potentialAction":[{"@type":"ReadAction","target":["https:\/\/gardeon.pl\/pl\/blog\/gardeon-w-euro-cz-slowacka-firma-rodzinna-rosnie-w-zawrotnym-tempie-dzieki-garazom-pod-klucz\/"]}]},{"@type":"ImageObject","inLanguage":"pl-PL","@id":"https:\/\/gardeon.pl\/pl\/blog\/gardeon-w-euro-cz-slowacka-firma-rodzinna-rosnie-w-zawrotnym-tempie-dzieki-garazom-pod-klucz\/#primaryimage","url":"https:\/\/gardeon.pl\/wp-content\/uploads\/2025\/08\/marek-a-martin-cholevovi.jpg","contentUrl":"https:\/\/gardeon.pl\/wp-content\/uploads\/2025\/08\/marek-a-martin-cholevovi.jpg","width":670,"height":377},{"@type":"BreadcrumbList","@id":"https:\/\/gardeon.pl\/pl\/blog\/gardeon-w-euro-cz-slowacka-firma-rodzinna-rosnie-w-zawrotnym-tempie-dzieki-garazom-pod-klucz\/#breadcrumb","itemListElement":[{"@type":"ListItem","position":1,"name":"Domov","item":"https:\/\/gardeon.pl\/pl\/"},{"@type":"ListItem","position":2,"name":"Gardeon w Euro.cz: s\u0142owacka firma rodzinna ro\u015bnie w zawrotnym tempie dzi\u0119ki gara\u017com \u201epod klucz\u201d"}]},{"@type":"WebSite","@id":"https:\/\/gardeon.pl\/#website","url":"https:\/\/gardeon.pl\/","name":"GARDEON","description":"","potentialAction":[{"@type":"SearchAction","target":{"@type":"EntryPoint","urlTemplate":"https:\/\/gardeon.pl\/?s={search_term_string}"},"query-input":{"@type":"PropertyValueSpecification","valueRequired":true,"valueName":"search_term_string"}}],"inLanguage":"pl-PL"},{"@type":"Person","@id":"https:\/\/gardeon.pl\/#\/schema\/person\/f6d94df9516fedce3fa609ac43525d20","name":"Kvetka \u0160imov\u00e1","image":{"@type":"ImageObject","inLanguage":"pl-PL","@id":"https:\/\/secure.gravatar.com\/avatar\/71eb0eb611cac56028661df8b2319ffadd0a09ef298614d8dcfc22c510ba744d?s=96&d=mm&r=g","url":"https:\/\/secure.gravatar.com\/avatar\/71eb0eb611cac56028661df8b2319ffadd0a09ef298614d8dcfc22c510ba744d?s=96&d=mm&r=g","contentUrl":"https:\/\/secure.gravatar.com\/avatar\/71eb0eb611cac56028661df8b2319ffadd0a09ef298614d8dcfc22c510ba744d?s=96&d=mm&r=g","caption":"Kvetka \u0160imov\u00e1"}}]}},"_links":{"self":[{"href":"https:\/\/gardeon.pl\/pl\/wp-json\/wp\/v2\/posts\/44051","targetHints":{"allow":["GET"]}}],"collection":[{"href":"https:\/\/gardeon.pl\/pl\/wp-json\/wp\/v2\/posts"}],"about":[{"href":"https:\/\/gardeon.pl\/pl\/wp-json\/wp\/v2\/types\/post"}],"author":[{"embeddable":true,"href":"https:\/\/gardeon.pl\/pl\/wp-json\/wp\/v2\/users\/12"}],"replies":[{"embeddable":true,"href":"https:\/\/gardeon.pl\/pl\/wp-json\/wp\/v2\/comments?post=44051"}],"version-history":[{"count":0,"href":"https:\/\/gardeon.pl\/pl\/wp-json\/wp\/v2\/posts\/44051\/revisions"}],"wp:featuredmedia":[{"embeddable":true,"href":"https:\/\/gardeon.pl\/pl\/wp-json\/wp\/v2\/media\/44054"}],"wp:attachment":[{"href":"https:\/\/gardeon.pl\/pl\/wp-json\/wp\/v2\/media?parent=44051"}],"wp:term":[{"taxonomy":"category","embeddable":true,"href":"https:\/\/gardeon.pl\/pl\/wp-json\/wp\/v2\/categories?post=44051"},{"taxonomy":"post_tag","embeddable":true,"href":"https:\/\/gardeon.pl\/pl\/wp-json\/wp\/v2\/tags?post=44051"}],"curies":[{"name":"wp","href":"https:\/\/api.w.org\/{rel}","templated":true}]}}