{"id":44069,"date":"2026-04-23T15:46:07","date_gmt":"2026-04-23T13:46:07","guid":{"rendered":"https:\/\/gardeon.pl\/blog\/6-miesiecy-ktore-odmienily-nasze-zycie\/"},"modified":"2026-04-23T18:54:28","modified_gmt":"2026-04-23T16:54:28","slug":"6-miesiecy-ktore-odmienily-nasze-zycie","status":"publish","type":"post","link":"https:\/\/gardeon.pl\/pl\/blog\/6-miesiecy-ktore-odmienily-nasze-zycie\/","title":{"rendered":"6 miesi\u0119cy, kt\u00f3re odmieni\u0142y nasze \u017cycie"},"content":{"rendered":"<p style=\"font-weight: 400;\"><em><strong>Rok jeszcze si\u0119 nie sko\u0144czy\u0142, ale ju\u017c teraz wiemy, \u017ce ostatnie sze\u015b\u0107 miesi\u0119cy w GARDEONIE by\u0142o dla nas absolutnie wyj\u0105tkowe. Dawno nie do\u015bwiadczyli\u015bmy tylu wydarze\u0144, wyr\u00f3\u017cnie\u0144 i niespodzianek. Prosz\u0119 oceni\u0107 sami, co si\u0119 wydarzy\u0142o.  <\/strong><\/em><\/p>\n<h3>Nasza droga do \u201eForbesa\u201d<\/h3>\n<p style=\"font-weight: 400;\">Wszystko zacz\u0119\u0142o si\u0119 w czerwcu, kiedy pojawili\u015bmy si\u0119 w <a href=\"https:\/\/forbes.cz\/malo-remeslniku-vyhoda-rikaji-garazovi-bratri-cholevove-a-cili-na-pul-miliardy\/\">Forbesie<\/a>. Rozmawiali\u015bmy o naszych pocz\u0105tkach, o tym, dlaczego wolimy oferowa\u0107 mniej typ\u00f3w gara\u017cy, a tak\u017ce o tym, dlaczego czescy klienci s\u0105 naprawd\u0119 wyj\u0105tkowi. Artyku\u0142 odni\u00f3s\u0142 ogromny sukces \u2014 redakcja umie\u015bci\u0142a nas nawet w\u015br\u00f3d <strong>10 najcz\u0119\u015bciej czytanych artyku\u0142\u00f3w miesi\u0105ca<\/strong>, kt\u00f3re trafi\u0142y r\u00f3wnie\u017c do drukowanego wydania <em>Forbesa<\/em>. I na tym si\u0119 nie sko\u0144czy\u0142o. Nasza historia zainteresowa\u0142a tak\u017ce inne media, na przyk\u0142ad <a href=\"https:\/\/www.e15.cz\/byznys\/garaze-jako-lego-byznysmeni-postavili-uspech-na-investicni-horecce-1427203\">E15.cz<\/a>, <a href=\"https:\/\/www.euro.cz\/clanky\/nefusuji-do-kryptomen-ani-ai-a-presto-rostou-jako-divi-slovenska-rodinna-firma-slavi-uspech-s-garazemi-na-klic-montaz-zvlada-za-par-hodin\/\">Euro.cz<\/a> czy <strong>TV Nova<\/strong>.    <\/p>\n<h3>Sukces, kt\u00f3rego si\u0119 nie spodziewali\u015bmy<\/h3>\n<p style=\"font-weight: 400;\">By\u0107 mo\u017ce pami\u0119taj\u0105 Pa\u0144stwo, \u017ce ju\u017c w poprzednich latach trafili\u015bmy do rankingu <strong>najszybciej rozwijaj\u0105cych si\u0119 firm w Europie<\/strong>, kt\u00f3ry co roku przygotowuje <em>Financial Times<\/em>. W tym roku, w pa\u017adzierniku, osi\u0105gn\u0119li\u015bmy jednak kolejny kamie\u0144 milowy \u2014 <em>Financial Times<\/em> umie\u015bci\u0142 nas w\u015br\u00f3d <a href=\"https:\/\/www.ft.com\/content\/9b6df37f-63a8-4327-93c6-321d1b412e50\">setki<\/a> d\u0142ugoterminowo najszybciej rozwijaj\u0105cych si\u0119 firm w Europie. <\/p>\n<h3><strong>Wyr\u00f3\u017cnienie \u201eCzeska jako\u015b\u0107\u201d<\/strong><\/h3>\n<p style=\"font-weight: 400;\">Pa\u017adziernik przyni\u00f3s\u0142 kolejn\u0105 radosn\u0105 wiadomo\u015b\u0107. <strong>Ministerstwo Przemys\u0142u i Handlu Republiki Czeskiej<\/strong> oraz <strong>Rada Jako\u015bci Republiki Czeskiej<\/strong> wyr\u00f3\u017cni\u0142y nas w ramach wydarzenia <em>Dzie\u0144 z Czesk\u0105 Jako\u015bci\u0105<\/em>. Nasze produkty \u2014 <em>Gara\u017c modu\u0142owy GARDEON\u00ae<\/em> oraz <em>Wiaty GARDEON\u00ae<\/em> \u2014 otrzyma\u0142y presti\u017cowy znak <strong>Osv\u011bd\u010deno pro stavbu<\/strong>. To wyr\u00f3\u017cnienie jest dla nas potwierdzeniem, \u017ce jako\u015b\u0107 i rzetelno\u015b\u0107 si\u0119 op\u0142acaj\u0105.  <\/p>\n<p><a href=\"http:\/\/gardeon.pl\/wp-content\/uploads\/2025\/10\/den-s-ceskou-kvalitou-2025-064-scaled.jpg\"><img loading=\"lazy\" decoding=\"async\" class=\"alignnone wp-image-40966\" src=\"http:\/\/gardeon.pl\/wp-content\/uploads\/2025\/10\/den-s-ceskou-kvalitou-2025-064-300x200.jpg\" alt=\"den s ceskou kvalitou 2025\" width=\"1062\" height=\"708\" srcset=\"https:\/\/gardeon.pl\/wp-content\/uploads\/2025\/10\/den-s-ceskou-kvalitou-2025-064-300x200.jpg 300w, https:\/\/gardeon.pl\/wp-content\/uploads\/2025\/10\/den-s-ceskou-kvalitou-2025-064-1024x683.jpg 1024w, https:\/\/gardeon.pl\/wp-content\/uploads\/2025\/10\/den-s-ceskou-kvalitou-2025-064-768x512.jpg 768w, https:\/\/gardeon.pl\/wp-content\/uploads\/2025\/10\/den-s-ceskou-kvalitou-2025-064-1536x1024.jpg 1536w, https:\/\/gardeon.pl\/wp-content\/uploads\/2025\/10\/den-s-ceskou-kvalitou-2025-064-2048x1365.jpg 2048w\" sizes=\"auto, (max-width: 1062px) 100vw, 1062px\" \/><\/a><\/p>\n<h3>My\u015blimy tak\u017ce o planecie<\/h3>\n<p style=\"font-weight: 400;\">Elementem naszego podej\u015bcia jest r\u00f3wnie\u017c odpowiedzialno\u015b\u0107. W pa\u017adzierniku otrzymali\u015bmy certyfikat <strong>Clean Advantage\u00ae<\/strong>, kt\u00f3ry potwierdza, \u017ce w 2024 roku skompensowali\u015bmy \u015blad w\u0119glowy naszej floty pojazd\u00f3w w zakresie <strong>do 16 266,04 kg CO\u2082<\/strong>. To nie obowi\u0105zek, lecz zobowi\u0105zanie. Chcemy, aby r\u00f3wnie\u017c nasz biznes mia\u0142 jak najmniejszy wp\u0142yw na \u015brodowisko.   <\/p>\n<h3>A co najwa\u017cniejsze?<\/h3>\n<p style=\"font-weight: 400;\">Gdy trzy lata temu zaczynali\u015bmy na czeskim rynku, nie wiedzieli\u015bmy, dok\u0105d zaprowadzi nas ta droga. Dzi\u015b cieszymy si\u0119, \u017ce za nasz\u0105 nazw\u0105 nie stoj\u0105 wy\u0142\u0105cznie liczby, lecz przede wszystkim <strong>tysi\u0105ce zadowolonych czeskich klient\u00f3w<\/strong>, kt\u00f3rzy wybrali GARDEON. Dzi\u0119kujemy, \u017ce s\u0105 Pa\u0144stwo cz\u0119\u015bci\u0105 naszej historii.  <\/p>\n<h3>Prosz\u0119 zobaczy\u0107, co GARDEON robi inaczej<\/h3>\n<p style=\"font-weight: 400;\">Chc\u0105 Pa\u0144stwo wiedzie\u0107, dlaczego nasi klienci tak nas chwal\u0105? Prosz\u0119 <a href=\"http:\/\/www.gardeon.cz\/\">zobaczy\u0107<\/a> nasz\u0105 ofert\u0119 oraz opinie klient\u00f3w.<\/p>\n<p>&nbsp;<\/p>\n","protected":false},"excerpt":{"rendered":"<p>Rok jeszcze si\u0119 nie sko\u0144czy\u0142, ale ju\u017c teraz wiemy, \u017ce ostatnie sze\u015b\u0107 miesi\u0119cy w GARDEONIE by\u0142o dla nas absolutnie wyj\u0105tkowe. Dawno nie do\u015bwiadczyli\u015bmy tylu wydarze\u0144, wyr\u00f3\u017cnie\u0144 i niespodzianek. Prosz\u0119 oceni\u0107 sami, co si\u0119 wydarzy\u0142o. Nasza droga do \u201eForbesa\u201d Wszystko zacz\u0119\u0142o si\u0119 w czerwcu, kiedy pojawili\u015bmy si\u0119 w Forbesie. Rozmawiali\u015bmy o naszych pocz\u0105tkach, o tym, dlaczego [&hellip;]<\/p>\n","protected":false},"author":12,"featured_media":44070,"comment_status":"open","ping_status":"open","sticky":false,"template":"","format":"standard","meta":{"_acf_changed":false,"inline_featured_image":false,"footnotes":""},"categories":[570],"tags":[],"class_list":["post-44069","post","type-post","status-publish","format-standard","has-post-thumbnail","hentry","category-bez-kategorii"],"acf":[],"yoast_head":"<!-- This site is optimized with the Yoast SEO plugin v27.4 - https:\/\/yoast.com\/product\/yoast-seo-wordpress\/ -->\n<title>6 miesi\u0119cy, kt\u00f3re odmieni\u0142y nasze \u017cycie - GARDEON<\/title>\n<meta name=\"robots\" content=\"index, follow, max-snippet:-1, max-image-preview:large, max-video-preview:-1\" \/>\n<link rel=\"canonical\" href=\"https:\/\/gardeon.pl\/pl\/blog\/6-miesiecy-ktore-odmienily-nasze-zycie\/\" \/>\n<meta property=\"og:locale\" content=\"pl_PL\" \/>\n<meta property=\"og:type\" content=\"article\" \/>\n<meta property=\"og:title\" content=\"6 miesi\u0119cy, kt\u00f3re odmieni\u0142y nasze \u017cycie - GARDEON\" \/>\n<meta property=\"og:description\" content=\"Rok jeszcze si\u0119 nie sko\u0144czy\u0142, ale ju\u017c teraz wiemy, \u017ce ostatnie sze\u015b\u0107 miesi\u0119cy w GARDEONIE by\u0142o dla nas absolutnie wyj\u0105tkowe. Dawno nie do\u015bwiadczyli\u015bmy tylu wydarze\u0144, wyr\u00f3\u017cnie\u0144 i niespodzianek. Prosz\u0119 oceni\u0107 sami, co si\u0119 wydarzy\u0142o. Nasza droga do \u201eForbesa\u201d Wszystko zacz\u0119\u0142o si\u0119 w czerwcu, kiedy pojawili\u015bmy si\u0119 w Forbesie. Rozmawiali\u015bmy o naszych pocz\u0105tkach, o tym, dlaczego [&hellip;]\" \/>\n<meta property=\"og:url\" content=\"https:\/\/gardeon.pl\/pl\/blog\/6-miesiecy-ktore-odmienily-nasze-zycie\/\" \/>\n<meta property=\"og:site_name\" content=\"GARDEON\" \/>\n<meta property=\"article:published_time\" content=\"2026-04-23T13:46:07+00:00\" \/>\n<meta property=\"article:modified_time\" content=\"2026-04-23T16:54:28+00:00\" \/>\n<meta property=\"og:image\" content=\"http:\/\/gardeon.pl\/wp-content\/uploads\/2023\/05\/gardeon-spokojny-zakaznik-5729-1.jpg\" \/>\n\t<meta property=\"og:image:width\" content=\"2000\" \/>\n\t<meta property=\"og:image:height\" content=\"1333\" \/>\n\t<meta property=\"og:image:type\" content=\"image\/jpeg\" \/>\n<meta name=\"author\" content=\"Kvetka \u0160imov\u00e1\" \/>\n<meta name=\"twitter:card\" content=\"summary_large_image\" \/>\n<meta name=\"twitter:label1\" content=\"Napisane przez\" \/>\n\t<meta name=\"twitter:data1\" content=\"Kvetka \u0160imov\u00e1\" \/>\n\t<meta name=\"twitter:label2\" content=\"Szacowany czas czytania\" \/>\n\t<meta name=\"twitter:data2\" content=\"2 minuty\" \/>\n<script type=\"application\/ld+json\" class=\"yoast-schema-graph\">{\"@context\":\"https:\\\/\\\/schema.org\",\"@graph\":[{\"@type\":\"Article\",\"@id\":\"https:\\\/\\\/gardeon.pl\\\/pl\\\/blog\\\/6-miesiecy-ktore-odmienily-nasze-zycie\\\/#article\",\"isPartOf\":{\"@id\":\"https:\\\/\\\/gardeon.pl\\\/pl\\\/blog\\\/6-miesiecy-ktore-odmienily-nasze-zycie\\\/\"},\"author\":{\"name\":\"Kvetka \u0160imov\u00e1\",\"@id\":\"https:\\\/\\\/gardeon.pl\\\/#\\\/schema\\\/person\\\/f6d94df9516fedce3fa609ac43525d20\"},\"headline\":\"6 miesi\u0119cy, kt\u00f3re odmieni\u0142y nasze \u017cycie\",\"datePublished\":\"2026-04-23T13:46:07+00:00\",\"dateModified\":\"2026-04-23T16:54:28+00:00\",\"mainEntityOfPage\":{\"@id\":\"https:\\\/\\\/gardeon.pl\\\/pl\\\/blog\\\/6-miesiecy-ktore-odmienily-nasze-zycie\\\/\"},\"wordCount\":433,\"commentCount\":0,\"image\":{\"@id\":\"https:\\\/\\\/gardeon.pl\\\/pl\\\/blog\\\/6-miesiecy-ktore-odmienily-nasze-zycie\\\/#primaryimage\"},\"thumbnailUrl\":\"https:\\\/\\\/gardeon.pl\\\/wp-content\\\/uploads\\\/2023\\\/05\\\/gardeon-spokojny-zakaznik-5729-1.jpg\",\"inLanguage\":\"pl-PL\",\"potentialAction\":[{\"@type\":\"CommentAction\",\"name\":\"Comment\",\"target\":[\"https:\\\/\\\/gardeon.pl\\\/pl\\\/blog\\\/6-miesiecy-ktore-odmienily-nasze-zycie\\\/#respond\"]}]},{\"@type\":\"WebPage\",\"@id\":\"https:\\\/\\\/gardeon.pl\\\/pl\\\/blog\\\/6-miesiecy-ktore-odmienily-nasze-zycie\\\/\",\"url\":\"https:\\\/\\\/gardeon.pl\\\/pl\\\/blog\\\/6-miesiecy-ktore-odmienily-nasze-zycie\\\/\",\"name\":\"6 miesi\u0119cy, kt\u00f3re odmieni\u0142y nasze \u017cycie - GARDEON\",\"isPartOf\":{\"@id\":\"https:\\\/\\\/gardeon.pl\\\/#website\"},\"primaryImageOfPage\":{\"@id\":\"https:\\\/\\\/gardeon.pl\\\/pl\\\/blog\\\/6-miesiecy-ktore-odmienily-nasze-zycie\\\/#primaryimage\"},\"image\":{\"@id\":\"https:\\\/\\\/gardeon.pl\\\/pl\\\/blog\\\/6-miesiecy-ktore-odmienily-nasze-zycie\\\/#primaryimage\"},\"thumbnailUrl\":\"https:\\\/\\\/gardeon.pl\\\/wp-content\\\/uploads\\\/2023\\\/05\\\/gardeon-spokojny-zakaznik-5729-1.jpg\",\"datePublished\":\"2026-04-23T13:46:07+00:00\",\"dateModified\":\"2026-04-23T16:54:28+00:00\",\"author\":{\"@id\":\"https:\\\/\\\/gardeon.pl\\\/#\\\/schema\\\/person\\\/f6d94df9516fedce3fa609ac43525d20\"},\"breadcrumb\":{\"@id\":\"https:\\\/\\\/gardeon.pl\\\/pl\\\/blog\\\/6-miesiecy-ktore-odmienily-nasze-zycie\\\/#breadcrumb\"},\"inLanguage\":\"pl-PL\",\"potentialAction\":[{\"@type\":\"ReadAction\",\"target\":[\"https:\\\/\\\/gardeon.pl\\\/pl\\\/blog\\\/6-miesiecy-ktore-odmienily-nasze-zycie\\\/\"]}]},{\"@type\":\"ImageObject\",\"inLanguage\":\"pl-PL\",\"@id\":\"https:\\\/\\\/gardeon.pl\\\/pl\\\/blog\\\/6-miesiecy-ktore-odmienily-nasze-zycie\\\/#primaryimage\",\"url\":\"https:\\\/\\\/gardeon.pl\\\/wp-content\\\/uploads\\\/2023\\\/05\\\/gardeon-spokojny-zakaznik-5729-1.jpg\",\"contentUrl\":\"https:\\\/\\\/gardeon.pl\\\/wp-content\\\/uploads\\\/2023\\\/05\\\/gardeon-spokojny-zakaznik-5729-1.jpg\",\"width\":2000,\"height\":1333,\"caption\":\"GARDEON \u2013 zadowoleni klienci z ekip\u0105 monta\u017cow\u0105 przy gara\u017cu\"},{\"@type\":\"BreadcrumbList\",\"@id\":\"https:\\\/\\\/gardeon.pl\\\/pl\\\/blog\\\/6-miesiecy-ktore-odmienily-nasze-zycie\\\/#breadcrumb\",\"itemListElement\":[{\"@type\":\"ListItem\",\"position\":1,\"name\":\"Domov\",\"item\":\"https:\\\/\\\/gardeon.pl\\\/pl\\\/\"},{\"@type\":\"ListItem\",\"position\":2,\"name\":\"6 miesi\u0119cy, kt\u00f3re odmieni\u0142y nasze \u017cycie\"}]},{\"@type\":\"WebSite\",\"@id\":\"https:\\\/\\\/gardeon.pl\\\/#website\",\"url\":\"https:\\\/\\\/gardeon.pl\\\/\",\"name\":\"GARDEON\",\"description\":\"\",\"potentialAction\":[{\"@type\":\"SearchAction\",\"target\":{\"@type\":\"EntryPoint\",\"urlTemplate\":\"https:\\\/\\\/gardeon.pl\\\/?s={search_term_string}\"},\"query-input\":{\"@type\":\"PropertyValueSpecification\",\"valueRequired\":true,\"valueName\":\"search_term_string\"}}],\"inLanguage\":\"pl-PL\"},{\"@type\":\"Person\",\"@id\":\"https:\\\/\\\/gardeon.pl\\\/#\\\/schema\\\/person\\\/f6d94df9516fedce3fa609ac43525d20\",\"name\":\"Kvetka \u0160imov\u00e1\",\"image\":{\"@type\":\"ImageObject\",\"inLanguage\":\"pl-PL\",\"@id\":\"https:\\\/\\\/secure.gravatar.com\\\/avatar\\\/71eb0eb611cac56028661df8b2319ffadd0a09ef298614d8dcfc22c510ba744d?s=96&d=mm&r=g\",\"url\":\"https:\\\/\\\/secure.gravatar.com\\\/avatar\\\/71eb0eb611cac56028661df8b2319ffadd0a09ef298614d8dcfc22c510ba744d?s=96&d=mm&r=g\",\"contentUrl\":\"https:\\\/\\\/secure.gravatar.com\\\/avatar\\\/71eb0eb611cac56028661df8b2319ffadd0a09ef298614d8dcfc22c510ba744d?s=96&d=mm&r=g\",\"caption\":\"Kvetka \u0160imov\u00e1\"}}]}<\/script>\n<!-- \/ Yoast SEO plugin. -->","yoast_head_json":{"title":"6 miesi\u0119cy, kt\u00f3re odmieni\u0142y nasze \u017cycie - GARDEON","robots":{"index":"index","follow":"follow","max-snippet":"max-snippet:-1","max-image-preview":"max-image-preview:large","max-video-preview":"max-video-preview:-1"},"canonical":"https:\/\/gardeon.pl\/pl\/blog\/6-miesiecy-ktore-odmienily-nasze-zycie\/","og_locale":"pl_PL","og_type":"article","og_title":"6 miesi\u0119cy, kt\u00f3re odmieni\u0142y nasze \u017cycie - GARDEON","og_description":"Rok jeszcze si\u0119 nie sko\u0144czy\u0142, ale ju\u017c teraz wiemy, \u017ce ostatnie sze\u015b\u0107 miesi\u0119cy w GARDEONIE by\u0142o dla nas absolutnie wyj\u0105tkowe. Dawno nie do\u015bwiadczyli\u015bmy tylu wydarze\u0144, wyr\u00f3\u017cnie\u0144 i niespodzianek. Prosz\u0119 oceni\u0107 sami, co si\u0119 wydarzy\u0142o. Nasza droga do \u201eForbesa\u201d Wszystko zacz\u0119\u0142o si\u0119 w czerwcu, kiedy pojawili\u015bmy si\u0119 w Forbesie. Rozmawiali\u015bmy o naszych pocz\u0105tkach, o tym, dlaczego [&hellip;]","og_url":"https:\/\/gardeon.pl\/pl\/blog\/6-miesiecy-ktore-odmienily-nasze-zycie\/","og_site_name":"GARDEON","article_published_time":"2026-04-23T13:46:07+00:00","article_modified_time":"2026-04-23T16:54:28+00:00","og_image":[{"width":2000,"height":1333,"url":"http:\/\/gardeon.pl\/wp-content\/uploads\/2023\/05\/gardeon-spokojny-zakaznik-5729-1.jpg","type":"image\/jpeg"}],"author":"Kvetka \u0160imov\u00e1","twitter_card":"summary_large_image","twitter_misc":{"Napisane przez":"Kvetka \u0160imov\u00e1","Szacowany czas czytania":"2 minuty"},"schema":{"@context":"https:\/\/schema.org","@graph":[{"@type":"Article","@id":"https:\/\/gardeon.pl\/pl\/blog\/6-miesiecy-ktore-odmienily-nasze-zycie\/#article","isPartOf":{"@id":"https:\/\/gardeon.pl\/pl\/blog\/6-miesiecy-ktore-odmienily-nasze-zycie\/"},"author":{"name":"Kvetka \u0160imov\u00e1","@id":"https:\/\/gardeon.pl\/#\/schema\/person\/f6d94df9516fedce3fa609ac43525d20"},"headline":"6 miesi\u0119cy, kt\u00f3re odmieni\u0142y nasze \u017cycie","datePublished":"2026-04-23T13:46:07+00:00","dateModified":"2026-04-23T16:54:28+00:00","mainEntityOfPage":{"@id":"https:\/\/gardeon.pl\/pl\/blog\/6-miesiecy-ktore-odmienily-nasze-zycie\/"},"wordCount":433,"commentCount":0,"image":{"@id":"https:\/\/gardeon.pl\/pl\/blog\/6-miesiecy-ktore-odmienily-nasze-zycie\/#primaryimage"},"thumbnailUrl":"https:\/\/gardeon.pl\/wp-content\/uploads\/2023\/05\/gardeon-spokojny-zakaznik-5729-1.jpg","inLanguage":"pl-PL","potentialAction":[{"@type":"CommentAction","name":"Comment","target":["https:\/\/gardeon.pl\/pl\/blog\/6-miesiecy-ktore-odmienily-nasze-zycie\/#respond"]}]},{"@type":"WebPage","@id":"https:\/\/gardeon.pl\/pl\/blog\/6-miesiecy-ktore-odmienily-nasze-zycie\/","url":"https:\/\/gardeon.pl\/pl\/blog\/6-miesiecy-ktore-odmienily-nasze-zycie\/","name":"6 miesi\u0119cy, kt\u00f3re odmieni\u0142y nasze \u017cycie - GARDEON","isPartOf":{"@id":"https:\/\/gardeon.pl\/#website"},"primaryImageOfPage":{"@id":"https:\/\/gardeon.pl\/pl\/blog\/6-miesiecy-ktore-odmienily-nasze-zycie\/#primaryimage"},"image":{"@id":"https:\/\/gardeon.pl\/pl\/blog\/6-miesiecy-ktore-odmienily-nasze-zycie\/#primaryimage"},"thumbnailUrl":"https:\/\/gardeon.pl\/wp-content\/uploads\/2023\/05\/gardeon-spokojny-zakaznik-5729-1.jpg","datePublished":"2026-04-23T13:46:07+00:00","dateModified":"2026-04-23T16:54:28+00:00","author":{"@id":"https:\/\/gardeon.pl\/#\/schema\/person\/f6d94df9516fedce3fa609ac43525d20"},"breadcrumb":{"@id":"https:\/\/gardeon.pl\/pl\/blog\/6-miesiecy-ktore-odmienily-nasze-zycie\/#breadcrumb"},"inLanguage":"pl-PL","potentialAction":[{"@type":"ReadAction","target":["https:\/\/gardeon.pl\/pl\/blog\/6-miesiecy-ktore-odmienily-nasze-zycie\/"]}]},{"@type":"ImageObject","inLanguage":"pl-PL","@id":"https:\/\/gardeon.pl\/pl\/blog\/6-miesiecy-ktore-odmienily-nasze-zycie\/#primaryimage","url":"https:\/\/gardeon.pl\/wp-content\/uploads\/2023\/05\/gardeon-spokojny-zakaznik-5729-1.jpg","contentUrl":"https:\/\/gardeon.pl\/wp-content\/uploads\/2023\/05\/gardeon-spokojny-zakaznik-5729-1.jpg","width":2000,"height":1333,"caption":"GARDEON \u2013 zadowoleni klienci z ekip\u0105 monta\u017cow\u0105 przy gara\u017cu"},{"@type":"BreadcrumbList","@id":"https:\/\/gardeon.pl\/pl\/blog\/6-miesiecy-ktore-odmienily-nasze-zycie\/#breadcrumb","itemListElement":[{"@type":"ListItem","position":1,"name":"Domov","item":"https:\/\/gardeon.pl\/pl\/"},{"@type":"ListItem","position":2,"name":"6 miesi\u0119cy, kt\u00f3re odmieni\u0142y nasze \u017cycie"}]},{"@type":"WebSite","@id":"https:\/\/gardeon.pl\/#website","url":"https:\/\/gardeon.pl\/","name":"GARDEON","description":"","potentialAction":[{"@type":"SearchAction","target":{"@type":"EntryPoint","urlTemplate":"https:\/\/gardeon.pl\/?s={search_term_string}"},"query-input":{"@type":"PropertyValueSpecification","valueRequired":true,"valueName":"search_term_string"}}],"inLanguage":"pl-PL"},{"@type":"Person","@id":"https:\/\/gardeon.pl\/#\/schema\/person\/f6d94df9516fedce3fa609ac43525d20","name":"Kvetka \u0160imov\u00e1","image":{"@type":"ImageObject","inLanguage":"pl-PL","@id":"https:\/\/secure.gravatar.com\/avatar\/71eb0eb611cac56028661df8b2319ffadd0a09ef298614d8dcfc22c510ba744d?s=96&d=mm&r=g","url":"https:\/\/secure.gravatar.com\/avatar\/71eb0eb611cac56028661df8b2319ffadd0a09ef298614d8dcfc22c510ba744d?s=96&d=mm&r=g","contentUrl":"https:\/\/secure.gravatar.com\/avatar\/71eb0eb611cac56028661df8b2319ffadd0a09ef298614d8dcfc22c510ba744d?s=96&d=mm&r=g","caption":"Kvetka \u0160imov\u00e1"}}]}},"_links":{"self":[{"href":"https:\/\/gardeon.pl\/pl\/wp-json\/wp\/v2\/posts\/44069","targetHints":{"allow":["GET"]}}],"collection":[{"href":"https:\/\/gardeon.pl\/pl\/wp-json\/wp\/v2\/posts"}],"about":[{"href":"https:\/\/gardeon.pl\/pl\/wp-json\/wp\/v2\/types\/post"}],"author":[{"embeddable":true,"href":"https:\/\/gardeon.pl\/pl\/wp-json\/wp\/v2\/users\/12"}],"replies":[{"embeddable":true,"href":"https:\/\/gardeon.pl\/pl\/wp-json\/wp\/v2\/comments?post=44069"}],"version-history":[{"count":0,"href":"https:\/\/gardeon.pl\/pl\/wp-json\/wp\/v2\/posts\/44069\/revisions"}],"wp:featuredmedia":[{"embeddable":true,"href":"https:\/\/gardeon.pl\/pl\/wp-json\/wp\/v2\/media\/44070"}],"wp:attachment":[{"href":"https:\/\/gardeon.pl\/pl\/wp-json\/wp\/v2\/media?parent=44069"}],"wp:term":[{"taxonomy":"category","embeddable":true,"href":"https:\/\/gardeon.pl\/pl\/wp-json\/wp\/v2\/categories?post=44069"},{"taxonomy":"post_tag","embeddable":true,"href":"https:\/\/gardeon.pl\/pl\/wp-json\/wp\/v2\/tags?post=44069"}],"curies":[{"name":"wp","href":"https:\/\/api.w.org\/{rel}","templated":true}]}}