{"id":44370,"date":"2026-04-23T15:46:32","date_gmt":"2026-04-23T13:46:32","guid":{"rendered":"https:\/\/gardeon.pl\/blog\/w-prestizowym-rankingu-top-300-dziennika-financial-times-znalezlismy-sie-w-pierwszej-piecdziesiatce\/"},"modified":"2026-04-23T18:54:27","modified_gmt":"2026-04-23T16:54:27","slug":"w-prestizowym-rankingu-top-300-dziennika-financial-times-znalezlismy-sie-w-pierwszej-piecdziesiatce","status":"publish","type":"post","link":"https:\/\/gardeon.pl\/pl\/blog\/w-prestizowym-rankingu-top-300-dziennika-financial-times-znalezlismy-sie-w-pierwszej-piecdziesiatce\/","title":{"rendered":"W presti\u017cowym rankingu TOP 300 dziennika Financial Times znale\u017ali\u015bmy si\u0119 w pierwszej pi\u0119\u0107dziesi\u0105tce!"},"content":{"rendered":"<p class=\"p1\"><em><span style=\"font-weight: 400;\">\u015awiatowej s\u0142awy brytyjski magazyn ekonomiczny Financial Times (FT), we wsp\u00f3\u0142pracy ze Statista \u2013 jednym z najwi\u0119kszych portali specjalizuj\u0105cych si\u0119 w gromadzeniu i wizualizacji danych \u2013 regularnie publikuje zestawienia najszybciej rozwijaj\u0105cych si\u0119 firm w Europie. W tym roku skupiono si\u0119 na d\u0142ugoterminowym wzro\u015bcie przedsi\u0119biorstw, a nasza firma GARDEON zakwalifikowa\u0142a si\u0119 do rankingu TOP 300, trafiaj\u0105c nawet do pierwszej pi\u0119\u0107dziesi\u0105tki najlepszych firm. <\/span><\/em><\/p>\n<p><!--more--><\/p>\n","protected":false},"excerpt":{"rendered":"<p>\u015awiatowej s\u0142awy brytyjski magazyn ekonomiczny Financial Times (FT), we wsp\u00f3\u0142pracy ze Statista \u2013 jednym z najwi\u0119kszych portali specjalizuj\u0105cych si\u0119 w gromadzeniu i wizualizacji danych \u2013 regularnie publikuje zestawienia najszybciej rozwijaj\u0105cych si\u0119 firm w Europie. W tym roku skupiono si\u0119 na d\u0142ugoterminowym wzro\u015bcie przedsi\u0119biorstw, a nasza firma GARDEON zakwalifikowa\u0142a si\u0119 do rankingu TOP 300, trafiaj\u0105c nawet [&hellip;]<\/p>\n","protected":false},"author":13,"featured_media":44377,"comment_status":"open","ping_status":"open","sticky":false,"template":"","format":"standard","meta":{"_acf_changed":false,"inline_featured_image":false,"footnotes":""},"categories":[593],"tags":[],"class_list":["post-44370","post","type-post","status-publish","format-standard","has-post-thumbnail","hentry","category-aktualnosci"],"acf":[],"yoast_head":"<!-- This site is optimized with the Yoast SEO plugin v27.4 - https:\/\/yoast.com\/product\/yoast-seo-wordpress\/ -->\n<title>W presti\u017cowym rankingu TOP 300 dziennika Financial Times znale\u017ali\u015bmy si\u0119 w pierwszej pi\u0119\u0107dziesi\u0105tce! - GARDEON<\/title>\n<meta name=\"robots\" content=\"index, follow, max-snippet:-1, max-image-preview:large, max-video-preview:-1\" \/>\n<link rel=\"canonical\" href=\"https:\/\/gardeon.pl\/pl\/blog\/w-prestizowym-rankingu-top-300-dziennika-financial-times-znalezlismy-sie-w-pierwszej-piecdziesiatce\/\" \/>\n<meta property=\"og:locale\" content=\"pl_PL\" \/>\n<meta property=\"og:type\" content=\"article\" \/>\n<meta property=\"og:title\" content=\"W presti\u017cowym rankingu TOP 300 dziennika Financial Times znale\u017ali\u015bmy si\u0119 w pierwszej pi\u0119\u0107dziesi\u0105tce! - GARDEON\" \/>\n<meta property=\"og:description\" content=\"\u015awiatowej s\u0142awy brytyjski magazyn ekonomiczny Financial Times (FT), we wsp\u00f3\u0142pracy ze Statista \u2013 jednym z najwi\u0119kszych portali specjalizuj\u0105cych si\u0119 w gromadzeniu i wizualizacji danych \u2013 regularnie publikuje zestawienia najszybciej rozwijaj\u0105cych si\u0119 firm w Europie. W tym roku skupiono si\u0119 na d\u0142ugoterminowym wzro\u015bcie przedsi\u0119biorstw, a nasza firma GARDEON zakwalifikowa\u0142a si\u0119 do rankingu TOP 300, trafiaj\u0105c nawet [&hellip;]\" \/>\n<meta property=\"og:url\" content=\"https:\/\/gardeon.pl\/pl\/blog\/w-prestizowym-rankingu-top-300-dziennika-financial-times-znalezlismy-sie-w-pierwszej-piecdziesiatce\/\" \/>\n<meta property=\"og:site_name\" content=\"GARDEON\" \/>\n<meta property=\"article:published_time\" content=\"2026-04-23T13:46:32+00:00\" \/>\n<meta property=\"article:modified_time\" content=\"2026-04-23T16:54:27+00:00\" \/>\n<meta property=\"og:image\" content=\"http:\/\/gardeon.pl\/wp-content\/uploads\/2024\/04\/gardeon-maskot-certificate-financial-times-statista-4-scaled.webp\" \/>\n\t<meta property=\"og:image:width\" content=\"2560\" \/>\n\t<meta property=\"og:image:height\" content=\"1439\" \/>\n\t<meta property=\"og:image:type\" content=\"image\/webp\" \/>\n<meta name=\"author\" content=\"Anna Kada\u0148kov\u00e1\" \/>\n<meta name=\"twitter:card\" content=\"summary_large_image\" \/>\n<meta name=\"twitter:label1\" content=\"Napisane przez\" \/>\n\t<meta name=\"twitter:data1\" content=\"Anna Kada\u0148kov\u00e1\" \/>\n<script type=\"application\/ld+json\" class=\"yoast-schema-graph\">{\"@context\":\"https:\\\/\\\/schema.org\",\"@graph\":[{\"@type\":\"Article\",\"@id\":\"https:\\\/\\\/gardeon.pl\\\/pl\\\/blog\\\/w-prestizowym-rankingu-top-300-dziennika-financial-times-znalezlismy-sie-w-pierwszej-piecdziesiatce\\\/#article\",\"isPartOf\":{\"@id\":\"https:\\\/\\\/gardeon.pl\\\/pl\\\/blog\\\/w-prestizowym-rankingu-top-300-dziennika-financial-times-znalezlismy-sie-w-pierwszej-piecdziesiatce\\\/\"},\"author\":{\"name\":\"Anna Kada\u0148kov\u00e1\",\"@id\":\"https:\\\/\\\/gardeon.pl\\\/#\\\/schema\\\/person\\\/00d099a52363b8bb3ff52351f7eeea91\"},\"headline\":\"W presti\u017cowym rankingu TOP 300 dziennika Financial Times znale\u017ali\u015bmy si\u0119 w pierwszej pi\u0119\u0107dziesi\u0105tce!\",\"datePublished\":\"2026-04-23T13:46:32+00:00\",\"dateModified\":\"2026-04-23T16:54:27+00:00\",\"mainEntityOfPage\":{\"@id\":\"https:\\\/\\\/gardeon.pl\\\/pl\\\/blog\\\/w-prestizowym-rankingu-top-300-dziennika-financial-times-znalezlismy-sie-w-pierwszej-piecdziesiatce\\\/\"},\"wordCount\":86,\"commentCount\":0,\"image\":{\"@id\":\"https:\\\/\\\/gardeon.pl\\\/pl\\\/blog\\\/w-prestizowym-rankingu-top-300-dziennika-financial-times-znalezlismy-sie-w-pierwszej-piecdziesiatce\\\/#primaryimage\"},\"thumbnailUrl\":\"https:\\\/\\\/gardeon.pl\\\/wp-content\\\/uploads\\\/2024\\\/04\\\/gardeon-maskot-certificate-financial-times-statista-4-scaled.webp\",\"articleSection\":[\"Aktualno\u015bci\"],\"inLanguage\":\"pl-PL\",\"potentialAction\":[{\"@type\":\"CommentAction\",\"name\":\"Comment\",\"target\":[\"https:\\\/\\\/gardeon.pl\\\/pl\\\/blog\\\/w-prestizowym-rankingu-top-300-dziennika-financial-times-znalezlismy-sie-w-pierwszej-piecdziesiatce\\\/#respond\"]}]},{\"@type\":\"WebPage\",\"@id\":\"https:\\\/\\\/gardeon.pl\\\/pl\\\/blog\\\/w-prestizowym-rankingu-top-300-dziennika-financial-times-znalezlismy-sie-w-pierwszej-piecdziesiatce\\\/\",\"url\":\"https:\\\/\\\/gardeon.pl\\\/pl\\\/blog\\\/w-prestizowym-rankingu-top-300-dziennika-financial-times-znalezlismy-sie-w-pierwszej-piecdziesiatce\\\/\",\"name\":\"W presti\u017cowym rankingu TOP 300 dziennika Financial Times znale\u017ali\u015bmy si\u0119 w pierwszej pi\u0119\u0107dziesi\u0105tce! - GARDEON\",\"isPartOf\":{\"@id\":\"https:\\\/\\\/gardeon.pl\\\/#website\"},\"primaryImageOfPage\":{\"@id\":\"https:\\\/\\\/gardeon.pl\\\/pl\\\/blog\\\/w-prestizowym-rankingu-top-300-dziennika-financial-times-znalezlismy-sie-w-pierwszej-piecdziesiatce\\\/#primaryimage\"},\"image\":{\"@id\":\"https:\\\/\\\/gardeon.pl\\\/pl\\\/blog\\\/w-prestizowym-rankingu-top-300-dziennika-financial-times-znalezlismy-sie-w-pierwszej-piecdziesiatce\\\/#primaryimage\"},\"thumbnailUrl\":\"https:\\\/\\\/gardeon.pl\\\/wp-content\\\/uploads\\\/2024\\\/04\\\/gardeon-maskot-certificate-financial-times-statista-4-scaled.webp\",\"datePublished\":\"2026-04-23T13:46:32+00:00\",\"dateModified\":\"2026-04-23T16:54:27+00:00\",\"author\":{\"@id\":\"https:\\\/\\\/gardeon.pl\\\/#\\\/schema\\\/person\\\/00d099a52363b8bb3ff52351f7eeea91\"},\"breadcrumb\":{\"@id\":\"https:\\\/\\\/gardeon.pl\\\/pl\\\/blog\\\/w-prestizowym-rankingu-top-300-dziennika-financial-times-znalezlismy-sie-w-pierwszej-piecdziesiatce\\\/#breadcrumb\"},\"inLanguage\":\"pl-PL\",\"potentialAction\":[{\"@type\":\"ReadAction\",\"target\":[\"https:\\\/\\\/gardeon.pl\\\/pl\\\/blog\\\/w-prestizowym-rankingu-top-300-dziennika-financial-times-znalezlismy-sie-w-pierwszej-piecdziesiatce\\\/\"]}]},{\"@type\":\"ImageObject\",\"inLanguage\":\"pl-PL\",\"@id\":\"https:\\\/\\\/gardeon.pl\\\/pl\\\/blog\\\/w-prestizowym-rankingu-top-300-dziennika-financial-times-znalezlismy-sie-w-pierwszej-piecdziesiatce\\\/#primaryimage\",\"url\":\"https:\\\/\\\/gardeon.pl\\\/wp-content\\\/uploads\\\/2024\\\/04\\\/gardeon-maskot-certificate-financial-times-statista-4-scaled.webp\",\"contentUrl\":\"https:\\\/\\\/gardeon.pl\\\/wp-content\\\/uploads\\\/2024\\\/04\\\/gardeon-maskot-certificate-financial-times-statista-4-scaled.webp\",\"width\":2560,\"height\":1439,\"caption\":\"Certyfikat dla 1000 najszybciej rozwijaj\u0105cych si\u0119 firm w Europie 2024\"},{\"@type\":\"BreadcrumbList\",\"@id\":\"https:\\\/\\\/gardeon.pl\\\/pl\\\/blog\\\/w-prestizowym-rankingu-top-300-dziennika-financial-times-znalezlismy-sie-w-pierwszej-piecdziesiatce\\\/#breadcrumb\",\"itemListElement\":[{\"@type\":\"ListItem\",\"position\":1,\"name\":\"Domov\",\"item\":\"https:\\\/\\\/gardeon.pl\\\/pl\\\/\"},{\"@type\":\"ListItem\",\"position\":2,\"name\":\"W presti\u017cowym rankingu TOP 300 dziennika Financial Times znale\u017ali\u015bmy si\u0119 w pierwszej pi\u0119\u0107dziesi\u0105tce!\"}]},{\"@type\":\"WebSite\",\"@id\":\"https:\\\/\\\/gardeon.pl\\\/#website\",\"url\":\"https:\\\/\\\/gardeon.pl\\\/\",\"name\":\"GARDEON\",\"description\":\"\",\"potentialAction\":[{\"@type\":\"SearchAction\",\"target\":{\"@type\":\"EntryPoint\",\"urlTemplate\":\"https:\\\/\\\/gardeon.pl\\\/?s={search_term_string}\"},\"query-input\":{\"@type\":\"PropertyValueSpecification\",\"valueRequired\":true,\"valueName\":\"search_term_string\"}}],\"inLanguage\":\"pl-PL\"},{\"@type\":\"Person\",\"@id\":\"https:\\\/\\\/gardeon.pl\\\/#\\\/schema\\\/person\\\/00d099a52363b8bb3ff52351f7eeea91\",\"name\":\"Anna Kada\u0148kov\u00e1\",\"image\":{\"@type\":\"ImageObject\",\"inLanguage\":\"pl-PL\",\"@id\":\"https:\\\/\\\/secure.gravatar.com\\\/avatar\\\/aa7a4289dde3ff1e0d5f5b4821717ff0b27e5b6919cb4e04d60f9b2c342f181e?s=96&d=mm&r=g\",\"url\":\"https:\\\/\\\/secure.gravatar.com\\\/avatar\\\/aa7a4289dde3ff1e0d5f5b4821717ff0b27e5b6919cb4e04d60f9b2c342f181e?s=96&d=mm&r=g\",\"contentUrl\":\"https:\\\/\\\/secure.gravatar.com\\\/avatar\\\/aa7a4289dde3ff1e0d5f5b4821717ff0b27e5b6919cb4e04d60f9b2c342f181e?s=96&d=mm&r=g\",\"caption\":\"Anna Kada\u0148kov\u00e1\"}}]}<\/script>\n<!-- \/ Yoast SEO plugin. -->","yoast_head_json":{"title":"W presti\u017cowym rankingu TOP 300 dziennika Financial Times znale\u017ali\u015bmy si\u0119 w pierwszej pi\u0119\u0107dziesi\u0105tce! - GARDEON","robots":{"index":"index","follow":"follow","max-snippet":"max-snippet:-1","max-image-preview":"max-image-preview:large","max-video-preview":"max-video-preview:-1"},"canonical":"https:\/\/gardeon.pl\/pl\/blog\/w-prestizowym-rankingu-top-300-dziennika-financial-times-znalezlismy-sie-w-pierwszej-piecdziesiatce\/","og_locale":"pl_PL","og_type":"article","og_title":"W presti\u017cowym rankingu TOP 300 dziennika Financial Times znale\u017ali\u015bmy si\u0119 w pierwszej pi\u0119\u0107dziesi\u0105tce! - GARDEON","og_description":"\u015awiatowej s\u0142awy brytyjski magazyn ekonomiczny Financial Times (FT), we wsp\u00f3\u0142pracy ze Statista \u2013 jednym z najwi\u0119kszych portali specjalizuj\u0105cych si\u0119 w gromadzeniu i wizualizacji danych \u2013 regularnie publikuje zestawienia najszybciej rozwijaj\u0105cych si\u0119 firm w Europie. W tym roku skupiono si\u0119 na d\u0142ugoterminowym wzro\u015bcie przedsi\u0119biorstw, a nasza firma GARDEON zakwalifikowa\u0142a si\u0119 do rankingu TOP 300, trafiaj\u0105c nawet [&hellip;]","og_url":"https:\/\/gardeon.pl\/pl\/blog\/w-prestizowym-rankingu-top-300-dziennika-financial-times-znalezlismy-sie-w-pierwszej-piecdziesiatce\/","og_site_name":"GARDEON","article_published_time":"2026-04-23T13:46:32+00:00","article_modified_time":"2026-04-23T16:54:27+00:00","og_image":[{"width":2560,"height":1439,"url":"http:\/\/gardeon.pl\/wp-content\/uploads\/2024\/04\/gardeon-maskot-certificate-financial-times-statista-4-scaled.webp","type":"image\/webp"}],"author":"Anna Kada\u0148kov\u00e1","twitter_card":"summary_large_image","twitter_misc":{"Napisane przez":"Anna Kada\u0148kov\u00e1"},"schema":{"@context":"https:\/\/schema.org","@graph":[{"@type":"Article","@id":"https:\/\/gardeon.pl\/pl\/blog\/w-prestizowym-rankingu-top-300-dziennika-financial-times-znalezlismy-sie-w-pierwszej-piecdziesiatce\/#article","isPartOf":{"@id":"https:\/\/gardeon.pl\/pl\/blog\/w-prestizowym-rankingu-top-300-dziennika-financial-times-znalezlismy-sie-w-pierwszej-piecdziesiatce\/"},"author":{"name":"Anna Kada\u0148kov\u00e1","@id":"https:\/\/gardeon.pl\/#\/schema\/person\/00d099a52363b8bb3ff52351f7eeea91"},"headline":"W presti\u017cowym rankingu TOP 300 dziennika Financial Times znale\u017ali\u015bmy si\u0119 w pierwszej pi\u0119\u0107dziesi\u0105tce!","datePublished":"2026-04-23T13:46:32+00:00","dateModified":"2026-04-23T16:54:27+00:00","mainEntityOfPage":{"@id":"https:\/\/gardeon.pl\/pl\/blog\/w-prestizowym-rankingu-top-300-dziennika-financial-times-znalezlismy-sie-w-pierwszej-piecdziesiatce\/"},"wordCount":86,"commentCount":0,"image":{"@id":"https:\/\/gardeon.pl\/pl\/blog\/w-prestizowym-rankingu-top-300-dziennika-financial-times-znalezlismy-sie-w-pierwszej-piecdziesiatce\/#primaryimage"},"thumbnailUrl":"https:\/\/gardeon.pl\/wp-content\/uploads\/2024\/04\/gardeon-maskot-certificate-financial-times-statista-4-scaled.webp","articleSection":["Aktualno\u015bci"],"inLanguage":"pl-PL","potentialAction":[{"@type":"CommentAction","name":"Comment","target":["https:\/\/gardeon.pl\/pl\/blog\/w-prestizowym-rankingu-top-300-dziennika-financial-times-znalezlismy-sie-w-pierwszej-piecdziesiatce\/#respond"]}]},{"@type":"WebPage","@id":"https:\/\/gardeon.pl\/pl\/blog\/w-prestizowym-rankingu-top-300-dziennika-financial-times-znalezlismy-sie-w-pierwszej-piecdziesiatce\/","url":"https:\/\/gardeon.pl\/pl\/blog\/w-prestizowym-rankingu-top-300-dziennika-financial-times-znalezlismy-sie-w-pierwszej-piecdziesiatce\/","name":"W presti\u017cowym rankingu TOP 300 dziennika Financial Times znale\u017ali\u015bmy si\u0119 w pierwszej pi\u0119\u0107dziesi\u0105tce! - GARDEON","isPartOf":{"@id":"https:\/\/gardeon.pl\/#website"},"primaryImageOfPage":{"@id":"https:\/\/gardeon.pl\/pl\/blog\/w-prestizowym-rankingu-top-300-dziennika-financial-times-znalezlismy-sie-w-pierwszej-piecdziesiatce\/#primaryimage"},"image":{"@id":"https:\/\/gardeon.pl\/pl\/blog\/w-prestizowym-rankingu-top-300-dziennika-financial-times-znalezlismy-sie-w-pierwszej-piecdziesiatce\/#primaryimage"},"thumbnailUrl":"https:\/\/gardeon.pl\/wp-content\/uploads\/2024\/04\/gardeon-maskot-certificate-financial-times-statista-4-scaled.webp","datePublished":"2026-04-23T13:46:32+00:00","dateModified":"2026-04-23T16:54:27+00:00","author":{"@id":"https:\/\/gardeon.pl\/#\/schema\/person\/00d099a52363b8bb3ff52351f7eeea91"},"breadcrumb":{"@id":"https:\/\/gardeon.pl\/pl\/blog\/w-prestizowym-rankingu-top-300-dziennika-financial-times-znalezlismy-sie-w-pierwszej-piecdziesiatce\/#breadcrumb"},"inLanguage":"pl-PL","potentialAction":[{"@type":"ReadAction","target":["https:\/\/gardeon.pl\/pl\/blog\/w-prestizowym-rankingu-top-300-dziennika-financial-times-znalezlismy-sie-w-pierwszej-piecdziesiatce\/"]}]},{"@type":"ImageObject","inLanguage":"pl-PL","@id":"https:\/\/gardeon.pl\/pl\/blog\/w-prestizowym-rankingu-top-300-dziennika-financial-times-znalezlismy-sie-w-pierwszej-piecdziesiatce\/#primaryimage","url":"https:\/\/gardeon.pl\/wp-content\/uploads\/2024\/04\/gardeon-maskot-certificate-financial-times-statista-4-scaled.webp","contentUrl":"https:\/\/gardeon.pl\/wp-content\/uploads\/2024\/04\/gardeon-maskot-certificate-financial-times-statista-4-scaled.webp","width":2560,"height":1439,"caption":"Certyfikat dla 1000 najszybciej rozwijaj\u0105cych si\u0119 firm w Europie 2024"},{"@type":"BreadcrumbList","@id":"https:\/\/gardeon.pl\/pl\/blog\/w-prestizowym-rankingu-top-300-dziennika-financial-times-znalezlismy-sie-w-pierwszej-piecdziesiatce\/#breadcrumb","itemListElement":[{"@type":"ListItem","position":1,"name":"Domov","item":"https:\/\/gardeon.pl\/pl\/"},{"@type":"ListItem","position":2,"name":"W presti\u017cowym rankingu TOP 300 dziennika Financial Times znale\u017ali\u015bmy si\u0119 w pierwszej pi\u0119\u0107dziesi\u0105tce!"}]},{"@type":"WebSite","@id":"https:\/\/gardeon.pl\/#website","url":"https:\/\/gardeon.pl\/","name":"GARDEON","description":"","potentialAction":[{"@type":"SearchAction","target":{"@type":"EntryPoint","urlTemplate":"https:\/\/gardeon.pl\/?s={search_term_string}"},"query-input":{"@type":"PropertyValueSpecification","valueRequired":true,"valueName":"search_term_string"}}],"inLanguage":"pl-PL"},{"@type":"Person","@id":"https:\/\/gardeon.pl\/#\/schema\/person\/00d099a52363b8bb3ff52351f7eeea91","name":"Anna Kada\u0148kov\u00e1","image":{"@type":"ImageObject","inLanguage":"pl-PL","@id":"https:\/\/secure.gravatar.com\/avatar\/aa7a4289dde3ff1e0d5f5b4821717ff0b27e5b6919cb4e04d60f9b2c342f181e?s=96&d=mm&r=g","url":"https:\/\/secure.gravatar.com\/avatar\/aa7a4289dde3ff1e0d5f5b4821717ff0b27e5b6919cb4e04d60f9b2c342f181e?s=96&d=mm&r=g","contentUrl":"https:\/\/secure.gravatar.com\/avatar\/aa7a4289dde3ff1e0d5f5b4821717ff0b27e5b6919cb4e04d60f9b2c342f181e?s=96&d=mm&r=g","caption":"Anna Kada\u0148kov\u00e1"}}]}},"_links":{"self":[{"href":"https:\/\/gardeon.pl\/pl\/wp-json\/wp\/v2\/posts\/44370","targetHints":{"allow":["GET"]}}],"collection":[{"href":"https:\/\/gardeon.pl\/pl\/wp-json\/wp\/v2\/posts"}],"about":[{"href":"https:\/\/gardeon.pl\/pl\/wp-json\/wp\/v2\/types\/post"}],"author":[{"embeddable":true,"href":"https:\/\/gardeon.pl\/pl\/wp-json\/wp\/v2\/users\/13"}],"replies":[{"embeddable":true,"href":"https:\/\/gardeon.pl\/pl\/wp-json\/wp\/v2\/comments?post=44370"}],"version-history":[{"count":0,"href":"https:\/\/gardeon.pl\/pl\/wp-json\/wp\/v2\/posts\/44370\/revisions"}],"wp:featuredmedia":[{"embeddable":true,"href":"https:\/\/gardeon.pl\/pl\/wp-json\/wp\/v2\/media\/44377"}],"wp:attachment":[{"href":"https:\/\/gardeon.pl\/pl\/wp-json\/wp\/v2\/media?parent=44370"}],"wp:term":[{"taxonomy":"category","embeddable":true,"href":"https:\/\/gardeon.pl\/pl\/wp-json\/wp\/v2\/categories?post=44370"},{"taxonomy":"post_tag","embeddable":true,"href":"https:\/\/gardeon.pl\/pl\/wp-json\/wp\/v2\/tags?post=44370"}],"curies":[{"name":"wp","href":"https:\/\/api.w.org\/{rel}","templated":true}]}}