{"id":45067,"date":"2026-04-23T15:46:52","date_gmt":"2026-04-23T13:46:52","guid":{"rendered":"https:\/\/gardeon.pl\/blog\/gardeon-w-programie-telewizyjnym-receptar-prima-napadu\/"},"modified":"2026-04-23T18:54:27","modified_gmt":"2026-04-23T16:54:27","slug":"gardeon-w-programie-telewizyjnym-receptar-prima-napadu","status":"publish","type":"post","link":"https:\/\/gardeon.pl\/pl\/blog\/gardeon-w-programie-telewizyjnym-receptar-prima-napadu\/","title":{"rendered":"GARDEON w programie telewizyjnym Recept\u00e1\u0159 prima n\u00e1pad\u016f"},"content":{"rendered":"<p><em>Je\u015bli wahasz si\u0119, czy wybra\u0107 gara\u017c, czy wiat\u0119, w programie Recept\u00e1\u0159 prima n\u00e1pad\u016f pomogli\u015bmy Ci podj\u0105\u0107 t\u0119 decyzj\u0119. Obie opcje maj\u0105 swoje zalety, a decyzja zale\u017cy g\u0142\u00f3wnie od tego, czego oczekujesz od swojego rozwi\u0105zania parkingowego \u2013 praktyczno\u015bci, bezpiecze\u0144stwa czy estetyki?<\/em><\/p>\n<p><!--more--><\/p>\n<p><em>W programie skupili\u015bmy si\u0119 r\u00f3wnie\u017c na aktualnych trendach i dost\u0119pnych obecnie rozwi\u0105zaniach. Obejrzyj wideo, aby dowiedzie\u0107 si\u0119 wi\u0119cej i mamy nadziej\u0119, \u017ce pomo\u017ce Ci to podj\u0105\u0107 w\u0142a\u015bciw\u0105 decyzj\u0119.<\/em><\/p>\n<p><em>Chcesz dowiedzie\u0107 si\u0119 wi\u0119cej? Obejrzyj <a href=\"https:\/\/www.youtube.com\/watch?v=iktOWVz7Baw\">nagranie odcinka<\/a> Recept\u00e1\u0159 prima n\u00e1pad\u016f, gdzie dowiesz si\u0119 wszystkiego o zaletach i wadach ka\u017cdej z opcji!<\/em><\/p>\n<div class=\"iframe-outer-container\">\n<div class=\"iframe-container\"><iframe loading=\"lazy\" title=\"GARDEON\u00ae v televizn\u00edm po\u0159adu Recept\u00e1\u0159 prima n\u00e1pad\u016f\" width=\"1100\" height=\"619\" src=\"https:\/\/www.youtube.com\/embed\/iktOWVz7Baw?feature=oembed\" frameborder=\"0\" allow=\"accelerometer; autoplay; clipboard-write; encrypted-media; gyroscope; picture-in-picture; web-share\" referrerpolicy=\"strict-origin-when-cross-origin\" allowfullscreen><\/iframe><\/div>\n<\/div>\n<p>&nbsp;<\/p>\n<p>&nbsp;<\/p>\n","protected":false},"excerpt":{"rendered":"<p>Je\u015bli wahasz si\u0119, czy wybra\u0107 gara\u017c, czy wiat\u0119, w programie Recept\u00e1\u0159 prima n\u00e1pad\u016f pomogli\u015bmy Ci podj\u0105\u0107 t\u0119 decyzj\u0119. Obie opcje maj\u0105 swoje zalety, a decyzja zale\u017cy g\u0142\u00f3wnie od tego, czego oczekujesz od swojego rozwi\u0105zania parkingowego \u2013 praktyczno\u015bci, bezpiecze\u0144stwa czy estetyki?<\/p>\n","protected":false},"author":12,"featured_media":45068,"comment_status":"open","ping_status":"open","sticky":false,"template":"","format":"standard","meta":{"_acf_changed":false,"inline_featured_image":false,"footnotes":""},"categories":[593],"tags":[623,579,624,625],"class_list":["post-45067","post","type-post","status-publish","format-standard","has-post-thumbnail","hentry","category-aktualnosci","tag-garaze","tag-gardeon","tag-nowosci","tag-receptar"],"acf":[],"yoast_head":"<!-- This site is optimized with the Yoast SEO plugin v27.4 - https:\/\/yoast.com\/product\/yoast-seo-wordpress\/ -->\n<title>GARDEON w programie telewizyjnym Recept\u00e1\u0159 prima n\u00e1pad\u016f | GARDEON<\/title>\n<meta name=\"robots\" content=\"index, follow, max-snippet:-1, max-image-preview:large, max-video-preview:-1\" \/>\n<link rel=\"canonical\" href=\"https:\/\/gardeon.pl\/pl\/blog\/gardeon-w-programie-telewizyjnym-receptar-prima-napadu\/\" \/>\n<meta property=\"og:locale\" content=\"pl_PL\" \/>\n<meta property=\"og:type\" content=\"article\" \/>\n<meta property=\"og:title\" content=\"GARDEON w programie telewizyjnym Recept\u00e1\u0159 prima n\u00e1pad\u016f | GARDEON\" \/>\n<meta property=\"og:description\" content=\"Je\u015bli wahasz si\u0119, czy wybra\u0107 gara\u017c, czy wiat\u0119, w programie Recept\u00e1\u0159 prima n\u00e1pad\u016f pomogli\u015bmy Ci podj\u0105\u0107 t\u0119 decyzj\u0119. Obie opcje maj\u0105 swoje zalety, a decyzja zale\u017cy g\u0142\u00f3wnie od tego, czego oczekujesz od swojego rozwi\u0105zania parkingowego \u2013 praktyczno\u015bci, bezpiecze\u0144stwa czy estetyki?\" \/>\n<meta property=\"og:url\" content=\"https:\/\/gardeon.pl\/pl\/blog\/gardeon-w-programie-telewizyjnym-receptar-prima-napadu\/\" \/>\n<meta property=\"og:site_name\" content=\"GARDEON\" \/>\n<meta property=\"article:published_time\" content=\"2026-04-23T13:46:52+00:00\" \/>\n<meta property=\"article:modified_time\" content=\"2026-04-23T16:54:27+00:00\" \/>\n<meta property=\"og:image\" content=\"http:\/\/gardeon.pl\/wp-content\/uploads\/2024\/09\/dsc-0396a-scaled.jpeg\" \/>\n\t<meta property=\"og:image:width\" content=\"2560\" \/>\n\t<meta property=\"og:image:height\" content=\"1700\" \/>\n\t<meta property=\"og:image:type\" content=\"image\/jpeg\" \/>\n<meta name=\"author\" content=\"Kvetka \u0160imov\u00e1\" \/>\n<meta name=\"twitter:card\" content=\"summary_large_image\" \/>\n<meta name=\"twitter:label1\" content=\"Napisane przez\" \/>\n\t<meta name=\"twitter:data1\" content=\"Kvetka \u0160imov\u00e1\" \/>\n\t<meta name=\"twitter:label2\" content=\"Szacowany czas czytania\" \/>\n\t<meta name=\"twitter:data2\" content=\"1 minuta\" \/>\n<script type=\"application\/ld+json\" class=\"yoast-schema-graph\">{\"@context\":\"https:\\\/\\\/schema.org\",\"@graph\":[{\"@type\":\"Article\",\"@id\":\"https:\\\/\\\/gardeon.pl\\\/pl\\\/blog\\\/gardeon-w-programie-telewizyjnym-receptar-prima-napadu\\\/#article\",\"isPartOf\":{\"@id\":\"https:\\\/\\\/gardeon.pl\\\/pl\\\/blog\\\/gardeon-w-programie-telewizyjnym-receptar-prima-napadu\\\/\"},\"author\":{\"name\":\"Kvetka \u0160imov\u00e1\",\"@id\":\"https:\\\/\\\/gardeon.pl\\\/#\\\/schema\\\/person\\\/f6d94df9516fedce3fa609ac43525d20\"},\"headline\":\"GARDEON w programie telewizyjnym Recept\u00e1\u0159 prima n\u00e1pad\u016f\",\"datePublished\":\"2026-04-23T13:46:52+00:00\",\"dateModified\":\"2026-04-23T16:54:27+00:00\",\"mainEntityOfPage\":{\"@id\":\"https:\\\/\\\/gardeon.pl\\\/pl\\\/blog\\\/gardeon-w-programie-telewizyjnym-receptar-prima-napadu\\\/\"},\"wordCount\":125,\"commentCount\":0,\"image\":{\"@id\":\"https:\\\/\\\/gardeon.pl\\\/pl\\\/blog\\\/gardeon-w-programie-telewizyjnym-receptar-prima-napadu\\\/#primaryimage\"},\"thumbnailUrl\":\"https:\\\/\\\/gardeon.pl\\\/wp-content\\\/uploads\\\/2024\\\/09\\\/dsc-0396a-scaled.jpeg\",\"keywords\":[\"gara\u017ce\",\"GARDEON\",\"nowo\u015bci\",\"recept\u00e1\u0159\"],\"articleSection\":[\"Aktualno\u015bci\"],\"inLanguage\":\"pl-PL\",\"potentialAction\":[{\"@type\":\"CommentAction\",\"name\":\"Comment\",\"target\":[\"https:\\\/\\\/gardeon.pl\\\/pl\\\/blog\\\/gardeon-w-programie-telewizyjnym-receptar-prima-napadu\\\/#respond\"]}]},{\"@type\":\"WebPage\",\"@id\":\"https:\\\/\\\/gardeon.pl\\\/pl\\\/blog\\\/gardeon-w-programie-telewizyjnym-receptar-prima-napadu\\\/\",\"url\":\"https:\\\/\\\/gardeon.pl\\\/pl\\\/blog\\\/gardeon-w-programie-telewizyjnym-receptar-prima-napadu\\\/\",\"name\":\"GARDEON w programie telewizyjnym Recept\u00e1\u0159 prima n\u00e1pad\u016f | GARDEON\",\"isPartOf\":{\"@id\":\"https:\\\/\\\/gardeon.pl\\\/#website\"},\"primaryImageOfPage\":{\"@id\":\"https:\\\/\\\/gardeon.pl\\\/pl\\\/blog\\\/gardeon-w-programie-telewizyjnym-receptar-prima-napadu\\\/#primaryimage\"},\"image\":{\"@id\":\"https:\\\/\\\/gardeon.pl\\\/pl\\\/blog\\\/gardeon-w-programie-telewizyjnym-receptar-prima-napadu\\\/#primaryimage\"},\"thumbnailUrl\":\"https:\\\/\\\/gardeon.pl\\\/wp-content\\\/uploads\\\/2024\\\/09\\\/dsc-0396a-scaled.jpeg\",\"datePublished\":\"2026-04-23T13:46:52+00:00\",\"dateModified\":\"2026-04-23T16:54:27+00:00\",\"author\":{\"@id\":\"https:\\\/\\\/gardeon.pl\\\/#\\\/schema\\\/person\\\/f6d94df9516fedce3fa609ac43525d20\"},\"breadcrumb\":{\"@id\":\"https:\\\/\\\/gardeon.pl\\\/pl\\\/blog\\\/gardeon-w-programie-telewizyjnym-receptar-prima-napadu\\\/#breadcrumb\"},\"inLanguage\":\"pl-PL\",\"potentialAction\":[{\"@type\":\"ReadAction\",\"target\":[\"https:\\\/\\\/gardeon.pl\\\/pl\\\/blog\\\/gardeon-w-programie-telewizyjnym-receptar-prima-napadu\\\/\"]}]},{\"@type\":\"ImageObject\",\"inLanguage\":\"pl-PL\",\"@id\":\"https:\\\/\\\/gardeon.pl\\\/pl\\\/blog\\\/gardeon-w-programie-telewizyjnym-receptar-prima-napadu\\\/#primaryimage\",\"url\":\"https:\\\/\\\/gardeon.pl\\\/wp-content\\\/uploads\\\/2024\\\/09\\\/dsc-0396a-scaled.jpeg\",\"contentUrl\":\"https:\\\/\\\/gardeon.pl\\\/wp-content\\\/uploads\\\/2024\\\/09\\\/dsc-0396a-scaled.jpeg\",\"width\":2560,\"height\":1700,\"caption\":\"gardeon w recept\u00e1\u0159i nowych pomys\u0142\u00f3w\"},{\"@type\":\"BreadcrumbList\",\"@id\":\"https:\\\/\\\/gardeon.pl\\\/pl\\\/blog\\\/gardeon-w-programie-telewizyjnym-receptar-prima-napadu\\\/#breadcrumb\",\"itemListElement\":[{\"@type\":\"ListItem\",\"position\":1,\"name\":\"Domov\",\"item\":\"https:\\\/\\\/gardeon.pl\\\/pl\\\/\"},{\"@type\":\"ListItem\",\"position\":2,\"name\":\"GARDEON w programie telewizyjnym Recept\u00e1\u0159 prima n\u00e1pad\u016f\"}]},{\"@type\":\"WebSite\",\"@id\":\"https:\\\/\\\/gardeon.pl\\\/#website\",\"url\":\"https:\\\/\\\/gardeon.pl\\\/\",\"name\":\"GARDEON\",\"description\":\"\",\"potentialAction\":[{\"@type\":\"SearchAction\",\"target\":{\"@type\":\"EntryPoint\",\"urlTemplate\":\"https:\\\/\\\/gardeon.pl\\\/?s={search_term_string}\"},\"query-input\":{\"@type\":\"PropertyValueSpecification\",\"valueRequired\":true,\"valueName\":\"search_term_string\"}}],\"inLanguage\":\"pl-PL\"},{\"@type\":\"Person\",\"@id\":\"https:\\\/\\\/gardeon.pl\\\/#\\\/schema\\\/person\\\/f6d94df9516fedce3fa609ac43525d20\",\"name\":\"Kvetka \u0160imov\u00e1\",\"image\":{\"@type\":\"ImageObject\",\"inLanguage\":\"pl-PL\",\"@id\":\"https:\\\/\\\/secure.gravatar.com\\\/avatar\\\/71eb0eb611cac56028661df8b2319ffadd0a09ef298614d8dcfc22c510ba744d?s=96&d=mm&r=g\",\"url\":\"https:\\\/\\\/secure.gravatar.com\\\/avatar\\\/71eb0eb611cac56028661df8b2319ffadd0a09ef298614d8dcfc22c510ba744d?s=96&d=mm&r=g\",\"contentUrl\":\"https:\\\/\\\/secure.gravatar.com\\\/avatar\\\/71eb0eb611cac56028661df8b2319ffadd0a09ef298614d8dcfc22c510ba744d?s=96&d=mm&r=g\",\"caption\":\"Kvetka \u0160imov\u00e1\"}}]}<\/script>\n<!-- \/ Yoast SEO plugin. -->","yoast_head_json":{"title":"GARDEON w programie telewizyjnym Recept\u00e1\u0159 prima n\u00e1pad\u016f | GARDEON","robots":{"index":"index","follow":"follow","max-snippet":"max-snippet:-1","max-image-preview":"max-image-preview:large","max-video-preview":"max-video-preview:-1"},"canonical":"https:\/\/gardeon.pl\/pl\/blog\/gardeon-w-programie-telewizyjnym-receptar-prima-napadu\/","og_locale":"pl_PL","og_type":"article","og_title":"GARDEON w programie telewizyjnym Recept\u00e1\u0159 prima n\u00e1pad\u016f | GARDEON","og_description":"Je\u015bli wahasz si\u0119, czy wybra\u0107 gara\u017c, czy wiat\u0119, w programie Recept\u00e1\u0159 prima n\u00e1pad\u016f pomogli\u015bmy Ci podj\u0105\u0107 t\u0119 decyzj\u0119. Obie opcje maj\u0105 swoje zalety, a decyzja zale\u017cy g\u0142\u00f3wnie od tego, czego oczekujesz od swojego rozwi\u0105zania parkingowego \u2013 praktyczno\u015bci, bezpiecze\u0144stwa czy estetyki?","og_url":"https:\/\/gardeon.pl\/pl\/blog\/gardeon-w-programie-telewizyjnym-receptar-prima-napadu\/","og_site_name":"GARDEON","article_published_time":"2026-04-23T13:46:52+00:00","article_modified_time":"2026-04-23T16:54:27+00:00","og_image":[{"width":2560,"height":1700,"url":"http:\/\/gardeon.pl\/wp-content\/uploads\/2024\/09\/dsc-0396a-scaled.jpeg","type":"image\/jpeg"}],"author":"Kvetka \u0160imov\u00e1","twitter_card":"summary_large_image","twitter_misc":{"Napisane przez":"Kvetka \u0160imov\u00e1","Szacowany czas czytania":"1 minuta"},"schema":{"@context":"https:\/\/schema.org","@graph":[{"@type":"Article","@id":"https:\/\/gardeon.pl\/pl\/blog\/gardeon-w-programie-telewizyjnym-receptar-prima-napadu\/#article","isPartOf":{"@id":"https:\/\/gardeon.pl\/pl\/blog\/gardeon-w-programie-telewizyjnym-receptar-prima-napadu\/"},"author":{"name":"Kvetka \u0160imov\u00e1","@id":"https:\/\/gardeon.pl\/#\/schema\/person\/f6d94df9516fedce3fa609ac43525d20"},"headline":"GARDEON w programie telewizyjnym Recept\u00e1\u0159 prima n\u00e1pad\u016f","datePublished":"2026-04-23T13:46:52+00:00","dateModified":"2026-04-23T16:54:27+00:00","mainEntityOfPage":{"@id":"https:\/\/gardeon.pl\/pl\/blog\/gardeon-w-programie-telewizyjnym-receptar-prima-napadu\/"},"wordCount":125,"commentCount":0,"image":{"@id":"https:\/\/gardeon.pl\/pl\/blog\/gardeon-w-programie-telewizyjnym-receptar-prima-napadu\/#primaryimage"},"thumbnailUrl":"https:\/\/gardeon.pl\/wp-content\/uploads\/2024\/09\/dsc-0396a-scaled.jpeg","keywords":["gara\u017ce","GARDEON","nowo\u015bci","recept\u00e1\u0159"],"articleSection":["Aktualno\u015bci"],"inLanguage":"pl-PL","potentialAction":[{"@type":"CommentAction","name":"Comment","target":["https:\/\/gardeon.pl\/pl\/blog\/gardeon-w-programie-telewizyjnym-receptar-prima-napadu\/#respond"]}]},{"@type":"WebPage","@id":"https:\/\/gardeon.pl\/pl\/blog\/gardeon-w-programie-telewizyjnym-receptar-prima-napadu\/","url":"https:\/\/gardeon.pl\/pl\/blog\/gardeon-w-programie-telewizyjnym-receptar-prima-napadu\/","name":"GARDEON w programie telewizyjnym Recept\u00e1\u0159 prima n\u00e1pad\u016f | GARDEON","isPartOf":{"@id":"https:\/\/gardeon.pl\/#website"},"primaryImageOfPage":{"@id":"https:\/\/gardeon.pl\/pl\/blog\/gardeon-w-programie-telewizyjnym-receptar-prima-napadu\/#primaryimage"},"image":{"@id":"https:\/\/gardeon.pl\/pl\/blog\/gardeon-w-programie-telewizyjnym-receptar-prima-napadu\/#primaryimage"},"thumbnailUrl":"https:\/\/gardeon.pl\/wp-content\/uploads\/2024\/09\/dsc-0396a-scaled.jpeg","datePublished":"2026-04-23T13:46:52+00:00","dateModified":"2026-04-23T16:54:27+00:00","author":{"@id":"https:\/\/gardeon.pl\/#\/schema\/person\/f6d94df9516fedce3fa609ac43525d20"},"breadcrumb":{"@id":"https:\/\/gardeon.pl\/pl\/blog\/gardeon-w-programie-telewizyjnym-receptar-prima-napadu\/#breadcrumb"},"inLanguage":"pl-PL","potentialAction":[{"@type":"ReadAction","target":["https:\/\/gardeon.pl\/pl\/blog\/gardeon-w-programie-telewizyjnym-receptar-prima-napadu\/"]}]},{"@type":"ImageObject","inLanguage":"pl-PL","@id":"https:\/\/gardeon.pl\/pl\/blog\/gardeon-w-programie-telewizyjnym-receptar-prima-napadu\/#primaryimage","url":"https:\/\/gardeon.pl\/wp-content\/uploads\/2024\/09\/dsc-0396a-scaled.jpeg","contentUrl":"https:\/\/gardeon.pl\/wp-content\/uploads\/2024\/09\/dsc-0396a-scaled.jpeg","width":2560,"height":1700,"caption":"gardeon w recept\u00e1\u0159i nowych pomys\u0142\u00f3w"},{"@type":"BreadcrumbList","@id":"https:\/\/gardeon.pl\/pl\/blog\/gardeon-w-programie-telewizyjnym-receptar-prima-napadu\/#breadcrumb","itemListElement":[{"@type":"ListItem","position":1,"name":"Domov","item":"https:\/\/gardeon.pl\/pl\/"},{"@type":"ListItem","position":2,"name":"GARDEON w programie telewizyjnym Recept\u00e1\u0159 prima n\u00e1pad\u016f"}]},{"@type":"WebSite","@id":"https:\/\/gardeon.pl\/#website","url":"https:\/\/gardeon.pl\/","name":"GARDEON","description":"","potentialAction":[{"@type":"SearchAction","target":{"@type":"EntryPoint","urlTemplate":"https:\/\/gardeon.pl\/?s={search_term_string}"},"query-input":{"@type":"PropertyValueSpecification","valueRequired":true,"valueName":"search_term_string"}}],"inLanguage":"pl-PL"},{"@type":"Person","@id":"https:\/\/gardeon.pl\/#\/schema\/person\/f6d94df9516fedce3fa609ac43525d20","name":"Kvetka \u0160imov\u00e1","image":{"@type":"ImageObject","inLanguage":"pl-PL","@id":"https:\/\/secure.gravatar.com\/avatar\/71eb0eb611cac56028661df8b2319ffadd0a09ef298614d8dcfc22c510ba744d?s=96&d=mm&r=g","url":"https:\/\/secure.gravatar.com\/avatar\/71eb0eb611cac56028661df8b2319ffadd0a09ef298614d8dcfc22c510ba744d?s=96&d=mm&r=g","contentUrl":"https:\/\/secure.gravatar.com\/avatar\/71eb0eb611cac56028661df8b2319ffadd0a09ef298614d8dcfc22c510ba744d?s=96&d=mm&r=g","caption":"Kvetka \u0160imov\u00e1"}}]}},"_links":{"self":[{"href":"https:\/\/gardeon.pl\/pl\/wp-json\/wp\/v2\/posts\/45067","targetHints":{"allow":["GET"]}}],"collection":[{"href":"https:\/\/gardeon.pl\/pl\/wp-json\/wp\/v2\/posts"}],"about":[{"href":"https:\/\/gardeon.pl\/pl\/wp-json\/wp\/v2\/types\/post"}],"author":[{"embeddable":true,"href":"https:\/\/gardeon.pl\/pl\/wp-json\/wp\/v2\/users\/12"}],"replies":[{"embeddable":true,"href":"https:\/\/gardeon.pl\/pl\/wp-json\/wp\/v2\/comments?post=45067"}],"version-history":[{"count":0,"href":"https:\/\/gardeon.pl\/pl\/wp-json\/wp\/v2\/posts\/45067\/revisions"}],"wp:featuredmedia":[{"embeddable":true,"href":"https:\/\/gardeon.pl\/pl\/wp-json\/wp\/v2\/media\/45068"}],"wp:attachment":[{"href":"https:\/\/gardeon.pl\/pl\/wp-json\/wp\/v2\/media?parent=45067"}],"wp:term":[{"taxonomy":"category","embeddable":true,"href":"https:\/\/gardeon.pl\/pl\/wp-json\/wp\/v2\/categories?post=45067"},{"taxonomy":"post_tag","embeddable":true,"href":"https:\/\/gardeon.pl\/pl\/wp-json\/wp\/v2\/tags?post=45067"}],"curies":[{"name":"wp","href":"https:\/\/api.w.org\/{rel}","templated":true}]}}