{"id":45069,"date":"2026-04-23T15:46:52","date_gmt":"2026-04-23T13:46:52","guid":{"rendered":"https:\/\/gardeon.pl\/blog\/nowa-ustawa-budowlana-dotyczaca-pozwolen-na-budowe-i-uzytkowanie-obiektow\/"},"modified":"2026-04-23T18:54:27","modified_gmt":"2026-04-23T16:54:27","slug":"nowa-ustawa-budowlana-dotyczaca-pozwolen-na-budowe-i-uzytkowanie-obiektow","status":"publish","type":"post","link":"https:\/\/gardeon.pl\/pl\/blog\/nowa-ustawa-budowlana-dotyczaca-pozwolen-na-budowe-i-uzytkowanie-obiektow\/","title":{"rendered":"Nowa ustawa budowlana dotycz\u0105ca pozwole\u0144 na budow\u0119 i u\u017cytkowanie obiekt\u00f3w"},"content":{"rendered":"<p><em>Ustawa budowlana, obowi\u0105zuj\u0105ca od 1 lipca 2024 r., wprowadza nowe poj\u0119cia i kryteria dotycz\u0105ce pozwole\u0144 na budow\u0119 i u\u017cytkowanie domk\u00f3w ogrodowych, wiat, gara\u017cy i pergoli.<\/em><\/p>\n<p><!--more--><\/p>\n","protected":false},"excerpt":{"rendered":"<p>Ustawa budowlana, obowi\u0105zuj\u0105ca od 1 lipca 2024 r., wprowadza nowe poj\u0119cia i kryteria dotycz\u0105ce pozwole\u0144 na budow\u0119 i u\u017cytkowanie domk\u00f3w ogrodowych, wiat, gara\u017cy i pergoli.<\/p>\n","protected":false},"author":12,"featured_media":43202,"comment_status":"open","ping_status":"open","sticky":false,"template":"","format":"standard","meta":{"_acf_changed":false,"inline_featured_image":false,"footnotes":""},"categories":[593],"tags":[595,581,579,620,627],"class_list":["post-45069","post","type-post","status-publish","format-standard","has-post-thumbnail","hentry","category-aktualnosci","tag-domek-ogrodowy","tag-garaz","tag-gardeon","tag-pergola","tag-wiata"],"acf":[],"yoast_head":"<!-- This site is optimized with the Yoast SEO plugin v27.4 - https:\/\/yoast.com\/product\/yoast-seo-wordpress\/ -->\n<title>Nowa ustawa budowlana dotycz\u0105ca pozwole\u0144 na budow\u0119 i u\u017cytkowanie obiekt\u00f3w | GARDEON<\/title>\n<meta name=\"robots\" content=\"index, follow, max-snippet:-1, max-image-preview:large, max-video-preview:-1\" \/>\n<link rel=\"canonical\" href=\"https:\/\/gardeon.pl\/pl\/blog\/nowa-ustawa-budowlana-dotyczaca-pozwolen-na-budowe-i-uzytkowanie-obiektow\/\" \/>\n<meta property=\"og:locale\" content=\"pl_PL\" \/>\n<meta property=\"og:type\" content=\"article\" \/>\n<meta property=\"og:title\" content=\"Nowa ustawa budowlana dotycz\u0105ca pozwole\u0144 na budow\u0119 i u\u017cytkowanie obiekt\u00f3w | GARDEON\" \/>\n<meta property=\"og:description\" content=\"Ustawa budowlana, obowi\u0105zuj\u0105ca od 1 lipca 2024 r., wprowadza nowe poj\u0119cia i kryteria dotycz\u0105ce pozwole\u0144 na budow\u0119 i u\u017cytkowanie domk\u00f3w ogrodowych, wiat, gara\u017cy i pergoli.\" \/>\n<meta property=\"og:url\" content=\"https:\/\/gardeon.pl\/pl\/blog\/nowa-ustawa-budowlana-dotyczaca-pozwolen-na-budowe-i-uzytkowanie-obiektow\/\" \/>\n<meta property=\"og:site_name\" content=\"GARDEON\" \/>\n<meta property=\"article:published_time\" content=\"2026-04-23T13:46:52+00:00\" \/>\n<meta property=\"article:modified_time\" content=\"2026-04-23T16:54:27+00:00\" \/>\n<meta property=\"og:image\" content=\"http:\/\/gardeon.pl\/wp-content\/uploads\/2024\/07\/gardeon-zahradny-domcek-dvojity-pultova-strecha-6908-za-3-1-scaled.webp\" \/>\n\t<meta property=\"og:image:width\" content=\"2560\" \/>\n\t<meta property=\"og:image:height\" content=\"1440\" \/>\n\t<meta property=\"og:image:type\" content=\"image\/webp\" \/>\n<meta name=\"author\" content=\"Kvetka \u0160imov\u00e1\" \/>\n<meta name=\"twitter:card\" content=\"summary_large_image\" \/>\n<meta name=\"twitter:label1\" content=\"Napisane przez\" \/>\n\t<meta name=\"twitter:data1\" content=\"Kvetka \u0160imov\u00e1\" \/>\n<script type=\"application\/ld+json\" class=\"yoast-schema-graph\">{\"@context\":\"https:\\\/\\\/schema.org\",\"@graph\":[{\"@type\":\"Article\",\"@id\":\"https:\\\/\\\/gardeon.pl\\\/pl\\\/blog\\\/nowa-ustawa-budowlana-dotyczaca-pozwolen-na-budowe-i-uzytkowanie-obiektow\\\/#article\",\"isPartOf\":{\"@id\":\"https:\\\/\\\/gardeon.pl\\\/pl\\\/blog\\\/nowa-ustawa-budowlana-dotyczaca-pozwolen-na-budowe-i-uzytkowanie-obiektow\\\/\"},\"author\":{\"name\":\"Kvetka \u0160imov\u00e1\",\"@id\":\"https:\\\/\\\/gardeon.pl\\\/#\\\/schema\\\/person\\\/f6d94df9516fedce3fa609ac43525d20\"},\"headline\":\"Nowa ustawa budowlana dotycz\u0105ca pozwole\u0144 na budow\u0119 i u\u017cytkowanie obiekt\u00f3w\",\"datePublished\":\"2026-04-23T13:46:52+00:00\",\"dateModified\":\"2026-04-23T16:54:27+00:00\",\"mainEntityOfPage\":{\"@id\":\"https:\\\/\\\/gardeon.pl\\\/pl\\\/blog\\\/nowa-ustawa-budowlana-dotyczaca-pozwolen-na-budowe-i-uzytkowanie-obiektow\\\/\"},\"wordCount\":43,\"commentCount\":0,\"image\":{\"@id\":\"https:\\\/\\\/gardeon.pl\\\/pl\\\/blog\\\/nowa-ustawa-budowlana-dotyczaca-pozwolen-na-budowe-i-uzytkowanie-obiektow\\\/#primaryimage\"},\"thumbnailUrl\":\"https:\\\/\\\/gardeon.pl\\\/wp-content\\\/uploads\\\/2024\\\/07\\\/gardeon-zahradny-domcek-dvojity-pultova-strecha-6908-za-3-1-scaled.webp\",\"keywords\":[\"domek ogrodowy\",\"gara\u017c\",\"GARDEON\",\"pergola\",\"wiata\"],\"articleSection\":[\"Aktualno\u015bci\"],\"inLanguage\":\"pl-PL\",\"potentialAction\":[{\"@type\":\"CommentAction\",\"name\":\"Comment\",\"target\":[\"https:\\\/\\\/gardeon.pl\\\/pl\\\/blog\\\/nowa-ustawa-budowlana-dotyczaca-pozwolen-na-budowe-i-uzytkowanie-obiektow\\\/#respond\"]}]},{\"@type\":\"WebPage\",\"@id\":\"https:\\\/\\\/gardeon.pl\\\/pl\\\/blog\\\/nowa-ustawa-budowlana-dotyczaca-pozwolen-na-budowe-i-uzytkowanie-obiektow\\\/\",\"url\":\"https:\\\/\\\/gardeon.pl\\\/pl\\\/blog\\\/nowa-ustawa-budowlana-dotyczaca-pozwolen-na-budowe-i-uzytkowanie-obiektow\\\/\",\"name\":\"Nowa ustawa budowlana dotycz\u0105ca pozwole\u0144 na budow\u0119 i u\u017cytkowanie obiekt\u00f3w | GARDEON\",\"isPartOf\":{\"@id\":\"https:\\\/\\\/gardeon.pl\\\/#website\"},\"primaryImageOfPage\":{\"@id\":\"https:\\\/\\\/gardeon.pl\\\/pl\\\/blog\\\/nowa-ustawa-budowlana-dotyczaca-pozwolen-na-budowe-i-uzytkowanie-obiektow\\\/#primaryimage\"},\"image\":{\"@id\":\"https:\\\/\\\/gardeon.pl\\\/pl\\\/blog\\\/nowa-ustawa-budowlana-dotyczaca-pozwolen-na-budowe-i-uzytkowanie-obiektow\\\/#primaryimage\"},\"thumbnailUrl\":\"https:\\\/\\\/gardeon.pl\\\/wp-content\\\/uploads\\\/2024\\\/07\\\/gardeon-zahradny-domcek-dvojity-pultova-strecha-6908-za-3-1-scaled.webp\",\"datePublished\":\"2026-04-23T13:46:52+00:00\",\"dateModified\":\"2026-04-23T16:54:27+00:00\",\"author\":{\"@id\":\"https:\\\/\\\/gardeon.pl\\\/#\\\/schema\\\/person\\\/f6d94df9516fedce3fa609ac43525d20\"},\"breadcrumb\":{\"@id\":\"https:\\\/\\\/gardeon.pl\\\/pl\\\/blog\\\/nowa-ustawa-budowlana-dotyczaca-pozwolen-na-budowe-i-uzytkowanie-obiektow\\\/#breadcrumb\"},\"inLanguage\":\"pl-PL\",\"potentialAction\":[{\"@type\":\"ReadAction\",\"target\":[\"https:\\\/\\\/gardeon.pl\\\/pl\\\/blog\\\/nowa-ustawa-budowlana-dotyczaca-pozwolen-na-budowe-i-uzytkowanie-obiektow\\\/\"]}]},{\"@type\":\"ImageObject\",\"inLanguage\":\"pl-PL\",\"@id\":\"https:\\\/\\\/gardeon.pl\\\/pl\\\/blog\\\/nowa-ustawa-budowlana-dotyczaca-pozwolen-na-budowe-i-uzytkowanie-obiektow\\\/#primaryimage\",\"url\":\"https:\\\/\\\/gardeon.pl\\\/wp-content\\\/uploads\\\/2024\\\/07\\\/gardeon-zahradny-domcek-dvojity-pultova-strecha-6908-za-3-1-scaled.webp\",\"contentUrl\":\"https:\\\/\\\/gardeon.pl\\\/wp-content\\\/uploads\\\/2024\\\/07\\\/gardeon-zahradny-domcek-dvojity-pultova-strecha-6908-za-3-1-scaled.webp\",\"width\":2560,\"height\":1440,\"caption\":\"domek ogrodowy otoczony zieleni\u0105\"},{\"@type\":\"BreadcrumbList\",\"@id\":\"https:\\\/\\\/gardeon.pl\\\/pl\\\/blog\\\/nowa-ustawa-budowlana-dotyczaca-pozwolen-na-budowe-i-uzytkowanie-obiektow\\\/#breadcrumb\",\"itemListElement\":[{\"@type\":\"ListItem\",\"position\":1,\"name\":\"Domov\",\"item\":\"https:\\\/\\\/gardeon.pl\\\/pl\\\/\"},{\"@type\":\"ListItem\",\"position\":2,\"name\":\"Nowa ustawa budowlana dotycz\u0105ca pozwole\u0144 na budow\u0119 i u\u017cytkowanie obiekt\u00f3w\"}]},{\"@type\":\"WebSite\",\"@id\":\"https:\\\/\\\/gardeon.pl\\\/#website\",\"url\":\"https:\\\/\\\/gardeon.pl\\\/\",\"name\":\"GARDEON\",\"description\":\"\",\"potentialAction\":[{\"@type\":\"SearchAction\",\"target\":{\"@type\":\"EntryPoint\",\"urlTemplate\":\"https:\\\/\\\/gardeon.pl\\\/?s={search_term_string}\"},\"query-input\":{\"@type\":\"PropertyValueSpecification\",\"valueRequired\":true,\"valueName\":\"search_term_string\"}}],\"inLanguage\":\"pl-PL\"},{\"@type\":\"Person\",\"@id\":\"https:\\\/\\\/gardeon.pl\\\/#\\\/schema\\\/person\\\/f6d94df9516fedce3fa609ac43525d20\",\"name\":\"Kvetka \u0160imov\u00e1\",\"image\":{\"@type\":\"ImageObject\",\"inLanguage\":\"pl-PL\",\"@id\":\"https:\\\/\\\/secure.gravatar.com\\\/avatar\\\/71eb0eb611cac56028661df8b2319ffadd0a09ef298614d8dcfc22c510ba744d?s=96&d=mm&r=g\",\"url\":\"https:\\\/\\\/secure.gravatar.com\\\/avatar\\\/71eb0eb611cac56028661df8b2319ffadd0a09ef298614d8dcfc22c510ba744d?s=96&d=mm&r=g\",\"contentUrl\":\"https:\\\/\\\/secure.gravatar.com\\\/avatar\\\/71eb0eb611cac56028661df8b2319ffadd0a09ef298614d8dcfc22c510ba744d?s=96&d=mm&r=g\",\"caption\":\"Kvetka \u0160imov\u00e1\"}}]}<\/script>\n<!-- \/ Yoast SEO plugin. -->","yoast_head_json":{"title":"Nowa ustawa budowlana dotycz\u0105ca pozwole\u0144 na budow\u0119 i u\u017cytkowanie obiekt\u00f3w | GARDEON","robots":{"index":"index","follow":"follow","max-snippet":"max-snippet:-1","max-image-preview":"max-image-preview:large","max-video-preview":"max-video-preview:-1"},"canonical":"https:\/\/gardeon.pl\/pl\/blog\/nowa-ustawa-budowlana-dotyczaca-pozwolen-na-budowe-i-uzytkowanie-obiektow\/","og_locale":"pl_PL","og_type":"article","og_title":"Nowa ustawa budowlana dotycz\u0105ca pozwole\u0144 na budow\u0119 i u\u017cytkowanie obiekt\u00f3w | GARDEON","og_description":"Ustawa budowlana, obowi\u0105zuj\u0105ca od 1 lipca 2024 r., wprowadza nowe poj\u0119cia i kryteria dotycz\u0105ce pozwole\u0144 na budow\u0119 i u\u017cytkowanie domk\u00f3w ogrodowych, wiat, gara\u017cy i pergoli.","og_url":"https:\/\/gardeon.pl\/pl\/blog\/nowa-ustawa-budowlana-dotyczaca-pozwolen-na-budowe-i-uzytkowanie-obiektow\/","og_site_name":"GARDEON","article_published_time":"2026-04-23T13:46:52+00:00","article_modified_time":"2026-04-23T16:54:27+00:00","og_image":[{"width":2560,"height":1440,"url":"http:\/\/gardeon.pl\/wp-content\/uploads\/2024\/07\/gardeon-zahradny-domcek-dvojity-pultova-strecha-6908-za-3-1-scaled.webp","type":"image\/webp"}],"author":"Kvetka \u0160imov\u00e1","twitter_card":"summary_large_image","twitter_misc":{"Napisane przez":"Kvetka \u0160imov\u00e1"},"schema":{"@context":"https:\/\/schema.org","@graph":[{"@type":"Article","@id":"https:\/\/gardeon.pl\/pl\/blog\/nowa-ustawa-budowlana-dotyczaca-pozwolen-na-budowe-i-uzytkowanie-obiektow\/#article","isPartOf":{"@id":"https:\/\/gardeon.pl\/pl\/blog\/nowa-ustawa-budowlana-dotyczaca-pozwolen-na-budowe-i-uzytkowanie-obiektow\/"},"author":{"name":"Kvetka \u0160imov\u00e1","@id":"https:\/\/gardeon.pl\/#\/schema\/person\/f6d94df9516fedce3fa609ac43525d20"},"headline":"Nowa ustawa budowlana dotycz\u0105ca pozwole\u0144 na budow\u0119 i u\u017cytkowanie obiekt\u00f3w","datePublished":"2026-04-23T13:46:52+00:00","dateModified":"2026-04-23T16:54:27+00:00","mainEntityOfPage":{"@id":"https:\/\/gardeon.pl\/pl\/blog\/nowa-ustawa-budowlana-dotyczaca-pozwolen-na-budowe-i-uzytkowanie-obiektow\/"},"wordCount":43,"commentCount":0,"image":{"@id":"https:\/\/gardeon.pl\/pl\/blog\/nowa-ustawa-budowlana-dotyczaca-pozwolen-na-budowe-i-uzytkowanie-obiektow\/#primaryimage"},"thumbnailUrl":"https:\/\/gardeon.pl\/wp-content\/uploads\/2024\/07\/gardeon-zahradny-domcek-dvojity-pultova-strecha-6908-za-3-1-scaled.webp","keywords":["domek ogrodowy","gara\u017c","GARDEON","pergola","wiata"],"articleSection":["Aktualno\u015bci"],"inLanguage":"pl-PL","potentialAction":[{"@type":"CommentAction","name":"Comment","target":["https:\/\/gardeon.pl\/pl\/blog\/nowa-ustawa-budowlana-dotyczaca-pozwolen-na-budowe-i-uzytkowanie-obiektow\/#respond"]}]},{"@type":"WebPage","@id":"https:\/\/gardeon.pl\/pl\/blog\/nowa-ustawa-budowlana-dotyczaca-pozwolen-na-budowe-i-uzytkowanie-obiektow\/","url":"https:\/\/gardeon.pl\/pl\/blog\/nowa-ustawa-budowlana-dotyczaca-pozwolen-na-budowe-i-uzytkowanie-obiektow\/","name":"Nowa ustawa budowlana dotycz\u0105ca pozwole\u0144 na budow\u0119 i u\u017cytkowanie obiekt\u00f3w | GARDEON","isPartOf":{"@id":"https:\/\/gardeon.pl\/#website"},"primaryImageOfPage":{"@id":"https:\/\/gardeon.pl\/pl\/blog\/nowa-ustawa-budowlana-dotyczaca-pozwolen-na-budowe-i-uzytkowanie-obiektow\/#primaryimage"},"image":{"@id":"https:\/\/gardeon.pl\/pl\/blog\/nowa-ustawa-budowlana-dotyczaca-pozwolen-na-budowe-i-uzytkowanie-obiektow\/#primaryimage"},"thumbnailUrl":"https:\/\/gardeon.pl\/wp-content\/uploads\/2024\/07\/gardeon-zahradny-domcek-dvojity-pultova-strecha-6908-za-3-1-scaled.webp","datePublished":"2026-04-23T13:46:52+00:00","dateModified":"2026-04-23T16:54:27+00:00","author":{"@id":"https:\/\/gardeon.pl\/#\/schema\/person\/f6d94df9516fedce3fa609ac43525d20"},"breadcrumb":{"@id":"https:\/\/gardeon.pl\/pl\/blog\/nowa-ustawa-budowlana-dotyczaca-pozwolen-na-budowe-i-uzytkowanie-obiektow\/#breadcrumb"},"inLanguage":"pl-PL","potentialAction":[{"@type":"ReadAction","target":["https:\/\/gardeon.pl\/pl\/blog\/nowa-ustawa-budowlana-dotyczaca-pozwolen-na-budowe-i-uzytkowanie-obiektow\/"]}]},{"@type":"ImageObject","inLanguage":"pl-PL","@id":"https:\/\/gardeon.pl\/pl\/blog\/nowa-ustawa-budowlana-dotyczaca-pozwolen-na-budowe-i-uzytkowanie-obiektow\/#primaryimage","url":"https:\/\/gardeon.pl\/wp-content\/uploads\/2024\/07\/gardeon-zahradny-domcek-dvojity-pultova-strecha-6908-za-3-1-scaled.webp","contentUrl":"https:\/\/gardeon.pl\/wp-content\/uploads\/2024\/07\/gardeon-zahradny-domcek-dvojity-pultova-strecha-6908-za-3-1-scaled.webp","width":2560,"height":1440,"caption":"domek ogrodowy otoczony zieleni\u0105"},{"@type":"BreadcrumbList","@id":"https:\/\/gardeon.pl\/pl\/blog\/nowa-ustawa-budowlana-dotyczaca-pozwolen-na-budowe-i-uzytkowanie-obiektow\/#breadcrumb","itemListElement":[{"@type":"ListItem","position":1,"name":"Domov","item":"https:\/\/gardeon.pl\/pl\/"},{"@type":"ListItem","position":2,"name":"Nowa ustawa budowlana dotycz\u0105ca pozwole\u0144 na budow\u0119 i u\u017cytkowanie obiekt\u00f3w"}]},{"@type":"WebSite","@id":"https:\/\/gardeon.pl\/#website","url":"https:\/\/gardeon.pl\/","name":"GARDEON","description":"","potentialAction":[{"@type":"SearchAction","target":{"@type":"EntryPoint","urlTemplate":"https:\/\/gardeon.pl\/?s={search_term_string}"},"query-input":{"@type":"PropertyValueSpecification","valueRequired":true,"valueName":"search_term_string"}}],"inLanguage":"pl-PL"},{"@type":"Person","@id":"https:\/\/gardeon.pl\/#\/schema\/person\/f6d94df9516fedce3fa609ac43525d20","name":"Kvetka \u0160imov\u00e1","image":{"@type":"ImageObject","inLanguage":"pl-PL","@id":"https:\/\/secure.gravatar.com\/avatar\/71eb0eb611cac56028661df8b2319ffadd0a09ef298614d8dcfc22c510ba744d?s=96&d=mm&r=g","url":"https:\/\/secure.gravatar.com\/avatar\/71eb0eb611cac56028661df8b2319ffadd0a09ef298614d8dcfc22c510ba744d?s=96&d=mm&r=g","contentUrl":"https:\/\/secure.gravatar.com\/avatar\/71eb0eb611cac56028661df8b2319ffadd0a09ef298614d8dcfc22c510ba744d?s=96&d=mm&r=g","caption":"Kvetka \u0160imov\u00e1"}}]}},"_links":{"self":[{"href":"https:\/\/gardeon.pl\/pl\/wp-json\/wp\/v2\/posts\/45069","targetHints":{"allow":["GET"]}}],"collection":[{"href":"https:\/\/gardeon.pl\/pl\/wp-json\/wp\/v2\/posts"}],"about":[{"href":"https:\/\/gardeon.pl\/pl\/wp-json\/wp\/v2\/types\/post"}],"author":[{"embeddable":true,"href":"https:\/\/gardeon.pl\/pl\/wp-json\/wp\/v2\/users\/12"}],"replies":[{"embeddable":true,"href":"https:\/\/gardeon.pl\/pl\/wp-json\/wp\/v2\/comments?post=45069"}],"version-history":[{"count":0,"href":"https:\/\/gardeon.pl\/pl\/wp-json\/wp\/v2\/posts\/45069\/revisions"}],"wp:featuredmedia":[{"embeddable":true,"href":"https:\/\/gardeon.pl\/pl\/wp-json\/wp\/v2\/media\/43202"}],"wp:attachment":[{"href":"https:\/\/gardeon.pl\/pl\/wp-json\/wp\/v2\/media?parent=45069"}],"wp:term":[{"taxonomy":"category","embeddable":true,"href":"https:\/\/gardeon.pl\/pl\/wp-json\/wp\/v2\/categories?post=45069"},{"taxonomy":"post_tag","embeddable":true,"href":"https:\/\/gardeon.pl\/pl\/wp-json\/wp\/v2\/tags?post=45069"}],"curies":[{"name":"wp","href":"https:\/\/api.w.org\/{rel}","templated":true}]}}