{"id":45380,"date":"2026-04-23T18:54:26","date_gmt":"2026-04-23T16:54:26","guid":{"rendered":"https:\/\/gardeon.pl\/?p=45380"},"modified":"2026-04-23T18:54:26","modified_gmt":"2026-04-23T16:54:26","slug":"nawet-10-letnia-gwarancja-na-konstrukcje-modulowa-teraz-gratis","status":"publish","type":"post","link":"https:\/\/gardeon.pl\/pl\/blog\/nawet-10-letnia-gwarancja-na-konstrukcje-modulowa-teraz-gratis\/","title":{"rendered":"Nawet 10-letnia gwarancja na konstrukcj\u0119 modu\u0142ow\u0105 \u2013 teraz gratis!"},"content":{"rendered":"<p><em>Je\u015bli zam\u00f3wi\u0105 Pa\u0144stwo konstrukcj\u0119 modu\u0142ow\u0105 z naszej oferty do 31 maja 2024 r., otrzymaj\u0105 Pa\u0144stwo <strong>gratis <a href=\"https:\/\/gardeon.pl\/pl\/gardeon-premium\/\" target=\"_blank\" rel=\"noopener\">przed\u0142u\u017con\u0105 gwarancj\u0119 GARDEON PREMIUM<\/a><\/strong>. Dzi\u0119ki tej gwarancji b\u0119d\u0105 Pa\u0144stwo korzysta\u0107 ze swojej konstrukcji przez pe\u0142ne 10 lat bez zmartwie\u0144 \u2013 wygodnie i z bezp\u0142atnym serwisem.  <\/em><\/p>\n<p><!--more--><\/p>\n","protected":false},"excerpt":{"rendered":"<p>Je\u015bli zam\u00f3wi\u0105 Pa\u0144stwo konstrukcj\u0119 modu\u0142ow\u0105 z naszej oferty do 31 maja 2024 r., otrzymaj\u0105 Pa\u0144stwo gratis przed\u0142u\u017con\u0105 gwarancj\u0119 GARDEON PREMIUM. Dzi\u0119ki tej gwarancji b\u0119d\u0105 Pa\u0144stwo korzysta\u0107 ze swojej konstrukcji przez pe\u0142ne 10 lat bez zmartwie\u0144 \u2013 wygodnie i z bezp\u0142atnym serwisem.<\/p>\n","protected":false},"author":2,"featured_media":45385,"comment_status":"open","ping_status":"open","sticky":false,"template":"","format":"standard","meta":{"_acf_changed":false,"inline_featured_image":false,"footnotes":""},"categories":[593],"tags":[579,609],"class_list":["post-45380","post","type-post","status-publish","format-standard","has-post-thumbnail","hentry","category-aktualnosci","tag-gardeon","tag-promocja"],"acf":[],"yoast_head":"<!-- This site is optimized with the Yoast SEO plugin v27.4 - https:\/\/yoast.com\/product\/yoast-seo-wordpress\/ -->\n<title>Nawet 10-letnia gwarancja na konstrukcj\u0119 modu\u0142ow\u0105 \u2013 teraz gratis! | GARDEON<\/title>\n<meta name=\"robots\" content=\"index, follow, max-snippet:-1, max-image-preview:large, max-video-preview:-1\" \/>\n<link rel=\"canonical\" href=\"https:\/\/gardeon.pl\/pl\/blog\/nawet-10-letnia-gwarancja-na-konstrukcje-modulowa-teraz-gratis\/\" \/>\n<meta property=\"og:locale\" content=\"pl_PL\" \/>\n<meta property=\"og:type\" content=\"article\" \/>\n<meta property=\"og:title\" content=\"Nawet 10-letnia gwarancja na konstrukcj\u0119 modu\u0142ow\u0105 \u2013 teraz gratis! | GARDEON\" \/>\n<meta property=\"og:description\" content=\"Je\u015bli zam\u00f3wi\u0105 Pa\u0144stwo konstrukcj\u0119 modu\u0142ow\u0105 z naszej oferty do 31 maja 2024 r., otrzymaj\u0105 Pa\u0144stwo gratis przed\u0142u\u017con\u0105 gwarancj\u0119 GARDEON PREMIUM. Dzi\u0119ki tej gwarancji b\u0119d\u0105 Pa\u0144stwo korzysta\u0107 ze swojej konstrukcji przez pe\u0142ne 10 lat bez zmartwie\u0144 \u2013 wygodnie i z bezp\u0142atnym serwisem.\" \/>\n<meta property=\"og:url\" content=\"https:\/\/gardeon.pl\/pl\/blog\/nawet-10-letnia-gwarancja-na-konstrukcje-modulowa-teraz-gratis\/\" \/>\n<meta property=\"og:site_name\" content=\"GARDEON\" \/>\n<meta property=\"article:published_time\" content=\"2026-04-23T16:54:26+00:00\" \/>\n<meta property=\"og:image\" content=\"http:\/\/gardeon.pl\/wp-content\/uploads\/2024\/03\/gardeon-akcia-2024-04-garaze-cz.jpg\" \/>\n\t<meta property=\"og:image:width\" content=\"1280\" \/>\n\t<meta property=\"og:image:height\" content=\"960\" \/>\n\t<meta property=\"og:image:type\" content=\"image\/jpeg\" \/>\n<meta name=\"author\" content=\"editor\" \/>\n<meta name=\"twitter:card\" content=\"summary_large_image\" \/>\n<meta name=\"twitter:label1\" content=\"Napisane przez\" \/>\n\t<meta name=\"twitter:data1\" content=\"editor\" \/>\n<script type=\"application\/ld+json\" class=\"yoast-schema-graph\">{\"@context\":\"https:\\\/\\\/schema.org\",\"@graph\":[{\"@type\":\"Article\",\"@id\":\"https:\\\/\\\/gardeon.pl\\\/pl\\\/blog\\\/nawet-10-letnia-gwarancja-na-konstrukcje-modulowa-teraz-gratis\\\/#article\",\"isPartOf\":{\"@id\":\"https:\\\/\\\/gardeon.pl\\\/pl\\\/blog\\\/nawet-10-letnia-gwarancja-na-konstrukcje-modulowa-teraz-gratis\\\/\"},\"author\":{\"name\":\"editor\",\"@id\":\"https:\\\/\\\/gardeon.pl\\\/#\\\/schema\\\/person\\\/a5762ca5f0790bf92774af0899379463\"},\"headline\":\"Nawet 10-letnia gwarancja na konstrukcj\u0119 modu\u0142ow\u0105 \u2013 teraz gratis!\",\"datePublished\":\"2026-04-23T16:54:26+00:00\",\"mainEntityOfPage\":{\"@id\":\"https:\\\/\\\/gardeon.pl\\\/pl\\\/blog\\\/nawet-10-letnia-gwarancja-na-konstrukcje-modulowa-teraz-gratis\\\/\"},\"wordCount\":58,\"commentCount\":0,\"image\":{\"@id\":\"https:\\\/\\\/gardeon.pl\\\/pl\\\/blog\\\/nawet-10-letnia-gwarancja-na-konstrukcje-modulowa-teraz-gratis\\\/#primaryimage\"},\"thumbnailUrl\":\"https:\\\/\\\/gardeon.pl\\\/wp-content\\\/uploads\\\/2024\\\/03\\\/gardeon-akcia-2024-04-garaze-cz.jpg\",\"keywords\":[\"GARDEON\",\"promocja\"],\"articleSection\":[\"Aktualno\u015bci\"],\"inLanguage\":\"pl-PL\",\"potentialAction\":[{\"@type\":\"CommentAction\",\"name\":\"Comment\",\"target\":[\"https:\\\/\\\/gardeon.pl\\\/pl\\\/blog\\\/nawet-10-letnia-gwarancja-na-konstrukcje-modulowa-teraz-gratis\\\/#respond\"]}]},{\"@type\":\"WebPage\",\"@id\":\"https:\\\/\\\/gardeon.pl\\\/pl\\\/blog\\\/nawet-10-letnia-gwarancja-na-konstrukcje-modulowa-teraz-gratis\\\/\",\"url\":\"https:\\\/\\\/gardeon.pl\\\/pl\\\/blog\\\/nawet-10-letnia-gwarancja-na-konstrukcje-modulowa-teraz-gratis\\\/\",\"name\":\"Nawet 10-letnia gwarancja na konstrukcj\u0119 modu\u0142ow\u0105 \u2013 teraz gratis! | GARDEON\",\"isPartOf\":{\"@id\":\"https:\\\/\\\/gardeon.pl\\\/#website\"},\"primaryImageOfPage\":{\"@id\":\"https:\\\/\\\/gardeon.pl\\\/pl\\\/blog\\\/nawet-10-letnia-gwarancja-na-konstrukcje-modulowa-teraz-gratis\\\/#primaryimage\"},\"image\":{\"@id\":\"https:\\\/\\\/gardeon.pl\\\/pl\\\/blog\\\/nawet-10-letnia-gwarancja-na-konstrukcje-modulowa-teraz-gratis\\\/#primaryimage\"},\"thumbnailUrl\":\"https:\\\/\\\/gardeon.pl\\\/wp-content\\\/uploads\\\/2024\\\/03\\\/gardeon-akcia-2024-04-garaze-cz.jpg\",\"datePublished\":\"2026-04-23T16:54:26+00:00\",\"author\":{\"@id\":\"https:\\\/\\\/gardeon.pl\\\/#\\\/schema\\\/person\\\/a5762ca5f0790bf92774af0899379463\"},\"breadcrumb\":{\"@id\":\"https:\\\/\\\/gardeon.pl\\\/pl\\\/blog\\\/nawet-10-letnia-gwarancja-na-konstrukcje-modulowa-teraz-gratis\\\/#breadcrumb\"},\"inLanguage\":\"pl-PL\",\"potentialAction\":[{\"@type\":\"ReadAction\",\"target\":[\"https:\\\/\\\/gardeon.pl\\\/pl\\\/blog\\\/nawet-10-letnia-gwarancja-na-konstrukcje-modulowa-teraz-gratis\\\/\"]}]},{\"@type\":\"ImageObject\",\"inLanguage\":\"pl-PL\",\"@id\":\"https:\\\/\\\/gardeon.pl\\\/pl\\\/blog\\\/nawet-10-letnia-gwarancja-na-konstrukcje-modulowa-teraz-gratis\\\/#primaryimage\",\"url\":\"https:\\\/\\\/gardeon.pl\\\/wp-content\\\/uploads\\\/2024\\\/03\\\/gardeon-akcia-2024-04-garaze-cz.jpg\",\"contentUrl\":\"https:\\\/\\\/gardeon.pl\\\/wp-content\\\/uploads\\\/2024\\\/03\\\/gardeon-akcia-2024-04-garaze-cz.jpg\",\"width\":1280,\"height\":960,\"caption\":\"Promocja GARDEON 04\\\/2024 | Gara\u017ce\"},{\"@type\":\"BreadcrumbList\",\"@id\":\"https:\\\/\\\/gardeon.pl\\\/pl\\\/blog\\\/nawet-10-letnia-gwarancja-na-konstrukcje-modulowa-teraz-gratis\\\/#breadcrumb\",\"itemListElement\":[{\"@type\":\"ListItem\",\"position\":1,\"name\":\"Domov\",\"item\":\"https:\\\/\\\/gardeon.pl\\\/pl\\\/\"},{\"@type\":\"ListItem\",\"position\":2,\"name\":\"Nawet 10-letnia gwarancja na konstrukcj\u0119 modu\u0142ow\u0105 \u2013 teraz gratis!\"}]},{\"@type\":\"WebSite\",\"@id\":\"https:\\\/\\\/gardeon.pl\\\/#website\",\"url\":\"https:\\\/\\\/gardeon.pl\\\/\",\"name\":\"GARDEON\",\"description\":\"\",\"potentialAction\":[{\"@type\":\"SearchAction\",\"target\":{\"@type\":\"EntryPoint\",\"urlTemplate\":\"https:\\\/\\\/gardeon.pl\\\/?s={search_term_string}\"},\"query-input\":{\"@type\":\"PropertyValueSpecification\",\"valueRequired\":true,\"valueName\":\"search_term_string\"}}],\"inLanguage\":\"pl-PL\"},{\"@type\":\"Person\",\"@id\":\"https:\\\/\\\/gardeon.pl\\\/#\\\/schema\\\/person\\\/a5762ca5f0790bf92774af0899379463\",\"name\":\"editor\",\"image\":{\"@type\":\"ImageObject\",\"inLanguage\":\"pl-PL\",\"@id\":\"https:\\\/\\\/secure.gravatar.com\\\/avatar\\\/2b748151c2c748327307fd289a91b3bdafdd9e64e2d000e65e53d6dcf11c5830?s=96&d=mm&r=g\",\"url\":\"https:\\\/\\\/secure.gravatar.com\\\/avatar\\\/2b748151c2c748327307fd289a91b3bdafdd9e64e2d000e65e53d6dcf11c5830?s=96&d=mm&r=g\",\"contentUrl\":\"https:\\\/\\\/secure.gravatar.com\\\/avatar\\\/2b748151c2c748327307fd289a91b3bdafdd9e64e2d000e65e53d6dcf11c5830?s=96&d=mm&r=g\",\"caption\":\"editor\"}}]}<\/script>\n<!-- \/ Yoast SEO plugin. -->","yoast_head_json":{"title":"Nawet 10-letnia gwarancja na konstrukcj\u0119 modu\u0142ow\u0105 \u2013 teraz gratis! | GARDEON","robots":{"index":"index","follow":"follow","max-snippet":"max-snippet:-1","max-image-preview":"max-image-preview:large","max-video-preview":"max-video-preview:-1"},"canonical":"https:\/\/gardeon.pl\/pl\/blog\/nawet-10-letnia-gwarancja-na-konstrukcje-modulowa-teraz-gratis\/","og_locale":"pl_PL","og_type":"article","og_title":"Nawet 10-letnia gwarancja na konstrukcj\u0119 modu\u0142ow\u0105 \u2013 teraz gratis! | GARDEON","og_description":"Je\u015bli zam\u00f3wi\u0105 Pa\u0144stwo konstrukcj\u0119 modu\u0142ow\u0105 z naszej oferty do 31 maja 2024 r., otrzymaj\u0105 Pa\u0144stwo gratis przed\u0142u\u017con\u0105 gwarancj\u0119 GARDEON PREMIUM. Dzi\u0119ki tej gwarancji b\u0119d\u0105 Pa\u0144stwo korzysta\u0107 ze swojej konstrukcji przez pe\u0142ne 10 lat bez zmartwie\u0144 \u2013 wygodnie i z bezp\u0142atnym serwisem.","og_url":"https:\/\/gardeon.pl\/pl\/blog\/nawet-10-letnia-gwarancja-na-konstrukcje-modulowa-teraz-gratis\/","og_site_name":"GARDEON","article_published_time":"2026-04-23T16:54:26+00:00","og_image":[{"width":1280,"height":960,"url":"http:\/\/gardeon.pl\/wp-content\/uploads\/2024\/03\/gardeon-akcia-2024-04-garaze-cz.jpg","type":"image\/jpeg"}],"author":"editor","twitter_card":"summary_large_image","twitter_misc":{"Napisane przez":"editor"},"schema":{"@context":"https:\/\/schema.org","@graph":[{"@type":"Article","@id":"https:\/\/gardeon.pl\/pl\/blog\/nawet-10-letnia-gwarancja-na-konstrukcje-modulowa-teraz-gratis\/#article","isPartOf":{"@id":"https:\/\/gardeon.pl\/pl\/blog\/nawet-10-letnia-gwarancja-na-konstrukcje-modulowa-teraz-gratis\/"},"author":{"name":"editor","@id":"https:\/\/gardeon.pl\/#\/schema\/person\/a5762ca5f0790bf92774af0899379463"},"headline":"Nawet 10-letnia gwarancja na konstrukcj\u0119 modu\u0142ow\u0105 \u2013 teraz gratis!","datePublished":"2026-04-23T16:54:26+00:00","mainEntityOfPage":{"@id":"https:\/\/gardeon.pl\/pl\/blog\/nawet-10-letnia-gwarancja-na-konstrukcje-modulowa-teraz-gratis\/"},"wordCount":58,"commentCount":0,"image":{"@id":"https:\/\/gardeon.pl\/pl\/blog\/nawet-10-letnia-gwarancja-na-konstrukcje-modulowa-teraz-gratis\/#primaryimage"},"thumbnailUrl":"https:\/\/gardeon.pl\/wp-content\/uploads\/2024\/03\/gardeon-akcia-2024-04-garaze-cz.jpg","keywords":["GARDEON","promocja"],"articleSection":["Aktualno\u015bci"],"inLanguage":"pl-PL","potentialAction":[{"@type":"CommentAction","name":"Comment","target":["https:\/\/gardeon.pl\/pl\/blog\/nawet-10-letnia-gwarancja-na-konstrukcje-modulowa-teraz-gratis\/#respond"]}]},{"@type":"WebPage","@id":"https:\/\/gardeon.pl\/pl\/blog\/nawet-10-letnia-gwarancja-na-konstrukcje-modulowa-teraz-gratis\/","url":"https:\/\/gardeon.pl\/pl\/blog\/nawet-10-letnia-gwarancja-na-konstrukcje-modulowa-teraz-gratis\/","name":"Nawet 10-letnia gwarancja na konstrukcj\u0119 modu\u0142ow\u0105 \u2013 teraz gratis! | GARDEON","isPartOf":{"@id":"https:\/\/gardeon.pl\/#website"},"primaryImageOfPage":{"@id":"https:\/\/gardeon.pl\/pl\/blog\/nawet-10-letnia-gwarancja-na-konstrukcje-modulowa-teraz-gratis\/#primaryimage"},"image":{"@id":"https:\/\/gardeon.pl\/pl\/blog\/nawet-10-letnia-gwarancja-na-konstrukcje-modulowa-teraz-gratis\/#primaryimage"},"thumbnailUrl":"https:\/\/gardeon.pl\/wp-content\/uploads\/2024\/03\/gardeon-akcia-2024-04-garaze-cz.jpg","datePublished":"2026-04-23T16:54:26+00:00","author":{"@id":"https:\/\/gardeon.pl\/#\/schema\/person\/a5762ca5f0790bf92774af0899379463"},"breadcrumb":{"@id":"https:\/\/gardeon.pl\/pl\/blog\/nawet-10-letnia-gwarancja-na-konstrukcje-modulowa-teraz-gratis\/#breadcrumb"},"inLanguage":"pl-PL","potentialAction":[{"@type":"ReadAction","target":["https:\/\/gardeon.pl\/pl\/blog\/nawet-10-letnia-gwarancja-na-konstrukcje-modulowa-teraz-gratis\/"]}]},{"@type":"ImageObject","inLanguage":"pl-PL","@id":"https:\/\/gardeon.pl\/pl\/blog\/nawet-10-letnia-gwarancja-na-konstrukcje-modulowa-teraz-gratis\/#primaryimage","url":"https:\/\/gardeon.pl\/wp-content\/uploads\/2024\/03\/gardeon-akcia-2024-04-garaze-cz.jpg","contentUrl":"https:\/\/gardeon.pl\/wp-content\/uploads\/2024\/03\/gardeon-akcia-2024-04-garaze-cz.jpg","width":1280,"height":960,"caption":"Promocja GARDEON 04\/2024 | Gara\u017ce"},{"@type":"BreadcrumbList","@id":"https:\/\/gardeon.pl\/pl\/blog\/nawet-10-letnia-gwarancja-na-konstrukcje-modulowa-teraz-gratis\/#breadcrumb","itemListElement":[{"@type":"ListItem","position":1,"name":"Domov","item":"https:\/\/gardeon.pl\/pl\/"},{"@type":"ListItem","position":2,"name":"Nawet 10-letnia gwarancja na konstrukcj\u0119 modu\u0142ow\u0105 \u2013 teraz gratis!"}]},{"@type":"WebSite","@id":"https:\/\/gardeon.pl\/#website","url":"https:\/\/gardeon.pl\/","name":"GARDEON","description":"","potentialAction":[{"@type":"SearchAction","target":{"@type":"EntryPoint","urlTemplate":"https:\/\/gardeon.pl\/?s={search_term_string}"},"query-input":{"@type":"PropertyValueSpecification","valueRequired":true,"valueName":"search_term_string"}}],"inLanguage":"pl-PL"},{"@type":"Person","@id":"https:\/\/gardeon.pl\/#\/schema\/person\/a5762ca5f0790bf92774af0899379463","name":"editor","image":{"@type":"ImageObject","inLanguage":"pl-PL","@id":"https:\/\/secure.gravatar.com\/avatar\/2b748151c2c748327307fd289a91b3bdafdd9e64e2d000e65e53d6dcf11c5830?s=96&d=mm&r=g","url":"https:\/\/secure.gravatar.com\/avatar\/2b748151c2c748327307fd289a91b3bdafdd9e64e2d000e65e53d6dcf11c5830?s=96&d=mm&r=g","contentUrl":"https:\/\/secure.gravatar.com\/avatar\/2b748151c2c748327307fd289a91b3bdafdd9e64e2d000e65e53d6dcf11c5830?s=96&d=mm&r=g","caption":"editor"}}]}},"_links":{"self":[{"href":"https:\/\/gardeon.pl\/pl\/wp-json\/wp\/v2\/posts\/45380","targetHints":{"allow":["GET"]}}],"collection":[{"href":"https:\/\/gardeon.pl\/pl\/wp-json\/wp\/v2\/posts"}],"about":[{"href":"https:\/\/gardeon.pl\/pl\/wp-json\/wp\/v2\/types\/post"}],"author":[{"embeddable":true,"href":"https:\/\/gardeon.pl\/pl\/wp-json\/wp\/v2\/users\/2"}],"replies":[{"embeddable":true,"href":"https:\/\/gardeon.pl\/pl\/wp-json\/wp\/v2\/comments?post=45380"}],"version-history":[{"count":0,"href":"https:\/\/gardeon.pl\/pl\/wp-json\/wp\/v2\/posts\/45380\/revisions"}],"wp:featuredmedia":[{"embeddable":true,"href":"https:\/\/gardeon.pl\/pl\/wp-json\/wp\/v2\/media\/45385"}],"wp:attachment":[{"href":"https:\/\/gardeon.pl\/pl\/wp-json\/wp\/v2\/media?parent=45380"}],"wp:term":[{"taxonomy":"category","embeddable":true,"href":"https:\/\/gardeon.pl\/pl\/wp-json\/wp\/v2\/categories?post=45380"},{"taxonomy":"post_tag","embeddable":true,"href":"https:\/\/gardeon.pl\/pl\/wp-json\/wp\/v2\/tags?post=45380"}],"curies":[{"name":"wp","href":"https:\/\/api.w.org\/{rel}","templated":true}]}}