{"id":45415,"date":"2026-04-23T16:41:48","date_gmt":"2026-04-23T14:41:48","guid":{"rendered":"https:\/\/gardeon.pl\/blog\/budowa-garazy-niedoceniana-szansa-dla-inwestorow-i-rozwiazanie-problemu-parkowania-w-miastach\/"},"modified":"2026-04-23T18:54:25","modified_gmt":"2026-04-23T16:54:25","slug":"budowa-garazy-niedoceniana-szansa-dla-inwestorow-i-rozwiazanie-problemu-parkowania-w-miastach","status":"publish","type":"post","link":"https:\/\/gardeon.pl\/pl\/blog\/budowa-garazy-niedoceniana-szansa-dla-inwestorow-i-rozwiazanie-problemu-parkowania-w-miastach\/","title":{"rendered":"Budowa gara\u017cy: Niedoceniana szansa dla inwestor\u00f3w i rozwi\u0105zanie problemu parkowania w miastach"},"content":{"rendered":"<p><em>Budowa gara\u017cy to temat cz\u0119sto bagatelizowany zar\u00f3wno na poziomie gminnym, jak i prywatnym. Jednak ze wzgl\u0119du na rosn\u0105c\u0105 liczb\u0119 samochod\u00f3w i niedob\u00f3r miejsc parkingowych otwiera si\u0119 przestrze\u0144 dla interesuj\u0105cych mo\u017cliwo\u015bci inwestycyjnych. Niniejszy artyku\u0142 koncentruje si\u0119 na problematyce niedoboru gara\u017cy, jej wp\u0142ywie na \u015brodowisko miejskie oraz na tym, dlaczego budowa gara\u017cy powinna by\u0107 traktowana powa\u017cniej. Jednocze\u015bnie przedstawiamy wyj\u0105tkowy projekt gara\u017cy szeregowych w T\u00fdnie nad We\u0142taw\u0105, kt\u00f3ry stanowi doskona\u0142y przyk\u0142ad efektywnego rozwi\u0105zania tego problemu.<\/em><\/p>\n<p><em>Oryginalny artyku\u0142 znajduje si\u0119 na portalu: <a href=\"https:\/\/www.stavbaweb.cz\/stavby-a-projekty\/investice-do-garaze-je-prilezitost-pro-male-i-vetsi-investory\/\">stavbaweb.cz<\/a><\/em><\/p>\n<p><!--more--><\/p>\n","protected":false},"excerpt":{"rendered":"<p>Budowa gara\u017cy to temat cz\u0119sto bagatelizowany zar\u00f3wno na poziomie gminnym, jak i prywatnym. Jednak ze wzgl\u0119du na rosn\u0105c\u0105 liczb\u0119 samochod\u00f3w i niedob\u00f3r miejsc parkingowych otwiera si\u0119 przestrze\u0144 dla interesuj\u0105cych mo\u017cliwo\u015bci inwestycyjnych. Niniejszy artyku\u0142 koncentruje si\u0119 na problematyce niedoboru gara\u017cy, jej wp\u0142ywie na \u015brodowisko miejskie oraz na tym, dlaczego budowa gara\u017cy powinna by\u0107 traktowana powa\u017cniej. Jednocze\u015bnie [&hellip;]<\/p>\n","protected":false},"author":12,"featured_media":45417,"comment_status":"open","ping_status":"open","sticky":false,"template":"","format":"standard","meta":{"_acf_changed":false,"inline_featured_image":false,"footnotes":""},"categories":[593],"tags":[647,579,648],"class_list":["post-45415","post","type-post","status-publish","format-standard","has-post-thumbnail","hentry","category-aktualnosci","tag-garaze-szeregowe","tag-gardeon","tag-stavbaweb"],"acf":[],"yoast_head":"<!-- This site is optimized with the Yoast SEO plugin v27.4 - https:\/\/yoast.com\/product\/yoast-seo-wordpress\/ -->\n<title>Budowa gara\u017cy: Niedoceniana szansa dla inwestor\u00f3w i rozwi\u0105zanie problemu parkowania w miastach | GARDEON<\/title>\n<meta name=\"robots\" content=\"index, follow, max-snippet:-1, max-image-preview:large, max-video-preview:-1\" \/>\n<link rel=\"canonical\" href=\"https:\/\/gardeon.pl\/pl\/blog\/budowa-garazy-niedoceniana-szansa-dla-inwestorow-i-rozwiazanie-problemu-parkowania-w-miastach\/\" \/>\n<meta property=\"og:locale\" content=\"pl_PL\" \/>\n<meta property=\"og:type\" content=\"article\" \/>\n<meta property=\"og:title\" content=\"Budowa gara\u017cy: Niedoceniana szansa dla inwestor\u00f3w i rozwi\u0105zanie problemu parkowania w miastach | GARDEON\" \/>\n<meta property=\"og:description\" content=\"Budowa gara\u017cy to temat cz\u0119sto bagatelizowany zar\u00f3wno na poziomie gminnym, jak i prywatnym. Jednak ze wzgl\u0119du na rosn\u0105c\u0105 liczb\u0119 samochod\u00f3w i niedob\u00f3r miejsc parkingowych otwiera si\u0119 przestrze\u0144 dla interesuj\u0105cych mo\u017cliwo\u015bci inwestycyjnych. Niniejszy artyku\u0142 koncentruje si\u0119 na problematyce niedoboru gara\u017cy, jej wp\u0142ywie na \u015brodowisko miejskie oraz na tym, dlaczego budowa gara\u017cy powinna by\u0107 traktowana powa\u017cniej. Jednocze\u015bnie [&hellip;]\" \/>\n<meta property=\"og:url\" content=\"https:\/\/gardeon.pl\/pl\/blog\/budowa-garazy-niedoceniana-szansa-dla-inwestorow-i-rozwiazanie-problemu-parkowania-w-miastach\/\" \/>\n<meta property=\"og:site_name\" content=\"GARDEON\" \/>\n<meta property=\"article:published_time\" content=\"2026-04-23T14:41:48+00:00\" \/>\n<meta property=\"article:modified_time\" content=\"2026-04-23T16:54:25+00:00\" \/>\n<meta property=\"og:image\" content=\"http:\/\/gardeon.pl\/wp-content\/uploads\/2024\/08\/gardeon-radove-garaze.jpg\" \/>\n\t<meta property=\"og:image:width\" content=\"1600\" \/>\n\t<meta property=\"og:image:height\" content=\"1067\" \/>\n\t<meta property=\"og:image:type\" content=\"image\/jpeg\" \/>\n<meta name=\"author\" content=\"Kvetka \u0160imov\u00e1\" \/>\n<meta name=\"twitter:card\" content=\"summary_large_image\" \/>\n<meta name=\"twitter:label1\" content=\"Napisane przez\" \/>\n\t<meta name=\"twitter:data1\" content=\"Kvetka \u0160imov\u00e1\" \/>\n\t<meta name=\"twitter:label2\" content=\"Szacowany czas czytania\" \/>\n\t<meta name=\"twitter:data2\" content=\"1 minuta\" \/>\n<script type=\"application\/ld+json\" class=\"yoast-schema-graph\">{\"@context\":\"https:\\\/\\\/schema.org\",\"@graph\":[{\"@type\":\"Article\",\"@id\":\"https:\\\/\\\/gardeon.pl\\\/pl\\\/blog\\\/budowa-garazy-niedoceniana-szansa-dla-inwestorow-i-rozwiazanie-problemu-parkowania-w-miastach\\\/#article\",\"isPartOf\":{\"@id\":\"https:\\\/\\\/gardeon.pl\\\/pl\\\/blog\\\/budowa-garazy-niedoceniana-szansa-dla-inwestorow-i-rozwiazanie-problemu-parkowania-w-miastach\\\/\"},\"author\":{\"name\":\"Kvetka \u0160imov\u00e1\",\"@id\":\"https:\\\/\\\/gardeon.pl\\\/#\\\/schema\\\/person\\\/f6d94df9516fedce3fa609ac43525d20\"},\"headline\":\"Budowa gara\u017cy: Niedoceniana szansa dla inwestor\u00f3w i rozwi\u0105zanie problemu parkowania w miastach\",\"datePublished\":\"2026-04-23T14:41:48+00:00\",\"dateModified\":\"2026-04-23T16:54:25+00:00\",\"mainEntityOfPage\":{\"@id\":\"https:\\\/\\\/gardeon.pl\\\/pl\\\/blog\\\/budowa-garazy-niedoceniana-szansa-dla-inwestorow-i-rozwiazanie-problemu-parkowania-w-miastach\\\/\"},\"wordCount\":118,\"commentCount\":0,\"image\":{\"@id\":\"https:\\\/\\\/gardeon.pl\\\/pl\\\/blog\\\/budowa-garazy-niedoceniana-szansa-dla-inwestorow-i-rozwiazanie-problemu-parkowania-w-miastach\\\/#primaryimage\"},\"thumbnailUrl\":\"https:\\\/\\\/gardeon.pl\\\/wp-content\\\/uploads\\\/2024\\\/08\\\/gardeon-radove-garaze.jpg\",\"keywords\":[\"gara\u017ce szeregowe\",\"GARDEON\",\"stavbaweb\"],\"articleSection\":[\"Aktualno\u015bci\"],\"inLanguage\":\"pl-PL\",\"potentialAction\":[{\"@type\":\"CommentAction\",\"name\":\"Comment\",\"target\":[\"https:\\\/\\\/gardeon.pl\\\/pl\\\/blog\\\/budowa-garazy-niedoceniana-szansa-dla-inwestorow-i-rozwiazanie-problemu-parkowania-w-miastach\\\/#respond\"]}]},{\"@type\":\"WebPage\",\"@id\":\"https:\\\/\\\/gardeon.pl\\\/pl\\\/blog\\\/budowa-garazy-niedoceniana-szansa-dla-inwestorow-i-rozwiazanie-problemu-parkowania-w-miastach\\\/\",\"url\":\"https:\\\/\\\/gardeon.pl\\\/pl\\\/blog\\\/budowa-garazy-niedoceniana-szansa-dla-inwestorow-i-rozwiazanie-problemu-parkowania-w-miastach\\\/\",\"name\":\"Budowa gara\u017cy: Niedoceniana szansa dla inwestor\u00f3w i rozwi\u0105zanie problemu parkowania w miastach | GARDEON\",\"isPartOf\":{\"@id\":\"https:\\\/\\\/gardeon.pl\\\/#website\"},\"primaryImageOfPage\":{\"@id\":\"https:\\\/\\\/gardeon.pl\\\/pl\\\/blog\\\/budowa-garazy-niedoceniana-szansa-dla-inwestorow-i-rozwiazanie-problemu-parkowania-w-miastach\\\/#primaryimage\"},\"image\":{\"@id\":\"https:\\\/\\\/gardeon.pl\\\/pl\\\/blog\\\/budowa-garazy-niedoceniana-szansa-dla-inwestorow-i-rozwiazanie-problemu-parkowania-w-miastach\\\/#primaryimage\"},\"thumbnailUrl\":\"https:\\\/\\\/gardeon.pl\\\/wp-content\\\/uploads\\\/2024\\\/08\\\/gardeon-radove-garaze.jpg\",\"datePublished\":\"2026-04-23T14:41:48+00:00\",\"dateModified\":\"2026-04-23T16:54:25+00:00\",\"author\":{\"@id\":\"https:\\\/\\\/gardeon.pl\\\/#\\\/schema\\\/person\\\/f6d94df9516fedce3fa609ac43525d20\"},\"breadcrumb\":{\"@id\":\"https:\\\/\\\/gardeon.pl\\\/pl\\\/blog\\\/budowa-garazy-niedoceniana-szansa-dla-inwestorow-i-rozwiazanie-problemu-parkowania-w-miastach\\\/#breadcrumb\"},\"inLanguage\":\"pl-PL\",\"potentialAction\":[{\"@type\":\"ReadAction\",\"target\":[\"https:\\\/\\\/gardeon.pl\\\/pl\\\/blog\\\/budowa-garazy-niedoceniana-szansa-dla-inwestorow-i-rozwiazanie-problemu-parkowania-w-miastach\\\/\"]}]},{\"@type\":\"ImageObject\",\"inLanguage\":\"pl-PL\",\"@id\":\"https:\\\/\\\/gardeon.pl\\\/pl\\\/blog\\\/budowa-garazy-niedoceniana-szansa-dla-inwestorow-i-rozwiazanie-problemu-parkowania-w-miastach\\\/#primaryimage\",\"url\":\"https:\\\/\\\/gardeon.pl\\\/wp-content\\\/uploads\\\/2024\\\/08\\\/gardeon-radove-garaze.jpg\",\"contentUrl\":\"https:\\\/\\\/gardeon.pl\\\/wp-content\\\/uploads\\\/2024\\\/08\\\/gardeon-radove-garaze.jpg\",\"width\":1600,\"height\":1067,\"caption\":\"gara\u017ce szeregowe jako projekt w T\u00fdnie nad We\u0142taw\u0105\"},{\"@type\":\"BreadcrumbList\",\"@id\":\"https:\\\/\\\/gardeon.pl\\\/pl\\\/blog\\\/budowa-garazy-niedoceniana-szansa-dla-inwestorow-i-rozwiazanie-problemu-parkowania-w-miastach\\\/#breadcrumb\",\"itemListElement\":[{\"@type\":\"ListItem\",\"position\":1,\"name\":\"Domov\",\"item\":\"https:\\\/\\\/gardeon.pl\\\/pl\\\/\"},{\"@type\":\"ListItem\",\"position\":2,\"name\":\"Budowa gara\u017cy: Niedoceniana szansa dla inwestor\u00f3w i rozwi\u0105zanie problemu parkowania w miastach\"}]},{\"@type\":\"WebSite\",\"@id\":\"https:\\\/\\\/gardeon.pl\\\/#website\",\"url\":\"https:\\\/\\\/gardeon.pl\\\/\",\"name\":\"GARDEON\",\"description\":\"\",\"potentialAction\":[{\"@type\":\"SearchAction\",\"target\":{\"@type\":\"EntryPoint\",\"urlTemplate\":\"https:\\\/\\\/gardeon.pl\\\/?s={search_term_string}\"},\"query-input\":{\"@type\":\"PropertyValueSpecification\",\"valueRequired\":true,\"valueName\":\"search_term_string\"}}],\"inLanguage\":\"pl-PL\"},{\"@type\":\"Person\",\"@id\":\"https:\\\/\\\/gardeon.pl\\\/#\\\/schema\\\/person\\\/f6d94df9516fedce3fa609ac43525d20\",\"name\":\"Kvetka \u0160imov\u00e1\",\"image\":{\"@type\":\"ImageObject\",\"inLanguage\":\"pl-PL\",\"@id\":\"https:\\\/\\\/secure.gravatar.com\\\/avatar\\\/71eb0eb611cac56028661df8b2319ffadd0a09ef298614d8dcfc22c510ba744d?s=96&d=mm&r=g\",\"url\":\"https:\\\/\\\/secure.gravatar.com\\\/avatar\\\/71eb0eb611cac56028661df8b2319ffadd0a09ef298614d8dcfc22c510ba744d?s=96&d=mm&r=g\",\"contentUrl\":\"https:\\\/\\\/secure.gravatar.com\\\/avatar\\\/71eb0eb611cac56028661df8b2319ffadd0a09ef298614d8dcfc22c510ba744d?s=96&d=mm&r=g\",\"caption\":\"Kvetka \u0160imov\u00e1\"}}]}<\/script>\n<!-- \/ Yoast SEO plugin. -->","yoast_head_json":{"title":"Budowa gara\u017cy: Niedoceniana szansa dla inwestor\u00f3w i rozwi\u0105zanie problemu parkowania w miastach | GARDEON","robots":{"index":"index","follow":"follow","max-snippet":"max-snippet:-1","max-image-preview":"max-image-preview:large","max-video-preview":"max-video-preview:-1"},"canonical":"https:\/\/gardeon.pl\/pl\/blog\/budowa-garazy-niedoceniana-szansa-dla-inwestorow-i-rozwiazanie-problemu-parkowania-w-miastach\/","og_locale":"pl_PL","og_type":"article","og_title":"Budowa gara\u017cy: Niedoceniana szansa dla inwestor\u00f3w i rozwi\u0105zanie problemu parkowania w miastach | GARDEON","og_description":"Budowa gara\u017cy to temat cz\u0119sto bagatelizowany zar\u00f3wno na poziomie gminnym, jak i prywatnym. Jednak ze wzgl\u0119du na rosn\u0105c\u0105 liczb\u0119 samochod\u00f3w i niedob\u00f3r miejsc parkingowych otwiera si\u0119 przestrze\u0144 dla interesuj\u0105cych mo\u017cliwo\u015bci inwestycyjnych. Niniejszy artyku\u0142 koncentruje si\u0119 na problematyce niedoboru gara\u017cy, jej wp\u0142ywie na \u015brodowisko miejskie oraz na tym, dlaczego budowa gara\u017cy powinna by\u0107 traktowana powa\u017cniej. Jednocze\u015bnie [&hellip;]","og_url":"https:\/\/gardeon.pl\/pl\/blog\/budowa-garazy-niedoceniana-szansa-dla-inwestorow-i-rozwiazanie-problemu-parkowania-w-miastach\/","og_site_name":"GARDEON","article_published_time":"2026-04-23T14:41:48+00:00","article_modified_time":"2026-04-23T16:54:25+00:00","og_image":[{"width":1600,"height":1067,"url":"http:\/\/gardeon.pl\/wp-content\/uploads\/2024\/08\/gardeon-radove-garaze.jpg","type":"image\/jpeg"}],"author":"Kvetka \u0160imov\u00e1","twitter_card":"summary_large_image","twitter_misc":{"Napisane przez":"Kvetka \u0160imov\u00e1","Szacowany czas czytania":"1 minuta"},"schema":{"@context":"https:\/\/schema.org","@graph":[{"@type":"Article","@id":"https:\/\/gardeon.pl\/pl\/blog\/budowa-garazy-niedoceniana-szansa-dla-inwestorow-i-rozwiazanie-problemu-parkowania-w-miastach\/#article","isPartOf":{"@id":"https:\/\/gardeon.pl\/pl\/blog\/budowa-garazy-niedoceniana-szansa-dla-inwestorow-i-rozwiazanie-problemu-parkowania-w-miastach\/"},"author":{"name":"Kvetka \u0160imov\u00e1","@id":"https:\/\/gardeon.pl\/#\/schema\/person\/f6d94df9516fedce3fa609ac43525d20"},"headline":"Budowa gara\u017cy: Niedoceniana szansa dla inwestor\u00f3w i rozwi\u0105zanie problemu parkowania w miastach","datePublished":"2026-04-23T14:41:48+00:00","dateModified":"2026-04-23T16:54:25+00:00","mainEntityOfPage":{"@id":"https:\/\/gardeon.pl\/pl\/blog\/budowa-garazy-niedoceniana-szansa-dla-inwestorow-i-rozwiazanie-problemu-parkowania-w-miastach\/"},"wordCount":118,"commentCount":0,"image":{"@id":"https:\/\/gardeon.pl\/pl\/blog\/budowa-garazy-niedoceniana-szansa-dla-inwestorow-i-rozwiazanie-problemu-parkowania-w-miastach\/#primaryimage"},"thumbnailUrl":"https:\/\/gardeon.pl\/wp-content\/uploads\/2024\/08\/gardeon-radove-garaze.jpg","keywords":["gara\u017ce szeregowe","GARDEON","stavbaweb"],"articleSection":["Aktualno\u015bci"],"inLanguage":"pl-PL","potentialAction":[{"@type":"CommentAction","name":"Comment","target":["https:\/\/gardeon.pl\/pl\/blog\/budowa-garazy-niedoceniana-szansa-dla-inwestorow-i-rozwiazanie-problemu-parkowania-w-miastach\/#respond"]}]},{"@type":"WebPage","@id":"https:\/\/gardeon.pl\/pl\/blog\/budowa-garazy-niedoceniana-szansa-dla-inwestorow-i-rozwiazanie-problemu-parkowania-w-miastach\/","url":"https:\/\/gardeon.pl\/pl\/blog\/budowa-garazy-niedoceniana-szansa-dla-inwestorow-i-rozwiazanie-problemu-parkowania-w-miastach\/","name":"Budowa gara\u017cy: Niedoceniana szansa dla inwestor\u00f3w i rozwi\u0105zanie problemu parkowania w miastach | GARDEON","isPartOf":{"@id":"https:\/\/gardeon.pl\/#website"},"primaryImageOfPage":{"@id":"https:\/\/gardeon.pl\/pl\/blog\/budowa-garazy-niedoceniana-szansa-dla-inwestorow-i-rozwiazanie-problemu-parkowania-w-miastach\/#primaryimage"},"image":{"@id":"https:\/\/gardeon.pl\/pl\/blog\/budowa-garazy-niedoceniana-szansa-dla-inwestorow-i-rozwiazanie-problemu-parkowania-w-miastach\/#primaryimage"},"thumbnailUrl":"https:\/\/gardeon.pl\/wp-content\/uploads\/2024\/08\/gardeon-radove-garaze.jpg","datePublished":"2026-04-23T14:41:48+00:00","dateModified":"2026-04-23T16:54:25+00:00","author":{"@id":"https:\/\/gardeon.pl\/#\/schema\/person\/f6d94df9516fedce3fa609ac43525d20"},"breadcrumb":{"@id":"https:\/\/gardeon.pl\/pl\/blog\/budowa-garazy-niedoceniana-szansa-dla-inwestorow-i-rozwiazanie-problemu-parkowania-w-miastach\/#breadcrumb"},"inLanguage":"pl-PL","potentialAction":[{"@type":"ReadAction","target":["https:\/\/gardeon.pl\/pl\/blog\/budowa-garazy-niedoceniana-szansa-dla-inwestorow-i-rozwiazanie-problemu-parkowania-w-miastach\/"]}]},{"@type":"ImageObject","inLanguage":"pl-PL","@id":"https:\/\/gardeon.pl\/pl\/blog\/budowa-garazy-niedoceniana-szansa-dla-inwestorow-i-rozwiazanie-problemu-parkowania-w-miastach\/#primaryimage","url":"https:\/\/gardeon.pl\/wp-content\/uploads\/2024\/08\/gardeon-radove-garaze.jpg","contentUrl":"https:\/\/gardeon.pl\/wp-content\/uploads\/2024\/08\/gardeon-radove-garaze.jpg","width":1600,"height":1067,"caption":"gara\u017ce szeregowe jako projekt w T\u00fdnie nad We\u0142taw\u0105"},{"@type":"BreadcrumbList","@id":"https:\/\/gardeon.pl\/pl\/blog\/budowa-garazy-niedoceniana-szansa-dla-inwestorow-i-rozwiazanie-problemu-parkowania-w-miastach\/#breadcrumb","itemListElement":[{"@type":"ListItem","position":1,"name":"Domov","item":"https:\/\/gardeon.pl\/pl\/"},{"@type":"ListItem","position":2,"name":"Budowa gara\u017cy: Niedoceniana szansa dla inwestor\u00f3w i rozwi\u0105zanie problemu parkowania w miastach"}]},{"@type":"WebSite","@id":"https:\/\/gardeon.pl\/#website","url":"https:\/\/gardeon.pl\/","name":"GARDEON","description":"","potentialAction":[{"@type":"SearchAction","target":{"@type":"EntryPoint","urlTemplate":"https:\/\/gardeon.pl\/?s={search_term_string}"},"query-input":{"@type":"PropertyValueSpecification","valueRequired":true,"valueName":"search_term_string"}}],"inLanguage":"pl-PL"},{"@type":"Person","@id":"https:\/\/gardeon.pl\/#\/schema\/person\/f6d94df9516fedce3fa609ac43525d20","name":"Kvetka \u0160imov\u00e1","image":{"@type":"ImageObject","inLanguage":"pl-PL","@id":"https:\/\/secure.gravatar.com\/avatar\/71eb0eb611cac56028661df8b2319ffadd0a09ef298614d8dcfc22c510ba744d?s=96&d=mm&r=g","url":"https:\/\/secure.gravatar.com\/avatar\/71eb0eb611cac56028661df8b2319ffadd0a09ef298614d8dcfc22c510ba744d?s=96&d=mm&r=g","contentUrl":"https:\/\/secure.gravatar.com\/avatar\/71eb0eb611cac56028661df8b2319ffadd0a09ef298614d8dcfc22c510ba744d?s=96&d=mm&r=g","caption":"Kvetka \u0160imov\u00e1"}}]}},"_links":{"self":[{"href":"https:\/\/gardeon.pl\/pl\/wp-json\/wp\/v2\/posts\/45415","targetHints":{"allow":["GET"]}}],"collection":[{"href":"https:\/\/gardeon.pl\/pl\/wp-json\/wp\/v2\/posts"}],"about":[{"href":"https:\/\/gardeon.pl\/pl\/wp-json\/wp\/v2\/types\/post"}],"author":[{"embeddable":true,"href":"https:\/\/gardeon.pl\/pl\/wp-json\/wp\/v2\/users\/12"}],"replies":[{"embeddable":true,"href":"https:\/\/gardeon.pl\/pl\/wp-json\/wp\/v2\/comments?post=45415"}],"version-history":[{"count":0,"href":"https:\/\/gardeon.pl\/pl\/wp-json\/wp\/v2\/posts\/45415\/revisions"}],"wp:featuredmedia":[{"embeddable":true,"href":"https:\/\/gardeon.pl\/pl\/wp-json\/wp\/v2\/media\/45417"}],"wp:attachment":[{"href":"https:\/\/gardeon.pl\/pl\/wp-json\/wp\/v2\/media?parent=45415"}],"wp:term":[{"taxonomy":"category","embeddable":true,"href":"https:\/\/gardeon.pl\/pl\/wp-json\/wp\/v2\/categories?post=45415"},{"taxonomy":"post_tag","embeddable":true,"href":"https:\/\/gardeon.pl\/pl\/wp-json\/wp\/v2\/tags?post=45415"}],"curies":[{"name":"wp","href":"https:\/\/api.w.org\/{rel}","templated":true}]}}