{"id":45423,"date":"2026-04-23T16:41:49","date_gmt":"2026-04-23T14:41:49","guid":{"rendered":"https:\/\/gardeon.pl\/blog\/ziola-przez-caly-rok-jak-suszyc-i-przechowywac-ziola-na-cala-zime\/"},"modified":"2026-04-23T18:54:25","modified_gmt":"2026-04-23T16:54:25","slug":"ziola-przez-caly-rok-jak-suszyc-i-przechowywac-ziola-na-cala-zime","status":"publish","type":"post","link":"https:\/\/gardeon.pl\/pl\/blog\/ziola-przez-caly-rok-jak-suszyc-i-przechowywac-ziola-na-cala-zime\/","title":{"rendered":"Zio\u0142a przez ca\u0142y rok: Jak suszy\u0107 i przechowywa\u0107 zio\u0142a na ca\u0142\u0105 zim\u0119?"},"content":{"rendered":"<p class=\"p1\"><em><span style=\"font-weight: 400;\">Zaopatrz si\u0119 w zio\u0142a, z kt\u00f3rych mo\u017cna korzysta\u0107 przez ca\u0142y rok. Dzi\u0119ki tym poradom suszenie zi\u00f3\u0142 stanie si\u0119 bardzo proste i stanie si\u0119 Pa\u0144stwa coroczn\u0105 tradycj\u0105. <\/span><\/em><\/p>\n<p><!--more--><\/p>\n","protected":false},"excerpt":{"rendered":"<p>Zaopatrz si\u0119 w zio\u0142a, z kt\u00f3rych mo\u017cna korzysta\u0107 przez ca\u0142y rok. Dzi\u0119ki tym poradom suszenie zi\u00f3\u0142 stanie si\u0119 bardzo proste i stanie si\u0119 Pa\u0144stwa coroczn\u0105 tradycj\u0105.<\/p>\n","protected":false},"author":1,"featured_media":45433,"comment_status":"open","ping_status":"open","sticky":false,"template":"","format":"standard","meta":{"_acf_changed":false,"inline_featured_image":false,"footnotes":""},"categories":[570],"tags":[],"class_list":["post-45423","post","type-post","status-publish","format-standard","has-post-thumbnail","hentry","category-bez-kategorii"],"acf":[],"yoast_head":"<!-- This site is optimized with the Yoast SEO plugin v27.4 - https:\/\/yoast.com\/product\/yoast-seo-wordpress\/ -->\n<title>Zio\u0142a przez ca\u0142y rok: Jak suszy\u0107 i przechowywa\u0107 zio\u0142a na ca\u0142\u0105 zim\u0119? - GARDEON<\/title>\n<meta name=\"robots\" content=\"index, follow, max-snippet:-1, max-image-preview:large, max-video-preview:-1\" \/>\n<link rel=\"canonical\" href=\"https:\/\/gardeon.pl\/pl\/blog\/ziola-przez-caly-rok-jak-suszyc-i-przechowywac-ziola-na-cala-zime\/\" \/>\n<meta property=\"og:locale\" content=\"pl_PL\" \/>\n<meta property=\"og:type\" content=\"article\" \/>\n<meta property=\"og:title\" content=\"Zio\u0142a przez ca\u0142y rok: Jak suszy\u0107 i przechowywa\u0107 zio\u0142a na ca\u0142\u0105 zim\u0119? - GARDEON\" \/>\n<meta property=\"og:description\" content=\"Zaopatrz si\u0119 w zio\u0142a, z kt\u00f3rych mo\u017cna korzysta\u0107 przez ca\u0142y rok. Dzi\u0119ki tym poradom suszenie zi\u00f3\u0142 stanie si\u0119 bardzo proste i stanie si\u0119 Pa\u0144stwa coroczn\u0105 tradycj\u0105.\" \/>\n<meta property=\"og:url\" content=\"https:\/\/gardeon.pl\/pl\/blog\/ziola-przez-caly-rok-jak-suszyc-i-przechowywac-ziola-na-cala-zime\/\" \/>\n<meta property=\"og:site_name\" content=\"GARDEON\" \/>\n<meta property=\"article:published_time\" content=\"2026-04-23T14:41:49+00:00\" \/>\n<meta property=\"article:modified_time\" content=\"2026-04-23T16:54:25+00:00\" \/>\n<meta property=\"og:image\" content=\"http:\/\/gardeon.pl\/wp-content\/uploads\/2024\/09\/susene-bylinky-1.jpg\" \/>\n\t<meta property=\"og:image:width\" content=\"1800\" \/>\n\t<meta property=\"og:image:height\" content=\"1200\" \/>\n\t<meta property=\"og:image:type\" content=\"image\/jpeg\" \/>\n<meta name=\"author\" content=\"admin\" \/>\n<meta name=\"twitter:card\" content=\"summary_large_image\" \/>\n<meta name=\"twitter:label1\" content=\"Napisane przez\" \/>\n\t<meta name=\"twitter:data1\" content=\"admin\" \/>\n<script type=\"application\/ld+json\" class=\"yoast-schema-graph\">{\"@context\":\"https:\\\/\\\/schema.org\",\"@graph\":[{\"@type\":\"Article\",\"@id\":\"https:\\\/\\\/gardeon.pl\\\/pl\\\/blog\\\/ziola-przez-caly-rok-jak-suszyc-i-przechowywac-ziola-na-cala-zime\\\/#article\",\"isPartOf\":{\"@id\":\"https:\\\/\\\/gardeon.pl\\\/pl\\\/blog\\\/ziola-przez-caly-rok-jak-suszyc-i-przechowywac-ziola-na-cala-zime\\\/\"},\"author\":{\"name\":\"admin\",\"@id\":\"https:\\\/\\\/gardeon.pl\\\/#\\\/schema\\\/person\\\/3ce168ab9c2542f0c3e95146b4666139\"},\"headline\":\"Zio\u0142a przez ca\u0142y rok: Jak suszy\u0107 i przechowywa\u0107 zio\u0142a na ca\u0142\u0105 zim\u0119?\",\"datePublished\":\"2026-04-23T14:41:49+00:00\",\"dateModified\":\"2026-04-23T16:54:25+00:00\",\"mainEntityOfPage\":{\"@id\":\"https:\\\/\\\/gardeon.pl\\\/pl\\\/blog\\\/ziola-przez-caly-rok-jak-suszyc-i-przechowywac-ziola-na-cala-zime\\\/\"},\"wordCount\":47,\"commentCount\":0,\"image\":{\"@id\":\"https:\\\/\\\/gardeon.pl\\\/pl\\\/blog\\\/ziola-przez-caly-rok-jak-suszyc-i-przechowywac-ziola-na-cala-zime\\\/#primaryimage\"},\"thumbnailUrl\":\"https:\\\/\\\/gardeon.pl\\\/wp-content\\\/uploads\\\/2024\\\/09\\\/susene-bylinky-1.jpg\",\"inLanguage\":\"pl-PL\",\"potentialAction\":[{\"@type\":\"CommentAction\",\"name\":\"Comment\",\"target\":[\"https:\\\/\\\/gardeon.pl\\\/pl\\\/blog\\\/ziola-przez-caly-rok-jak-suszyc-i-przechowywac-ziola-na-cala-zime\\\/#respond\"]}]},{\"@type\":\"WebPage\",\"@id\":\"https:\\\/\\\/gardeon.pl\\\/pl\\\/blog\\\/ziola-przez-caly-rok-jak-suszyc-i-przechowywac-ziola-na-cala-zime\\\/\",\"url\":\"https:\\\/\\\/gardeon.pl\\\/pl\\\/blog\\\/ziola-przez-caly-rok-jak-suszyc-i-przechowywac-ziola-na-cala-zime\\\/\",\"name\":\"Zio\u0142a przez ca\u0142y rok: Jak suszy\u0107 i przechowywa\u0107 zio\u0142a na ca\u0142\u0105 zim\u0119? - GARDEON\",\"isPartOf\":{\"@id\":\"https:\\\/\\\/gardeon.pl\\\/#website\"},\"primaryImageOfPage\":{\"@id\":\"https:\\\/\\\/gardeon.pl\\\/pl\\\/blog\\\/ziola-przez-caly-rok-jak-suszyc-i-przechowywac-ziola-na-cala-zime\\\/#primaryimage\"},\"image\":{\"@id\":\"https:\\\/\\\/gardeon.pl\\\/pl\\\/blog\\\/ziola-przez-caly-rok-jak-suszyc-i-przechowywac-ziola-na-cala-zime\\\/#primaryimage\"},\"thumbnailUrl\":\"https:\\\/\\\/gardeon.pl\\\/wp-content\\\/uploads\\\/2024\\\/09\\\/susene-bylinky-1.jpg\",\"datePublished\":\"2026-04-23T14:41:49+00:00\",\"dateModified\":\"2026-04-23T16:54:25+00:00\",\"author\":{\"@id\":\"https:\\\/\\\/gardeon.pl\\\/#\\\/schema\\\/person\\\/3ce168ab9c2542f0c3e95146b4666139\"},\"breadcrumb\":{\"@id\":\"https:\\\/\\\/gardeon.pl\\\/pl\\\/blog\\\/ziola-przez-caly-rok-jak-suszyc-i-przechowywac-ziola-na-cala-zime\\\/#breadcrumb\"},\"inLanguage\":\"pl-PL\",\"potentialAction\":[{\"@type\":\"ReadAction\",\"target\":[\"https:\\\/\\\/gardeon.pl\\\/pl\\\/blog\\\/ziola-przez-caly-rok-jak-suszyc-i-przechowywac-ziola-na-cala-zime\\\/\"]}]},{\"@type\":\"ImageObject\",\"inLanguage\":\"pl-PL\",\"@id\":\"https:\\\/\\\/gardeon.pl\\\/pl\\\/blog\\\/ziola-przez-caly-rok-jak-suszyc-i-przechowywac-ziola-na-cala-zime\\\/#primaryimage\",\"url\":\"https:\\\/\\\/gardeon.pl\\\/wp-content\\\/uploads\\\/2024\\\/09\\\/susene-bylinky-1.jpg\",\"contentUrl\":\"https:\\\/\\\/gardeon.pl\\\/wp-content\\\/uploads\\\/2024\\\/09\\\/susene-bylinky-1.jpg\",\"width\":1800,\"height\":1200},{\"@type\":\"BreadcrumbList\",\"@id\":\"https:\\\/\\\/gardeon.pl\\\/pl\\\/blog\\\/ziola-przez-caly-rok-jak-suszyc-i-przechowywac-ziola-na-cala-zime\\\/#breadcrumb\",\"itemListElement\":[{\"@type\":\"ListItem\",\"position\":1,\"name\":\"Domov\",\"item\":\"https:\\\/\\\/gardeon.pl\\\/pl\\\/\"},{\"@type\":\"ListItem\",\"position\":2,\"name\":\"Zio\u0142a przez ca\u0142y rok: Jak suszy\u0107 i przechowywa\u0107 zio\u0142a na ca\u0142\u0105 zim\u0119?\"}]},{\"@type\":\"WebSite\",\"@id\":\"https:\\\/\\\/gardeon.pl\\\/#website\",\"url\":\"https:\\\/\\\/gardeon.pl\\\/\",\"name\":\"GARDEON\",\"description\":\"\",\"potentialAction\":[{\"@type\":\"SearchAction\",\"target\":{\"@type\":\"EntryPoint\",\"urlTemplate\":\"https:\\\/\\\/gardeon.pl\\\/?s={search_term_string}\"},\"query-input\":{\"@type\":\"PropertyValueSpecification\",\"valueRequired\":true,\"valueName\":\"search_term_string\"}}],\"inLanguage\":\"pl-PL\"},{\"@type\":\"Person\",\"@id\":\"https:\\\/\\\/gardeon.pl\\\/#\\\/schema\\\/person\\\/3ce168ab9c2542f0c3e95146b4666139\",\"name\":\"admin\",\"image\":{\"@type\":\"ImageObject\",\"inLanguage\":\"pl-PL\",\"@id\":\"https:\\\/\\\/secure.gravatar.com\\\/avatar\\\/38f09cb01f09f2a4593c42d8925dd89bde0b9289d7480108e89471c21604801e?s=96&d=mm&r=g\",\"url\":\"https:\\\/\\\/secure.gravatar.com\\\/avatar\\\/38f09cb01f09f2a4593c42d8925dd89bde0b9289d7480108e89471c21604801e?s=96&d=mm&r=g\",\"contentUrl\":\"https:\\\/\\\/secure.gravatar.com\\\/avatar\\\/38f09cb01f09f2a4593c42d8925dd89bde0b9289d7480108e89471c21604801e?s=96&d=mm&r=g\",\"caption\":\"admin\"}}]}<\/script>\n<!-- \/ Yoast SEO plugin. -->","yoast_head_json":{"title":"Zio\u0142a przez ca\u0142y rok: Jak suszy\u0107 i przechowywa\u0107 zio\u0142a na ca\u0142\u0105 zim\u0119? - GARDEON","robots":{"index":"index","follow":"follow","max-snippet":"max-snippet:-1","max-image-preview":"max-image-preview:large","max-video-preview":"max-video-preview:-1"},"canonical":"https:\/\/gardeon.pl\/pl\/blog\/ziola-przez-caly-rok-jak-suszyc-i-przechowywac-ziola-na-cala-zime\/","og_locale":"pl_PL","og_type":"article","og_title":"Zio\u0142a przez ca\u0142y rok: Jak suszy\u0107 i przechowywa\u0107 zio\u0142a na ca\u0142\u0105 zim\u0119? - GARDEON","og_description":"Zaopatrz si\u0119 w zio\u0142a, z kt\u00f3rych mo\u017cna korzysta\u0107 przez ca\u0142y rok. Dzi\u0119ki tym poradom suszenie zi\u00f3\u0142 stanie si\u0119 bardzo proste i stanie si\u0119 Pa\u0144stwa coroczn\u0105 tradycj\u0105.","og_url":"https:\/\/gardeon.pl\/pl\/blog\/ziola-przez-caly-rok-jak-suszyc-i-przechowywac-ziola-na-cala-zime\/","og_site_name":"GARDEON","article_published_time":"2026-04-23T14:41:49+00:00","article_modified_time":"2026-04-23T16:54:25+00:00","og_image":[{"width":1800,"height":1200,"url":"http:\/\/gardeon.pl\/wp-content\/uploads\/2024\/09\/susene-bylinky-1.jpg","type":"image\/jpeg"}],"author":"admin","twitter_card":"summary_large_image","twitter_misc":{"Napisane przez":"admin"},"schema":{"@context":"https:\/\/schema.org","@graph":[{"@type":"Article","@id":"https:\/\/gardeon.pl\/pl\/blog\/ziola-przez-caly-rok-jak-suszyc-i-przechowywac-ziola-na-cala-zime\/#article","isPartOf":{"@id":"https:\/\/gardeon.pl\/pl\/blog\/ziola-przez-caly-rok-jak-suszyc-i-przechowywac-ziola-na-cala-zime\/"},"author":{"name":"admin","@id":"https:\/\/gardeon.pl\/#\/schema\/person\/3ce168ab9c2542f0c3e95146b4666139"},"headline":"Zio\u0142a przez ca\u0142y rok: Jak suszy\u0107 i przechowywa\u0107 zio\u0142a na ca\u0142\u0105 zim\u0119?","datePublished":"2026-04-23T14:41:49+00:00","dateModified":"2026-04-23T16:54:25+00:00","mainEntityOfPage":{"@id":"https:\/\/gardeon.pl\/pl\/blog\/ziola-przez-caly-rok-jak-suszyc-i-przechowywac-ziola-na-cala-zime\/"},"wordCount":47,"commentCount":0,"image":{"@id":"https:\/\/gardeon.pl\/pl\/blog\/ziola-przez-caly-rok-jak-suszyc-i-przechowywac-ziola-na-cala-zime\/#primaryimage"},"thumbnailUrl":"https:\/\/gardeon.pl\/wp-content\/uploads\/2024\/09\/susene-bylinky-1.jpg","inLanguage":"pl-PL","potentialAction":[{"@type":"CommentAction","name":"Comment","target":["https:\/\/gardeon.pl\/pl\/blog\/ziola-przez-caly-rok-jak-suszyc-i-przechowywac-ziola-na-cala-zime\/#respond"]}]},{"@type":"WebPage","@id":"https:\/\/gardeon.pl\/pl\/blog\/ziola-przez-caly-rok-jak-suszyc-i-przechowywac-ziola-na-cala-zime\/","url":"https:\/\/gardeon.pl\/pl\/blog\/ziola-przez-caly-rok-jak-suszyc-i-przechowywac-ziola-na-cala-zime\/","name":"Zio\u0142a przez ca\u0142y rok: Jak suszy\u0107 i przechowywa\u0107 zio\u0142a na ca\u0142\u0105 zim\u0119? - GARDEON","isPartOf":{"@id":"https:\/\/gardeon.pl\/#website"},"primaryImageOfPage":{"@id":"https:\/\/gardeon.pl\/pl\/blog\/ziola-przez-caly-rok-jak-suszyc-i-przechowywac-ziola-na-cala-zime\/#primaryimage"},"image":{"@id":"https:\/\/gardeon.pl\/pl\/blog\/ziola-przez-caly-rok-jak-suszyc-i-przechowywac-ziola-na-cala-zime\/#primaryimage"},"thumbnailUrl":"https:\/\/gardeon.pl\/wp-content\/uploads\/2024\/09\/susene-bylinky-1.jpg","datePublished":"2026-04-23T14:41:49+00:00","dateModified":"2026-04-23T16:54:25+00:00","author":{"@id":"https:\/\/gardeon.pl\/#\/schema\/person\/3ce168ab9c2542f0c3e95146b4666139"},"breadcrumb":{"@id":"https:\/\/gardeon.pl\/pl\/blog\/ziola-przez-caly-rok-jak-suszyc-i-przechowywac-ziola-na-cala-zime\/#breadcrumb"},"inLanguage":"pl-PL","potentialAction":[{"@type":"ReadAction","target":["https:\/\/gardeon.pl\/pl\/blog\/ziola-przez-caly-rok-jak-suszyc-i-przechowywac-ziola-na-cala-zime\/"]}]},{"@type":"ImageObject","inLanguage":"pl-PL","@id":"https:\/\/gardeon.pl\/pl\/blog\/ziola-przez-caly-rok-jak-suszyc-i-przechowywac-ziola-na-cala-zime\/#primaryimage","url":"https:\/\/gardeon.pl\/wp-content\/uploads\/2024\/09\/susene-bylinky-1.jpg","contentUrl":"https:\/\/gardeon.pl\/wp-content\/uploads\/2024\/09\/susene-bylinky-1.jpg","width":1800,"height":1200},{"@type":"BreadcrumbList","@id":"https:\/\/gardeon.pl\/pl\/blog\/ziola-przez-caly-rok-jak-suszyc-i-przechowywac-ziola-na-cala-zime\/#breadcrumb","itemListElement":[{"@type":"ListItem","position":1,"name":"Domov","item":"https:\/\/gardeon.pl\/pl\/"},{"@type":"ListItem","position":2,"name":"Zio\u0142a przez ca\u0142y rok: Jak suszy\u0107 i przechowywa\u0107 zio\u0142a na ca\u0142\u0105 zim\u0119?"}]},{"@type":"WebSite","@id":"https:\/\/gardeon.pl\/#website","url":"https:\/\/gardeon.pl\/","name":"GARDEON","description":"","potentialAction":[{"@type":"SearchAction","target":{"@type":"EntryPoint","urlTemplate":"https:\/\/gardeon.pl\/?s={search_term_string}"},"query-input":{"@type":"PropertyValueSpecification","valueRequired":true,"valueName":"search_term_string"}}],"inLanguage":"pl-PL"},{"@type":"Person","@id":"https:\/\/gardeon.pl\/#\/schema\/person\/3ce168ab9c2542f0c3e95146b4666139","name":"admin","image":{"@type":"ImageObject","inLanguage":"pl-PL","@id":"https:\/\/secure.gravatar.com\/avatar\/38f09cb01f09f2a4593c42d8925dd89bde0b9289d7480108e89471c21604801e?s=96&d=mm&r=g","url":"https:\/\/secure.gravatar.com\/avatar\/38f09cb01f09f2a4593c42d8925dd89bde0b9289d7480108e89471c21604801e?s=96&d=mm&r=g","contentUrl":"https:\/\/secure.gravatar.com\/avatar\/38f09cb01f09f2a4593c42d8925dd89bde0b9289d7480108e89471c21604801e?s=96&d=mm&r=g","caption":"admin"}}]}},"_links":{"self":[{"href":"https:\/\/gardeon.pl\/pl\/wp-json\/wp\/v2\/posts\/45423","targetHints":{"allow":["GET"]}}],"collection":[{"href":"https:\/\/gardeon.pl\/pl\/wp-json\/wp\/v2\/posts"}],"about":[{"href":"https:\/\/gardeon.pl\/pl\/wp-json\/wp\/v2\/types\/post"}],"author":[{"embeddable":true,"href":"https:\/\/gardeon.pl\/pl\/wp-json\/wp\/v2\/users\/1"}],"replies":[{"embeddable":true,"href":"https:\/\/gardeon.pl\/pl\/wp-json\/wp\/v2\/comments?post=45423"}],"version-history":[{"count":0,"href":"https:\/\/gardeon.pl\/pl\/wp-json\/wp\/v2\/posts\/45423\/revisions"}],"wp:featuredmedia":[{"embeddable":true,"href":"https:\/\/gardeon.pl\/pl\/wp-json\/wp\/v2\/media\/45433"}],"wp:attachment":[{"href":"https:\/\/gardeon.pl\/pl\/wp-json\/wp\/v2\/media?parent=45423"}],"wp:term":[{"taxonomy":"category","embeddable":true,"href":"https:\/\/gardeon.pl\/pl\/wp-json\/wp\/v2\/categories?post=45423"},{"taxonomy":"post_tag","embeddable":true,"href":"https:\/\/gardeon.pl\/pl\/wp-json\/wp\/v2\/tags?post=45423"}],"curies":[{"name":"wp","href":"https:\/\/api.w.org\/{rel}","templated":true}]}}