{"id":45444,"date":"2026-04-23T16:42:01","date_gmt":"2026-04-23T14:42:01","guid":{"rendered":"https:\/\/gardeon.pl\/blog\/jak-przerobic-garaz-na-cele-mieszkalne\/"},"modified":"2026-04-23T18:54:24","modified_gmt":"2026-04-23T16:54:24","slug":"jak-przerobic-garaz-na-cele-mieszkalne","status":"publish","type":"post","link":"https:\/\/gardeon.pl\/pl\/blog\/jak-przerobic-garaz-na-cele-mieszkalne\/","title":{"rendered":"Jak przerobi\u0107 gara\u017c na cele mieszkalne?"},"content":{"rendered":"<p class=\"p1\"><em>Borykaj\u0105 si\u0119 Pa\u0144stwo z brakiem miejsca w swoim domu? Rozwa\u017caj\u0105 Pa\u0144stwo przebudow\u0119 gara\u017cu tak, aby mo\u017cna go by\u0142o wykorzysta\u0107 do cel\u00f3w mieszkalnych? Brzmi to jak interesuj\u0105cy pomys\u0142 \u2013 \u015bciany i dach ju\u017c przecie\u017c stoj\u0105, co sk\u0142ania do my\u015bli, \u017ce przerobienie gara\u017cu na mieszkanie lub ma\u0142y domek nie b\u0119dzie problemem. Zazwyczaj jednak nie jest to tak \u0142atwe, jak mog\u0142oby si\u0119 wydawa\u0107 na pierwszy rzut oka. Je\u015bli chc\u0105 Pa\u0144stwo podj\u0105\u0107 si\u0119 takiej przebudowy, nale\u017cy wcze\u015bniej przemy\u015ble\u0107 odpowiedzi na siedem poni\u017cszych pyta\u0144.    <\/em><\/p>\n<p><!--more--><\/p>\n<h2 class=\"p1\">1 Jakiej przestrzeni w\u0142a\u015bciwie Pa\u0144stwo potrzebuj\u0105?<\/h2>\n<p class=\"p1\">Je\u015bli chcieliby Pa\u0144stwo przerobi\u0107 gara\u017c na mieszkanie, na przyk\u0142ad dla rodzic\u00f3w lub najstarszego syna, czyli na sta\u0142\u0105 przestrze\u0144 mieszkaln\u0105, jego przebudowa by\u0142aby prawdopodobnie bardziej skomplikowana ni\u017c nowa budowa lub dobudowa do domu. Budynki przeznaczone na cele mieszkalne podlegaj\u0105 szeregowi rygorystycznych wymog\u00f3w dotycz\u0105cych o\u015bwietlenia dziennego, zu\u017cycia energii itp., kt\u00f3re przy przebudowie gara\u017cu by\u0142yby naprawd\u0119 trudne do spe\u0142nienia.<\/p>\n<p><img loading=\"lazy\" decoding=\"async\" class=\"aligncenter wp-image-26987\" src=\"http:\/\/gardeon.pl\/wp-content\/uploads\/2015\/06\/gardeon-podklad-garaz-44.jpg\" alt=\"Kostka brukowa jako pod\u0142o\u017ce pod gara\u017c\" width=\"800\" height=\"600\" srcset=\"https:\/\/gardeon.pl\/wp-content\/uploads\/2015\/06\/gardeon-podklad-garaz-44.jpg 2000w, https:\/\/gardeon.pl\/wp-content\/uploads\/2015\/06\/gardeon-podklad-garaz-44-300x225.jpg 300w, https:\/\/gardeon.pl\/wp-content\/uploads\/2015\/06\/gardeon-podklad-garaz-44-1024x768.jpg 1024w, https:\/\/gardeon.pl\/wp-content\/uploads\/2015\/06\/gardeon-podklad-garaz-44-768x576.jpg 768w, https:\/\/gardeon.pl\/wp-content\/uploads\/2015\/06\/gardeon-podklad-garaz-44-1536x1152.jpg 1536w\" sizes=\"auto, (max-width: 800px) 100vw, 800px\" \/><\/p>\n<p class=\"p1\">Inna sytuacja nast\u0119puje jednak, gdy potrzebuj\u0105 Pa\u0144stwo przestrzeni, kt\u00f3ra b\u0119dzie pe\u0142ni\u0142a funkcj\u0119 uzupe\u0142niaj\u0105c\u0105 do g\u0142\u00f3wnego budynku mieszkalnego \u2013 na przyk\u0142ad letniej kuchni, w kt\u00f3rej by\u0142oby wystarczaj\u0105co du\u017co miejsca na przetwarzanie i przechowywanie plon\u00f3w, przytulnego warsztatu dla swojego hobby lub miejsca, w kt\u00f3rym mo\u017cna pogra\u0107 z przyjaci\u00f3\u0142mi w bilard czy pos\u0142ucha\u0107 g\u0142o\u015bnej muzyki, z kt\u00f3rej reszta rodziny nie jest do ko\u0144ca zadowolona. Istnieje mn\u00f3stwo aktywno\u015bci rekreacyjnych, do kt\u00f3rych mo\u017cna wykorzysta\u0107 przebudowany gara\u017c. Bardziej realna ni\u017c przebudowa gara\u017cu na dom jest r\u00f3wnie\u017c jego adaptacja na letni pensjonat, na przyk\u0142ad na rodzaj domku letniskowego.  <\/p>\n<h2 class=\"p1\">2 Co z bram\u0105 gara\u017cow\u0105?<\/h2>\n<p class=\"p1\">To pytanie jest jednym z podstawowych. Do gara\u017cu przebudowanego na mieszkanie, nawet w celach rekreacyjnych lub sp\u0119dzania wolnego czasu, nie wejd\u0105 Pa\u0144stwo przez bram\u0119 gara\u017cow\u0105. Istniej\u0105 zasadniczo dwie mo\u017cliwo\u015bci \u2013 albo zamurowanie otworu, albo zamontowanie przeszklonej \u015bciany. Decyzja zale\u017cy przede wszystkim od tego, gdzie gara\u017c znajduje si\u0119 w obr\u0119bie nieruchomo\u015bci. W pierwszym przypadku warto wykorzysta\u0107 now\u0105 \u015bcian\u0119 do osadzenia okna lub nawet drzwi, zw\u0142aszcza je\u015bli gara\u017c stoi oddzielnie i nie posiada \u017cadnych drzwi \u0142\u0105cz\u0105cych go z domem.    <\/p>\n<p><a href=\"http:\/\/gardeon.pl\/wp-content\/uploads\/2020\/05\/gardeon-garaz-pre-jedno-auto-98.jpg\"><img loading=\"lazy\" decoding=\"async\" class=\"aligncenter wp-image-26542\" src=\"http:\/\/gardeon.pl\/wp-content\/uploads\/2020\/05\/gardeon-garaz-pre-jedno-auto-98.jpg\" alt=\"Gara\u017c GARDEON z wiat\u0105\" width=\"800\" height=\"533\" srcset=\"https:\/\/gardeon.pl\/wp-content\/uploads\/2020\/05\/gardeon-garaz-pre-jedno-auto-98.jpg 2000w, https:\/\/gardeon.pl\/wp-content\/uploads\/2020\/05\/gardeon-garaz-pre-jedno-auto-98-300x200.jpg 300w, https:\/\/gardeon.pl\/wp-content\/uploads\/2020\/05\/gardeon-garaz-pre-jedno-auto-98-1024x682.jpg 1024w, https:\/\/gardeon.pl\/wp-content\/uploads\/2020\/05\/gardeon-garaz-pre-jedno-auto-98-768x512.jpg 768w, https:\/\/gardeon.pl\/wp-content\/uploads\/2020\/05\/gardeon-garaz-pre-jedno-auto-98-1536x1024.jpg 1536w\" sizes=\"auto, (max-width: 800px) 100vw, 800px\" \/><\/a><\/p>\n<p class=\"p1\">W drugim przypadku otwarcie przeszklonej \u015bciany powinno by\u0107 oczywisto\u015bci\u0105. W idealnym przypadku mo\u017cna przed ni\u0105 wybudowa\u0107 r\u00f3wnie\u017c zadaszony taras \u2013 dzi\u0119ki temu dawny gara\u017c stanie si\u0119 pomieszczeniem po\u0142\u0105czonym z otoczeniem (na przyk\u0142ad letni\u0105 jadalni\u0105), doskona\u0142ym do sp\u0119dzania przyjemnych, ciep\u0142ych dni. <\/p>\n<h2 class=\"p1\">3 Jak zapewni\u0105 Pa\u0144stwo \u015bwiat\u0142o dzienne i wej\u015bcie?<\/h2>\n<p class=\"p1\">Je\u015bli chc\u0105 Pa\u0144stwo wykorzystywa\u0107 gara\u017c do innego celu ni\u017c ten, do kt\u00f3rego by\u0142 pierwotnie przeznaczony, prawdopodobnie b\u0119d\u0105 Pa\u0144stwo musieli doda\u0107 drzwi wej\u015bciowe i przynajmniej jedno okno. Optymalnie jest wykorzysta\u0107 \u015bcian\u0119, na kt\u00f3rej pierwotnie znajdowa\u0142a si\u0119 brama gara\u017cowa, aby zapewni\u0107 \u015bwiat\u0142o dzienne i dost\u0119p do przestrzeni, ale mog\u0105 Pa\u0144stwo potrzebowa\u0107 na przyk\u0142ad dodatkowego okna \u2013 niezb\u0119dne modyfikacje w tym zakresie zale\u017c\u0105 od zamierzonego zastosowania i ewentualnego pierwotnego po\u0142\u0105czenia gara\u017cu z domem. <\/p>\n<p><img loading=\"lazy\" decoding=\"async\" class=\"aligncenter wp-image-29782\" src=\"http:\/\/gardeon.pl\/wp-content\/uploads\/2020\/12\/GARDEON-foto-od-zakaznikov-145.jpg\" alt=\"Narz\u0119dzia ogrodowe w domku\" width=\"800\" height=\"1067\" srcset=\"https:\/\/gardeon.pl\/wp-content\/uploads\/2020\/12\/GARDEON-foto-od-zakaznikov-145.jpg 1500w, https:\/\/gardeon.pl\/wp-content\/uploads\/2020\/12\/GARDEON-foto-od-zakaznikov-145-225x300.jpg 225w, https:\/\/gardeon.pl\/wp-content\/uploads\/2020\/12\/GARDEON-foto-od-zakaznikov-145-768x1024.jpg 768w, https:\/\/gardeon.pl\/wp-content\/uploads\/2020\/12\/GARDEON-foto-od-zakaznikov-145-1152x1536.jpg 1152w\" sizes=\"auto, (max-width: 800px) 100vw, 800px\" \/><\/p>\n<h2 class=\"p1\">4 A co ze \u015bcianami i sufitem?<\/h2>\n<p class=\"p1\">Te prawdopodobnie trzeba b\u0119dzie ociepli\u0107, a na nieizolowanej stronie konieczne b\u0119dzie wykonanie nowego wyko\u0144czenia powierzchni. Optymalnie jest ociepli\u0107 \u015bciany zwyk\u0142ego gara\u017cu od zewn\u0105trz, ale w przypadku gara\u017cu blaszanego z gotowym, trwa\u0142ym tynkiem zewn\u0119trznym, warto rozwa\u017cy\u0107 ocieplenie wewn\u0119trznej strony gara\u017cu wraz z jego wewn\u0119trznym wyko\u0144czeniem, np. p\u0142ytami gipsowo-kartonowymi (co mo\u017ce mie\u0107 r\u00f3wnie\u017c t\u0119 zalet\u0119, \u017ce ukryje nowe instalacje elektryczne).  <\/p>\n<p><a href=\"http:\/\/gardeon.pl\/wp-content\/uploads\/2020\/12\/GARDEON-foto-od-zakaznikov-127.jpg\"><img loading=\"lazy\" decoding=\"async\" class=\"aligncenter wp-image-29741\" src=\"http:\/\/gardeon.pl\/wp-content\/uploads\/2020\/12\/GARDEON-foto-od-zakaznikov-127.jpg\" alt=\"Przytulna przestrze\u0144 z szafk\u0105 na ubrania i wysokim \u0142\u00f3\u017ckiem\" width=\"800\" height=\"1067\" srcset=\"https:\/\/gardeon.pl\/wp-content\/uploads\/2020\/12\/GARDEON-foto-od-zakaznikov-127.jpg 1500w, https:\/\/gardeon.pl\/wp-content\/uploads\/2020\/12\/GARDEON-foto-od-zakaznikov-127-225x300.jpg 225w, https:\/\/gardeon.pl\/wp-content\/uploads\/2020\/12\/GARDEON-foto-od-zakaznikov-127-768x1024.jpg 768w, https:\/\/gardeon.pl\/wp-content\/uploads\/2020\/12\/GARDEON-foto-od-zakaznikov-127-1152x1536.jpg 1152w\" sizes=\"auto, (max-width: 800px) 100vw, 800px\" \/><\/a><\/p>\n<p class=\"p1\">Je\u015bli nie chc\u0105 Pa\u0144stwo wprowadza\u0107 radykalnych zmian w dachu gara\u017cu, nale\u017cy wybra\u0107 jego izolacj\u0119 od wewn\u0105trz. Do izolacji \u015bcian stosuje si\u0119 przede wszystkim p\u0142yty styropianowe lub we\u0142n\u0119 mineraln\u0105, natomiast do izolacji sufitu od wewn\u0105trz mo\u017cna u\u017cy\u0107 mineralnych p\u0142yt izolacyjnych lub izolacji wdmuchiwanej, kt\u00f3r\u0105 mo\u017cna zaaplikowa\u0107 przez dodany sufit podwieszany. <\/p>\n<h2 class=\"p1\">5 Jakie b\u0119dzie wyko\u0144czenie pod\u0142ogi?<\/h2>\n<p class=\"p1\">W domku dla go\u015bci, letniej kuchni lub \u201em\u0119skim klubie\u201d prawdopodobnie trzeba b\u0119dzie po\u0142o\u017cy\u0107 now\u0105 pod\u0142og\u0119, a je\u015bli chc\u0105 Pa\u0144stwo korzysta\u0107 z przestrzeni r\u00f3wnie\u017c poza sezonem letnim, konieczna b\u0119dzie dodatkowa izolacja. I tutaj dochodzimy do jednej z mo\u017cliwych pu\u0142apek \u2013 ocieplenie sufitu i pod\u0142ogi od wewn\u0105trz zmniejszy wysoko\u015b\u0107 pomieszczenia i powstaje pytanie, czy po tej modyfikacji b\u0119dzie ona wystarczaj\u0105ca. <\/p>\n<p><a href=\"http:\/\/gardeon.pl\/wp-content\/uploads\/2020\/06\/Urbanek-10-scaled.jpg\"><img loading=\"lazy\" decoding=\"async\" class=\"aligncenter wp-image-26903\" src=\"http:\/\/gardeon.pl\/wp-content\/uploads\/2020\/06\/Urbanek-10-scaled.jpg\" alt=\"Przerobione wn\u0119trze montowanego domku ogrodowego GARDEON\" width=\"800\" height=\"450\" srcset=\"https:\/\/gardeon.pl\/wp-content\/uploads\/2020\/06\/Urbanek-10-scaled.jpg 2560w, https:\/\/gardeon.pl\/wp-content\/uploads\/2020\/06\/Urbanek-10-300x169.jpg 300w, https:\/\/gardeon.pl\/wp-content\/uploads\/2020\/06\/Urbanek-10-1024x576.jpg 1024w, https:\/\/gardeon.pl\/wp-content\/uploads\/2020\/06\/Urbanek-10-768x432.jpg 768w, https:\/\/gardeon.pl\/wp-content\/uploads\/2020\/06\/Urbanek-10-1536x864.jpg 1536w, https:\/\/gardeon.pl\/wp-content\/uploads\/2020\/06\/Urbanek-10-2048x1152.jpg 2048w\" sizes=\"auto, (max-width: 800px) 100vw, 800px\" \/><\/a><\/p>\n<p class=\"p1\">To oczywi\u015bcie zale\u017cy od pierwotnej wysoko\u015bci gara\u017cu i grubo\u015bci izolacji. Wysoko\u015b\u0107 pomieszczenia mieszkalnego powinna wynosi\u0107 co najmniej 2,4 m, w przypadku innych pomieszcze\u0144 mo\u017ce to by\u0107 2,1 m. Odpowiednia wysoko\u015b\u0107 zale\u017cy wi\u0119c od sposobu wykorzystania przestrzeni, ale tak\u017ce od Pa\u0144stwa wzrostu, aby nie czuli si\u0119 Pa\u0144stwo w nowym pokoju zbyt ciasno.  <\/p>\n<h2 class=\"p1\">6 Jakie instalacje b\u0119d\u0105 potrzebne?<\/h2>\n<p class=\"p1\">Z pewno\u015bci\u0105 nie obejdzie si\u0119 bez pr\u0105du, a je\u015bli w nowej przestrzeni ma by\u0107 kuchnia lub toaleta, potrzebne b\u0119d\u0105 r\u00f3wnie\u017c przy\u0142\u0105cze wody i rury kanalizacyjne. Elektryczno\u015b\u0107 nie stanowi du\u017cego problemu, poniewa\u017c jest doprowadzona do wi\u0119kszo\u015bci gara\u017cy. Wystarczy wi\u0119c poprowadzi\u0107 przewody do nowych w\u0142\u0105cznik\u00f3w, gniazdek i opraw o\u015bwietleniowych, kt\u00f3rych b\u0119d\u0105 Pa\u0144stwo potrzebowa\u0107. Przy\u0142\u0105cze wody i nowa kanalizacja mog\u0105 jednak stanowi\u0107 trudniejsze zadanie. Prosz\u0119 pami\u0119ta\u0107, \u017ce obie te czynno\u015bci to praca dla profesjonalist\u00f3w.    <\/p>\n<p><a href=\"http:\/\/gardeon.pl\/wp-content\/uploads\/2020\/10\/16-nabehol-elektrikar.jpg\"><img loading=\"lazy\" decoding=\"async\" class=\"aligncenter wp-image-28779\" src=\"http:\/\/gardeon.pl\/wp-content\/uploads\/2020\/10\/16-nabehol-elektrikar.jpg\" alt=\"Zainstalowana elektryczno\u015b\u0107 w gara\u017cu\" width=\"800\" height=\"1067\" srcset=\"https:\/\/gardeon.pl\/wp-content\/uploads\/2020\/10\/16-nabehol-elektrikar.jpg 1560w, https:\/\/gardeon.pl\/wp-content\/uploads\/2020\/10\/16-nabehol-elektrikar-225x300.jpg 225w, https:\/\/gardeon.pl\/wp-content\/uploads\/2020\/10\/16-nabehol-elektrikar-768x1024.jpg 768w, https:\/\/gardeon.pl\/wp-content\/uploads\/2020\/10\/16-nabehol-elektrikar-1152x1536.jpg 1152w, https:\/\/gardeon.pl\/wp-content\/uploads\/2020\/10\/16-nabehol-elektrikar-1536x2048.jpg 1536w\" sizes=\"auto, (max-width: 800px) 100vw, 800px\" \/><\/a><\/p>\n<h2 class=\"p1\">7 Jak zapewni\u0105 Pa\u0144stwo ogrzewanie?<\/h2>\n<p class=\"p1\">Je\u015bli chc\u0105 Pa\u0144stwo korzysta\u0107 ze swojej nowej przestrzeni r\u00f3wnie\u017c w ch\u0142odniejszych miesi\u0105cach, musz\u0105 Pa\u0144stwo zdecydowa\u0107, jak b\u0119dzie ona ogrzewana. Je\u015bli gara\u017c jest cz\u0119\u015bci\u0105 domu jednorodzinnego, warto rozwa\u017cy\u0107 pod\u0142\u0105czenie go do istniej\u0105cego systemu grzewczego. Je\u015bli stoi oddzielnie, najprostszym rozwi\u0105zaniem jest elektryczne ogrzewanie promiennikowe \u2013 mo\u017cna na przyk\u0142ad u\u017cy\u0107 mat elektrycznych, kt\u00f3re b\u0119d\u0105 cz\u0119\u015bci\u0105 nowej pod\u0142ogi, lub paneli promiennikowych.  <\/p>\n<p><a href=\"http:\/\/gardeon.pl\/wp-content\/uploads\/2020\/06\/Urbanek-12-scaled.jpg\"><img loading=\"lazy\" decoding=\"async\" class=\"aligncenter wp-image-26907\" src=\"http:\/\/gardeon.pl\/wp-content\/uploads\/2020\/06\/Urbanek-12-scaled.jpg\" alt=\"Prerobione wn\u0119trze montowanego domku ogrodowego GARDEON\" width=\"800\" height=\"450\" srcset=\"https:\/\/gardeon.pl\/wp-content\/uploads\/2020\/06\/Urbanek-12-scaled.jpg 2560w, https:\/\/gardeon.pl\/wp-content\/uploads\/2020\/06\/Urbanek-12-300x169.jpg 300w, https:\/\/gardeon.pl\/wp-content\/uploads\/2020\/06\/Urbanek-12-1024x576.jpg 1024w, https:\/\/gardeon.pl\/wp-content\/uploads\/2020\/06\/Urbanek-12-768x432.jpg 768w, https:\/\/gardeon.pl\/wp-content\/uploads\/2020\/06\/Urbanek-12-1536x864.jpg 1536w, https:\/\/gardeon.pl\/wp-content\/uploads\/2020\/06\/Urbanek-12-2048x1152.jpg 2048w\" sizes=\"auto, (max-width: 800px) 100vw, 800px\" \/><\/a><\/p>\n<p class=\"p1\">Oczywi\u015bcie musz\u0105 Pa\u0144stwo liczy\u0107 si\u0119 z wy\u017cszymi rachunkami za pr\u0105d, zw\u0142aszcza je\u015bli budynek nie jest wystarczaj\u0105co wyizolowany. Inn\u0105 odpowiedni\u0105 opcj\u0105 s\u0105 piece kominkowe lub wk\u0142ady kominkowe. Rozwa\u017caj\u0105c najdogodniejsze dla nich miejsce, b\u0119d\u0105 Pa\u0144stwo jednak ograniczeni przede wszystkim mo\u017cliwo\u015bciami umieszczenia komina, co mo\u017ce by\u0107 r\u00f3wnie\u017c najwi\u0119ksz\u0105 komplikacj\u0105 przy realizacji.  <\/p>\n<h2 class=\"p1\">Prosz\u0119 rozwa\u017cy\u0107 r\u00f3\u017cne opcje<\/h2>\n<p class=\"p1\">Je\u015bli rozwa\u017caj\u0105 Pa\u0144stwo zamieszkanie w gara\u017cu, nale\u017cy wzi\u0105\u0107 pod uwag\u0119 wszystkie za i przeciw takiej przebudowy. Zyskuj\u0105c jeden typ przestrzeni, trac\u0105 Pa\u0144stwo inny, wi\u0119c warto pomy\u015ble\u0107 o tym, gdzie b\u0119d\u0105 Pa\u0144stwo parkowa\u0107 samoch\u00f3d i gdzie b\u0119d\u0105 przechowywane rzeczy z gara\u017cu. Jak wida\u0107 z powy\u017cszych punkt\u00f3w, przerobienie gara\u017cu na dom nie jest prost\u0105 spraw\u0105 i wa\u017cne jest, aby u\u015bwiadomi\u0107 sobie, \u017ce stan surowy, tj. fundamenty, \u015bciany i dach, stanowi\u0105 oko\u0142o 10% ca\u0142kowitej ceny domu.   <\/p>\n<p><a href=\"http:\/\/gardeon.pl\/wp-content\/uploads\/2020\/09\/gardeon-garaz-pre-jedno-auto-119-1.jpg\"><img loading=\"lazy\" decoding=\"async\" class=\"aligncenter wp-image-28142\" src=\"http:\/\/gardeon.pl\/wp-content\/uploads\/2020\/09\/gardeon-garaz-pre-jedno-auto-119-1.jpg\" alt=\"Gara\u017c montowany z br\u0105zow\u0105 bram\u0105 gara\u017cow\u0105\" width=\"800\" height=\"533\" srcset=\"https:\/\/gardeon.pl\/wp-content\/uploads\/2020\/09\/gardeon-garaz-pre-jedno-auto-119-1.jpg 2000w, https:\/\/gardeon.pl\/wp-content\/uploads\/2020\/09\/gardeon-garaz-pre-jedno-auto-119-1-300x200.jpg 300w, https:\/\/gardeon.pl\/wp-content\/uploads\/2020\/09\/gardeon-garaz-pre-jedno-auto-119-1-1024x682.jpg 1024w, https:\/\/gardeon.pl\/wp-content\/uploads\/2020\/09\/gardeon-garaz-pre-jedno-auto-119-1-768x512.jpg 768w, https:\/\/gardeon.pl\/wp-content\/uploads\/2020\/09\/gardeon-garaz-pre-jedno-auto-119-1-1536x1024.jpg 1536w\" sizes=\"auto, (max-width: 800px) 100vw, 800px\" \/><\/a><\/p>\n<p class=\"p1\">Przebudowa gara\u017cu op\u0142aca si\u0119 zatem szczeg\u00f3lnie wtedy, gdy nie maj\u0105 Pa\u0144stwo innej mo\u017cliwo\u015bci budowy na dzia\u0142ce. Je\u015bli jednak maj\u0105 Pa\u0144stwo miejsce w ogrodzie i potrzebuj\u0105 na przyk\u0142ad letniej kuchni, domku dla go\u015bci lub przestrzeni hobby, rozs\u0105dniejszym rozwi\u0105zaniem mo\u017ce by\u0107 wykorzystanie do tego celu nowego domku ogrodowego. Montowany domek ogrodowy jest gotowy naprawd\u0119 szybko, mo\u017cna go mie\u0107 w rozs\u0105dnej cenie, a okna czy drzwi mo\u017cna zaplanowa\u0107 tak, aby odpowiada\u0142y jego przysz\u0142emu przeznaczeniu. Wyko\u0144czenie dok\u0142adnie wed\u0142ug Pa\u0144stwa wyobra\u017ce\u0144 b\u0119dzie dzi\u0119ki temu znacznie \u0142atwiejsze.   <\/p>\n<p>&nbsp;<\/p>\n<h5>\u0179r\u00f3d\u0142o:<br \/>\nFotobank GARDEON<\/h5>\n","protected":false},"excerpt":{"rendered":"<p>Borykaj\u0105 si\u0119 Pa\u0144stwo z brakiem miejsca w swoim domu? Rozwa\u017caj\u0105 Pa\u0144stwo przebudow\u0119 gara\u017cu tak, aby mo\u017cna go by\u0142o wykorzysta\u0107 do cel\u00f3w mieszkalnych? Brzmi to jak interesuj\u0105cy pomys\u0142 \u2013 \u015bciany i dach ju\u017c przecie\u017c stoj\u0105, co sk\u0142ania do my\u015bli, \u017ce przerobienie gara\u017cu na mieszkanie lub ma\u0142y domek nie b\u0119dzie problemem. Zazwyczaj jednak nie jest to tak [&hellip;]<\/p>\n","protected":false},"author":2,"featured_media":43659,"comment_status":"open","ping_status":"open","sticky":false,"template":"","format":"standard","meta":{"_acf_changed":false,"inline_featured_image":false,"footnotes":""},"categories":[578,607],"tags":[587,581,582,651,579,652,635],"class_list":["post-45444","post","type-post","status-publish","format-standard","has-post-thumbnail","hentry","category-garaze-blaszane","category-inspiracje","tag-brama-garazowa","tag-garaz","tag-garaz-gardeon","tag-garaz-z-wiata","tag-gardeon","tag-mieszkanie","tag-zadaszenie"],"acf":[],"yoast_head":"<!-- This site is optimized with the Yoast SEO plugin v27.4 - https:\/\/yoast.com\/product\/yoast-seo-wordpress\/ -->\n<title>Jak przerobi\u0107 gara\u017c na cele mieszkalne? | GARDEON<\/title>\n<meta name=\"robots\" content=\"index, follow, max-snippet:-1, max-image-preview:large, max-video-preview:-1\" \/>\n<link rel=\"canonical\" href=\"https:\/\/gardeon.pl\/pl\/blog\/jak-przerobic-garaz-na-cele-mieszkalne\/\" \/>\n<meta property=\"og:locale\" content=\"pl_PL\" \/>\n<meta property=\"og:type\" content=\"article\" \/>\n<meta property=\"og:title\" content=\"Jak przerobi\u0107 gara\u017c na cele mieszkalne? | GARDEON\" \/>\n<meta property=\"og:description\" content=\"Borykaj\u0105 si\u0119 Pa\u0144stwo z brakiem miejsca w swoim domu? Rozwa\u017caj\u0105 Pa\u0144stwo przebudow\u0119 gara\u017cu tak, aby mo\u017cna go by\u0142o wykorzysta\u0107 do cel\u00f3w mieszkalnych? Brzmi to jak interesuj\u0105cy pomys\u0142 \u2013 \u015bciany i dach ju\u017c przecie\u017c stoj\u0105, co sk\u0142ania do my\u015bli, \u017ce przerobienie gara\u017cu na mieszkanie lub ma\u0142y domek nie b\u0119dzie problemem. Zazwyczaj jednak nie jest to tak [&hellip;]\" \/>\n<meta property=\"og:url\" content=\"https:\/\/gardeon.pl\/pl\/blog\/jak-przerobic-garaz-na-cele-mieszkalne\/\" \/>\n<meta property=\"og:site_name\" content=\"GARDEON\" \/>\n<meta property=\"article:published_time\" content=\"2026-04-23T14:42:01+00:00\" \/>\n<meta property=\"article:modified_time\" content=\"2026-04-23T16:54:24+00:00\" \/>\n<meta property=\"og:image\" content=\"http:\/\/gardeon.pl\/wp-content\/uploads\/2023\/06\/gardeon-garaz-pre-dve-auta-s-pristreskom-sedlova-strecha-5186-NM-9-1-scaled.webp\" \/>\n\t<meta property=\"og:image:width\" content=\"2560\" \/>\n\t<meta property=\"og:image:height\" content=\"1440\" \/>\n\t<meta property=\"og:image:type\" content=\"image\/webp\" \/>\n<meta name=\"author\" content=\"editor\" \/>\n<meta name=\"twitter:card\" content=\"summary_large_image\" \/>\n<meta name=\"twitter:label1\" content=\"Napisane przez\" \/>\n\t<meta name=\"twitter:data1\" content=\"editor\" \/>\n\t<meta name=\"twitter:label2\" content=\"Szacowany czas czytania\" \/>\n\t<meta name=\"twitter:data2\" content=\"6 minut\" \/>\n<script type=\"application\/ld+json\" class=\"yoast-schema-graph\">{\"@context\":\"https:\\\/\\\/schema.org\",\"@graph\":[{\"@type\":\"Article\",\"@id\":\"https:\\\/\\\/gardeon.pl\\\/pl\\\/blog\\\/jak-przerobic-garaz-na-cele-mieszkalne\\\/#article\",\"isPartOf\":{\"@id\":\"https:\\\/\\\/gardeon.pl\\\/pl\\\/blog\\\/jak-przerobic-garaz-na-cele-mieszkalne\\\/\"},\"author\":{\"name\":\"editor\",\"@id\":\"https:\\\/\\\/gardeon.pl\\\/#\\\/schema\\\/person\\\/a5762ca5f0790bf92774af0899379463\"},\"headline\":\"Jak przerobi\u0107 gara\u017c na cele mieszkalne?\",\"datePublished\":\"2026-04-23T14:42:01+00:00\",\"dateModified\":\"2026-04-23T16:54:24+00:00\",\"mainEntityOfPage\":{\"@id\":\"https:\\\/\\\/gardeon.pl\\\/pl\\\/blog\\\/jak-przerobic-garaz-na-cele-mieszkalne\\\/\"},\"wordCount\":1276,\"commentCount\":0,\"image\":{\"@id\":\"https:\\\/\\\/gardeon.pl\\\/pl\\\/blog\\\/jak-przerobic-garaz-na-cele-mieszkalne\\\/#primaryimage\"},\"thumbnailUrl\":\"https:\\\/\\\/gardeon.pl\\\/wp-content\\\/uploads\\\/2023\\\/06\\\/gardeon-garaz-pre-dve-auta-s-pristreskom-sedlova-strecha-5186-NM-9-1-scaled.webp\",\"keywords\":[\"brama gara\u017cowa\",\"gara\u017c\",\"gara\u017c gardeon\",\"gara\u017c z wiat\u0105\",\"GARDEON\",\"mieszkanie\",\"zadaszenie\"],\"articleSection\":[\"Gara\u017ce blaszane\",\"Inspiracje\"],\"inLanguage\":\"pl-PL\",\"potentialAction\":[{\"@type\":\"CommentAction\",\"name\":\"Comment\",\"target\":[\"https:\\\/\\\/gardeon.pl\\\/pl\\\/blog\\\/jak-przerobic-garaz-na-cele-mieszkalne\\\/#respond\"]}]},{\"@type\":\"WebPage\",\"@id\":\"https:\\\/\\\/gardeon.pl\\\/pl\\\/blog\\\/jak-przerobic-garaz-na-cele-mieszkalne\\\/\",\"url\":\"https:\\\/\\\/gardeon.pl\\\/pl\\\/blog\\\/jak-przerobic-garaz-na-cele-mieszkalne\\\/\",\"name\":\"Jak przerobi\u0107 gara\u017c na cele mieszkalne? | GARDEON\",\"isPartOf\":{\"@id\":\"https:\\\/\\\/gardeon.pl\\\/#website\"},\"primaryImageOfPage\":{\"@id\":\"https:\\\/\\\/gardeon.pl\\\/pl\\\/blog\\\/jak-przerobic-garaz-na-cele-mieszkalne\\\/#primaryimage\"},\"image\":{\"@id\":\"https:\\\/\\\/gardeon.pl\\\/pl\\\/blog\\\/jak-przerobic-garaz-na-cele-mieszkalne\\\/#primaryimage\"},\"thumbnailUrl\":\"https:\\\/\\\/gardeon.pl\\\/wp-content\\\/uploads\\\/2023\\\/06\\\/gardeon-garaz-pre-dve-auta-s-pristreskom-sedlova-strecha-5186-NM-9-1-scaled.webp\",\"datePublished\":\"2026-04-23T14:42:01+00:00\",\"dateModified\":\"2026-04-23T16:54:24+00:00\",\"author\":{\"@id\":\"https:\\\/\\\/gardeon.pl\\\/#\\\/schema\\\/person\\\/a5762ca5f0790bf92774af0899379463\"},\"breadcrumb\":{\"@id\":\"https:\\\/\\\/gardeon.pl\\\/pl\\\/blog\\\/jak-przerobic-garaz-na-cele-mieszkalne\\\/#breadcrumb\"},\"inLanguage\":\"pl-PL\",\"potentialAction\":[{\"@type\":\"ReadAction\",\"target\":[\"https:\\\/\\\/gardeon.pl\\\/pl\\\/blog\\\/jak-przerobic-garaz-na-cele-mieszkalne\\\/\"]}]},{\"@type\":\"ImageObject\",\"inLanguage\":\"pl-PL\",\"@id\":\"https:\\\/\\\/gardeon.pl\\\/pl\\\/blog\\\/jak-przerobic-garaz-na-cele-mieszkalne\\\/#primaryimage\",\"url\":\"https:\\\/\\\/gardeon.pl\\\/wp-content\\\/uploads\\\/2023\\\/06\\\/gardeon-garaz-pre-dve-auta-s-pristreskom-sedlova-strecha-5186-NM-9-1-scaled.webp\",\"contentUrl\":\"https:\\\/\\\/gardeon.pl\\\/wp-content\\\/uploads\\\/2023\\\/06\\\/gardeon-garaz-pre-dve-auta-s-pristreskom-sedlova-strecha-5186-NM-9-1-scaled.webp\",\"width\":2560,\"height\":1440,\"caption\":\"GARDEON gara\u017c dwustanowiskowy, domek ogrodowy i wiata antracyt 8\"},{\"@type\":\"BreadcrumbList\",\"@id\":\"https:\\\/\\\/gardeon.pl\\\/pl\\\/blog\\\/jak-przerobic-garaz-na-cele-mieszkalne\\\/#breadcrumb\",\"itemListElement\":[{\"@type\":\"ListItem\",\"position\":1,\"name\":\"Domov\",\"item\":\"https:\\\/\\\/gardeon.pl\\\/pl\\\/\"},{\"@type\":\"ListItem\",\"position\":2,\"name\":\"Jak przerobi\u0107 gara\u017c na cele mieszkalne?\"}]},{\"@type\":\"WebSite\",\"@id\":\"https:\\\/\\\/gardeon.pl\\\/#website\",\"url\":\"https:\\\/\\\/gardeon.pl\\\/\",\"name\":\"GARDEON\",\"description\":\"\",\"potentialAction\":[{\"@type\":\"SearchAction\",\"target\":{\"@type\":\"EntryPoint\",\"urlTemplate\":\"https:\\\/\\\/gardeon.pl\\\/?s={search_term_string}\"},\"query-input\":{\"@type\":\"PropertyValueSpecification\",\"valueRequired\":true,\"valueName\":\"search_term_string\"}}],\"inLanguage\":\"pl-PL\"},{\"@type\":\"Person\",\"@id\":\"https:\\\/\\\/gardeon.pl\\\/#\\\/schema\\\/person\\\/a5762ca5f0790bf92774af0899379463\",\"name\":\"editor\",\"image\":{\"@type\":\"ImageObject\",\"inLanguage\":\"pl-PL\",\"@id\":\"https:\\\/\\\/secure.gravatar.com\\\/avatar\\\/2b748151c2c748327307fd289a91b3bdafdd9e64e2d000e65e53d6dcf11c5830?s=96&d=mm&r=g\",\"url\":\"https:\\\/\\\/secure.gravatar.com\\\/avatar\\\/2b748151c2c748327307fd289a91b3bdafdd9e64e2d000e65e53d6dcf11c5830?s=96&d=mm&r=g\",\"contentUrl\":\"https:\\\/\\\/secure.gravatar.com\\\/avatar\\\/2b748151c2c748327307fd289a91b3bdafdd9e64e2d000e65e53d6dcf11c5830?s=96&d=mm&r=g\",\"caption\":\"editor\"}}]}<\/script>\n<!-- \/ Yoast SEO plugin. -->","yoast_head_json":{"title":"Jak przerobi\u0107 gara\u017c na cele mieszkalne? | GARDEON","robots":{"index":"index","follow":"follow","max-snippet":"max-snippet:-1","max-image-preview":"max-image-preview:large","max-video-preview":"max-video-preview:-1"},"canonical":"https:\/\/gardeon.pl\/pl\/blog\/jak-przerobic-garaz-na-cele-mieszkalne\/","og_locale":"pl_PL","og_type":"article","og_title":"Jak przerobi\u0107 gara\u017c na cele mieszkalne? | GARDEON","og_description":"Borykaj\u0105 si\u0119 Pa\u0144stwo z brakiem miejsca w swoim domu? Rozwa\u017caj\u0105 Pa\u0144stwo przebudow\u0119 gara\u017cu tak, aby mo\u017cna go by\u0142o wykorzysta\u0107 do cel\u00f3w mieszkalnych? Brzmi to jak interesuj\u0105cy pomys\u0142 \u2013 \u015bciany i dach ju\u017c przecie\u017c stoj\u0105, co sk\u0142ania do my\u015bli, \u017ce przerobienie gara\u017cu na mieszkanie lub ma\u0142y domek nie b\u0119dzie problemem. Zazwyczaj jednak nie jest to tak [&hellip;]","og_url":"https:\/\/gardeon.pl\/pl\/blog\/jak-przerobic-garaz-na-cele-mieszkalne\/","og_site_name":"GARDEON","article_published_time":"2026-04-23T14:42:01+00:00","article_modified_time":"2026-04-23T16:54:24+00:00","og_image":[{"width":2560,"height":1440,"url":"http:\/\/gardeon.pl\/wp-content\/uploads\/2023\/06\/gardeon-garaz-pre-dve-auta-s-pristreskom-sedlova-strecha-5186-NM-9-1-scaled.webp","type":"image\/webp"}],"author":"editor","twitter_card":"summary_large_image","twitter_misc":{"Napisane przez":"editor","Szacowany czas czytania":"6 minut"},"schema":{"@context":"https:\/\/schema.org","@graph":[{"@type":"Article","@id":"https:\/\/gardeon.pl\/pl\/blog\/jak-przerobic-garaz-na-cele-mieszkalne\/#article","isPartOf":{"@id":"https:\/\/gardeon.pl\/pl\/blog\/jak-przerobic-garaz-na-cele-mieszkalne\/"},"author":{"name":"editor","@id":"https:\/\/gardeon.pl\/#\/schema\/person\/a5762ca5f0790bf92774af0899379463"},"headline":"Jak przerobi\u0107 gara\u017c na cele mieszkalne?","datePublished":"2026-04-23T14:42:01+00:00","dateModified":"2026-04-23T16:54:24+00:00","mainEntityOfPage":{"@id":"https:\/\/gardeon.pl\/pl\/blog\/jak-przerobic-garaz-na-cele-mieszkalne\/"},"wordCount":1276,"commentCount":0,"image":{"@id":"https:\/\/gardeon.pl\/pl\/blog\/jak-przerobic-garaz-na-cele-mieszkalne\/#primaryimage"},"thumbnailUrl":"https:\/\/gardeon.pl\/wp-content\/uploads\/2023\/06\/gardeon-garaz-pre-dve-auta-s-pristreskom-sedlova-strecha-5186-NM-9-1-scaled.webp","keywords":["brama gara\u017cowa","gara\u017c","gara\u017c gardeon","gara\u017c z wiat\u0105","GARDEON","mieszkanie","zadaszenie"],"articleSection":["Gara\u017ce blaszane","Inspiracje"],"inLanguage":"pl-PL","potentialAction":[{"@type":"CommentAction","name":"Comment","target":["https:\/\/gardeon.pl\/pl\/blog\/jak-przerobic-garaz-na-cele-mieszkalne\/#respond"]}]},{"@type":"WebPage","@id":"https:\/\/gardeon.pl\/pl\/blog\/jak-przerobic-garaz-na-cele-mieszkalne\/","url":"https:\/\/gardeon.pl\/pl\/blog\/jak-przerobic-garaz-na-cele-mieszkalne\/","name":"Jak przerobi\u0107 gara\u017c na cele mieszkalne? | GARDEON","isPartOf":{"@id":"https:\/\/gardeon.pl\/#website"},"primaryImageOfPage":{"@id":"https:\/\/gardeon.pl\/pl\/blog\/jak-przerobic-garaz-na-cele-mieszkalne\/#primaryimage"},"image":{"@id":"https:\/\/gardeon.pl\/pl\/blog\/jak-przerobic-garaz-na-cele-mieszkalne\/#primaryimage"},"thumbnailUrl":"https:\/\/gardeon.pl\/wp-content\/uploads\/2023\/06\/gardeon-garaz-pre-dve-auta-s-pristreskom-sedlova-strecha-5186-NM-9-1-scaled.webp","datePublished":"2026-04-23T14:42:01+00:00","dateModified":"2026-04-23T16:54:24+00:00","author":{"@id":"https:\/\/gardeon.pl\/#\/schema\/person\/a5762ca5f0790bf92774af0899379463"},"breadcrumb":{"@id":"https:\/\/gardeon.pl\/pl\/blog\/jak-przerobic-garaz-na-cele-mieszkalne\/#breadcrumb"},"inLanguage":"pl-PL","potentialAction":[{"@type":"ReadAction","target":["https:\/\/gardeon.pl\/pl\/blog\/jak-przerobic-garaz-na-cele-mieszkalne\/"]}]},{"@type":"ImageObject","inLanguage":"pl-PL","@id":"https:\/\/gardeon.pl\/pl\/blog\/jak-przerobic-garaz-na-cele-mieszkalne\/#primaryimage","url":"https:\/\/gardeon.pl\/wp-content\/uploads\/2023\/06\/gardeon-garaz-pre-dve-auta-s-pristreskom-sedlova-strecha-5186-NM-9-1-scaled.webp","contentUrl":"https:\/\/gardeon.pl\/wp-content\/uploads\/2023\/06\/gardeon-garaz-pre-dve-auta-s-pristreskom-sedlova-strecha-5186-NM-9-1-scaled.webp","width":2560,"height":1440,"caption":"GARDEON gara\u017c dwustanowiskowy, domek ogrodowy i wiata antracyt 8"},{"@type":"BreadcrumbList","@id":"https:\/\/gardeon.pl\/pl\/blog\/jak-przerobic-garaz-na-cele-mieszkalne\/#breadcrumb","itemListElement":[{"@type":"ListItem","position":1,"name":"Domov","item":"https:\/\/gardeon.pl\/pl\/"},{"@type":"ListItem","position":2,"name":"Jak przerobi\u0107 gara\u017c na cele mieszkalne?"}]},{"@type":"WebSite","@id":"https:\/\/gardeon.pl\/#website","url":"https:\/\/gardeon.pl\/","name":"GARDEON","description":"","potentialAction":[{"@type":"SearchAction","target":{"@type":"EntryPoint","urlTemplate":"https:\/\/gardeon.pl\/?s={search_term_string}"},"query-input":{"@type":"PropertyValueSpecification","valueRequired":true,"valueName":"search_term_string"}}],"inLanguage":"pl-PL"},{"@type":"Person","@id":"https:\/\/gardeon.pl\/#\/schema\/person\/a5762ca5f0790bf92774af0899379463","name":"editor","image":{"@type":"ImageObject","inLanguage":"pl-PL","@id":"https:\/\/secure.gravatar.com\/avatar\/2b748151c2c748327307fd289a91b3bdafdd9e64e2d000e65e53d6dcf11c5830?s=96&d=mm&r=g","url":"https:\/\/secure.gravatar.com\/avatar\/2b748151c2c748327307fd289a91b3bdafdd9e64e2d000e65e53d6dcf11c5830?s=96&d=mm&r=g","contentUrl":"https:\/\/secure.gravatar.com\/avatar\/2b748151c2c748327307fd289a91b3bdafdd9e64e2d000e65e53d6dcf11c5830?s=96&d=mm&r=g","caption":"editor"}}]}},"_links":{"self":[{"href":"https:\/\/gardeon.pl\/pl\/wp-json\/wp\/v2\/posts\/45444","targetHints":{"allow":["GET"]}}],"collection":[{"href":"https:\/\/gardeon.pl\/pl\/wp-json\/wp\/v2\/posts"}],"about":[{"href":"https:\/\/gardeon.pl\/pl\/wp-json\/wp\/v2\/types\/post"}],"author":[{"embeddable":true,"href":"https:\/\/gardeon.pl\/pl\/wp-json\/wp\/v2\/users\/2"}],"replies":[{"embeddable":true,"href":"https:\/\/gardeon.pl\/pl\/wp-json\/wp\/v2\/comments?post=45444"}],"version-history":[{"count":0,"href":"https:\/\/gardeon.pl\/pl\/wp-json\/wp\/v2\/posts\/45444\/revisions"}],"wp:featuredmedia":[{"embeddable":true,"href":"https:\/\/gardeon.pl\/pl\/wp-json\/wp\/v2\/media\/43659"}],"wp:attachment":[{"href":"https:\/\/gardeon.pl\/pl\/wp-json\/wp\/v2\/media?parent=45444"}],"wp:term":[{"taxonomy":"category","embeddable":true,"href":"https:\/\/gardeon.pl\/pl\/wp-json\/wp\/v2\/categories?post=45444"},{"taxonomy":"post_tag","embeddable":true,"href":"https:\/\/gardeon.pl\/pl\/wp-json\/wp\/v2\/tags?post=45444"}],"curies":[{"name":"wp","href":"https:\/\/api.w.org\/{rel}","templated":true}]}}