{"id":45468,"date":"2026-04-23T16:42:23","date_gmt":"2026-04-23T14:42:23","guid":{"rendered":"https:\/\/gardeon.pl\/blog\/pomyslowe-rozwiazania-ogrodowe\/"},"modified":"2026-04-23T18:54:24","modified_gmt":"2026-04-23T16:54:24","slug":"pomyslowe-rozwiazania-ogrodowe","status":"publish","type":"post","link":"https:\/\/gardeon.pl\/pl\/blog\/pomyslowe-rozwiazania-ogrodowe\/","title":{"rendered":"Pomys\u0142owe rozwi\u0105zania ogrodowe"},"content":{"rendered":"<p><em><span class=\"s3\">Chocia\u017c prace w ogrodzie <\/span><span class=\"s3\">kr\u0119c\u0105 si\u0119<\/span><span class=\"s3\"> przede wszystkim wok\u00f3\u0142 gleby, zdecydowanie nie powinni Pa\u0144stwo ogranicza\u0107 si\u0119 tylko do niej. Jak mo\u017cna maksymalnie wykorzysta\u0107 jej trzeci wymiar? Oto oryginalne pomys\u0142y do ogrodu, kt\u00f3re mog\u0105 go nie tylko dos\u0142ownie podnie\u015b\u0107, ale tak\u017ce w przeno\u015bnym <\/span><span class=\"s3\">sensie \u2013 praktycznie<\/span><span class=\"s3\"> i estetycznie.<\/span><\/em><\/p>\n<p><!--more--><\/p>\n","protected":false},"excerpt":{"rendered":"<p>Chocia\u017c prace w ogrodzie kr\u0119c\u0105 si\u0119 przede wszystkim wok\u00f3\u0142 gleby, zdecydowanie nie powinni Pa\u0144stwo ogranicza\u0107 si\u0119 tylko do niej. Jak mo\u017cna maksymalnie wykorzysta\u0107 jej trzeci wymiar? Oto oryginalne pomys\u0142y do ogrodu, kt\u00f3re mog\u0105 go nie tylko dos\u0142ownie podnie\u015b\u0107, ale tak\u017ce w przeno\u015bnym sensie \u2013 praktycznie i estetycznie.<\/p>\n","protected":false},"author":2,"featured_media":44536,"comment_status":"open","ping_status":"open","sticky":false,"template":"","format":"standard","meta":{"_acf_changed":false,"inline_featured_image":false,"footnotes":""},"categories":[607,605,594,606],"tags":[579,619,655],"class_list":["post-45468","post","type-post","status-publish","format-standard","has-post-thumbnail","hentry","category-inspiracje","category-jak-to-zrobic-ogrod-diy","category-ogrod","category-pielegnacja","tag-gardeon","tag-ogrod","tag-pomyslowe-rozwiazania-do-ogrodu"],"acf":[],"yoast_head":"<!-- This site is optimized with the Yoast SEO plugin v27.4 - https:\/\/yoast.com\/product\/yoast-seo-wordpress\/ -->\n<title>Pomys\u0142owe rozwi\u0105zania ogrodowe | GARDEON<\/title>\n<meta name=\"robots\" content=\"index, follow, max-snippet:-1, max-image-preview:large, max-video-preview:-1\" \/>\n<link rel=\"canonical\" href=\"https:\/\/gardeon.pl\/pl\/blog\/pomyslowe-rozwiazania-ogrodowe\/\" \/>\n<meta property=\"og:locale\" content=\"pl_PL\" \/>\n<meta property=\"og:type\" content=\"article\" \/>\n<meta property=\"og:title\" content=\"Pomys\u0142owe rozwi\u0105zania ogrodowe | GARDEON\" \/>\n<meta property=\"og:description\" content=\"Chocia\u017c prace w ogrodzie kr\u0119c\u0105 si\u0119 przede wszystkim wok\u00f3\u0142 gleby, zdecydowanie nie powinni Pa\u0144stwo ogranicza\u0107 si\u0119 tylko do niej. Jak mo\u017cna maksymalnie wykorzysta\u0107 jej trzeci wymiar? Oto oryginalne pomys\u0142y do ogrodu, kt\u00f3re mog\u0105 go nie tylko dos\u0142ownie podnie\u015b\u0107, ale tak\u017ce w przeno\u015bnym sensie \u2013 praktycznie i estetycznie.\" \/>\n<meta property=\"og:url\" content=\"https:\/\/gardeon.pl\/pl\/blog\/pomyslowe-rozwiazania-ogrodowe\/\" \/>\n<meta property=\"og:site_name\" content=\"GARDEON\" \/>\n<meta property=\"article:published_time\" content=\"2026-04-23T14:42:23+00:00\" \/>\n<meta property=\"article:modified_time\" content=\"2026-04-23T16:54:24+00:00\" \/>\n<meta property=\"og:image\" content=\"http:\/\/gardeon.pl\/wp-content\/uploads\/2023\/01\/gardeon-garaz-zahradny-domcek-atyp-s-pristreskom-pultova-strecha-5035-TT-detail-pristresok-1-1.webp\" \/>\n\t<meta property=\"og:image:width\" content=\"2000\" \/>\n\t<meta property=\"og:image:height\" content=\"1331\" \/>\n\t<meta property=\"og:image:type\" content=\"image\/webp\" \/>\n<meta name=\"author\" content=\"editor\" \/>\n<meta name=\"twitter:card\" content=\"summary_large_image\" \/>\n<meta name=\"twitter:label1\" content=\"Napisane przez\" \/>\n\t<meta name=\"twitter:data1\" content=\"editor\" \/>\n<script type=\"application\/ld+json\" class=\"yoast-schema-graph\">{\"@context\":\"https:\\\/\\\/schema.org\",\"@graph\":[{\"@type\":\"Article\",\"@id\":\"https:\\\/\\\/gardeon.pl\\\/pl\\\/blog\\\/pomyslowe-rozwiazania-ogrodowe\\\/#article\",\"isPartOf\":{\"@id\":\"https:\\\/\\\/gardeon.pl\\\/pl\\\/blog\\\/pomyslowe-rozwiazania-ogrodowe\\\/\"},\"author\":{\"name\":\"editor\",\"@id\":\"https:\\\/\\\/gardeon.pl\\\/#\\\/schema\\\/person\\\/a5762ca5f0790bf92774af0899379463\"},\"headline\":\"Pomys\u0142owe rozwi\u0105zania ogrodowe\",\"datePublished\":\"2026-04-23T14:42:23+00:00\",\"dateModified\":\"2026-04-23T16:54:24+00:00\",\"mainEntityOfPage\":{\"@id\":\"https:\\\/\\\/gardeon.pl\\\/pl\\\/blog\\\/pomyslowe-rozwiazania-ogrodowe\\\/\"},\"wordCount\":59,\"commentCount\":0,\"image\":{\"@id\":\"https:\\\/\\\/gardeon.pl\\\/pl\\\/blog\\\/pomyslowe-rozwiazania-ogrodowe\\\/#primaryimage\"},\"thumbnailUrl\":\"https:\\\/\\\/gardeon.pl\\\/wp-content\\\/uploads\\\/2023\\\/01\\\/gardeon-garaz-zahradny-domcek-atyp-s-pristreskom-pultova-strecha-5035-TT-detail-pristresok-1-1.webp\",\"keywords\":[\"GARDEON\",\"ogr\u00f3d\",\"pomys\u0142owe rozwi\u0105zania do ogrodu\"],\"articleSection\":[\"Inspiracje\",\"Jak to zrobi\u0107 \u2013 ogr\u00f3d | DIY\",\"Ogr\u00f3d\",\"Piel\u0119gnacja\"],\"inLanguage\":\"pl-PL\",\"potentialAction\":[{\"@type\":\"CommentAction\",\"name\":\"Comment\",\"target\":[\"https:\\\/\\\/gardeon.pl\\\/pl\\\/blog\\\/pomyslowe-rozwiazania-ogrodowe\\\/#respond\"]}]},{\"@type\":\"WebPage\",\"@id\":\"https:\\\/\\\/gardeon.pl\\\/pl\\\/blog\\\/pomyslowe-rozwiazania-ogrodowe\\\/\",\"url\":\"https:\\\/\\\/gardeon.pl\\\/pl\\\/blog\\\/pomyslowe-rozwiazania-ogrodowe\\\/\",\"name\":\"Pomys\u0142owe rozwi\u0105zania ogrodowe | GARDEON\",\"isPartOf\":{\"@id\":\"https:\\\/\\\/gardeon.pl\\\/#website\"},\"primaryImageOfPage\":{\"@id\":\"https:\\\/\\\/gardeon.pl\\\/pl\\\/blog\\\/pomyslowe-rozwiazania-ogrodowe\\\/#primaryimage\"},\"image\":{\"@id\":\"https:\\\/\\\/gardeon.pl\\\/pl\\\/blog\\\/pomyslowe-rozwiazania-ogrodowe\\\/#primaryimage\"},\"thumbnailUrl\":\"https:\\\/\\\/gardeon.pl\\\/wp-content\\\/uploads\\\/2023\\\/01\\\/gardeon-garaz-zahradny-domcek-atyp-s-pristreskom-pultova-strecha-5035-TT-detail-pristresok-1-1.webp\",\"datePublished\":\"2026-04-23T14:42:23+00:00\",\"dateModified\":\"2026-04-23T16:54:24+00:00\",\"author\":{\"@id\":\"https:\\\/\\\/gardeon.pl\\\/#\\\/schema\\\/person\\\/a5762ca5f0790bf92774af0899379463\"},\"breadcrumb\":{\"@id\":\"https:\\\/\\\/gardeon.pl\\\/pl\\\/blog\\\/pomyslowe-rozwiazania-ogrodowe\\\/#breadcrumb\"},\"inLanguage\":\"pl-PL\",\"potentialAction\":[{\"@type\":\"ReadAction\",\"target\":[\"https:\\\/\\\/gardeon.pl\\\/pl\\\/blog\\\/pomyslowe-rozwiazania-ogrodowe\\\/\"]}]},{\"@type\":\"ImageObject\",\"inLanguage\":\"pl-PL\",\"@id\":\"https:\\\/\\\/gardeon.pl\\\/pl\\\/blog\\\/pomyslowe-rozwiazania-ogrodowe\\\/#primaryimage\",\"url\":\"https:\\\/\\\/gardeon.pl\\\/wp-content\\\/uploads\\\/2023\\\/01\\\/gardeon-garaz-zahradny-domcek-atyp-s-pristreskom-pultova-strecha-5035-TT-detail-pristresok-1-1.webp\",\"contentUrl\":\"https:\\\/\\\/gardeon.pl\\\/wp-content\\\/uploads\\\/2023\\\/01\\\/gardeon-garaz-zahradny-domcek-atyp-s-pristreskom-pultova-strecha-5035-TT-detail-pristresok-1-1.webp\",\"width\":2000,\"height\":1331,\"caption\":\"GARDEON gara\u017c modu\u0142owy, domek z wiat\u0105\"},{\"@type\":\"BreadcrumbList\",\"@id\":\"https:\\\/\\\/gardeon.pl\\\/pl\\\/blog\\\/pomyslowe-rozwiazania-ogrodowe\\\/#breadcrumb\",\"itemListElement\":[{\"@type\":\"ListItem\",\"position\":1,\"name\":\"Domov\",\"item\":\"https:\\\/\\\/gardeon.pl\\\/pl\\\/\"},{\"@type\":\"ListItem\",\"position\":2,\"name\":\"Pomys\u0142owe rozwi\u0105zania ogrodowe\"}]},{\"@type\":\"WebSite\",\"@id\":\"https:\\\/\\\/gardeon.pl\\\/#website\",\"url\":\"https:\\\/\\\/gardeon.pl\\\/\",\"name\":\"GARDEON\",\"description\":\"\",\"potentialAction\":[{\"@type\":\"SearchAction\",\"target\":{\"@type\":\"EntryPoint\",\"urlTemplate\":\"https:\\\/\\\/gardeon.pl\\\/?s={search_term_string}\"},\"query-input\":{\"@type\":\"PropertyValueSpecification\",\"valueRequired\":true,\"valueName\":\"search_term_string\"}}],\"inLanguage\":\"pl-PL\"},{\"@type\":\"Person\",\"@id\":\"https:\\\/\\\/gardeon.pl\\\/#\\\/schema\\\/person\\\/a5762ca5f0790bf92774af0899379463\",\"name\":\"editor\",\"image\":{\"@type\":\"ImageObject\",\"inLanguage\":\"pl-PL\",\"@id\":\"https:\\\/\\\/secure.gravatar.com\\\/avatar\\\/2b748151c2c748327307fd289a91b3bdafdd9e64e2d000e65e53d6dcf11c5830?s=96&d=mm&r=g\",\"url\":\"https:\\\/\\\/secure.gravatar.com\\\/avatar\\\/2b748151c2c748327307fd289a91b3bdafdd9e64e2d000e65e53d6dcf11c5830?s=96&d=mm&r=g\",\"contentUrl\":\"https:\\\/\\\/secure.gravatar.com\\\/avatar\\\/2b748151c2c748327307fd289a91b3bdafdd9e64e2d000e65e53d6dcf11c5830?s=96&d=mm&r=g\",\"caption\":\"editor\"}}]}<\/script>\n<!-- \/ Yoast SEO plugin. -->","yoast_head_json":{"title":"Pomys\u0142owe rozwi\u0105zania ogrodowe | GARDEON","robots":{"index":"index","follow":"follow","max-snippet":"max-snippet:-1","max-image-preview":"max-image-preview:large","max-video-preview":"max-video-preview:-1"},"canonical":"https:\/\/gardeon.pl\/pl\/blog\/pomyslowe-rozwiazania-ogrodowe\/","og_locale":"pl_PL","og_type":"article","og_title":"Pomys\u0142owe rozwi\u0105zania ogrodowe | GARDEON","og_description":"Chocia\u017c prace w ogrodzie kr\u0119c\u0105 si\u0119 przede wszystkim wok\u00f3\u0142 gleby, zdecydowanie nie powinni Pa\u0144stwo ogranicza\u0107 si\u0119 tylko do niej. Jak mo\u017cna maksymalnie wykorzysta\u0107 jej trzeci wymiar? Oto oryginalne pomys\u0142y do ogrodu, kt\u00f3re mog\u0105 go nie tylko dos\u0142ownie podnie\u015b\u0107, ale tak\u017ce w przeno\u015bnym sensie \u2013 praktycznie i estetycznie.","og_url":"https:\/\/gardeon.pl\/pl\/blog\/pomyslowe-rozwiazania-ogrodowe\/","og_site_name":"GARDEON","article_published_time":"2026-04-23T14:42:23+00:00","article_modified_time":"2026-04-23T16:54:24+00:00","og_image":[{"width":2000,"height":1331,"url":"http:\/\/gardeon.pl\/wp-content\/uploads\/2023\/01\/gardeon-garaz-zahradny-domcek-atyp-s-pristreskom-pultova-strecha-5035-TT-detail-pristresok-1-1.webp","type":"image\/webp"}],"author":"editor","twitter_card":"summary_large_image","twitter_misc":{"Napisane przez":"editor"},"schema":{"@context":"https:\/\/schema.org","@graph":[{"@type":"Article","@id":"https:\/\/gardeon.pl\/pl\/blog\/pomyslowe-rozwiazania-ogrodowe\/#article","isPartOf":{"@id":"https:\/\/gardeon.pl\/pl\/blog\/pomyslowe-rozwiazania-ogrodowe\/"},"author":{"name":"editor","@id":"https:\/\/gardeon.pl\/#\/schema\/person\/a5762ca5f0790bf92774af0899379463"},"headline":"Pomys\u0142owe rozwi\u0105zania ogrodowe","datePublished":"2026-04-23T14:42:23+00:00","dateModified":"2026-04-23T16:54:24+00:00","mainEntityOfPage":{"@id":"https:\/\/gardeon.pl\/pl\/blog\/pomyslowe-rozwiazania-ogrodowe\/"},"wordCount":59,"commentCount":0,"image":{"@id":"https:\/\/gardeon.pl\/pl\/blog\/pomyslowe-rozwiazania-ogrodowe\/#primaryimage"},"thumbnailUrl":"https:\/\/gardeon.pl\/wp-content\/uploads\/2023\/01\/gardeon-garaz-zahradny-domcek-atyp-s-pristreskom-pultova-strecha-5035-TT-detail-pristresok-1-1.webp","keywords":["GARDEON","ogr\u00f3d","pomys\u0142owe rozwi\u0105zania do ogrodu"],"articleSection":["Inspiracje","Jak to zrobi\u0107 \u2013 ogr\u00f3d | DIY","Ogr\u00f3d","Piel\u0119gnacja"],"inLanguage":"pl-PL","potentialAction":[{"@type":"CommentAction","name":"Comment","target":["https:\/\/gardeon.pl\/pl\/blog\/pomyslowe-rozwiazania-ogrodowe\/#respond"]}]},{"@type":"WebPage","@id":"https:\/\/gardeon.pl\/pl\/blog\/pomyslowe-rozwiazania-ogrodowe\/","url":"https:\/\/gardeon.pl\/pl\/blog\/pomyslowe-rozwiazania-ogrodowe\/","name":"Pomys\u0142owe rozwi\u0105zania ogrodowe | GARDEON","isPartOf":{"@id":"https:\/\/gardeon.pl\/#website"},"primaryImageOfPage":{"@id":"https:\/\/gardeon.pl\/pl\/blog\/pomyslowe-rozwiazania-ogrodowe\/#primaryimage"},"image":{"@id":"https:\/\/gardeon.pl\/pl\/blog\/pomyslowe-rozwiazania-ogrodowe\/#primaryimage"},"thumbnailUrl":"https:\/\/gardeon.pl\/wp-content\/uploads\/2023\/01\/gardeon-garaz-zahradny-domcek-atyp-s-pristreskom-pultova-strecha-5035-TT-detail-pristresok-1-1.webp","datePublished":"2026-04-23T14:42:23+00:00","dateModified":"2026-04-23T16:54:24+00:00","author":{"@id":"https:\/\/gardeon.pl\/#\/schema\/person\/a5762ca5f0790bf92774af0899379463"},"breadcrumb":{"@id":"https:\/\/gardeon.pl\/pl\/blog\/pomyslowe-rozwiazania-ogrodowe\/#breadcrumb"},"inLanguage":"pl-PL","potentialAction":[{"@type":"ReadAction","target":["https:\/\/gardeon.pl\/pl\/blog\/pomyslowe-rozwiazania-ogrodowe\/"]}]},{"@type":"ImageObject","inLanguage":"pl-PL","@id":"https:\/\/gardeon.pl\/pl\/blog\/pomyslowe-rozwiazania-ogrodowe\/#primaryimage","url":"https:\/\/gardeon.pl\/wp-content\/uploads\/2023\/01\/gardeon-garaz-zahradny-domcek-atyp-s-pristreskom-pultova-strecha-5035-TT-detail-pristresok-1-1.webp","contentUrl":"https:\/\/gardeon.pl\/wp-content\/uploads\/2023\/01\/gardeon-garaz-zahradny-domcek-atyp-s-pristreskom-pultova-strecha-5035-TT-detail-pristresok-1-1.webp","width":2000,"height":1331,"caption":"GARDEON gara\u017c modu\u0142owy, domek z wiat\u0105"},{"@type":"BreadcrumbList","@id":"https:\/\/gardeon.pl\/pl\/blog\/pomyslowe-rozwiazania-ogrodowe\/#breadcrumb","itemListElement":[{"@type":"ListItem","position":1,"name":"Domov","item":"https:\/\/gardeon.pl\/pl\/"},{"@type":"ListItem","position":2,"name":"Pomys\u0142owe rozwi\u0105zania ogrodowe"}]},{"@type":"WebSite","@id":"https:\/\/gardeon.pl\/#website","url":"https:\/\/gardeon.pl\/","name":"GARDEON","description":"","potentialAction":[{"@type":"SearchAction","target":{"@type":"EntryPoint","urlTemplate":"https:\/\/gardeon.pl\/?s={search_term_string}"},"query-input":{"@type":"PropertyValueSpecification","valueRequired":true,"valueName":"search_term_string"}}],"inLanguage":"pl-PL"},{"@type":"Person","@id":"https:\/\/gardeon.pl\/#\/schema\/person\/a5762ca5f0790bf92774af0899379463","name":"editor","image":{"@type":"ImageObject","inLanguage":"pl-PL","@id":"https:\/\/secure.gravatar.com\/avatar\/2b748151c2c748327307fd289a91b3bdafdd9e64e2d000e65e53d6dcf11c5830?s=96&d=mm&r=g","url":"https:\/\/secure.gravatar.com\/avatar\/2b748151c2c748327307fd289a91b3bdafdd9e64e2d000e65e53d6dcf11c5830?s=96&d=mm&r=g","contentUrl":"https:\/\/secure.gravatar.com\/avatar\/2b748151c2c748327307fd289a91b3bdafdd9e64e2d000e65e53d6dcf11c5830?s=96&d=mm&r=g","caption":"editor"}}]}},"_links":{"self":[{"href":"https:\/\/gardeon.pl\/pl\/wp-json\/wp\/v2\/posts\/45468","targetHints":{"allow":["GET"]}}],"collection":[{"href":"https:\/\/gardeon.pl\/pl\/wp-json\/wp\/v2\/posts"}],"about":[{"href":"https:\/\/gardeon.pl\/pl\/wp-json\/wp\/v2\/types\/post"}],"author":[{"embeddable":true,"href":"https:\/\/gardeon.pl\/pl\/wp-json\/wp\/v2\/users\/2"}],"replies":[{"embeddable":true,"href":"https:\/\/gardeon.pl\/pl\/wp-json\/wp\/v2\/comments?post=45468"}],"version-history":[{"count":0,"href":"https:\/\/gardeon.pl\/pl\/wp-json\/wp\/v2\/posts\/45468\/revisions"}],"wp:featuredmedia":[{"embeddable":true,"href":"https:\/\/gardeon.pl\/pl\/wp-json\/wp\/v2\/media\/44536"}],"wp:attachment":[{"href":"https:\/\/gardeon.pl\/pl\/wp-json\/wp\/v2\/media?parent=45468"}],"wp:term":[{"taxonomy":"category","embeddable":true,"href":"https:\/\/gardeon.pl\/pl\/wp-json\/wp\/v2\/categories?post=45468"},{"taxonomy":"post_tag","embeddable":true,"href":"https:\/\/gardeon.pl\/pl\/wp-json\/wp\/v2\/tags?post=45468"}],"curies":[{"name":"wp","href":"https:\/\/api.w.org\/{rel}","templated":true}]}}