{"id":45473,"date":"2026-04-23T16:42:35","date_gmt":"2026-04-23T14:42:35","guid":{"rendered":"https:\/\/gardeon.pl\/blog\/dlaczego-posiadanie-odpowiedniego-podloza-jest-wazne\/"},"modified":"2026-04-23T18:54:24","modified_gmt":"2026-04-23T16:54:24","slug":"dlaczego-posiadanie-odpowiedniego-podloza-jest-wazne","status":"publish","type":"post","link":"https:\/\/gardeon.pl\/pl\/blog\/dlaczego-posiadanie-odpowiedniego-podloza-jest-wazne\/","title":{"rendered":"Dlaczego posiadanie odpowiedniego pod\u0142o\u017ca jest wa\u017cne?"},"content":{"rendered":"<p class=\"p1\"><em>Nasze gara\u017ce blaszane, domki ogrodowe, wiaty i pergole dostarczamy bez pod\u0142ogi lub fundamentu, dlatego przed rozpocz\u0119ciem monta\u017cu nale\u017cy przygotowa\u0107 <span class=\"s1\">odpowiednie pod\u0142o\u017ce<\/span>. Musi ono by\u0107 przede wszystkim idealnie wypoziomowane. Dlaczego w\u0142a\u015bciwie pod konstrukcje GARDEON potrzebne jest <span class=\"s1\">r\u00f3wne pod\u0142o\u017ce<\/span><\/em><em>? Istnieje ku temu kilka istotnych powod\u00f3w.<\/em><\/p>\n<p><em>Wszystkich klient\u00f3w informujemy o tym z wyprzedzeniem. Je\u015bli mimo to pod\u0142o\u017ce oka\u017ce si\u0119 niew\u0142a\u015bciwe \u2013 klienci wyra\u017caj\u0105 zgod\u0119 na monta\u017c konstrukcji pomimo niespe\u0142niaj\u0105cego wymog\u00f3w pod\u0142o\u017ca. Bez ich wiedzy nie przyst\u0105pimy do monta\u017cu.  <\/em><\/p>\n<p><!--more--><\/p>\n","protected":false},"excerpt":{"rendered":"<p>Nasze gara\u017ce blaszane, domki ogrodowe, wiaty i pergole dostarczamy bez pod\u0142ogi lub fundamentu, dlatego przed rozpocz\u0119ciem monta\u017cu nale\u017cy przygotowa\u0107 odpowiednie pod\u0142o\u017ce. Musi ono by\u0107 przede wszystkim idealnie wypoziomowane. Dlaczego w\u0142a\u015bciwie pod konstrukcje GARDEON potrzebne jest r\u00f3wne pod\u0142o\u017ce? Istnieje ku temu kilka istotnych powod\u00f3w. Wszystkich klient\u00f3w informujemy o tym z wyprzedzeniem. Je\u015bli mimo to pod\u0142o\u017ce oka\u017ce [&hellip;]<\/p>\n","protected":false},"author":2,"featured_media":45475,"comment_status":"open","ping_status":"open","sticky":false,"template":"","format":"standard","meta":{"_acf_changed":false,"inline_featured_image":false,"footnotes":""},"categories":[632,578,618,622,657],"tags":[579,658],"class_list":["post-45473","post","type-post","status-publish","format-standard","has-post-thumbnail","hentry","category-domki-ogrodowe","category-garaze-blaszane","category-konserwacja-i-pielegnacja","category-wiaty-i-altany","category-zabezpieczenie","tag-gardeon","tag-odpowiednie-podloze"],"acf":[],"yoast_head":"<!-- This site is optimized with the Yoast SEO plugin v27.4 - https:\/\/yoast.com\/product\/yoast-seo-wordpress\/ -->\n<title>Dlaczego posiadanie odpowiedniego pod\u0142o\u017ca jest wa\u017cne? - GARDEON<\/title>\n<meta name=\"robots\" content=\"index, follow, max-snippet:-1, max-image-preview:large, max-video-preview:-1\" \/>\n<link rel=\"canonical\" href=\"https:\/\/gardeon.pl\/pl\/blog\/dlaczego-posiadanie-odpowiedniego-podloza-jest-wazne\/\" \/>\n<meta property=\"og:locale\" content=\"pl_PL\" \/>\n<meta property=\"og:type\" content=\"article\" \/>\n<meta property=\"og:title\" content=\"Dlaczego posiadanie odpowiedniego pod\u0142o\u017ca jest wa\u017cne? - GARDEON\" \/>\n<meta property=\"og:description\" content=\"Nasze gara\u017ce blaszane, domki ogrodowe, wiaty i pergole dostarczamy bez pod\u0142ogi lub fundamentu, dlatego przed rozpocz\u0119ciem monta\u017cu nale\u017cy przygotowa\u0107 odpowiednie pod\u0142o\u017ce. Musi ono by\u0107 przede wszystkim idealnie wypoziomowane. Dlaczego w\u0142a\u015bciwie pod konstrukcje GARDEON potrzebne jest r\u00f3wne pod\u0142o\u017ce? Istnieje ku temu kilka istotnych powod\u00f3w. Wszystkich klient\u00f3w informujemy o tym z wyprzedzeniem. Je\u015bli mimo to pod\u0142o\u017ce oka\u017ce [&hellip;]\" \/>\n<meta property=\"og:url\" content=\"https:\/\/gardeon.pl\/pl\/blog\/dlaczego-posiadanie-odpowiedniego-podloza-jest-wazne\/\" \/>\n<meta property=\"og:site_name\" content=\"GARDEON\" \/>\n<meta property=\"article:published_time\" content=\"2026-04-23T14:42:35+00:00\" \/>\n<meta property=\"article:modified_time\" content=\"2026-04-23T16:54:24+00:00\" \/>\n<meta property=\"og:image\" content=\"http:\/\/gardeon.pl\/wp-content\/uploads\/2023\/08\/gardeon-zly-podklad-1-1.webp\" \/>\n\t<meta property=\"og:image:width\" content=\"2000\" \/>\n\t<meta property=\"og:image:height\" content=\"1333\" \/>\n\t<meta property=\"og:image:type\" content=\"image\/webp\" \/>\n<meta name=\"author\" content=\"editor\" \/>\n<meta name=\"twitter:card\" content=\"summary_large_image\" \/>\n<meta name=\"twitter:label1\" content=\"Napisane przez\" \/>\n\t<meta name=\"twitter:data1\" content=\"editor\" \/>\n\t<meta name=\"twitter:label2\" content=\"Szacowany czas czytania\" \/>\n\t<meta name=\"twitter:data2\" content=\"1 minuta\" \/>\n<script type=\"application\/ld+json\" class=\"yoast-schema-graph\">{\"@context\":\"https:\\\/\\\/schema.org\",\"@graph\":[{\"@type\":\"Article\",\"@id\":\"https:\\\/\\\/gardeon.pl\\\/pl\\\/blog\\\/dlaczego-posiadanie-odpowiedniego-podloza-jest-wazne\\\/#article\",\"isPartOf\":{\"@id\":\"https:\\\/\\\/gardeon.pl\\\/pl\\\/blog\\\/dlaczego-posiadanie-odpowiedniego-podloza-jest-wazne\\\/\"},\"author\":{\"name\":\"editor\",\"@id\":\"https:\\\/\\\/gardeon.pl\\\/#\\\/schema\\\/person\\\/a5762ca5f0790bf92774af0899379463\"},\"headline\":\"Dlaczego posiadanie odpowiedniego pod\u0142o\u017ca jest wa\u017cne?\",\"datePublished\":\"2026-04-23T14:42:35+00:00\",\"dateModified\":\"2026-04-23T16:54:24+00:00\",\"mainEntityOfPage\":{\"@id\":\"https:\\\/\\\/gardeon.pl\\\/pl\\\/blog\\\/dlaczego-posiadanie-odpowiedniego-podloza-jest-wazne\\\/\"},\"wordCount\":111,\"commentCount\":0,\"image\":{\"@id\":\"https:\\\/\\\/gardeon.pl\\\/pl\\\/blog\\\/dlaczego-posiadanie-odpowiedniego-podloza-jest-wazne\\\/#primaryimage\"},\"thumbnailUrl\":\"https:\\\/\\\/gardeon.pl\\\/wp-content\\\/uploads\\\/2023\\\/08\\\/gardeon-zly-podklad-1-1.webp\",\"keywords\":[\"GARDEON\",\"odpowiednie pod\u0142o\u017ce\"],\"articleSection\":[\"Domki ogrodowe\",\"Gara\u017ce blaszane\",\"Konserwacja i piel\u0119gnacja\",\"Wiaty i altany\",\"Zabezpieczenie\"],\"inLanguage\":\"pl-PL\",\"potentialAction\":[{\"@type\":\"CommentAction\",\"name\":\"Comment\",\"target\":[\"https:\\\/\\\/gardeon.pl\\\/pl\\\/blog\\\/dlaczego-posiadanie-odpowiedniego-podloza-jest-wazne\\\/#respond\"]}]},{\"@type\":\"WebPage\",\"@id\":\"https:\\\/\\\/gardeon.pl\\\/pl\\\/blog\\\/dlaczego-posiadanie-odpowiedniego-podloza-jest-wazne\\\/\",\"url\":\"https:\\\/\\\/gardeon.pl\\\/pl\\\/blog\\\/dlaczego-posiadanie-odpowiedniego-podloza-jest-wazne\\\/\",\"name\":\"Dlaczego posiadanie odpowiedniego pod\u0142o\u017ca jest wa\u017cne? - GARDEON\",\"isPartOf\":{\"@id\":\"https:\\\/\\\/gardeon.pl\\\/#website\"},\"primaryImageOfPage\":{\"@id\":\"https:\\\/\\\/gardeon.pl\\\/pl\\\/blog\\\/dlaczego-posiadanie-odpowiedniego-podloza-jest-wazne\\\/#primaryimage\"},\"image\":{\"@id\":\"https:\\\/\\\/gardeon.pl\\\/pl\\\/blog\\\/dlaczego-posiadanie-odpowiedniego-podloza-jest-wazne\\\/#primaryimage\"},\"thumbnailUrl\":\"https:\\\/\\\/gardeon.pl\\\/wp-content\\\/uploads\\\/2023\\\/08\\\/gardeon-zly-podklad-1-1.webp\",\"datePublished\":\"2026-04-23T14:42:35+00:00\",\"dateModified\":\"2026-04-23T16:54:24+00:00\",\"author\":{\"@id\":\"https:\\\/\\\/gardeon.pl\\\/#\\\/schema\\\/person\\\/a5762ca5f0790bf92774af0899379463\"},\"breadcrumb\":{\"@id\":\"https:\\\/\\\/gardeon.pl\\\/pl\\\/blog\\\/dlaczego-posiadanie-odpowiedniego-podloza-jest-wazne\\\/#breadcrumb\"},\"inLanguage\":\"pl-PL\",\"potentialAction\":[{\"@type\":\"ReadAction\",\"target\":[\"https:\\\/\\\/gardeon.pl\\\/pl\\\/blog\\\/dlaczego-posiadanie-odpowiedniego-podloza-jest-wazne\\\/\"]}]},{\"@type\":\"ImageObject\",\"inLanguage\":\"pl-PL\",\"@id\":\"https:\\\/\\\/gardeon.pl\\\/pl\\\/blog\\\/dlaczego-posiadanie-odpowiedniego-podloza-jest-wazne\\\/#primaryimage\",\"url\":\"https:\\\/\\\/gardeon.pl\\\/wp-content\\\/uploads\\\/2023\\\/08\\\/gardeon-zly-podklad-1-1.webp\",\"contentUrl\":\"https:\\\/\\\/gardeon.pl\\\/wp-content\\\/uploads\\\/2023\\\/08\\\/gardeon-zly-podklad-1-1.webp\",\"width\":2000,\"height\":1333,\"caption\":\"P\u0142yty pod konstrukcj\u0105 \u2013 krzywa pod\u0142oga\"},{\"@type\":\"BreadcrumbList\",\"@id\":\"https:\\\/\\\/gardeon.pl\\\/pl\\\/blog\\\/dlaczego-posiadanie-odpowiedniego-podloza-jest-wazne\\\/#breadcrumb\",\"itemListElement\":[{\"@type\":\"ListItem\",\"position\":1,\"name\":\"Domov\",\"item\":\"https:\\\/\\\/gardeon.pl\\\/pl\\\/\"},{\"@type\":\"ListItem\",\"position\":2,\"name\":\"Dlaczego posiadanie odpowiedniego pod\u0142o\u017ca jest wa\u017cne?\"}]},{\"@type\":\"WebSite\",\"@id\":\"https:\\\/\\\/gardeon.pl\\\/#website\",\"url\":\"https:\\\/\\\/gardeon.pl\\\/\",\"name\":\"GARDEON\",\"description\":\"\",\"potentialAction\":[{\"@type\":\"SearchAction\",\"target\":{\"@type\":\"EntryPoint\",\"urlTemplate\":\"https:\\\/\\\/gardeon.pl\\\/?s={search_term_string}\"},\"query-input\":{\"@type\":\"PropertyValueSpecification\",\"valueRequired\":true,\"valueName\":\"search_term_string\"}}],\"inLanguage\":\"pl-PL\"},{\"@type\":\"Person\",\"@id\":\"https:\\\/\\\/gardeon.pl\\\/#\\\/schema\\\/person\\\/a5762ca5f0790bf92774af0899379463\",\"name\":\"editor\",\"image\":{\"@type\":\"ImageObject\",\"inLanguage\":\"pl-PL\",\"@id\":\"https:\\\/\\\/secure.gravatar.com\\\/avatar\\\/2b748151c2c748327307fd289a91b3bdafdd9e64e2d000e65e53d6dcf11c5830?s=96&d=mm&r=g\",\"url\":\"https:\\\/\\\/secure.gravatar.com\\\/avatar\\\/2b748151c2c748327307fd289a91b3bdafdd9e64e2d000e65e53d6dcf11c5830?s=96&d=mm&r=g\",\"contentUrl\":\"https:\\\/\\\/secure.gravatar.com\\\/avatar\\\/2b748151c2c748327307fd289a91b3bdafdd9e64e2d000e65e53d6dcf11c5830?s=96&d=mm&r=g\",\"caption\":\"editor\"}}]}<\/script>\n<!-- \/ Yoast SEO plugin. -->","yoast_head_json":{"title":"Dlaczego posiadanie odpowiedniego pod\u0142o\u017ca jest wa\u017cne? - GARDEON","robots":{"index":"index","follow":"follow","max-snippet":"max-snippet:-1","max-image-preview":"max-image-preview:large","max-video-preview":"max-video-preview:-1"},"canonical":"https:\/\/gardeon.pl\/pl\/blog\/dlaczego-posiadanie-odpowiedniego-podloza-jest-wazne\/","og_locale":"pl_PL","og_type":"article","og_title":"Dlaczego posiadanie odpowiedniego pod\u0142o\u017ca jest wa\u017cne? - GARDEON","og_description":"Nasze gara\u017ce blaszane, domki ogrodowe, wiaty i pergole dostarczamy bez pod\u0142ogi lub fundamentu, dlatego przed rozpocz\u0119ciem monta\u017cu nale\u017cy przygotowa\u0107 odpowiednie pod\u0142o\u017ce. Musi ono by\u0107 przede wszystkim idealnie wypoziomowane. Dlaczego w\u0142a\u015bciwie pod konstrukcje GARDEON potrzebne jest r\u00f3wne pod\u0142o\u017ce? Istnieje ku temu kilka istotnych powod\u00f3w. Wszystkich klient\u00f3w informujemy o tym z wyprzedzeniem. Je\u015bli mimo to pod\u0142o\u017ce oka\u017ce [&hellip;]","og_url":"https:\/\/gardeon.pl\/pl\/blog\/dlaczego-posiadanie-odpowiedniego-podloza-jest-wazne\/","og_site_name":"GARDEON","article_published_time":"2026-04-23T14:42:35+00:00","article_modified_time":"2026-04-23T16:54:24+00:00","og_image":[{"width":2000,"height":1333,"url":"http:\/\/gardeon.pl\/wp-content\/uploads\/2023\/08\/gardeon-zly-podklad-1-1.webp","type":"image\/webp"}],"author":"editor","twitter_card":"summary_large_image","twitter_misc":{"Napisane przez":"editor","Szacowany czas czytania":"1 minuta"},"schema":{"@context":"https:\/\/schema.org","@graph":[{"@type":"Article","@id":"https:\/\/gardeon.pl\/pl\/blog\/dlaczego-posiadanie-odpowiedniego-podloza-jest-wazne\/#article","isPartOf":{"@id":"https:\/\/gardeon.pl\/pl\/blog\/dlaczego-posiadanie-odpowiedniego-podloza-jest-wazne\/"},"author":{"name":"editor","@id":"https:\/\/gardeon.pl\/#\/schema\/person\/a5762ca5f0790bf92774af0899379463"},"headline":"Dlaczego posiadanie odpowiedniego pod\u0142o\u017ca jest wa\u017cne?","datePublished":"2026-04-23T14:42:35+00:00","dateModified":"2026-04-23T16:54:24+00:00","mainEntityOfPage":{"@id":"https:\/\/gardeon.pl\/pl\/blog\/dlaczego-posiadanie-odpowiedniego-podloza-jest-wazne\/"},"wordCount":111,"commentCount":0,"image":{"@id":"https:\/\/gardeon.pl\/pl\/blog\/dlaczego-posiadanie-odpowiedniego-podloza-jest-wazne\/#primaryimage"},"thumbnailUrl":"https:\/\/gardeon.pl\/wp-content\/uploads\/2023\/08\/gardeon-zly-podklad-1-1.webp","keywords":["GARDEON","odpowiednie pod\u0142o\u017ce"],"articleSection":["Domki ogrodowe","Gara\u017ce blaszane","Konserwacja i piel\u0119gnacja","Wiaty i altany","Zabezpieczenie"],"inLanguage":"pl-PL","potentialAction":[{"@type":"CommentAction","name":"Comment","target":["https:\/\/gardeon.pl\/pl\/blog\/dlaczego-posiadanie-odpowiedniego-podloza-jest-wazne\/#respond"]}]},{"@type":"WebPage","@id":"https:\/\/gardeon.pl\/pl\/blog\/dlaczego-posiadanie-odpowiedniego-podloza-jest-wazne\/","url":"https:\/\/gardeon.pl\/pl\/blog\/dlaczego-posiadanie-odpowiedniego-podloza-jest-wazne\/","name":"Dlaczego posiadanie odpowiedniego pod\u0142o\u017ca jest wa\u017cne? - GARDEON","isPartOf":{"@id":"https:\/\/gardeon.pl\/#website"},"primaryImageOfPage":{"@id":"https:\/\/gardeon.pl\/pl\/blog\/dlaczego-posiadanie-odpowiedniego-podloza-jest-wazne\/#primaryimage"},"image":{"@id":"https:\/\/gardeon.pl\/pl\/blog\/dlaczego-posiadanie-odpowiedniego-podloza-jest-wazne\/#primaryimage"},"thumbnailUrl":"https:\/\/gardeon.pl\/wp-content\/uploads\/2023\/08\/gardeon-zly-podklad-1-1.webp","datePublished":"2026-04-23T14:42:35+00:00","dateModified":"2026-04-23T16:54:24+00:00","author":{"@id":"https:\/\/gardeon.pl\/#\/schema\/person\/a5762ca5f0790bf92774af0899379463"},"breadcrumb":{"@id":"https:\/\/gardeon.pl\/pl\/blog\/dlaczego-posiadanie-odpowiedniego-podloza-jest-wazne\/#breadcrumb"},"inLanguage":"pl-PL","potentialAction":[{"@type":"ReadAction","target":["https:\/\/gardeon.pl\/pl\/blog\/dlaczego-posiadanie-odpowiedniego-podloza-jest-wazne\/"]}]},{"@type":"ImageObject","inLanguage":"pl-PL","@id":"https:\/\/gardeon.pl\/pl\/blog\/dlaczego-posiadanie-odpowiedniego-podloza-jest-wazne\/#primaryimage","url":"https:\/\/gardeon.pl\/wp-content\/uploads\/2023\/08\/gardeon-zly-podklad-1-1.webp","contentUrl":"https:\/\/gardeon.pl\/wp-content\/uploads\/2023\/08\/gardeon-zly-podklad-1-1.webp","width":2000,"height":1333,"caption":"P\u0142yty pod konstrukcj\u0105 \u2013 krzywa pod\u0142oga"},{"@type":"BreadcrumbList","@id":"https:\/\/gardeon.pl\/pl\/blog\/dlaczego-posiadanie-odpowiedniego-podloza-jest-wazne\/#breadcrumb","itemListElement":[{"@type":"ListItem","position":1,"name":"Domov","item":"https:\/\/gardeon.pl\/pl\/"},{"@type":"ListItem","position":2,"name":"Dlaczego posiadanie odpowiedniego pod\u0142o\u017ca jest wa\u017cne?"}]},{"@type":"WebSite","@id":"https:\/\/gardeon.pl\/#website","url":"https:\/\/gardeon.pl\/","name":"GARDEON","description":"","potentialAction":[{"@type":"SearchAction","target":{"@type":"EntryPoint","urlTemplate":"https:\/\/gardeon.pl\/?s={search_term_string}"},"query-input":{"@type":"PropertyValueSpecification","valueRequired":true,"valueName":"search_term_string"}}],"inLanguage":"pl-PL"},{"@type":"Person","@id":"https:\/\/gardeon.pl\/#\/schema\/person\/a5762ca5f0790bf92774af0899379463","name":"editor","image":{"@type":"ImageObject","inLanguage":"pl-PL","@id":"https:\/\/secure.gravatar.com\/avatar\/2b748151c2c748327307fd289a91b3bdafdd9e64e2d000e65e53d6dcf11c5830?s=96&d=mm&r=g","url":"https:\/\/secure.gravatar.com\/avatar\/2b748151c2c748327307fd289a91b3bdafdd9e64e2d000e65e53d6dcf11c5830?s=96&d=mm&r=g","contentUrl":"https:\/\/secure.gravatar.com\/avatar\/2b748151c2c748327307fd289a91b3bdafdd9e64e2d000e65e53d6dcf11c5830?s=96&d=mm&r=g","caption":"editor"}}]}},"_links":{"self":[{"href":"https:\/\/gardeon.pl\/pl\/wp-json\/wp\/v2\/posts\/45473","targetHints":{"allow":["GET"]}}],"collection":[{"href":"https:\/\/gardeon.pl\/pl\/wp-json\/wp\/v2\/posts"}],"about":[{"href":"https:\/\/gardeon.pl\/pl\/wp-json\/wp\/v2\/types\/post"}],"author":[{"embeddable":true,"href":"https:\/\/gardeon.pl\/pl\/wp-json\/wp\/v2\/users\/2"}],"replies":[{"embeddable":true,"href":"https:\/\/gardeon.pl\/pl\/wp-json\/wp\/v2\/comments?post=45473"}],"version-history":[{"count":0,"href":"https:\/\/gardeon.pl\/pl\/wp-json\/wp\/v2\/posts\/45473\/revisions"}],"wp:featuredmedia":[{"embeddable":true,"href":"https:\/\/gardeon.pl\/pl\/wp-json\/wp\/v2\/media\/45475"}],"wp:attachment":[{"href":"https:\/\/gardeon.pl\/pl\/wp-json\/wp\/v2\/media?parent=45473"}],"wp:term":[{"taxonomy":"category","embeddable":true,"href":"https:\/\/gardeon.pl\/pl\/wp-json\/wp\/v2\/categories?post=45473"},{"taxonomy":"post_tag","embeddable":true,"href":"https:\/\/gardeon.pl\/pl\/wp-json\/wp\/v2\/tags?post=45473"}],"curies":[{"name":"wp","href":"https:\/\/api.w.org\/{rel}","templated":true}]}}