{"id":45507,"date":"2026-04-23T16:42:46","date_gmt":"2026-04-23T14:42:46","guid":{"rendered":"https:\/\/gardeon.pl\/blog\/24-propozycje-prezentow-swiatecznych-dla-ogrodnikow\/"},"modified":"2026-04-23T18:54:24","modified_gmt":"2026-04-23T16:54:24","slug":"24-propozycje-prezentow-swiatecznych-dla-ogrodnikow","status":"publish","type":"post","link":"https:\/\/gardeon.pl\/pl\/blog\/24-propozycje-prezentow-swiatecznych-dla-ogrodnikow\/","title":{"rendered":"24 propozycje prezent\u00f3w \u015bwi\u0105tecznych dla ogrodnik\u00f3w"},"content":{"rendered":"<p><i><span style=\"font-weight: 400;\">Czy maj\u0105 ju\u017c Pa\u0144stwo za sob\u0105 \u015bwi\u0105teczne zakupy, czy zat\u0142oczone centra handlowe dopiero na Pa\u0144stwa czekaj\u0105? Szukaj\u0105 Pa\u0144stwo przydatnych wskaz\u00f3wek na ostatni\u0105 chwil\u0119? W dzisiejszym artykule skupimy si\u0119 na ciekawych prezentach dla ogrodnik\u00f3w. Inspiracje podzielili\u015bmy na trzy g\u0142\u00f3wne kategorie: uniwersalne, unikalne i ekskluzywne \u2013 z tymi prezentami z pewno\u015bci\u0105 Pa\u0144stwo zachwyc\u0105 :)   <\/span><\/i><\/p>\n<p><!--more--><\/p>\n<h2><b>Uniwersalne prezenty na ka\u017cd\u0105 por\u0119 roku<\/b><\/h2>\n<p><span style=\"font-weight: 400;\">Niezale\u017cnie od tego, czy za oknem pada deszcz, czy \u015bwieci s\u0142o\u0144ce, te prezenty przydadz\u0105 si\u0119 zapalonemu ogrodnikowi przez ca\u0142y rok.<\/span><\/p>\n<ol>\n<li style=\"font-weight: 400;\" aria-level=\"1\">\n<h3><b>Notes z nadrukiem<\/b><\/h3>\n<\/li>\n<\/ol>\n<p><span style=\"font-weight: 400;\">Co powiecie na co\u015b wyj\u0105tkowego, na przyk\u0142ad notes w kszta\u0142cie owocu lub warzywa? Celem tych notes\u00f3w jest jedno \u2013 wyr\u00f3\u017cni\u0107 si\u0119 z t\u0142umu i rozja\u015bni\u0107 Pa\u0144stwa dzie\u0144. I jeste\u015bmy zdania, \u017ce z pewno\u015bci\u0105 im si\u0119 to uda :)  <\/span><\/p>\n<p><img loading=\"lazy\" decoding=\"async\" class=\"aligncenter wp-image-22049\" src=\"http:\/\/gardeon.pl\/wp-content\/uploads\/2019\/12\/1a-1024x1024.jpg\" alt=\"Notes w kszta\u0142cie jedzenia\" width=\"800\" height=\"800\" srcset=\"https:\/\/gardeon.pl\/wp-content\/uploads\/2019\/12\/1a.jpg 1024w, https:\/\/gardeon.pl\/wp-content\/uploads\/2019\/12\/1a-300x300.jpg 300w, https:\/\/gardeon.pl\/wp-content\/uploads\/2019\/12\/1a-150x150.jpg 150w, https:\/\/gardeon.pl\/wp-content\/uploads\/2019\/12\/1a-768x768.jpg 768w\" sizes=\"auto, (max-width: 800px) 100vw, 800px\" \/><\/p>\n<p><span style=\"font-weight: 400;\">Wol\u0105 Pa\u0144stwo klasyczny kszta\u0142t? Tak czy inaczej, notes z nadrukiem i motywem z pewno\u015bci\u0105 znajdzie swoje miejsce, zw\u0142aszcza w\u015br\u00f3d kobiet. <\/span><\/p>\n<p><img loading=\"lazy\" decoding=\"async\" class=\"aligncenter wp-image-22053\" src=\"http:\/\/gardeon.pl\/wp-content\/uploads\/2019\/12\/1c-1024x1024.jpg\" alt=\"Notesy z motywem jedzenia\" width=\"800\" height=\"964\"> <img loading=\"lazy\" decoding=\"async\" class=\"aligncenter wp-image-22051\" src=\"http:\/\/gardeon.pl\/wp-content\/uploads\/2019\/12\/1b-1024x1024.jpg\" alt=\"Notesy z motywem jedzenia\" width=\"800\" height=\"1004\"><\/p>\n<ol start=\"2\">\n<li>\n<h3>Pachn\u0105ce myd\u0142o<\/h3>\n<\/li>\n<\/ol>\n<p><span style=\"font-weight: 400;\">Dla pa\u0144 polecamy orze\u017awiaj\u0105ce zapachy w postaci lawendy lub romantycznej r\u00f3\u017cy.<\/span><\/p>\n<p><img loading=\"lazy\" decoding=\"async\" class=\"aligncenter wp-image-22055\" src=\"http:\/\/gardeon.pl\/wp-content\/uploads\/2019\/12\/2a.jpg\" alt=\"Fioletowe pachn\u0105ce myd\u0142o\" width=\"800\" height=\"288\" srcset=\"https:\/\/gardeon.pl\/wp-content\/uploads\/2019\/12\/2a.jpg 800w, https:\/\/gardeon.pl\/wp-content\/uploads\/2019\/12\/2a-300x108.jpg 300w, https:\/\/gardeon.pl\/wp-content\/uploads\/2019\/12\/2a-768x276.jpg 768w\" sizes=\"auto, (max-width: 800px) 100vw, 800px\" \/><\/p>\n<p><img loading=\"lazy\" decoding=\"async\" class=\"aligncenter wp-image-22057\" src=\"http:\/\/gardeon.pl\/wp-content\/uploads\/2019\/12\/2b.jpg\" alt=\"R\u00f3\u017cowe pachn\u0105ce myd\u0142o\" width=\"800\" height=\"298\" srcset=\"https:\/\/gardeon.pl\/wp-content\/uploads\/2019\/12\/2b.jpg 800w, https:\/\/gardeon.pl\/wp-content\/uploads\/2019\/12\/2b-300x112.jpg 300w, https:\/\/gardeon.pl\/wp-content\/uploads\/2019\/12\/2b-768x286.jpg 768w\" sizes=\"auto, (max-width: 800px) 100vw, 800px\" \/><\/p>\n<p><span style=\"font-weight: 400;\">Pan\u00f3w natomiast ucieszy zmys\u0142owy zapach ja\u015bminu.<\/span><\/p>\n<p><img loading=\"lazy\" decoding=\"async\" class=\"aligncenter wp-image-22059\" src=\"http:\/\/gardeon.pl\/wp-content\/uploads\/2019\/12\/2c.jpg\" alt=\"Zielone pachn\u0105ce myd\u0142o\" width=\"800\" height=\"278\" srcset=\"https:\/\/gardeon.pl\/wp-content\/uploads\/2019\/12\/2c.jpg 800w, https:\/\/gardeon.pl\/wp-content\/uploads\/2019\/12\/2c-300x104.jpg 300w, https:\/\/gardeon.pl\/wp-content\/uploads\/2019\/12\/2c-768x267.jpg 768w\" sizes=\"auto, (max-width: 800px) 100vw, 800px\" \/><\/p>\n<p><span style=\"font-weight: 400;\">Nasza wskaz\u00f3wka: Je\u015bli szukaj\u0105 Pa\u0144stwo czego\u015b naprawd\u0119 ekskluzywnego, polecamy myd\u0142a FLORIS LONDON, kt\u00f3re swoim doskona\u0142ym wygl\u0105dem i zapachem po ci\u0119\u017ckim dniu w ogrodzie zachwyc\u0105 zmys\u0142y ka\u017cdego ogrodnika.<\/span><\/p>\n<p><img loading=\"lazy\" decoding=\"async\" class=\"aligncenter wp-image-22061\" src=\"http:\/\/gardeon.pl\/wp-content\/uploads\/2019\/12\/2d-1024x1024.jpg\" alt=\"Bia\u0142e myd\u0142o Floris London\" width=\"800\" height=\"800\" srcset=\"https:\/\/gardeon.pl\/wp-content\/uploads\/2019\/12\/2d-1024x1024.jpg 1024w, https:\/\/gardeon.pl\/wp-content\/uploads\/2019\/12\/2d-300x300.jpg 300w, https:\/\/gardeon.pl\/wp-content\/uploads\/2019\/12\/2d-150x150.jpg 150w, https:\/\/gardeon.pl\/wp-content\/uploads\/2019\/12\/2d-768x768.jpg 768w, https:\/\/gardeon.pl\/wp-content\/uploads\/2019\/12\/2d.jpg 1200w\" sizes=\"auto, (max-width: 800px) 100vw, 800px\" \/> <img loading=\"lazy\" decoding=\"async\" class=\"aligncenter wp-image-22063\" src=\"http:\/\/gardeon.pl\/wp-content\/uploads\/2019\/12\/2e-1024x1010.png\" alt=\"Opakowanie pachn\u0105cych myde\u0142 Floris London\" width=\"800\" height=\"789\" srcset=\"https:\/\/gardeon.pl\/wp-content\/uploads\/2019\/12\/2e-1024x1010.png 1024w, https:\/\/gardeon.pl\/wp-content\/uploads\/2019\/12\/2e-300x296.png 300w, https:\/\/gardeon.pl\/wp-content\/uploads\/2019\/12\/2e-768x758.png 768w, https:\/\/gardeon.pl\/wp-content\/uploads\/2019\/12\/2e.png 1030w\" sizes=\"auto, (max-width: 800px) 100vw, 800px\" \/><\/p>\n<p>&nbsp;<\/p>\n<ol start=\"3\">\n<li>\n<h3>Z<b>abawna poduszka lub poduszka do siedzenia<\/b><\/h3>\n<\/li>\n<\/ol>\n<p><span style=\"font-weight: 400;\">Kto powiedzia\u0142, \u017ce poduszka musi by\u0107 tylko prostok\u0105tem lub kwadratem? Poduszk\u0105 w kszta\u0142cie cytryny lub truskawki wywo\u0142aj\u0105 Pa\u0144stwo u\u015bmiech na twarzy wszystkich grup wiekowych. <\/span><\/p>\n<p><img loading=\"lazy\" decoding=\"async\" class=\"aligncenter wp-image-22065\" src=\"http:\/\/gardeon.pl\/wp-content\/uploads\/2019\/12\/3a-665x1024.jpg\" alt=\"Poduszka w kszta\u0142cie cytryny\" width=\"800\" height=\"1231\" srcset=\"https:\/\/gardeon.pl\/wp-content\/uploads\/2019\/12\/3a-665x1024.jpg 665w, https:\/\/gardeon.pl\/wp-content\/uploads\/2019\/12\/3a-195x300.jpg 195w, https:\/\/gardeon.pl\/wp-content\/uploads\/2019\/12\/3a-768x1182.jpg 768w, https:\/\/gardeon.pl\/wp-content\/uploads\/2019\/12\/3a.jpg 794w\" sizes=\"auto, (max-width: 800px) 100vw, 800px\" \/><\/p>\n<p><img loading=\"lazy\" decoding=\"async\" class=\"aligncenter wp-image-22067\" src=\"http:\/\/gardeon.pl\/wp-content\/uploads\/2019\/12\/3b-1024x1022.png\" alt=\"Poduszka w kszta\u0142cie truskawki\" width=\"800\" height=\"798\" srcset=\"https:\/\/gardeon.pl\/wp-content\/uploads\/2019\/12\/3b-1024x1022.png 1024w, https:\/\/gardeon.pl\/wp-content\/uploads\/2019\/12\/3b-300x300.png 300w, https:\/\/gardeon.pl\/wp-content\/uploads\/2019\/12\/3b-150x150.png 150w, https:\/\/gardeon.pl\/wp-content\/uploads\/2019\/12\/3b-768x767.png 768w, https:\/\/gardeon.pl\/wp-content\/uploads\/2019\/12\/3b.png 1054w\" sizes=\"auto, (max-width: 800px) 100vw, 800px\" \/><\/p>\n<p><span style=\"font-weight: 400;\">Dla ogrodnik\u00f3w-hobbyst\u00f3w, kt\u00f3rzy sp\u0119dzaj\u0105 cz\u0119\u015b\u0107 dnia pracy w zamkni\u0119tym biurze, mamy poduszki do siedzenia w kszta\u0142cie owoc\u00f3w lub s\u0142oj\u00f3w drewna. Idealne na d\u0142ugi dzie\u0144 w pracy :) <\/span><\/p>\n<p><img loading=\"lazy\" decoding=\"async\" class=\"aligncenter wp-image-22069\" src=\"http:\/\/gardeon.pl\/wp-content\/uploads\/2019\/12\/3c.jpg\" alt=\"Poduszki w kszta\u0142cie owoc\u00f3w, warzyw i drewna\" width=\"800\" height=\"800\" srcset=\"https:\/\/gardeon.pl\/wp-content\/uploads\/2019\/12\/3c.jpg 800w, https:\/\/gardeon.pl\/wp-content\/uploads\/2019\/12\/3c-300x300.jpg 300w, https:\/\/gardeon.pl\/wp-content\/uploads\/2019\/12\/3c-150x150.jpg 150w, https:\/\/gardeon.pl\/wp-content\/uploads\/2019\/12\/3c-768x768.jpg 768w\" sizes=\"auto, (max-width: 800px) 100vw, 800px\" \/><\/p>\n<h3><b>4. Kubek z nadrukiem<\/b><\/h3>\n<p><span style=\"font-weight: 400;\">Uniwersalny prezent dla pa\u0144 i pan\u00f3w. Polecamy w po\u0142\u0105czeniu z wysokiej jako\u015bci sypan\u0105 herbat\u0105 w jako\u015bci BIO. Idealne na ch\u0142odne zimowe wieczory.  <\/span><\/p>\n<p><span class=\"Apple-converted-space\"><img loading=\"lazy\" decoding=\"async\" class=\"aligncenter wp-image-22071\" src=\"http:\/\/gardeon.pl\/wp-content\/uploads\/2019\/12\/4-1024x834.jpg\" alt=\"Kubki z nadrukiem ro\u015blin\" width=\"800\" height=\"652\" srcset=\"https:\/\/gardeon.pl\/wp-content\/uploads\/2019\/12\/4-1024x834.jpg 1024w, https:\/\/gardeon.pl\/wp-content\/uploads\/2019\/12\/4-300x244.jpg 300w, https:\/\/gardeon.pl\/wp-content\/uploads\/2019\/12\/4-768x626.jpg 768w, https:\/\/gardeon.pl\/wp-content\/uploads\/2019\/12\/4-1536x1252.jpg 1536w, https:\/\/gardeon.pl\/wp-content\/uploads\/2019\/12\/4.jpg 1588w\" sizes=\"auto, (max-width: 800px) 100vw, 800px\" \/> <\/span><\/p>\n<ol start=\"5\">\n<li>\n<h3>Etui na telefon<\/h3>\n<\/li>\n<\/ol>\n<p><span style=\"font-weight: 400;\">Naprawd\u0119 niewiele os\u00f3b nosi ze sob\u0105 tak oryginalny przedmiot! Mowa o r\u0119cznie wykonanym etui na telefon kom\u00f3rkowy, kt\u00f3re zawiera w sobie prawdziwy kawa\u0142ek ogrodu \u2013 i to dos\u0142ownie. Plasterki cytryny, mi\u0119ty lub innych zi\u00f3\u0142. To etui wprost wo\u0142a Pa\u0144stwa do ogrodu!   <\/span><\/p>\n<p><img loading=\"lazy\" decoding=\"async\" class=\"aligncenter wp-image-22073\" src=\"http:\/\/gardeon.pl\/wp-content\/uploads\/2019\/12\/5a-1024x1024.jpg\" alt=\"Etui na telefon z plasterkami cytryny\" width=\"800\" height=\"800\" srcset=\"https:\/\/gardeon.pl\/wp-content\/uploads\/2019\/12\/5a-1024x1024.jpg 1024w, https:\/\/gardeon.pl\/wp-content\/uploads\/2019\/12\/5a-300x300.jpg 300w, https:\/\/gardeon.pl\/wp-content\/uploads\/2019\/12\/5a-150x150.jpg 150w, https:\/\/gardeon.pl\/wp-content\/uploads\/2019\/12\/5a-768x768.jpg 768w, https:\/\/gardeon.pl\/wp-content\/uploads\/2019\/12\/5a-1536x1536.jpg 1536w, https:\/\/gardeon.pl\/wp-content\/uploads\/2019\/12\/5a.jpg 1588w\" sizes=\"auto, (max-width: 800px) 100vw, 800px\" \/><\/p>\n<p><img loading=\"lazy\" decoding=\"async\" class=\"aligncenter wp-image-22075\" src=\"http:\/\/gardeon.pl\/wp-content\/uploads\/2019\/12\/5b-1024x863.jpg\" alt=\"Etui na telefon z zio\u0142ami i cytryn\u0105\" width=\"800\" height=\"675\" srcset=\"https:\/\/gardeon.pl\/wp-content\/uploads\/2019\/12\/5b-1024x863.jpg 1024w, https:\/\/gardeon.pl\/wp-content\/uploads\/2019\/12\/5b-300x253.jpg 300w, https:\/\/gardeon.pl\/wp-content\/uploads\/2019\/12\/5b-768x648.jpg 768w, https:\/\/gardeon.pl\/wp-content\/uploads\/2019\/12\/5b-1536x1295.jpg 1536w, https:\/\/gardeon.pl\/wp-content\/uploads\/2019\/12\/5b.jpg 1588w\" sizes=\"auto, (max-width: 800px) 100vw, 800px\" \/><\/p>\n<h3><b>6. Organizer na zio\u0142a<\/b><\/h3>\n<h3><\/h3>\n<p><span style=\"font-weight: 400;\">Szklane pojemniki z naklejkami oszcz\u0119dzaj\u0105 czas, kt\u00f3ry zamiast na d\u0142ugotrwa\u0142e szukanie w szufladach, mog\u0105 Pa\u0144stwo sp\u0119dzi\u0107 w ogrodzie.<\/span><\/p>\n<p><img loading=\"lazy\" decoding=\"async\" class=\"aligncenter wp-image-22077\" src=\"http:\/\/gardeon.pl\/wp-content\/uploads\/2019\/12\/6-1024x791.jpg\" alt=\"Szklane pojemniki do organizacji zi\u00f3\u0142\" width=\"800\" height=\"618\" srcset=\"https:\/\/gardeon.pl\/wp-content\/uploads\/2019\/12\/6-1024x791.jpg 1024w, https:\/\/gardeon.pl\/wp-content\/uploads\/2019\/12\/6-300x232.jpg 300w, https:\/\/gardeon.pl\/wp-content\/uploads\/2019\/12\/6-768x593.jpg 768w, https:\/\/gardeon.pl\/wp-content\/uploads\/2019\/12\/6-1536x1187.jpg 1536w, https:\/\/gardeon.pl\/wp-content\/uploads\/2019\/12\/6.jpg 1588w\" sizes=\"auto, (max-width: 800px) 100vw, 800px\" \/><\/p>\n<p><span style=\"font-weight: 400;\">Nasza wskaz\u00f3wka: do pojemnik\u00f3w do\u0142\u0105czcie Pa\u0144stwo paczk\u0119 zi\u00f3\u0142 i stw\u00f3rzcie w\u0142asny zestaw prezentowy, kt\u00f3rego nie znajdziecie nigdzie indziej.<\/span><\/p>\n<ol start=\"7\">\n<li>\n<h3>Rama na sukulenty<span class=\"Apple-converted-space\"> <\/span><\/h3>\n<\/li>\n<\/ol>\n<p><span style=\"font-weight: 400;\">Mamy tu r\u00f3wnie\u017c wskaz\u00f3wk\u0119 dla sprytnych majsterkowicz\u00f3w, kt\u00f3rzy potrafi\u0105 przygotowa\u0107 w\u0142asnor\u0119czny prezent wed\u0142ug w\u0142asnego uznania i umiej\u0119tno\u015bci. Prawie ka\u017cdy chce mie\u0107 w domu \u017cywy obraz. Znale\u017ali\u015bmy dla Pa\u0144stwa kr\u00f3tki <\/span><a href=\"https:\/\/www.kreativita.info\/vertikalna-zahradka-zo-sukulentov\/\"><span style=\"font-weight: 400;\">przewodnik po ogrodzie wertykalnym<\/span><\/a><span style=\"font-weight: 400;\">, kt\u00f3ry warto wypr\u00f3bowa\u0107.<\/span><\/p>\n<p><a href=\"http:\/\/gardeon.pl\/wp-content\/uploads\/2023\/11\/ram-na-sukulenty.webp\"><img loading=\"lazy\" decoding=\"async\" class=\"aligncenter wp-image-38169\" src=\"http:\/\/gardeon.pl\/wp-content\/uploads\/2023\/11\/ram-na-sukulenty.webp\" alt=\"Sukulenty w doniczce\" width=\"800\" height=\"875\" srcset=\"https:\/\/gardeon.pl\/wp-content\/uploads\/2023\/11\/ram-na-sukulenty.webp 1194w, https:\/\/gardeon.pl\/wp-content\/uploads\/2023\/11\/ram-na-sukulenty-274x300.webp 274w, https:\/\/gardeon.pl\/wp-content\/uploads\/2023\/11\/ram-na-sukulenty-936x1024.webp 936w, https:\/\/gardeon.pl\/wp-content\/uploads\/2023\/11\/ram-na-sukulenty-768x840.webp 768w\" sizes=\"auto, (max-width: 800px) 100vw, 800px\" \/><\/a><\/p>\n<ol start=\"8\">\n<li>\n<h3>Naczynie do <b>uprawy<\/b> awokado &#8211; <a href=\"https:\/\/www.avoseedo.com\">AvoSeedo<\/a><\/h3>\n<\/li>\n<\/ol>\n<p><span style=\"font-weight: 400;\">W Ameryce awokado prze\u017cywa sw\u00f3j najwi\u0119kszy boom, ceny w tym roku s\u0105 nawet dwukrotnie wy\u017csze ni\u017c w ubieg\u0142ym.<\/span><\/p>\n<p><img loading=\"lazy\" decoding=\"async\" class=\"aligncenter wp-image-22081\" src=\"http:\/\/gardeon.pl\/wp-content\/uploads\/2019\/12\/8a.jpg\" alt=\"Naczynie do uprawy awokado AvoSeedo\" width=\"800\" height=\"941\" srcset=\"https:\/\/gardeon.pl\/wp-content\/uploads\/2019\/12\/8a.jpg 510w, https:\/\/gardeon.pl\/wp-content\/uploads\/2019\/12\/8a-255x300.jpg 255w\" sizes=\"auto, (max-width: 800px) 100vw, 800px\" \/><\/p>\n<p><span style=\"font-weight: 400;\">Podarujcie Pa\u0144stwo swoim bliskim ten zdrowy kawa\u0142ek! Wystarczy kupi\u0107 to sprytne, unosz\u0105ce si\u0119 na wodzie naczynie, kt\u00f3re znacznie zwi\u0119ksza szans\u0119 na ukorzenienie pestki. Cz\u0119\u015b\u0107 awokado jest zawsze zanurzona w wodzie, wi\u0119c nie wyschnie, nawet je\u015bli zapomn\u0105 Pa\u0144stwo o nim na kilka dni :)  <\/span><\/p>\n<p><img loading=\"lazy\" decoding=\"async\" class=\"aligncenter wp-image-22085\" src=\"http:\/\/gardeon.pl\/wp-content\/uploads\/2019\/12\/8c.jpg\" alt=\"AvoSeedo - naczynie do uprawy awokado\" width=\"800\" height=\"941\" srcset=\"https:\/\/gardeon.pl\/wp-content\/uploads\/2019\/12\/8c.jpg 510w, https:\/\/gardeon.pl\/wp-content\/uploads\/2019\/12\/8c-255x300.jpg 255w\" sizes=\"auto, (max-width: 800px) 100vw, 800px\" \/><\/p>\n<p><img loading=\"lazy\" decoding=\"async\" class=\"aligncenter wp-image-22083\" src=\"http:\/\/gardeon.pl\/wp-content\/uploads\/2019\/12\/8b.jpg\" alt=\"AvoSeedo - naczynie do uprawy awokado\" width=\"800\" height=\"941\" srcset=\"https:\/\/gardeon.pl\/wp-content\/uploads\/2019\/12\/8b.jpg 510w, https:\/\/gardeon.pl\/wp-content\/uploads\/2019\/12\/8b-255x300.jpg 255w\" sizes=\"auto, (max-width: 800px) 100vw, 800px\" \/><\/p>\n<h2><b>Wyj\u0105tkowe prezenty dla koneser\u00f3w<\/b><\/h2>\n<ol start=\"9\">\n<li>\n<h3>F<b>artuch ogrodniczy<\/b><\/h3>\n<\/li>\n<\/ol>\n<p><span style=\"font-weight: 400;\">Ka\u017cdy ogrodnik musi posiada\u0107 przynajmniej jeden wysokiej jako\u015bci fartuch z przegr\u00f3dkami na narz\u0119dzia. Skutecznie ochroni Pa\u0144stwa przed brudem lub ewentualnym promieniowaniem UV. Przy wyborze nale\u017cy zwr\u00f3ci\u0107 uwag\u0119 przede wszystkim na naturalne materia\u0142y, takie jak bawe\u0142na czy juta.  <\/span><\/p>\n<p><img loading=\"lazy\" decoding=\"async\" class=\"aligncenter wp-image-22087\" src=\"http:\/\/gardeon.pl\/wp-content\/uploads\/2019\/12\/9.jpg\" alt=\"Fartuch ogrodniczy\" width=\"800\" height=\"672\" srcset=\"https:\/\/gardeon.pl\/wp-content\/uploads\/2019\/12\/9.jpg 800w, https:\/\/gardeon.pl\/wp-content\/uploads\/2019\/12\/9-300x252.jpg 300w, https:\/\/gardeon.pl\/wp-content\/uploads\/2019\/12\/9-768x645.jpg 768w\" sizes=\"auto, (max-width: 800px) 100vw, 800px\" \/><\/p>\n<ol start=\"10\">\n<li>\n<h3>W<b style=\"font-size: 16px;\">ysokiej jako\u015bci kapelusz<\/b><\/h3>\n<\/li>\n<\/ol>\n<p><span style=\"font-weight: 400;\">Jeszcze chwil\u0119 pozostaniemy przy promieniowaniu UV. Podczas pracy w ogrodzie niezwykle wa\u017cne jest nakrycie g\u0142owy. Dzi\u0119ki temu unikn\u0105 Pa\u0144stwo udaru s\u0142onecznego lub zm\u0119czenia oczu od ostrych promieni s\u0142onecznych.  <\/span><\/p>\n<p><span style=\"font-weight: 400;\">Dla pan\u00f3w wybrali\u015bmy ten lekki, r\u0119cznie tkany kapelusz z br\u0105zow\u0105 wst\u0105\u017ck\u0105.<\/span><\/p>\n<p><img loading=\"lazy\" decoding=\"async\" class=\"aligncenter wp-image-22089\" src=\"http:\/\/gardeon.pl\/wp-content\/uploads\/2019\/12\/10a-1024x721.jpg\" alt=\"R\u0119cznie tkany kapelusz z br\u0105zow\u0105 wst\u0105\u017ck\u0105\" width=\"800\" height=\"563\" srcset=\"https:\/\/gardeon.pl\/wp-content\/uploads\/2019\/12\/10a-1024x721.jpg 1024w, https:\/\/gardeon.pl\/wp-content\/uploads\/2019\/12\/10a-300x211.jpg 300w, https:\/\/gardeon.pl\/wp-content\/uploads\/2019\/12\/10a-768x540.jpg 768w, https:\/\/gardeon.pl\/wp-content\/uploads\/2019\/12\/10a-1536x1081.jpg 1536w, https:\/\/gardeon.pl\/wp-content\/uploads\/2019\/12\/10a-2048x1441.jpg 2048w\" sizes=\"auto, (max-width: 800px) 100vw, 800px\" \/><\/p>\n<p><span style=\"font-weight: 400;\">Panie mog\u0105 \u015bmia\u0142o eksperymentowa\u0107, dlatego mamy do wyboru kilka odpowiednich modeli. Nale\u017cy zwr\u00f3ci\u0107 uwag\u0119 przede wszystkim na przewiewne modele, dzi\u0119ki kt\u00f3rym g\u0142owa pozostanie sucha nawet po kilku godzinach pracy. <\/span><\/p>\n<p><img loading=\"lazy\" decoding=\"async\" class=\"aligncenter wp-image-22091\" src=\"http:\/\/gardeon.pl\/wp-content\/uploads\/2019\/12\/10b.jpg\" alt=\"Kapelusz ogrodowy z pomara\u0144czow\u0105 wst\u0105\u017ck\u0105\" width=\"800\" height=\"371\" srcset=\"https:\/\/gardeon.pl\/wp-content\/uploads\/2019\/12\/10b.jpg 560w, https:\/\/gardeon.pl\/wp-content\/uploads\/2019\/12\/10b-300x139.jpg 300w\" sizes=\"auto, (max-width: 800px) 100vw, 800px\" \/> <img loading=\"lazy\" decoding=\"async\" class=\"aligncenter wp-image-22093\" src=\"http:\/\/gardeon.pl\/wp-content\/uploads\/2019\/12\/10c.jpg\" alt=\"Kapelusz dla pa\u0144\" width=\"800\" height=\"681\" srcset=\"https:\/\/gardeon.pl\/wp-content\/uploads\/2019\/12\/10c.jpg 644w, https:\/\/gardeon.pl\/wp-content\/uploads\/2019\/12\/10c-300x255.jpg 300w\" sizes=\"auto, (max-width: 800px) 100vw, 800px\" \/> <img loading=\"lazy\" decoding=\"async\" class=\"aligncenter wp-image-22095\" src=\"http:\/\/gardeon.pl\/wp-content\/uploads\/2019\/12\/10d.jpg\" alt=\"Kapelusz z czarn\u0105 wst\u0105\u017ck\u0105 dla pa\u0144\" width=\"800\" height=\"468\" srcset=\"https:\/\/gardeon.pl\/wp-content\/uploads\/2019\/12\/10d.jpg 954w, https:\/\/gardeon.pl\/wp-content\/uploads\/2019\/12\/10d-300x175.jpg 300w, https:\/\/gardeon.pl\/wp-content\/uploads\/2019\/12\/10d-768x449.jpg 768w\" sizes=\"auto, (max-width: 800px) 100vw, 800px\" \/><\/p>\n<ol start=\"11\">\n<li>\n<h3>N<b>iezwyk\u0142e r\u0119kawice z pazurami<\/b><\/h3>\n<\/li>\n<\/ol>\n<p><span style=\"font-weight: 400;\">Zapomnijcie Pa\u0144stwo o klasyce w postaci r\u0119kawic p\u0142\u00f3ciennych i postawcie na ten gad\u017cet. R\u0119kawice z pazurami doskonale sprawdz\u0105 si\u0119 podczas kopania i grabienia. Koniec z irytuj\u0105c\u0105 ziemi\u0105 za paznokciami :)  <\/span><\/p>\n<p><img loading=\"lazy\" decoding=\"async\" class=\"aligncenter wp-image-22097\" src=\"http:\/\/gardeon.pl\/wp-content\/uploads\/2019\/12\/11.jpg\" alt=\"R\u0119kawice z pazurami do ogrodu\" width=\"800\" height=\"522\" srcset=\"https:\/\/gardeon.pl\/wp-content\/uploads\/2019\/12\/11.jpg 840w, https:\/\/gardeon.pl\/wp-content\/uploads\/2019\/12\/11-300x196.jpg 300w, https:\/\/gardeon.pl\/wp-content\/uploads\/2019\/12\/11-768x501.jpg 768w\" sizes=\"auto, (max-width: 800px) 100vw, 800px\" \/><\/p>\n<ol start=\"12\">\n<li>\n<h3>P<b>odk\u0142adka na kolana i krzes\u0142o w jednym<\/b><\/h3>\n<\/li>\n<\/ol>\n<p><span style=\"font-weight: 400;\">Kolejn\u0105 wspania\u0142\u0105 rzecz\u0105 na naszej li\u015bcie jest ten sprytny pomocnik do ogrodu, kt\u00f3ry doceni\u0105 nie tylko Pa\u0144stwa bol\u0105ce kolana, ale tak\u017ce plecy. Szukajcie Pa\u0144stwo stolika z dodatkowym miejscem do przechowywania, a zadowolenie obdarowanego jest gwarantowane. <\/span><\/p>\n<p><img loading=\"lazy\" decoding=\"async\" class=\"aligncenter wp-image-22099\" src=\"http:\/\/gardeon.pl\/wp-content\/uploads\/2019\/12\/12.jpeg\" alt=\"Kobieta w ogrodzie z podk\u0142adk\u0105 ogrodow\u0105 i krzes\u0142em w jednym\" width=\"800\" height=\"800\" srcset=\"https:\/\/gardeon.pl\/wp-content\/uploads\/2019\/12\/12.jpeg 1001w, https:\/\/gardeon.pl\/wp-content\/uploads\/2019\/12\/12-300x300.jpeg 300w, https:\/\/gardeon.pl\/wp-content\/uploads\/2019\/12\/12-150x150.jpeg 150w, https:\/\/gardeon.pl\/wp-content\/uploads\/2019\/12\/12-768x768.jpeg 768w\" sizes=\"auto, (max-width: 800px) 100vw, 800px\" \/><\/p>\n<ol start=\"13\">\n<li>\n<h3>Z<b>estaw narz\u0119dzi ogrodowych<\/b><\/h3>\n<\/li>\n<\/ol>\n<p><span style=\"font-weight: 400;\">Nadszed\u0142 czas na zmian\u0119? A mo\u017ce po prostu zu\u017cy\u0142y si\u0119 sprawdzone przez lata narz\u0119dzia? W takim razie mamy dla Pa\u0144stwa dwie zabawne propozycje, kt\u00f3re swoim wykonaniem rozja\u015bni\u0105 wszystkie oczy pod choink\u0105.  <\/span><\/p>\n<p><img loading=\"lazy\" decoding=\"async\" class=\"aligncenter wp-image-22101\" src=\"http:\/\/gardeon.pl\/wp-content\/uploads\/2019\/12\/13a.jpg\" alt=\"Ciemnor\u00f3\u017cowe grabki do ogrodu\" width=\"800\" height=\"800\" srcset=\"https:\/\/gardeon.pl\/wp-content\/uploads\/2019\/12\/13a.jpg 640w, https:\/\/gardeon.pl\/wp-content\/uploads\/2019\/12\/13a-300x300.jpg 300w, https:\/\/gardeon.pl\/wp-content\/uploads\/2019\/12\/13a-150x150.jpg 150w\" sizes=\"auto, (max-width: 800px) 100vw, 800px\" \/> <img loading=\"lazy\" decoding=\"async\" class=\"aligncenter wp-image-22103\" src=\"http:\/\/gardeon.pl\/wp-content\/uploads\/2019\/12\/13b.jpg\" alt=\"Jasnoniebieskie grabki do ogrodu\" width=\"800\" height=\"800\" srcset=\"https:\/\/gardeon.pl\/wp-content\/uploads\/2019\/12\/13b.jpg 800w, https:\/\/gardeon.pl\/wp-content\/uploads\/2019\/12\/13b-300x300.jpg 300w, https:\/\/gardeon.pl\/wp-content\/uploads\/2019\/12\/13b-150x150.jpg 150w, https:\/\/gardeon.pl\/wp-content\/uploads\/2019\/12\/13b-768x768.jpg 768w\" sizes=\"auto, (max-width: 800px) 100vw, 800px\" \/><\/p>\n<p><span style=\"font-weight: 400;\">Nasza wskaz\u00f3wka: Inwestujcie Pa\u0144stwo w narz\u0119dzia, kt\u00f3re maj\u0105 zaokr\u0105glone kraw\u0119dzie, co zapobiega uszkodzeniu korzeni. Zakochali\u015bmy si\u0119 w tych kolorowych, zabawnych zestawach FISKARS, kt\u00f3re \u0142\u0105cz\u0105 w sobie nowoczesny design i \u017cywe kolory. <\/span><\/p>\n<ol start=\"14\">\n<li>\n<h3><b>Kolorowe nasiona marchwi<\/b><\/h3>\n<\/li>\n<\/ol>\n<p><span style=\"font-weight: 400;\">Je\u015bli chc\u0105 Pa\u0144stwo zab\u0142ysn\u0105\u0107 czym\u015b naprawd\u0119 oryginalnym, podarujcie ogrodnikowi nasiona marchwi w kolorach t\u0119czy. Gwarantujemy, \u017ce czego\u015b takiego naprawd\u0119 nikt w okolicy nie ma :) <\/span><\/p>\n<p><img loading=\"lazy\" decoding=\"async\" class=\"aligncenter wp-image-22105\" src=\"http:\/\/gardeon.pl\/wp-content\/uploads\/2019\/12\/14.jpg\" alt=\"Kolorowe marchewki z kolorowych nasion\" width=\"800\" height=\"800\" srcset=\"https:\/\/gardeon.pl\/wp-content\/uploads\/2019\/12\/14.jpg 466w, https:\/\/gardeon.pl\/wp-content\/uploads\/2019\/12\/14-300x300.jpg 300w, https:\/\/gardeon.pl\/wp-content\/uploads\/2019\/12\/14-150x150.jpg 150w\" sizes=\"auto, (max-width: 800px) 100vw, 800px\" \/><\/p>\n<ol start=\"15\">\n<li>\n<h3>K<b>oszyk do zbierania owoc\u00f3w\/warzyw<\/b><\/h3>\n<\/li>\n<\/ol>\n<p><span style=\"font-weight: 400;\">Aby mie\u0107 gdzie zbiera\u0107 kolorow\u0105 marchew (i nie tylko), potrzebny jest praktyczny koszyk. Nasz\u0105 propozycj\u0105 jest ten plastikowy koszyk z mo\u017cliwo\u015bci\u0105 zawieszenia na szyi, dzi\u0119ki czemu Pa\u0144stwa r\u0119ce pozostan\u0105 ca\u0142kowicie wolne podczas zbior\u00f3w. <\/span><\/p>\n<p><img loading=\"lazy\" decoding=\"async\" class=\"aligncenter wp-image-22107\" src=\"http:\/\/gardeon.pl\/wp-content\/uploads\/2019\/12\/15.jpg\" alt=\"M\u0119\u017cczyzna zbieraj\u0105cy w ogrodzie z koszykiem\" width=\"800\" height=\"932\" srcset=\"https:\/\/gardeon.pl\/wp-content\/uploads\/2019\/12\/15.jpg 687w, https:\/\/gardeon.pl\/wp-content\/uploads\/2019\/12\/15-258x300.jpg 258w\" sizes=\"auto, (max-width: 800px) 100vw, 800px\" \/><\/p>\n<ol start=\"16\">\n<li>\n<h3>K<b>alendarz z nasionami<\/b><\/h3>\n<\/li>\n<\/ol>\n<p><span style=\"font-weight: 400;\">Od razu zakochali\u015bmy si\u0119 w tym uroczym i praktycznym kalendarzu. Kalendarz pos\u0142u\u017cy tylko przez jeden rok kalendarzowy, ale rado\u015b\u0107 z zi\u00f3\u0142, kt\u00f3re zawiera, b\u0119dzie trwa\u0107 jeszcze wiele lat. Za\u0142o\u017cymy si\u0119, \u017ce obdarowana osoba b\u0119dzie wspomina\u0107 ten prezent jeszcze bardzo d\u0142ugo.  <\/span><\/p>\n<p><img loading=\"lazy\" decoding=\"async\" class=\"aligncenter wp-image-22109\" src=\"http:\/\/gardeon.pl\/wp-content\/uploads\/2019\/12\/16a-965x1024.png\" alt=\"Kalendarz z zio\u0142ami\" width=\"800\" height=\"849\" srcset=\"https:\/\/gardeon.pl\/wp-content\/uploads\/2019\/12\/16a-965x1024.png 965w, https:\/\/gardeon.pl\/wp-content\/uploads\/2019\/12\/16a-283x300.png 283w, https:\/\/gardeon.pl\/wp-content\/uploads\/2019\/12\/16a-768x815.png 768w, https:\/\/gardeon.pl\/wp-content\/uploads\/2019\/12\/16a-1448x1536.png 1448w, https:\/\/gardeon.pl\/wp-content\/uploads\/2019\/12\/16a.png 1880w\" sizes=\"auto, (max-width: 800px) 100vw, 800px\" \/><\/p>\n<p><img loading=\"lazy\" decoding=\"async\" class=\"aligncenter wp-image-22111\" src=\"http:\/\/gardeon.pl\/wp-content\/uploads\/2019\/12\/16b-967x1024.png\" alt=\"Kalendarz z kwiatami\" width=\"800\" height=\"847\" srcset=\"https:\/\/gardeon.pl\/wp-content\/uploads\/2019\/12\/16b-967x1024.png 967w, https:\/\/gardeon.pl\/wp-content\/uploads\/2019\/12\/16b-283x300.png 283w, https:\/\/gardeon.pl\/wp-content\/uploads\/2019\/12\/16b-768x813.png 768w, https:\/\/gardeon.pl\/wp-content\/uploads\/2019\/12\/16b-1450x1536.png 1450w, https:\/\/gardeon.pl\/wp-content\/uploads\/2019\/12\/16b.png 1894w\" sizes=\"auto, (max-width: 800px) 100vw, 800px\" \/><\/p>\n<ol start=\"17\">\n<li>\n<h3>D<b>esczomierz w kszta\u0142cie konewki<\/b><\/h3>\n<\/li>\n<\/ol>\n<p><span style=\"font-weight: 400;\">Wyj\u0105tkowy prezent dla wszystkich grup wiekowych. \u015awietny i stylowy spos\u00f3b na pomiar opad\u00f3w. W po\u0142\u0105czeniu z notatkami w kalendarzu lub notesie zawsze b\u0119d\u0105 Pa\u0144stwo mie\u0107 przegl\u0105d opad\u00f3w w swoim ogrodzie.  <\/span><\/p>\n<p><img loading=\"lazy\" decoding=\"async\" class=\"aligncenter wp-image-22113\" src=\"http:\/\/gardeon.pl\/wp-content\/uploads\/2019\/12\/17-e1576489382714.jpg\" alt=\"Deszczomierz do ogrodu\" width=\"800\" height=\"815\" srcset=\"https:\/\/gardeon.pl\/wp-content\/uploads\/2019\/12\/17-e1576489382714.jpg 660w, https:\/\/gardeon.pl\/wp-content\/uploads\/2019\/12\/17-e1576489382714-295x300.jpg 295w\" sizes=\"auto, (max-width: 800px) 100vw, 800px\" \/><\/p>\n<h2><b>Ekskluzywne prezenty dla wymagaj\u0105cych<\/b><\/h2>\n<ol start=\"18\">\n<li>\n<h3><b>Taczka z nap\u0119dem<\/b><\/h3>\n<\/li>\n<\/ol>\n<p><span style=\"font-weight: 400;\">Dla wszystkich, kt\u00f3rzy lubi\u0105 u\u0142atwia\u0107 sobie prac\u0119, mamy jako \u015bwietny pomys\u0142 na prezent t\u0119 sprytn\u0105 taczk\u0119 z silnikiem. Znajdzie zastosowanie nie tylko w ogrodzie, ale tak\u017ce na przyk\u0142ad na farmie przy zwierz\u0119tach czy podczas prac wok\u00f3\u0142 domu. <\/span><\/p>\n<p><img loading=\"lazy\" decoding=\"async\" class=\"aligncenter wp-image-22115\" src=\"http:\/\/gardeon.pl\/wp-content\/uploads\/2019\/12\/18.png\" alt=\"Taczka do ogrodu\" width=\"800\" height=\"600\" srcset=\"https:\/\/gardeon.pl\/wp-content\/uploads\/2019\/12\/18.png 1024w, https:\/\/gardeon.pl\/wp-content\/uploads\/2019\/12\/18-300x225.png 300w, https:\/\/gardeon.pl\/wp-content\/uploads\/2019\/12\/18-768x576.png 768w\" sizes=\"auto, (max-width: 800px) 100vw, 800px\" \/><\/p>\n<p><span style=\"font-weight: 400;\">Nasza wskaz\u00f3wka: polecamy szczeg\u00f3lnie dla os\u00f3b starszych, kt\u00f3re potrzebuj\u0105 dodatkowej si\u0142y.<\/span><\/p>\n<ol start=\"19\">\n<li>\n<h3>M<b>iedziana konewka<\/b><\/h3>\n<\/li>\n<\/ol>\n<p><span style=\"font-weight: 400;\">Z tym wyj\u0105tkowym przedmiotem nie pope\u0142ni\u0105 Pa\u0144stwo b\u0142\u0119du. Nadaje si\u0119 do u\u017cytku zar\u00f3wno wewn\u0105trz, jak i na zewn\u0105trz. Z pewno\u015bci\u0105 znajdzie swoje honorowe miejsce u nowego w\u0142a\u015bciciela. Prawdziwa uczta dla oczu, prawda?   <\/span><\/p>\n<p><img loading=\"lazy\" decoding=\"async\" class=\"aligncenter wp-image-22117\" src=\"http:\/\/gardeon.pl\/wp-content\/uploads\/2019\/12\/19-1024x1022.png\" alt=\"Konewka do podlewania\" width=\"800\" height=\"799\" srcset=\"https:\/\/gardeon.pl\/wp-content\/uploads\/2019\/12\/19-1024x1022.png 1024w, https:\/\/gardeon.pl\/wp-content\/uploads\/2019\/12\/19-300x300.png 300w, https:\/\/gardeon.pl\/wp-content\/uploads\/2019\/12\/19-150x150.png 150w, https:\/\/gardeon.pl\/wp-content\/uploads\/2019\/12\/19-768x767.png 768w, https:\/\/gardeon.pl\/wp-content\/uploads\/2019\/12\/19.png 1312w\" sizes=\"auto, (max-width: 800px) 100vw, 800px\" \/><\/p>\n<ol start=\"20\">\n<li>\n<h3>I<b>nteligentna doniczka Click and Grow<\/b><span class=\"Apple-converted-space\"> <\/span><\/h3>\n<\/li>\n<\/ol>\n<p><span style=\"font-weight: 400;\">Dla entuzjast\u00f3w nowoczesnych technologii mamy doniczk\u0119, kt\u00f3ra (wkr\u00f3tce) wykona ca\u0142\u0105 prac\u0119 za Pa\u0144stwa \u2013 wystarczy regularnie dolewa\u0107 wod\u0119 i cieszy\u0107 si\u0119 w\u0142asnymi zbiorami. W miesi\u0105cach zimowych nie b\u0119d\u0105 Pa\u0144stwo musieli odmawia\u0107 sobie zi\u00f3\u0142, takich jak mi\u0119ta, pietruszka czy mini-pomidory, kt\u00f3re w miesi\u0105cach letnich uprawiamy w ogrodzie. <\/span><\/p>\n<p><img loading=\"lazy\" decoding=\"async\" class=\"aligncenter wp-image-22119\" src=\"http:\/\/gardeon.pl\/wp-content\/uploads\/2019\/12\/20-1024x768.jpg\" alt=\"Inteligentna doniczka Click and Grow\" width=\"800\" height=\"600\" srcset=\"https:\/\/gardeon.pl\/wp-content\/uploads\/2019\/12\/20-1024x768.jpg 1024w, https:\/\/gardeon.pl\/wp-content\/uploads\/2019\/12\/20-300x225.jpg 300w, https:\/\/gardeon.pl\/wp-content\/uploads\/2019\/12\/20-768x576.jpg 768w, https:\/\/gardeon.pl\/wp-content\/uploads\/2019\/12\/20-1536x1152.jpg 1536w, https:\/\/gardeon.pl\/wp-content\/uploads\/2019\/12\/20-2048x1536.jpg 2048w\" sizes=\"auto, (max-width: 800px) 100vw, 800px\" \/><\/p>\n<ol start=\"21\">\n<li>\n<h3>O<b>gnisko<\/b><\/h3>\n<\/li>\n<\/ol>\n<p><span style=\"font-weight: 400;\">Nowoczesne ognisko z mosi\u0119\u017cn\u0105 pow\u0142ok\u0105 w okr\u0105g\u0142ym kszta\u0142cie jest idealne na d\u0142ugie letnie wieczory z rodzin\u0105 lub przyjaci\u00f3\u0142mi. Prosty design, kt\u00f3ry z \u0142atwo\u015bci\u0105 wkomponuj\u0105 Pa\u0144stwo w otoczenie ogrodu. <\/span><\/p>\n<p><img loading=\"lazy\" decoding=\"async\" class=\"aligncenter wp-image-22121\" src=\"http:\/\/gardeon.pl\/wp-content\/uploads\/2019\/12\/21.jpg\" alt=\"Ognisko\" width=\"800\" height=\"800\" srcset=\"https:\/\/gardeon.pl\/wp-content\/uploads\/2019\/12\/21.jpg 800w, https:\/\/gardeon.pl\/wp-content\/uploads\/2019\/12\/21-300x300.jpg 300w, https:\/\/gardeon.pl\/wp-content\/uploads\/2019\/12\/21-150x150.jpg 150w, https:\/\/gardeon.pl\/wp-content\/uploads\/2019\/12\/21-768x768.jpg 768w\" sizes=\"auto, (max-width: 800px) 100vw, 800px\" \/><\/p>\n<ol start=\"22\">\n<li>\n<h3><b>Buty HUNTER<\/b><\/h3>\n<\/li>\n<\/ol>\n<p><span style=\"font-weight: 400;\">Damskie czy m\u0119skie? Wysokie czy niskie? Z ociepleniem czy bez? Przy wyborze wysokiej jako\u015bci but\u00f3w HUNTER maj\u0105 Pa\u0144stwo naprawd\u0119 ogromn\u0105 liczb\u0119 wariant\u00f3w do wyboru. Wystarczy wybra\u0107 odpowiedni typ, a idealny prezent jest gotowy!    <\/span><\/p>\n<p><img loading=\"lazy\" decoding=\"async\" class=\"aligncenter wp-image-22123\" src=\"http:\/\/gardeon.pl\/wp-content\/uploads\/2019\/12\/22a.jpg\" alt=\"Kozaki ogrodowe\" width=\"800\" height=\"800\" srcset=\"https:\/\/gardeon.pl\/wp-content\/uploads\/2019\/12\/22a.jpg 650w, https:\/\/gardeon.pl\/wp-content\/uploads\/2019\/12\/22a-300x300.jpg 300w, https:\/\/gardeon.pl\/wp-content\/uploads\/2019\/12\/22a-150x150.jpg 150w\" sizes=\"auto, (max-width: 800px) 100vw, 800px\" \/> <img loading=\"lazy\" decoding=\"async\" class=\"aligncenter wp-image-22125\" src=\"http:\/\/gardeon.pl\/wp-content\/uploads\/2019\/12\/22b.jpg\" alt=\"Ocieplane kozaki ogrodowe\" width=\"800\" height=\"800\" srcset=\"https:\/\/gardeon.pl\/wp-content\/uploads\/2019\/12\/22b.jpg 650w, https:\/\/gardeon.pl\/wp-content\/uploads\/2019\/12\/22b-300x300.jpg 300w, https:\/\/gardeon.pl\/wp-content\/uploads\/2019\/12\/22b-150x150.jpg 150w\" sizes=\"auto, (max-width: 800px) 100vw, 800px\" \/><\/p>\n<ol start=\"23\">\n<li>\n<h3>M<b>oderny kompostownik<\/b><\/h3>\n<\/li>\n<\/ol>\n<p><span style=\"font-weight: 400;\">Kompostowa\u0107 mo\u017cna nie tylko w ogrodzie, ale tak\u017ce w domu czy w mieszkaniu. Co wi\u0119cej, w wielkim stylu. Nowoczesny wygl\u0105d jest idealny dla mi\u0142o\u015bnik\u00f3w ponadczasowego designu.  <\/span><\/p>\n<p><img loading=\"lazy\" decoding=\"async\" class=\"aligncenter wp-image-22127\" src=\"http:\/\/gardeon.pl\/wp-content\/uploads\/2019\/12\/23.jpeg\" alt=\"Domowy kompostownik w kolorze szarym\" width=\"800\" height=\"1018\" srcset=\"https:\/\/gardeon.pl\/wp-content\/uploads\/2019\/12\/23.jpeg 529w, https:\/\/gardeon.pl\/wp-content\/uploads\/2019\/12\/23-236x300.jpeg 236w\" sizes=\"auto, (max-width: 800px) 100vw, 800px\" \/><\/p>\n<ol start=\"24\">\n<li>\n<h3><a href=\"https:\/\/gardeon.pl\/pl\/domki-ogrodowe-na-narzedzia\/\">D<b>omek ogrodowy<\/b><\/a><\/h3>\n<\/li>\n<\/ol>\n<p><span style=\"font-weight: 400;\">A gdzie przechowywa\u0107 wszystkie te narz\u0119dzia, taczk\u0119 czy inne akcesoria ogrodowe? Oczywi\u015bcie w montowanym domku ogrodowym. Podarujcie Pa\u0144stwo swoim bliskim serwis i jako\u015b\u0107, kt\u00f3ra jest tego warta :)  <\/span><\/p>\n<p><img loading=\"lazy\" decoding=\"async\" class=\"aligncenter wp-image-21697\" src=\"http:\/\/gardeon.pl\/wp-content\/uploads\/2019\/11\/gardeon-zahradny-domcek-82-1024x768.jpg\" alt=\"Zadowolony klient przed montowanym domkiem ogrodowym GARDEON w bia\u0142ym tynku\" width=\"800\" height=\"600\" srcset=\"https:\/\/gardeon.pl\/wp-content\/uploads\/2019\/11\/gardeon-zahradny-domcek-82-1024x768.jpg 1024w, https:\/\/gardeon.pl\/wp-content\/uploads\/2019\/11\/gardeon-zahradny-domcek-82-300x225.jpg 300w, https:\/\/gardeon.pl\/wp-content\/uploads\/2019\/11\/gardeon-zahradny-domcek-82-768x576.jpg 768w, https:\/\/gardeon.pl\/wp-content\/uploads\/2019\/11\/gardeon-zahradny-domcek-82-1536x1152.jpg 1536w, https:\/\/gardeon.pl\/wp-content\/uploads\/2019\/11\/gardeon-zahradny-domcek-82.jpg 2048w\" sizes=\"auto, (max-width: 800px) 100vw, 800px\" \/><\/p>\n<p><span style=\"font-weight: 400;\">Wierzymy, \u017ce zainspirowali\u015bmy Pa\u0144stwa tymi pomys\u0142ami na tyle, \u017ce przynajmniej jeden ogrodnik w Pa\u0144stwa otoczeniu znajdzie jeden z tych prezent\u00f3w :) Je\u015bli maj\u0105 ju\u017c Pa\u0144stwo za sob\u0105 \u015bwi\u0105teczne zakupy, zachowajcie te inspiracje na przysz\u0142y rok.<\/span><\/p>\n<h5>\u0179r\u00f3d\u0142o:<\/h5>\n<h5>https:\/\/www.florislondon.com\/<\/h5>\n<h5>http:\/\/mxtrianz.me\/<\/h5>\n<h5>https:\/\/www.zahrada-eshop.sk\/<\/h5>\n<h5>https:\/\/saty-pre-moletky.sk\/<\/h5>\n<h5>https:\/\/premamku.sk\/<\/h5>\n<h5>https:\/\/www.amazon.com\/<\/h5>\n<p>http:\/\/freehdwidescreendesktopwallpapers.blogspot.com\/<\/p>\n","protected":false},"excerpt":{"rendered":"<p>Czy maj\u0105 ju\u017c Pa\u0144stwo za sob\u0105 \u015bwi\u0105teczne zakupy, czy zat\u0142oczone centra handlowe dopiero na Pa\u0144stwa czekaj\u0105? Szukaj\u0105 Pa\u0144stwo przydatnych wskaz\u00f3wek na ostatni\u0105 chwil\u0119? W dzisiejszym artykule skupimy si\u0119 na ciekawych prezentach dla ogrodnik\u00f3w. Inspiracje podzielili\u015bmy na trzy g\u0142\u00f3wne kategorie: uniwersalne, unikalne i ekskluzywne \u2013 z tymi prezentami z pewno\u015bci\u0105 Pa\u0144stwo zachwyc\u0105 :)<\/p>\n","protected":false},"author":2,"featured_media":45547,"comment_status":"open","ping_status":"open","sticky":false,"template":"","format":"standard","meta":{"_acf_changed":false,"inline_featured_image":false,"footnotes":""},"categories":[631,594],"tags":[],"class_list":["post-45507","post","type-post","status-publish","format-standard","has-post-thumbnail","hentry","category-inne","category-ogrod"],"acf":[],"yoast_head":"<!-- This site is optimized with the Yoast SEO plugin v27.4 - https:\/\/yoast.com\/product\/yoast-seo-wordpress\/ -->\n<title>24 propozycje prezent\u00f3w \u015bwi\u0105tecznych dla ogrodnik\u00f3w | GARDEON<\/title>\n<meta name=\"robots\" content=\"index, follow, max-snippet:-1, max-image-preview:large, max-video-preview:-1\" \/>\n<link rel=\"canonical\" href=\"https:\/\/gardeon.pl\/pl\/blog\/24-propozycje-prezentow-swiatecznych-dla-ogrodnikow\/\" \/>\n<meta property=\"og:locale\" content=\"pl_PL\" \/>\n<meta property=\"og:type\" content=\"article\" \/>\n<meta property=\"og:title\" content=\"24 propozycje prezent\u00f3w \u015bwi\u0105tecznych dla ogrodnik\u00f3w | GARDEON\" \/>\n<meta property=\"og:description\" content=\"Czy maj\u0105 ju\u017c Pa\u0144stwo za sob\u0105 \u015bwi\u0105teczne zakupy, czy zat\u0142oczone centra handlowe dopiero na Pa\u0144stwa czekaj\u0105? Szukaj\u0105 Pa\u0144stwo przydatnych wskaz\u00f3wek na ostatni\u0105 chwil\u0119? W dzisiejszym artykule skupimy si\u0119 na ciekawych prezentach dla ogrodnik\u00f3w. Inspiracje podzielili\u015bmy na trzy g\u0142\u00f3wne kategorie: uniwersalne, unikalne i ekskluzywne \u2013 z tymi prezentami z pewno\u015bci\u0105 Pa\u0144stwo zachwyc\u0105 :)\" \/>\n<meta property=\"og:url\" content=\"https:\/\/gardeon.pl\/pl\/blog\/24-propozycje-prezentow-swiatecznych-dla-ogrodnikow\/\" \/>\n<meta property=\"og:site_name\" content=\"GARDEON\" \/>\n<meta property=\"article:published_time\" content=\"2026-04-23T14:42:46+00:00\" \/>\n<meta property=\"article:modified_time\" content=\"2026-04-23T16:54:24+00:00\" \/>\n<meta property=\"og:image\" content=\"http:\/\/gardeon.pl\/wp-content\/uploads\/2019\/12\/christmas-tree-decorating-with-lights.jpg\" \/>\n\t<meta property=\"og:image:width\" content=\"1600\" \/>\n\t<meta property=\"og:image:height\" content=\"1000\" \/>\n\t<meta property=\"og:image:type\" content=\"image\/jpeg\" \/>\n<meta name=\"author\" content=\"editor\" \/>\n<meta name=\"twitter:card\" content=\"summary_large_image\" \/>\n<meta name=\"twitter:label1\" content=\"Napisane przez\" \/>\n\t<meta name=\"twitter:data1\" content=\"editor\" \/>\n\t<meta name=\"twitter:label2\" content=\"Szacowany czas czytania\" \/>\n\t<meta name=\"twitter:data2\" content=\"7 minut\" \/>\n<script type=\"application\/ld+json\" class=\"yoast-schema-graph\">{\"@context\":\"https:\\\/\\\/schema.org\",\"@graph\":[{\"@type\":\"Article\",\"@id\":\"https:\\\/\\\/gardeon.pl\\\/pl\\\/blog\\\/24-propozycje-prezentow-swiatecznych-dla-ogrodnikow\\\/#article\",\"isPartOf\":{\"@id\":\"https:\\\/\\\/gardeon.pl\\\/pl\\\/blog\\\/24-propozycje-prezentow-swiatecznych-dla-ogrodnikow\\\/\"},\"author\":{\"name\":\"editor\",\"@id\":\"https:\\\/\\\/gardeon.pl\\\/#\\\/schema\\\/person\\\/a5762ca5f0790bf92774af0899379463\"},\"headline\":\"24 propozycje prezent\u00f3w \u015bwi\u0105tecznych dla ogrodnik\u00f3w\",\"datePublished\":\"2026-04-23T14:42:46+00:00\",\"dateModified\":\"2026-04-23T16:54:24+00:00\",\"mainEntityOfPage\":{\"@id\":\"https:\\\/\\\/gardeon.pl\\\/pl\\\/blog\\\/24-propozycje-prezentow-swiatecznych-dla-ogrodnikow\\\/\"},\"wordCount\":1460,\"commentCount\":0,\"image\":{\"@id\":\"https:\\\/\\\/gardeon.pl\\\/pl\\\/blog\\\/24-propozycje-prezentow-swiatecznych-dla-ogrodnikow\\\/#primaryimage\"},\"thumbnailUrl\":\"https:\\\/\\\/gardeon.pl\\\/wp-content\\\/uploads\\\/2019\\\/12\\\/christmas-tree-decorating-with-lights.jpg\",\"articleSection\":[\"Inne\",\"Ogr\u00f3d\"],\"inLanguage\":\"pl-PL\",\"potentialAction\":[{\"@type\":\"CommentAction\",\"name\":\"Comment\",\"target\":[\"https:\\\/\\\/gardeon.pl\\\/pl\\\/blog\\\/24-propozycje-prezentow-swiatecznych-dla-ogrodnikow\\\/#respond\"]}]},{\"@type\":\"WebPage\",\"@id\":\"https:\\\/\\\/gardeon.pl\\\/pl\\\/blog\\\/24-propozycje-prezentow-swiatecznych-dla-ogrodnikow\\\/\",\"url\":\"https:\\\/\\\/gardeon.pl\\\/pl\\\/blog\\\/24-propozycje-prezentow-swiatecznych-dla-ogrodnikow\\\/\",\"name\":\"24 propozycje prezent\u00f3w \u015bwi\u0105tecznych dla ogrodnik\u00f3w | GARDEON\",\"isPartOf\":{\"@id\":\"https:\\\/\\\/gardeon.pl\\\/#website\"},\"primaryImageOfPage\":{\"@id\":\"https:\\\/\\\/gardeon.pl\\\/pl\\\/blog\\\/24-propozycje-prezentow-swiatecznych-dla-ogrodnikow\\\/#primaryimage\"},\"image\":{\"@id\":\"https:\\\/\\\/gardeon.pl\\\/pl\\\/blog\\\/24-propozycje-prezentow-swiatecznych-dla-ogrodnikow\\\/#primaryimage\"},\"thumbnailUrl\":\"https:\\\/\\\/gardeon.pl\\\/wp-content\\\/uploads\\\/2019\\\/12\\\/christmas-tree-decorating-with-lights.jpg\",\"datePublished\":\"2026-04-23T14:42:46+00:00\",\"dateModified\":\"2026-04-23T16:54:24+00:00\",\"author\":{\"@id\":\"https:\\\/\\\/gardeon.pl\\\/#\\\/schema\\\/person\\\/a5762ca5f0790bf92774af0899379463\"},\"breadcrumb\":{\"@id\":\"https:\\\/\\\/gardeon.pl\\\/pl\\\/blog\\\/24-propozycje-prezentow-swiatecznych-dla-ogrodnikow\\\/#breadcrumb\"},\"inLanguage\":\"pl-PL\",\"potentialAction\":[{\"@type\":\"ReadAction\",\"target\":[\"https:\\\/\\\/gardeon.pl\\\/pl\\\/blog\\\/24-propozycje-prezentow-swiatecznych-dla-ogrodnikow\\\/\"]}]},{\"@type\":\"ImageObject\",\"inLanguage\":\"pl-PL\",\"@id\":\"https:\\\/\\\/gardeon.pl\\\/pl\\\/blog\\\/24-propozycje-prezentow-swiatecznych-dla-ogrodnikow\\\/#primaryimage\",\"url\":\"https:\\\/\\\/gardeon.pl\\\/wp-content\\\/uploads\\\/2019\\\/12\\\/christmas-tree-decorating-with-lights.jpg\",\"contentUrl\":\"https:\\\/\\\/gardeon.pl\\\/wp-content\\\/uploads\\\/2019\\\/12\\\/christmas-tree-decorating-with-lights.jpg\",\"width\":1600,\"height\":1000,\"caption\":\"O\u015bwietlone \u017cywe drzewko w ogrodzie\"},{\"@type\":\"BreadcrumbList\",\"@id\":\"https:\\\/\\\/gardeon.pl\\\/pl\\\/blog\\\/24-propozycje-prezentow-swiatecznych-dla-ogrodnikow\\\/#breadcrumb\",\"itemListElement\":[{\"@type\":\"ListItem\",\"position\":1,\"name\":\"Domov\",\"item\":\"https:\\\/\\\/gardeon.pl\\\/pl\\\/\"},{\"@type\":\"ListItem\",\"position\":2,\"name\":\"24 propozycje prezent\u00f3w \u015bwi\u0105tecznych dla ogrodnik\u00f3w\"}]},{\"@type\":\"WebSite\",\"@id\":\"https:\\\/\\\/gardeon.pl\\\/#website\",\"url\":\"https:\\\/\\\/gardeon.pl\\\/\",\"name\":\"GARDEON\",\"description\":\"\",\"potentialAction\":[{\"@type\":\"SearchAction\",\"target\":{\"@type\":\"EntryPoint\",\"urlTemplate\":\"https:\\\/\\\/gardeon.pl\\\/?s={search_term_string}\"},\"query-input\":{\"@type\":\"PropertyValueSpecification\",\"valueRequired\":true,\"valueName\":\"search_term_string\"}}],\"inLanguage\":\"pl-PL\"},{\"@type\":\"Person\",\"@id\":\"https:\\\/\\\/gardeon.pl\\\/#\\\/schema\\\/person\\\/a5762ca5f0790bf92774af0899379463\",\"name\":\"editor\",\"image\":{\"@type\":\"ImageObject\",\"inLanguage\":\"pl-PL\",\"@id\":\"https:\\\/\\\/secure.gravatar.com\\\/avatar\\\/2b748151c2c748327307fd289a91b3bdafdd9e64e2d000e65e53d6dcf11c5830?s=96&d=mm&r=g\",\"url\":\"https:\\\/\\\/secure.gravatar.com\\\/avatar\\\/2b748151c2c748327307fd289a91b3bdafdd9e64e2d000e65e53d6dcf11c5830?s=96&d=mm&r=g\",\"contentUrl\":\"https:\\\/\\\/secure.gravatar.com\\\/avatar\\\/2b748151c2c748327307fd289a91b3bdafdd9e64e2d000e65e53d6dcf11c5830?s=96&d=mm&r=g\",\"caption\":\"editor\"}}]}<\/script>\n<!-- \/ Yoast SEO plugin. -->","yoast_head_json":{"title":"24 propozycje prezent\u00f3w \u015bwi\u0105tecznych dla ogrodnik\u00f3w | GARDEON","robots":{"index":"index","follow":"follow","max-snippet":"max-snippet:-1","max-image-preview":"max-image-preview:large","max-video-preview":"max-video-preview:-1"},"canonical":"https:\/\/gardeon.pl\/pl\/blog\/24-propozycje-prezentow-swiatecznych-dla-ogrodnikow\/","og_locale":"pl_PL","og_type":"article","og_title":"24 propozycje prezent\u00f3w \u015bwi\u0105tecznych dla ogrodnik\u00f3w | GARDEON","og_description":"Czy maj\u0105 ju\u017c Pa\u0144stwo za sob\u0105 \u015bwi\u0105teczne zakupy, czy zat\u0142oczone centra handlowe dopiero na Pa\u0144stwa czekaj\u0105? Szukaj\u0105 Pa\u0144stwo przydatnych wskaz\u00f3wek na ostatni\u0105 chwil\u0119? W dzisiejszym artykule skupimy si\u0119 na ciekawych prezentach dla ogrodnik\u00f3w. Inspiracje podzielili\u015bmy na trzy g\u0142\u00f3wne kategorie: uniwersalne, unikalne i ekskluzywne \u2013 z tymi prezentami z pewno\u015bci\u0105 Pa\u0144stwo zachwyc\u0105 :)","og_url":"https:\/\/gardeon.pl\/pl\/blog\/24-propozycje-prezentow-swiatecznych-dla-ogrodnikow\/","og_site_name":"GARDEON","article_published_time":"2026-04-23T14:42:46+00:00","article_modified_time":"2026-04-23T16:54:24+00:00","og_image":[{"width":1600,"height":1000,"url":"http:\/\/gardeon.pl\/wp-content\/uploads\/2019\/12\/christmas-tree-decorating-with-lights.jpg","type":"image\/jpeg"}],"author":"editor","twitter_card":"summary_large_image","twitter_misc":{"Napisane przez":"editor","Szacowany czas czytania":"7 minut"},"schema":{"@context":"https:\/\/schema.org","@graph":[{"@type":"Article","@id":"https:\/\/gardeon.pl\/pl\/blog\/24-propozycje-prezentow-swiatecznych-dla-ogrodnikow\/#article","isPartOf":{"@id":"https:\/\/gardeon.pl\/pl\/blog\/24-propozycje-prezentow-swiatecznych-dla-ogrodnikow\/"},"author":{"name":"editor","@id":"https:\/\/gardeon.pl\/#\/schema\/person\/a5762ca5f0790bf92774af0899379463"},"headline":"24 propozycje prezent\u00f3w \u015bwi\u0105tecznych dla ogrodnik\u00f3w","datePublished":"2026-04-23T14:42:46+00:00","dateModified":"2026-04-23T16:54:24+00:00","mainEntityOfPage":{"@id":"https:\/\/gardeon.pl\/pl\/blog\/24-propozycje-prezentow-swiatecznych-dla-ogrodnikow\/"},"wordCount":1460,"commentCount":0,"image":{"@id":"https:\/\/gardeon.pl\/pl\/blog\/24-propozycje-prezentow-swiatecznych-dla-ogrodnikow\/#primaryimage"},"thumbnailUrl":"https:\/\/gardeon.pl\/wp-content\/uploads\/2019\/12\/christmas-tree-decorating-with-lights.jpg","articleSection":["Inne","Ogr\u00f3d"],"inLanguage":"pl-PL","potentialAction":[{"@type":"CommentAction","name":"Comment","target":["https:\/\/gardeon.pl\/pl\/blog\/24-propozycje-prezentow-swiatecznych-dla-ogrodnikow\/#respond"]}]},{"@type":"WebPage","@id":"https:\/\/gardeon.pl\/pl\/blog\/24-propozycje-prezentow-swiatecznych-dla-ogrodnikow\/","url":"https:\/\/gardeon.pl\/pl\/blog\/24-propozycje-prezentow-swiatecznych-dla-ogrodnikow\/","name":"24 propozycje prezent\u00f3w \u015bwi\u0105tecznych dla ogrodnik\u00f3w | GARDEON","isPartOf":{"@id":"https:\/\/gardeon.pl\/#website"},"primaryImageOfPage":{"@id":"https:\/\/gardeon.pl\/pl\/blog\/24-propozycje-prezentow-swiatecznych-dla-ogrodnikow\/#primaryimage"},"image":{"@id":"https:\/\/gardeon.pl\/pl\/blog\/24-propozycje-prezentow-swiatecznych-dla-ogrodnikow\/#primaryimage"},"thumbnailUrl":"https:\/\/gardeon.pl\/wp-content\/uploads\/2019\/12\/christmas-tree-decorating-with-lights.jpg","datePublished":"2026-04-23T14:42:46+00:00","dateModified":"2026-04-23T16:54:24+00:00","author":{"@id":"https:\/\/gardeon.pl\/#\/schema\/person\/a5762ca5f0790bf92774af0899379463"},"breadcrumb":{"@id":"https:\/\/gardeon.pl\/pl\/blog\/24-propozycje-prezentow-swiatecznych-dla-ogrodnikow\/#breadcrumb"},"inLanguage":"pl-PL","potentialAction":[{"@type":"ReadAction","target":["https:\/\/gardeon.pl\/pl\/blog\/24-propozycje-prezentow-swiatecznych-dla-ogrodnikow\/"]}]},{"@type":"ImageObject","inLanguage":"pl-PL","@id":"https:\/\/gardeon.pl\/pl\/blog\/24-propozycje-prezentow-swiatecznych-dla-ogrodnikow\/#primaryimage","url":"https:\/\/gardeon.pl\/wp-content\/uploads\/2019\/12\/christmas-tree-decorating-with-lights.jpg","contentUrl":"https:\/\/gardeon.pl\/wp-content\/uploads\/2019\/12\/christmas-tree-decorating-with-lights.jpg","width":1600,"height":1000,"caption":"O\u015bwietlone \u017cywe drzewko w ogrodzie"},{"@type":"BreadcrumbList","@id":"https:\/\/gardeon.pl\/pl\/blog\/24-propozycje-prezentow-swiatecznych-dla-ogrodnikow\/#breadcrumb","itemListElement":[{"@type":"ListItem","position":1,"name":"Domov","item":"https:\/\/gardeon.pl\/pl\/"},{"@type":"ListItem","position":2,"name":"24 propozycje prezent\u00f3w \u015bwi\u0105tecznych dla ogrodnik\u00f3w"}]},{"@type":"WebSite","@id":"https:\/\/gardeon.pl\/#website","url":"https:\/\/gardeon.pl\/","name":"GARDEON","description":"","potentialAction":[{"@type":"SearchAction","target":{"@type":"EntryPoint","urlTemplate":"https:\/\/gardeon.pl\/?s={search_term_string}"},"query-input":{"@type":"PropertyValueSpecification","valueRequired":true,"valueName":"search_term_string"}}],"inLanguage":"pl-PL"},{"@type":"Person","@id":"https:\/\/gardeon.pl\/#\/schema\/person\/a5762ca5f0790bf92774af0899379463","name":"editor","image":{"@type":"ImageObject","inLanguage":"pl-PL","@id":"https:\/\/secure.gravatar.com\/avatar\/2b748151c2c748327307fd289a91b3bdafdd9e64e2d000e65e53d6dcf11c5830?s=96&d=mm&r=g","url":"https:\/\/secure.gravatar.com\/avatar\/2b748151c2c748327307fd289a91b3bdafdd9e64e2d000e65e53d6dcf11c5830?s=96&d=mm&r=g","contentUrl":"https:\/\/secure.gravatar.com\/avatar\/2b748151c2c748327307fd289a91b3bdafdd9e64e2d000e65e53d6dcf11c5830?s=96&d=mm&r=g","caption":"editor"}}]}},"_links":{"self":[{"href":"https:\/\/gardeon.pl\/pl\/wp-json\/wp\/v2\/posts\/45507","targetHints":{"allow":["GET"]}}],"collection":[{"href":"https:\/\/gardeon.pl\/pl\/wp-json\/wp\/v2\/posts"}],"about":[{"href":"https:\/\/gardeon.pl\/pl\/wp-json\/wp\/v2\/types\/post"}],"author":[{"embeddable":true,"href":"https:\/\/gardeon.pl\/pl\/wp-json\/wp\/v2\/users\/2"}],"replies":[{"embeddable":true,"href":"https:\/\/gardeon.pl\/pl\/wp-json\/wp\/v2\/comments?post=45507"}],"version-history":[{"count":0,"href":"https:\/\/gardeon.pl\/pl\/wp-json\/wp\/v2\/posts\/45507\/revisions"}],"wp:featuredmedia":[{"embeddable":true,"href":"https:\/\/gardeon.pl\/pl\/wp-json\/wp\/v2\/media\/45547"}],"wp:attachment":[{"href":"https:\/\/gardeon.pl\/pl\/wp-json\/wp\/v2\/media?parent=45507"}],"wp:term":[{"taxonomy":"category","embeddable":true,"href":"https:\/\/gardeon.pl\/pl\/wp-json\/wp\/v2\/categories?post=45507"},{"taxonomy":"post_tag","embeddable":true,"href":"https:\/\/gardeon.pl\/pl\/wp-json\/wp\/v2\/tags?post=45507"}],"curies":[{"name":"wp","href":"https:\/\/api.w.org\/{rel}","templated":true}]}}