{"id":45568,"date":"2026-04-23T16:44:02","date_gmt":"2026-04-23T14:44:02","guid":{"rendered":"https:\/\/gardeon.pl\/blog\/jak-prawidlowo-przechowywac-drewno-na-zime\/"},"modified":"2026-04-23T18:54:23","modified_gmt":"2026-04-23T16:54:23","slug":"jak-prawidlowo-przechowywac-drewno-na-zime","status":"publish","type":"post","link":"https:\/\/gardeon.pl\/pl\/blog\/jak-prawidlowo-przechowywac-drewno-na-zime\/","title":{"rendered":"Jak prawid\u0142owo przechowywa\u0107 drewno na zim\u0119"},"content":{"rendered":"<p><i><span style=\"font-weight: 400;\">Ciesz\u0105 si\u0119 Pa\u0144stwo z nowego kominka lub pieca? Kupili Pa\u0144stwo na zim\u0119 wystarczaj\u0105c\u0105 ilo\u015b\u0107 drewna, kt\u00f3re ma podtrzymywa\u0107 domowe ognisko, i z entuzjazmem zabieraj\u0105 si\u0119 Pa\u0144stwo do rozpalania ognia. Zapalaj\u0105 Pa\u0144stwo p\u0142omie\u0144, ale drewno nie chce si\u0119 zaj\u0105\u0107. Przecie\u017c pod\u0142o\u017cyli Pa\u0144stwo stare gazety, u\u017cyli odpowiedniej ilo\u015bci drzazg. Polano jest jednak zbyt wilgotne. Z powodu niew\u0142a\u015bciwego przechowywania drewna Pa\u0144stwa pierwsza pr\u00f3ba ko\u0144czy si\u0119 niepowodzeniem. Przyjrzyjmy si\u0119 zatem, jak unikn\u0105\u0107 takiej sytuacji.       <\/span><\/i><br \/>\n<!--more--><\/p>\n","protected":false},"excerpt":{"rendered":"<p>Ciesz\u0105 si\u0119 Pa\u0144stwo z nowego kominka lub pieca? Kupili Pa\u0144stwo na zim\u0119 wystarczaj\u0105c\u0105 ilo\u015b\u0107 drewna, kt\u00f3re ma podtrzymywa\u0107 domowe ognisko, i z entuzjazmem zabieraj\u0105 si\u0119 Pa\u0144stwo do rozpalania ognia. Zapalaj\u0105 Pa\u0144stwo p\u0142omie\u0144, ale drewno nie chce si\u0119 zaj\u0105\u0107. Przecie\u017c pod\u0142o\u017cyli Pa\u0144stwo stare gazety, u\u017cyli odpowiedniej ilo\u015bci drzazg. Polano jest jednak zbyt wilgotne. Z powodu niew\u0142a\u015bciwego [&hellip;]<\/p>\n","protected":false},"author":2,"featured_media":45503,"comment_status":"open","ping_status":"open","sticky":false,"template":"","format":"standard","meta":{"_acf_changed":false,"inline_featured_image":false,"footnotes":""},"categories":[605,622],"tags":[659,579,627,660,661],"class_list":["post-45568","post","type-post","status-publish","format-standard","has-post-thumbnail","hentry","category-jak-to-zrobic-ogrod-diy","category-wiaty-i-altany","tag-drewno","tag-gardeon","tag-wiata","tag-wiata-modulowa","tag-wiata-na-drewno"],"acf":[],"yoast_head":"<!-- This site is optimized with the Yoast SEO plugin v27.4 - https:\/\/yoast.com\/product\/yoast-seo-wordpress\/ -->\n<title>Jak prawid\u0142owo przechowywa\u0107 drewno na zim\u0119 | GARDEON<\/title>\n<meta name=\"robots\" content=\"index, follow, max-snippet:-1, max-image-preview:large, max-video-preview:-1\" \/>\n<link rel=\"canonical\" href=\"https:\/\/gardeon.pl\/pl\/blog\/jak-prawidlowo-przechowywac-drewno-na-zime\/\" \/>\n<meta property=\"og:locale\" content=\"pl_PL\" \/>\n<meta property=\"og:type\" content=\"article\" \/>\n<meta property=\"og:title\" content=\"Jak prawid\u0142owo przechowywa\u0107 drewno na zim\u0119 | GARDEON\" \/>\n<meta property=\"og:description\" content=\"Ciesz\u0105 si\u0119 Pa\u0144stwo z nowego kominka lub pieca? Kupili Pa\u0144stwo na zim\u0119 wystarczaj\u0105c\u0105 ilo\u015b\u0107 drewna, kt\u00f3re ma podtrzymywa\u0107 domowe ognisko, i z entuzjazmem zabieraj\u0105 si\u0119 Pa\u0144stwo do rozpalania ognia. Zapalaj\u0105 Pa\u0144stwo p\u0142omie\u0144, ale drewno nie chce si\u0119 zaj\u0105\u0107. Przecie\u017c pod\u0142o\u017cyli Pa\u0144stwo stare gazety, u\u017cyli odpowiedniej ilo\u015bci drzazg. Polano jest jednak zbyt wilgotne. Z powodu niew\u0142a\u015bciwego [&hellip;]\" \/>\n<meta property=\"og:url\" content=\"https:\/\/gardeon.pl\/pl\/blog\/jak-prawidlowo-przechowywac-drewno-na-zime\/\" \/>\n<meta property=\"og:site_name\" content=\"GARDEON\" \/>\n<meta property=\"article:published_time\" content=\"2026-04-23T14:44:02+00:00\" \/>\n<meta property=\"article:modified_time\" content=\"2026-04-23T16:54:23+00:00\" \/>\n<meta property=\"og:image\" content=\"http:\/\/gardeon.pl\/wp-content\/uploads\/2021\/01\/gardeon-blog-drevo.jpg\" \/>\n\t<meta property=\"og:image:width\" content=\"1500\" \/>\n\t<meta property=\"og:image:height\" content=\"1500\" \/>\n\t<meta property=\"og:image:type\" content=\"image\/jpeg\" \/>\n<meta name=\"author\" content=\"editor\" \/>\n<meta name=\"twitter:card\" content=\"summary_large_image\" \/>\n<meta name=\"twitter:label1\" content=\"Napisane przez\" \/>\n\t<meta name=\"twitter:data1\" content=\"editor\" \/>\n<script type=\"application\/ld+json\" class=\"yoast-schema-graph\">{\"@context\":\"https:\\\/\\\/schema.org\",\"@graph\":[{\"@type\":\"Article\",\"@id\":\"https:\\\/\\\/gardeon.pl\\\/pl\\\/blog\\\/jak-prawidlowo-przechowywac-drewno-na-zime\\\/#article\",\"isPartOf\":{\"@id\":\"https:\\\/\\\/gardeon.pl\\\/pl\\\/blog\\\/jak-prawidlowo-przechowywac-drewno-na-zime\\\/\"},\"author\":{\"name\":\"editor\",\"@id\":\"https:\\\/\\\/gardeon.pl\\\/#\\\/schema\\\/person\\\/a5762ca5f0790bf92774af0899379463\"},\"headline\":\"Jak prawid\u0142owo przechowywa\u0107 drewno na zim\u0119\",\"datePublished\":\"2026-04-23T14:44:02+00:00\",\"dateModified\":\"2026-04-23T16:54:23+00:00\",\"mainEntityOfPage\":{\"@id\":\"https:\\\/\\\/gardeon.pl\\\/pl\\\/blog\\\/jak-prawidlowo-przechowywac-drewno-na-zime\\\/\"},\"wordCount\":94,\"commentCount\":0,\"image\":{\"@id\":\"https:\\\/\\\/gardeon.pl\\\/pl\\\/blog\\\/jak-prawidlowo-przechowywac-drewno-na-zime\\\/#primaryimage\"},\"thumbnailUrl\":\"https:\\\/\\\/gardeon.pl\\\/wp-content\\\/uploads\\\/2021\\\/01\\\/gardeon-blog-drevo.jpg\",\"keywords\":[\"drewno\",\"GARDEON\",\"wiata\",\"wiata modu\u0142owa\",\"wiata na drewno\"],\"articleSection\":[\"Jak to zrobi\u0107 \u2013 ogr\u00f3d | DIY\",\"Wiaty i altany\"],\"inLanguage\":\"pl-PL\",\"potentialAction\":[{\"@type\":\"CommentAction\",\"name\":\"Comment\",\"target\":[\"https:\\\/\\\/gardeon.pl\\\/pl\\\/blog\\\/jak-prawidlowo-przechowywac-drewno-na-zime\\\/#respond\"]}]},{\"@type\":\"WebPage\",\"@id\":\"https:\\\/\\\/gardeon.pl\\\/pl\\\/blog\\\/jak-prawidlowo-przechowywac-drewno-na-zime\\\/\",\"url\":\"https:\\\/\\\/gardeon.pl\\\/pl\\\/blog\\\/jak-prawidlowo-przechowywac-drewno-na-zime\\\/\",\"name\":\"Jak prawid\u0142owo przechowywa\u0107 drewno na zim\u0119 | GARDEON\",\"isPartOf\":{\"@id\":\"https:\\\/\\\/gardeon.pl\\\/#website\"},\"primaryImageOfPage\":{\"@id\":\"https:\\\/\\\/gardeon.pl\\\/pl\\\/blog\\\/jak-prawidlowo-przechowywac-drewno-na-zime\\\/#primaryimage\"},\"image\":{\"@id\":\"https:\\\/\\\/gardeon.pl\\\/pl\\\/blog\\\/jak-prawidlowo-przechowywac-drewno-na-zime\\\/#primaryimage\"},\"thumbnailUrl\":\"https:\\\/\\\/gardeon.pl\\\/wp-content\\\/uploads\\\/2021\\\/01\\\/gardeon-blog-drevo.jpg\",\"datePublished\":\"2026-04-23T14:44:02+00:00\",\"dateModified\":\"2026-04-23T16:54:23+00:00\",\"author\":{\"@id\":\"https:\\\/\\\/gardeon.pl\\\/#\\\/schema\\\/person\\\/a5762ca5f0790bf92774af0899379463\"},\"breadcrumb\":{\"@id\":\"https:\\\/\\\/gardeon.pl\\\/pl\\\/blog\\\/jak-prawidlowo-przechowywac-drewno-na-zime\\\/#breadcrumb\"},\"inLanguage\":\"pl-PL\",\"potentialAction\":[{\"@type\":\"ReadAction\",\"target\":[\"https:\\\/\\\/gardeon.pl\\\/pl\\\/blog\\\/jak-prawidlowo-przechowywac-drewno-na-zime\\\/\"]}]},{\"@type\":\"ImageObject\",\"inLanguage\":\"pl-PL\",\"@id\":\"https:\\\/\\\/gardeon.pl\\\/pl\\\/blog\\\/jak-prawidlowo-przechowywac-drewno-na-zime\\\/#primaryimage\",\"url\":\"https:\\\/\\\/gardeon.pl\\\/wp-content\\\/uploads\\\/2021\\\/01\\\/gardeon-blog-drevo.jpg\",\"contentUrl\":\"https:\\\/\\\/gardeon.pl\\\/wp-content\\\/uploads\\\/2021\\\/01\\\/gardeon-blog-drevo.jpg\",\"width\":1500,\"height\":1500,\"caption\":\"Stos poci\u0119tego drewna\"},{\"@type\":\"BreadcrumbList\",\"@id\":\"https:\\\/\\\/gardeon.pl\\\/pl\\\/blog\\\/jak-prawidlowo-przechowywac-drewno-na-zime\\\/#breadcrumb\",\"itemListElement\":[{\"@type\":\"ListItem\",\"position\":1,\"name\":\"Domov\",\"item\":\"https:\\\/\\\/gardeon.pl\\\/pl\\\/\"},{\"@type\":\"ListItem\",\"position\":2,\"name\":\"Jak prawid\u0142owo przechowywa\u0107 drewno na zim\u0119\"}]},{\"@type\":\"WebSite\",\"@id\":\"https:\\\/\\\/gardeon.pl\\\/#website\",\"url\":\"https:\\\/\\\/gardeon.pl\\\/\",\"name\":\"GARDEON\",\"description\":\"\",\"potentialAction\":[{\"@type\":\"SearchAction\",\"target\":{\"@type\":\"EntryPoint\",\"urlTemplate\":\"https:\\\/\\\/gardeon.pl\\\/?s={search_term_string}\"},\"query-input\":{\"@type\":\"PropertyValueSpecification\",\"valueRequired\":true,\"valueName\":\"search_term_string\"}}],\"inLanguage\":\"pl-PL\"},{\"@type\":\"Person\",\"@id\":\"https:\\\/\\\/gardeon.pl\\\/#\\\/schema\\\/person\\\/a5762ca5f0790bf92774af0899379463\",\"name\":\"editor\",\"image\":{\"@type\":\"ImageObject\",\"inLanguage\":\"pl-PL\",\"@id\":\"https:\\\/\\\/secure.gravatar.com\\\/avatar\\\/2b748151c2c748327307fd289a91b3bdafdd9e64e2d000e65e53d6dcf11c5830?s=96&d=mm&r=g\",\"url\":\"https:\\\/\\\/secure.gravatar.com\\\/avatar\\\/2b748151c2c748327307fd289a91b3bdafdd9e64e2d000e65e53d6dcf11c5830?s=96&d=mm&r=g\",\"contentUrl\":\"https:\\\/\\\/secure.gravatar.com\\\/avatar\\\/2b748151c2c748327307fd289a91b3bdafdd9e64e2d000e65e53d6dcf11c5830?s=96&d=mm&r=g\",\"caption\":\"editor\"}}]}<\/script>\n<!-- \/ Yoast SEO plugin. -->","yoast_head_json":{"title":"Jak prawid\u0142owo przechowywa\u0107 drewno na zim\u0119 | GARDEON","robots":{"index":"index","follow":"follow","max-snippet":"max-snippet:-1","max-image-preview":"max-image-preview:large","max-video-preview":"max-video-preview:-1"},"canonical":"https:\/\/gardeon.pl\/pl\/blog\/jak-prawidlowo-przechowywac-drewno-na-zime\/","og_locale":"pl_PL","og_type":"article","og_title":"Jak prawid\u0142owo przechowywa\u0107 drewno na zim\u0119 | GARDEON","og_description":"Ciesz\u0105 si\u0119 Pa\u0144stwo z nowego kominka lub pieca? Kupili Pa\u0144stwo na zim\u0119 wystarczaj\u0105c\u0105 ilo\u015b\u0107 drewna, kt\u00f3re ma podtrzymywa\u0107 domowe ognisko, i z entuzjazmem zabieraj\u0105 si\u0119 Pa\u0144stwo do rozpalania ognia. Zapalaj\u0105 Pa\u0144stwo p\u0142omie\u0144, ale drewno nie chce si\u0119 zaj\u0105\u0107. Przecie\u017c pod\u0142o\u017cyli Pa\u0144stwo stare gazety, u\u017cyli odpowiedniej ilo\u015bci drzazg. Polano jest jednak zbyt wilgotne. Z powodu niew\u0142a\u015bciwego [&hellip;]","og_url":"https:\/\/gardeon.pl\/pl\/blog\/jak-prawidlowo-przechowywac-drewno-na-zime\/","og_site_name":"GARDEON","article_published_time":"2026-04-23T14:44:02+00:00","article_modified_time":"2026-04-23T16:54:23+00:00","og_image":[{"width":1500,"height":1500,"url":"http:\/\/gardeon.pl\/wp-content\/uploads\/2021\/01\/gardeon-blog-drevo.jpg","type":"image\/jpeg"}],"author":"editor","twitter_card":"summary_large_image","twitter_misc":{"Napisane przez":"editor"},"schema":{"@context":"https:\/\/schema.org","@graph":[{"@type":"Article","@id":"https:\/\/gardeon.pl\/pl\/blog\/jak-prawidlowo-przechowywac-drewno-na-zime\/#article","isPartOf":{"@id":"https:\/\/gardeon.pl\/pl\/blog\/jak-prawidlowo-przechowywac-drewno-na-zime\/"},"author":{"name":"editor","@id":"https:\/\/gardeon.pl\/#\/schema\/person\/a5762ca5f0790bf92774af0899379463"},"headline":"Jak prawid\u0142owo przechowywa\u0107 drewno na zim\u0119","datePublished":"2026-04-23T14:44:02+00:00","dateModified":"2026-04-23T16:54:23+00:00","mainEntityOfPage":{"@id":"https:\/\/gardeon.pl\/pl\/blog\/jak-prawidlowo-przechowywac-drewno-na-zime\/"},"wordCount":94,"commentCount":0,"image":{"@id":"https:\/\/gardeon.pl\/pl\/blog\/jak-prawidlowo-przechowywac-drewno-na-zime\/#primaryimage"},"thumbnailUrl":"https:\/\/gardeon.pl\/wp-content\/uploads\/2021\/01\/gardeon-blog-drevo.jpg","keywords":["drewno","GARDEON","wiata","wiata modu\u0142owa","wiata na drewno"],"articleSection":["Jak to zrobi\u0107 \u2013 ogr\u00f3d | DIY","Wiaty i altany"],"inLanguage":"pl-PL","potentialAction":[{"@type":"CommentAction","name":"Comment","target":["https:\/\/gardeon.pl\/pl\/blog\/jak-prawidlowo-przechowywac-drewno-na-zime\/#respond"]}]},{"@type":"WebPage","@id":"https:\/\/gardeon.pl\/pl\/blog\/jak-prawidlowo-przechowywac-drewno-na-zime\/","url":"https:\/\/gardeon.pl\/pl\/blog\/jak-prawidlowo-przechowywac-drewno-na-zime\/","name":"Jak prawid\u0142owo przechowywa\u0107 drewno na zim\u0119 | GARDEON","isPartOf":{"@id":"https:\/\/gardeon.pl\/#website"},"primaryImageOfPage":{"@id":"https:\/\/gardeon.pl\/pl\/blog\/jak-prawidlowo-przechowywac-drewno-na-zime\/#primaryimage"},"image":{"@id":"https:\/\/gardeon.pl\/pl\/blog\/jak-prawidlowo-przechowywac-drewno-na-zime\/#primaryimage"},"thumbnailUrl":"https:\/\/gardeon.pl\/wp-content\/uploads\/2021\/01\/gardeon-blog-drevo.jpg","datePublished":"2026-04-23T14:44:02+00:00","dateModified":"2026-04-23T16:54:23+00:00","author":{"@id":"https:\/\/gardeon.pl\/#\/schema\/person\/a5762ca5f0790bf92774af0899379463"},"breadcrumb":{"@id":"https:\/\/gardeon.pl\/pl\/blog\/jak-prawidlowo-przechowywac-drewno-na-zime\/#breadcrumb"},"inLanguage":"pl-PL","potentialAction":[{"@type":"ReadAction","target":["https:\/\/gardeon.pl\/pl\/blog\/jak-prawidlowo-przechowywac-drewno-na-zime\/"]}]},{"@type":"ImageObject","inLanguage":"pl-PL","@id":"https:\/\/gardeon.pl\/pl\/blog\/jak-prawidlowo-przechowywac-drewno-na-zime\/#primaryimage","url":"https:\/\/gardeon.pl\/wp-content\/uploads\/2021\/01\/gardeon-blog-drevo.jpg","contentUrl":"https:\/\/gardeon.pl\/wp-content\/uploads\/2021\/01\/gardeon-blog-drevo.jpg","width":1500,"height":1500,"caption":"Stos poci\u0119tego drewna"},{"@type":"BreadcrumbList","@id":"https:\/\/gardeon.pl\/pl\/blog\/jak-prawidlowo-przechowywac-drewno-na-zime\/#breadcrumb","itemListElement":[{"@type":"ListItem","position":1,"name":"Domov","item":"https:\/\/gardeon.pl\/pl\/"},{"@type":"ListItem","position":2,"name":"Jak prawid\u0142owo przechowywa\u0107 drewno na zim\u0119"}]},{"@type":"WebSite","@id":"https:\/\/gardeon.pl\/#website","url":"https:\/\/gardeon.pl\/","name":"GARDEON","description":"","potentialAction":[{"@type":"SearchAction","target":{"@type":"EntryPoint","urlTemplate":"https:\/\/gardeon.pl\/?s={search_term_string}"},"query-input":{"@type":"PropertyValueSpecification","valueRequired":true,"valueName":"search_term_string"}}],"inLanguage":"pl-PL"},{"@type":"Person","@id":"https:\/\/gardeon.pl\/#\/schema\/person\/a5762ca5f0790bf92774af0899379463","name":"editor","image":{"@type":"ImageObject","inLanguage":"pl-PL","@id":"https:\/\/secure.gravatar.com\/avatar\/2b748151c2c748327307fd289a91b3bdafdd9e64e2d000e65e53d6dcf11c5830?s=96&d=mm&r=g","url":"https:\/\/secure.gravatar.com\/avatar\/2b748151c2c748327307fd289a91b3bdafdd9e64e2d000e65e53d6dcf11c5830?s=96&d=mm&r=g","contentUrl":"https:\/\/secure.gravatar.com\/avatar\/2b748151c2c748327307fd289a91b3bdafdd9e64e2d000e65e53d6dcf11c5830?s=96&d=mm&r=g","caption":"editor"}}]}},"_links":{"self":[{"href":"https:\/\/gardeon.pl\/pl\/wp-json\/wp\/v2\/posts\/45568","targetHints":{"allow":["GET"]}}],"collection":[{"href":"https:\/\/gardeon.pl\/pl\/wp-json\/wp\/v2\/posts"}],"about":[{"href":"https:\/\/gardeon.pl\/pl\/wp-json\/wp\/v2\/types\/post"}],"author":[{"embeddable":true,"href":"https:\/\/gardeon.pl\/pl\/wp-json\/wp\/v2\/users\/2"}],"replies":[{"embeddable":true,"href":"https:\/\/gardeon.pl\/pl\/wp-json\/wp\/v2\/comments?post=45568"}],"version-history":[{"count":0,"href":"https:\/\/gardeon.pl\/pl\/wp-json\/wp\/v2\/posts\/45568\/revisions"}],"wp:featuredmedia":[{"embeddable":true,"href":"https:\/\/gardeon.pl\/pl\/wp-json\/wp\/v2\/media\/45503"}],"wp:attachment":[{"href":"https:\/\/gardeon.pl\/pl\/wp-json\/wp\/v2\/media?parent=45568"}],"wp:term":[{"taxonomy":"category","embeddable":true,"href":"https:\/\/gardeon.pl\/pl\/wp-json\/wp\/v2\/categories?post=45568"},{"taxonomy":"post_tag","embeddable":true,"href":"https:\/\/gardeon.pl\/pl\/wp-json\/wp\/v2\/tags?post=45568"}],"curies":[{"name":"wp","href":"https:\/\/api.w.org\/{rel}","templated":true}]}}