{"id":45599,"date":"2026-04-23T16:45:47","date_gmt":"2026-04-23T14:45:47","guid":{"rendered":"https:\/\/gardeon.pl\/blog\/biznes-w-garazu-zaden-problem\/"},"modified":"2026-04-23T18:54:23","modified_gmt":"2026-04-23T16:54:23","slug":"biznes-w-garazu-zaden-problem","status":"publish","type":"post","link":"https:\/\/gardeon.pl\/pl\/blog\/biznes-w-garazu-zaden-problem\/","title":{"rendered":"Biznes w gara\u017cu? \u017baden problem"},"content":{"rendered":"<p class=\"p1\"><em>Ka\u017cdy, kto zamierza rozpocz\u0105\u0107 dzia\u0142alno\u015b\u0107 gospodarcz\u0105 lub chce rozszerzy\u0107 czy zmieni\u0107 sw\u00f3j biznes, doskonale zdaje sobie spraw\u0119, ile czasu, energii i pieni\u0119dzy wymaga taki krok. Szczeg\u00f3lnie na pocz\u0105tku dzia\u0142alno\u015bci liczy si\u0119 ka\u017cde zaoszcz\u0119dzone euro, ka\u017cda zaoszcz\u0119dzona minuta, ka\u017cda dobra rada. Mamy dla Pa\u0144stwa jedn\u0105 dobr\u0105 rad\u0119. Doskona\u0142\u0105 \u2013 pomo\u017ce Pa\u0144stwu stworzy\u0107 idealn\u0105 przestrze\u0144 dla Pa\u0144stwa biznesu i zaoszcz\u0119dzi czas oraz pieni\u0105dze. Jak brzmi nasza rada? Prowad\u017acie biznes w swoim gara\u017cu!     <\/em><\/p>\n<p><!--more--><\/p>\n","protected":false},"excerpt":{"rendered":"<p>Ka\u017cdy, kto zamierza rozpocz\u0105\u0107 dzia\u0142alno\u015b\u0107 gospodarcz\u0105 lub chce rozszerzy\u0107 czy zmieni\u0107 sw\u00f3j biznes, doskonale zdaje sobie spraw\u0119, ile czasu, energii i pieni\u0119dzy wymaga taki krok. Szczeg\u00f3lnie na pocz\u0105tku dzia\u0142alno\u015bci liczy si\u0119 ka\u017cde zaoszcz\u0119dzone euro, ka\u017cda zaoszcz\u0119dzona minuta, ka\u017cda dobra rada. Mamy dla Pa\u0144stwa jedn\u0105 dobr\u0105 rad\u0119. Doskona\u0142\u0105 \u2013 pomo\u017ce Pa\u0144stwu stworzy\u0107 idealn\u0105 przestrze\u0144 dla Pa\u0144stwa [&hellip;]<\/p>\n","protected":false},"author":2,"featured_media":44816,"comment_status":"open","ping_status":"open","sticky":false,"template":"","format":"standard","meta":{"_acf_changed":false,"inline_featured_image":false,"footnotes":""},"categories":[578,631],"tags":[666,579],"class_list":["post-45599","post","type-post","status-publish","format-standard","has-post-thumbnail","hentry","category-garaze-blaszane","category-inne","tag-biznes-w-garazu","tag-gardeon"],"acf":[],"yoast_head":"<!-- This site is optimized with the Yoast SEO plugin v27.4 - https:\/\/yoast.com\/product\/yoast-seo-wordpress\/ -->\n<title>Biznes w gara\u017cu? \u017baden problem - GARDEON<\/title>\n<meta name=\"robots\" content=\"index, follow, max-snippet:-1, max-image-preview:large, max-video-preview:-1\" \/>\n<link rel=\"canonical\" href=\"https:\/\/gardeon.pl\/pl\/blog\/biznes-w-garazu-zaden-problem\/\" \/>\n<meta property=\"og:locale\" content=\"pl_PL\" \/>\n<meta property=\"og:type\" content=\"article\" \/>\n<meta property=\"og:title\" content=\"Biznes w gara\u017cu? \u017baden problem - GARDEON\" \/>\n<meta property=\"og:description\" content=\"Ka\u017cdy, kto zamierza rozpocz\u0105\u0107 dzia\u0142alno\u015b\u0107 gospodarcz\u0105 lub chce rozszerzy\u0107 czy zmieni\u0107 sw\u00f3j biznes, doskonale zdaje sobie spraw\u0119, ile czasu, energii i pieni\u0119dzy wymaga taki krok. Szczeg\u00f3lnie na pocz\u0105tku dzia\u0142alno\u015bci liczy si\u0119 ka\u017cde zaoszcz\u0119dzone euro, ka\u017cda zaoszcz\u0119dzona minuta, ka\u017cda dobra rada. Mamy dla Pa\u0144stwa jedn\u0105 dobr\u0105 rad\u0119. Doskona\u0142\u0105 \u2013 pomo\u017ce Pa\u0144stwu stworzy\u0107 idealn\u0105 przestrze\u0144 dla Pa\u0144stwa [&hellip;]\" \/>\n<meta property=\"og:url\" content=\"https:\/\/gardeon.pl\/pl\/blog\/biznes-w-garazu-zaden-problem\/\" \/>\n<meta property=\"og:site_name\" content=\"GARDEON\" \/>\n<meta property=\"article:published_time\" content=\"2026-04-23T14:45:47+00:00\" \/>\n<meta property=\"article:modified_time\" content=\"2026-04-23T16:54:23+00:00\" \/>\n<meta property=\"og:image\" content=\"http:\/\/gardeon.pl\/wp-content\/uploads\/2022\/09\/gardeon-garaz-atyp-s-pristreskom-pultova-strecha-4676-IL-6-1.webp\" \/>\n\t<meta property=\"og:image:width\" content=\"2000\" \/>\n\t<meta property=\"og:image:height\" content=\"1333\" \/>\n\t<meta property=\"og:image:type\" content=\"image\/webp\" \/>\n<meta name=\"author\" content=\"editor\" \/>\n<meta name=\"twitter:card\" content=\"summary_large_image\" \/>\n<meta name=\"twitter:label1\" content=\"Napisane przez\" \/>\n\t<meta name=\"twitter:data1\" content=\"editor\" \/>\n<script type=\"application\/ld+json\" class=\"yoast-schema-graph\">{\"@context\":\"https:\\\/\\\/schema.org\",\"@graph\":[{\"@type\":\"Article\",\"@id\":\"https:\\\/\\\/gardeon.pl\\\/pl\\\/blog\\\/biznes-w-garazu-zaden-problem\\\/#article\",\"isPartOf\":{\"@id\":\"https:\\\/\\\/gardeon.pl\\\/pl\\\/blog\\\/biznes-w-garazu-zaden-problem\\\/\"},\"author\":{\"name\":\"editor\",\"@id\":\"https:\\\/\\\/gardeon.pl\\\/#\\\/schema\\\/person\\\/a5762ca5f0790bf92774af0899379463\"},\"headline\":\"Biznes w gara\u017cu? \u017baden problem\",\"datePublished\":\"2026-04-23T14:45:47+00:00\",\"dateModified\":\"2026-04-23T16:54:23+00:00\",\"mainEntityOfPage\":{\"@id\":\"https:\\\/\\\/gardeon.pl\\\/pl\\\/blog\\\/biznes-w-garazu-zaden-problem\\\/\"},\"wordCount\":96,\"commentCount\":0,\"image\":{\"@id\":\"https:\\\/\\\/gardeon.pl\\\/pl\\\/blog\\\/biznes-w-garazu-zaden-problem\\\/#primaryimage\"},\"thumbnailUrl\":\"https:\\\/\\\/gardeon.pl\\\/wp-content\\\/uploads\\\/2022\\\/09\\\/gardeon-garaz-atyp-s-pristreskom-pultova-strecha-4676-IL-6-1.webp\",\"keywords\":[\"Biznes w gara\u017cu\",\"GARDEON\"],\"articleSection\":[\"Gara\u017ce blaszane\",\"Inne\"],\"inLanguage\":\"pl-PL\",\"potentialAction\":[{\"@type\":\"CommentAction\",\"name\":\"Comment\",\"target\":[\"https:\\\/\\\/gardeon.pl\\\/pl\\\/blog\\\/biznes-w-garazu-zaden-problem\\\/#respond\"]}]},{\"@type\":\"WebPage\",\"@id\":\"https:\\\/\\\/gardeon.pl\\\/pl\\\/blog\\\/biznes-w-garazu-zaden-problem\\\/\",\"url\":\"https:\\\/\\\/gardeon.pl\\\/pl\\\/blog\\\/biznes-w-garazu-zaden-problem\\\/\",\"name\":\"Biznes w gara\u017cu? \u017baden problem - GARDEON\",\"isPartOf\":{\"@id\":\"https:\\\/\\\/gardeon.pl\\\/#website\"},\"primaryImageOfPage\":{\"@id\":\"https:\\\/\\\/gardeon.pl\\\/pl\\\/blog\\\/biznes-w-garazu-zaden-problem\\\/#primaryimage\"},\"image\":{\"@id\":\"https:\\\/\\\/gardeon.pl\\\/pl\\\/blog\\\/biznes-w-garazu-zaden-problem\\\/#primaryimage\"},\"thumbnailUrl\":\"https:\\\/\\\/gardeon.pl\\\/wp-content\\\/uploads\\\/2022\\\/09\\\/gardeon-garaz-atyp-s-pristreskom-pultova-strecha-4676-IL-6-1.webp\",\"datePublished\":\"2026-04-23T14:45:47+00:00\",\"dateModified\":\"2026-04-23T16:54:23+00:00\",\"author\":{\"@id\":\"https:\\\/\\\/gardeon.pl\\\/#\\\/schema\\\/person\\\/a5762ca5f0790bf92774af0899379463\"},\"breadcrumb\":{\"@id\":\"https:\\\/\\\/gardeon.pl\\\/pl\\\/blog\\\/biznes-w-garazu-zaden-problem\\\/#breadcrumb\"},\"inLanguage\":\"pl-PL\",\"potentialAction\":[{\"@type\":\"ReadAction\",\"target\":[\"https:\\\/\\\/gardeon.pl\\\/pl\\\/blog\\\/biznes-w-garazu-zaden-problem\\\/\"]}]},{\"@type\":\"ImageObject\",\"inLanguage\":\"pl-PL\",\"@id\":\"https:\\\/\\\/gardeon.pl\\\/pl\\\/blog\\\/biznes-w-garazu-zaden-problem\\\/#primaryimage\",\"url\":\"https:\\\/\\\/gardeon.pl\\\/wp-content\\\/uploads\\\/2022\\\/09\\\/gardeon-garaz-atyp-s-pristreskom-pultova-strecha-4676-IL-6-1.webp\",\"contentUrl\":\"https:\\\/\\\/gardeon.pl\\\/wp-content\\\/uploads\\\/2022\\\/09\\\/gardeon-garaz-atyp-s-pristreskom-pultova-strecha-4676-IL-6-1.webp\",\"width\":2000,\"height\":1333,\"caption\":\"Przestrze\u0144 magazynowa pod wiat\u0105\"},{\"@type\":\"BreadcrumbList\",\"@id\":\"https:\\\/\\\/gardeon.pl\\\/pl\\\/blog\\\/biznes-w-garazu-zaden-problem\\\/#breadcrumb\",\"itemListElement\":[{\"@type\":\"ListItem\",\"position\":1,\"name\":\"Domov\",\"item\":\"https:\\\/\\\/gardeon.pl\\\/pl\\\/\"},{\"@type\":\"ListItem\",\"position\":2,\"name\":\"Biznes w gara\u017cu? \u017baden problem\"}]},{\"@type\":\"WebSite\",\"@id\":\"https:\\\/\\\/gardeon.pl\\\/#website\",\"url\":\"https:\\\/\\\/gardeon.pl\\\/\",\"name\":\"GARDEON\",\"description\":\"\",\"potentialAction\":[{\"@type\":\"SearchAction\",\"target\":{\"@type\":\"EntryPoint\",\"urlTemplate\":\"https:\\\/\\\/gardeon.pl\\\/?s={search_term_string}\"},\"query-input\":{\"@type\":\"PropertyValueSpecification\",\"valueRequired\":true,\"valueName\":\"search_term_string\"}}],\"inLanguage\":\"pl-PL\"},{\"@type\":\"Person\",\"@id\":\"https:\\\/\\\/gardeon.pl\\\/#\\\/schema\\\/person\\\/a5762ca5f0790bf92774af0899379463\",\"name\":\"editor\",\"image\":{\"@type\":\"ImageObject\",\"inLanguage\":\"pl-PL\",\"@id\":\"https:\\\/\\\/secure.gravatar.com\\\/avatar\\\/2b748151c2c748327307fd289a91b3bdafdd9e64e2d000e65e53d6dcf11c5830?s=96&d=mm&r=g\",\"url\":\"https:\\\/\\\/secure.gravatar.com\\\/avatar\\\/2b748151c2c748327307fd289a91b3bdafdd9e64e2d000e65e53d6dcf11c5830?s=96&d=mm&r=g\",\"contentUrl\":\"https:\\\/\\\/secure.gravatar.com\\\/avatar\\\/2b748151c2c748327307fd289a91b3bdafdd9e64e2d000e65e53d6dcf11c5830?s=96&d=mm&r=g\",\"caption\":\"editor\"}}]}<\/script>\n<!-- \/ Yoast SEO plugin. -->","yoast_head_json":{"title":"Biznes w gara\u017cu? \u017baden problem - GARDEON","robots":{"index":"index","follow":"follow","max-snippet":"max-snippet:-1","max-image-preview":"max-image-preview:large","max-video-preview":"max-video-preview:-1"},"canonical":"https:\/\/gardeon.pl\/pl\/blog\/biznes-w-garazu-zaden-problem\/","og_locale":"pl_PL","og_type":"article","og_title":"Biznes w gara\u017cu? \u017baden problem - GARDEON","og_description":"Ka\u017cdy, kto zamierza rozpocz\u0105\u0107 dzia\u0142alno\u015b\u0107 gospodarcz\u0105 lub chce rozszerzy\u0107 czy zmieni\u0107 sw\u00f3j biznes, doskonale zdaje sobie spraw\u0119, ile czasu, energii i pieni\u0119dzy wymaga taki krok. Szczeg\u00f3lnie na pocz\u0105tku dzia\u0142alno\u015bci liczy si\u0119 ka\u017cde zaoszcz\u0119dzone euro, ka\u017cda zaoszcz\u0119dzona minuta, ka\u017cda dobra rada. Mamy dla Pa\u0144stwa jedn\u0105 dobr\u0105 rad\u0119. Doskona\u0142\u0105 \u2013 pomo\u017ce Pa\u0144stwu stworzy\u0107 idealn\u0105 przestrze\u0144 dla Pa\u0144stwa [&hellip;]","og_url":"https:\/\/gardeon.pl\/pl\/blog\/biznes-w-garazu-zaden-problem\/","og_site_name":"GARDEON","article_published_time":"2026-04-23T14:45:47+00:00","article_modified_time":"2026-04-23T16:54:23+00:00","og_image":[{"width":2000,"height":1333,"url":"http:\/\/gardeon.pl\/wp-content\/uploads\/2022\/09\/gardeon-garaz-atyp-s-pristreskom-pultova-strecha-4676-IL-6-1.webp","type":"image\/webp"}],"author":"editor","twitter_card":"summary_large_image","twitter_misc":{"Napisane przez":"editor"},"schema":{"@context":"https:\/\/schema.org","@graph":[{"@type":"Article","@id":"https:\/\/gardeon.pl\/pl\/blog\/biznes-w-garazu-zaden-problem\/#article","isPartOf":{"@id":"https:\/\/gardeon.pl\/pl\/blog\/biznes-w-garazu-zaden-problem\/"},"author":{"name":"editor","@id":"https:\/\/gardeon.pl\/#\/schema\/person\/a5762ca5f0790bf92774af0899379463"},"headline":"Biznes w gara\u017cu? \u017baden problem","datePublished":"2026-04-23T14:45:47+00:00","dateModified":"2026-04-23T16:54:23+00:00","mainEntityOfPage":{"@id":"https:\/\/gardeon.pl\/pl\/blog\/biznes-w-garazu-zaden-problem\/"},"wordCount":96,"commentCount":0,"image":{"@id":"https:\/\/gardeon.pl\/pl\/blog\/biznes-w-garazu-zaden-problem\/#primaryimage"},"thumbnailUrl":"https:\/\/gardeon.pl\/wp-content\/uploads\/2022\/09\/gardeon-garaz-atyp-s-pristreskom-pultova-strecha-4676-IL-6-1.webp","keywords":["Biznes w gara\u017cu","GARDEON"],"articleSection":["Gara\u017ce blaszane","Inne"],"inLanguage":"pl-PL","potentialAction":[{"@type":"CommentAction","name":"Comment","target":["https:\/\/gardeon.pl\/pl\/blog\/biznes-w-garazu-zaden-problem\/#respond"]}]},{"@type":"WebPage","@id":"https:\/\/gardeon.pl\/pl\/blog\/biznes-w-garazu-zaden-problem\/","url":"https:\/\/gardeon.pl\/pl\/blog\/biznes-w-garazu-zaden-problem\/","name":"Biznes w gara\u017cu? \u017baden problem - GARDEON","isPartOf":{"@id":"https:\/\/gardeon.pl\/#website"},"primaryImageOfPage":{"@id":"https:\/\/gardeon.pl\/pl\/blog\/biznes-w-garazu-zaden-problem\/#primaryimage"},"image":{"@id":"https:\/\/gardeon.pl\/pl\/blog\/biznes-w-garazu-zaden-problem\/#primaryimage"},"thumbnailUrl":"https:\/\/gardeon.pl\/wp-content\/uploads\/2022\/09\/gardeon-garaz-atyp-s-pristreskom-pultova-strecha-4676-IL-6-1.webp","datePublished":"2026-04-23T14:45:47+00:00","dateModified":"2026-04-23T16:54:23+00:00","author":{"@id":"https:\/\/gardeon.pl\/#\/schema\/person\/a5762ca5f0790bf92774af0899379463"},"breadcrumb":{"@id":"https:\/\/gardeon.pl\/pl\/blog\/biznes-w-garazu-zaden-problem\/#breadcrumb"},"inLanguage":"pl-PL","potentialAction":[{"@type":"ReadAction","target":["https:\/\/gardeon.pl\/pl\/blog\/biznes-w-garazu-zaden-problem\/"]}]},{"@type":"ImageObject","inLanguage":"pl-PL","@id":"https:\/\/gardeon.pl\/pl\/blog\/biznes-w-garazu-zaden-problem\/#primaryimage","url":"https:\/\/gardeon.pl\/wp-content\/uploads\/2022\/09\/gardeon-garaz-atyp-s-pristreskom-pultova-strecha-4676-IL-6-1.webp","contentUrl":"https:\/\/gardeon.pl\/wp-content\/uploads\/2022\/09\/gardeon-garaz-atyp-s-pristreskom-pultova-strecha-4676-IL-6-1.webp","width":2000,"height":1333,"caption":"Przestrze\u0144 magazynowa pod wiat\u0105"},{"@type":"BreadcrumbList","@id":"https:\/\/gardeon.pl\/pl\/blog\/biznes-w-garazu-zaden-problem\/#breadcrumb","itemListElement":[{"@type":"ListItem","position":1,"name":"Domov","item":"https:\/\/gardeon.pl\/pl\/"},{"@type":"ListItem","position":2,"name":"Biznes w gara\u017cu? \u017baden problem"}]},{"@type":"WebSite","@id":"https:\/\/gardeon.pl\/#website","url":"https:\/\/gardeon.pl\/","name":"GARDEON","description":"","potentialAction":[{"@type":"SearchAction","target":{"@type":"EntryPoint","urlTemplate":"https:\/\/gardeon.pl\/?s={search_term_string}"},"query-input":{"@type":"PropertyValueSpecification","valueRequired":true,"valueName":"search_term_string"}}],"inLanguage":"pl-PL"},{"@type":"Person","@id":"https:\/\/gardeon.pl\/#\/schema\/person\/a5762ca5f0790bf92774af0899379463","name":"editor","image":{"@type":"ImageObject","inLanguage":"pl-PL","@id":"https:\/\/secure.gravatar.com\/avatar\/2b748151c2c748327307fd289a91b3bdafdd9e64e2d000e65e53d6dcf11c5830?s=96&d=mm&r=g","url":"https:\/\/secure.gravatar.com\/avatar\/2b748151c2c748327307fd289a91b3bdafdd9e64e2d000e65e53d6dcf11c5830?s=96&d=mm&r=g","contentUrl":"https:\/\/secure.gravatar.com\/avatar\/2b748151c2c748327307fd289a91b3bdafdd9e64e2d000e65e53d6dcf11c5830?s=96&d=mm&r=g","caption":"editor"}}]}},"_links":{"self":[{"href":"https:\/\/gardeon.pl\/pl\/wp-json\/wp\/v2\/posts\/45599","targetHints":{"allow":["GET"]}}],"collection":[{"href":"https:\/\/gardeon.pl\/pl\/wp-json\/wp\/v2\/posts"}],"about":[{"href":"https:\/\/gardeon.pl\/pl\/wp-json\/wp\/v2\/types\/post"}],"author":[{"embeddable":true,"href":"https:\/\/gardeon.pl\/pl\/wp-json\/wp\/v2\/users\/2"}],"replies":[{"embeddable":true,"href":"https:\/\/gardeon.pl\/pl\/wp-json\/wp\/v2\/comments?post=45599"}],"version-history":[{"count":0,"href":"https:\/\/gardeon.pl\/pl\/wp-json\/wp\/v2\/posts\/45599\/revisions"}],"wp:featuredmedia":[{"embeddable":true,"href":"https:\/\/gardeon.pl\/pl\/wp-json\/wp\/v2\/media\/44816"}],"wp:attachment":[{"href":"https:\/\/gardeon.pl\/pl\/wp-json\/wp\/v2\/media?parent=45599"}],"wp:term":[{"taxonomy":"category","embeddable":true,"href":"https:\/\/gardeon.pl\/pl\/wp-json\/wp\/v2\/categories?post=45599"},{"taxonomy":"post_tag","embeddable":true,"href":"https:\/\/gardeon.pl\/pl\/wp-json\/wp\/v2\/tags?post=45599"}],"curies":[{"name":"wp","href":"https:\/\/api.w.org\/{rel}","templated":true}]}}