{"id":45691,"date":"2026-04-23T16:46:16","date_gmt":"2026-04-23T14:46:16","guid":{"rendered":"https:\/\/gardeon.pl\/blog\/jak-wykorzystac-dach-dwuspadowy\/"},"modified":"2026-04-23T16:46:16","modified_gmt":"2026-04-23T14:46:16","slug":"jak-wykorzystac-dach-dwuspadowy","status":"publish","type":"post","link":"https:\/\/gardeon.pl\/pl\/blog\/jak-wykorzystac-dach-dwuspadowy\/","title":{"rendered":"Jak wykorzysta\u0107 dach dwuspadowy"},"content":{"rendered":"<p class=\"p1\"><em>Dach dwuspadowy na gara\u017cu lub domku ogrodowym nie musi by\u0107 jedynie kwesti\u0105 estetyki. Przestrze\u0144 pod nim mo\u017cna praktycznie wykorzysta\u0107 do przechowywania r\u00f3\u017cnych rzeczy. Idealnie jest jednak, gdy przemy\u015bli si\u0119 t\u0119 mo\u017cliwo\u015b\u0107 z wyprzedzeniem \u2013 jeszcze przed zam\u00f3wieniem wybranej konstrukcji modu\u0142owej.  <\/em><\/p>\n<p><!--more--><\/p>\n","protected":false},"excerpt":{"rendered":"<p>Dach dwuspadowy na gara\u017cu lub domku ogrodowym nie musi by\u0107 jedynie kwesti\u0105 estetyki. Przestrze\u0144 pod nim mo\u017cna praktycznie wykorzysta\u0107 do przechowywania r\u00f3\u017cnych rzeczy. Idealnie jest jednak, gdy przemy\u015bli si\u0119 t\u0119 mo\u017cliwo\u015b\u0107 z wyprzedzeniem \u2013 jeszcze przed zam\u00f3wieniem wybranej konstrukcji modu\u0142owej.<\/p>\n","protected":false},"author":2,"featured_media":44893,"comment_status":"open","ping_status":"open","sticky":false,"template":"","format":"standard","meta":{"_acf_changed":false,"inline_featured_image":false,"footnotes":""},"categories":[632,578,607,580,594],"tags":[676,626,581,579],"class_list":["post-45691","post","type-post","status-publish","format-standard","has-post-thumbnail","hentry","category-domki-ogrodowe","category-garaze-blaszane","category-inspiracje","category-jak-to-zrobic-garaze-diy","category-ogrod","tag-dach-dwuspadowy","tag-domek-ogrodowy-2","tag-garaz","tag-gardeon"],"acf":[],"yoast_head":"<!-- This site is optimized with the Yoast SEO plugin v27.4 - https:\/\/yoast.com\/product\/yoast-seo-wordpress\/ -->\n<title>Jak wykorzysta\u0107 dach dwuspadowy | GARDEON<\/title>\n<meta name=\"robots\" content=\"index, follow, max-snippet:-1, max-image-preview:large, max-video-preview:-1\" \/>\n<link rel=\"canonical\" href=\"https:\/\/gardeon.pl\/pl\/blog\/jak-wykorzystac-dach-dwuspadowy\/\" \/>\n<meta property=\"og:locale\" content=\"pl_PL\" \/>\n<meta property=\"og:type\" content=\"article\" \/>\n<meta property=\"og:title\" content=\"Jak wykorzysta\u0107 dach dwuspadowy | GARDEON\" \/>\n<meta property=\"og:description\" content=\"Dach dwuspadowy na gara\u017cu lub domku ogrodowym nie musi by\u0107 jedynie kwesti\u0105 estetyki. Przestrze\u0144 pod nim mo\u017cna praktycznie wykorzysta\u0107 do przechowywania r\u00f3\u017cnych rzeczy. Idealnie jest jednak, gdy przemy\u015bli si\u0119 t\u0119 mo\u017cliwo\u015b\u0107 z wyprzedzeniem \u2013 jeszcze przed zam\u00f3wieniem wybranej konstrukcji modu\u0142owej.\" \/>\n<meta property=\"og:url\" content=\"https:\/\/gardeon.pl\/pl\/blog\/jak-wykorzystac-dach-dwuspadowy\/\" \/>\n<meta property=\"og:site_name\" content=\"GARDEON\" \/>\n<meta property=\"article:published_time\" content=\"2026-04-23T14:46:16+00:00\" \/>\n<meta property=\"og:image\" content=\"https:\/\/gardeon.pl\/wp-content\/uploads\/2023\/06\/gardeon-garaz-pre-dve-auta-sedlova-strecha-5345-NZ-detail-vnutro-4-1-scaled.webp\" \/>\n\t<meta property=\"og:image:width\" content=\"2560\" \/>\n\t<meta property=\"og:image:height\" content=\"1439\" \/>\n\t<meta property=\"og:image:type\" content=\"image\/webp\" \/>\n<meta name=\"author\" content=\"editor\" \/>\n<meta name=\"twitter:card\" content=\"summary_large_image\" \/>\n<meta name=\"twitter:label1\" content=\"Napisane przez\" \/>\n\t<meta name=\"twitter:data1\" content=\"editor\" \/>\n<script type=\"application\/ld+json\" class=\"yoast-schema-graph\">{\"@context\":\"https:\\\/\\\/schema.org\",\"@graph\":[{\"@type\":\"Article\",\"@id\":\"https:\\\/\\\/gardeon.pl\\\/pl\\\/blog\\\/jak-wykorzystac-dach-dwuspadowy\\\/#article\",\"isPartOf\":{\"@id\":\"https:\\\/\\\/gardeon.pl\\\/pl\\\/blog\\\/jak-wykorzystac-dach-dwuspadowy\\\/\"},\"author\":{\"name\":\"editor\",\"@id\":\"https:\\\/\\\/gardeon.pl\\\/#\\\/schema\\\/person\\\/a5762ca5f0790bf92774af0899379463\"},\"headline\":\"Jak wykorzysta\u0107 dach dwuspadowy\",\"datePublished\":\"2026-04-23T14:46:16+00:00\",\"mainEntityOfPage\":{\"@id\":\"https:\\\/\\\/gardeon.pl\\\/pl\\\/blog\\\/jak-wykorzystac-dach-dwuspadowy\\\/\"},\"wordCount\":50,\"commentCount\":0,\"image\":{\"@id\":\"https:\\\/\\\/gardeon.pl\\\/pl\\\/blog\\\/jak-wykorzystac-dach-dwuspadowy\\\/#primaryimage\"},\"thumbnailUrl\":\"https:\\\/\\\/gardeon.pl\\\/wp-content\\\/uploads\\\/2023\\\/06\\\/gardeon-garaz-pre-dve-auta-sedlova-strecha-5345-NZ-detail-vnutro-4-1-scaled.webp\",\"keywords\":[\"dach dwuspadowy\",\"domek ogrodowy\",\"gara\u017c\",\"GARDEON\"],\"articleSection\":[\"Domki ogrodowe\",\"Gara\u017ce blaszane\",\"Inspiracje\",\"Jak to zrobi\u0107 \u2013 gara\u017ce | DIY\",\"Ogr\u00f3d\"],\"inLanguage\":\"pl-PL\",\"potentialAction\":[{\"@type\":\"CommentAction\",\"name\":\"Comment\",\"target\":[\"https:\\\/\\\/gardeon.pl\\\/pl\\\/blog\\\/jak-wykorzystac-dach-dwuspadowy\\\/#respond\"]}]},{\"@type\":\"WebPage\",\"@id\":\"https:\\\/\\\/gardeon.pl\\\/pl\\\/blog\\\/jak-wykorzystac-dach-dwuspadowy\\\/\",\"url\":\"https:\\\/\\\/gardeon.pl\\\/pl\\\/blog\\\/jak-wykorzystac-dach-dwuspadowy\\\/\",\"name\":\"Jak wykorzysta\u0107 dach dwuspadowy | GARDEON\",\"isPartOf\":{\"@id\":\"https:\\\/\\\/gardeon.pl\\\/#website\"},\"primaryImageOfPage\":{\"@id\":\"https:\\\/\\\/gardeon.pl\\\/pl\\\/blog\\\/jak-wykorzystac-dach-dwuspadowy\\\/#primaryimage\"},\"image\":{\"@id\":\"https:\\\/\\\/gardeon.pl\\\/pl\\\/blog\\\/jak-wykorzystac-dach-dwuspadowy\\\/#primaryimage\"},\"thumbnailUrl\":\"https:\\\/\\\/gardeon.pl\\\/wp-content\\\/uploads\\\/2023\\\/06\\\/gardeon-garaz-pre-dve-auta-sedlova-strecha-5345-NZ-detail-vnutro-4-1-scaled.webp\",\"datePublished\":\"2026-04-23T14:46:16+00:00\",\"author\":{\"@id\":\"https:\\\/\\\/gardeon.pl\\\/#\\\/schema\\\/person\\\/a5762ca5f0790bf92774af0899379463\"},\"breadcrumb\":{\"@id\":\"https:\\\/\\\/gardeon.pl\\\/pl\\\/blog\\\/jak-wykorzystac-dach-dwuspadowy\\\/#breadcrumb\"},\"inLanguage\":\"pl-PL\",\"potentialAction\":[{\"@type\":\"ReadAction\",\"target\":[\"https:\\\/\\\/gardeon.pl\\\/pl\\\/blog\\\/jak-wykorzystac-dach-dwuspadowy\\\/\"]}]},{\"@type\":\"ImageObject\",\"inLanguage\":\"pl-PL\",\"@id\":\"https:\\\/\\\/gardeon.pl\\\/pl\\\/blog\\\/jak-wykorzystac-dach-dwuspadowy\\\/#primaryimage\",\"url\":\"https:\\\/\\\/gardeon.pl\\\/wp-content\\\/uploads\\\/2023\\\/06\\\/gardeon-garaz-pre-dve-auta-sedlova-strecha-5345-NZ-detail-vnutro-4-1-scaled.webp\",\"contentUrl\":\"https:\\\/\\\/gardeon.pl\\\/wp-content\\\/uploads\\\/2023\\\/06\\\/gardeon-garaz-pre-dve-auta-sedlova-strecha-5345-NZ-detail-vnutro-4-1-scaled.webp\",\"width\":2560,\"height\":1439,\"caption\":\"GARDEON gara\u017c dla dw\u00f3ch samochod\u00f3w dach dwuspadowy wn\u0119trze 1\"},{\"@type\":\"BreadcrumbList\",\"@id\":\"https:\\\/\\\/gardeon.pl\\\/pl\\\/blog\\\/jak-wykorzystac-dach-dwuspadowy\\\/#breadcrumb\",\"itemListElement\":[{\"@type\":\"ListItem\",\"position\":1,\"name\":\"Domov\",\"item\":\"https:\\\/\\\/gardeon.pl\\\/pl\\\/\"},{\"@type\":\"ListItem\",\"position\":2,\"name\":\"Jak wykorzysta\u0107 dach dwuspadowy\"}]},{\"@type\":\"WebSite\",\"@id\":\"https:\\\/\\\/gardeon.pl\\\/#website\",\"url\":\"https:\\\/\\\/gardeon.pl\\\/\",\"name\":\"GARDEON\",\"description\":\"\",\"potentialAction\":[{\"@type\":\"SearchAction\",\"target\":{\"@type\":\"EntryPoint\",\"urlTemplate\":\"https:\\\/\\\/gardeon.pl\\\/?s={search_term_string}\"},\"query-input\":{\"@type\":\"PropertyValueSpecification\",\"valueRequired\":true,\"valueName\":\"search_term_string\"}}],\"inLanguage\":\"pl-PL\"},{\"@type\":\"Person\",\"@id\":\"https:\\\/\\\/gardeon.pl\\\/#\\\/schema\\\/person\\\/a5762ca5f0790bf92774af0899379463\",\"name\":\"editor\",\"image\":{\"@type\":\"ImageObject\",\"inLanguage\":\"pl-PL\",\"@id\":\"https:\\\/\\\/secure.gravatar.com\\\/avatar\\\/2b748151c2c748327307fd289a91b3bdafdd9e64e2d000e65e53d6dcf11c5830?s=96&d=mm&r=g\",\"url\":\"https:\\\/\\\/secure.gravatar.com\\\/avatar\\\/2b748151c2c748327307fd289a91b3bdafdd9e64e2d000e65e53d6dcf11c5830?s=96&d=mm&r=g\",\"contentUrl\":\"https:\\\/\\\/secure.gravatar.com\\\/avatar\\\/2b748151c2c748327307fd289a91b3bdafdd9e64e2d000e65e53d6dcf11c5830?s=96&d=mm&r=g\",\"caption\":\"editor\"}}]}<\/script>\n<!-- \/ Yoast SEO plugin. -->","yoast_head_json":{"title":"Jak wykorzysta\u0107 dach dwuspadowy | GARDEON","robots":{"index":"index","follow":"follow","max-snippet":"max-snippet:-1","max-image-preview":"max-image-preview:large","max-video-preview":"max-video-preview:-1"},"canonical":"https:\/\/gardeon.pl\/pl\/blog\/jak-wykorzystac-dach-dwuspadowy\/","og_locale":"pl_PL","og_type":"article","og_title":"Jak wykorzysta\u0107 dach dwuspadowy | GARDEON","og_description":"Dach dwuspadowy na gara\u017cu lub domku ogrodowym nie musi by\u0107 jedynie kwesti\u0105 estetyki. Przestrze\u0144 pod nim mo\u017cna praktycznie wykorzysta\u0107 do przechowywania r\u00f3\u017cnych rzeczy. Idealnie jest jednak, gdy przemy\u015bli si\u0119 t\u0119 mo\u017cliwo\u015b\u0107 z wyprzedzeniem \u2013 jeszcze przed zam\u00f3wieniem wybranej konstrukcji modu\u0142owej.","og_url":"https:\/\/gardeon.pl\/pl\/blog\/jak-wykorzystac-dach-dwuspadowy\/","og_site_name":"GARDEON","article_published_time":"2026-04-23T14:46:16+00:00","og_image":[{"width":2560,"height":1439,"url":"https:\/\/gardeon.pl\/wp-content\/uploads\/2023\/06\/gardeon-garaz-pre-dve-auta-sedlova-strecha-5345-NZ-detail-vnutro-4-1-scaled.webp","type":"image\/webp"}],"author":"editor","twitter_card":"summary_large_image","twitter_misc":{"Napisane przez":"editor"},"schema":{"@context":"https:\/\/schema.org","@graph":[{"@type":"Article","@id":"https:\/\/gardeon.pl\/pl\/blog\/jak-wykorzystac-dach-dwuspadowy\/#article","isPartOf":{"@id":"https:\/\/gardeon.pl\/pl\/blog\/jak-wykorzystac-dach-dwuspadowy\/"},"author":{"name":"editor","@id":"https:\/\/gardeon.pl\/#\/schema\/person\/a5762ca5f0790bf92774af0899379463"},"headline":"Jak wykorzysta\u0107 dach dwuspadowy","datePublished":"2026-04-23T14:46:16+00:00","mainEntityOfPage":{"@id":"https:\/\/gardeon.pl\/pl\/blog\/jak-wykorzystac-dach-dwuspadowy\/"},"wordCount":50,"commentCount":0,"image":{"@id":"https:\/\/gardeon.pl\/pl\/blog\/jak-wykorzystac-dach-dwuspadowy\/#primaryimage"},"thumbnailUrl":"https:\/\/gardeon.pl\/wp-content\/uploads\/2023\/06\/gardeon-garaz-pre-dve-auta-sedlova-strecha-5345-NZ-detail-vnutro-4-1-scaled.webp","keywords":["dach dwuspadowy","domek ogrodowy","gara\u017c","GARDEON"],"articleSection":["Domki ogrodowe","Gara\u017ce blaszane","Inspiracje","Jak to zrobi\u0107 \u2013 gara\u017ce | DIY","Ogr\u00f3d"],"inLanguage":"pl-PL","potentialAction":[{"@type":"CommentAction","name":"Comment","target":["https:\/\/gardeon.pl\/pl\/blog\/jak-wykorzystac-dach-dwuspadowy\/#respond"]}]},{"@type":"WebPage","@id":"https:\/\/gardeon.pl\/pl\/blog\/jak-wykorzystac-dach-dwuspadowy\/","url":"https:\/\/gardeon.pl\/pl\/blog\/jak-wykorzystac-dach-dwuspadowy\/","name":"Jak wykorzysta\u0107 dach dwuspadowy | GARDEON","isPartOf":{"@id":"https:\/\/gardeon.pl\/#website"},"primaryImageOfPage":{"@id":"https:\/\/gardeon.pl\/pl\/blog\/jak-wykorzystac-dach-dwuspadowy\/#primaryimage"},"image":{"@id":"https:\/\/gardeon.pl\/pl\/blog\/jak-wykorzystac-dach-dwuspadowy\/#primaryimage"},"thumbnailUrl":"https:\/\/gardeon.pl\/wp-content\/uploads\/2023\/06\/gardeon-garaz-pre-dve-auta-sedlova-strecha-5345-NZ-detail-vnutro-4-1-scaled.webp","datePublished":"2026-04-23T14:46:16+00:00","author":{"@id":"https:\/\/gardeon.pl\/#\/schema\/person\/a5762ca5f0790bf92774af0899379463"},"breadcrumb":{"@id":"https:\/\/gardeon.pl\/pl\/blog\/jak-wykorzystac-dach-dwuspadowy\/#breadcrumb"},"inLanguage":"pl-PL","potentialAction":[{"@type":"ReadAction","target":["https:\/\/gardeon.pl\/pl\/blog\/jak-wykorzystac-dach-dwuspadowy\/"]}]},{"@type":"ImageObject","inLanguage":"pl-PL","@id":"https:\/\/gardeon.pl\/pl\/blog\/jak-wykorzystac-dach-dwuspadowy\/#primaryimage","url":"https:\/\/gardeon.pl\/wp-content\/uploads\/2023\/06\/gardeon-garaz-pre-dve-auta-sedlova-strecha-5345-NZ-detail-vnutro-4-1-scaled.webp","contentUrl":"https:\/\/gardeon.pl\/wp-content\/uploads\/2023\/06\/gardeon-garaz-pre-dve-auta-sedlova-strecha-5345-NZ-detail-vnutro-4-1-scaled.webp","width":2560,"height":1439,"caption":"GARDEON gara\u017c dla dw\u00f3ch samochod\u00f3w dach dwuspadowy wn\u0119trze 1"},{"@type":"BreadcrumbList","@id":"https:\/\/gardeon.pl\/pl\/blog\/jak-wykorzystac-dach-dwuspadowy\/#breadcrumb","itemListElement":[{"@type":"ListItem","position":1,"name":"Domov","item":"https:\/\/gardeon.pl\/pl\/"},{"@type":"ListItem","position":2,"name":"Jak wykorzysta\u0107 dach dwuspadowy"}]},{"@type":"WebSite","@id":"https:\/\/gardeon.pl\/#website","url":"https:\/\/gardeon.pl\/","name":"GARDEON","description":"","potentialAction":[{"@type":"SearchAction","target":{"@type":"EntryPoint","urlTemplate":"https:\/\/gardeon.pl\/?s={search_term_string}"},"query-input":{"@type":"PropertyValueSpecification","valueRequired":true,"valueName":"search_term_string"}}],"inLanguage":"pl-PL"},{"@type":"Person","@id":"https:\/\/gardeon.pl\/#\/schema\/person\/a5762ca5f0790bf92774af0899379463","name":"editor","image":{"@type":"ImageObject","inLanguage":"pl-PL","@id":"https:\/\/secure.gravatar.com\/avatar\/2b748151c2c748327307fd289a91b3bdafdd9e64e2d000e65e53d6dcf11c5830?s=96&d=mm&r=g","url":"https:\/\/secure.gravatar.com\/avatar\/2b748151c2c748327307fd289a91b3bdafdd9e64e2d000e65e53d6dcf11c5830?s=96&d=mm&r=g","contentUrl":"https:\/\/secure.gravatar.com\/avatar\/2b748151c2c748327307fd289a91b3bdafdd9e64e2d000e65e53d6dcf11c5830?s=96&d=mm&r=g","caption":"editor"}}]}},"_links":{"self":[{"href":"https:\/\/gardeon.pl\/pl\/wp-json\/wp\/v2\/posts\/45691","targetHints":{"allow":["GET"]}}],"collection":[{"href":"https:\/\/gardeon.pl\/pl\/wp-json\/wp\/v2\/posts"}],"about":[{"href":"https:\/\/gardeon.pl\/pl\/wp-json\/wp\/v2\/types\/post"}],"author":[{"embeddable":true,"href":"https:\/\/gardeon.pl\/pl\/wp-json\/wp\/v2\/users\/2"}],"replies":[{"embeddable":true,"href":"https:\/\/gardeon.pl\/pl\/wp-json\/wp\/v2\/comments?post=45691"}],"version-history":[{"count":0,"href":"https:\/\/gardeon.pl\/pl\/wp-json\/wp\/v2\/posts\/45691\/revisions"}],"wp:featuredmedia":[{"embeddable":true,"href":"https:\/\/gardeon.pl\/pl\/wp-json\/wp\/v2\/media\/44893"}],"wp:attachment":[{"href":"https:\/\/gardeon.pl\/pl\/wp-json\/wp\/v2\/media?parent=45691"}],"wp:term":[{"taxonomy":"category","embeddable":true,"href":"https:\/\/gardeon.pl\/pl\/wp-json\/wp\/v2\/categories?post=45691"},{"taxonomy":"post_tag","embeddable":true,"href":"https:\/\/gardeon.pl\/pl\/wp-json\/wp\/v2\/tags?post=45691"}],"curies":[{"name":"wp","href":"https:\/\/api.w.org\/{rel}","templated":true}]}}