{"id":45732,"date":"2026-04-23T16:46:28","date_gmt":"2026-04-23T14:46:28","guid":{"rendered":"https:\/\/gardeon.pl\/blog\/jak-swiatecznie-udekorowac-domek-ogrodowy-i-jego-otoczenie\/"},"modified":"2026-04-23T16:46:28","modified_gmt":"2026-04-23T14:46:28","slug":"jak-swiatecznie-udekorowac-domek-ogrodowy-i-jego-otoczenie","status":"publish","type":"post","link":"https:\/\/gardeon.pl\/pl\/blog\/jak-swiatecznie-udekorowac-domek-ogrodowy-i-jego-otoczenie\/","title":{"rendered":"Jak \u015bwi\u0105tecznie udekorowa\u0107 domek ogrodowy i jego otoczenie"},"content":{"rendered":"<p class=\"p1\"><em><span style=\"font-weight: 400;\">Pragn\u0105 Pa\u0144stwo poczu\u0107 \u015bwi\u0105teczn\u0105 atmosfer\u0119 r\u00f3wnie\u017c w swoim domku ogrodowym? Oto jak to osi\u0105gn\u0105\u0107. <\/span><\/em><\/p>\n<p class=\"p1\"><em><span style=\"font-weight: 400;\">Je\u015bli nale\u017c\u0105 Pa\u0144stwo do szcz\u0119\u015bliwc\u00f3w posiadaj\u0105cych domek ogrodowy i chc\u0105 Pa\u0144stwo przekszta\u0142ci\u0107 to niepozorne schronienie w \u015bwi\u0105teczn\u0105 krain\u0119 cud\u00f3w, to dobrze Pa\u0144stwo trafili. W naszym artykule przedstawimy kilka wskaz\u00f3wek, jak zamieni\u0107 Pa\u0144stwa ma\u0142\u0105, przytuln\u0105 chatk\u0119 i jej otoczenie w prawdziwy \u015bwi\u0105teczny raj. <\/span><\/em><\/p>\n<p><!--more--><\/p>\n","protected":false},"excerpt":{"rendered":"<p>Pragn\u0105 Pa\u0144stwo poczu\u0107 \u015bwi\u0105teczn\u0105 atmosfer\u0119 r\u00f3wnie\u017c w swoim domku ogrodowym? Oto jak to osi\u0105gn\u0105\u0107. Je\u015bli nale\u017c\u0105 Pa\u0144stwo do szcz\u0119\u015bliwc\u00f3w posiadaj\u0105cych domek ogrodowy i chc\u0105 Pa\u0144stwo przekszta\u0142ci\u0107 to niepozorne schronienie w \u015bwi\u0105teczn\u0105 krain\u0119 cud\u00f3w, to dobrze Pa\u0144stwo trafili. W naszym artykule przedstawimy kilka wskaz\u00f3wek, jak zamieni\u0107 Pa\u0144stwa ma\u0142\u0105, przytuln\u0105 chatk\u0119 i jej otoczenie w prawdziwy \u015bwi\u0105teczny [&hellip;]<\/p>\n","protected":false},"author":2,"featured_media":45755,"comment_status":"open","ping_status":"open","sticky":false,"template":"","format":"standard","meta":{"_acf_changed":false,"inline_featured_image":false,"footnotes":""},"categories":[632,631],"tags":[],"class_list":["post-45732","post","type-post","status-publish","format-standard","has-post-thumbnail","hentry","category-domki-ogrodowe","category-inne"],"acf":[],"yoast_head":"<!-- This site is optimized with the Yoast SEO plugin v27.4 - https:\/\/yoast.com\/product\/yoast-seo-wordpress\/ -->\n<title>Jak \u015bwi\u0105tecznie udekorowa\u0107 domek ogrodowy i jego otoczenie - GARDEON<\/title>\n<meta name=\"robots\" content=\"index, follow, max-snippet:-1, max-image-preview:large, max-video-preview:-1\" \/>\n<link rel=\"canonical\" href=\"https:\/\/gardeon.pl\/pl\/blog\/jak-swiatecznie-udekorowac-domek-ogrodowy-i-jego-otoczenie\/\" \/>\n<meta property=\"og:locale\" content=\"pl_PL\" \/>\n<meta property=\"og:type\" content=\"article\" \/>\n<meta property=\"og:title\" content=\"Jak \u015bwi\u0105tecznie udekorowa\u0107 domek ogrodowy i jego otoczenie - GARDEON\" \/>\n<meta property=\"og:description\" content=\"Pragn\u0105 Pa\u0144stwo poczu\u0107 \u015bwi\u0105teczn\u0105 atmosfer\u0119 r\u00f3wnie\u017c w swoim domku ogrodowym? Oto jak to osi\u0105gn\u0105\u0107. Je\u015bli nale\u017c\u0105 Pa\u0144stwo do szcz\u0119\u015bliwc\u00f3w posiadaj\u0105cych domek ogrodowy i chc\u0105 Pa\u0144stwo przekszta\u0142ci\u0107 to niepozorne schronienie w \u015bwi\u0105teczn\u0105 krain\u0119 cud\u00f3w, to dobrze Pa\u0144stwo trafili. W naszym artykule przedstawimy kilka wskaz\u00f3wek, jak zamieni\u0107 Pa\u0144stwa ma\u0142\u0105, przytuln\u0105 chatk\u0119 i jej otoczenie w prawdziwy \u015bwi\u0105teczny [&hellip;]\" \/>\n<meta property=\"og:url\" content=\"https:\/\/gardeon.pl\/pl\/blog\/jak-swiatecznie-udekorowac-domek-ogrodowy-i-jego-otoczenie\/\" \/>\n<meta property=\"og:site_name\" content=\"GARDEON\" \/>\n<meta property=\"article:published_time\" content=\"2026-04-23T14:46:28+00:00\" \/>\n<meta property=\"og:image\" content=\"https:\/\/gardeon.pl\/wp-content\/uploads\/2023\/12\/gardeon-vianocny-zahradny-domcek-1.jpg\" \/>\n\t<meta property=\"og:image:width\" content=\"1800\" \/>\n\t<meta property=\"og:image:height\" content=\"1200\" \/>\n\t<meta property=\"og:image:type\" content=\"image\/jpeg\" \/>\n<meta name=\"author\" content=\"editor\" \/>\n<meta name=\"twitter:card\" content=\"summary_large_image\" \/>\n<meta name=\"twitter:label1\" content=\"Napisane przez\" \/>\n\t<meta name=\"twitter:data1\" content=\"editor\" \/>\n<script type=\"application\/ld+json\" class=\"yoast-schema-graph\">{\"@context\":\"https:\\\/\\\/schema.org\",\"@graph\":[{\"@type\":\"Article\",\"@id\":\"https:\\\/\\\/gardeon.pl\\\/pl\\\/blog\\\/jak-swiatecznie-udekorowac-domek-ogrodowy-i-jego-otoczenie\\\/#article\",\"isPartOf\":{\"@id\":\"https:\\\/\\\/gardeon.pl\\\/pl\\\/blog\\\/jak-swiatecznie-udekorowac-domek-ogrodowy-i-jego-otoczenie\\\/\"},\"author\":{\"name\":\"editor\",\"@id\":\"https:\\\/\\\/gardeon.pl\\\/#\\\/schema\\\/person\\\/a5762ca5f0790bf92774af0899379463\"},\"headline\":\"Jak \u015bwi\u0105tecznie udekorowa\u0107 domek ogrodowy i jego otoczenie\",\"datePublished\":\"2026-04-23T14:46:28+00:00\",\"mainEntityOfPage\":{\"@id\":\"https:\\\/\\\/gardeon.pl\\\/pl\\\/blog\\\/jak-swiatecznie-udekorowac-domek-ogrodowy-i-jego-otoczenie\\\/\"},\"wordCount\":82,\"commentCount\":0,\"image\":{\"@id\":\"https:\\\/\\\/gardeon.pl\\\/pl\\\/blog\\\/jak-swiatecznie-udekorowac-domek-ogrodowy-i-jego-otoczenie\\\/#primaryimage\"},\"thumbnailUrl\":\"https:\\\/\\\/gardeon.pl\\\/wp-content\\\/uploads\\\/2023\\\/12\\\/gardeon-vianocny-zahradny-domcek-1.jpg\",\"articleSection\":[\"Domki ogrodowe\",\"Inne\"],\"inLanguage\":\"pl-PL\",\"potentialAction\":[{\"@type\":\"CommentAction\",\"name\":\"Comment\",\"target\":[\"https:\\\/\\\/gardeon.pl\\\/pl\\\/blog\\\/jak-swiatecznie-udekorowac-domek-ogrodowy-i-jego-otoczenie\\\/#respond\"]}]},{\"@type\":\"WebPage\",\"@id\":\"https:\\\/\\\/gardeon.pl\\\/pl\\\/blog\\\/jak-swiatecznie-udekorowac-domek-ogrodowy-i-jego-otoczenie\\\/\",\"url\":\"https:\\\/\\\/gardeon.pl\\\/pl\\\/blog\\\/jak-swiatecznie-udekorowac-domek-ogrodowy-i-jego-otoczenie\\\/\",\"name\":\"Jak \u015bwi\u0105tecznie udekorowa\u0107 domek ogrodowy i jego otoczenie - GARDEON\",\"isPartOf\":{\"@id\":\"https:\\\/\\\/gardeon.pl\\\/#website\"},\"primaryImageOfPage\":{\"@id\":\"https:\\\/\\\/gardeon.pl\\\/pl\\\/blog\\\/jak-swiatecznie-udekorowac-domek-ogrodowy-i-jego-otoczenie\\\/#primaryimage\"},\"image\":{\"@id\":\"https:\\\/\\\/gardeon.pl\\\/pl\\\/blog\\\/jak-swiatecznie-udekorowac-domek-ogrodowy-i-jego-otoczenie\\\/#primaryimage\"},\"thumbnailUrl\":\"https:\\\/\\\/gardeon.pl\\\/wp-content\\\/uploads\\\/2023\\\/12\\\/gardeon-vianocny-zahradny-domcek-1.jpg\",\"datePublished\":\"2026-04-23T14:46:28+00:00\",\"author\":{\"@id\":\"https:\\\/\\\/gardeon.pl\\\/#\\\/schema\\\/person\\\/a5762ca5f0790bf92774af0899379463\"},\"breadcrumb\":{\"@id\":\"https:\\\/\\\/gardeon.pl\\\/pl\\\/blog\\\/jak-swiatecznie-udekorowac-domek-ogrodowy-i-jego-otoczenie\\\/#breadcrumb\"},\"inLanguage\":\"pl-PL\",\"potentialAction\":[{\"@type\":\"ReadAction\",\"target\":[\"https:\\\/\\\/gardeon.pl\\\/pl\\\/blog\\\/jak-swiatecznie-udekorowac-domek-ogrodowy-i-jego-otoczenie\\\/\"]}]},{\"@type\":\"ImageObject\",\"inLanguage\":\"pl-PL\",\"@id\":\"https:\\\/\\\/gardeon.pl\\\/pl\\\/blog\\\/jak-swiatecznie-udekorowac-domek-ogrodowy-i-jego-otoczenie\\\/#primaryimage\",\"url\":\"https:\\\/\\\/gardeon.pl\\\/wp-content\\\/uploads\\\/2023\\\/12\\\/gardeon-vianocny-zahradny-domcek-1.jpg\",\"contentUrl\":\"https:\\\/\\\/gardeon.pl\\\/wp-content\\\/uploads\\\/2023\\\/12\\\/gardeon-vianocny-zahradny-domcek-1.jpg\",\"width\":1800,\"height\":1200,\"caption\":\"\u015awi\u0105tecznie udekorowany domek ogrodowy z wiat\u0105.\"},{\"@type\":\"BreadcrumbList\",\"@id\":\"https:\\\/\\\/gardeon.pl\\\/pl\\\/blog\\\/jak-swiatecznie-udekorowac-domek-ogrodowy-i-jego-otoczenie\\\/#breadcrumb\",\"itemListElement\":[{\"@type\":\"ListItem\",\"position\":1,\"name\":\"Domov\",\"item\":\"https:\\\/\\\/gardeon.pl\\\/pl\\\/\"},{\"@type\":\"ListItem\",\"position\":2,\"name\":\"Jak \u015bwi\u0105tecznie udekorowa\u0107 domek ogrodowy i jego otoczenie\"}]},{\"@type\":\"WebSite\",\"@id\":\"https:\\\/\\\/gardeon.pl\\\/#website\",\"url\":\"https:\\\/\\\/gardeon.pl\\\/\",\"name\":\"GARDEON\",\"description\":\"\",\"potentialAction\":[{\"@type\":\"SearchAction\",\"target\":{\"@type\":\"EntryPoint\",\"urlTemplate\":\"https:\\\/\\\/gardeon.pl\\\/?s={search_term_string}\"},\"query-input\":{\"@type\":\"PropertyValueSpecification\",\"valueRequired\":true,\"valueName\":\"search_term_string\"}}],\"inLanguage\":\"pl-PL\"},{\"@type\":\"Person\",\"@id\":\"https:\\\/\\\/gardeon.pl\\\/#\\\/schema\\\/person\\\/a5762ca5f0790bf92774af0899379463\",\"name\":\"editor\",\"image\":{\"@type\":\"ImageObject\",\"inLanguage\":\"pl-PL\",\"@id\":\"https:\\\/\\\/secure.gravatar.com\\\/avatar\\\/2b748151c2c748327307fd289a91b3bdafdd9e64e2d000e65e53d6dcf11c5830?s=96&d=mm&r=g\",\"url\":\"https:\\\/\\\/secure.gravatar.com\\\/avatar\\\/2b748151c2c748327307fd289a91b3bdafdd9e64e2d000e65e53d6dcf11c5830?s=96&d=mm&r=g\",\"contentUrl\":\"https:\\\/\\\/secure.gravatar.com\\\/avatar\\\/2b748151c2c748327307fd289a91b3bdafdd9e64e2d000e65e53d6dcf11c5830?s=96&d=mm&r=g\",\"caption\":\"editor\"}}]}<\/script>\n<!-- \/ Yoast SEO plugin. -->","yoast_head_json":{"title":"Jak \u015bwi\u0105tecznie udekorowa\u0107 domek ogrodowy i jego otoczenie - GARDEON","robots":{"index":"index","follow":"follow","max-snippet":"max-snippet:-1","max-image-preview":"max-image-preview:large","max-video-preview":"max-video-preview:-1"},"canonical":"https:\/\/gardeon.pl\/pl\/blog\/jak-swiatecznie-udekorowac-domek-ogrodowy-i-jego-otoczenie\/","og_locale":"pl_PL","og_type":"article","og_title":"Jak \u015bwi\u0105tecznie udekorowa\u0107 domek ogrodowy i jego otoczenie - GARDEON","og_description":"Pragn\u0105 Pa\u0144stwo poczu\u0107 \u015bwi\u0105teczn\u0105 atmosfer\u0119 r\u00f3wnie\u017c w swoim domku ogrodowym? Oto jak to osi\u0105gn\u0105\u0107. Je\u015bli nale\u017c\u0105 Pa\u0144stwo do szcz\u0119\u015bliwc\u00f3w posiadaj\u0105cych domek ogrodowy i chc\u0105 Pa\u0144stwo przekszta\u0142ci\u0107 to niepozorne schronienie w \u015bwi\u0105teczn\u0105 krain\u0119 cud\u00f3w, to dobrze Pa\u0144stwo trafili. W naszym artykule przedstawimy kilka wskaz\u00f3wek, jak zamieni\u0107 Pa\u0144stwa ma\u0142\u0105, przytuln\u0105 chatk\u0119 i jej otoczenie w prawdziwy \u015bwi\u0105teczny [&hellip;]","og_url":"https:\/\/gardeon.pl\/pl\/blog\/jak-swiatecznie-udekorowac-domek-ogrodowy-i-jego-otoczenie\/","og_site_name":"GARDEON","article_published_time":"2026-04-23T14:46:28+00:00","og_image":[{"width":1800,"height":1200,"url":"https:\/\/gardeon.pl\/wp-content\/uploads\/2023\/12\/gardeon-vianocny-zahradny-domcek-1.jpg","type":"image\/jpeg"}],"author":"editor","twitter_card":"summary_large_image","twitter_misc":{"Napisane przez":"editor"},"schema":{"@context":"https:\/\/schema.org","@graph":[{"@type":"Article","@id":"https:\/\/gardeon.pl\/pl\/blog\/jak-swiatecznie-udekorowac-domek-ogrodowy-i-jego-otoczenie\/#article","isPartOf":{"@id":"https:\/\/gardeon.pl\/pl\/blog\/jak-swiatecznie-udekorowac-domek-ogrodowy-i-jego-otoczenie\/"},"author":{"name":"editor","@id":"https:\/\/gardeon.pl\/#\/schema\/person\/a5762ca5f0790bf92774af0899379463"},"headline":"Jak \u015bwi\u0105tecznie udekorowa\u0107 domek ogrodowy i jego otoczenie","datePublished":"2026-04-23T14:46:28+00:00","mainEntityOfPage":{"@id":"https:\/\/gardeon.pl\/pl\/blog\/jak-swiatecznie-udekorowac-domek-ogrodowy-i-jego-otoczenie\/"},"wordCount":82,"commentCount":0,"image":{"@id":"https:\/\/gardeon.pl\/pl\/blog\/jak-swiatecznie-udekorowac-domek-ogrodowy-i-jego-otoczenie\/#primaryimage"},"thumbnailUrl":"https:\/\/gardeon.pl\/wp-content\/uploads\/2023\/12\/gardeon-vianocny-zahradny-domcek-1.jpg","articleSection":["Domki ogrodowe","Inne"],"inLanguage":"pl-PL","potentialAction":[{"@type":"CommentAction","name":"Comment","target":["https:\/\/gardeon.pl\/pl\/blog\/jak-swiatecznie-udekorowac-domek-ogrodowy-i-jego-otoczenie\/#respond"]}]},{"@type":"WebPage","@id":"https:\/\/gardeon.pl\/pl\/blog\/jak-swiatecznie-udekorowac-domek-ogrodowy-i-jego-otoczenie\/","url":"https:\/\/gardeon.pl\/pl\/blog\/jak-swiatecznie-udekorowac-domek-ogrodowy-i-jego-otoczenie\/","name":"Jak \u015bwi\u0105tecznie udekorowa\u0107 domek ogrodowy i jego otoczenie - GARDEON","isPartOf":{"@id":"https:\/\/gardeon.pl\/#website"},"primaryImageOfPage":{"@id":"https:\/\/gardeon.pl\/pl\/blog\/jak-swiatecznie-udekorowac-domek-ogrodowy-i-jego-otoczenie\/#primaryimage"},"image":{"@id":"https:\/\/gardeon.pl\/pl\/blog\/jak-swiatecznie-udekorowac-domek-ogrodowy-i-jego-otoczenie\/#primaryimage"},"thumbnailUrl":"https:\/\/gardeon.pl\/wp-content\/uploads\/2023\/12\/gardeon-vianocny-zahradny-domcek-1.jpg","datePublished":"2026-04-23T14:46:28+00:00","author":{"@id":"https:\/\/gardeon.pl\/#\/schema\/person\/a5762ca5f0790bf92774af0899379463"},"breadcrumb":{"@id":"https:\/\/gardeon.pl\/pl\/blog\/jak-swiatecznie-udekorowac-domek-ogrodowy-i-jego-otoczenie\/#breadcrumb"},"inLanguage":"pl-PL","potentialAction":[{"@type":"ReadAction","target":["https:\/\/gardeon.pl\/pl\/blog\/jak-swiatecznie-udekorowac-domek-ogrodowy-i-jego-otoczenie\/"]}]},{"@type":"ImageObject","inLanguage":"pl-PL","@id":"https:\/\/gardeon.pl\/pl\/blog\/jak-swiatecznie-udekorowac-domek-ogrodowy-i-jego-otoczenie\/#primaryimage","url":"https:\/\/gardeon.pl\/wp-content\/uploads\/2023\/12\/gardeon-vianocny-zahradny-domcek-1.jpg","contentUrl":"https:\/\/gardeon.pl\/wp-content\/uploads\/2023\/12\/gardeon-vianocny-zahradny-domcek-1.jpg","width":1800,"height":1200,"caption":"\u015awi\u0105tecznie udekorowany domek ogrodowy z wiat\u0105."},{"@type":"BreadcrumbList","@id":"https:\/\/gardeon.pl\/pl\/blog\/jak-swiatecznie-udekorowac-domek-ogrodowy-i-jego-otoczenie\/#breadcrumb","itemListElement":[{"@type":"ListItem","position":1,"name":"Domov","item":"https:\/\/gardeon.pl\/pl\/"},{"@type":"ListItem","position":2,"name":"Jak \u015bwi\u0105tecznie udekorowa\u0107 domek ogrodowy i jego otoczenie"}]},{"@type":"WebSite","@id":"https:\/\/gardeon.pl\/#website","url":"https:\/\/gardeon.pl\/","name":"GARDEON","description":"","potentialAction":[{"@type":"SearchAction","target":{"@type":"EntryPoint","urlTemplate":"https:\/\/gardeon.pl\/?s={search_term_string}"},"query-input":{"@type":"PropertyValueSpecification","valueRequired":true,"valueName":"search_term_string"}}],"inLanguage":"pl-PL"},{"@type":"Person","@id":"https:\/\/gardeon.pl\/#\/schema\/person\/a5762ca5f0790bf92774af0899379463","name":"editor","image":{"@type":"ImageObject","inLanguage":"pl-PL","@id":"https:\/\/secure.gravatar.com\/avatar\/2b748151c2c748327307fd289a91b3bdafdd9e64e2d000e65e53d6dcf11c5830?s=96&d=mm&r=g","url":"https:\/\/secure.gravatar.com\/avatar\/2b748151c2c748327307fd289a91b3bdafdd9e64e2d000e65e53d6dcf11c5830?s=96&d=mm&r=g","contentUrl":"https:\/\/secure.gravatar.com\/avatar\/2b748151c2c748327307fd289a91b3bdafdd9e64e2d000e65e53d6dcf11c5830?s=96&d=mm&r=g","caption":"editor"}}]}},"_links":{"self":[{"href":"https:\/\/gardeon.pl\/pl\/wp-json\/wp\/v2\/posts\/45732","targetHints":{"allow":["GET"]}}],"collection":[{"href":"https:\/\/gardeon.pl\/pl\/wp-json\/wp\/v2\/posts"}],"about":[{"href":"https:\/\/gardeon.pl\/pl\/wp-json\/wp\/v2\/types\/post"}],"author":[{"embeddable":true,"href":"https:\/\/gardeon.pl\/pl\/wp-json\/wp\/v2\/users\/2"}],"replies":[{"embeddable":true,"href":"https:\/\/gardeon.pl\/pl\/wp-json\/wp\/v2\/comments?post=45732"}],"version-history":[{"count":0,"href":"https:\/\/gardeon.pl\/pl\/wp-json\/wp\/v2\/posts\/45732\/revisions"}],"wp:featuredmedia":[{"embeddable":true,"href":"https:\/\/gardeon.pl\/pl\/wp-json\/wp\/v2\/media\/45755"}],"wp:attachment":[{"href":"https:\/\/gardeon.pl\/pl\/wp-json\/wp\/v2\/media?parent=45732"}],"wp:term":[{"taxonomy":"category","embeddable":true,"href":"https:\/\/gardeon.pl\/pl\/wp-json\/wp\/v2\/categories?post=45732"},{"taxonomy":"post_tag","embeddable":true,"href":"https:\/\/gardeon.pl\/pl\/wp-json\/wp\/v2\/tags?post=45732"}],"curies":[{"name":"wp","href":"https:\/\/api.w.org\/{rel}","templated":true}]}}