{"id":45774,"date":"2026-04-23T16:46:40","date_gmt":"2026-04-23T14:46:40","guid":{"rendered":"https:\/\/gardeon.pl\/blog\/co-zrobic-gdy-brama-sterowana-elektrycznie-ulegnie-awarii\/"},"modified":"2026-04-23T16:46:40","modified_gmt":"2026-04-23T14:46:40","slug":"co-zrobic-gdy-brama-sterowana-elektrycznie-ulegnie-awarii","status":"publish","type":"post","link":"https:\/\/gardeon.pl\/pl\/blog\/co-zrobic-gdy-brama-sterowana-elektrycznie-ulegnie-awarii\/","title":{"rendered":"Co zrobi\u0107, gdy brama sterowana elektrycznie ulegnie awarii?"},"content":{"rendered":"<p class=\"p1\"><i>Wracaj\u0105 Pa\u0144stwo do domu z pracy, kieruj\u0105 si\u0119 do gara\u017cu, aby zaparkowa\u0107 jak zwykle, a brama si\u0119 nie otwiera. Prosz\u0119 nie panikowa\u0107. Gdy nast\u0119pnym razem znajd\u0105 si\u0119 Pa\u0144stwo w takiej sytuacji, dzi\u0119ki naszym wskaz\u00f3wkom b\u0119d\u0105 Pa\u0144stwo wiedzie\u0107, jak post\u0119powa\u0107.  <\/i><\/p>\n<p><!--more--><\/p>\n<h2 style=\"text-align: center;\">Sprawd\u017a baterie i zasilanie elektryczne<\/h2>\n<p class=\"p1\">Nie lekcewa\u017cymy Pa\u0144stwa wiedzy, ale najprostsze wyja\u015bnienia cz\u0119sto umykaj\u0105 naszej uwadze. Pozorny problem mo\u017ce by\u0107 poprzedzony zupe\u0142nie zwyczajn\u0105 usterk\u0105. Prosz\u0119 sprawdzi\u0107 baterie z pilota w innym urz\u0105dzeniu i upewni\u0107 si\u0119, czy nie s\u0105 roz\u0142adowane. Prosz\u0119 r\u00f3wnie\u017c sprawdzi\u0107 zasilanie elektryczne i to, czy wtyczka nie jest wyci\u0105gni\u0119ta z gniazdka. Wszystko w porz\u0105dku? Co teraz?     <\/p>\n<p><img loading=\"lazy\" decoding=\"async\" class=\"wp-image-28100 aligncenter\" src=\"http:\/\/gardeon.pl\/wp-content\/uploads\/2020\/09\/gardeon-montaz-60.jpg\" alt=\"Monta\u017c nap\u0119du Hormann SupraMatic\" width=\"800\" height=\"532\" srcset=\"https:\/\/gardeon.pl\/wp-content\/uploads\/2020\/09\/gardeon-montaz-60.jpg 2000w, https:\/\/gardeon.pl\/wp-content\/uploads\/2020\/09\/gardeon-montaz-60-300x200.jpg 300w, https:\/\/gardeon.pl\/wp-content\/uploads\/2020\/09\/gardeon-montaz-60-1024x681.jpg 1024w, https:\/\/gardeon.pl\/wp-content\/uploads\/2020\/09\/gardeon-montaz-60-768x511.jpg 768w, https:\/\/gardeon.pl\/wp-content\/uploads\/2020\/09\/gardeon-montaz-60-1536x1022.jpg 1536w\" sizes=\"auto, (max-width: 800px) 100vw, 800px\" \/><\/p>\n<h2 style=\"text-align: center;\">Wypr\u00f3buj w\u0142asn\u0105 si\u0142\u0119<\/h2>\n<p class=\"p1\">Wi\u0119kszo\u015b\u0107 <a href=\"https:\/\/gardeon.pl\/garaze\/prislusenstvi\/garazove-brany\/vyklopne\/\"><span class=\"s1\">uchylnych bram gara\u017cowych<\/span><\/a> posiada wbudowan\u0105 opcj\u0119 awaryjnego odblokowania. Funkcja ta zwalnia g\u0142\u00f3wn\u0105 zapadk\u0119 na nap\u0119dzie w przypadku zablokowania bramy, gdy potrzebuj\u0105 Pa\u0144stwo wyjecha\u0107 z <a href=\"https:\/\/gardeon.pl\/garaze\/\"><span class=\"s1\">gara\u017cu<\/span><\/a>. W ten spos\u00f3b mo\u017cna \u0142atwo otworzy\u0107 bram\u0119 zawsze, gdy zabraknie pr\u0105du.  <\/p>\n<p><a href=\"http:\/\/gardeon.pl\/wp-content\/uploads\/2021\/02\/gardeon-radove-garaze-trencianske-teplice-34.jpg\"><img loading=\"lazy\" decoding=\"async\" class=\"aligncenter wp-image-30905\" src=\"http:\/\/gardeon.pl\/wp-content\/uploads\/2021\/02\/gardeon-radove-garaze-trencianske-teplice-34.jpg\" alt=\"Wiercenie bramy gara\u017cowej\" width=\"800\" height=\"533\" srcset=\"https:\/\/gardeon.pl\/wp-content\/uploads\/2021\/02\/gardeon-radove-garaze-trencianske-teplice-34.jpg 2000w, https:\/\/gardeon.pl\/wp-content\/uploads\/2021\/02\/gardeon-radove-garaze-trencianske-teplice-34-300x200.jpg 300w, https:\/\/gardeon.pl\/wp-content\/uploads\/2021\/02\/gardeon-radove-garaze-trencianske-teplice-34-1024x682.jpg 1024w, https:\/\/gardeon.pl\/wp-content\/uploads\/2021\/02\/gardeon-radove-garaze-trencianske-teplice-34-768x512.jpg 768w, https:\/\/gardeon.pl\/wp-content\/uploads\/2021\/02\/gardeon-radove-garaze-trencianske-teplice-34-1536x1024.jpg 1536w\" sizes=\"auto, (max-width: 800px) 100vw, 800px\" \/><\/a><\/p>\n<p class=\"p1\">Odblokuj zapadk\u0119 i spr\u00f3buj otworzy\u0107 bram\u0119 r\u0119cznie. Je\u015bli nie uda si\u0119 Pa\u0144stwu podnie\u015b\u0107 <a href=\"https:\/\/gardeon.pl\/garaze\/prislusenstvi\/garazove-brany\/\"><span class=\"s1\">bramy<\/span><\/a>, problem mo\u017ce le\u017ce\u0107 w spr\u0119\u017cynach lub prowadnicach. Prosz\u0119 sprawdzi\u0107, czy nie ma w nich zaklinowanych przedmiot\u00f3w, kt\u00f3re mog\u0105 powodowa\u0107 problem z otwieraniem. Nic Pa\u0144stwo nie znale\u017ali?   <\/p>\n<h2 style=\"text-align: center;\">Sprawd\u017a czujniki bezpiecze\u0144stwa<\/h2>\n<p class=\"p1\">Zadaniem czujnik\u00f3w bezpiecze\u0144stwa w przypadku montowanych bram gara\u017cowych jest ochrona bramy przed uderzeniem w przedmiot, kt\u00f3ry m\u00f3g\u0142by znajdowa\u0107 si\u0119 na jej drodze.<\/p>\n<p><a href=\"http:\/\/gardeon.pl\/wp-content\/uploads\/2021\/02\/gardeon-radove-garaze-trencianske-teplice-37.jpg\"><img loading=\"lazy\" decoding=\"async\" class=\"aligncenter wp-image-30911\" src=\"http:\/\/gardeon.pl\/wp-content\/uploads\/2021\/02\/gardeon-radove-garaze-trencianske-teplice-37.jpg\" alt=\"Klucz do bramy gara\u017cowej\" width=\"800\" height=\"533\" srcset=\"https:\/\/gardeon.pl\/wp-content\/uploads\/2021\/02\/gardeon-radove-garaze-trencianske-teplice-37.jpg 2000w, https:\/\/gardeon.pl\/wp-content\/uploads\/2021\/02\/gardeon-radove-garaze-trencianske-teplice-37-300x200.jpg 300w, https:\/\/gardeon.pl\/wp-content\/uploads\/2021\/02\/gardeon-radove-garaze-trencianske-teplice-37-1024x682.jpg 1024w, https:\/\/gardeon.pl\/wp-content\/uploads\/2021\/02\/gardeon-radove-garaze-trencianske-teplice-37-768x512.jpg 768w, https:\/\/gardeon.pl\/wp-content\/uploads\/2021\/02\/gardeon-radove-garaze-trencianske-teplice-37-1536x1024.jpg 1536w\" sizes=\"auto, (max-width: 800px) 100vw, 800px\" \/><\/a><\/p>\n<p class=\"p1\">Prosz\u0119 upewni\u0107 si\u0119, \u017ce na drodze bramy nie ma \u017cadnych przeszk\u00f3d. B\u0142\u0105d mo\u017ce r\u00f3wnie\u017c wynika\u0107 z zabrudzonych czujnik\u00f3w. Prosz\u0119 sprawdzi\u0107, czy kurz i brud nie utrudniaj\u0105 ich prawid\u0142owego dzia\u0142ania.  <\/p>\n<h2 style=\"text-align: center;\">Mo\u017ce to by\u0107 r\u00f3wnie\u017c silnik<\/h2>\n<p class=\"p1\">Je\u015bli nie zidentyfikowali Pa\u0144stwo problemu w \u017cadnym z wymienionych przypadk\u00f3w, mo\u017ce to by\u0107 przegrzany silnik. Przyczyn\u0105 bywa cz\u0119ste otwieranie bramy w kr\u00f3tkich odst\u0119pach czasu lub wysokie temperatury letnie. W\u00f3wczas nale\u017cy poczeka\u0107 i pozwoli\u0107 silnikowi ostygn\u0105\u0107.  <\/p>\n<p><img loading=\"lazy\" decoding=\"async\" class=\"aligncenter wp-image-30897\" src=\"http:\/\/gardeon.pl\/wp-content\/uploads\/2021\/02\/gardeon-radove-garaze-trencianske-teplice-30.jpg\" alt=\"Hormann ProLift\" width=\"800\" height=\"533\" srcset=\"https:\/\/gardeon.pl\/wp-content\/uploads\/2021\/02\/gardeon-radove-garaze-trencianske-teplice-30.jpg 2000w, https:\/\/gardeon.pl\/wp-content\/uploads\/2021\/02\/gardeon-radove-garaze-trencianske-teplice-30-300x200.jpg 300w, https:\/\/gardeon.pl\/wp-content\/uploads\/2021\/02\/gardeon-radove-garaze-trencianske-teplice-30-1024x682.jpg 1024w, https:\/\/gardeon.pl\/wp-content\/uploads\/2021\/02\/gardeon-radove-garaze-trencianske-teplice-30-768x512.jpg 768w, https:\/\/gardeon.pl\/wp-content\/uploads\/2021\/02\/gardeon-radove-garaze-trencianske-teplice-30-1536x1024.jpg 1536w\" sizes=\"auto, (max-width: 800px) 100vw, 800px\" \/><\/p>\n<p class=\"p1\">Je\u015bli nie s\u0105 Pa\u0144stwo pewni, co si\u0119 sta\u0142o lub nie potrafi\u0105 Pa\u0144stwo znale\u017a\u0107 rozwi\u0105zania, prosimy o kontakt z odpowiednim dostawc\u0105 bram. Odpowiedzialny producent lub dostawca ch\u0119tnie doradzi i wy\u015ble do Pa\u0144stwa wykwalifikowanych pracownik\u00f3w, kt\u00f3rzy rozwi\u0105\u017c\u0105 problem. <\/p>\n<p>&nbsp;<\/p>\n<h5>\u0179r\u00f3d\u0142o (Source):<\/h5>\n<h5>Fotobank GARDEON<\/h5>\n","protected":false},"excerpt":{"rendered":"<p>Wracaj\u0105 Pa\u0144stwo do domu z pracy, kieruj\u0105 si\u0119 do gara\u017cu, aby zaparkowa\u0107 jak zwykle, a brama si\u0119 nie otwiera. Prosz\u0119 nie panikowa\u0107. Gdy nast\u0119pnym razem znajd\u0105 si\u0119 Pa\u0144stwo w takiej sytuacji, dzi\u0119ki naszym wskaz\u00f3wkom b\u0119d\u0105 Pa\u0144stwo wiedzie\u0107, jak post\u0119powa\u0107.<\/p>\n","protected":false},"author":2,"featured_media":45781,"comment_status":"open","ping_status":"open","sticky":false,"template":"","format":"standard","meta":{"_acf_changed":false,"inline_featured_image":false,"footnotes":""},"categories":[578,580,618],"tags":[587,581,650,588,684,579],"class_list":["post-45774","post","type-post","status-publish","format-standard","has-post-thumbnail","hentry","category-garaze-blaszane","category-jak-to-zrobic-garaze-diy","category-konserwacja-i-pielegnacja","tag-brama-garazowa","tag-garaz","tag-garaz-gardeon-2","tag-garaz-montowany","tag-garaze-modulowe","tag-gardeon"],"acf":[],"yoast_head":"<!-- This site is optimized with the Yoast SEO plugin v27.4 - https:\/\/yoast.com\/product\/yoast-seo-wordpress\/ -->\n<title>Co zrobi\u0107, gdy brama sterowana elektrycznie ulegnie awarii? | GARDEON<\/title>\n<meta name=\"robots\" content=\"index, follow, max-snippet:-1, max-image-preview:large, max-video-preview:-1\" \/>\n<link rel=\"canonical\" href=\"https:\/\/gardeon.pl\/pl\/blog\/co-zrobic-gdy-brama-sterowana-elektrycznie-ulegnie-awarii\/\" \/>\n<meta property=\"og:locale\" content=\"pl_PL\" \/>\n<meta property=\"og:type\" content=\"article\" \/>\n<meta property=\"og:title\" content=\"Co zrobi\u0107, gdy brama sterowana elektrycznie ulegnie awarii? | GARDEON\" \/>\n<meta property=\"og:description\" content=\"Wracaj\u0105 Pa\u0144stwo do domu z pracy, kieruj\u0105 si\u0119 do gara\u017cu, aby zaparkowa\u0107 jak zwykle, a brama si\u0119 nie otwiera. Prosz\u0119 nie panikowa\u0107. Gdy nast\u0119pnym razem znajd\u0105 si\u0119 Pa\u0144stwo w takiej sytuacji, dzi\u0119ki naszym wskaz\u00f3wkom b\u0119d\u0105 Pa\u0144stwo wiedzie\u0107, jak post\u0119powa\u0107.\" \/>\n<meta property=\"og:url\" content=\"https:\/\/gardeon.pl\/pl\/blog\/co-zrobic-gdy-brama-sterowana-elektrycznie-ulegnie-awarii\/\" \/>\n<meta property=\"og:site_name\" content=\"GARDEON\" \/>\n<meta property=\"article:published_time\" content=\"2026-04-23T14:46:40+00:00\" \/>\n<meta property=\"og:image\" content=\"https:\/\/gardeon.pl\/wp-content\/uploads\/2021\/02\/gardeon-radove-garaze-trencianske-teplice-36.jpg\" \/>\n\t<meta property=\"og:image:width\" content=\"2000\" \/>\n\t<meta property=\"og:image:height\" content=\"1333\" \/>\n\t<meta property=\"og:image:type\" content=\"image\/jpeg\" \/>\n<meta name=\"author\" content=\"editor\" \/>\n<meta name=\"twitter:card\" content=\"summary_large_image\" \/>\n<meta name=\"twitter:label1\" content=\"Napisane przez\" \/>\n\t<meta name=\"twitter:data1\" content=\"editor\" \/>\n\t<meta name=\"twitter:label2\" content=\"Szacowany czas czytania\" \/>\n\t<meta name=\"twitter:data2\" content=\"2 minuty\" \/>\n<script type=\"application\/ld+json\" class=\"yoast-schema-graph\">{\"@context\":\"https:\\\/\\\/schema.org\",\"@graph\":[{\"@type\":\"Article\",\"@id\":\"https:\\\/\\\/gardeon.pl\\\/pl\\\/blog\\\/co-zrobic-gdy-brama-sterowana-elektrycznie-ulegnie-awarii\\\/#article\",\"isPartOf\":{\"@id\":\"https:\\\/\\\/gardeon.pl\\\/pl\\\/blog\\\/co-zrobic-gdy-brama-sterowana-elektrycznie-ulegnie-awarii\\\/\"},\"author\":{\"name\":\"editor\",\"@id\":\"https:\\\/\\\/gardeon.pl\\\/#\\\/schema\\\/person\\\/a5762ca5f0790bf92774af0899379463\"},\"headline\":\"Co zrobi\u0107, gdy brama sterowana elektrycznie ulegnie awarii?\",\"datePublished\":\"2026-04-23T14:46:40+00:00\",\"mainEntityOfPage\":{\"@id\":\"https:\\\/\\\/gardeon.pl\\\/pl\\\/blog\\\/co-zrobic-gdy-brama-sterowana-elektrycznie-ulegnie-awarii\\\/\"},\"wordCount\":400,\"commentCount\":0,\"image\":{\"@id\":\"https:\\\/\\\/gardeon.pl\\\/pl\\\/blog\\\/co-zrobic-gdy-brama-sterowana-elektrycznie-ulegnie-awarii\\\/#primaryimage\"},\"thumbnailUrl\":\"https:\\\/\\\/gardeon.pl\\\/wp-content\\\/uploads\\\/2021\\\/02\\\/gardeon-radove-garaze-trencianske-teplice-36.jpg\",\"keywords\":[\"brama gara\u017cowa\",\"gara\u017c\",\"gara\u017c gardeon\",\"gara\u017c montowany\",\"gara\u017ce modu\u0142owe\",\"GARDEON\"],\"articleSection\":[\"Gara\u017ce blaszane\",\"Jak to zrobi\u0107 \u2013 gara\u017ce | DIY\",\"Konserwacja i piel\u0119gnacja\"],\"inLanguage\":\"pl-PL\",\"potentialAction\":[{\"@type\":\"CommentAction\",\"name\":\"Comment\",\"target\":[\"https:\\\/\\\/gardeon.pl\\\/pl\\\/blog\\\/co-zrobic-gdy-brama-sterowana-elektrycznie-ulegnie-awarii\\\/#respond\"]}]},{\"@type\":\"WebPage\",\"@id\":\"https:\\\/\\\/gardeon.pl\\\/pl\\\/blog\\\/co-zrobic-gdy-brama-sterowana-elektrycznie-ulegnie-awarii\\\/\",\"url\":\"https:\\\/\\\/gardeon.pl\\\/pl\\\/blog\\\/co-zrobic-gdy-brama-sterowana-elektrycznie-ulegnie-awarii\\\/\",\"name\":\"Co zrobi\u0107, gdy brama sterowana elektrycznie ulegnie awarii? | GARDEON\",\"isPartOf\":{\"@id\":\"https:\\\/\\\/gardeon.pl\\\/#website\"},\"primaryImageOfPage\":{\"@id\":\"https:\\\/\\\/gardeon.pl\\\/pl\\\/blog\\\/co-zrobic-gdy-brama-sterowana-elektrycznie-ulegnie-awarii\\\/#primaryimage\"},\"image\":{\"@id\":\"https:\\\/\\\/gardeon.pl\\\/pl\\\/blog\\\/co-zrobic-gdy-brama-sterowana-elektrycznie-ulegnie-awarii\\\/#primaryimage\"},\"thumbnailUrl\":\"https:\\\/\\\/gardeon.pl\\\/wp-content\\\/uploads\\\/2021\\\/02\\\/gardeon-radove-garaze-trencianske-teplice-36.jpg\",\"datePublished\":\"2026-04-23T14:46:40+00:00\",\"author\":{\"@id\":\"https:\\\/\\\/gardeon.pl\\\/#\\\/schema\\\/person\\\/a5762ca5f0790bf92774af0899379463\"},\"breadcrumb\":{\"@id\":\"https:\\\/\\\/gardeon.pl\\\/pl\\\/blog\\\/co-zrobic-gdy-brama-sterowana-elektrycznie-ulegnie-awarii\\\/#breadcrumb\"},\"inLanguage\":\"pl-PL\",\"potentialAction\":[{\"@type\":\"ReadAction\",\"target\":[\"https:\\\/\\\/gardeon.pl\\\/pl\\\/blog\\\/co-zrobic-gdy-brama-sterowana-elektrycznie-ulegnie-awarii\\\/\"]}]},{\"@type\":\"ImageObject\",\"inLanguage\":\"pl-PL\",\"@id\":\"https:\\\/\\\/gardeon.pl\\\/pl\\\/blog\\\/co-zrobic-gdy-brama-sterowana-elektrycznie-ulegnie-awarii\\\/#primaryimage\",\"url\":\"https:\\\/\\\/gardeon.pl\\\/wp-content\\\/uploads\\\/2021\\\/02\\\/gardeon-radove-garaze-trencianske-teplice-36.jpg\",\"contentUrl\":\"https:\\\/\\\/gardeon.pl\\\/wp-content\\\/uploads\\\/2021\\\/02\\\/gardeon-radove-garaze-trencianske-teplice-36.jpg\",\"width\":2000,\"height\":1333,\"caption\":\"Monter przy bramie gara\u017cowej\"},{\"@type\":\"BreadcrumbList\",\"@id\":\"https:\\\/\\\/gardeon.pl\\\/pl\\\/blog\\\/co-zrobic-gdy-brama-sterowana-elektrycznie-ulegnie-awarii\\\/#breadcrumb\",\"itemListElement\":[{\"@type\":\"ListItem\",\"position\":1,\"name\":\"Domov\",\"item\":\"https:\\\/\\\/gardeon.pl\\\/pl\\\/\"},{\"@type\":\"ListItem\",\"position\":2,\"name\":\"Co zrobi\u0107, gdy brama sterowana elektrycznie ulegnie awarii?\"}]},{\"@type\":\"WebSite\",\"@id\":\"https:\\\/\\\/gardeon.pl\\\/#website\",\"url\":\"https:\\\/\\\/gardeon.pl\\\/\",\"name\":\"GARDEON\",\"description\":\"\",\"potentialAction\":[{\"@type\":\"SearchAction\",\"target\":{\"@type\":\"EntryPoint\",\"urlTemplate\":\"https:\\\/\\\/gardeon.pl\\\/?s={search_term_string}\"},\"query-input\":{\"@type\":\"PropertyValueSpecification\",\"valueRequired\":true,\"valueName\":\"search_term_string\"}}],\"inLanguage\":\"pl-PL\"},{\"@type\":\"Person\",\"@id\":\"https:\\\/\\\/gardeon.pl\\\/#\\\/schema\\\/person\\\/a5762ca5f0790bf92774af0899379463\",\"name\":\"editor\",\"image\":{\"@type\":\"ImageObject\",\"inLanguage\":\"pl-PL\",\"@id\":\"https:\\\/\\\/secure.gravatar.com\\\/avatar\\\/2b748151c2c748327307fd289a91b3bdafdd9e64e2d000e65e53d6dcf11c5830?s=96&d=mm&r=g\",\"url\":\"https:\\\/\\\/secure.gravatar.com\\\/avatar\\\/2b748151c2c748327307fd289a91b3bdafdd9e64e2d000e65e53d6dcf11c5830?s=96&d=mm&r=g\",\"contentUrl\":\"https:\\\/\\\/secure.gravatar.com\\\/avatar\\\/2b748151c2c748327307fd289a91b3bdafdd9e64e2d000e65e53d6dcf11c5830?s=96&d=mm&r=g\",\"caption\":\"editor\"}}]}<\/script>\n<!-- \/ Yoast SEO plugin. -->","yoast_head_json":{"title":"Co zrobi\u0107, gdy brama sterowana elektrycznie ulegnie awarii? | GARDEON","robots":{"index":"index","follow":"follow","max-snippet":"max-snippet:-1","max-image-preview":"max-image-preview:large","max-video-preview":"max-video-preview:-1"},"canonical":"https:\/\/gardeon.pl\/pl\/blog\/co-zrobic-gdy-brama-sterowana-elektrycznie-ulegnie-awarii\/","og_locale":"pl_PL","og_type":"article","og_title":"Co zrobi\u0107, gdy brama sterowana elektrycznie ulegnie awarii? | GARDEON","og_description":"Wracaj\u0105 Pa\u0144stwo do domu z pracy, kieruj\u0105 si\u0119 do gara\u017cu, aby zaparkowa\u0107 jak zwykle, a brama si\u0119 nie otwiera. Prosz\u0119 nie panikowa\u0107. Gdy nast\u0119pnym razem znajd\u0105 si\u0119 Pa\u0144stwo w takiej sytuacji, dzi\u0119ki naszym wskaz\u00f3wkom b\u0119d\u0105 Pa\u0144stwo wiedzie\u0107, jak post\u0119powa\u0107.","og_url":"https:\/\/gardeon.pl\/pl\/blog\/co-zrobic-gdy-brama-sterowana-elektrycznie-ulegnie-awarii\/","og_site_name":"GARDEON","article_published_time":"2026-04-23T14:46:40+00:00","og_image":[{"width":2000,"height":1333,"url":"https:\/\/gardeon.pl\/wp-content\/uploads\/2021\/02\/gardeon-radove-garaze-trencianske-teplice-36.jpg","type":"image\/jpeg"}],"author":"editor","twitter_card":"summary_large_image","twitter_misc":{"Napisane przez":"editor","Szacowany czas czytania":"2 minuty"},"schema":{"@context":"https:\/\/schema.org","@graph":[{"@type":"Article","@id":"https:\/\/gardeon.pl\/pl\/blog\/co-zrobic-gdy-brama-sterowana-elektrycznie-ulegnie-awarii\/#article","isPartOf":{"@id":"https:\/\/gardeon.pl\/pl\/blog\/co-zrobic-gdy-brama-sterowana-elektrycznie-ulegnie-awarii\/"},"author":{"name":"editor","@id":"https:\/\/gardeon.pl\/#\/schema\/person\/a5762ca5f0790bf92774af0899379463"},"headline":"Co zrobi\u0107, gdy brama sterowana elektrycznie ulegnie awarii?","datePublished":"2026-04-23T14:46:40+00:00","mainEntityOfPage":{"@id":"https:\/\/gardeon.pl\/pl\/blog\/co-zrobic-gdy-brama-sterowana-elektrycznie-ulegnie-awarii\/"},"wordCount":400,"commentCount":0,"image":{"@id":"https:\/\/gardeon.pl\/pl\/blog\/co-zrobic-gdy-brama-sterowana-elektrycznie-ulegnie-awarii\/#primaryimage"},"thumbnailUrl":"https:\/\/gardeon.pl\/wp-content\/uploads\/2021\/02\/gardeon-radove-garaze-trencianske-teplice-36.jpg","keywords":["brama gara\u017cowa","gara\u017c","gara\u017c gardeon","gara\u017c montowany","gara\u017ce modu\u0142owe","GARDEON"],"articleSection":["Gara\u017ce blaszane","Jak to zrobi\u0107 \u2013 gara\u017ce | DIY","Konserwacja i piel\u0119gnacja"],"inLanguage":"pl-PL","potentialAction":[{"@type":"CommentAction","name":"Comment","target":["https:\/\/gardeon.pl\/pl\/blog\/co-zrobic-gdy-brama-sterowana-elektrycznie-ulegnie-awarii\/#respond"]}]},{"@type":"WebPage","@id":"https:\/\/gardeon.pl\/pl\/blog\/co-zrobic-gdy-brama-sterowana-elektrycznie-ulegnie-awarii\/","url":"https:\/\/gardeon.pl\/pl\/blog\/co-zrobic-gdy-brama-sterowana-elektrycznie-ulegnie-awarii\/","name":"Co zrobi\u0107, gdy brama sterowana elektrycznie ulegnie awarii? | GARDEON","isPartOf":{"@id":"https:\/\/gardeon.pl\/#website"},"primaryImageOfPage":{"@id":"https:\/\/gardeon.pl\/pl\/blog\/co-zrobic-gdy-brama-sterowana-elektrycznie-ulegnie-awarii\/#primaryimage"},"image":{"@id":"https:\/\/gardeon.pl\/pl\/blog\/co-zrobic-gdy-brama-sterowana-elektrycznie-ulegnie-awarii\/#primaryimage"},"thumbnailUrl":"https:\/\/gardeon.pl\/wp-content\/uploads\/2021\/02\/gardeon-radove-garaze-trencianske-teplice-36.jpg","datePublished":"2026-04-23T14:46:40+00:00","author":{"@id":"https:\/\/gardeon.pl\/#\/schema\/person\/a5762ca5f0790bf92774af0899379463"},"breadcrumb":{"@id":"https:\/\/gardeon.pl\/pl\/blog\/co-zrobic-gdy-brama-sterowana-elektrycznie-ulegnie-awarii\/#breadcrumb"},"inLanguage":"pl-PL","potentialAction":[{"@type":"ReadAction","target":["https:\/\/gardeon.pl\/pl\/blog\/co-zrobic-gdy-brama-sterowana-elektrycznie-ulegnie-awarii\/"]}]},{"@type":"ImageObject","inLanguage":"pl-PL","@id":"https:\/\/gardeon.pl\/pl\/blog\/co-zrobic-gdy-brama-sterowana-elektrycznie-ulegnie-awarii\/#primaryimage","url":"https:\/\/gardeon.pl\/wp-content\/uploads\/2021\/02\/gardeon-radove-garaze-trencianske-teplice-36.jpg","contentUrl":"https:\/\/gardeon.pl\/wp-content\/uploads\/2021\/02\/gardeon-radove-garaze-trencianske-teplice-36.jpg","width":2000,"height":1333,"caption":"Monter przy bramie gara\u017cowej"},{"@type":"BreadcrumbList","@id":"https:\/\/gardeon.pl\/pl\/blog\/co-zrobic-gdy-brama-sterowana-elektrycznie-ulegnie-awarii\/#breadcrumb","itemListElement":[{"@type":"ListItem","position":1,"name":"Domov","item":"https:\/\/gardeon.pl\/pl\/"},{"@type":"ListItem","position":2,"name":"Co zrobi\u0107, gdy brama sterowana elektrycznie ulegnie awarii?"}]},{"@type":"WebSite","@id":"https:\/\/gardeon.pl\/#website","url":"https:\/\/gardeon.pl\/","name":"GARDEON","description":"","potentialAction":[{"@type":"SearchAction","target":{"@type":"EntryPoint","urlTemplate":"https:\/\/gardeon.pl\/?s={search_term_string}"},"query-input":{"@type":"PropertyValueSpecification","valueRequired":true,"valueName":"search_term_string"}}],"inLanguage":"pl-PL"},{"@type":"Person","@id":"https:\/\/gardeon.pl\/#\/schema\/person\/a5762ca5f0790bf92774af0899379463","name":"editor","image":{"@type":"ImageObject","inLanguage":"pl-PL","@id":"https:\/\/secure.gravatar.com\/avatar\/2b748151c2c748327307fd289a91b3bdafdd9e64e2d000e65e53d6dcf11c5830?s=96&d=mm&r=g","url":"https:\/\/secure.gravatar.com\/avatar\/2b748151c2c748327307fd289a91b3bdafdd9e64e2d000e65e53d6dcf11c5830?s=96&d=mm&r=g","contentUrl":"https:\/\/secure.gravatar.com\/avatar\/2b748151c2c748327307fd289a91b3bdafdd9e64e2d000e65e53d6dcf11c5830?s=96&d=mm&r=g","caption":"editor"}}]}},"_links":{"self":[{"href":"https:\/\/gardeon.pl\/pl\/wp-json\/wp\/v2\/posts\/45774","targetHints":{"allow":["GET"]}}],"collection":[{"href":"https:\/\/gardeon.pl\/pl\/wp-json\/wp\/v2\/posts"}],"about":[{"href":"https:\/\/gardeon.pl\/pl\/wp-json\/wp\/v2\/types\/post"}],"author":[{"embeddable":true,"href":"https:\/\/gardeon.pl\/pl\/wp-json\/wp\/v2\/users\/2"}],"replies":[{"embeddable":true,"href":"https:\/\/gardeon.pl\/pl\/wp-json\/wp\/v2\/comments?post=45774"}],"version-history":[{"count":0,"href":"https:\/\/gardeon.pl\/pl\/wp-json\/wp\/v2\/posts\/45774\/revisions"}],"wp:featuredmedia":[{"embeddable":true,"href":"https:\/\/gardeon.pl\/pl\/wp-json\/wp\/v2\/media\/45781"}],"wp:attachment":[{"href":"https:\/\/gardeon.pl\/pl\/wp-json\/wp\/v2\/media?parent=45774"}],"wp:term":[{"taxonomy":"category","embeddable":true,"href":"https:\/\/gardeon.pl\/pl\/wp-json\/wp\/v2\/categories?post=45774"},{"taxonomy":"post_tag","embeddable":true,"href":"https:\/\/gardeon.pl\/pl\/wp-json\/wp\/v2\/tags?post=45774"}],"curies":[{"name":"wp","href":"https:\/\/api.w.org\/{rel}","templated":true}]}}