{"id":45816,"date":"2026-04-23T19:01:21","date_gmt":"2026-04-23T17:01:21","guid":{"rendered":"https:\/\/gardeon.pl\/?p=45816"},"modified":"2026-04-23T19:01:21","modified_gmt":"2026-04-23T17:01:21","slug":"garaz-czy-wiata","status":"publish","type":"post","link":"https:\/\/gardeon.pl\/pl\/blog\/garaz-czy-wiata\/","title":{"rendered":"Gara\u017c czy wiata?"},"content":{"rendered":"<p><em>Gara\u017c czy wiata \u2013 co jest dla mnie korzystniejsze? Je\u015bli zdecydowali si\u0119 Pa\u0144stwo na budow\u0119 miejsca dla swojego czworoko\u0142owego ulubie\u0144ca, nale\u017c\u0105 si\u0119 Pa\u0144stwu szczere gratulacje. Wraz z post\u0119pem technicznym, wzrostem przest\u0119pczo\u015bci i pomys\u0142owo\u015bci, rozwi\u0105zanie to jest niezb\u0119dnym krokiem, aby chroni\u0107 przynajmniej sw\u00f3j pojazd. To, czy wybra\u0107 wiat\u0119, pergol\u0119 czy gara\u017c, zale\u017cy od wielu r\u00f3\u017cnych czynnik\u00f3w i Pa\u0144stwa preferencji, poniewa\u017c ka\u017cdy wariant ma swoje zalety i wady.   <\/em><\/p>\n<p><!--more--><\/p>\n<h2>Wiata<\/h2>\n<p>Pod poj\u0119ciem <a href=\"https:\/\/gardeon.pl\/pl\/wiaty\/\">wiata<\/a> mo\u017cemy wyobrazi\u0107 sobie jak\u0105kolwiek nie w pe\u0142ni zamkni\u0119t\u0105, przewiewn\u0105 i zadaszon\u0105 konstrukcj\u0119 ogrodow\u0105, kt\u00f3ra jest cz\u0119\u015bci\u0105 domu lub stanowi wolnostoj\u0105cy obiekt. Przy ostatecznym wyborze tego wariantu os\u0142ony pojazdu w wi\u0119kszo\u015bci przypadk\u00f3w decyduje przede wszystkim niska cena zakupu. Warto jednak wyja\u015bni\u0107, ile innych, r\u00f3wnie istotnych korzy\u015bci mo\u017cemy zyska\u0107, wybieraj\u0105c wiat\u0119.  <\/p>\n<p><a href=\"http:\/\/gardeon.pl\/wp-content\/uploads\/2015\/04\/montovan%C3%BD-pr%C3%ADstre%C5%A1ok.jpg\"><img loading=\"lazy\" decoding=\"async\" class=\" aligncenter wp-image-3314 size-large\" src=\"http:\/\/gardeon.pl\/wp-content\/uploads\/2015\/04\/montovan%C3%BD-pr%C3%ADstre%C5%A1ok-1024x768.jpg\" alt=\"wiata modu\u0142owa\" width=\"1024\" height=\"768\"><\/a><\/p>\n<h3><\/h3>\n<h3>Wiata jako ochrona przed wp\u0142ywami natury<\/h3>\n<p>Samoch\u00f3d stoj\u0105cy pod wiat\u0105 jest wystarczaj\u0105co chroniony przed niekorzystnymi warunkami pogodowymi w postaci deszczu, \u015bniegu lub gradu. Jednocze\u015bnie nie wystawiamy go na gwa\u0142towne wahania temperatury, dzi\u0119ki czemu nie dochodzi do kondensacji pary wodnej, a dodatkowo wok\u00f3\u0142 niego stale swobodnie przep\u0142ywa powietrze, co pozwala na szybkie wyschni\u0119cie i op\u00f3\u017anienie powstawania korozji. R\u00f3wnie\u017c przegrzewanie si\u0119 auta latem czy intensywne promieniowanie UV nie maj\u0105 pod wiat\u0105 \u017cadnych szans, co jest kolejnym du\u017cym plusem, poniewa\u017c oba te czynniki powoduj\u0105 starzenie si\u0119 lakieru.  <\/p>\n<h3><\/h3>\n<h3>Wiata i jej prosta oraz szybka realizacja<\/h3>\n<p>Szybko\u015b\u0107, wariantowo\u015b\u0107 i prostota budowy wiaty oszcz\u0119dzaj\u0105 Pa\u0144stwa czas i pieni\u0105dze. Sprawny monta\u017c i demonta\u017c z pewno\u015bci\u0105 doceni\u0105 Pa\u0144stwo podczas jej ustawiania, przemieszczania czy przeprowadzki. Wa\u017cne jest, aby podkre\u015bli\u0107, \u017ce ta szybko\u015b\u0107 liczona jest w dniach, a nawet godzinach.  <\/p>\n<p><a href=\"http:\/\/gardeon.pl\/wp-content\/uploads\/2015\/06\/siebau-pristresok-pre-dve-auta-47.jpg\"><img loading=\"lazy\" decoding=\"async\" class=\"aligncenter wp-image-27134\" src=\"http:\/\/gardeon.pl\/wp-content\/uploads\/2015\/06\/siebau-pristresok-pre-dve-auta-47.jpg\" alt=\"Wiata SIEBAU w kolorze szarym\" width=\"800\" height=\"532\" srcset=\"https:\/\/gardeon.pl\/wp-content\/uploads\/2015\/06\/siebau-pristresok-pre-dve-auta-47.jpg 2000w, https:\/\/gardeon.pl\/wp-content\/uploads\/2015\/06\/siebau-pristresok-pre-dve-auta-47-300x200.jpg 300w, https:\/\/gardeon.pl\/wp-content\/uploads\/2015\/06\/siebau-pristresok-pre-dve-auta-47-1024x681.jpg 1024w, https:\/\/gardeon.pl\/wp-content\/uploads\/2015\/06\/siebau-pristresok-pre-dve-auta-47-768x511.jpg 768w, https:\/\/gardeon.pl\/wp-content\/uploads\/2015\/06\/siebau-pristresok-pre-dve-auta-47-1536x1022.jpg 1536w\" sizes=\"auto, (max-width: 800px) 100vw, 800px\" \/><\/a><\/p>\n<p>&nbsp;<\/p>\n<h3><\/h3>\n<h3>Wiata jako bariera przed ruchliw\u0105 drog\u0105<\/h3>\n<p>Wiata, dzi\u0119ki odpowiedniemu umiejscowieniu mi\u0119dzy ruchliw\u0105 drog\u0105 a spokojn\u0105 stref\u0105 ogrodu, mo\u017ce s\u0142u\u017cy\u0107 jako ochrona przed ha\u0142asem i zgie\u0142kiem, przy czym ochron\u0119 t\u0119 mo\u017cna jeszcze bardziej wzmocni\u0107, umieszczaj\u0105c warsztat lub schowek na narz\u0119dzia ogrodowe w tylnej cz\u0119\u015bci wiaty. \u0141atwiejsze formalno\u015bci zwi\u0105zane z pozwoleniem na budow\u0119 przy dodatkowej konstrukcji oraz mo\u017cliwo\u015b\u0107 wykorzystania wiaty jako miejsca do spotka\u0144 z przyjaci\u00f3\u0142mi i letniego grillowania to jej kolejne zalety. <\/p>\n<h3><\/h3>\n<h3>Negatywne strony wiaty:<\/h3>\n<p>\u2013 Mniejszy komfort<\/p>\n<p>\u2013 Ni\u017cszy poziom bezpiecze\u0144stwa<\/p>\n<p>Ni\u017cszy poziom bezpiecze\u0144stwa mo\u017cemy jednak wyeliminowa\u0107 poprzez zamontowanie praktycznych, wysuwnych lub rolowanych <a title=\"Bramy gara\u017cowe H\u00f6rmann\" href=\"http:\/\/gardeon.pl\/garaze\/prislusenstvo\/garazove-brany\/\">drzwi gara\u017cowych<\/a>.<\/p>\n<h3><\/h3>\n<h3>Rodzaje wiat<\/h3>\n<p>Mog\u0105 przybra\u0107 dowoln\u0105 form\u0119, na przyk\u0142ad wiaty drewnianej, metalowej, wiaty w r\u00f3\u017cnych kombinacjach tworzywa sztucznego, metalu, szk\u0142a lub na przyk\u0142ad z dachem dwuspadowym, przy czym og\u00f3lnie nale\u017cy zadba\u0107 jedynie o pod\u0142o\u017ce i zakotwienie s\u0142up\u00f3w wiaty gara\u017cowej. W przypadku wiaty drewnianej konstrukcj\u0119 mo\u017cna obsadzi\u0107 na przyk\u0142ad ro\u015blinami pn\u0105cymi. <\/p>\n<p><a href=\"http:\/\/gardeon.pl\/wp-content\/uploads\/2015\/06\/siebau-pristresok-pre-dve-auta-50.jpg\"><img loading=\"lazy\" decoding=\"async\" class=\"aligncenter wp-image-27140\" src=\"http:\/\/gardeon.pl\/wp-content\/uploads\/2015\/06\/siebau-pristresok-pre-dve-auta-50.jpg\" alt=\"Antracytowa wiata SIEBAU na dwa samochody\" width=\"800\" height=\"533\" srcset=\"https:\/\/gardeon.pl\/wp-content\/uploads\/2015\/06\/siebau-pristresok-pre-dve-auta-50.jpg 2000w, https:\/\/gardeon.pl\/wp-content\/uploads\/2015\/06\/siebau-pristresok-pre-dve-auta-50-300x200.jpg 300w, https:\/\/gardeon.pl\/wp-content\/uploads\/2015\/06\/siebau-pristresok-pre-dve-auta-50-1024x682.jpg 1024w, https:\/\/gardeon.pl\/wp-content\/uploads\/2015\/06\/siebau-pristresok-pre-dve-auta-50-768x512.jpg 768w, https:\/\/gardeon.pl\/wp-content\/uploads\/2015\/06\/siebau-pristresok-pre-dve-auta-50-1536x1024.jpg 1536w\" sizes=\"auto, (max-width: 800px) 100vw, 800px\" \/><\/a><\/p>\n<p>Na wzmiank\u0119 zas\u0142uguje r\u00f3wnie\u017c nowo\u015b\u0107 na rynku w postaci wiat modu\u0142owych z gotowym tynkiem, kt\u00f3re charakteryzuj\u0105 si\u0119 d\u0142ug\u0105 \u017cywotno\u015bci\u0105 i nie wymagaj\u0105 \u017cadnej konserwacji.<\/p>\n<p>Asortyment wiat modu\u0142owych jest r\u00f3\u017cnorodny i pozwala na wyb\u00f3r spo\u015br\u00f3d r\u00f3\u017cnych wymiar\u00f3w, odcieni czy typ\u00f3w dach\u00f3w.<\/p>\n<p>&nbsp;<\/p>\n<hr>\n<h2><\/h2>\n<h2>Gara\u017c<\/h2>\n<p>Ciep\u0142e, suche i bezpieczne miejsce dla Pa\u0144stwa pojazdu \u2013 to w\u0142a\u015bnie gara\u017c. Kto decyduje si\u0119 na ten wariant, zazwyczaj nie k\u0142adzie nacisku na stron\u0119 kosztow\u0105, poniewa\u017c jego g\u0142\u00f3wnym celem jest jak najlepsza ochrona swojego motoryzacyjnego skarbu. <\/p>\n<p><a href=\"http:\/\/gardeon.pl\/wp-content\/uploads\/2015\/04\/15922563px1920x1275.jpg\"><img loading=\"lazy\" decoding=\"async\" class=\"aligncenter wp-image-3320 size-full\" src=\"http:\/\/gardeon.pl\/wp-content\/uploads\/2015\/04\/15922563px1920x1275.jpg\" alt=\"gara\u017c na jeden samoch\u00f3d\" width=\"1024\" height=\"682\" srcset=\"https:\/\/gardeon.pl\/wp-content\/uploads\/2015\/04\/15922563px1920x1275.jpg 1024w, https:\/\/gardeon.pl\/wp-content\/uploads\/2015\/04\/15922563px1920x1275-300x200.jpg 300w, https:\/\/gardeon.pl\/wp-content\/uploads\/2015\/04\/15922563px1920x1275-768x512.jpg 768w\" sizes=\"auto, (max-width: 1024px) 100vw, 1024px\" \/><\/a><a href=\"http:\/\/gardeon.pl\/wp-content\/uploads\/2015\/03\/garaz1.jpg\"><br \/>\n<\/a><\/p>\n<h3>Gara\u017c jako ochrona przed niebezpiecze\u0144stwem<\/h3>\n<p>Trzymanie swoich rzeczy pod kluczem to najpowszechniejszy spos\u00f3b ochrony przed z\u0142odziejami. Je\u015bli samoch\u00f3d stoi zaparkowany na zewn\u0105trz, kradzie\u017c w takim przypadku nie stanowi \u017cadnego problemu. <\/p>\n<p>W jakim stopniu gara\u017c chroni pojazd? Ju\u017c sam fakt jego posiadania przyci\u0105ga uwag\u0119 i sugeruje przest\u0119pcom, \u017ce ukrywaj\u0105 Pa\u0144stwo w nim pojazd o wi\u0119kszej warto\u015bci, a w przypadku gdy jest on w bryle domu, wysy\u0142aj\u0105 mu Pa\u0144stwo symboliczne zaproszenie do swojej prywatno\u015bci. Dlatego gara\u017ce nale\u017cy wyposa\u017cy\u0107 w odpowiedni typ bram gara\u017cowych z zamkami o jak najlepszej klasie \u2013 to samo dotyczy drzwi przej\u015bciowych w przypadku gara\u017cu po\u0142\u0105czonego z domem, kt\u00f3re powinny by\u0107 jednocze\u015bnie przeciwpo\u017carowe \u2013 oraz, co nie mniej wa\u017cne, w sejfy z kotwieniem do pod\u0142o\u017ca. Wtedy mo\u017cemy o gara\u017cu powiedzie\u0107, \u017ce jest bezkonkurencyjnym, bezpiecznym schronieniem dla Pa\u0144stwa samochodu.   <\/p>\n<p><a href=\"http:\/\/gardeon.pl\/wp-content\/uploads\/2020\/04\/gardeon-garaz-pre-dve-auta-60.jpg\"><img loading=\"lazy\" decoding=\"async\" class=\"aligncenter wp-image-25598\" src=\"http:\/\/gardeon.pl\/wp-content\/uploads\/2020\/04\/gardeon-garaz-pre-dve-auta-60.jpg\" alt=\"Gara\u017c GARDEON na dwa samochody z bia\u0142ym tynkiem\" width=\"800\" height=\"533\" srcset=\"https:\/\/gardeon.pl\/wp-content\/uploads\/2020\/04\/gardeon-garaz-pre-dve-auta-60.jpg 2000w, https:\/\/gardeon.pl\/wp-content\/uploads\/2020\/04\/gardeon-garaz-pre-dve-auta-60-300x200.jpg 300w, https:\/\/gardeon.pl\/wp-content\/uploads\/2020\/04\/gardeon-garaz-pre-dve-auta-60-1024x682.jpg 1024w, https:\/\/gardeon.pl\/wp-content\/uploads\/2020\/04\/gardeon-garaz-pre-dve-auta-60-768x512.jpg 768w, https:\/\/gardeon.pl\/wp-content\/uploads\/2020\/04\/gardeon-garaz-pre-dve-auta-60-1536x1024.jpg 1536w\" sizes=\"auto, (max-width: 800px) 100vw, 800px\" \/><\/a><\/p>\n<p>Gara\u017c sam w sobie stanowi ochron\u0119 przed wszelkimi niekorzystnymi warunkami klimatycznymi i \u017cywio\u0142ami natury \u2013 oczywi\u015bcie poza po\u017carem spowodowanym osobi\u015bcie \u2013 kt\u00f3re w przeciwnym razie mog\u0142yby wyrz\u0105dzi\u0107 na Pa\u0144stwa aucie nieobliczalne szkody, co jest jego ogromn\u0105 zalet\u0105. W okresach mroz\u00f3w oferuje komfort w postaci wsiadania do nagrzanego pojazdu. <\/p>\n<p><em>Uwaga!<\/em>  Aby gara\u017c spe\u0142nia\u0142 funkcj\u0119, do kt\u00f3rej jest przeznaczony, w tym przypadku ochron\u0119 pojazdu, wa\u017cne jest zamontowanie w nim wentylacji lub szyb\u00f3w wentylacyjnych.<\/p>\n<h3><\/h3>\n<h3>Gara\u017c jako obiekt wielofunkcyjny<\/h3>\n<p>Gara\u017c kryje w sobie nieograniczone mo\u017cliwo\u015bci przechowywania rower\u00f3w, kosiarek do trawy czy innych narz\u0119dzi, realizowania pasji majsterkowicza, a nawet okazjonalnego noclegu. Aby jednak przestrze\u0144 by\u0142a wystarczaj\u0105ca i wygodna do wszystkich cel\u00f3w, nale\u017cy zaplanowa\u0107 to i ustali\u0107 jeszcze na etapie projektowania. <\/p>\n<h3><a href=\"http:\/\/gardeon.pl\/wp-content\/uploads\/2015\/06\/gardeon-garaz-pre-jedno-auto-111.jpg\"><img loading=\"lazy\" decoding=\"async\" class=\"aligncenter wp-image-27543\" src=\"http:\/\/gardeon.pl\/wp-content\/uploads\/2015\/06\/gardeon-garaz-pre-jedno-auto-111.jpg\" alt=\"Niebieski gara\u017c w linii ogrodzenia\" width=\"800\" height=\"533\" srcset=\"https:\/\/gardeon.pl\/wp-content\/uploads\/2015\/06\/gardeon-garaz-pre-jedno-auto-111.jpg 2000w, https:\/\/gardeon.pl\/wp-content\/uploads\/2015\/06\/gardeon-garaz-pre-jedno-auto-111-300x200.jpg 300w, https:\/\/gardeon.pl\/wp-content\/uploads\/2015\/06\/gardeon-garaz-pre-jedno-auto-111-1024x682.jpg 1024w, https:\/\/gardeon.pl\/wp-content\/uploads\/2015\/06\/gardeon-garaz-pre-jedno-auto-111-768x512.jpg 768w, https:\/\/gardeon.pl\/wp-content\/uploads\/2015\/06\/gardeon-garaz-pre-jedno-auto-111-1536x1024.jpg 1536w\" sizes=\"auto, (max-width: 800px) 100vw, 800px\" \/><\/a><\/h3>\n<p>&nbsp;<\/p>\n<h3>Negatywne strony gara\u017cy<\/h3>\n<p>\u2013 Wy\u017csza cena i koszty zwi\u0105zane z zakupem oraz eksploatacj\u0105<\/p>\n<p>\u2013 Czasoch\u0142onno\u015b\u0107 przy przygotowaniu i w trakcie budowy<\/p>\n<p>Jednak nawet negatywne strony gara\u017cu mo\u017cna wyeliminowa\u0107 dzi\u0119ki rozwi\u0105zaniu w postaci prze\u0142omowych gara\u017cy blaszanych z gotowym tynkiem, kt\u00f3rych koszty zakupu s\u0105 o 60% ni\u017csze ni\u017c w przypadku tradycyjnych gara\u017cy murowanych lub prefabrykowanych. Ze wzgl\u0119du na to, \u017ce s\u0105 one <a title=\"Technologia\" href=\"https:\/\/gardeon.pl\/pl\/garaze\/jak-wybrac-garaz\/jakich-materialow-uzywamy\/\">modu\u0142owe<\/a>, mo\u017cna je postawi\u0107 ju\u017c w ci\u0105gu kilku godzin. <\/p>\n<h3><\/h3>\n<h3>Rodzaje gara\u017cy<\/h3>\n<p>Ze wzgl\u0119du na umiejscowienie rozr\u00f3\u017cniamy gara\u017ce wolnostoj\u0105ce, po\u0142\u0105czone z domem lub w suterenie. Ze wzgl\u0119du na materia\u0142 rozr\u00f3\u017cniamy na przyk\u0142ad murowane, ceglane, betonowe lub blaszane, jednak praktycznie mo\u017cna je wykona\u0107 z dowolnego materia\u0142u, tak aby odpowiada\u0142y charakterowi Pa\u0144stwa domu. Podobnie jak w przypadku wiat, gara\u017c mo\u017cna wykona\u0107 <a title=\"Z dachem jednospadowym\" href=\"http:\/\/gardeon.pl\/garaze\/pultova-strecha\/\">z dachem jednospadowym<\/a>, <a title=\"Z dachem dwuspadowym\" href=\"http:\/\/gardeon.pl\/garaze\/sedlova-strecha\/\">z dachem dwuspadowym<\/a>, <a title=\"Na wymiar\" href=\"http:\/\/gardeon.pl\/garaze\/na-mieru\/\">na wymiar<\/a> czy nawet <a title=\"Szeregowe\" href=\"https:\/\/gardeon.pl\/pl\/garaze\/garaze-szeregowe\/\">gara\u017ce szeregowe<\/a>, zar\u00f3wno pod klucz, jak i systemem gospodarczym.  <\/p>\n<p><a href=\"http:\/\/gardeon.pl\/wp-content\/uploads\/2015\/06\/gardeon-atypicka-garaz-25.jpg\"><img loading=\"lazy\" decoding=\"async\" class=\"aligncenter wp-image-27533\" src=\"http:\/\/gardeon.pl\/wp-content\/uploads\/2015\/06\/gardeon-atypicka-garaz-25.jpg\" alt=\"Atypowy gara\u017c na wymiar w kolorze szarym\" width=\"800\" height=\"533\" srcset=\"https:\/\/gardeon.pl\/wp-content\/uploads\/2015\/06\/gardeon-atypicka-garaz-25.jpg 2000w, https:\/\/gardeon.pl\/wp-content\/uploads\/2015\/06\/gardeon-atypicka-garaz-25-300x200.jpg 300w, https:\/\/gardeon.pl\/wp-content\/uploads\/2015\/06\/gardeon-atypicka-garaz-25-1024x682.jpg 1024w, https:\/\/gardeon.pl\/wp-content\/uploads\/2015\/06\/gardeon-atypicka-garaz-25-768x512.jpg 768w, https:\/\/gardeon.pl\/wp-content\/uploads\/2015\/06\/gardeon-atypicka-garaz-25-1536x1024.jpg 1536w\" sizes=\"auto, (max-width: 800px) 100vw, 800px\" \/><\/a><\/p>\n<p>W dzisiejszych czasach mog\u0105 Pa\u0144stwo mie\u0107 gara\u017c dok\u0142adnie wed\u0142ug swoich wyobra\u017ce\u0144 i preferencji.<\/p>\n<p>\u201eKupuj\u0105c gara\u017c lub wiat\u0119, oszcz\u0119dz\u0105 Pa\u0144stwo wielu rys nie tylko na samochodzie, ale i na duszy\u201d.<\/p>\n","protected":false},"excerpt":{"rendered":"<p>Gara\u017c czy wiata \u2013 co jest dla mnie korzystniejsze? Je\u015bli zdecydowali si\u0119 Pa\u0144stwo na budow\u0119 miejsca dla swojego czworoko\u0142owego ulubie\u0144ca, nale\u017c\u0105 si\u0119 Pa\u0144stwu szczere gratulacje. Wraz z post\u0119pem technicznym, wzrostem przest\u0119pczo\u015bci i pomys\u0142owo\u015bci, rozwi\u0105zanie to jest niezb\u0119dnym krokiem, aby chroni\u0107 przynajmniej sw\u00f3j pojazd. To, czy wybra\u0107 wiat\u0119, pergol\u0119 czy gara\u017c, zale\u017cy od wielu r\u00f3\u017cnych czynnik\u00f3w [&hellip;]<\/p>\n","protected":false},"author":2,"featured_media":45817,"comment_status":"open","ping_status":"open","sticky":false,"template":"","format":"standard","meta":{"_acf_changed":false,"inline_featured_image":false,"footnotes":""},"categories":[578,580,622],"tags":[],"class_list":["post-45816","post","type-post","status-publish","format-standard","has-post-thumbnail","hentry","category-garaze-blaszane","category-jak-to-zrobic-garaze-diy","category-wiaty-i-altany"],"acf":[],"yoast_head":"<!-- This site is optimized with the Yoast SEO plugin v27.4 - https:\/\/yoast.com\/product\/yoast-seo-wordpress\/ -->\n<title>Gara\u017c czy wiata? - GARDEON<\/title>\n<meta name=\"description\" content=\"Nie mog\u0105 si\u0119 Pa\u0144stwo zdecydowa\u0107? Doradzimy przy wyborze. Specjalista od gara\u017cy blaszanych i wiat.\" \/>\n<meta name=\"robots\" content=\"index, follow, max-snippet:-1, max-image-preview:large, max-video-preview:-1\" \/>\n<link rel=\"canonical\" href=\"https:\/\/gardeon.pl\/pl\/blog\/garaz-czy-wiata\/\" \/>\n<meta property=\"og:locale\" content=\"pl_PL\" \/>\n<meta property=\"og:type\" content=\"article\" \/>\n<meta property=\"og:title\" content=\"Gara\u017c czy wiata? - GARDEON\" \/>\n<meta property=\"og:description\" content=\"Nie mog\u0105 si\u0119 Pa\u0144stwo zdecydowa\u0107? Doradzimy przy wyborze. Specjalista od gara\u017cy blaszanych i wiat.\" \/>\n<meta property=\"og:url\" content=\"https:\/\/gardeon.pl\/pl\/blog\/garaz-czy-wiata\/\" \/>\n<meta property=\"og:site_name\" content=\"GARDEON\" \/>\n<meta property=\"article:published_time\" content=\"2026-04-23T17:01:21+00:00\" \/>\n<meta property=\"og:image\" content=\"http:\/\/gardeon.pl\/wp-content\/uploads\/2015\/04\/ak\u00fa-gar\u00e1\u017e-si-vybra\u0165-e1427884243309.jpg\" \/>\n\t<meta property=\"og:image:width\" content=\"800\" \/>\n\t<meta property=\"og:image:height\" content=\"574\" \/>\n\t<meta property=\"og:image:type\" content=\"image\/jpeg\" \/>\n<meta name=\"author\" content=\"editor\" \/>\n<meta name=\"twitter:card\" content=\"summary_large_image\" \/>\n<meta name=\"twitter:label1\" content=\"Napisane przez\" \/>\n\t<meta name=\"twitter:data1\" content=\"editor\" \/>\n\t<meta name=\"twitter:label2\" content=\"Szacowany czas czytania\" \/>\n\t<meta name=\"twitter:data2\" content=\"5 minut\" \/>\n<script type=\"application\/ld+json\" class=\"yoast-schema-graph\">{\"@context\":\"https:\\\/\\\/schema.org\",\"@graph\":[{\"@type\":\"Article\",\"@id\":\"https:\\\/\\\/gardeon.pl\\\/pl\\\/blog\\\/garaz-czy-wiata\\\/#article\",\"isPartOf\":{\"@id\":\"https:\\\/\\\/gardeon.pl\\\/pl\\\/blog\\\/garaz-czy-wiata\\\/\"},\"author\":{\"name\":\"editor\",\"@id\":\"https:\\\/\\\/gardeon.pl\\\/#\\\/schema\\\/person\\\/a5762ca5f0790bf92774af0899379463\"},\"headline\":\"Gara\u017c czy wiata?\",\"datePublished\":\"2026-04-23T17:01:21+00:00\",\"mainEntityOfPage\":{\"@id\":\"https:\\\/\\\/gardeon.pl\\\/pl\\\/blog\\\/garaz-czy-wiata\\\/\"},\"wordCount\":1077,\"commentCount\":0,\"image\":{\"@id\":\"https:\\\/\\\/gardeon.pl\\\/pl\\\/blog\\\/garaz-czy-wiata\\\/#primaryimage\"},\"thumbnailUrl\":\"https:\\\/\\\/gardeon.pl\\\/wp-content\\\/uploads\\\/2015\\\/04\\\/ak\u00fa-gar\u00e1\u017e-si-vybra\u0165-e1427884243309.jpg\",\"articleSection\":[\"Gara\u017ce blaszane\",\"Jak to zrobi\u0107 \u2013 gara\u017ce | DIY\",\"Wiaty i altany\"],\"inLanguage\":\"pl-PL\",\"potentialAction\":[{\"@type\":\"CommentAction\",\"name\":\"Comment\",\"target\":[\"https:\\\/\\\/gardeon.pl\\\/pl\\\/blog\\\/garaz-czy-wiata\\\/#respond\"]}]},{\"@type\":\"WebPage\",\"@id\":\"https:\\\/\\\/gardeon.pl\\\/pl\\\/blog\\\/garaz-czy-wiata\\\/\",\"url\":\"https:\\\/\\\/gardeon.pl\\\/pl\\\/blog\\\/garaz-czy-wiata\\\/\",\"name\":\"Gara\u017c czy wiata? - GARDEON\",\"isPartOf\":{\"@id\":\"https:\\\/\\\/gardeon.pl\\\/#website\"},\"primaryImageOfPage\":{\"@id\":\"https:\\\/\\\/gardeon.pl\\\/pl\\\/blog\\\/garaz-czy-wiata\\\/#primaryimage\"},\"image\":{\"@id\":\"https:\\\/\\\/gardeon.pl\\\/pl\\\/blog\\\/garaz-czy-wiata\\\/#primaryimage\"},\"thumbnailUrl\":\"https:\\\/\\\/gardeon.pl\\\/wp-content\\\/uploads\\\/2015\\\/04\\\/ak\u00fa-gar\u00e1\u017e-si-vybra\u0165-e1427884243309.jpg\",\"datePublished\":\"2026-04-23T17:01:21+00:00\",\"author\":{\"@id\":\"https:\\\/\\\/gardeon.pl\\\/#\\\/schema\\\/person\\\/a5762ca5f0790bf92774af0899379463\"},\"description\":\"Nie mog\u0105 si\u0119 Pa\u0144stwo zdecydowa\u0107? Doradzimy przy wyborze. Specjalista od gara\u017cy blaszanych i wiat.\",\"breadcrumb\":{\"@id\":\"https:\\\/\\\/gardeon.pl\\\/pl\\\/blog\\\/garaz-czy-wiata\\\/#breadcrumb\"},\"inLanguage\":\"pl-PL\",\"potentialAction\":[{\"@type\":\"ReadAction\",\"target\":[\"https:\\\/\\\/gardeon.pl\\\/pl\\\/blog\\\/garaz-czy-wiata\\\/\"]}]},{\"@type\":\"ImageObject\",\"inLanguage\":\"pl-PL\",\"@id\":\"https:\\\/\\\/gardeon.pl\\\/pl\\\/blog\\\/garaz-czy-wiata\\\/#primaryimage\",\"url\":\"https:\\\/\\\/gardeon.pl\\\/wp-content\\\/uploads\\\/2015\\\/04\\\/ak\u00fa-gar\u00e1\u017e-si-vybra\u0165-e1427884243309.jpg\",\"contentUrl\":\"https:\\\/\\\/gardeon.pl\\\/wp-content\\\/uploads\\\/2015\\\/04\\\/ak\u00fa-gar\u00e1\u017e-si-vybra\u0165-e1427884243309.jpg\",\"width\":800,\"height\":574,\"caption\":\"Zamy\u015blona kobieta w szarym t-shircie\"},{\"@type\":\"BreadcrumbList\",\"@id\":\"https:\\\/\\\/gardeon.pl\\\/pl\\\/blog\\\/garaz-czy-wiata\\\/#breadcrumb\",\"itemListElement\":[{\"@type\":\"ListItem\",\"position\":1,\"name\":\"Domov\",\"item\":\"https:\\\/\\\/gardeon.pl\\\/pl\\\/\"},{\"@type\":\"ListItem\",\"position\":2,\"name\":\"Gara\u017c czy wiata?\"}]},{\"@type\":\"WebSite\",\"@id\":\"https:\\\/\\\/gardeon.pl\\\/#website\",\"url\":\"https:\\\/\\\/gardeon.pl\\\/\",\"name\":\"GARDEON\",\"description\":\"\",\"potentialAction\":[{\"@type\":\"SearchAction\",\"target\":{\"@type\":\"EntryPoint\",\"urlTemplate\":\"https:\\\/\\\/gardeon.pl\\\/?s={search_term_string}\"},\"query-input\":{\"@type\":\"PropertyValueSpecification\",\"valueRequired\":true,\"valueName\":\"search_term_string\"}}],\"inLanguage\":\"pl-PL\"},{\"@type\":\"Person\",\"@id\":\"https:\\\/\\\/gardeon.pl\\\/#\\\/schema\\\/person\\\/a5762ca5f0790bf92774af0899379463\",\"name\":\"editor\",\"image\":{\"@type\":\"ImageObject\",\"inLanguage\":\"pl-PL\",\"@id\":\"https:\\\/\\\/secure.gravatar.com\\\/avatar\\\/2b748151c2c748327307fd289a91b3bdafdd9e64e2d000e65e53d6dcf11c5830?s=96&d=mm&r=g\",\"url\":\"https:\\\/\\\/secure.gravatar.com\\\/avatar\\\/2b748151c2c748327307fd289a91b3bdafdd9e64e2d000e65e53d6dcf11c5830?s=96&d=mm&r=g\",\"contentUrl\":\"https:\\\/\\\/secure.gravatar.com\\\/avatar\\\/2b748151c2c748327307fd289a91b3bdafdd9e64e2d000e65e53d6dcf11c5830?s=96&d=mm&r=g\",\"caption\":\"editor\"}}]}<\/script>\n<!-- \/ Yoast SEO plugin. -->","yoast_head_json":{"title":"Gara\u017c czy wiata? - GARDEON","description":"Nie mog\u0105 si\u0119 Pa\u0144stwo zdecydowa\u0107? Doradzimy przy wyborze. Specjalista od gara\u017cy blaszanych i wiat.","robots":{"index":"index","follow":"follow","max-snippet":"max-snippet:-1","max-image-preview":"max-image-preview:large","max-video-preview":"max-video-preview:-1"},"canonical":"https:\/\/gardeon.pl\/pl\/blog\/garaz-czy-wiata\/","og_locale":"pl_PL","og_type":"article","og_title":"Gara\u017c czy wiata? - GARDEON","og_description":"Nie mog\u0105 si\u0119 Pa\u0144stwo zdecydowa\u0107? Doradzimy przy wyborze. Specjalista od gara\u017cy blaszanych i wiat.","og_url":"https:\/\/gardeon.pl\/pl\/blog\/garaz-czy-wiata\/","og_site_name":"GARDEON","article_published_time":"2026-04-23T17:01:21+00:00","og_image":[{"width":800,"height":574,"url":"http:\/\/gardeon.pl\/wp-content\/uploads\/2015\/04\/ak\u00fa-gar\u00e1\u017e-si-vybra\u0165-e1427884243309.jpg","type":"image\/jpeg"}],"author":"editor","twitter_card":"summary_large_image","twitter_misc":{"Napisane przez":"editor","Szacowany czas czytania":"5 minut"},"schema":{"@context":"https:\/\/schema.org","@graph":[{"@type":"Article","@id":"https:\/\/gardeon.pl\/pl\/blog\/garaz-czy-wiata\/#article","isPartOf":{"@id":"https:\/\/gardeon.pl\/pl\/blog\/garaz-czy-wiata\/"},"author":{"name":"editor","@id":"https:\/\/gardeon.pl\/#\/schema\/person\/a5762ca5f0790bf92774af0899379463"},"headline":"Gara\u017c czy wiata?","datePublished":"2026-04-23T17:01:21+00:00","mainEntityOfPage":{"@id":"https:\/\/gardeon.pl\/pl\/blog\/garaz-czy-wiata\/"},"wordCount":1077,"commentCount":0,"image":{"@id":"https:\/\/gardeon.pl\/pl\/blog\/garaz-czy-wiata\/#primaryimage"},"thumbnailUrl":"https:\/\/gardeon.pl\/wp-content\/uploads\/2015\/04\/ak\u00fa-gar\u00e1\u017e-si-vybra\u0165-e1427884243309.jpg","articleSection":["Gara\u017ce blaszane","Jak to zrobi\u0107 \u2013 gara\u017ce | DIY","Wiaty i altany"],"inLanguage":"pl-PL","potentialAction":[{"@type":"CommentAction","name":"Comment","target":["https:\/\/gardeon.pl\/pl\/blog\/garaz-czy-wiata\/#respond"]}]},{"@type":"WebPage","@id":"https:\/\/gardeon.pl\/pl\/blog\/garaz-czy-wiata\/","url":"https:\/\/gardeon.pl\/pl\/blog\/garaz-czy-wiata\/","name":"Gara\u017c czy wiata? - GARDEON","isPartOf":{"@id":"https:\/\/gardeon.pl\/#website"},"primaryImageOfPage":{"@id":"https:\/\/gardeon.pl\/pl\/blog\/garaz-czy-wiata\/#primaryimage"},"image":{"@id":"https:\/\/gardeon.pl\/pl\/blog\/garaz-czy-wiata\/#primaryimage"},"thumbnailUrl":"https:\/\/gardeon.pl\/wp-content\/uploads\/2015\/04\/ak\u00fa-gar\u00e1\u017e-si-vybra\u0165-e1427884243309.jpg","datePublished":"2026-04-23T17:01:21+00:00","author":{"@id":"https:\/\/gardeon.pl\/#\/schema\/person\/a5762ca5f0790bf92774af0899379463"},"description":"Nie mog\u0105 si\u0119 Pa\u0144stwo zdecydowa\u0107? Doradzimy przy wyborze. Specjalista od gara\u017cy blaszanych i wiat.","breadcrumb":{"@id":"https:\/\/gardeon.pl\/pl\/blog\/garaz-czy-wiata\/#breadcrumb"},"inLanguage":"pl-PL","potentialAction":[{"@type":"ReadAction","target":["https:\/\/gardeon.pl\/pl\/blog\/garaz-czy-wiata\/"]}]},{"@type":"ImageObject","inLanguage":"pl-PL","@id":"https:\/\/gardeon.pl\/pl\/blog\/garaz-czy-wiata\/#primaryimage","url":"https:\/\/gardeon.pl\/wp-content\/uploads\/2015\/04\/ak\u00fa-gar\u00e1\u017e-si-vybra\u0165-e1427884243309.jpg","contentUrl":"https:\/\/gardeon.pl\/wp-content\/uploads\/2015\/04\/ak\u00fa-gar\u00e1\u017e-si-vybra\u0165-e1427884243309.jpg","width":800,"height":574,"caption":"Zamy\u015blona kobieta w szarym t-shircie"},{"@type":"BreadcrumbList","@id":"https:\/\/gardeon.pl\/pl\/blog\/garaz-czy-wiata\/#breadcrumb","itemListElement":[{"@type":"ListItem","position":1,"name":"Domov","item":"https:\/\/gardeon.pl\/pl\/"},{"@type":"ListItem","position":2,"name":"Gara\u017c czy wiata?"}]},{"@type":"WebSite","@id":"https:\/\/gardeon.pl\/#website","url":"https:\/\/gardeon.pl\/","name":"GARDEON","description":"","potentialAction":[{"@type":"SearchAction","target":{"@type":"EntryPoint","urlTemplate":"https:\/\/gardeon.pl\/?s={search_term_string}"},"query-input":{"@type":"PropertyValueSpecification","valueRequired":true,"valueName":"search_term_string"}}],"inLanguage":"pl-PL"},{"@type":"Person","@id":"https:\/\/gardeon.pl\/#\/schema\/person\/a5762ca5f0790bf92774af0899379463","name":"editor","image":{"@type":"ImageObject","inLanguage":"pl-PL","@id":"https:\/\/secure.gravatar.com\/avatar\/2b748151c2c748327307fd289a91b3bdafdd9e64e2d000e65e53d6dcf11c5830?s=96&d=mm&r=g","url":"https:\/\/secure.gravatar.com\/avatar\/2b748151c2c748327307fd289a91b3bdafdd9e64e2d000e65e53d6dcf11c5830?s=96&d=mm&r=g","contentUrl":"https:\/\/secure.gravatar.com\/avatar\/2b748151c2c748327307fd289a91b3bdafdd9e64e2d000e65e53d6dcf11c5830?s=96&d=mm&r=g","caption":"editor"}}]}},"_links":{"self":[{"href":"https:\/\/gardeon.pl\/pl\/wp-json\/wp\/v2\/posts\/45816","targetHints":{"allow":["GET"]}}],"collection":[{"href":"https:\/\/gardeon.pl\/pl\/wp-json\/wp\/v2\/posts"}],"about":[{"href":"https:\/\/gardeon.pl\/pl\/wp-json\/wp\/v2\/types\/post"}],"author":[{"embeddable":true,"href":"https:\/\/gardeon.pl\/pl\/wp-json\/wp\/v2\/users\/2"}],"replies":[{"embeddable":true,"href":"https:\/\/gardeon.pl\/pl\/wp-json\/wp\/v2\/comments?post=45816"}],"version-history":[{"count":0,"href":"https:\/\/gardeon.pl\/pl\/wp-json\/wp\/v2\/posts\/45816\/revisions"}],"wp:featuredmedia":[{"embeddable":true,"href":"https:\/\/gardeon.pl\/pl\/wp-json\/wp\/v2\/media\/45817"}],"wp:attachment":[{"href":"https:\/\/gardeon.pl\/pl\/wp-json\/wp\/v2\/media?parent=45816"}],"wp:term":[{"taxonomy":"category","embeddable":true,"href":"https:\/\/gardeon.pl\/pl\/wp-json\/wp\/v2\/categories?post=45816"},{"taxonomy":"post_tag","embeddable":true,"href":"https:\/\/gardeon.pl\/pl\/wp-json\/wp\/v2\/tags?post=45816"}],"curies":[{"name":"wp","href":"https:\/\/api.w.org\/{rel}","templated":true}]}}