{"id":45821,"date":"2026-04-23T16:47:03","date_gmt":"2026-04-23T14:47:03","guid":{"rendered":"https:\/\/gardeon.pl\/blog\/chcemy-zdominowac-czeski-rynek-garazy-i-domkow-ogrodowych-w-technologii-modulowej\/"},"modified":"2026-04-23T19:04:58","modified_gmt":"2026-04-23T17:04:58","slug":"chcemy-zdominowac-czeski-rynek-garazy-i-domkow-ogrodowych-w-technologii-modulowej","status":"publish","type":"post","link":"https:\/\/gardeon.pl\/pl\/blog\/chcemy-zdominowac-czeski-rynek-garazy-i-domkow-ogrodowych-w-technologii-modulowej\/","title":{"rendered":"Chcemy zdominowa\u0107 czeski rynek gara\u017cy i domk\u00f3w ogrodowych w technologii modu\u0142owej"},"content":{"rendered":"<p><em>Nasza rodzinna firma Gardeon to kolejna s\u0142owacka sp\u00f3\u0142ka, kt\u00f3ra przygotowuje si\u0119 do ekspansji na rynku czeskim. Chcemy pozyska\u0107 klient\u00f3w przede wszystkim ofert\u0105 eleganckich i wyj\u0105tkowo funkcjonalnych gara\u017cy modu\u0142owych, kt\u00f3re oszcz\u0119dzaj\u0105 nie tylko czas i miejsce, ale tak\u017ce wysi\u0142ek. Ponadto w naszym asortymencie oferujemy r\u00f3wnie\u017c domki ogrodowe, zadaszone tarasy oraz wiaty samochodowe. Dzi\u0119ki innowacyjnemu podej\u015bciu zaliczamy si\u0119 do najszybciej rozwijaj\u0105cych si\u0119 firm w Europie.<\/em><\/p>\n<p><em>Artyku\u0142 z marca 2024 r. na portalu <a href=\"https:\/\/www.mujdum.cz\/\" target=\"_blank\" rel=\"noopener\">mujdum.cz<\/a><\/em><\/p>\n<p><em>Artyku\u0142 na portalu \u201eThe Financial Times\u201d: <a href=\"https:\/\/www.ft.com\/ft1000-2024\" target=\"_blank\" rel=\"noopener\">https:\/\/www.ft.com\/ft1000-2024<\/a><\/em><\/p>\n<p><!--more--><\/p>\n","protected":false},"excerpt":{"rendered":"<p>Nasza rodzinna firma Gardeon to kolejna s\u0142owacka sp\u00f3\u0142ka, kt\u00f3ra przygotowuje si\u0119 do ekspansji na rynku czeskim. Chcemy pozyska\u0107 klient\u00f3w przede wszystkim ofert\u0105 eleganckich i wyj\u0105tkowo funkcjonalnych gara\u017cy modu\u0142owych, kt\u00f3re oszcz\u0119dzaj\u0105 nie tylko czas i miejsce, ale tak\u017ce wysi\u0142ek. Ponadto w naszym asortymencie oferujemy r\u00f3wnie\u017c domki ogrodowe, zadaszone tarasy oraz wiaty samochodowe. Dzi\u0119ki innowacyjnemu podej\u015bciu zaliczamy [&hellip;]<\/p>\n","protected":false},"author":2,"featured_media":45826,"comment_status":"open","ping_status":"open","sticky":false,"template":"","format":"standard","meta":{"_acf_changed":false,"inline_featured_image":false,"footnotes":""},"categories":[593,631],"tags":[579,692],"class_list":["post-45821","post","type-post","status-publish","format-standard","has-post-thumbnail","hentry","category-aktualnosci","category-inne","tag-gardeon","tag-moj-dom"],"acf":[],"yoast_head":"<!-- This site is optimized with the Yoast SEO plugin v27.4 - https:\/\/yoast.com\/product\/yoast-seo-wordpress\/ -->\n<title>Chcemy zdominowa\u0107 czeski rynek gara\u017cy i domk\u00f3w ogrodowych w technologii modu\u0142owej | GARDEON<\/title>\n<meta name=\"robots\" content=\"index, follow, max-snippet:-1, max-image-preview:large, max-video-preview:-1\" \/>\n<link rel=\"canonical\" href=\"https:\/\/gardeon.pl\/pl\/blog\/chcemy-zdominowac-czeski-rynek-garazy-i-domkow-ogrodowych-w-technologii-modulowej\/\" \/>\n<meta property=\"og:locale\" content=\"pl_PL\" \/>\n<meta property=\"og:type\" content=\"article\" \/>\n<meta property=\"og:title\" content=\"Chcemy zdominowa\u0107 czeski rynek gara\u017cy i domk\u00f3w ogrodowych w technologii modu\u0142owej | GARDEON\" \/>\n<meta property=\"og:description\" content=\"Nasza rodzinna firma Gardeon to kolejna s\u0142owacka sp\u00f3\u0142ka, kt\u00f3ra przygotowuje si\u0119 do ekspansji na rynku czeskim. Chcemy pozyska\u0107 klient\u00f3w przede wszystkim ofert\u0105 eleganckich i wyj\u0105tkowo funkcjonalnych gara\u017cy modu\u0142owych, kt\u00f3re oszcz\u0119dzaj\u0105 nie tylko czas i miejsce, ale tak\u017ce wysi\u0142ek. Ponadto w naszym asortymencie oferujemy r\u00f3wnie\u017c domki ogrodowe, zadaszone tarasy oraz wiaty samochodowe. Dzi\u0119ki innowacyjnemu podej\u015bciu zaliczamy [&hellip;]\" \/>\n<meta property=\"og:url\" content=\"https:\/\/gardeon.pl\/pl\/blog\/chcemy-zdominowac-czeski-rynek-garazy-i-domkow-ogrodowych-w-technologii-modulowej\/\" \/>\n<meta property=\"og:site_name\" content=\"GARDEON\" \/>\n<meta property=\"article:published_time\" content=\"2026-04-23T14:47:03+00:00\" \/>\n<meta property=\"article:modified_time\" content=\"2026-04-23T17:04:58+00:00\" \/>\n<meta property=\"og:image\" content=\"http:\/\/gardeon.pl\/wp-content\/uploads\/2024\/04\/logo-muj-dum.webp\" \/>\n\t<meta property=\"og:image:width\" content=\"1200\" \/>\n\t<meta property=\"og:image:height\" content=\"800\" \/>\n\t<meta property=\"og:image:type\" content=\"image\/webp\" \/>\n<meta name=\"author\" content=\"editor\" \/>\n<meta name=\"twitter:card\" content=\"summary_large_image\" \/>\n<meta name=\"twitter:label1\" content=\"Napisane przez\" \/>\n\t<meta name=\"twitter:data1\" content=\"editor\" \/>\n<script type=\"application\/ld+json\" class=\"yoast-schema-graph\">{\"@context\":\"https:\\\/\\\/schema.org\",\"@graph\":[{\"@type\":\"Article\",\"@id\":\"https:\\\/\\\/gardeon.pl\\\/pl\\\/blog\\\/chcemy-zdominowac-czeski-rynek-garazy-i-domkow-ogrodowych-w-technologii-modulowej\\\/#article\",\"isPartOf\":{\"@id\":\"https:\\\/\\\/gardeon.pl\\\/pl\\\/blog\\\/chcemy-zdominowac-czeski-rynek-garazy-i-domkow-ogrodowych-w-technologii-modulowej\\\/\"},\"author\":{\"name\":\"editor\",\"@id\":\"https:\\\/\\\/gardeon.pl\\\/#\\\/schema\\\/person\\\/a5762ca5f0790bf92774af0899379463\"},\"headline\":\"Chcemy zdominowa\u0107 czeski rynek gara\u017cy i domk\u00f3w ogrodowych w technologii modu\u0142owej\",\"datePublished\":\"2026-04-23T14:47:03+00:00\",\"dateModified\":\"2026-04-23T17:04:58+00:00\",\"mainEntityOfPage\":{\"@id\":\"https:\\\/\\\/gardeon.pl\\\/pl\\\/blog\\\/chcemy-zdominowac-czeski-rynek-garazy-i-domkow-ogrodowych-w-technologii-modulowej\\\/\"},\"wordCount\":112,\"commentCount\":0,\"image\":{\"@id\":\"https:\\\/\\\/gardeon.pl\\\/pl\\\/blog\\\/chcemy-zdominowac-czeski-rynek-garazy-i-domkow-ogrodowych-w-technologii-modulowej\\\/#primaryimage\"},\"thumbnailUrl\":\"https:\\\/\\\/gardeon.pl\\\/wp-content\\\/uploads\\\/2024\\\/04\\\/logo-muj-dum.webp\",\"keywords\":[\"GARDEON\",\"M\u00f3j Dom\"],\"articleSection\":[\"Aktualno\u015bci\",\"Inne\"],\"inLanguage\":\"pl-PL\",\"potentialAction\":[{\"@type\":\"CommentAction\",\"name\":\"Comment\",\"target\":[\"https:\\\/\\\/gardeon.pl\\\/pl\\\/blog\\\/chcemy-zdominowac-czeski-rynek-garazy-i-domkow-ogrodowych-w-technologii-modulowej\\\/#respond\"]}]},{\"@type\":\"WebPage\",\"@id\":\"https:\\\/\\\/gardeon.pl\\\/pl\\\/blog\\\/chcemy-zdominowac-czeski-rynek-garazy-i-domkow-ogrodowych-w-technologii-modulowej\\\/\",\"url\":\"https:\\\/\\\/gardeon.pl\\\/pl\\\/blog\\\/chcemy-zdominowac-czeski-rynek-garazy-i-domkow-ogrodowych-w-technologii-modulowej\\\/\",\"name\":\"Chcemy zdominowa\u0107 czeski rynek gara\u017cy i domk\u00f3w ogrodowych w technologii modu\u0142owej | GARDEON\",\"isPartOf\":{\"@id\":\"https:\\\/\\\/gardeon.pl\\\/#website\"},\"primaryImageOfPage\":{\"@id\":\"https:\\\/\\\/gardeon.pl\\\/pl\\\/blog\\\/chcemy-zdominowac-czeski-rynek-garazy-i-domkow-ogrodowych-w-technologii-modulowej\\\/#primaryimage\"},\"image\":{\"@id\":\"https:\\\/\\\/gardeon.pl\\\/pl\\\/blog\\\/chcemy-zdominowac-czeski-rynek-garazy-i-domkow-ogrodowych-w-technologii-modulowej\\\/#primaryimage\"},\"thumbnailUrl\":\"https:\\\/\\\/gardeon.pl\\\/wp-content\\\/uploads\\\/2024\\\/04\\\/logo-muj-dum.webp\",\"datePublished\":\"2026-04-23T14:47:03+00:00\",\"dateModified\":\"2026-04-23T17:04:58+00:00\",\"author\":{\"@id\":\"https:\\\/\\\/gardeon.pl\\\/#\\\/schema\\\/person\\\/a5762ca5f0790bf92774af0899379463\"},\"breadcrumb\":{\"@id\":\"https:\\\/\\\/gardeon.pl\\\/pl\\\/blog\\\/chcemy-zdominowac-czeski-rynek-garazy-i-domkow-ogrodowych-w-technologii-modulowej\\\/#breadcrumb\"},\"inLanguage\":\"pl-PL\",\"potentialAction\":[{\"@type\":\"ReadAction\",\"target\":[\"https:\\\/\\\/gardeon.pl\\\/pl\\\/blog\\\/chcemy-zdominowac-czeski-rynek-garazy-i-domkow-ogrodowych-w-technologii-modulowej\\\/\"]}]},{\"@type\":\"ImageObject\",\"inLanguage\":\"pl-PL\",\"@id\":\"https:\\\/\\\/gardeon.pl\\\/pl\\\/blog\\\/chcemy-zdominowac-czeski-rynek-garazy-i-domkow-ogrodowych-w-technologii-modulowej\\\/#primaryimage\",\"url\":\"https:\\\/\\\/gardeon.pl\\\/wp-content\\\/uploads\\\/2024\\\/04\\\/logo-muj-dum.webp\",\"contentUrl\":\"https:\\\/\\\/gardeon.pl\\\/wp-content\\\/uploads\\\/2024\\\/04\\\/logo-muj-dum.webp\",\"width\":1200,\"height\":800,\"caption\":\"Logo M\u00f3j Dom\"},{\"@type\":\"BreadcrumbList\",\"@id\":\"https:\\\/\\\/gardeon.pl\\\/pl\\\/blog\\\/chcemy-zdominowac-czeski-rynek-garazy-i-domkow-ogrodowych-w-technologii-modulowej\\\/#breadcrumb\",\"itemListElement\":[{\"@type\":\"ListItem\",\"position\":1,\"name\":\"Domov\",\"item\":\"https:\\\/\\\/gardeon.pl\\\/pl\\\/\"},{\"@type\":\"ListItem\",\"position\":2,\"name\":\"Chcemy zdominowa\u0107 czeski rynek gara\u017cy i domk\u00f3w ogrodowych w technologii modu\u0142owej\"}]},{\"@type\":\"WebSite\",\"@id\":\"https:\\\/\\\/gardeon.pl\\\/#website\",\"url\":\"https:\\\/\\\/gardeon.pl\\\/\",\"name\":\"GARDEON\",\"description\":\"\",\"potentialAction\":[{\"@type\":\"SearchAction\",\"target\":{\"@type\":\"EntryPoint\",\"urlTemplate\":\"https:\\\/\\\/gardeon.pl\\\/?s={search_term_string}\"},\"query-input\":{\"@type\":\"PropertyValueSpecification\",\"valueRequired\":true,\"valueName\":\"search_term_string\"}}],\"inLanguage\":\"pl-PL\"},{\"@type\":\"Person\",\"@id\":\"https:\\\/\\\/gardeon.pl\\\/#\\\/schema\\\/person\\\/a5762ca5f0790bf92774af0899379463\",\"name\":\"editor\",\"image\":{\"@type\":\"ImageObject\",\"inLanguage\":\"pl-PL\",\"@id\":\"https:\\\/\\\/secure.gravatar.com\\\/avatar\\\/2b748151c2c748327307fd289a91b3bdafdd9e64e2d000e65e53d6dcf11c5830?s=96&d=mm&r=g\",\"url\":\"https:\\\/\\\/secure.gravatar.com\\\/avatar\\\/2b748151c2c748327307fd289a91b3bdafdd9e64e2d000e65e53d6dcf11c5830?s=96&d=mm&r=g\",\"contentUrl\":\"https:\\\/\\\/secure.gravatar.com\\\/avatar\\\/2b748151c2c748327307fd289a91b3bdafdd9e64e2d000e65e53d6dcf11c5830?s=96&d=mm&r=g\",\"caption\":\"editor\"}}]}<\/script>\n<!-- \/ Yoast SEO plugin. -->","yoast_head_json":{"title":"Chcemy zdominowa\u0107 czeski rynek gara\u017cy i domk\u00f3w ogrodowych w technologii modu\u0142owej | GARDEON","robots":{"index":"index","follow":"follow","max-snippet":"max-snippet:-1","max-image-preview":"max-image-preview:large","max-video-preview":"max-video-preview:-1"},"canonical":"https:\/\/gardeon.pl\/pl\/blog\/chcemy-zdominowac-czeski-rynek-garazy-i-domkow-ogrodowych-w-technologii-modulowej\/","og_locale":"pl_PL","og_type":"article","og_title":"Chcemy zdominowa\u0107 czeski rynek gara\u017cy i domk\u00f3w ogrodowych w technologii modu\u0142owej | GARDEON","og_description":"Nasza rodzinna firma Gardeon to kolejna s\u0142owacka sp\u00f3\u0142ka, kt\u00f3ra przygotowuje si\u0119 do ekspansji na rynku czeskim. Chcemy pozyska\u0107 klient\u00f3w przede wszystkim ofert\u0105 eleganckich i wyj\u0105tkowo funkcjonalnych gara\u017cy modu\u0142owych, kt\u00f3re oszcz\u0119dzaj\u0105 nie tylko czas i miejsce, ale tak\u017ce wysi\u0142ek. Ponadto w naszym asortymencie oferujemy r\u00f3wnie\u017c domki ogrodowe, zadaszone tarasy oraz wiaty samochodowe. Dzi\u0119ki innowacyjnemu podej\u015bciu zaliczamy [&hellip;]","og_url":"https:\/\/gardeon.pl\/pl\/blog\/chcemy-zdominowac-czeski-rynek-garazy-i-domkow-ogrodowych-w-technologii-modulowej\/","og_site_name":"GARDEON","article_published_time":"2026-04-23T14:47:03+00:00","article_modified_time":"2026-04-23T17:04:58+00:00","og_image":[{"width":1200,"height":800,"url":"http:\/\/gardeon.pl\/wp-content\/uploads\/2024\/04\/logo-muj-dum.webp","type":"image\/webp"}],"author":"editor","twitter_card":"summary_large_image","twitter_misc":{"Napisane przez":"editor"},"schema":{"@context":"https:\/\/schema.org","@graph":[{"@type":"Article","@id":"https:\/\/gardeon.pl\/pl\/blog\/chcemy-zdominowac-czeski-rynek-garazy-i-domkow-ogrodowych-w-technologii-modulowej\/#article","isPartOf":{"@id":"https:\/\/gardeon.pl\/pl\/blog\/chcemy-zdominowac-czeski-rynek-garazy-i-domkow-ogrodowych-w-technologii-modulowej\/"},"author":{"name":"editor","@id":"https:\/\/gardeon.pl\/#\/schema\/person\/a5762ca5f0790bf92774af0899379463"},"headline":"Chcemy zdominowa\u0107 czeski rynek gara\u017cy i domk\u00f3w ogrodowych w technologii modu\u0142owej","datePublished":"2026-04-23T14:47:03+00:00","dateModified":"2026-04-23T17:04:58+00:00","mainEntityOfPage":{"@id":"https:\/\/gardeon.pl\/pl\/blog\/chcemy-zdominowac-czeski-rynek-garazy-i-domkow-ogrodowych-w-technologii-modulowej\/"},"wordCount":112,"commentCount":0,"image":{"@id":"https:\/\/gardeon.pl\/pl\/blog\/chcemy-zdominowac-czeski-rynek-garazy-i-domkow-ogrodowych-w-technologii-modulowej\/#primaryimage"},"thumbnailUrl":"https:\/\/gardeon.pl\/wp-content\/uploads\/2024\/04\/logo-muj-dum.webp","keywords":["GARDEON","M\u00f3j Dom"],"articleSection":["Aktualno\u015bci","Inne"],"inLanguage":"pl-PL","potentialAction":[{"@type":"CommentAction","name":"Comment","target":["https:\/\/gardeon.pl\/pl\/blog\/chcemy-zdominowac-czeski-rynek-garazy-i-domkow-ogrodowych-w-technologii-modulowej\/#respond"]}]},{"@type":"WebPage","@id":"https:\/\/gardeon.pl\/pl\/blog\/chcemy-zdominowac-czeski-rynek-garazy-i-domkow-ogrodowych-w-technologii-modulowej\/","url":"https:\/\/gardeon.pl\/pl\/blog\/chcemy-zdominowac-czeski-rynek-garazy-i-domkow-ogrodowych-w-technologii-modulowej\/","name":"Chcemy zdominowa\u0107 czeski rynek gara\u017cy i domk\u00f3w ogrodowych w technologii modu\u0142owej | GARDEON","isPartOf":{"@id":"https:\/\/gardeon.pl\/#website"},"primaryImageOfPage":{"@id":"https:\/\/gardeon.pl\/pl\/blog\/chcemy-zdominowac-czeski-rynek-garazy-i-domkow-ogrodowych-w-technologii-modulowej\/#primaryimage"},"image":{"@id":"https:\/\/gardeon.pl\/pl\/blog\/chcemy-zdominowac-czeski-rynek-garazy-i-domkow-ogrodowych-w-technologii-modulowej\/#primaryimage"},"thumbnailUrl":"https:\/\/gardeon.pl\/wp-content\/uploads\/2024\/04\/logo-muj-dum.webp","datePublished":"2026-04-23T14:47:03+00:00","dateModified":"2026-04-23T17:04:58+00:00","author":{"@id":"https:\/\/gardeon.pl\/#\/schema\/person\/a5762ca5f0790bf92774af0899379463"},"breadcrumb":{"@id":"https:\/\/gardeon.pl\/pl\/blog\/chcemy-zdominowac-czeski-rynek-garazy-i-domkow-ogrodowych-w-technologii-modulowej\/#breadcrumb"},"inLanguage":"pl-PL","potentialAction":[{"@type":"ReadAction","target":["https:\/\/gardeon.pl\/pl\/blog\/chcemy-zdominowac-czeski-rynek-garazy-i-domkow-ogrodowych-w-technologii-modulowej\/"]}]},{"@type":"ImageObject","inLanguage":"pl-PL","@id":"https:\/\/gardeon.pl\/pl\/blog\/chcemy-zdominowac-czeski-rynek-garazy-i-domkow-ogrodowych-w-technologii-modulowej\/#primaryimage","url":"https:\/\/gardeon.pl\/wp-content\/uploads\/2024\/04\/logo-muj-dum.webp","contentUrl":"https:\/\/gardeon.pl\/wp-content\/uploads\/2024\/04\/logo-muj-dum.webp","width":1200,"height":800,"caption":"Logo M\u00f3j Dom"},{"@type":"BreadcrumbList","@id":"https:\/\/gardeon.pl\/pl\/blog\/chcemy-zdominowac-czeski-rynek-garazy-i-domkow-ogrodowych-w-technologii-modulowej\/#breadcrumb","itemListElement":[{"@type":"ListItem","position":1,"name":"Domov","item":"https:\/\/gardeon.pl\/pl\/"},{"@type":"ListItem","position":2,"name":"Chcemy zdominowa\u0107 czeski rynek gara\u017cy i domk\u00f3w ogrodowych w technologii modu\u0142owej"}]},{"@type":"WebSite","@id":"https:\/\/gardeon.pl\/#website","url":"https:\/\/gardeon.pl\/","name":"GARDEON","description":"","potentialAction":[{"@type":"SearchAction","target":{"@type":"EntryPoint","urlTemplate":"https:\/\/gardeon.pl\/?s={search_term_string}"},"query-input":{"@type":"PropertyValueSpecification","valueRequired":true,"valueName":"search_term_string"}}],"inLanguage":"pl-PL"},{"@type":"Person","@id":"https:\/\/gardeon.pl\/#\/schema\/person\/a5762ca5f0790bf92774af0899379463","name":"editor","image":{"@type":"ImageObject","inLanguage":"pl-PL","@id":"https:\/\/secure.gravatar.com\/avatar\/2b748151c2c748327307fd289a91b3bdafdd9e64e2d000e65e53d6dcf11c5830?s=96&d=mm&r=g","url":"https:\/\/secure.gravatar.com\/avatar\/2b748151c2c748327307fd289a91b3bdafdd9e64e2d000e65e53d6dcf11c5830?s=96&d=mm&r=g","contentUrl":"https:\/\/secure.gravatar.com\/avatar\/2b748151c2c748327307fd289a91b3bdafdd9e64e2d000e65e53d6dcf11c5830?s=96&d=mm&r=g","caption":"editor"}}]}},"_links":{"self":[{"href":"https:\/\/gardeon.pl\/pl\/wp-json\/wp\/v2\/posts\/45821","targetHints":{"allow":["GET"]}}],"collection":[{"href":"https:\/\/gardeon.pl\/pl\/wp-json\/wp\/v2\/posts"}],"about":[{"href":"https:\/\/gardeon.pl\/pl\/wp-json\/wp\/v2\/types\/post"}],"author":[{"embeddable":true,"href":"https:\/\/gardeon.pl\/pl\/wp-json\/wp\/v2\/users\/2"}],"replies":[{"embeddable":true,"href":"https:\/\/gardeon.pl\/pl\/wp-json\/wp\/v2\/comments?post=45821"}],"version-history":[{"count":0,"href":"https:\/\/gardeon.pl\/pl\/wp-json\/wp\/v2\/posts\/45821\/revisions"}],"wp:featuredmedia":[{"embeddable":true,"href":"https:\/\/gardeon.pl\/pl\/wp-json\/wp\/v2\/media\/45826"}],"wp:attachment":[{"href":"https:\/\/gardeon.pl\/pl\/wp-json\/wp\/v2\/media?parent=45821"}],"wp:term":[{"taxonomy":"category","embeddable":true,"href":"https:\/\/gardeon.pl\/pl\/wp-json\/wp\/v2\/categories?post=45821"},{"taxonomy":"post_tag","embeddable":true,"href":"https:\/\/gardeon.pl\/pl\/wp-json\/wp\/v2\/tags?post=45821"}],"curies":[{"name":"wp","href":"https:\/\/api.w.org\/{rel}","templated":true}]}}