{"id":45833,"date":"2026-04-23T16:47:04","date_gmt":"2026-04-23T14:47:04","guid":{"rendered":"https:\/\/gardeon.pl\/blog\/jak-latem-walczyc-z-owadami-przepisy-na-naturalne-repelenty\/"},"modified":"2026-04-23T19:04:58","modified_gmt":"2026-04-23T17:04:58","slug":"jak-latem-walczyc-z-owadami-przepisy-na-naturalne-repelenty","status":"publish","type":"post","link":"https:\/\/gardeon.pl\/pl\/blog\/jak-latem-walczyc-z-owadami-przepisy-na-naturalne-repelenty\/","title":{"rendered":"Jak latem walczy\u0107 z owadami? Przepisy na naturalne repelenty"},"content":{"rendered":"<p><em><span style=\"font-weight: 400;\">Wszyscy zgadzamy si\u0119, \u017ce owady, kt\u00f3re przeszkadzaj\u0105 nam podczas kolacji na tarasie lub grillowania w ogrodzie, s\u0105 bardzo uci\u0105\u017cliwe. Nikt nie \u017cyczy sobie sw\u0119dz\u0105cych uk\u0105sze\u0144 ani much na cie\u015bcie truskawkowym. Zanim si\u0119gn\u0105 Pa\u0144stwo po niehumanitarne pestycydy, warto zapozna\u0107 si\u0119 z alternatywami, kt\u00f3re oferuje nam natura.  <\/span><\/em><\/p>\n<p><!--more--><\/p>\n","protected":false},"excerpt":{"rendered":"<p>Wszyscy zgadzamy si\u0119, \u017ce owady, kt\u00f3re przeszkadzaj\u0105 nam podczas kolacji na tarasie lub grillowania w ogrodzie, s\u0105 bardzo uci\u0105\u017cliwe. Nikt nie \u017cyczy sobie sw\u0119dz\u0105cych uk\u0105sze\u0144 ani much na cie\u015bcie truskawkowym. Zanim si\u0119gn\u0105 Pa\u0144stwo po niehumanitarne pestycydy, warto zapozna\u0107 si\u0119 z alternatywami, kt\u00f3re oferuje nam natura.<\/p>\n","protected":false},"author":2,"featured_media":45866,"comment_status":"open","ping_status":"open","sticky":false,"template":"","format":"standard","meta":{"_acf_changed":false,"inline_featured_image":false,"footnotes":""},"categories":[631,607,605,594],"tags":[579,694,693,695],"class_list":["post-45833","post","type-post","status-publish","format-standard","has-post-thumbnail","hentry","category-inne","category-inspiracje","category-jak-to-zrobic-ogrod-diy","category-ogrod","tag-gardeon","tag-lato","tag-owady","tag-repelent"],"acf":[],"yoast_head":"<!-- This site is optimized with the Yoast SEO plugin v27.4 - https:\/\/yoast.com\/product\/yoast-seo-wordpress\/ -->\n<title>Jak latem walczy\u0107 z owadami? Przepisy na naturalne repelenty | GARDEON<\/title>\n<meta name=\"robots\" content=\"index, follow, max-snippet:-1, max-image-preview:large, max-video-preview:-1\" \/>\n<link rel=\"canonical\" href=\"https:\/\/gardeon.pl\/pl\/blog\/jak-latem-walczyc-z-owadami-przepisy-na-naturalne-repelenty\/\" \/>\n<meta property=\"og:locale\" content=\"pl_PL\" \/>\n<meta property=\"og:type\" content=\"article\" \/>\n<meta property=\"og:title\" content=\"Jak latem walczy\u0107 z owadami? Przepisy na naturalne repelenty | GARDEON\" \/>\n<meta property=\"og:description\" content=\"Wszyscy zgadzamy si\u0119, \u017ce owady, kt\u00f3re przeszkadzaj\u0105 nam podczas kolacji na tarasie lub grillowania w ogrodzie, s\u0105 bardzo uci\u0105\u017cliwe. Nikt nie \u017cyczy sobie sw\u0119dz\u0105cych uk\u0105sze\u0144 ani much na cie\u015bcie truskawkowym. Zanim si\u0119gn\u0105 Pa\u0144stwo po niehumanitarne pestycydy, warto zapozna\u0107 si\u0119 z alternatywami, kt\u00f3re oferuje nam natura.\" \/>\n<meta property=\"og:url\" content=\"https:\/\/gardeon.pl\/pl\/blog\/jak-latem-walczyc-z-owadami-przepisy-na-naturalne-repelenty\/\" \/>\n<meta property=\"og:site_name\" content=\"GARDEON\" \/>\n<meta property=\"article:published_time\" content=\"2026-04-23T14:47:04+00:00\" \/>\n<meta property=\"article:modified_time\" content=\"2026-04-23T17:04:58+00:00\" \/>\n<meta property=\"og:image\" content=\"http:\/\/gardeon.pl\/wp-content\/uploads\/2024\/05\/aplikovanie-repelentu-deti-1.webp\" \/>\n\t<meta property=\"og:image:width\" content=\"1800\" \/>\n\t<meta property=\"og:image:height\" content=\"1200\" \/>\n\t<meta property=\"og:image:type\" content=\"image\/webp\" \/>\n<meta name=\"author\" content=\"editor\" \/>\n<meta name=\"twitter:card\" content=\"summary_large_image\" \/>\n<meta name=\"twitter:label1\" content=\"Napisane przez\" \/>\n\t<meta name=\"twitter:data1\" content=\"editor\" \/>\n<script type=\"application\/ld+json\" class=\"yoast-schema-graph\">{\"@context\":\"https:\\\/\\\/schema.org\",\"@graph\":[{\"@type\":\"Article\",\"@id\":\"https:\\\/\\\/gardeon.pl\\\/pl\\\/blog\\\/jak-latem-walczyc-z-owadami-przepisy-na-naturalne-repelenty\\\/#article\",\"isPartOf\":{\"@id\":\"https:\\\/\\\/gardeon.pl\\\/pl\\\/blog\\\/jak-latem-walczyc-z-owadami-przepisy-na-naturalne-repelenty\\\/\"},\"author\":{\"name\":\"editor\",\"@id\":\"https:\\\/\\\/gardeon.pl\\\/#\\\/schema\\\/person\\\/a5762ca5f0790bf92774af0899379463\"},\"headline\":\"Jak latem walczy\u0107 z owadami? Przepisy na naturalne repelenty\",\"datePublished\":\"2026-04-23T14:47:04+00:00\",\"dateModified\":\"2026-04-23T17:04:58+00:00\",\"mainEntityOfPage\":{\"@id\":\"https:\\\/\\\/gardeon.pl\\\/pl\\\/blog\\\/jak-latem-walczyc-z-owadami-przepisy-na-naturalne-repelenty\\\/\"},\"wordCount\":63,\"commentCount\":0,\"image\":{\"@id\":\"https:\\\/\\\/gardeon.pl\\\/pl\\\/blog\\\/jak-latem-walczyc-z-owadami-przepisy-na-naturalne-repelenty\\\/#primaryimage\"},\"thumbnailUrl\":\"https:\\\/\\\/gardeon.pl\\\/wp-content\\\/uploads\\\/2024\\\/05\\\/aplikovanie-repelentu-deti-1.webp\",\"keywords\":[\"GARDEON\",\"lato\",\"owady\",\"repelent\"],\"articleSection\":[\"Inne\",\"Inspiracje\",\"Jak to zrobi\u0107 \u2013 ogr\u00f3d | DIY\",\"Ogr\u00f3d\"],\"inLanguage\":\"pl-PL\",\"potentialAction\":[{\"@type\":\"CommentAction\",\"name\":\"Comment\",\"target\":[\"https:\\\/\\\/gardeon.pl\\\/pl\\\/blog\\\/jak-latem-walczyc-z-owadami-przepisy-na-naturalne-repelenty\\\/#respond\"]}]},{\"@type\":\"WebPage\",\"@id\":\"https:\\\/\\\/gardeon.pl\\\/pl\\\/blog\\\/jak-latem-walczyc-z-owadami-przepisy-na-naturalne-repelenty\\\/\",\"url\":\"https:\\\/\\\/gardeon.pl\\\/pl\\\/blog\\\/jak-latem-walczyc-z-owadami-przepisy-na-naturalne-repelenty\\\/\",\"name\":\"Jak latem walczy\u0107 z owadami? Przepisy na naturalne repelenty | GARDEON\",\"isPartOf\":{\"@id\":\"https:\\\/\\\/gardeon.pl\\\/#website\"},\"primaryImageOfPage\":{\"@id\":\"https:\\\/\\\/gardeon.pl\\\/pl\\\/blog\\\/jak-latem-walczyc-z-owadami-przepisy-na-naturalne-repelenty\\\/#primaryimage\"},\"image\":{\"@id\":\"https:\\\/\\\/gardeon.pl\\\/pl\\\/blog\\\/jak-latem-walczyc-z-owadami-przepisy-na-naturalne-repelenty\\\/#primaryimage\"},\"thumbnailUrl\":\"https:\\\/\\\/gardeon.pl\\\/wp-content\\\/uploads\\\/2024\\\/05\\\/aplikovanie-repelentu-deti-1.webp\",\"datePublished\":\"2026-04-23T14:47:04+00:00\",\"dateModified\":\"2026-04-23T17:04:58+00:00\",\"author\":{\"@id\":\"https:\\\/\\\/gardeon.pl\\\/#\\\/schema\\\/person\\\/a5762ca5f0790bf92774af0899379463\"},\"breadcrumb\":{\"@id\":\"https:\\\/\\\/gardeon.pl\\\/pl\\\/blog\\\/jak-latem-walczyc-z-owadami-przepisy-na-naturalne-repelenty\\\/#breadcrumb\"},\"inLanguage\":\"pl-PL\",\"potentialAction\":[{\"@type\":\"ReadAction\",\"target\":[\"https:\\\/\\\/gardeon.pl\\\/pl\\\/blog\\\/jak-latem-walczyc-z-owadami-przepisy-na-naturalne-repelenty\\\/\"]}]},{\"@type\":\"ImageObject\",\"inLanguage\":\"pl-PL\",\"@id\":\"https:\\\/\\\/gardeon.pl\\\/pl\\\/blog\\\/jak-latem-walczyc-z-owadami-przepisy-na-naturalne-repelenty\\\/#primaryimage\",\"url\":\"https:\\\/\\\/gardeon.pl\\\/wp-content\\\/uploads\\\/2024\\\/05\\\/aplikovanie-repelentu-deti-1.webp\",\"contentUrl\":\"https:\\\/\\\/gardeon.pl\\\/wp-content\\\/uploads\\\/2024\\\/05\\\/aplikovanie-repelentu-deti-1.webp\",\"width\":1800,\"height\":1200,\"caption\":\"Mama aplikuje repelent ch\u0142opcu.\"},{\"@type\":\"BreadcrumbList\",\"@id\":\"https:\\\/\\\/gardeon.pl\\\/pl\\\/blog\\\/jak-latem-walczyc-z-owadami-przepisy-na-naturalne-repelenty\\\/#breadcrumb\",\"itemListElement\":[{\"@type\":\"ListItem\",\"position\":1,\"name\":\"Domov\",\"item\":\"https:\\\/\\\/gardeon.pl\\\/pl\\\/\"},{\"@type\":\"ListItem\",\"position\":2,\"name\":\"Jak latem walczy\u0107 z owadami? Przepisy na naturalne repelenty\"}]},{\"@type\":\"WebSite\",\"@id\":\"https:\\\/\\\/gardeon.pl\\\/#website\",\"url\":\"https:\\\/\\\/gardeon.pl\\\/\",\"name\":\"GARDEON\",\"description\":\"\",\"potentialAction\":[{\"@type\":\"SearchAction\",\"target\":{\"@type\":\"EntryPoint\",\"urlTemplate\":\"https:\\\/\\\/gardeon.pl\\\/?s={search_term_string}\"},\"query-input\":{\"@type\":\"PropertyValueSpecification\",\"valueRequired\":true,\"valueName\":\"search_term_string\"}}],\"inLanguage\":\"pl-PL\"},{\"@type\":\"Person\",\"@id\":\"https:\\\/\\\/gardeon.pl\\\/#\\\/schema\\\/person\\\/a5762ca5f0790bf92774af0899379463\",\"name\":\"editor\",\"image\":{\"@type\":\"ImageObject\",\"inLanguage\":\"pl-PL\",\"@id\":\"https:\\\/\\\/secure.gravatar.com\\\/avatar\\\/2b748151c2c748327307fd289a91b3bdafdd9e64e2d000e65e53d6dcf11c5830?s=96&d=mm&r=g\",\"url\":\"https:\\\/\\\/secure.gravatar.com\\\/avatar\\\/2b748151c2c748327307fd289a91b3bdafdd9e64e2d000e65e53d6dcf11c5830?s=96&d=mm&r=g\",\"contentUrl\":\"https:\\\/\\\/secure.gravatar.com\\\/avatar\\\/2b748151c2c748327307fd289a91b3bdafdd9e64e2d000e65e53d6dcf11c5830?s=96&d=mm&r=g\",\"caption\":\"editor\"}}]}<\/script>\n<!-- \/ Yoast SEO plugin. -->","yoast_head_json":{"title":"Jak latem walczy\u0107 z owadami? Przepisy na naturalne repelenty | GARDEON","robots":{"index":"index","follow":"follow","max-snippet":"max-snippet:-1","max-image-preview":"max-image-preview:large","max-video-preview":"max-video-preview:-1"},"canonical":"https:\/\/gardeon.pl\/pl\/blog\/jak-latem-walczyc-z-owadami-przepisy-na-naturalne-repelenty\/","og_locale":"pl_PL","og_type":"article","og_title":"Jak latem walczy\u0107 z owadami? Przepisy na naturalne repelenty | GARDEON","og_description":"Wszyscy zgadzamy si\u0119, \u017ce owady, kt\u00f3re przeszkadzaj\u0105 nam podczas kolacji na tarasie lub grillowania w ogrodzie, s\u0105 bardzo uci\u0105\u017cliwe. Nikt nie \u017cyczy sobie sw\u0119dz\u0105cych uk\u0105sze\u0144 ani much na cie\u015bcie truskawkowym. Zanim si\u0119gn\u0105 Pa\u0144stwo po niehumanitarne pestycydy, warto zapozna\u0107 si\u0119 z alternatywami, kt\u00f3re oferuje nam natura.","og_url":"https:\/\/gardeon.pl\/pl\/blog\/jak-latem-walczyc-z-owadami-przepisy-na-naturalne-repelenty\/","og_site_name":"GARDEON","article_published_time":"2026-04-23T14:47:04+00:00","article_modified_time":"2026-04-23T17:04:58+00:00","og_image":[{"width":1800,"height":1200,"url":"http:\/\/gardeon.pl\/wp-content\/uploads\/2024\/05\/aplikovanie-repelentu-deti-1.webp","type":"image\/webp"}],"author":"editor","twitter_card":"summary_large_image","twitter_misc":{"Napisane przez":"editor"},"schema":{"@context":"https:\/\/schema.org","@graph":[{"@type":"Article","@id":"https:\/\/gardeon.pl\/pl\/blog\/jak-latem-walczyc-z-owadami-przepisy-na-naturalne-repelenty\/#article","isPartOf":{"@id":"https:\/\/gardeon.pl\/pl\/blog\/jak-latem-walczyc-z-owadami-przepisy-na-naturalne-repelenty\/"},"author":{"name":"editor","@id":"https:\/\/gardeon.pl\/#\/schema\/person\/a5762ca5f0790bf92774af0899379463"},"headline":"Jak latem walczy\u0107 z owadami? Przepisy na naturalne repelenty","datePublished":"2026-04-23T14:47:04+00:00","dateModified":"2026-04-23T17:04:58+00:00","mainEntityOfPage":{"@id":"https:\/\/gardeon.pl\/pl\/blog\/jak-latem-walczyc-z-owadami-przepisy-na-naturalne-repelenty\/"},"wordCount":63,"commentCount":0,"image":{"@id":"https:\/\/gardeon.pl\/pl\/blog\/jak-latem-walczyc-z-owadami-przepisy-na-naturalne-repelenty\/#primaryimage"},"thumbnailUrl":"https:\/\/gardeon.pl\/wp-content\/uploads\/2024\/05\/aplikovanie-repelentu-deti-1.webp","keywords":["GARDEON","lato","owady","repelent"],"articleSection":["Inne","Inspiracje","Jak to zrobi\u0107 \u2013 ogr\u00f3d | DIY","Ogr\u00f3d"],"inLanguage":"pl-PL","potentialAction":[{"@type":"CommentAction","name":"Comment","target":["https:\/\/gardeon.pl\/pl\/blog\/jak-latem-walczyc-z-owadami-przepisy-na-naturalne-repelenty\/#respond"]}]},{"@type":"WebPage","@id":"https:\/\/gardeon.pl\/pl\/blog\/jak-latem-walczyc-z-owadami-przepisy-na-naturalne-repelenty\/","url":"https:\/\/gardeon.pl\/pl\/blog\/jak-latem-walczyc-z-owadami-przepisy-na-naturalne-repelenty\/","name":"Jak latem walczy\u0107 z owadami? Przepisy na naturalne repelenty | GARDEON","isPartOf":{"@id":"https:\/\/gardeon.pl\/#website"},"primaryImageOfPage":{"@id":"https:\/\/gardeon.pl\/pl\/blog\/jak-latem-walczyc-z-owadami-przepisy-na-naturalne-repelenty\/#primaryimage"},"image":{"@id":"https:\/\/gardeon.pl\/pl\/blog\/jak-latem-walczyc-z-owadami-przepisy-na-naturalne-repelenty\/#primaryimage"},"thumbnailUrl":"https:\/\/gardeon.pl\/wp-content\/uploads\/2024\/05\/aplikovanie-repelentu-deti-1.webp","datePublished":"2026-04-23T14:47:04+00:00","dateModified":"2026-04-23T17:04:58+00:00","author":{"@id":"https:\/\/gardeon.pl\/#\/schema\/person\/a5762ca5f0790bf92774af0899379463"},"breadcrumb":{"@id":"https:\/\/gardeon.pl\/pl\/blog\/jak-latem-walczyc-z-owadami-przepisy-na-naturalne-repelenty\/#breadcrumb"},"inLanguage":"pl-PL","potentialAction":[{"@type":"ReadAction","target":["https:\/\/gardeon.pl\/pl\/blog\/jak-latem-walczyc-z-owadami-przepisy-na-naturalne-repelenty\/"]}]},{"@type":"ImageObject","inLanguage":"pl-PL","@id":"https:\/\/gardeon.pl\/pl\/blog\/jak-latem-walczyc-z-owadami-przepisy-na-naturalne-repelenty\/#primaryimage","url":"https:\/\/gardeon.pl\/wp-content\/uploads\/2024\/05\/aplikovanie-repelentu-deti-1.webp","contentUrl":"https:\/\/gardeon.pl\/wp-content\/uploads\/2024\/05\/aplikovanie-repelentu-deti-1.webp","width":1800,"height":1200,"caption":"Mama aplikuje repelent ch\u0142opcu."},{"@type":"BreadcrumbList","@id":"https:\/\/gardeon.pl\/pl\/blog\/jak-latem-walczyc-z-owadami-przepisy-na-naturalne-repelenty\/#breadcrumb","itemListElement":[{"@type":"ListItem","position":1,"name":"Domov","item":"https:\/\/gardeon.pl\/pl\/"},{"@type":"ListItem","position":2,"name":"Jak latem walczy\u0107 z owadami? Przepisy na naturalne repelenty"}]},{"@type":"WebSite","@id":"https:\/\/gardeon.pl\/#website","url":"https:\/\/gardeon.pl\/","name":"GARDEON","description":"","potentialAction":[{"@type":"SearchAction","target":{"@type":"EntryPoint","urlTemplate":"https:\/\/gardeon.pl\/?s={search_term_string}"},"query-input":{"@type":"PropertyValueSpecification","valueRequired":true,"valueName":"search_term_string"}}],"inLanguage":"pl-PL"},{"@type":"Person","@id":"https:\/\/gardeon.pl\/#\/schema\/person\/a5762ca5f0790bf92774af0899379463","name":"editor","image":{"@type":"ImageObject","inLanguage":"pl-PL","@id":"https:\/\/secure.gravatar.com\/avatar\/2b748151c2c748327307fd289a91b3bdafdd9e64e2d000e65e53d6dcf11c5830?s=96&d=mm&r=g","url":"https:\/\/secure.gravatar.com\/avatar\/2b748151c2c748327307fd289a91b3bdafdd9e64e2d000e65e53d6dcf11c5830?s=96&d=mm&r=g","contentUrl":"https:\/\/secure.gravatar.com\/avatar\/2b748151c2c748327307fd289a91b3bdafdd9e64e2d000e65e53d6dcf11c5830?s=96&d=mm&r=g","caption":"editor"}}]}},"_links":{"self":[{"href":"https:\/\/gardeon.pl\/pl\/wp-json\/wp\/v2\/posts\/45833","targetHints":{"allow":["GET"]}}],"collection":[{"href":"https:\/\/gardeon.pl\/pl\/wp-json\/wp\/v2\/posts"}],"about":[{"href":"https:\/\/gardeon.pl\/pl\/wp-json\/wp\/v2\/types\/post"}],"author":[{"embeddable":true,"href":"https:\/\/gardeon.pl\/pl\/wp-json\/wp\/v2\/users\/2"}],"replies":[{"embeddable":true,"href":"https:\/\/gardeon.pl\/pl\/wp-json\/wp\/v2\/comments?post=45833"}],"version-history":[{"count":0,"href":"https:\/\/gardeon.pl\/pl\/wp-json\/wp\/v2\/posts\/45833\/revisions"}],"wp:featuredmedia":[{"embeddable":true,"href":"https:\/\/gardeon.pl\/pl\/wp-json\/wp\/v2\/media\/45866"}],"wp:attachment":[{"href":"https:\/\/gardeon.pl\/pl\/wp-json\/wp\/v2\/media?parent=45833"}],"wp:term":[{"taxonomy":"category","embeddable":true,"href":"https:\/\/gardeon.pl\/pl\/wp-json\/wp\/v2\/categories?post=45833"},{"taxonomy":"post_tag","embeddable":true,"href":"https:\/\/gardeon.pl\/pl\/wp-json\/wp\/v2\/tags?post=45833"}],"curies":[{"name":"wp","href":"https:\/\/api.w.org\/{rel}","templated":true}]}}