{"id":45899,"date":"2026-04-23T16:47:16","date_gmt":"2026-04-23T14:47:16","guid":{"rendered":"https:\/\/gardeon.pl\/blog\/najbardziej-kolorowe-obiekty-jakie-wybudowalismy\/"},"modified":"2026-04-23T19:04:58","modified_gmt":"2026-04-23T17:04:58","slug":"najbardziej-kolorowe-obiekty-jakie-wybudowalismy","status":"publish","type":"post","link":"https:\/\/gardeon.pl\/pl\/blog\/najbardziej-kolorowe-obiekty-jakie-wybudowalismy\/","title":{"rendered":"Najbardziej kolorowe obiekty, jakie wybudowali\u015bmy"},"content":{"rendered":"<p class=\"p1\"><em>Kolory mog\u0105 wnie\u015b\u0107 do \u017cycia rado\u015b\u0107 i optymizm. Dlaczego wi\u0119c nie sprawi\u0107 sobie przyjemno\u015bci weso\u0142\u0105, kolorow\u0105 konstrukcj\u0105 ogrodow\u0105? Przecie\u017c widok na ni\u0105 mo\u017ce rozja\u015bni\u0107 ka\u017cdy Pa\u0144stwa dzie\u0144. W GARDEON mamy w ofercie 9 podstawowych i 150 dodatkowych odcieni tynk\u00f3w \u2013 wystarczy tylko wybra\u0107.   <\/em><\/p>\n<p><!--more--><\/p>\n","protected":false},"excerpt":{"rendered":"<p>Kolory mog\u0105 wnie\u015b\u0107 do \u017cycia rado\u015b\u0107 i optymizm. Dlaczego wi\u0119c nie sprawi\u0107 sobie przyjemno\u015bci weso\u0142\u0105, kolorow\u0105 konstrukcj\u0105 ogrodow\u0105? Przecie\u017c widok na ni\u0105 mo\u017ce rozja\u015bni\u0107 ka\u017cdy Pa\u0144stwa dzie\u0144. W GARDEON mamy w ofercie 9 podstawowych i 150 dodatkowych odcieni tynk\u00f3w \u2013 wystarczy tylko wybra\u0107.<\/p>\n","protected":false},"author":2,"featured_media":43965,"comment_status":"open","ping_status":"open","sticky":false,"template":"","format":"standard","meta":{"_acf_changed":false,"inline_featured_image":false,"footnotes":""},"categories":[632,578,631,607],"tags":[701,623,579,702],"class_list":["post-45899","post","type-post","status-publish","format-standard","has-post-thumbnail","hentry","category-domki-ogrodowe","category-garaze-blaszane","category-inne","category-inspiracje","tag-domki","tag-garaze","tag-gardeon","tag-najbardziej-kolorowe-obiekty"],"acf":[],"yoast_head":"<!-- This site is optimized with the Yoast SEO plugin v27.4 - https:\/\/yoast.com\/product\/yoast-seo-wordpress\/ -->\n<title>Najbardziej kolorowe obiekty, jakie wybudowali\u015bmy | GARDEON<\/title>\n<meta name=\"robots\" content=\"index, follow, max-snippet:-1, max-image-preview:large, max-video-preview:-1\" \/>\n<link rel=\"canonical\" href=\"https:\/\/gardeon.pl\/pl\/blog\/najbardziej-kolorowe-obiekty-jakie-wybudowalismy\/\" \/>\n<meta property=\"og:locale\" content=\"pl_PL\" \/>\n<meta property=\"og:type\" content=\"article\" \/>\n<meta property=\"og:title\" content=\"Najbardziej kolorowe obiekty, jakie wybudowali\u015bmy | GARDEON\" \/>\n<meta property=\"og:description\" content=\"Kolory mog\u0105 wnie\u015b\u0107 do \u017cycia rado\u015b\u0107 i optymizm. Dlaczego wi\u0119c nie sprawi\u0107 sobie przyjemno\u015bci weso\u0142\u0105, kolorow\u0105 konstrukcj\u0105 ogrodow\u0105? Przecie\u017c widok na ni\u0105 mo\u017ce rozja\u015bni\u0107 ka\u017cdy Pa\u0144stwa dzie\u0144. W GARDEON mamy w ofercie 9 podstawowych i 150 dodatkowych odcieni tynk\u00f3w \u2013 wystarczy tylko wybra\u0107.\" \/>\n<meta property=\"og:url\" content=\"https:\/\/gardeon.pl\/pl\/blog\/najbardziej-kolorowe-obiekty-jakie-wybudowalismy\/\" \/>\n<meta property=\"og:site_name\" content=\"GARDEON\" \/>\n<meta property=\"article:published_time\" content=\"2026-04-23T14:47:16+00:00\" \/>\n<meta property=\"article:modified_time\" content=\"2026-04-23T17:04:58+00:00\" \/>\n<meta property=\"og:image\" content=\"http:\/\/gardeon.pl\/wp-content\/uploads\/2023\/06\/gardeon-garaz-pre-dve-auta-sedlova-strecha-5345-NZ-7-1-scaled.webp\" \/>\n\t<meta property=\"og:image:width\" content=\"2560\" \/>\n\t<meta property=\"og:image:height\" content=\"1440\" \/>\n\t<meta property=\"og:image:type\" content=\"image\/webp\" \/>\n<meta name=\"author\" content=\"editor\" \/>\n<meta name=\"twitter:card\" content=\"summary_large_image\" \/>\n<meta name=\"twitter:label1\" content=\"Napisane przez\" \/>\n\t<meta name=\"twitter:data1\" content=\"editor\" \/>\n<script type=\"application\/ld+json\" class=\"yoast-schema-graph\">{\"@context\":\"https:\\\/\\\/schema.org\",\"@graph\":[{\"@type\":\"Article\",\"@id\":\"https:\\\/\\\/gardeon.pl\\\/pl\\\/blog\\\/najbardziej-kolorowe-obiekty-jakie-wybudowalismy\\\/#article\",\"isPartOf\":{\"@id\":\"https:\\\/\\\/gardeon.pl\\\/pl\\\/blog\\\/najbardziej-kolorowe-obiekty-jakie-wybudowalismy\\\/\"},\"author\":{\"name\":\"editor\",\"@id\":\"https:\\\/\\\/gardeon.pl\\\/#\\\/schema\\\/person\\\/a5762ca5f0790bf92774af0899379463\"},\"headline\":\"Najbardziej kolorowe obiekty, jakie wybudowali\u015bmy\",\"datePublished\":\"2026-04-23T14:47:16+00:00\",\"dateModified\":\"2026-04-23T17:04:58+00:00\",\"mainEntityOfPage\":{\"@id\":\"https:\\\/\\\/gardeon.pl\\\/pl\\\/blog\\\/najbardziej-kolorowe-obiekty-jakie-wybudowalismy\\\/\"},\"wordCount\":53,\"commentCount\":0,\"image\":{\"@id\":\"https:\\\/\\\/gardeon.pl\\\/pl\\\/blog\\\/najbardziej-kolorowe-obiekty-jakie-wybudowalismy\\\/#primaryimage\"},\"thumbnailUrl\":\"https:\\\/\\\/gardeon.pl\\\/wp-content\\\/uploads\\\/2023\\\/06\\\/gardeon-garaz-pre-dve-auta-sedlova-strecha-5345-NZ-7-1-scaled.webp\",\"keywords\":[\"domki\",\"gara\u017ce\",\"GARDEON\",\"Najbardziej kolorowe obiekty\"],\"articleSection\":[\"Domki ogrodowe\",\"Gara\u017ce blaszane\",\"Inne\",\"Inspiracje\"],\"inLanguage\":\"pl-PL\",\"potentialAction\":[{\"@type\":\"CommentAction\",\"name\":\"Comment\",\"target\":[\"https:\\\/\\\/gardeon.pl\\\/pl\\\/blog\\\/najbardziej-kolorowe-obiekty-jakie-wybudowalismy\\\/#respond\"]}]},{\"@type\":\"WebPage\",\"@id\":\"https:\\\/\\\/gardeon.pl\\\/pl\\\/blog\\\/najbardziej-kolorowe-obiekty-jakie-wybudowalismy\\\/\",\"url\":\"https:\\\/\\\/gardeon.pl\\\/pl\\\/blog\\\/najbardziej-kolorowe-obiekty-jakie-wybudowalismy\\\/\",\"name\":\"Najbardziej kolorowe obiekty, jakie wybudowali\u015bmy | GARDEON\",\"isPartOf\":{\"@id\":\"https:\\\/\\\/gardeon.pl\\\/#website\"},\"primaryImageOfPage\":{\"@id\":\"https:\\\/\\\/gardeon.pl\\\/pl\\\/blog\\\/najbardziej-kolorowe-obiekty-jakie-wybudowalismy\\\/#primaryimage\"},\"image\":{\"@id\":\"https:\\\/\\\/gardeon.pl\\\/pl\\\/blog\\\/najbardziej-kolorowe-obiekty-jakie-wybudowalismy\\\/#primaryimage\"},\"thumbnailUrl\":\"https:\\\/\\\/gardeon.pl\\\/wp-content\\\/uploads\\\/2023\\\/06\\\/gardeon-garaz-pre-dve-auta-sedlova-strecha-5345-NZ-7-1-scaled.webp\",\"datePublished\":\"2026-04-23T14:47:16+00:00\",\"dateModified\":\"2026-04-23T17:04:58+00:00\",\"author\":{\"@id\":\"https:\\\/\\\/gardeon.pl\\\/#\\\/schema\\\/person\\\/a5762ca5f0790bf92774af0899379463\"},\"breadcrumb\":{\"@id\":\"https:\\\/\\\/gardeon.pl\\\/pl\\\/blog\\\/najbardziej-kolorowe-obiekty-jakie-wybudowalismy\\\/#breadcrumb\"},\"inLanguage\":\"pl-PL\",\"potentialAction\":[{\"@type\":\"ReadAction\",\"target\":[\"https:\\\/\\\/gardeon.pl\\\/pl\\\/blog\\\/najbardziej-kolorowe-obiekty-jakie-wybudowalismy\\\/\"]}]},{\"@type\":\"ImageObject\",\"inLanguage\":\"pl-PL\",\"@id\":\"https:\\\/\\\/gardeon.pl\\\/pl\\\/blog\\\/najbardziej-kolorowe-obiekty-jakie-wybudowalismy\\\/#primaryimage\",\"url\":\"https:\\\/\\\/gardeon.pl\\\/wp-content\\\/uploads\\\/2023\\\/06\\\/gardeon-garaz-pre-dve-auta-sedlova-strecha-5345-NZ-7-1-scaled.webp\",\"contentUrl\":\"https:\\\/\\\/gardeon.pl\\\/wp-content\\\/uploads\\\/2023\\\/06\\\/gardeon-garaz-pre-dve-auta-sedlova-strecha-5345-NZ-7-1-scaled.webp\",\"width\":2560,\"height\":1440,\"caption\":\"GARDEON gara\u017c na dwa samochody dach dwuspadowy 6\"},{\"@type\":\"BreadcrumbList\",\"@id\":\"https:\\\/\\\/gardeon.pl\\\/pl\\\/blog\\\/najbardziej-kolorowe-obiekty-jakie-wybudowalismy\\\/#breadcrumb\",\"itemListElement\":[{\"@type\":\"ListItem\",\"position\":1,\"name\":\"Domov\",\"item\":\"https:\\\/\\\/gardeon.pl\\\/pl\\\/\"},{\"@type\":\"ListItem\",\"position\":2,\"name\":\"Najbardziej kolorowe obiekty, jakie wybudowali\u015bmy\"}]},{\"@type\":\"WebSite\",\"@id\":\"https:\\\/\\\/gardeon.pl\\\/#website\",\"url\":\"https:\\\/\\\/gardeon.pl\\\/\",\"name\":\"GARDEON\",\"description\":\"\",\"potentialAction\":[{\"@type\":\"SearchAction\",\"target\":{\"@type\":\"EntryPoint\",\"urlTemplate\":\"https:\\\/\\\/gardeon.pl\\\/?s={search_term_string}\"},\"query-input\":{\"@type\":\"PropertyValueSpecification\",\"valueRequired\":true,\"valueName\":\"search_term_string\"}}],\"inLanguage\":\"pl-PL\"},{\"@type\":\"Person\",\"@id\":\"https:\\\/\\\/gardeon.pl\\\/#\\\/schema\\\/person\\\/a5762ca5f0790bf92774af0899379463\",\"name\":\"editor\",\"image\":{\"@type\":\"ImageObject\",\"inLanguage\":\"pl-PL\",\"@id\":\"https:\\\/\\\/secure.gravatar.com\\\/avatar\\\/2b748151c2c748327307fd289a91b3bdafdd9e64e2d000e65e53d6dcf11c5830?s=96&d=mm&r=g\",\"url\":\"https:\\\/\\\/secure.gravatar.com\\\/avatar\\\/2b748151c2c748327307fd289a91b3bdafdd9e64e2d000e65e53d6dcf11c5830?s=96&d=mm&r=g\",\"contentUrl\":\"https:\\\/\\\/secure.gravatar.com\\\/avatar\\\/2b748151c2c748327307fd289a91b3bdafdd9e64e2d000e65e53d6dcf11c5830?s=96&d=mm&r=g\",\"caption\":\"editor\"}}]}<\/script>\n<!-- \/ Yoast SEO plugin. -->","yoast_head_json":{"title":"Najbardziej kolorowe obiekty, jakie wybudowali\u015bmy | GARDEON","robots":{"index":"index","follow":"follow","max-snippet":"max-snippet:-1","max-image-preview":"max-image-preview:large","max-video-preview":"max-video-preview:-1"},"canonical":"https:\/\/gardeon.pl\/pl\/blog\/najbardziej-kolorowe-obiekty-jakie-wybudowalismy\/","og_locale":"pl_PL","og_type":"article","og_title":"Najbardziej kolorowe obiekty, jakie wybudowali\u015bmy | GARDEON","og_description":"Kolory mog\u0105 wnie\u015b\u0107 do \u017cycia rado\u015b\u0107 i optymizm. Dlaczego wi\u0119c nie sprawi\u0107 sobie przyjemno\u015bci weso\u0142\u0105, kolorow\u0105 konstrukcj\u0105 ogrodow\u0105? Przecie\u017c widok na ni\u0105 mo\u017ce rozja\u015bni\u0107 ka\u017cdy Pa\u0144stwa dzie\u0144. W GARDEON mamy w ofercie 9 podstawowych i 150 dodatkowych odcieni tynk\u00f3w \u2013 wystarczy tylko wybra\u0107.","og_url":"https:\/\/gardeon.pl\/pl\/blog\/najbardziej-kolorowe-obiekty-jakie-wybudowalismy\/","og_site_name":"GARDEON","article_published_time":"2026-04-23T14:47:16+00:00","article_modified_time":"2026-04-23T17:04:58+00:00","og_image":[{"width":2560,"height":1440,"url":"http:\/\/gardeon.pl\/wp-content\/uploads\/2023\/06\/gardeon-garaz-pre-dve-auta-sedlova-strecha-5345-NZ-7-1-scaled.webp","type":"image\/webp"}],"author":"editor","twitter_card":"summary_large_image","twitter_misc":{"Napisane przez":"editor"},"schema":{"@context":"https:\/\/schema.org","@graph":[{"@type":"Article","@id":"https:\/\/gardeon.pl\/pl\/blog\/najbardziej-kolorowe-obiekty-jakie-wybudowalismy\/#article","isPartOf":{"@id":"https:\/\/gardeon.pl\/pl\/blog\/najbardziej-kolorowe-obiekty-jakie-wybudowalismy\/"},"author":{"name":"editor","@id":"https:\/\/gardeon.pl\/#\/schema\/person\/a5762ca5f0790bf92774af0899379463"},"headline":"Najbardziej kolorowe obiekty, jakie wybudowali\u015bmy","datePublished":"2026-04-23T14:47:16+00:00","dateModified":"2026-04-23T17:04:58+00:00","mainEntityOfPage":{"@id":"https:\/\/gardeon.pl\/pl\/blog\/najbardziej-kolorowe-obiekty-jakie-wybudowalismy\/"},"wordCount":53,"commentCount":0,"image":{"@id":"https:\/\/gardeon.pl\/pl\/blog\/najbardziej-kolorowe-obiekty-jakie-wybudowalismy\/#primaryimage"},"thumbnailUrl":"https:\/\/gardeon.pl\/wp-content\/uploads\/2023\/06\/gardeon-garaz-pre-dve-auta-sedlova-strecha-5345-NZ-7-1-scaled.webp","keywords":["domki","gara\u017ce","GARDEON","Najbardziej kolorowe obiekty"],"articleSection":["Domki ogrodowe","Gara\u017ce blaszane","Inne","Inspiracje"],"inLanguage":"pl-PL","potentialAction":[{"@type":"CommentAction","name":"Comment","target":["https:\/\/gardeon.pl\/pl\/blog\/najbardziej-kolorowe-obiekty-jakie-wybudowalismy\/#respond"]}]},{"@type":"WebPage","@id":"https:\/\/gardeon.pl\/pl\/blog\/najbardziej-kolorowe-obiekty-jakie-wybudowalismy\/","url":"https:\/\/gardeon.pl\/pl\/blog\/najbardziej-kolorowe-obiekty-jakie-wybudowalismy\/","name":"Najbardziej kolorowe obiekty, jakie wybudowali\u015bmy | GARDEON","isPartOf":{"@id":"https:\/\/gardeon.pl\/#website"},"primaryImageOfPage":{"@id":"https:\/\/gardeon.pl\/pl\/blog\/najbardziej-kolorowe-obiekty-jakie-wybudowalismy\/#primaryimage"},"image":{"@id":"https:\/\/gardeon.pl\/pl\/blog\/najbardziej-kolorowe-obiekty-jakie-wybudowalismy\/#primaryimage"},"thumbnailUrl":"https:\/\/gardeon.pl\/wp-content\/uploads\/2023\/06\/gardeon-garaz-pre-dve-auta-sedlova-strecha-5345-NZ-7-1-scaled.webp","datePublished":"2026-04-23T14:47:16+00:00","dateModified":"2026-04-23T17:04:58+00:00","author":{"@id":"https:\/\/gardeon.pl\/#\/schema\/person\/a5762ca5f0790bf92774af0899379463"},"breadcrumb":{"@id":"https:\/\/gardeon.pl\/pl\/blog\/najbardziej-kolorowe-obiekty-jakie-wybudowalismy\/#breadcrumb"},"inLanguage":"pl-PL","potentialAction":[{"@type":"ReadAction","target":["https:\/\/gardeon.pl\/pl\/blog\/najbardziej-kolorowe-obiekty-jakie-wybudowalismy\/"]}]},{"@type":"ImageObject","inLanguage":"pl-PL","@id":"https:\/\/gardeon.pl\/pl\/blog\/najbardziej-kolorowe-obiekty-jakie-wybudowalismy\/#primaryimage","url":"https:\/\/gardeon.pl\/wp-content\/uploads\/2023\/06\/gardeon-garaz-pre-dve-auta-sedlova-strecha-5345-NZ-7-1-scaled.webp","contentUrl":"https:\/\/gardeon.pl\/wp-content\/uploads\/2023\/06\/gardeon-garaz-pre-dve-auta-sedlova-strecha-5345-NZ-7-1-scaled.webp","width":2560,"height":1440,"caption":"GARDEON gara\u017c na dwa samochody dach dwuspadowy 6"},{"@type":"BreadcrumbList","@id":"https:\/\/gardeon.pl\/pl\/blog\/najbardziej-kolorowe-obiekty-jakie-wybudowalismy\/#breadcrumb","itemListElement":[{"@type":"ListItem","position":1,"name":"Domov","item":"https:\/\/gardeon.pl\/pl\/"},{"@type":"ListItem","position":2,"name":"Najbardziej kolorowe obiekty, jakie wybudowali\u015bmy"}]},{"@type":"WebSite","@id":"https:\/\/gardeon.pl\/#website","url":"https:\/\/gardeon.pl\/","name":"GARDEON","description":"","potentialAction":[{"@type":"SearchAction","target":{"@type":"EntryPoint","urlTemplate":"https:\/\/gardeon.pl\/?s={search_term_string}"},"query-input":{"@type":"PropertyValueSpecification","valueRequired":true,"valueName":"search_term_string"}}],"inLanguage":"pl-PL"},{"@type":"Person","@id":"https:\/\/gardeon.pl\/#\/schema\/person\/a5762ca5f0790bf92774af0899379463","name":"editor","image":{"@type":"ImageObject","inLanguage":"pl-PL","@id":"https:\/\/secure.gravatar.com\/avatar\/2b748151c2c748327307fd289a91b3bdafdd9e64e2d000e65e53d6dcf11c5830?s=96&d=mm&r=g","url":"https:\/\/secure.gravatar.com\/avatar\/2b748151c2c748327307fd289a91b3bdafdd9e64e2d000e65e53d6dcf11c5830?s=96&d=mm&r=g","contentUrl":"https:\/\/secure.gravatar.com\/avatar\/2b748151c2c748327307fd289a91b3bdafdd9e64e2d000e65e53d6dcf11c5830?s=96&d=mm&r=g","caption":"editor"}}]}},"_links":{"self":[{"href":"https:\/\/gardeon.pl\/pl\/wp-json\/wp\/v2\/posts\/45899","targetHints":{"allow":["GET"]}}],"collection":[{"href":"https:\/\/gardeon.pl\/pl\/wp-json\/wp\/v2\/posts"}],"about":[{"href":"https:\/\/gardeon.pl\/pl\/wp-json\/wp\/v2\/types\/post"}],"author":[{"embeddable":true,"href":"https:\/\/gardeon.pl\/pl\/wp-json\/wp\/v2\/users\/2"}],"replies":[{"embeddable":true,"href":"https:\/\/gardeon.pl\/pl\/wp-json\/wp\/v2\/comments?post=45899"}],"version-history":[{"count":0,"href":"https:\/\/gardeon.pl\/pl\/wp-json\/wp\/v2\/posts\/45899\/revisions"}],"wp:featuredmedia":[{"embeddable":true,"href":"https:\/\/gardeon.pl\/pl\/wp-json\/wp\/v2\/media\/43965"}],"wp:attachment":[{"href":"https:\/\/gardeon.pl\/pl\/wp-json\/wp\/v2\/media?parent=45899"}],"wp:term":[{"taxonomy":"category","embeddable":true,"href":"https:\/\/gardeon.pl\/pl\/wp-json\/wp\/v2\/categories?post=45899"},{"taxonomy":"post_tag","embeddable":true,"href":"https:\/\/gardeon.pl\/pl\/wp-json\/wp\/v2\/tags?post=45899"}],"curies":[{"name":"wp","href":"https:\/\/api.w.org\/{rel}","templated":true}]}}