{"id":45966,"date":"2026-04-23T16:47:38","date_gmt":"2026-04-23T14:47:38","guid":{"rendered":"https:\/\/gardeon.pl\/blog\/nowy-garaz-dla-garaz-tv-zainteresowal-juz-takze-czeskie-magazyny\/"},"modified":"2026-04-23T19:04:56","modified_gmt":"2026-04-23T17:04:56","slug":"nowy-garaz-dla-garaz-tv-zainteresowal-juz-takze-czeskie-magazyny","status":"publish","type":"post","link":"https:\/\/gardeon.pl\/pl\/blog\/nowy-garaz-dla-garaz-tv-zainteresowal-juz-takze-czeskie-magazyny\/","title":{"rendered":"Nowy gara\u017c dla garaz.tv zainteresowa\u0142 ju\u017c tak\u017ce czeskie magazyny"},"content":{"rendered":"<p><em>Artyku\u0142y z sierpnia 2023 r.<\/em><\/p>\n","protected":false},"excerpt":{"rendered":"<p>Artyku\u0142y z sierpnia 2023 r.<\/p>\n","protected":false},"author":2,"featured_media":45973,"comment_status":"open","ping_status":"open","sticky":false,"template":"","format":"standard","meta":{"_acf_changed":false,"inline_featured_image":false,"footnotes":""},"categories":[593],"tags":[579,706],"class_list":["post-45966","post","type-post","status-publish","format-standard","has-post-thumbnail","hentry","category-aktualnosci","tag-gardeon","tag-magazyny"],"acf":[],"yoast_head":"<!-- This site is optimized with the Yoast SEO plugin v27.4 - https:\/\/yoast.com\/product\/yoast-seo-wordpress\/ -->\n<title>Nowy gara\u017c dla garaz.tv zainteresowa\u0142 ju\u017c tak\u017ce czeskie magazyny | GARDEON<\/title>\n<meta name=\"robots\" content=\"index, follow, max-snippet:-1, max-image-preview:large, max-video-preview:-1\" \/>\n<link rel=\"canonical\" href=\"https:\/\/gardeon.pl\/pl\/blog\/nowy-garaz-dla-garaz-tv-zainteresowal-juz-takze-czeskie-magazyny\/\" \/>\n<meta property=\"og:locale\" content=\"pl_PL\" \/>\n<meta property=\"og:type\" content=\"article\" \/>\n<meta property=\"og:title\" content=\"Nowy gara\u017c dla garaz.tv zainteresowa\u0142 ju\u017c tak\u017ce czeskie magazyny | GARDEON\" \/>\n<meta property=\"og:description\" content=\"Artyku\u0142y z sierpnia 2023 r.\" \/>\n<meta property=\"og:url\" content=\"https:\/\/gardeon.pl\/pl\/blog\/nowy-garaz-dla-garaz-tv-zainteresowal-juz-takze-czeskie-magazyny\/\" \/>\n<meta property=\"og:site_name\" content=\"GARDEON\" \/>\n<meta property=\"article:published_time\" content=\"2026-04-23T14:47:38+00:00\" \/>\n<meta property=\"article:modified_time\" content=\"2026-04-23T17:04:56+00:00\" \/>\n<meta property=\"og:image\" content=\"http:\/\/gardeon.pl\/wp-content\/uploads\/2023\/08\/logo-metro.webp\" \/>\n\t<meta property=\"og:image:width\" content=\"1200\" \/>\n\t<meta property=\"og:image:height\" content=\"800\" \/>\n\t<meta property=\"og:image:type\" content=\"image\/webp\" \/>\n<meta name=\"author\" content=\"editor\" \/>\n<meta name=\"twitter:card\" content=\"summary_large_image\" \/>\n<meta name=\"twitter:label1\" content=\"Napisane przez\" \/>\n\t<meta name=\"twitter:data1\" content=\"editor\" \/>\n<script type=\"application\/ld+json\" class=\"yoast-schema-graph\">{\"@context\":\"https:\\\/\\\/schema.org\",\"@graph\":[{\"@type\":\"Article\",\"@id\":\"https:\\\/\\\/gardeon.pl\\\/pl\\\/blog\\\/nowy-garaz-dla-garaz-tv-zainteresowal-juz-takze-czeskie-magazyny\\\/#article\",\"isPartOf\":{\"@id\":\"https:\\\/\\\/gardeon.pl\\\/pl\\\/blog\\\/nowy-garaz-dla-garaz-tv-zainteresowal-juz-takze-czeskie-magazyny\\\/\"},\"author\":{\"name\":\"editor\",\"@id\":\"https:\\\/\\\/gardeon.pl\\\/#\\\/schema\\\/person\\\/a5762ca5f0790bf92774af0899379463\"},\"headline\":\"Nowy gara\u017c dla garaz.tv zainteresowa\u0142 ju\u017c tak\u017ce czeskie magazyny\",\"datePublished\":\"2026-04-23T14:47:38+00:00\",\"dateModified\":\"2026-04-23T17:04:56+00:00\",\"mainEntityOfPage\":{\"@id\":\"https:\\\/\\\/gardeon.pl\\\/pl\\\/blog\\\/nowy-garaz-dla-garaz-tv-zainteresowal-juz-takze-czeskie-magazyny\\\/\"},\"wordCount\":16,\"commentCount\":0,\"image\":{\"@id\":\"https:\\\/\\\/gardeon.pl\\\/pl\\\/blog\\\/nowy-garaz-dla-garaz-tv-zainteresowal-juz-takze-czeskie-magazyny\\\/#primaryimage\"},\"thumbnailUrl\":\"https:\\\/\\\/gardeon.pl\\\/wp-content\\\/uploads\\\/2023\\\/08\\\/logo-metro.webp\",\"keywords\":[\"GARDEON\",\"magazyny\"],\"articleSection\":[\"Aktualno\u015bci\"],\"inLanguage\":\"pl-PL\",\"potentialAction\":[{\"@type\":\"CommentAction\",\"name\":\"Comment\",\"target\":[\"https:\\\/\\\/gardeon.pl\\\/pl\\\/blog\\\/nowy-garaz-dla-garaz-tv-zainteresowal-juz-takze-czeskie-magazyny\\\/#respond\"]}]},{\"@type\":\"WebPage\",\"@id\":\"https:\\\/\\\/gardeon.pl\\\/pl\\\/blog\\\/nowy-garaz-dla-garaz-tv-zainteresowal-juz-takze-czeskie-magazyny\\\/\",\"url\":\"https:\\\/\\\/gardeon.pl\\\/pl\\\/blog\\\/nowy-garaz-dla-garaz-tv-zainteresowal-juz-takze-czeskie-magazyny\\\/\",\"name\":\"Nowy gara\u017c dla garaz.tv zainteresowa\u0142 ju\u017c tak\u017ce czeskie magazyny | GARDEON\",\"isPartOf\":{\"@id\":\"https:\\\/\\\/gardeon.pl\\\/#website\"},\"primaryImageOfPage\":{\"@id\":\"https:\\\/\\\/gardeon.pl\\\/pl\\\/blog\\\/nowy-garaz-dla-garaz-tv-zainteresowal-juz-takze-czeskie-magazyny\\\/#primaryimage\"},\"image\":{\"@id\":\"https:\\\/\\\/gardeon.pl\\\/pl\\\/blog\\\/nowy-garaz-dla-garaz-tv-zainteresowal-juz-takze-czeskie-magazyny\\\/#primaryimage\"},\"thumbnailUrl\":\"https:\\\/\\\/gardeon.pl\\\/wp-content\\\/uploads\\\/2023\\\/08\\\/logo-metro.webp\",\"datePublished\":\"2026-04-23T14:47:38+00:00\",\"dateModified\":\"2026-04-23T17:04:56+00:00\",\"author\":{\"@id\":\"https:\\\/\\\/gardeon.pl\\\/#\\\/schema\\\/person\\\/a5762ca5f0790bf92774af0899379463\"},\"breadcrumb\":{\"@id\":\"https:\\\/\\\/gardeon.pl\\\/pl\\\/blog\\\/nowy-garaz-dla-garaz-tv-zainteresowal-juz-takze-czeskie-magazyny\\\/#breadcrumb\"},\"inLanguage\":\"pl-PL\",\"potentialAction\":[{\"@type\":\"ReadAction\",\"target\":[\"https:\\\/\\\/gardeon.pl\\\/pl\\\/blog\\\/nowy-garaz-dla-garaz-tv-zainteresowal-juz-takze-czeskie-magazyny\\\/\"]}]},{\"@type\":\"ImageObject\",\"inLanguage\":\"pl-PL\",\"@id\":\"https:\\\/\\\/gardeon.pl\\\/pl\\\/blog\\\/nowy-garaz-dla-garaz-tv-zainteresowal-juz-takze-czeskie-magazyny\\\/#primaryimage\",\"url\":\"https:\\\/\\\/gardeon.pl\\\/wp-content\\\/uploads\\\/2023\\\/08\\\/logo-metro.webp\",\"contentUrl\":\"https:\\\/\\\/gardeon.pl\\\/wp-content\\\/uploads\\\/2023\\\/08\\\/logo-metro.webp\",\"width\":1200,\"height\":800,\"caption\":\"Logo Metro\"},{\"@type\":\"BreadcrumbList\",\"@id\":\"https:\\\/\\\/gardeon.pl\\\/pl\\\/blog\\\/nowy-garaz-dla-garaz-tv-zainteresowal-juz-takze-czeskie-magazyny\\\/#breadcrumb\",\"itemListElement\":[{\"@type\":\"ListItem\",\"position\":1,\"name\":\"Domov\",\"item\":\"https:\\\/\\\/gardeon.pl\\\/pl\\\/\"},{\"@type\":\"ListItem\",\"position\":2,\"name\":\"Nowy gara\u017c dla garaz.tv zainteresowa\u0142 ju\u017c tak\u017ce czeskie magazyny\"}]},{\"@type\":\"WebSite\",\"@id\":\"https:\\\/\\\/gardeon.pl\\\/#website\",\"url\":\"https:\\\/\\\/gardeon.pl\\\/\",\"name\":\"GARDEON\",\"description\":\"\",\"potentialAction\":[{\"@type\":\"SearchAction\",\"target\":{\"@type\":\"EntryPoint\",\"urlTemplate\":\"https:\\\/\\\/gardeon.pl\\\/?s={search_term_string}\"},\"query-input\":{\"@type\":\"PropertyValueSpecification\",\"valueRequired\":true,\"valueName\":\"search_term_string\"}}],\"inLanguage\":\"pl-PL\"},{\"@type\":\"Person\",\"@id\":\"https:\\\/\\\/gardeon.pl\\\/#\\\/schema\\\/person\\\/a5762ca5f0790bf92774af0899379463\",\"name\":\"editor\",\"image\":{\"@type\":\"ImageObject\",\"inLanguage\":\"pl-PL\",\"@id\":\"https:\\\/\\\/secure.gravatar.com\\\/avatar\\\/2b748151c2c748327307fd289a91b3bdafdd9e64e2d000e65e53d6dcf11c5830?s=96&d=mm&r=g\",\"url\":\"https:\\\/\\\/secure.gravatar.com\\\/avatar\\\/2b748151c2c748327307fd289a91b3bdafdd9e64e2d000e65e53d6dcf11c5830?s=96&d=mm&r=g\",\"contentUrl\":\"https:\\\/\\\/secure.gravatar.com\\\/avatar\\\/2b748151c2c748327307fd289a91b3bdafdd9e64e2d000e65e53d6dcf11c5830?s=96&d=mm&r=g\",\"caption\":\"editor\"}}]}<\/script>\n<!-- \/ Yoast SEO plugin. -->","yoast_head_json":{"title":"Nowy gara\u017c dla garaz.tv zainteresowa\u0142 ju\u017c tak\u017ce czeskie magazyny | GARDEON","robots":{"index":"index","follow":"follow","max-snippet":"max-snippet:-1","max-image-preview":"max-image-preview:large","max-video-preview":"max-video-preview:-1"},"canonical":"https:\/\/gardeon.pl\/pl\/blog\/nowy-garaz-dla-garaz-tv-zainteresowal-juz-takze-czeskie-magazyny\/","og_locale":"pl_PL","og_type":"article","og_title":"Nowy gara\u017c dla garaz.tv zainteresowa\u0142 ju\u017c tak\u017ce czeskie magazyny | GARDEON","og_description":"Artyku\u0142y z sierpnia 2023 r.","og_url":"https:\/\/gardeon.pl\/pl\/blog\/nowy-garaz-dla-garaz-tv-zainteresowal-juz-takze-czeskie-magazyny\/","og_site_name":"GARDEON","article_published_time":"2026-04-23T14:47:38+00:00","article_modified_time":"2026-04-23T17:04:56+00:00","og_image":[{"width":1200,"height":800,"url":"http:\/\/gardeon.pl\/wp-content\/uploads\/2023\/08\/logo-metro.webp","type":"image\/webp"}],"author":"editor","twitter_card":"summary_large_image","twitter_misc":{"Napisane przez":"editor"},"schema":{"@context":"https:\/\/schema.org","@graph":[{"@type":"Article","@id":"https:\/\/gardeon.pl\/pl\/blog\/nowy-garaz-dla-garaz-tv-zainteresowal-juz-takze-czeskie-magazyny\/#article","isPartOf":{"@id":"https:\/\/gardeon.pl\/pl\/blog\/nowy-garaz-dla-garaz-tv-zainteresowal-juz-takze-czeskie-magazyny\/"},"author":{"name":"editor","@id":"https:\/\/gardeon.pl\/#\/schema\/person\/a5762ca5f0790bf92774af0899379463"},"headline":"Nowy gara\u017c dla garaz.tv zainteresowa\u0142 ju\u017c tak\u017ce czeskie magazyny","datePublished":"2026-04-23T14:47:38+00:00","dateModified":"2026-04-23T17:04:56+00:00","mainEntityOfPage":{"@id":"https:\/\/gardeon.pl\/pl\/blog\/nowy-garaz-dla-garaz-tv-zainteresowal-juz-takze-czeskie-magazyny\/"},"wordCount":16,"commentCount":0,"image":{"@id":"https:\/\/gardeon.pl\/pl\/blog\/nowy-garaz-dla-garaz-tv-zainteresowal-juz-takze-czeskie-magazyny\/#primaryimage"},"thumbnailUrl":"https:\/\/gardeon.pl\/wp-content\/uploads\/2023\/08\/logo-metro.webp","keywords":["GARDEON","magazyny"],"articleSection":["Aktualno\u015bci"],"inLanguage":"pl-PL","potentialAction":[{"@type":"CommentAction","name":"Comment","target":["https:\/\/gardeon.pl\/pl\/blog\/nowy-garaz-dla-garaz-tv-zainteresowal-juz-takze-czeskie-magazyny\/#respond"]}]},{"@type":"WebPage","@id":"https:\/\/gardeon.pl\/pl\/blog\/nowy-garaz-dla-garaz-tv-zainteresowal-juz-takze-czeskie-magazyny\/","url":"https:\/\/gardeon.pl\/pl\/blog\/nowy-garaz-dla-garaz-tv-zainteresowal-juz-takze-czeskie-magazyny\/","name":"Nowy gara\u017c dla garaz.tv zainteresowa\u0142 ju\u017c tak\u017ce czeskie magazyny | GARDEON","isPartOf":{"@id":"https:\/\/gardeon.pl\/#website"},"primaryImageOfPage":{"@id":"https:\/\/gardeon.pl\/pl\/blog\/nowy-garaz-dla-garaz-tv-zainteresowal-juz-takze-czeskie-magazyny\/#primaryimage"},"image":{"@id":"https:\/\/gardeon.pl\/pl\/blog\/nowy-garaz-dla-garaz-tv-zainteresowal-juz-takze-czeskie-magazyny\/#primaryimage"},"thumbnailUrl":"https:\/\/gardeon.pl\/wp-content\/uploads\/2023\/08\/logo-metro.webp","datePublished":"2026-04-23T14:47:38+00:00","dateModified":"2026-04-23T17:04:56+00:00","author":{"@id":"https:\/\/gardeon.pl\/#\/schema\/person\/a5762ca5f0790bf92774af0899379463"},"breadcrumb":{"@id":"https:\/\/gardeon.pl\/pl\/blog\/nowy-garaz-dla-garaz-tv-zainteresowal-juz-takze-czeskie-magazyny\/#breadcrumb"},"inLanguage":"pl-PL","potentialAction":[{"@type":"ReadAction","target":["https:\/\/gardeon.pl\/pl\/blog\/nowy-garaz-dla-garaz-tv-zainteresowal-juz-takze-czeskie-magazyny\/"]}]},{"@type":"ImageObject","inLanguage":"pl-PL","@id":"https:\/\/gardeon.pl\/pl\/blog\/nowy-garaz-dla-garaz-tv-zainteresowal-juz-takze-czeskie-magazyny\/#primaryimage","url":"https:\/\/gardeon.pl\/wp-content\/uploads\/2023\/08\/logo-metro.webp","contentUrl":"https:\/\/gardeon.pl\/wp-content\/uploads\/2023\/08\/logo-metro.webp","width":1200,"height":800,"caption":"Logo Metro"},{"@type":"BreadcrumbList","@id":"https:\/\/gardeon.pl\/pl\/blog\/nowy-garaz-dla-garaz-tv-zainteresowal-juz-takze-czeskie-magazyny\/#breadcrumb","itemListElement":[{"@type":"ListItem","position":1,"name":"Domov","item":"https:\/\/gardeon.pl\/pl\/"},{"@type":"ListItem","position":2,"name":"Nowy gara\u017c dla garaz.tv zainteresowa\u0142 ju\u017c tak\u017ce czeskie magazyny"}]},{"@type":"WebSite","@id":"https:\/\/gardeon.pl\/#website","url":"https:\/\/gardeon.pl\/","name":"GARDEON","description":"","potentialAction":[{"@type":"SearchAction","target":{"@type":"EntryPoint","urlTemplate":"https:\/\/gardeon.pl\/?s={search_term_string}"},"query-input":{"@type":"PropertyValueSpecification","valueRequired":true,"valueName":"search_term_string"}}],"inLanguage":"pl-PL"},{"@type":"Person","@id":"https:\/\/gardeon.pl\/#\/schema\/person\/a5762ca5f0790bf92774af0899379463","name":"editor","image":{"@type":"ImageObject","inLanguage":"pl-PL","@id":"https:\/\/secure.gravatar.com\/avatar\/2b748151c2c748327307fd289a91b3bdafdd9e64e2d000e65e53d6dcf11c5830?s=96&d=mm&r=g","url":"https:\/\/secure.gravatar.com\/avatar\/2b748151c2c748327307fd289a91b3bdafdd9e64e2d000e65e53d6dcf11c5830?s=96&d=mm&r=g","contentUrl":"https:\/\/secure.gravatar.com\/avatar\/2b748151c2c748327307fd289a91b3bdafdd9e64e2d000e65e53d6dcf11c5830?s=96&d=mm&r=g","caption":"editor"}}]}},"_links":{"self":[{"href":"https:\/\/gardeon.pl\/pl\/wp-json\/wp\/v2\/posts\/45966","targetHints":{"allow":["GET"]}}],"collection":[{"href":"https:\/\/gardeon.pl\/pl\/wp-json\/wp\/v2\/posts"}],"about":[{"href":"https:\/\/gardeon.pl\/pl\/wp-json\/wp\/v2\/types\/post"}],"author":[{"embeddable":true,"href":"https:\/\/gardeon.pl\/pl\/wp-json\/wp\/v2\/users\/2"}],"replies":[{"embeddable":true,"href":"https:\/\/gardeon.pl\/pl\/wp-json\/wp\/v2\/comments?post=45966"}],"version-history":[{"count":0,"href":"https:\/\/gardeon.pl\/pl\/wp-json\/wp\/v2\/posts\/45966\/revisions"}],"wp:featuredmedia":[{"embeddable":true,"href":"https:\/\/gardeon.pl\/pl\/wp-json\/wp\/v2\/media\/45973"}],"wp:attachment":[{"href":"https:\/\/gardeon.pl\/pl\/wp-json\/wp\/v2\/media?parent=45966"}],"wp:term":[{"taxonomy":"category","embeddable":true,"href":"https:\/\/gardeon.pl\/pl\/wp-json\/wp\/v2\/categories?post=45966"},{"taxonomy":"post_tag","embeddable":true,"href":"https:\/\/gardeon.pl\/pl\/wp-json\/wp\/v2\/tags?post=45966"}],"curies":[{"name":"wp","href":"https:\/\/api.w.org\/{rel}","templated":true}]}}