{"id":45967,"date":"2026-04-23T16:47:38","date_gmt":"2026-04-23T14:47:38","guid":{"rendered":"https:\/\/gardeon.pl\/blog\/jak-chronic-samochod-przed-dziecmi\/"},"modified":"2026-04-23T19:04:57","modified_gmt":"2026-04-23T17:04:57","slug":"jak-chronic-samochod-przed-dziecmi","status":"publish","type":"post","link":"https:\/\/gardeon.pl\/pl\/blog\/jak-chronic-samochod-przed-dziecmi\/","title":{"rendered":"Jak chroni\u0107 samoch\u00f3d przed dzie\u0107mi"},"content":{"rendered":"<p>Wprowadzili si\u0119 Pa\u0144stwo do spokojnej dzielnicy i my\u015bleli, \u017ce rzeczywi\u015bcie b\u0119dzie w niej panowa\u0142 spok\u00f3j? B\u0142\u0105d! To w\u0142a\u015bnie spokojne dzielnice oferuj\u0105 idealne warunki do \u017cycia dla rodzin z dzie\u0107mi, a te bynajmniej nie nale\u017c\u0105 do cichych. Ma\u0142o ucz\u0119szczana ulica przed Pa\u0144stwa domem mo\u017ce wi\u0119c \u0142atwo zamieni\u0107 si\u0119 w plac zabaw, na kt\u00f3rym zaparkowane samochody nie b\u0119d\u0105 bezpieczne. Jak zatem chroni\u0107 samoch\u00f3d przed dzie\u0107mi?    <\/p>\n<p><!--more--><\/p>\n","protected":false},"excerpt":{"rendered":"<p>Wprowadzili si\u0119 Pa\u0144stwo do spokojnej dzielnicy i my\u015bleli, \u017ce rzeczywi\u015bcie b\u0119dzie w niej panowa\u0142 spok\u00f3j? B\u0142\u0105d! To w\u0142a\u015bnie spokojne dzielnice oferuj\u0105 idealne warunki do \u017cycia dla rodzin z dzie\u0107mi, a te bynajmniej nie nale\u017c\u0105 do cichych. Ma\u0142o ucz\u0119szczana ulica przed Pa\u0144stwa domem mo\u017ce wi\u0119c \u0142atwo zamieni\u0107 si\u0119 w plac zabaw, na kt\u00f3rym zaparkowane samochody nie [&hellip;]<\/p>\n","protected":false},"author":2,"featured_media":42469,"comment_status":"open","ping_status":"open","sticky":false,"template":"","format":"standard","meta":{"_acf_changed":false,"inline_featured_image":false,"footnotes":""},"categories":[578,657],"tags":[581,588,623,579],"class_list":["post-45967","post","type-post","status-publish","format-standard","has-post-thumbnail","hentry","category-garaze-blaszane","category-zabezpieczenie","tag-garaz","tag-garaz-montowany","tag-garaze","tag-gardeon"],"acf":[],"yoast_head":"<!-- This site is optimized with the Yoast SEO plugin v27.4 - https:\/\/yoast.com\/product\/yoast-seo-wordpress\/ -->\n<title>Jak chroni\u0107 samoch\u00f3d przed dzie\u0107mi | GARDEON<\/title>\n<meta name=\"robots\" content=\"index, follow, max-snippet:-1, max-image-preview:large, max-video-preview:-1\" \/>\n<link rel=\"canonical\" href=\"https:\/\/gardeon.pl\/pl\/blog\/jak-chronic-samochod-przed-dziecmi\/\" \/>\n<meta property=\"og:locale\" content=\"pl_PL\" \/>\n<meta property=\"og:type\" content=\"article\" \/>\n<meta property=\"og:title\" content=\"Jak chroni\u0107 samoch\u00f3d przed dzie\u0107mi | GARDEON\" \/>\n<meta property=\"og:description\" content=\"Wprowadzili si\u0119 Pa\u0144stwo do spokojnej dzielnicy i my\u015bleli, \u017ce rzeczywi\u015bcie b\u0119dzie w niej panowa\u0142 spok\u00f3j? B\u0142\u0105d! To w\u0142a\u015bnie spokojne dzielnice oferuj\u0105 idealne warunki do \u017cycia dla rodzin z dzie\u0107mi, a te bynajmniej nie nale\u017c\u0105 do cichych. Ma\u0142o ucz\u0119szczana ulica przed Pa\u0144stwa domem mo\u017ce wi\u0119c \u0142atwo zamieni\u0107 si\u0119 w plac zabaw, na kt\u00f3rym zaparkowane samochody nie [&hellip;]\" \/>\n<meta property=\"og:url\" content=\"https:\/\/gardeon.pl\/pl\/blog\/jak-chronic-samochod-przed-dziecmi\/\" \/>\n<meta property=\"og:site_name\" content=\"GARDEON\" \/>\n<meta property=\"article:published_time\" content=\"2026-04-23T14:47:38+00:00\" \/>\n<meta property=\"article:modified_time\" content=\"2026-04-23T17:04:57+00:00\" \/>\n<meta property=\"og:image\" content=\"http:\/\/gardeon.pl\/wp-content\/uploads\/2022\/11\/gardeon-garaz-pre-jedno-auto-pultova-strecha-4664-AT-5-1.webp\" \/>\n\t<meta property=\"og:image:width\" content=\"2000\" \/>\n\t<meta property=\"og:image:height\" content=\"1333\" \/>\n\t<meta property=\"og:image:type\" content=\"image\/webp\" \/>\n<meta name=\"author\" content=\"editor\" \/>\n<meta name=\"twitter:card\" content=\"summary_large_image\" \/>\n<meta name=\"twitter:label1\" content=\"Napisane przez\" \/>\n\t<meta name=\"twitter:data1\" content=\"editor\" \/>\n<script type=\"application\/ld+json\" class=\"yoast-schema-graph\">{\"@context\":\"https:\\\/\\\/schema.org\",\"@graph\":[{\"@type\":\"Article\",\"@id\":\"https:\\\/\\\/gardeon.pl\\\/pl\\\/blog\\\/jak-chronic-samochod-przed-dziecmi\\\/#article\",\"isPartOf\":{\"@id\":\"https:\\\/\\\/gardeon.pl\\\/pl\\\/blog\\\/jak-chronic-samochod-przed-dziecmi\\\/\"},\"author\":{\"name\":\"editor\",\"@id\":\"https:\\\/\\\/gardeon.pl\\\/#\\\/schema\\\/person\\\/a5762ca5f0790bf92774af0899379463\"},\"headline\":\"Jak chroni\u0107 samoch\u00f3d przed dzie\u0107mi\",\"datePublished\":\"2026-04-23T14:47:38+00:00\",\"dateModified\":\"2026-04-23T17:04:57+00:00\",\"mainEntityOfPage\":{\"@id\":\"https:\\\/\\\/gardeon.pl\\\/pl\\\/blog\\\/jak-chronic-samochod-przed-dziecmi\\\/\"},\"wordCount\":88,\"commentCount\":0,\"image\":{\"@id\":\"https:\\\/\\\/gardeon.pl\\\/pl\\\/blog\\\/jak-chronic-samochod-przed-dziecmi\\\/#primaryimage\"},\"thumbnailUrl\":\"https:\\\/\\\/gardeon.pl\\\/wp-content\\\/uploads\\\/2022\\\/11\\\/gardeon-garaz-pre-jedno-auto-pultova-strecha-4664-AT-5-1.webp\",\"keywords\":[\"gara\u017c\",\"gara\u017c montowany\",\"gara\u017ce\",\"GARDEON\"],\"articleSection\":[\"Gara\u017ce blaszane\",\"Zabezpieczenie\"],\"inLanguage\":\"pl-PL\",\"potentialAction\":[{\"@type\":\"CommentAction\",\"name\":\"Comment\",\"target\":[\"https:\\\/\\\/gardeon.pl\\\/pl\\\/blog\\\/jak-chronic-samochod-przed-dziecmi\\\/#respond\"]}]},{\"@type\":\"WebPage\",\"@id\":\"https:\\\/\\\/gardeon.pl\\\/pl\\\/blog\\\/jak-chronic-samochod-przed-dziecmi\\\/\",\"url\":\"https:\\\/\\\/gardeon.pl\\\/pl\\\/blog\\\/jak-chronic-samochod-przed-dziecmi\\\/\",\"name\":\"Jak chroni\u0107 samoch\u00f3d przed dzie\u0107mi | GARDEON\",\"isPartOf\":{\"@id\":\"https:\\\/\\\/gardeon.pl\\\/#website\"},\"primaryImageOfPage\":{\"@id\":\"https:\\\/\\\/gardeon.pl\\\/pl\\\/blog\\\/jak-chronic-samochod-przed-dziecmi\\\/#primaryimage\"},\"image\":{\"@id\":\"https:\\\/\\\/gardeon.pl\\\/pl\\\/blog\\\/jak-chronic-samochod-przed-dziecmi\\\/#primaryimage\"},\"thumbnailUrl\":\"https:\\\/\\\/gardeon.pl\\\/wp-content\\\/uploads\\\/2022\\\/11\\\/gardeon-garaz-pre-jedno-auto-pultova-strecha-4664-AT-5-1.webp\",\"datePublished\":\"2026-04-23T14:47:38+00:00\",\"dateModified\":\"2026-04-23T17:04:57+00:00\",\"author\":{\"@id\":\"https:\\\/\\\/gardeon.pl\\\/#\\\/schema\\\/person\\\/a5762ca5f0790bf92774af0899379463\"},\"breadcrumb\":{\"@id\":\"https:\\\/\\\/gardeon.pl\\\/pl\\\/blog\\\/jak-chronic-samochod-przed-dziecmi\\\/#breadcrumb\"},\"inLanguage\":\"pl-PL\",\"potentialAction\":[{\"@type\":\"ReadAction\",\"target\":[\"https:\\\/\\\/gardeon.pl\\\/pl\\\/blog\\\/jak-chronic-samochod-przed-dziecmi\\\/\"]}]},{\"@type\":\"ImageObject\",\"inLanguage\":\"pl-PL\",\"@id\":\"https:\\\/\\\/gardeon.pl\\\/pl\\\/blog\\\/jak-chronic-samochod-przed-dziecmi\\\/#primaryimage\",\"url\":\"https:\\\/\\\/gardeon.pl\\\/wp-content\\\/uploads\\\/2022\\\/11\\\/gardeon-garaz-pre-jedno-auto-pultova-strecha-4664-AT-5-1.webp\",\"contentUrl\":\"https:\\\/\\\/gardeon.pl\\\/wp-content\\\/uploads\\\/2022\\\/11\\\/gardeon-garaz-pre-jedno-auto-pultova-strecha-4664-AT-5-1.webp\",\"width\":2000,\"height\":1333,\"caption\":\"Gara\u017c modu\u0142owy GARDEON\"},{\"@type\":\"BreadcrumbList\",\"@id\":\"https:\\\/\\\/gardeon.pl\\\/pl\\\/blog\\\/jak-chronic-samochod-przed-dziecmi\\\/#breadcrumb\",\"itemListElement\":[{\"@type\":\"ListItem\",\"position\":1,\"name\":\"Domov\",\"item\":\"https:\\\/\\\/gardeon.pl\\\/pl\\\/\"},{\"@type\":\"ListItem\",\"position\":2,\"name\":\"Jak chroni\u0107 samoch\u00f3d przed dzie\u0107mi\"}]},{\"@type\":\"WebSite\",\"@id\":\"https:\\\/\\\/gardeon.pl\\\/#website\",\"url\":\"https:\\\/\\\/gardeon.pl\\\/\",\"name\":\"GARDEON\",\"description\":\"\",\"potentialAction\":[{\"@type\":\"SearchAction\",\"target\":{\"@type\":\"EntryPoint\",\"urlTemplate\":\"https:\\\/\\\/gardeon.pl\\\/?s={search_term_string}\"},\"query-input\":{\"@type\":\"PropertyValueSpecification\",\"valueRequired\":true,\"valueName\":\"search_term_string\"}}],\"inLanguage\":\"pl-PL\"},{\"@type\":\"Person\",\"@id\":\"https:\\\/\\\/gardeon.pl\\\/#\\\/schema\\\/person\\\/a5762ca5f0790bf92774af0899379463\",\"name\":\"editor\",\"image\":{\"@type\":\"ImageObject\",\"inLanguage\":\"pl-PL\",\"@id\":\"https:\\\/\\\/secure.gravatar.com\\\/avatar\\\/2b748151c2c748327307fd289a91b3bdafdd9e64e2d000e65e53d6dcf11c5830?s=96&d=mm&r=g\",\"url\":\"https:\\\/\\\/secure.gravatar.com\\\/avatar\\\/2b748151c2c748327307fd289a91b3bdafdd9e64e2d000e65e53d6dcf11c5830?s=96&d=mm&r=g\",\"contentUrl\":\"https:\\\/\\\/secure.gravatar.com\\\/avatar\\\/2b748151c2c748327307fd289a91b3bdafdd9e64e2d000e65e53d6dcf11c5830?s=96&d=mm&r=g\",\"caption\":\"editor\"}}]}<\/script>\n<!-- \/ Yoast SEO plugin. -->","yoast_head_json":{"title":"Jak chroni\u0107 samoch\u00f3d przed dzie\u0107mi | GARDEON","robots":{"index":"index","follow":"follow","max-snippet":"max-snippet:-1","max-image-preview":"max-image-preview:large","max-video-preview":"max-video-preview:-1"},"canonical":"https:\/\/gardeon.pl\/pl\/blog\/jak-chronic-samochod-przed-dziecmi\/","og_locale":"pl_PL","og_type":"article","og_title":"Jak chroni\u0107 samoch\u00f3d przed dzie\u0107mi | GARDEON","og_description":"Wprowadzili si\u0119 Pa\u0144stwo do spokojnej dzielnicy i my\u015bleli, \u017ce rzeczywi\u015bcie b\u0119dzie w niej panowa\u0142 spok\u00f3j? B\u0142\u0105d! To w\u0142a\u015bnie spokojne dzielnice oferuj\u0105 idealne warunki do \u017cycia dla rodzin z dzie\u0107mi, a te bynajmniej nie nale\u017c\u0105 do cichych. Ma\u0142o ucz\u0119szczana ulica przed Pa\u0144stwa domem mo\u017ce wi\u0119c \u0142atwo zamieni\u0107 si\u0119 w plac zabaw, na kt\u00f3rym zaparkowane samochody nie [&hellip;]","og_url":"https:\/\/gardeon.pl\/pl\/blog\/jak-chronic-samochod-przed-dziecmi\/","og_site_name":"GARDEON","article_published_time":"2026-04-23T14:47:38+00:00","article_modified_time":"2026-04-23T17:04:57+00:00","og_image":[{"width":2000,"height":1333,"url":"http:\/\/gardeon.pl\/wp-content\/uploads\/2022\/11\/gardeon-garaz-pre-jedno-auto-pultova-strecha-4664-AT-5-1.webp","type":"image\/webp"}],"author":"editor","twitter_card":"summary_large_image","twitter_misc":{"Napisane przez":"editor"},"schema":{"@context":"https:\/\/schema.org","@graph":[{"@type":"Article","@id":"https:\/\/gardeon.pl\/pl\/blog\/jak-chronic-samochod-przed-dziecmi\/#article","isPartOf":{"@id":"https:\/\/gardeon.pl\/pl\/blog\/jak-chronic-samochod-przed-dziecmi\/"},"author":{"name":"editor","@id":"https:\/\/gardeon.pl\/#\/schema\/person\/a5762ca5f0790bf92774af0899379463"},"headline":"Jak chroni\u0107 samoch\u00f3d przed dzie\u0107mi","datePublished":"2026-04-23T14:47:38+00:00","dateModified":"2026-04-23T17:04:57+00:00","mainEntityOfPage":{"@id":"https:\/\/gardeon.pl\/pl\/blog\/jak-chronic-samochod-przed-dziecmi\/"},"wordCount":88,"commentCount":0,"image":{"@id":"https:\/\/gardeon.pl\/pl\/blog\/jak-chronic-samochod-przed-dziecmi\/#primaryimage"},"thumbnailUrl":"https:\/\/gardeon.pl\/wp-content\/uploads\/2022\/11\/gardeon-garaz-pre-jedno-auto-pultova-strecha-4664-AT-5-1.webp","keywords":["gara\u017c","gara\u017c montowany","gara\u017ce","GARDEON"],"articleSection":["Gara\u017ce blaszane","Zabezpieczenie"],"inLanguage":"pl-PL","potentialAction":[{"@type":"CommentAction","name":"Comment","target":["https:\/\/gardeon.pl\/pl\/blog\/jak-chronic-samochod-przed-dziecmi\/#respond"]}]},{"@type":"WebPage","@id":"https:\/\/gardeon.pl\/pl\/blog\/jak-chronic-samochod-przed-dziecmi\/","url":"https:\/\/gardeon.pl\/pl\/blog\/jak-chronic-samochod-przed-dziecmi\/","name":"Jak chroni\u0107 samoch\u00f3d przed dzie\u0107mi | GARDEON","isPartOf":{"@id":"https:\/\/gardeon.pl\/#website"},"primaryImageOfPage":{"@id":"https:\/\/gardeon.pl\/pl\/blog\/jak-chronic-samochod-przed-dziecmi\/#primaryimage"},"image":{"@id":"https:\/\/gardeon.pl\/pl\/blog\/jak-chronic-samochod-przed-dziecmi\/#primaryimage"},"thumbnailUrl":"https:\/\/gardeon.pl\/wp-content\/uploads\/2022\/11\/gardeon-garaz-pre-jedno-auto-pultova-strecha-4664-AT-5-1.webp","datePublished":"2026-04-23T14:47:38+00:00","dateModified":"2026-04-23T17:04:57+00:00","author":{"@id":"https:\/\/gardeon.pl\/#\/schema\/person\/a5762ca5f0790bf92774af0899379463"},"breadcrumb":{"@id":"https:\/\/gardeon.pl\/pl\/blog\/jak-chronic-samochod-przed-dziecmi\/#breadcrumb"},"inLanguage":"pl-PL","potentialAction":[{"@type":"ReadAction","target":["https:\/\/gardeon.pl\/pl\/blog\/jak-chronic-samochod-przed-dziecmi\/"]}]},{"@type":"ImageObject","inLanguage":"pl-PL","@id":"https:\/\/gardeon.pl\/pl\/blog\/jak-chronic-samochod-przed-dziecmi\/#primaryimage","url":"https:\/\/gardeon.pl\/wp-content\/uploads\/2022\/11\/gardeon-garaz-pre-jedno-auto-pultova-strecha-4664-AT-5-1.webp","contentUrl":"https:\/\/gardeon.pl\/wp-content\/uploads\/2022\/11\/gardeon-garaz-pre-jedno-auto-pultova-strecha-4664-AT-5-1.webp","width":2000,"height":1333,"caption":"Gara\u017c modu\u0142owy GARDEON"},{"@type":"BreadcrumbList","@id":"https:\/\/gardeon.pl\/pl\/blog\/jak-chronic-samochod-przed-dziecmi\/#breadcrumb","itemListElement":[{"@type":"ListItem","position":1,"name":"Domov","item":"https:\/\/gardeon.pl\/pl\/"},{"@type":"ListItem","position":2,"name":"Jak chroni\u0107 samoch\u00f3d przed dzie\u0107mi"}]},{"@type":"WebSite","@id":"https:\/\/gardeon.pl\/#website","url":"https:\/\/gardeon.pl\/","name":"GARDEON","description":"","potentialAction":[{"@type":"SearchAction","target":{"@type":"EntryPoint","urlTemplate":"https:\/\/gardeon.pl\/?s={search_term_string}"},"query-input":{"@type":"PropertyValueSpecification","valueRequired":true,"valueName":"search_term_string"}}],"inLanguage":"pl-PL"},{"@type":"Person","@id":"https:\/\/gardeon.pl\/#\/schema\/person\/a5762ca5f0790bf92774af0899379463","name":"editor","image":{"@type":"ImageObject","inLanguage":"pl-PL","@id":"https:\/\/secure.gravatar.com\/avatar\/2b748151c2c748327307fd289a91b3bdafdd9e64e2d000e65e53d6dcf11c5830?s=96&d=mm&r=g","url":"https:\/\/secure.gravatar.com\/avatar\/2b748151c2c748327307fd289a91b3bdafdd9e64e2d000e65e53d6dcf11c5830?s=96&d=mm&r=g","contentUrl":"https:\/\/secure.gravatar.com\/avatar\/2b748151c2c748327307fd289a91b3bdafdd9e64e2d000e65e53d6dcf11c5830?s=96&d=mm&r=g","caption":"editor"}}]}},"_links":{"self":[{"href":"https:\/\/gardeon.pl\/pl\/wp-json\/wp\/v2\/posts\/45967","targetHints":{"allow":["GET"]}}],"collection":[{"href":"https:\/\/gardeon.pl\/pl\/wp-json\/wp\/v2\/posts"}],"about":[{"href":"https:\/\/gardeon.pl\/pl\/wp-json\/wp\/v2\/types\/post"}],"author":[{"embeddable":true,"href":"https:\/\/gardeon.pl\/pl\/wp-json\/wp\/v2\/users\/2"}],"replies":[{"embeddable":true,"href":"https:\/\/gardeon.pl\/pl\/wp-json\/wp\/v2\/comments?post=45967"}],"version-history":[{"count":0,"href":"https:\/\/gardeon.pl\/pl\/wp-json\/wp\/v2\/posts\/45967\/revisions"}],"wp:featuredmedia":[{"embeddable":true,"href":"https:\/\/gardeon.pl\/pl\/wp-json\/wp\/v2\/media\/42469"}],"wp:attachment":[{"href":"https:\/\/gardeon.pl\/pl\/wp-json\/wp\/v2\/media?parent=45967"}],"wp:term":[{"taxonomy":"category","embeddable":true,"href":"https:\/\/gardeon.pl\/pl\/wp-json\/wp\/v2\/categories?post=45967"},{"taxonomy":"post_tag","embeddable":true,"href":"https:\/\/gardeon.pl\/pl\/wp-json\/wp\/v2\/tags?post=45967"}],"curies":[{"name":"wp","href":"https:\/\/api.w.org\/{rel}","templated":true}]}}