{"id":45975,"date":"2026-04-23T19:01:18","date_gmt":"2026-04-23T17:01:18","guid":{"rendered":"https:\/\/gardeon.pl\/?p=45975"},"modified":"2026-04-23T19:01:18","modified_gmt":"2026-04-23T17:01:18","slug":"dlugo-oczekiwana-promocja-na-pierwsze-50-zamowien-jest-tutaj-uwaga-obowiazuje-tylko-do-konca-wrzesnia","status":"publish","type":"post","link":"https:\/\/gardeon.pl\/pl\/blog\/dlugo-oczekiwana-promocja-na-pierwsze-50-zamowien-jest-tutaj-uwaga-obowiazuje-tylko-do-konca-wrzesnia\/","title":{"rendered":"D\u0142ugo oczekiwana PROMOCJA na pierwsze 50 zam\u00f3wie\u0144 jest tutaj! Uwaga &#8211; obowi\u0105zuje tylko do ko\u0144ca WRZE\u015aNIA!"},"content":{"rendered":"<h3>Pierwszych 50 z Pa\u0144stwa nagrodzimy RABATEM -100% na:<\/h3>\n<ul>\n<li>brama gara\u017cowa H\u00f6rmann Renomatic<\/li>\n<li>drzwi izolowane H\u00f6rmann LPU42<\/li>\n<li>dach ocieplony Thermopanel<\/li>\n<\/ul>\n<h3>Nie wahajcie si\u0119 Pa\u0144stwo, wyj\u0105tkow\u0105 szans\u0119 macie tylko do ko\u0144ca wrze\u015bnia!<\/h3>\n<p><em>Rabat dotyczy wy\u0142\u0105cznie 1 szt. bramy gara\u017cowej H\u00f6rmann Renomatic lub 1 szt. drzwi izolowanych H\u00f6rmann LPU42 lub dachu izolowanego Thermopanel. Rabat\u00f3w nie mo\u017cna \u0142\u0105czy\u0107! <\/em><\/p>\n","protected":false},"excerpt":{"rendered":"<p>Pierwszych 50 z Pa\u0144stwa nagrodzimy RABATEM -100% na: brama gara\u017cowa H\u00f6rmann Renomatic drzwi izolowane H\u00f6rmann LPU42 dach ocieplony Thermopanel Nie wahajcie si\u0119 Pa\u0144stwo, wyj\u0105tkow\u0105 szans\u0119 macie tylko do ko\u0144ca wrze\u015bnia! Rabat dotyczy wy\u0142\u0105cznie 1 szt. bramy gara\u017cowej H\u00f6rmann Renomatic lub 1 szt. drzwi izolowanych H\u00f6rmann LPU42 lub dachu izolowanego Thermopanel. Rabat\u00f3w nie mo\u017cna \u0142\u0105czy\u0107!<\/p>\n","protected":false},"author":2,"featured_media":45978,"comment_status":"open","ping_status":"open","sticky":false,"template":"","format":"standard","meta":{"_acf_changed":false,"inline_featured_image":false,"footnotes":""},"categories":[593],"tags":[579,609],"class_list":["post-45975","post","type-post","status-publish","format-standard","has-post-thumbnail","hentry","category-aktualnosci","tag-gardeon","tag-promocja"],"acf":[],"yoast_head":"<!-- This site is optimized with the Yoast SEO plugin v27.4 - https:\/\/yoast.com\/product\/yoast-seo-wordpress\/ -->\n<title>D\u0142ugo oczekiwana PROMOCJA na pierwsze 50 zam\u00f3wie\u0144 jest tutaj! Uwaga - obowi\u0105zuje tylko do ko\u0144ca WRZE\u015aNIA! | GARDEON<\/title>\n<meta name=\"robots\" content=\"index, follow, max-snippet:-1, max-image-preview:large, max-video-preview:-1\" \/>\n<link rel=\"canonical\" href=\"https:\/\/gardeon.pl\/pl\/blog\/dlugo-oczekiwana-promocja-na-pierwsze-50-zamowien-jest-tutaj-uwaga-obowiazuje-tylko-do-konca-wrzesnia\/\" \/>\n<meta property=\"og:locale\" content=\"pl_PL\" \/>\n<meta property=\"og:type\" content=\"article\" \/>\n<meta property=\"og:title\" content=\"D\u0142ugo oczekiwana PROMOCJA na pierwsze 50 zam\u00f3wie\u0144 jest tutaj! Uwaga - obowi\u0105zuje tylko do ko\u0144ca WRZE\u015aNIA! | GARDEON\" \/>\n<meta property=\"og:description\" content=\"Pierwszych 50 z Pa\u0144stwa nagrodzimy RABATEM -100% na: brama gara\u017cowa H\u00f6rmann Renomatic drzwi izolowane H\u00f6rmann LPU42 dach ocieplony Thermopanel Nie wahajcie si\u0119 Pa\u0144stwo, wyj\u0105tkow\u0105 szans\u0119 macie tylko do ko\u0144ca wrze\u015bnia! Rabat dotyczy wy\u0142\u0105cznie 1 szt. bramy gara\u017cowej H\u00f6rmann Renomatic lub 1 szt. drzwi izolowanych H\u00f6rmann LPU42 lub dachu izolowanego Thermopanel. Rabat\u00f3w nie mo\u017cna \u0142\u0105czy\u0107!\" \/>\n<meta property=\"og:url\" content=\"https:\/\/gardeon.pl\/pl\/blog\/dlugo-oczekiwana-promocja-na-pierwsze-50-zamowien-jest-tutaj-uwaga-obowiazuje-tylko-do-konca-wrzesnia\/\" \/>\n<meta property=\"og:site_name\" content=\"GARDEON\" \/>\n<meta property=\"article:published_time\" content=\"2026-04-23T17:01:18+00:00\" \/>\n<meta property=\"og:image\" content=\"http:\/\/gardeon.pl\/wp-content\/uploads\/2023\/08\/1910x1000_vrata_CZ.webp\" \/>\n\t<meta property=\"og:image:width\" content=\"1910\" \/>\n\t<meta property=\"og:image:height\" content=\"1000\" \/>\n\t<meta property=\"og:image:type\" content=\"image\/webp\" \/>\n<meta name=\"author\" content=\"editor\" \/>\n<meta name=\"twitter:card\" content=\"summary_large_image\" \/>\n<meta name=\"twitter:label1\" content=\"Napisane przez\" \/>\n\t<meta name=\"twitter:data1\" content=\"editor\" \/>\n<script type=\"application\/ld+json\" class=\"yoast-schema-graph\">{\"@context\":\"https:\\\/\\\/schema.org\",\"@graph\":[{\"@type\":\"Article\",\"@id\":\"https:\\\/\\\/gardeon.pl\\\/pl\\\/blog\\\/dlugo-oczekiwana-promocja-na-pierwsze-50-zamowien-jest-tutaj-uwaga-obowiazuje-tylko-do-konca-wrzesnia\\\/#article\",\"isPartOf\":{\"@id\":\"https:\\\/\\\/gardeon.pl\\\/pl\\\/blog\\\/dlugo-oczekiwana-promocja-na-pierwsze-50-zamowien-jest-tutaj-uwaga-obowiazuje-tylko-do-konca-wrzesnia\\\/\"},\"author\":{\"name\":\"editor\",\"@id\":\"https:\\\/\\\/gardeon.pl\\\/#\\\/schema\\\/person\\\/a5762ca5f0790bf92774af0899379463\"},\"headline\":\"D\u0142ugo oczekiwana PROMOCJA na pierwsze 50 zam\u00f3wie\u0144 jest tutaj! Uwaga &#8211; obowi\u0105zuje tylko do ko\u0144ca WRZE\u015aNIA!\",\"datePublished\":\"2026-04-23T17:01:18+00:00\",\"mainEntityOfPage\":{\"@id\":\"https:\\\/\\\/gardeon.pl\\\/pl\\\/blog\\\/dlugo-oczekiwana-promocja-na-pierwsze-50-zamowien-jest-tutaj-uwaga-obowiazuje-tylko-do-konca-wrzesnia\\\/\"},\"wordCount\":85,\"commentCount\":0,\"image\":{\"@id\":\"https:\\\/\\\/gardeon.pl\\\/pl\\\/blog\\\/dlugo-oczekiwana-promocja-na-pierwsze-50-zamowien-jest-tutaj-uwaga-obowiazuje-tylko-do-konca-wrzesnia\\\/#primaryimage\"},\"thumbnailUrl\":\"https:\\\/\\\/gardeon.pl\\\/wp-content\\\/uploads\\\/2023\\\/08\\\/1910x1000_vrata_CZ.webp\",\"keywords\":[\"GARDEON\",\"promocja\"],\"articleSection\":[\"Aktualno\u015bci\"],\"inLanguage\":\"pl-PL\",\"potentialAction\":[{\"@type\":\"CommentAction\",\"name\":\"Comment\",\"target\":[\"https:\\\/\\\/gardeon.pl\\\/pl\\\/blog\\\/dlugo-oczekiwana-promocja-na-pierwsze-50-zamowien-jest-tutaj-uwaga-obowiazuje-tylko-do-konca-wrzesnia\\\/#respond\"]}]},{\"@type\":\"WebPage\",\"@id\":\"https:\\\/\\\/gardeon.pl\\\/pl\\\/blog\\\/dlugo-oczekiwana-promocja-na-pierwsze-50-zamowien-jest-tutaj-uwaga-obowiazuje-tylko-do-konca-wrzesnia\\\/\",\"url\":\"https:\\\/\\\/gardeon.pl\\\/pl\\\/blog\\\/dlugo-oczekiwana-promocja-na-pierwsze-50-zamowien-jest-tutaj-uwaga-obowiazuje-tylko-do-konca-wrzesnia\\\/\",\"name\":\"D\u0142ugo oczekiwana PROMOCJA na pierwsze 50 zam\u00f3wie\u0144 jest tutaj! Uwaga - obowi\u0105zuje tylko do ko\u0144ca WRZE\u015aNIA! | GARDEON\",\"isPartOf\":{\"@id\":\"https:\\\/\\\/gardeon.pl\\\/#website\"},\"primaryImageOfPage\":{\"@id\":\"https:\\\/\\\/gardeon.pl\\\/pl\\\/blog\\\/dlugo-oczekiwana-promocja-na-pierwsze-50-zamowien-jest-tutaj-uwaga-obowiazuje-tylko-do-konca-wrzesnia\\\/#primaryimage\"},\"image\":{\"@id\":\"https:\\\/\\\/gardeon.pl\\\/pl\\\/blog\\\/dlugo-oczekiwana-promocja-na-pierwsze-50-zamowien-jest-tutaj-uwaga-obowiazuje-tylko-do-konca-wrzesnia\\\/#primaryimage\"},\"thumbnailUrl\":\"https:\\\/\\\/gardeon.pl\\\/wp-content\\\/uploads\\\/2023\\\/08\\\/1910x1000_vrata_CZ.webp\",\"datePublished\":\"2026-04-23T17:01:18+00:00\",\"author\":{\"@id\":\"https:\\\/\\\/gardeon.pl\\\/#\\\/schema\\\/person\\\/a5762ca5f0790bf92774af0899379463\"},\"breadcrumb\":{\"@id\":\"https:\\\/\\\/gardeon.pl\\\/pl\\\/blog\\\/dlugo-oczekiwana-promocja-na-pierwsze-50-zamowien-jest-tutaj-uwaga-obowiazuje-tylko-do-konca-wrzesnia\\\/#breadcrumb\"},\"inLanguage\":\"pl-PL\",\"potentialAction\":[{\"@type\":\"ReadAction\",\"target\":[\"https:\\\/\\\/gardeon.pl\\\/pl\\\/blog\\\/dlugo-oczekiwana-promocja-na-pierwsze-50-zamowien-jest-tutaj-uwaga-obowiazuje-tylko-do-konca-wrzesnia\\\/\"]}]},{\"@type\":\"ImageObject\",\"inLanguage\":\"pl-PL\",\"@id\":\"https:\\\/\\\/gardeon.pl\\\/pl\\\/blog\\\/dlugo-oczekiwana-promocja-na-pierwsze-50-zamowien-jest-tutaj-uwaga-obowiazuje-tylko-do-konca-wrzesnia\\\/#primaryimage\",\"url\":\"https:\\\/\\\/gardeon.pl\\\/wp-content\\\/uploads\\\/2023\\\/08\\\/1910x1000_vrata_CZ.webp\",\"contentUrl\":\"https:\\\/\\\/gardeon.pl\\\/wp-content\\\/uploads\\\/2023\\\/08\\\/1910x1000_vrata_CZ.webp\",\"width\":1910,\"height\":1000,\"caption\":\"Promocja 09\\\/2023 | Brama\"},{\"@type\":\"BreadcrumbList\",\"@id\":\"https:\\\/\\\/gardeon.pl\\\/pl\\\/blog\\\/dlugo-oczekiwana-promocja-na-pierwsze-50-zamowien-jest-tutaj-uwaga-obowiazuje-tylko-do-konca-wrzesnia\\\/#breadcrumb\",\"itemListElement\":[{\"@type\":\"ListItem\",\"position\":1,\"name\":\"Domov\",\"item\":\"https:\\\/\\\/gardeon.pl\\\/pl\\\/\"},{\"@type\":\"ListItem\",\"position\":2,\"name\":\"D\u0142ugo oczekiwana PROMOCJA na pierwsze 50 zam\u00f3wie\u0144 jest tutaj! Uwaga &#8211; obowi\u0105zuje tylko do ko\u0144ca WRZE\u015aNIA!\"}]},{\"@type\":\"WebSite\",\"@id\":\"https:\\\/\\\/gardeon.pl\\\/#website\",\"url\":\"https:\\\/\\\/gardeon.pl\\\/\",\"name\":\"GARDEON\",\"description\":\"\",\"potentialAction\":[{\"@type\":\"SearchAction\",\"target\":{\"@type\":\"EntryPoint\",\"urlTemplate\":\"https:\\\/\\\/gardeon.pl\\\/?s={search_term_string}\"},\"query-input\":{\"@type\":\"PropertyValueSpecification\",\"valueRequired\":true,\"valueName\":\"search_term_string\"}}],\"inLanguage\":\"pl-PL\"},{\"@type\":\"Person\",\"@id\":\"https:\\\/\\\/gardeon.pl\\\/#\\\/schema\\\/person\\\/a5762ca5f0790bf92774af0899379463\",\"name\":\"editor\",\"image\":{\"@type\":\"ImageObject\",\"inLanguage\":\"pl-PL\",\"@id\":\"https:\\\/\\\/secure.gravatar.com\\\/avatar\\\/2b748151c2c748327307fd289a91b3bdafdd9e64e2d000e65e53d6dcf11c5830?s=96&d=mm&r=g\",\"url\":\"https:\\\/\\\/secure.gravatar.com\\\/avatar\\\/2b748151c2c748327307fd289a91b3bdafdd9e64e2d000e65e53d6dcf11c5830?s=96&d=mm&r=g\",\"contentUrl\":\"https:\\\/\\\/secure.gravatar.com\\\/avatar\\\/2b748151c2c748327307fd289a91b3bdafdd9e64e2d000e65e53d6dcf11c5830?s=96&d=mm&r=g\",\"caption\":\"editor\"}}]}<\/script>\n<!-- \/ Yoast SEO plugin. -->","yoast_head_json":{"title":"D\u0142ugo oczekiwana PROMOCJA na pierwsze 50 zam\u00f3wie\u0144 jest tutaj! Uwaga - obowi\u0105zuje tylko do ko\u0144ca WRZE\u015aNIA! | GARDEON","robots":{"index":"index","follow":"follow","max-snippet":"max-snippet:-1","max-image-preview":"max-image-preview:large","max-video-preview":"max-video-preview:-1"},"canonical":"https:\/\/gardeon.pl\/pl\/blog\/dlugo-oczekiwana-promocja-na-pierwsze-50-zamowien-jest-tutaj-uwaga-obowiazuje-tylko-do-konca-wrzesnia\/","og_locale":"pl_PL","og_type":"article","og_title":"D\u0142ugo oczekiwana PROMOCJA na pierwsze 50 zam\u00f3wie\u0144 jest tutaj! Uwaga - obowi\u0105zuje tylko do ko\u0144ca WRZE\u015aNIA! | GARDEON","og_description":"Pierwszych 50 z Pa\u0144stwa nagrodzimy RABATEM -100% na: brama gara\u017cowa H\u00f6rmann Renomatic drzwi izolowane H\u00f6rmann LPU42 dach ocieplony Thermopanel Nie wahajcie si\u0119 Pa\u0144stwo, wyj\u0105tkow\u0105 szans\u0119 macie tylko do ko\u0144ca wrze\u015bnia! Rabat dotyczy wy\u0142\u0105cznie 1 szt. bramy gara\u017cowej H\u00f6rmann Renomatic lub 1 szt. drzwi izolowanych H\u00f6rmann LPU42 lub dachu izolowanego Thermopanel. Rabat\u00f3w nie mo\u017cna \u0142\u0105czy\u0107!","og_url":"https:\/\/gardeon.pl\/pl\/blog\/dlugo-oczekiwana-promocja-na-pierwsze-50-zamowien-jest-tutaj-uwaga-obowiazuje-tylko-do-konca-wrzesnia\/","og_site_name":"GARDEON","article_published_time":"2026-04-23T17:01:18+00:00","og_image":[{"width":1910,"height":1000,"url":"http:\/\/gardeon.pl\/wp-content\/uploads\/2023\/08\/1910x1000_vrata_CZ.webp","type":"image\/webp"}],"author":"editor","twitter_card":"summary_large_image","twitter_misc":{"Napisane przez":"editor"},"schema":{"@context":"https:\/\/schema.org","@graph":[{"@type":"Article","@id":"https:\/\/gardeon.pl\/pl\/blog\/dlugo-oczekiwana-promocja-na-pierwsze-50-zamowien-jest-tutaj-uwaga-obowiazuje-tylko-do-konca-wrzesnia\/#article","isPartOf":{"@id":"https:\/\/gardeon.pl\/pl\/blog\/dlugo-oczekiwana-promocja-na-pierwsze-50-zamowien-jest-tutaj-uwaga-obowiazuje-tylko-do-konca-wrzesnia\/"},"author":{"name":"editor","@id":"https:\/\/gardeon.pl\/#\/schema\/person\/a5762ca5f0790bf92774af0899379463"},"headline":"D\u0142ugo oczekiwana PROMOCJA na pierwsze 50 zam\u00f3wie\u0144 jest tutaj! Uwaga &#8211; obowi\u0105zuje tylko do ko\u0144ca WRZE\u015aNIA!","datePublished":"2026-04-23T17:01:18+00:00","mainEntityOfPage":{"@id":"https:\/\/gardeon.pl\/pl\/blog\/dlugo-oczekiwana-promocja-na-pierwsze-50-zamowien-jest-tutaj-uwaga-obowiazuje-tylko-do-konca-wrzesnia\/"},"wordCount":85,"commentCount":0,"image":{"@id":"https:\/\/gardeon.pl\/pl\/blog\/dlugo-oczekiwana-promocja-na-pierwsze-50-zamowien-jest-tutaj-uwaga-obowiazuje-tylko-do-konca-wrzesnia\/#primaryimage"},"thumbnailUrl":"https:\/\/gardeon.pl\/wp-content\/uploads\/2023\/08\/1910x1000_vrata_CZ.webp","keywords":["GARDEON","promocja"],"articleSection":["Aktualno\u015bci"],"inLanguage":"pl-PL","potentialAction":[{"@type":"CommentAction","name":"Comment","target":["https:\/\/gardeon.pl\/pl\/blog\/dlugo-oczekiwana-promocja-na-pierwsze-50-zamowien-jest-tutaj-uwaga-obowiazuje-tylko-do-konca-wrzesnia\/#respond"]}]},{"@type":"WebPage","@id":"https:\/\/gardeon.pl\/pl\/blog\/dlugo-oczekiwana-promocja-na-pierwsze-50-zamowien-jest-tutaj-uwaga-obowiazuje-tylko-do-konca-wrzesnia\/","url":"https:\/\/gardeon.pl\/pl\/blog\/dlugo-oczekiwana-promocja-na-pierwsze-50-zamowien-jest-tutaj-uwaga-obowiazuje-tylko-do-konca-wrzesnia\/","name":"D\u0142ugo oczekiwana PROMOCJA na pierwsze 50 zam\u00f3wie\u0144 jest tutaj! Uwaga - obowi\u0105zuje tylko do ko\u0144ca WRZE\u015aNIA! | GARDEON","isPartOf":{"@id":"https:\/\/gardeon.pl\/#website"},"primaryImageOfPage":{"@id":"https:\/\/gardeon.pl\/pl\/blog\/dlugo-oczekiwana-promocja-na-pierwsze-50-zamowien-jest-tutaj-uwaga-obowiazuje-tylko-do-konca-wrzesnia\/#primaryimage"},"image":{"@id":"https:\/\/gardeon.pl\/pl\/blog\/dlugo-oczekiwana-promocja-na-pierwsze-50-zamowien-jest-tutaj-uwaga-obowiazuje-tylko-do-konca-wrzesnia\/#primaryimage"},"thumbnailUrl":"https:\/\/gardeon.pl\/wp-content\/uploads\/2023\/08\/1910x1000_vrata_CZ.webp","datePublished":"2026-04-23T17:01:18+00:00","author":{"@id":"https:\/\/gardeon.pl\/#\/schema\/person\/a5762ca5f0790bf92774af0899379463"},"breadcrumb":{"@id":"https:\/\/gardeon.pl\/pl\/blog\/dlugo-oczekiwana-promocja-na-pierwsze-50-zamowien-jest-tutaj-uwaga-obowiazuje-tylko-do-konca-wrzesnia\/#breadcrumb"},"inLanguage":"pl-PL","potentialAction":[{"@type":"ReadAction","target":["https:\/\/gardeon.pl\/pl\/blog\/dlugo-oczekiwana-promocja-na-pierwsze-50-zamowien-jest-tutaj-uwaga-obowiazuje-tylko-do-konca-wrzesnia\/"]}]},{"@type":"ImageObject","inLanguage":"pl-PL","@id":"https:\/\/gardeon.pl\/pl\/blog\/dlugo-oczekiwana-promocja-na-pierwsze-50-zamowien-jest-tutaj-uwaga-obowiazuje-tylko-do-konca-wrzesnia\/#primaryimage","url":"https:\/\/gardeon.pl\/wp-content\/uploads\/2023\/08\/1910x1000_vrata_CZ.webp","contentUrl":"https:\/\/gardeon.pl\/wp-content\/uploads\/2023\/08\/1910x1000_vrata_CZ.webp","width":1910,"height":1000,"caption":"Promocja 09\/2023 | Brama"},{"@type":"BreadcrumbList","@id":"https:\/\/gardeon.pl\/pl\/blog\/dlugo-oczekiwana-promocja-na-pierwsze-50-zamowien-jest-tutaj-uwaga-obowiazuje-tylko-do-konca-wrzesnia\/#breadcrumb","itemListElement":[{"@type":"ListItem","position":1,"name":"Domov","item":"https:\/\/gardeon.pl\/pl\/"},{"@type":"ListItem","position":2,"name":"D\u0142ugo oczekiwana PROMOCJA na pierwsze 50 zam\u00f3wie\u0144 jest tutaj! Uwaga &#8211; obowi\u0105zuje tylko do ko\u0144ca WRZE\u015aNIA!"}]},{"@type":"WebSite","@id":"https:\/\/gardeon.pl\/#website","url":"https:\/\/gardeon.pl\/","name":"GARDEON","description":"","potentialAction":[{"@type":"SearchAction","target":{"@type":"EntryPoint","urlTemplate":"https:\/\/gardeon.pl\/?s={search_term_string}"},"query-input":{"@type":"PropertyValueSpecification","valueRequired":true,"valueName":"search_term_string"}}],"inLanguage":"pl-PL"},{"@type":"Person","@id":"https:\/\/gardeon.pl\/#\/schema\/person\/a5762ca5f0790bf92774af0899379463","name":"editor","image":{"@type":"ImageObject","inLanguage":"pl-PL","@id":"https:\/\/secure.gravatar.com\/avatar\/2b748151c2c748327307fd289a91b3bdafdd9e64e2d000e65e53d6dcf11c5830?s=96&d=mm&r=g","url":"https:\/\/secure.gravatar.com\/avatar\/2b748151c2c748327307fd289a91b3bdafdd9e64e2d000e65e53d6dcf11c5830?s=96&d=mm&r=g","contentUrl":"https:\/\/secure.gravatar.com\/avatar\/2b748151c2c748327307fd289a91b3bdafdd9e64e2d000e65e53d6dcf11c5830?s=96&d=mm&r=g","caption":"editor"}}]}},"_links":{"self":[{"href":"https:\/\/gardeon.pl\/pl\/wp-json\/wp\/v2\/posts\/45975","targetHints":{"allow":["GET"]}}],"collection":[{"href":"https:\/\/gardeon.pl\/pl\/wp-json\/wp\/v2\/posts"}],"about":[{"href":"https:\/\/gardeon.pl\/pl\/wp-json\/wp\/v2\/types\/post"}],"author":[{"embeddable":true,"href":"https:\/\/gardeon.pl\/pl\/wp-json\/wp\/v2\/users\/2"}],"replies":[{"embeddable":true,"href":"https:\/\/gardeon.pl\/pl\/wp-json\/wp\/v2\/comments?post=45975"}],"version-history":[{"count":0,"href":"https:\/\/gardeon.pl\/pl\/wp-json\/wp\/v2\/posts\/45975\/revisions"}],"wp:featuredmedia":[{"embeddable":true,"href":"https:\/\/gardeon.pl\/pl\/wp-json\/wp\/v2\/media\/45978"}],"wp:attachment":[{"href":"https:\/\/gardeon.pl\/pl\/wp-json\/wp\/v2\/media?parent=45975"}],"wp:term":[{"taxonomy":"category","embeddable":true,"href":"https:\/\/gardeon.pl\/pl\/wp-json\/wp\/v2\/categories?post=45975"},{"taxonomy":"post_tag","embeddable":true,"href":"https:\/\/gardeon.pl\/pl\/wp-json\/wp\/v2\/tags?post=45975"}],"curies":[{"name":"wp","href":"https:\/\/api.w.org\/{rel}","templated":true}]}}