{"id":45979,"date":"2026-04-23T19:01:18","date_gmt":"2026-04-23T17:01:18","guid":{"rendered":"https:\/\/gardeon.pl\/?p=45979"},"modified":"2026-04-23T19:01:18","modified_gmt":"2026-04-23T17:01:18","slug":"szalona-akcja-zimowa-obowiazuje-do-konca-roku-2023","status":"publish","type":"post","link":"https:\/\/gardeon.pl\/pl\/blog\/szalona-akcja-zimowa-obowiazuje-do-konca-roku-2023\/","title":{"rendered":"Szalona AKCJA ZIMOWA! Obowi\u0105zuje do ko\u0144ca ROKU 2023!"},"content":{"rendered":"<h3>Na ostatni miesi\u0105c tego roku przygotowali\u015bmy dla Pa\u0144stwa zni\u017ck\u0119, kt\u00f3rej nie mo\u017cna odm\u00f3wi\u0107!<\/h3>\n<ul>\n<li>ocieplony dach Gardeon Thermopanel GRATIS do ka\u017cdego zam\u00f3wienia<\/li>\n<\/ul>\n<h3>Pospiesz si\u0119 \u2013 lepszej okazji nie b\u0119dzie!<\/h3>\n<p><em>Zni\u017cka dotyczy wy\u0142\u0105cznie izolowanego dachu Gardeon Thermopanel dla 1 wybranej konstrukcji. Zni\u017cek nie mo\u017cna \u0142\u0105czy\u0107.<br \/>\nZni\u017cka obowi\u0105zuje tylko przy zam\u00f3wieniu kompletnieocieplonych konstrukcji modu\u0142owych systemu GARDEON (izolowane \u015bciany + izolowany dach).<br \/>\n<\/em><\/p>\n","protected":false},"excerpt":{"rendered":"<p>Na ostatni miesi\u0105c tego roku przygotowali\u015bmy dla Pa\u0144stwa zni\u017ck\u0119, kt\u00f3rej nie mo\u017cna odm\u00f3wi\u0107! ocieplony dach Gardeon Thermopanel GRATIS do ka\u017cdego zam\u00f3wienia Pospiesz si\u0119 \u2013 lepszej okazji nie b\u0119dzie! Zni\u017cka dotyczy wy\u0142\u0105cznie izolowanego dachu Gardeon Thermopanel dla 1 wybranej konstrukcji. Zni\u017cek nie mo\u017cna \u0142\u0105czy\u0107. Zni\u017cka obowi\u0105zuje tylko przy zam\u00f3wieniu kompletnieocieplonych konstrukcji modu\u0142owych systemu GARDEON (izolowane \u015bciany [&hellip;]<\/p>\n","protected":false},"author":2,"featured_media":45980,"comment_status":"open","ping_status":"open","sticky":false,"template":"","format":"standard","meta":{"_acf_changed":false,"inline_featured_image":false,"footnotes":""},"categories":[593],"tags":[579,609],"class_list":["post-45979","post","type-post","status-publish","format-standard","has-post-thumbnail","hentry","category-aktualnosci","tag-gardeon","tag-promocja"],"acf":[],"yoast_head":"<!-- This site is optimized with the Yoast SEO plugin v27.4 - https:\/\/yoast.com\/product\/yoast-seo-wordpress\/ -->\n<title>Szalona AKCJA ZIMOWA! Obowi\u0105zuje do ko\u0144ca ROKU 2023! | GARDEON<\/title>\n<meta name=\"robots\" content=\"index, follow, max-snippet:-1, max-image-preview:large, max-video-preview:-1\" \/>\n<link rel=\"canonical\" href=\"https:\/\/gardeon.pl\/pl\/blog\/szalona-akcja-zimowa-obowiazuje-do-konca-roku-2023\/\" \/>\n<meta property=\"og:locale\" content=\"pl_PL\" \/>\n<meta property=\"og:type\" content=\"article\" \/>\n<meta property=\"og:title\" content=\"Szalona AKCJA ZIMOWA! Obowi\u0105zuje do ko\u0144ca ROKU 2023! | GARDEON\" \/>\n<meta property=\"og:description\" content=\"Na ostatni miesi\u0105c tego roku przygotowali\u015bmy dla Pa\u0144stwa zni\u017ck\u0119, kt\u00f3rej nie mo\u017cna odm\u00f3wi\u0107! ocieplony dach Gardeon Thermopanel GRATIS do ka\u017cdego zam\u00f3wienia Pospiesz si\u0119 \u2013 lepszej okazji nie b\u0119dzie! Zni\u017cka dotyczy wy\u0142\u0105cznie izolowanego dachu Gardeon Thermopanel dla 1 wybranej konstrukcji. Zni\u017cek nie mo\u017cna \u0142\u0105czy\u0107. Zni\u017cka obowi\u0105zuje tylko przy zam\u00f3wieniu kompletnieocieplonych konstrukcji modu\u0142owych systemu GARDEON (izolowane \u015bciany [&hellip;]\" \/>\n<meta property=\"og:url\" content=\"https:\/\/gardeon.pl\/pl\/blog\/szalona-akcja-zimowa-obowiazuje-do-konca-roku-2023\/\" \/>\n<meta property=\"og:site_name\" content=\"GARDEON\" \/>\n<meta property=\"article:published_time\" content=\"2026-04-23T17:01:18+00:00\" \/>\n<meta property=\"og:image\" content=\"http:\/\/gardeon.pl\/wp-content\/uploads\/2023\/12\/zateplene_strechy-1910x1000_CZ.webp\" \/>\n\t<meta property=\"og:image:width\" content=\"1910\" \/>\n\t<meta property=\"og:image:height\" content=\"1000\" \/>\n\t<meta property=\"og:image:type\" content=\"image\/webp\" \/>\n<meta name=\"author\" content=\"editor\" \/>\n<meta name=\"twitter:card\" content=\"summary_large_image\" \/>\n<meta name=\"twitter:label1\" content=\"Napisane przez\" \/>\n\t<meta name=\"twitter:data1\" content=\"editor\" \/>\n<script type=\"application\/ld+json\" class=\"yoast-schema-graph\">{\"@context\":\"https:\\\/\\\/schema.org\",\"@graph\":[{\"@type\":\"Article\",\"@id\":\"https:\\\/\\\/gardeon.pl\\\/pl\\\/blog\\\/szalona-akcja-zimowa-obowiazuje-do-konca-roku-2023\\\/#article\",\"isPartOf\":{\"@id\":\"https:\\\/\\\/gardeon.pl\\\/pl\\\/blog\\\/szalona-akcja-zimowa-obowiazuje-do-konca-roku-2023\\\/\"},\"author\":{\"name\":\"editor\",\"@id\":\"https:\\\/\\\/gardeon.pl\\\/#\\\/schema\\\/person\\\/a5762ca5f0790bf92774af0899379463\"},\"headline\":\"Szalona AKCJA ZIMOWA! Obowi\u0105zuje do ko\u0144ca ROKU 2023!\",\"datePublished\":\"2026-04-23T17:01:18+00:00\",\"mainEntityOfPage\":{\"@id\":\"https:\\\/\\\/gardeon.pl\\\/pl\\\/blog\\\/szalona-akcja-zimowa-obowiazuje-do-konca-roku-2023\\\/\"},\"wordCount\":82,\"commentCount\":0,\"image\":{\"@id\":\"https:\\\/\\\/gardeon.pl\\\/pl\\\/blog\\\/szalona-akcja-zimowa-obowiazuje-do-konca-roku-2023\\\/#primaryimage\"},\"thumbnailUrl\":\"https:\\\/\\\/gardeon.pl\\\/wp-content\\\/uploads\\\/2023\\\/12\\\/zateplene_strechy-1910x1000_CZ.webp\",\"keywords\":[\"GARDEON\",\"promocja\"],\"articleSection\":[\"Aktualno\u015bci\"],\"inLanguage\":\"pl-PL\",\"potentialAction\":[{\"@type\":\"CommentAction\",\"name\":\"Comment\",\"target\":[\"https:\\\/\\\/gardeon.pl\\\/pl\\\/blog\\\/szalona-akcja-zimowa-obowiazuje-do-konca-roku-2023\\\/#respond\"]}]},{\"@type\":\"WebPage\",\"@id\":\"https:\\\/\\\/gardeon.pl\\\/pl\\\/blog\\\/szalona-akcja-zimowa-obowiazuje-do-konca-roku-2023\\\/\",\"url\":\"https:\\\/\\\/gardeon.pl\\\/pl\\\/blog\\\/szalona-akcja-zimowa-obowiazuje-do-konca-roku-2023\\\/\",\"name\":\"Szalona AKCJA ZIMOWA! Obowi\u0105zuje do ko\u0144ca ROKU 2023! | GARDEON\",\"isPartOf\":{\"@id\":\"https:\\\/\\\/gardeon.pl\\\/#website\"},\"primaryImageOfPage\":{\"@id\":\"https:\\\/\\\/gardeon.pl\\\/pl\\\/blog\\\/szalona-akcja-zimowa-obowiazuje-do-konca-roku-2023\\\/#primaryimage\"},\"image\":{\"@id\":\"https:\\\/\\\/gardeon.pl\\\/pl\\\/blog\\\/szalona-akcja-zimowa-obowiazuje-do-konca-roku-2023\\\/#primaryimage\"},\"thumbnailUrl\":\"https:\\\/\\\/gardeon.pl\\\/wp-content\\\/uploads\\\/2023\\\/12\\\/zateplene_strechy-1910x1000_CZ.webp\",\"datePublished\":\"2026-04-23T17:01:18+00:00\",\"author\":{\"@id\":\"https:\\\/\\\/gardeon.pl\\\/#\\\/schema\\\/person\\\/a5762ca5f0790bf92774af0899379463\"},\"breadcrumb\":{\"@id\":\"https:\\\/\\\/gardeon.pl\\\/pl\\\/blog\\\/szalona-akcja-zimowa-obowiazuje-do-konca-roku-2023\\\/#breadcrumb\"},\"inLanguage\":\"pl-PL\",\"potentialAction\":[{\"@type\":\"ReadAction\",\"target\":[\"https:\\\/\\\/gardeon.pl\\\/pl\\\/blog\\\/szalona-akcja-zimowa-obowiazuje-do-konca-roku-2023\\\/\"]}]},{\"@type\":\"ImageObject\",\"inLanguage\":\"pl-PL\",\"@id\":\"https:\\\/\\\/gardeon.pl\\\/pl\\\/blog\\\/szalona-akcja-zimowa-obowiazuje-do-konca-roku-2023\\\/#primaryimage\",\"url\":\"https:\\\/\\\/gardeon.pl\\\/wp-content\\\/uploads\\\/2023\\\/12\\\/zateplene_strechy-1910x1000_CZ.webp\",\"contentUrl\":\"https:\\\/\\\/gardeon.pl\\\/wp-content\\\/uploads\\\/2023\\\/12\\\/zateplene_strechy-1910x1000_CZ.webp\",\"width\":1910,\"height\":1000,\"caption\":\"Akcja Gardeon 12\\\/2023\"},{\"@type\":\"BreadcrumbList\",\"@id\":\"https:\\\/\\\/gardeon.pl\\\/pl\\\/blog\\\/szalona-akcja-zimowa-obowiazuje-do-konca-roku-2023\\\/#breadcrumb\",\"itemListElement\":[{\"@type\":\"ListItem\",\"position\":1,\"name\":\"Domov\",\"item\":\"https:\\\/\\\/gardeon.pl\\\/pl\\\/\"},{\"@type\":\"ListItem\",\"position\":2,\"name\":\"Szalona AKCJA ZIMOWA! Obowi\u0105zuje do ko\u0144ca ROKU 2023!\"}]},{\"@type\":\"WebSite\",\"@id\":\"https:\\\/\\\/gardeon.pl\\\/#website\",\"url\":\"https:\\\/\\\/gardeon.pl\\\/\",\"name\":\"GARDEON\",\"description\":\"\",\"potentialAction\":[{\"@type\":\"SearchAction\",\"target\":{\"@type\":\"EntryPoint\",\"urlTemplate\":\"https:\\\/\\\/gardeon.pl\\\/?s={search_term_string}\"},\"query-input\":{\"@type\":\"PropertyValueSpecification\",\"valueRequired\":true,\"valueName\":\"search_term_string\"}}],\"inLanguage\":\"pl-PL\"},{\"@type\":\"Person\",\"@id\":\"https:\\\/\\\/gardeon.pl\\\/#\\\/schema\\\/person\\\/a5762ca5f0790bf92774af0899379463\",\"name\":\"editor\",\"image\":{\"@type\":\"ImageObject\",\"inLanguage\":\"pl-PL\",\"@id\":\"https:\\\/\\\/secure.gravatar.com\\\/avatar\\\/2b748151c2c748327307fd289a91b3bdafdd9e64e2d000e65e53d6dcf11c5830?s=96&d=mm&r=g\",\"url\":\"https:\\\/\\\/secure.gravatar.com\\\/avatar\\\/2b748151c2c748327307fd289a91b3bdafdd9e64e2d000e65e53d6dcf11c5830?s=96&d=mm&r=g\",\"contentUrl\":\"https:\\\/\\\/secure.gravatar.com\\\/avatar\\\/2b748151c2c748327307fd289a91b3bdafdd9e64e2d000e65e53d6dcf11c5830?s=96&d=mm&r=g\",\"caption\":\"editor\"}}]}<\/script>\n<!-- \/ Yoast SEO plugin. -->","yoast_head_json":{"title":"Szalona AKCJA ZIMOWA! Obowi\u0105zuje do ko\u0144ca ROKU 2023! | GARDEON","robots":{"index":"index","follow":"follow","max-snippet":"max-snippet:-1","max-image-preview":"max-image-preview:large","max-video-preview":"max-video-preview:-1"},"canonical":"https:\/\/gardeon.pl\/pl\/blog\/szalona-akcja-zimowa-obowiazuje-do-konca-roku-2023\/","og_locale":"pl_PL","og_type":"article","og_title":"Szalona AKCJA ZIMOWA! Obowi\u0105zuje do ko\u0144ca ROKU 2023! | GARDEON","og_description":"Na ostatni miesi\u0105c tego roku przygotowali\u015bmy dla Pa\u0144stwa zni\u017ck\u0119, kt\u00f3rej nie mo\u017cna odm\u00f3wi\u0107! ocieplony dach Gardeon Thermopanel GRATIS do ka\u017cdego zam\u00f3wienia Pospiesz si\u0119 \u2013 lepszej okazji nie b\u0119dzie! Zni\u017cka dotyczy wy\u0142\u0105cznie izolowanego dachu Gardeon Thermopanel dla 1 wybranej konstrukcji. Zni\u017cek nie mo\u017cna \u0142\u0105czy\u0107. Zni\u017cka obowi\u0105zuje tylko przy zam\u00f3wieniu kompletnieocieplonych konstrukcji modu\u0142owych systemu GARDEON (izolowane \u015bciany [&hellip;]","og_url":"https:\/\/gardeon.pl\/pl\/blog\/szalona-akcja-zimowa-obowiazuje-do-konca-roku-2023\/","og_site_name":"GARDEON","article_published_time":"2026-04-23T17:01:18+00:00","og_image":[{"width":1910,"height":1000,"url":"http:\/\/gardeon.pl\/wp-content\/uploads\/2023\/12\/zateplene_strechy-1910x1000_CZ.webp","type":"image\/webp"}],"author":"editor","twitter_card":"summary_large_image","twitter_misc":{"Napisane przez":"editor"},"schema":{"@context":"https:\/\/schema.org","@graph":[{"@type":"Article","@id":"https:\/\/gardeon.pl\/pl\/blog\/szalona-akcja-zimowa-obowiazuje-do-konca-roku-2023\/#article","isPartOf":{"@id":"https:\/\/gardeon.pl\/pl\/blog\/szalona-akcja-zimowa-obowiazuje-do-konca-roku-2023\/"},"author":{"name":"editor","@id":"https:\/\/gardeon.pl\/#\/schema\/person\/a5762ca5f0790bf92774af0899379463"},"headline":"Szalona AKCJA ZIMOWA! Obowi\u0105zuje do ko\u0144ca ROKU 2023!","datePublished":"2026-04-23T17:01:18+00:00","mainEntityOfPage":{"@id":"https:\/\/gardeon.pl\/pl\/blog\/szalona-akcja-zimowa-obowiazuje-do-konca-roku-2023\/"},"wordCount":82,"commentCount":0,"image":{"@id":"https:\/\/gardeon.pl\/pl\/blog\/szalona-akcja-zimowa-obowiazuje-do-konca-roku-2023\/#primaryimage"},"thumbnailUrl":"https:\/\/gardeon.pl\/wp-content\/uploads\/2023\/12\/zateplene_strechy-1910x1000_CZ.webp","keywords":["GARDEON","promocja"],"articleSection":["Aktualno\u015bci"],"inLanguage":"pl-PL","potentialAction":[{"@type":"CommentAction","name":"Comment","target":["https:\/\/gardeon.pl\/pl\/blog\/szalona-akcja-zimowa-obowiazuje-do-konca-roku-2023\/#respond"]}]},{"@type":"WebPage","@id":"https:\/\/gardeon.pl\/pl\/blog\/szalona-akcja-zimowa-obowiazuje-do-konca-roku-2023\/","url":"https:\/\/gardeon.pl\/pl\/blog\/szalona-akcja-zimowa-obowiazuje-do-konca-roku-2023\/","name":"Szalona AKCJA ZIMOWA! Obowi\u0105zuje do ko\u0144ca ROKU 2023! | GARDEON","isPartOf":{"@id":"https:\/\/gardeon.pl\/#website"},"primaryImageOfPage":{"@id":"https:\/\/gardeon.pl\/pl\/blog\/szalona-akcja-zimowa-obowiazuje-do-konca-roku-2023\/#primaryimage"},"image":{"@id":"https:\/\/gardeon.pl\/pl\/blog\/szalona-akcja-zimowa-obowiazuje-do-konca-roku-2023\/#primaryimage"},"thumbnailUrl":"https:\/\/gardeon.pl\/wp-content\/uploads\/2023\/12\/zateplene_strechy-1910x1000_CZ.webp","datePublished":"2026-04-23T17:01:18+00:00","author":{"@id":"https:\/\/gardeon.pl\/#\/schema\/person\/a5762ca5f0790bf92774af0899379463"},"breadcrumb":{"@id":"https:\/\/gardeon.pl\/pl\/blog\/szalona-akcja-zimowa-obowiazuje-do-konca-roku-2023\/#breadcrumb"},"inLanguage":"pl-PL","potentialAction":[{"@type":"ReadAction","target":["https:\/\/gardeon.pl\/pl\/blog\/szalona-akcja-zimowa-obowiazuje-do-konca-roku-2023\/"]}]},{"@type":"ImageObject","inLanguage":"pl-PL","@id":"https:\/\/gardeon.pl\/pl\/blog\/szalona-akcja-zimowa-obowiazuje-do-konca-roku-2023\/#primaryimage","url":"https:\/\/gardeon.pl\/wp-content\/uploads\/2023\/12\/zateplene_strechy-1910x1000_CZ.webp","contentUrl":"https:\/\/gardeon.pl\/wp-content\/uploads\/2023\/12\/zateplene_strechy-1910x1000_CZ.webp","width":1910,"height":1000,"caption":"Akcja Gardeon 12\/2023"},{"@type":"BreadcrumbList","@id":"https:\/\/gardeon.pl\/pl\/blog\/szalona-akcja-zimowa-obowiazuje-do-konca-roku-2023\/#breadcrumb","itemListElement":[{"@type":"ListItem","position":1,"name":"Domov","item":"https:\/\/gardeon.pl\/pl\/"},{"@type":"ListItem","position":2,"name":"Szalona AKCJA ZIMOWA! Obowi\u0105zuje do ko\u0144ca ROKU 2023!"}]},{"@type":"WebSite","@id":"https:\/\/gardeon.pl\/#website","url":"https:\/\/gardeon.pl\/","name":"GARDEON","description":"","potentialAction":[{"@type":"SearchAction","target":{"@type":"EntryPoint","urlTemplate":"https:\/\/gardeon.pl\/?s={search_term_string}"},"query-input":{"@type":"PropertyValueSpecification","valueRequired":true,"valueName":"search_term_string"}}],"inLanguage":"pl-PL"},{"@type":"Person","@id":"https:\/\/gardeon.pl\/#\/schema\/person\/a5762ca5f0790bf92774af0899379463","name":"editor","image":{"@type":"ImageObject","inLanguage":"pl-PL","@id":"https:\/\/secure.gravatar.com\/avatar\/2b748151c2c748327307fd289a91b3bdafdd9e64e2d000e65e53d6dcf11c5830?s=96&d=mm&r=g","url":"https:\/\/secure.gravatar.com\/avatar\/2b748151c2c748327307fd289a91b3bdafdd9e64e2d000e65e53d6dcf11c5830?s=96&d=mm&r=g","contentUrl":"https:\/\/secure.gravatar.com\/avatar\/2b748151c2c748327307fd289a91b3bdafdd9e64e2d000e65e53d6dcf11c5830?s=96&d=mm&r=g","caption":"editor"}}]}},"_links":{"self":[{"href":"https:\/\/gardeon.pl\/pl\/wp-json\/wp\/v2\/posts\/45979","targetHints":{"allow":["GET"]}}],"collection":[{"href":"https:\/\/gardeon.pl\/pl\/wp-json\/wp\/v2\/posts"}],"about":[{"href":"https:\/\/gardeon.pl\/pl\/wp-json\/wp\/v2\/types\/post"}],"author":[{"embeddable":true,"href":"https:\/\/gardeon.pl\/pl\/wp-json\/wp\/v2\/users\/2"}],"replies":[{"embeddable":true,"href":"https:\/\/gardeon.pl\/pl\/wp-json\/wp\/v2\/comments?post=45979"}],"version-history":[{"count":0,"href":"https:\/\/gardeon.pl\/pl\/wp-json\/wp\/v2\/posts\/45979\/revisions"}],"wp:featuredmedia":[{"embeddable":true,"href":"https:\/\/gardeon.pl\/pl\/wp-json\/wp\/v2\/media\/45980"}],"wp:attachment":[{"href":"https:\/\/gardeon.pl\/pl\/wp-json\/wp\/v2\/media?parent=45979"}],"wp:term":[{"taxonomy":"category","embeddable":true,"href":"https:\/\/gardeon.pl\/pl\/wp-json\/wp\/v2\/categories?post=45979"},{"taxonomy":"post_tag","embeddable":true,"href":"https:\/\/gardeon.pl\/pl\/wp-json\/wp\/v2\/tags?post=45979"}],"curies":[{"name":"wp","href":"https:\/\/api.w.org\/{rel}","templated":true}]}}