{"id":45984,"date":"2026-04-23T16:47:39","date_gmt":"2026-04-23T14:47:39","guid":{"rendered":"https:\/\/gardeon.pl\/blog\/dlaczego-warto-spedzac-wiecej-czasu-na-swiezym-powietrzu\/"},"modified":"2026-04-23T19:04:56","modified_gmt":"2026-04-23T17:04:56","slug":"dlaczego-warto-spedzac-wiecej-czasu-na-swiezym-powietrzu","status":"publish","type":"post","link":"https:\/\/gardeon.pl\/pl\/blog\/dlaczego-warto-spedzac-wiecej-czasu-na-swiezym-powietrzu\/","title":{"rendered":"Dlaczego warto sp\u0119dza\u0107 wi\u0119cej czasu na \u015bwie\u017cym powietrzu?"},"content":{"rendered":"<p class=\"p1\"><em><span style=\"font-weight: 400;\">W dzisiejszych czasach, gdy wi\u0119kszo\u015b\u0107 czasu sp\u0119dzamy w zamkni\u0119tych pomieszczeniach i w otoczeniu technologii, cz\u0119sto zapominamy o tym, co mo\u017ce nam zaoferowa\u0107 natura. Sp\u0119dzanie czasu na zewn\u0105trz, na \u015bwie\u017cym powietrzu, to prawdziwy balsam dla cia\u0142a i duszy. By\u0107 mo\u017ce nawet nie przypuszczaj\u0105 Pa\u0144stwo, jak wiele korzy\u015bci niesie to dla Pa\u0144stwa zdrowia.  <\/span><\/em><\/p>\n<p><em><span style=\"font-weight: 400;\">R\u00f3wnie\u017c w swoim ogrodzie mog\u0105 Pa\u0144stwo stworzy\u0107 miejsce, w kt\u00f3rym b\u0119d\u0105 Pa\u0144stwo ch\u0119tnie sp\u0119dza\u0107 czas, czy to pod pergol\u0105, czy przy domku ogrodowym. Zyskaj\u0105 Pa\u0144stwo przyjemny cie\u0144, schronienie przed s\u0142o\u0144cem i deszczem, a jednocze\u015bnie pozostan\u0105 Pa\u0144stwo w kontakcie z natur\u0105. <\/span><\/em><\/p>\n<p><!--more--><\/p>\n","protected":false},"excerpt":{"rendered":"<p>W dzisiejszych czasach, gdy wi\u0119kszo\u015b\u0107 czasu sp\u0119dzamy w zamkni\u0119tych pomieszczeniach i w otoczeniu technologii, cz\u0119sto zapominamy o tym, co mo\u017ce nam zaoferowa\u0107 natura. Sp\u0119dzanie czasu na zewn\u0105trz, na \u015bwie\u017cym powietrzu, to prawdziwy balsam dla cia\u0142a i duszy. By\u0107 mo\u017ce nawet nie przypuszczaj\u0105 Pa\u0144stwo, jak wiele korzy\u015bci niesie to dla Pa\u0144stwa zdrowia. R\u00f3wnie\u017c w swoim ogrodzie [&hellip;]<\/p>\n","protected":false},"author":2,"featured_media":45995,"comment_status":"open","ping_status":"open","sticky":false,"template":"","format":"standard","meta":{"_acf_changed":false,"inline_featured_image":false,"footnotes":""},"categories":[631],"tags":[579,709],"class_list":["post-45984","post","type-post","status-publish","format-standard","has-post-thumbnail","hentry","category-inne","tag-gardeon","tag-swieze-powietrze"],"acf":[],"yoast_head":"<!-- This site is optimized with the Yoast SEO plugin v27.4 - https:\/\/yoast.com\/product\/yoast-seo-wordpress\/ -->\n<title>Dlaczego warto sp\u0119dza\u0107 wi\u0119cej czasu na \u015bwie\u017cym powietrzu? | GARDEON<\/title>\n<meta name=\"robots\" content=\"index, follow, max-snippet:-1, max-image-preview:large, max-video-preview:-1\" \/>\n<link rel=\"canonical\" href=\"https:\/\/gardeon.pl\/pl\/blog\/dlaczego-warto-spedzac-wiecej-czasu-na-swiezym-powietrzu\/\" \/>\n<meta property=\"og:locale\" content=\"pl_PL\" \/>\n<meta property=\"og:type\" content=\"article\" \/>\n<meta property=\"og:title\" content=\"Dlaczego warto sp\u0119dza\u0107 wi\u0119cej czasu na \u015bwie\u017cym powietrzu? | GARDEON\" \/>\n<meta property=\"og:description\" content=\"W dzisiejszych czasach, gdy wi\u0119kszo\u015b\u0107 czasu sp\u0119dzamy w zamkni\u0119tych pomieszczeniach i w otoczeniu technologii, cz\u0119sto zapominamy o tym, co mo\u017ce nam zaoferowa\u0107 natura. Sp\u0119dzanie czasu na zewn\u0105trz, na \u015bwie\u017cym powietrzu, to prawdziwy balsam dla cia\u0142a i duszy. By\u0107 mo\u017ce nawet nie przypuszczaj\u0105 Pa\u0144stwo, jak wiele korzy\u015bci niesie to dla Pa\u0144stwa zdrowia. R\u00f3wnie\u017c w swoim ogrodzie [&hellip;]\" \/>\n<meta property=\"og:url\" content=\"https:\/\/gardeon.pl\/pl\/blog\/dlaczego-warto-spedzac-wiecej-czasu-na-swiezym-powietrzu\/\" \/>\n<meta property=\"og:site_name\" content=\"GARDEON\" \/>\n<meta property=\"article:published_time\" content=\"2026-04-23T14:47:39+00:00\" \/>\n<meta property=\"article:modified_time\" content=\"2026-04-23T17:04:56+00:00\" \/>\n<meta property=\"og:image\" content=\"http:\/\/gardeon.pl\/wp-content\/uploads\/2024\/06\/priatelia-pri-sporte-1.webp\" \/>\n\t<meta property=\"og:image:width\" content=\"1200\" \/>\n\t<meta property=\"og:image:height\" content=\"800\" \/>\n\t<meta property=\"og:image:type\" content=\"image\/webp\" \/>\n<meta name=\"author\" content=\"editor\" \/>\n<meta name=\"twitter:card\" content=\"summary_large_image\" \/>\n<meta name=\"twitter:label1\" content=\"Napisane przez\" \/>\n\t<meta name=\"twitter:data1\" content=\"editor\" \/>\n\t<meta name=\"twitter:label2\" content=\"Szacowany czas czytania\" \/>\n\t<meta name=\"twitter:data2\" content=\"1 minuta\" \/>\n<script type=\"application\/ld+json\" class=\"yoast-schema-graph\">{\"@context\":\"https:\\\/\\\/schema.org\",\"@graph\":[{\"@type\":\"Article\",\"@id\":\"https:\\\/\\\/gardeon.pl\\\/pl\\\/blog\\\/dlaczego-warto-spedzac-wiecej-czasu-na-swiezym-powietrzu\\\/#article\",\"isPartOf\":{\"@id\":\"https:\\\/\\\/gardeon.pl\\\/pl\\\/blog\\\/dlaczego-warto-spedzac-wiecej-czasu-na-swiezym-powietrzu\\\/\"},\"author\":{\"name\":\"editor\",\"@id\":\"https:\\\/\\\/gardeon.pl\\\/#\\\/schema\\\/person\\\/a5762ca5f0790bf92774af0899379463\"},\"headline\":\"Dlaczego warto sp\u0119dza\u0107 wi\u0119cej czasu na \u015bwie\u017cym powietrzu?\",\"datePublished\":\"2026-04-23T14:47:39+00:00\",\"dateModified\":\"2026-04-23T17:04:56+00:00\",\"mainEntityOfPage\":{\"@id\":\"https:\\\/\\\/gardeon.pl\\\/pl\\\/blog\\\/dlaczego-warto-spedzac-wiecej-czasu-na-swiezym-powietrzu\\\/\"},\"wordCount\":127,\"commentCount\":0,\"image\":{\"@id\":\"https:\\\/\\\/gardeon.pl\\\/pl\\\/blog\\\/dlaczego-warto-spedzac-wiecej-czasu-na-swiezym-powietrzu\\\/#primaryimage\"},\"thumbnailUrl\":\"https:\\\/\\\/gardeon.pl\\\/wp-content\\\/uploads\\\/2024\\\/06\\\/priatelia-pri-sporte-1.webp\",\"keywords\":[\"GARDEON\",\"\u015bwie\u017ce powietrze\"],\"articleSection\":[\"Inne\"],\"inLanguage\":\"pl-PL\",\"potentialAction\":[{\"@type\":\"CommentAction\",\"name\":\"Comment\",\"target\":[\"https:\\\/\\\/gardeon.pl\\\/pl\\\/blog\\\/dlaczego-warto-spedzac-wiecej-czasu-na-swiezym-powietrzu\\\/#respond\"]}]},{\"@type\":\"WebPage\",\"@id\":\"https:\\\/\\\/gardeon.pl\\\/pl\\\/blog\\\/dlaczego-warto-spedzac-wiecej-czasu-na-swiezym-powietrzu\\\/\",\"url\":\"https:\\\/\\\/gardeon.pl\\\/pl\\\/blog\\\/dlaczego-warto-spedzac-wiecej-czasu-na-swiezym-powietrzu\\\/\",\"name\":\"Dlaczego warto sp\u0119dza\u0107 wi\u0119cej czasu na \u015bwie\u017cym powietrzu? | GARDEON\",\"isPartOf\":{\"@id\":\"https:\\\/\\\/gardeon.pl\\\/#website\"},\"primaryImageOfPage\":{\"@id\":\"https:\\\/\\\/gardeon.pl\\\/pl\\\/blog\\\/dlaczego-warto-spedzac-wiecej-czasu-na-swiezym-powietrzu\\\/#primaryimage\"},\"image\":{\"@id\":\"https:\\\/\\\/gardeon.pl\\\/pl\\\/blog\\\/dlaczego-warto-spedzac-wiecej-czasu-na-swiezym-powietrzu\\\/#primaryimage\"},\"thumbnailUrl\":\"https:\\\/\\\/gardeon.pl\\\/wp-content\\\/uploads\\\/2024\\\/06\\\/priatelia-pri-sporte-1.webp\",\"datePublished\":\"2026-04-23T14:47:39+00:00\",\"dateModified\":\"2026-04-23T17:04:56+00:00\",\"author\":{\"@id\":\"https:\\\/\\\/gardeon.pl\\\/#\\\/schema\\\/person\\\/a5762ca5f0790bf92774af0899379463\"},\"breadcrumb\":{\"@id\":\"https:\\\/\\\/gardeon.pl\\\/pl\\\/blog\\\/dlaczego-warto-spedzac-wiecej-czasu-na-swiezym-powietrzu\\\/#breadcrumb\"},\"inLanguage\":\"pl-PL\",\"potentialAction\":[{\"@type\":\"ReadAction\",\"target\":[\"https:\\\/\\\/gardeon.pl\\\/pl\\\/blog\\\/dlaczego-warto-spedzac-wiecej-czasu-na-swiezym-powietrzu\\\/\"]}]},{\"@type\":\"ImageObject\",\"inLanguage\":\"pl-PL\",\"@id\":\"https:\\\/\\\/gardeon.pl\\\/pl\\\/blog\\\/dlaczego-warto-spedzac-wiecej-czasu-na-swiezym-powietrzu\\\/#primaryimage\",\"url\":\"https:\\\/\\\/gardeon.pl\\\/wp-content\\\/uploads\\\/2024\\\/06\\\/priatelia-pri-sporte-1.webp\",\"contentUrl\":\"https:\\\/\\\/gardeon.pl\\\/wp-content\\\/uploads\\\/2024\\\/06\\\/priatelia-pri-sporte-1.webp\",\"width\":1200,\"height\":800,\"caption\":\"Grupa aktywnych przyjaci\u00f3\u0142 rado\u015bnie skacze po wsp\u00f3lnej aktywno\u015bci sportowej na \u0142onie natury.\"},{\"@type\":\"BreadcrumbList\",\"@id\":\"https:\\\/\\\/gardeon.pl\\\/pl\\\/blog\\\/dlaczego-warto-spedzac-wiecej-czasu-na-swiezym-powietrzu\\\/#breadcrumb\",\"itemListElement\":[{\"@type\":\"ListItem\",\"position\":1,\"name\":\"Domov\",\"item\":\"https:\\\/\\\/gardeon.pl\\\/pl\\\/\"},{\"@type\":\"ListItem\",\"position\":2,\"name\":\"Dlaczego warto sp\u0119dza\u0107 wi\u0119cej czasu na \u015bwie\u017cym powietrzu?\"}]},{\"@type\":\"WebSite\",\"@id\":\"https:\\\/\\\/gardeon.pl\\\/#website\",\"url\":\"https:\\\/\\\/gardeon.pl\\\/\",\"name\":\"GARDEON\",\"description\":\"\",\"potentialAction\":[{\"@type\":\"SearchAction\",\"target\":{\"@type\":\"EntryPoint\",\"urlTemplate\":\"https:\\\/\\\/gardeon.pl\\\/?s={search_term_string}\"},\"query-input\":{\"@type\":\"PropertyValueSpecification\",\"valueRequired\":true,\"valueName\":\"search_term_string\"}}],\"inLanguage\":\"pl-PL\"},{\"@type\":\"Person\",\"@id\":\"https:\\\/\\\/gardeon.pl\\\/#\\\/schema\\\/person\\\/a5762ca5f0790bf92774af0899379463\",\"name\":\"editor\",\"image\":{\"@type\":\"ImageObject\",\"inLanguage\":\"pl-PL\",\"@id\":\"https:\\\/\\\/secure.gravatar.com\\\/avatar\\\/2b748151c2c748327307fd289a91b3bdafdd9e64e2d000e65e53d6dcf11c5830?s=96&d=mm&r=g\",\"url\":\"https:\\\/\\\/secure.gravatar.com\\\/avatar\\\/2b748151c2c748327307fd289a91b3bdafdd9e64e2d000e65e53d6dcf11c5830?s=96&d=mm&r=g\",\"contentUrl\":\"https:\\\/\\\/secure.gravatar.com\\\/avatar\\\/2b748151c2c748327307fd289a91b3bdafdd9e64e2d000e65e53d6dcf11c5830?s=96&d=mm&r=g\",\"caption\":\"editor\"}}]}<\/script>\n<!-- \/ Yoast SEO plugin. -->","yoast_head_json":{"title":"Dlaczego warto sp\u0119dza\u0107 wi\u0119cej czasu na \u015bwie\u017cym powietrzu? | GARDEON","robots":{"index":"index","follow":"follow","max-snippet":"max-snippet:-1","max-image-preview":"max-image-preview:large","max-video-preview":"max-video-preview:-1"},"canonical":"https:\/\/gardeon.pl\/pl\/blog\/dlaczego-warto-spedzac-wiecej-czasu-na-swiezym-powietrzu\/","og_locale":"pl_PL","og_type":"article","og_title":"Dlaczego warto sp\u0119dza\u0107 wi\u0119cej czasu na \u015bwie\u017cym powietrzu? | GARDEON","og_description":"W dzisiejszych czasach, gdy wi\u0119kszo\u015b\u0107 czasu sp\u0119dzamy w zamkni\u0119tych pomieszczeniach i w otoczeniu technologii, cz\u0119sto zapominamy o tym, co mo\u017ce nam zaoferowa\u0107 natura. Sp\u0119dzanie czasu na zewn\u0105trz, na \u015bwie\u017cym powietrzu, to prawdziwy balsam dla cia\u0142a i duszy. By\u0107 mo\u017ce nawet nie przypuszczaj\u0105 Pa\u0144stwo, jak wiele korzy\u015bci niesie to dla Pa\u0144stwa zdrowia. R\u00f3wnie\u017c w swoim ogrodzie [&hellip;]","og_url":"https:\/\/gardeon.pl\/pl\/blog\/dlaczego-warto-spedzac-wiecej-czasu-na-swiezym-powietrzu\/","og_site_name":"GARDEON","article_published_time":"2026-04-23T14:47:39+00:00","article_modified_time":"2026-04-23T17:04:56+00:00","og_image":[{"width":1200,"height":800,"url":"http:\/\/gardeon.pl\/wp-content\/uploads\/2024\/06\/priatelia-pri-sporte-1.webp","type":"image\/webp"}],"author":"editor","twitter_card":"summary_large_image","twitter_misc":{"Napisane przez":"editor","Szacowany czas czytania":"1 minuta"},"schema":{"@context":"https:\/\/schema.org","@graph":[{"@type":"Article","@id":"https:\/\/gardeon.pl\/pl\/blog\/dlaczego-warto-spedzac-wiecej-czasu-na-swiezym-powietrzu\/#article","isPartOf":{"@id":"https:\/\/gardeon.pl\/pl\/blog\/dlaczego-warto-spedzac-wiecej-czasu-na-swiezym-powietrzu\/"},"author":{"name":"editor","@id":"https:\/\/gardeon.pl\/#\/schema\/person\/a5762ca5f0790bf92774af0899379463"},"headline":"Dlaczego warto sp\u0119dza\u0107 wi\u0119cej czasu na \u015bwie\u017cym powietrzu?","datePublished":"2026-04-23T14:47:39+00:00","dateModified":"2026-04-23T17:04:56+00:00","mainEntityOfPage":{"@id":"https:\/\/gardeon.pl\/pl\/blog\/dlaczego-warto-spedzac-wiecej-czasu-na-swiezym-powietrzu\/"},"wordCount":127,"commentCount":0,"image":{"@id":"https:\/\/gardeon.pl\/pl\/blog\/dlaczego-warto-spedzac-wiecej-czasu-na-swiezym-powietrzu\/#primaryimage"},"thumbnailUrl":"https:\/\/gardeon.pl\/wp-content\/uploads\/2024\/06\/priatelia-pri-sporte-1.webp","keywords":["GARDEON","\u015bwie\u017ce powietrze"],"articleSection":["Inne"],"inLanguage":"pl-PL","potentialAction":[{"@type":"CommentAction","name":"Comment","target":["https:\/\/gardeon.pl\/pl\/blog\/dlaczego-warto-spedzac-wiecej-czasu-na-swiezym-powietrzu\/#respond"]}]},{"@type":"WebPage","@id":"https:\/\/gardeon.pl\/pl\/blog\/dlaczego-warto-spedzac-wiecej-czasu-na-swiezym-powietrzu\/","url":"https:\/\/gardeon.pl\/pl\/blog\/dlaczego-warto-spedzac-wiecej-czasu-na-swiezym-powietrzu\/","name":"Dlaczego warto sp\u0119dza\u0107 wi\u0119cej czasu na \u015bwie\u017cym powietrzu? | GARDEON","isPartOf":{"@id":"https:\/\/gardeon.pl\/#website"},"primaryImageOfPage":{"@id":"https:\/\/gardeon.pl\/pl\/blog\/dlaczego-warto-spedzac-wiecej-czasu-na-swiezym-powietrzu\/#primaryimage"},"image":{"@id":"https:\/\/gardeon.pl\/pl\/blog\/dlaczego-warto-spedzac-wiecej-czasu-na-swiezym-powietrzu\/#primaryimage"},"thumbnailUrl":"https:\/\/gardeon.pl\/wp-content\/uploads\/2024\/06\/priatelia-pri-sporte-1.webp","datePublished":"2026-04-23T14:47:39+00:00","dateModified":"2026-04-23T17:04:56+00:00","author":{"@id":"https:\/\/gardeon.pl\/#\/schema\/person\/a5762ca5f0790bf92774af0899379463"},"breadcrumb":{"@id":"https:\/\/gardeon.pl\/pl\/blog\/dlaczego-warto-spedzac-wiecej-czasu-na-swiezym-powietrzu\/#breadcrumb"},"inLanguage":"pl-PL","potentialAction":[{"@type":"ReadAction","target":["https:\/\/gardeon.pl\/pl\/blog\/dlaczego-warto-spedzac-wiecej-czasu-na-swiezym-powietrzu\/"]}]},{"@type":"ImageObject","inLanguage":"pl-PL","@id":"https:\/\/gardeon.pl\/pl\/blog\/dlaczego-warto-spedzac-wiecej-czasu-na-swiezym-powietrzu\/#primaryimage","url":"https:\/\/gardeon.pl\/wp-content\/uploads\/2024\/06\/priatelia-pri-sporte-1.webp","contentUrl":"https:\/\/gardeon.pl\/wp-content\/uploads\/2024\/06\/priatelia-pri-sporte-1.webp","width":1200,"height":800,"caption":"Grupa aktywnych przyjaci\u00f3\u0142 rado\u015bnie skacze po wsp\u00f3lnej aktywno\u015bci sportowej na \u0142onie natury."},{"@type":"BreadcrumbList","@id":"https:\/\/gardeon.pl\/pl\/blog\/dlaczego-warto-spedzac-wiecej-czasu-na-swiezym-powietrzu\/#breadcrumb","itemListElement":[{"@type":"ListItem","position":1,"name":"Domov","item":"https:\/\/gardeon.pl\/pl\/"},{"@type":"ListItem","position":2,"name":"Dlaczego warto sp\u0119dza\u0107 wi\u0119cej czasu na \u015bwie\u017cym powietrzu?"}]},{"@type":"WebSite","@id":"https:\/\/gardeon.pl\/#website","url":"https:\/\/gardeon.pl\/","name":"GARDEON","description":"","potentialAction":[{"@type":"SearchAction","target":{"@type":"EntryPoint","urlTemplate":"https:\/\/gardeon.pl\/?s={search_term_string}"},"query-input":{"@type":"PropertyValueSpecification","valueRequired":true,"valueName":"search_term_string"}}],"inLanguage":"pl-PL"},{"@type":"Person","@id":"https:\/\/gardeon.pl\/#\/schema\/person\/a5762ca5f0790bf92774af0899379463","name":"editor","image":{"@type":"ImageObject","inLanguage":"pl-PL","@id":"https:\/\/secure.gravatar.com\/avatar\/2b748151c2c748327307fd289a91b3bdafdd9e64e2d000e65e53d6dcf11c5830?s=96&d=mm&r=g","url":"https:\/\/secure.gravatar.com\/avatar\/2b748151c2c748327307fd289a91b3bdafdd9e64e2d000e65e53d6dcf11c5830?s=96&d=mm&r=g","contentUrl":"https:\/\/secure.gravatar.com\/avatar\/2b748151c2c748327307fd289a91b3bdafdd9e64e2d000e65e53d6dcf11c5830?s=96&d=mm&r=g","caption":"editor"}}]}},"_links":{"self":[{"href":"https:\/\/gardeon.pl\/pl\/wp-json\/wp\/v2\/posts\/45984","targetHints":{"allow":["GET"]}}],"collection":[{"href":"https:\/\/gardeon.pl\/pl\/wp-json\/wp\/v2\/posts"}],"about":[{"href":"https:\/\/gardeon.pl\/pl\/wp-json\/wp\/v2\/types\/post"}],"author":[{"embeddable":true,"href":"https:\/\/gardeon.pl\/pl\/wp-json\/wp\/v2\/users\/2"}],"replies":[{"embeddable":true,"href":"https:\/\/gardeon.pl\/pl\/wp-json\/wp\/v2\/comments?post=45984"}],"version-history":[{"count":0,"href":"https:\/\/gardeon.pl\/pl\/wp-json\/wp\/v2\/posts\/45984\/revisions"}],"wp:featuredmedia":[{"embeddable":true,"href":"https:\/\/gardeon.pl\/pl\/wp-json\/wp\/v2\/media\/45995"}],"wp:attachment":[{"href":"https:\/\/gardeon.pl\/pl\/wp-json\/wp\/v2\/media?parent=45984"}],"wp:term":[{"taxonomy":"category","embeddable":true,"href":"https:\/\/gardeon.pl\/pl\/wp-json\/wp\/v2\/categories?post=45984"},{"taxonomy":"post_tag","embeddable":true,"href":"https:\/\/gardeon.pl\/pl\/wp-json\/wp\/v2\/tags?post=45984"}],"curies":[{"name":"wp","href":"https:\/\/api.w.org\/{rel}","templated":true}]}}