{"id":46002,"date":"2026-04-23T16:47:40","date_gmt":"2026-04-23T14:47:40","guid":{"rendered":"https:\/\/gardeon.pl\/blog\/wiata-garazowa-samodzielnie-czy-z-pomoca-firmy\/"},"modified":"2026-04-23T19:04:56","modified_gmt":"2026-04-23T17:04:56","slug":"wiata-garazowa-samodzielnie-czy-z-pomoca-firmy","status":"publish","type":"post","link":"https:\/\/gardeon.pl\/pl\/blog\/wiata-garazowa-samodzielnie-czy-z-pomoca-firmy\/","title":{"rendered":"Wiata gara\u017cowa \u2013 samodzielnie czy z pomoc\u0105 firmy?"},"content":{"rendered":"<p><i><span style=\"font-weight: 400;\">Budowa wiaty gara\u017cowej brzmi niezwykle prosto. Przecie\u017c to tylko 4 s\u0142upy i zadaszenie. Mo\u017ce j\u0105 postawi\u0107 ka\u017cda firma lub osoba. Czy na pewno? Przedstawiamy 3 scenariusze, kt\u00f3re maj\u0105 miejsce, gdy kto\u015b decyduje si\u0119 na zakup wiaty gara\u017cowej. Kt\u00f3ry z nich jest najbardziej efektywny? Prosimy oceni\u0107 samodzielnie.      <\/span><\/i><!--more--><\/p>\n","protected":false},"excerpt":{"rendered":"<p>Budowa wiaty gara\u017cowej brzmi niezwykle prosto. Przecie\u017c to tylko 4 s\u0142upy i zadaszenie. Mo\u017ce j\u0105 postawi\u0107 ka\u017cda firma lub osoba. Czy na pewno? Przedstawiamy 3 scenariusze, kt\u00f3re maj\u0105 miejsce, gdy kto\u015b decyduje si\u0119 na zakup wiaty gara\u017cowej. Kt\u00f3ry z nich jest najbardziej efektywny? Prosimy oceni\u0107 samodzielnie.<\/p>\n","protected":false},"author":2,"featured_media":44440,"comment_status":"open","ping_status":"open","sticky":false,"template":"","format":"standard","meta":{"_acf_changed":false,"inline_featured_image":false,"footnotes":""},"categories":[622],"tags":[579,714,627,660,715],"class_list":["post-46002","post","type-post","status-publish","format-standard","has-post-thumbnail","hentry","category-wiaty-i-altany","tag-gardeon","tag-montaz","tag-wiata","tag-wiata-modulowa","tag-wiata-siebau"],"acf":[],"yoast_head":"<!-- This site is optimized with the Yoast SEO plugin v27.4 - https:\/\/yoast.com\/product\/yoast-seo-wordpress\/ -->\n<title>Wiata gara\u017cowa \u2013 samodzielnie czy z pomoc\u0105 firmy? | GARDEON<\/title>\n<meta name=\"robots\" content=\"index, follow, max-snippet:-1, max-image-preview:large, max-video-preview:-1\" \/>\n<link rel=\"canonical\" href=\"https:\/\/gardeon.pl\/pl\/blog\/wiata-garazowa-samodzielnie-czy-z-pomoca-firmy\/\" \/>\n<meta property=\"og:locale\" content=\"pl_PL\" \/>\n<meta property=\"og:type\" content=\"article\" \/>\n<meta property=\"og:title\" content=\"Wiata gara\u017cowa \u2013 samodzielnie czy z pomoc\u0105 firmy? | GARDEON\" \/>\n<meta property=\"og:description\" content=\"Budowa wiaty gara\u017cowej brzmi niezwykle prosto. Przecie\u017c to tylko 4 s\u0142upy i zadaszenie. Mo\u017ce j\u0105 postawi\u0107 ka\u017cda firma lub osoba. Czy na pewno? Przedstawiamy 3 scenariusze, kt\u00f3re maj\u0105 miejsce, gdy kto\u015b decyduje si\u0119 na zakup wiaty gara\u017cowej. Kt\u00f3ry z nich jest najbardziej efektywny? Prosimy oceni\u0107 samodzielnie.\" \/>\n<meta property=\"og:url\" content=\"https:\/\/gardeon.pl\/pl\/blog\/wiata-garazowa-samodzielnie-czy-z-pomoca-firmy\/\" \/>\n<meta property=\"og:site_name\" content=\"GARDEON\" \/>\n<meta property=\"article:published_time\" content=\"2026-04-23T14:47:40+00:00\" \/>\n<meta property=\"article:modified_time\" content=\"2026-04-23T17:04:56+00:00\" \/>\n<meta property=\"og:image\" content=\"http:\/\/gardeon.pl\/wp-content\/uploads\/2021\/09\/gardeon-pristresok-pre-dve-auta-55-1.webp\" \/>\n\t<meta property=\"og:image:width\" content=\"2000\" \/>\n\t<meta property=\"og:image:height\" content=\"1333\" \/>\n\t<meta property=\"og:image:type\" content=\"image\/webp\" \/>\n<meta name=\"author\" content=\"editor\" \/>\n<meta name=\"twitter:card\" content=\"summary_large_image\" \/>\n<meta name=\"twitter:label1\" content=\"Napisane przez\" \/>\n\t<meta name=\"twitter:data1\" content=\"editor\" \/>\n<script type=\"application\/ld+json\" class=\"yoast-schema-graph\">{\"@context\":\"https:\\\/\\\/schema.org\",\"@graph\":[{\"@type\":\"Article\",\"@id\":\"https:\\\/\\\/gardeon.pl\\\/pl\\\/blog\\\/wiata-garazowa-samodzielnie-czy-z-pomoca-firmy\\\/#article\",\"isPartOf\":{\"@id\":\"https:\\\/\\\/gardeon.pl\\\/pl\\\/blog\\\/wiata-garazowa-samodzielnie-czy-z-pomoca-firmy\\\/\"},\"author\":{\"name\":\"editor\",\"@id\":\"https:\\\/\\\/gardeon.pl\\\/#\\\/schema\\\/person\\\/a5762ca5f0790bf92774af0899379463\"},\"headline\":\"Wiata gara\u017cowa \u2013 samodzielnie czy z pomoc\u0105 firmy?\",\"datePublished\":\"2026-04-23T14:47:40+00:00\",\"dateModified\":\"2026-04-23T17:04:56+00:00\",\"mainEntityOfPage\":{\"@id\":\"https:\\\/\\\/gardeon.pl\\\/pl\\\/blog\\\/wiata-garazowa-samodzielnie-czy-z-pomoca-firmy\\\/\"},\"wordCount\":59,\"commentCount\":0,\"image\":{\"@id\":\"https:\\\/\\\/gardeon.pl\\\/pl\\\/blog\\\/wiata-garazowa-samodzielnie-czy-z-pomoca-firmy\\\/#primaryimage\"},\"thumbnailUrl\":\"https:\\\/\\\/gardeon.pl\\\/wp-content\\\/uploads\\\/2021\\\/09\\\/gardeon-pristresok-pre-dve-auta-55-1.webp\",\"keywords\":[\"GARDEON\",\"monta\u017c\",\"wiata\",\"wiata modu\u0142owa\",\"wiata SIEBAU\"],\"articleSection\":[\"Wiaty i altany\"],\"inLanguage\":\"pl-PL\",\"potentialAction\":[{\"@type\":\"CommentAction\",\"name\":\"Comment\",\"target\":[\"https:\\\/\\\/gardeon.pl\\\/pl\\\/blog\\\/wiata-garazowa-samodzielnie-czy-z-pomoca-firmy\\\/#respond\"]}]},{\"@type\":\"WebPage\",\"@id\":\"https:\\\/\\\/gardeon.pl\\\/pl\\\/blog\\\/wiata-garazowa-samodzielnie-czy-z-pomoca-firmy\\\/\",\"url\":\"https:\\\/\\\/gardeon.pl\\\/pl\\\/blog\\\/wiata-garazowa-samodzielnie-czy-z-pomoca-firmy\\\/\",\"name\":\"Wiata gara\u017cowa \u2013 samodzielnie czy z pomoc\u0105 firmy? | GARDEON\",\"isPartOf\":{\"@id\":\"https:\\\/\\\/gardeon.pl\\\/#website\"},\"primaryImageOfPage\":{\"@id\":\"https:\\\/\\\/gardeon.pl\\\/pl\\\/blog\\\/wiata-garazowa-samodzielnie-czy-z-pomoca-firmy\\\/#primaryimage\"},\"image\":{\"@id\":\"https:\\\/\\\/gardeon.pl\\\/pl\\\/blog\\\/wiata-garazowa-samodzielnie-czy-z-pomoca-firmy\\\/#primaryimage\"},\"thumbnailUrl\":\"https:\\\/\\\/gardeon.pl\\\/wp-content\\\/uploads\\\/2021\\\/09\\\/gardeon-pristresok-pre-dve-auta-55-1.webp\",\"datePublished\":\"2026-04-23T14:47:40+00:00\",\"dateModified\":\"2026-04-23T17:04:56+00:00\",\"author\":{\"@id\":\"https:\\\/\\\/gardeon.pl\\\/#\\\/schema\\\/person\\\/a5762ca5f0790bf92774af0899379463\"},\"breadcrumb\":{\"@id\":\"https:\\\/\\\/gardeon.pl\\\/pl\\\/blog\\\/wiata-garazowa-samodzielnie-czy-z-pomoca-firmy\\\/#breadcrumb\"},\"inLanguage\":\"pl-PL\",\"potentialAction\":[{\"@type\":\"ReadAction\",\"target\":[\"https:\\\/\\\/gardeon.pl\\\/pl\\\/blog\\\/wiata-garazowa-samodzielnie-czy-z-pomoca-firmy\\\/\"]}]},{\"@type\":\"ImageObject\",\"inLanguage\":\"pl-PL\",\"@id\":\"https:\\\/\\\/gardeon.pl\\\/pl\\\/blog\\\/wiata-garazowa-samodzielnie-czy-z-pomoca-firmy\\\/#primaryimage\",\"url\":\"https:\\\/\\\/gardeon.pl\\\/wp-content\\\/uploads\\\/2021\\\/09\\\/gardeon-pristresok-pre-dve-auta-55-1.webp\",\"contentUrl\":\"https:\\\/\\\/gardeon.pl\\\/wp-content\\\/uploads\\\/2021\\\/09\\\/gardeon-pristresok-pre-dve-auta-55-1.webp\",\"width\":2000,\"height\":1333,\"caption\":\"Zaparkowany samoch\u00f3d i motocykl pod wiat\u0105 GARDEON\"},{\"@type\":\"BreadcrumbList\",\"@id\":\"https:\\\/\\\/gardeon.pl\\\/pl\\\/blog\\\/wiata-garazowa-samodzielnie-czy-z-pomoca-firmy\\\/#breadcrumb\",\"itemListElement\":[{\"@type\":\"ListItem\",\"position\":1,\"name\":\"Domov\",\"item\":\"https:\\\/\\\/gardeon.pl\\\/pl\\\/\"},{\"@type\":\"ListItem\",\"position\":2,\"name\":\"Wiata gara\u017cowa \u2013 samodzielnie czy z pomoc\u0105 firmy?\"}]},{\"@type\":\"WebSite\",\"@id\":\"https:\\\/\\\/gardeon.pl\\\/#website\",\"url\":\"https:\\\/\\\/gardeon.pl\\\/\",\"name\":\"GARDEON\",\"description\":\"\",\"potentialAction\":[{\"@type\":\"SearchAction\",\"target\":{\"@type\":\"EntryPoint\",\"urlTemplate\":\"https:\\\/\\\/gardeon.pl\\\/?s={search_term_string}\"},\"query-input\":{\"@type\":\"PropertyValueSpecification\",\"valueRequired\":true,\"valueName\":\"search_term_string\"}}],\"inLanguage\":\"pl-PL\"},{\"@type\":\"Person\",\"@id\":\"https:\\\/\\\/gardeon.pl\\\/#\\\/schema\\\/person\\\/a5762ca5f0790bf92774af0899379463\",\"name\":\"editor\",\"image\":{\"@type\":\"ImageObject\",\"inLanguage\":\"pl-PL\",\"@id\":\"https:\\\/\\\/secure.gravatar.com\\\/avatar\\\/2b748151c2c748327307fd289a91b3bdafdd9e64e2d000e65e53d6dcf11c5830?s=96&d=mm&r=g\",\"url\":\"https:\\\/\\\/secure.gravatar.com\\\/avatar\\\/2b748151c2c748327307fd289a91b3bdafdd9e64e2d000e65e53d6dcf11c5830?s=96&d=mm&r=g\",\"contentUrl\":\"https:\\\/\\\/secure.gravatar.com\\\/avatar\\\/2b748151c2c748327307fd289a91b3bdafdd9e64e2d000e65e53d6dcf11c5830?s=96&d=mm&r=g\",\"caption\":\"editor\"}}]}<\/script>\n<!-- \/ Yoast SEO plugin. -->","yoast_head_json":{"title":"Wiata gara\u017cowa \u2013 samodzielnie czy z pomoc\u0105 firmy? | GARDEON","robots":{"index":"index","follow":"follow","max-snippet":"max-snippet:-1","max-image-preview":"max-image-preview:large","max-video-preview":"max-video-preview:-1"},"canonical":"https:\/\/gardeon.pl\/pl\/blog\/wiata-garazowa-samodzielnie-czy-z-pomoca-firmy\/","og_locale":"pl_PL","og_type":"article","og_title":"Wiata gara\u017cowa \u2013 samodzielnie czy z pomoc\u0105 firmy? | GARDEON","og_description":"Budowa wiaty gara\u017cowej brzmi niezwykle prosto. Przecie\u017c to tylko 4 s\u0142upy i zadaszenie. Mo\u017ce j\u0105 postawi\u0107 ka\u017cda firma lub osoba. Czy na pewno? Przedstawiamy 3 scenariusze, kt\u00f3re maj\u0105 miejsce, gdy kto\u015b decyduje si\u0119 na zakup wiaty gara\u017cowej. Kt\u00f3ry z nich jest najbardziej efektywny? Prosimy oceni\u0107 samodzielnie.","og_url":"https:\/\/gardeon.pl\/pl\/blog\/wiata-garazowa-samodzielnie-czy-z-pomoca-firmy\/","og_site_name":"GARDEON","article_published_time":"2026-04-23T14:47:40+00:00","article_modified_time":"2026-04-23T17:04:56+00:00","og_image":[{"width":2000,"height":1333,"url":"http:\/\/gardeon.pl\/wp-content\/uploads\/2021\/09\/gardeon-pristresok-pre-dve-auta-55-1.webp","type":"image\/webp"}],"author":"editor","twitter_card":"summary_large_image","twitter_misc":{"Napisane przez":"editor"},"schema":{"@context":"https:\/\/schema.org","@graph":[{"@type":"Article","@id":"https:\/\/gardeon.pl\/pl\/blog\/wiata-garazowa-samodzielnie-czy-z-pomoca-firmy\/#article","isPartOf":{"@id":"https:\/\/gardeon.pl\/pl\/blog\/wiata-garazowa-samodzielnie-czy-z-pomoca-firmy\/"},"author":{"name":"editor","@id":"https:\/\/gardeon.pl\/#\/schema\/person\/a5762ca5f0790bf92774af0899379463"},"headline":"Wiata gara\u017cowa \u2013 samodzielnie czy z pomoc\u0105 firmy?","datePublished":"2026-04-23T14:47:40+00:00","dateModified":"2026-04-23T17:04:56+00:00","mainEntityOfPage":{"@id":"https:\/\/gardeon.pl\/pl\/blog\/wiata-garazowa-samodzielnie-czy-z-pomoca-firmy\/"},"wordCount":59,"commentCount":0,"image":{"@id":"https:\/\/gardeon.pl\/pl\/blog\/wiata-garazowa-samodzielnie-czy-z-pomoca-firmy\/#primaryimage"},"thumbnailUrl":"https:\/\/gardeon.pl\/wp-content\/uploads\/2021\/09\/gardeon-pristresok-pre-dve-auta-55-1.webp","keywords":["GARDEON","monta\u017c","wiata","wiata modu\u0142owa","wiata SIEBAU"],"articleSection":["Wiaty i altany"],"inLanguage":"pl-PL","potentialAction":[{"@type":"CommentAction","name":"Comment","target":["https:\/\/gardeon.pl\/pl\/blog\/wiata-garazowa-samodzielnie-czy-z-pomoca-firmy\/#respond"]}]},{"@type":"WebPage","@id":"https:\/\/gardeon.pl\/pl\/blog\/wiata-garazowa-samodzielnie-czy-z-pomoca-firmy\/","url":"https:\/\/gardeon.pl\/pl\/blog\/wiata-garazowa-samodzielnie-czy-z-pomoca-firmy\/","name":"Wiata gara\u017cowa \u2013 samodzielnie czy z pomoc\u0105 firmy? | GARDEON","isPartOf":{"@id":"https:\/\/gardeon.pl\/#website"},"primaryImageOfPage":{"@id":"https:\/\/gardeon.pl\/pl\/blog\/wiata-garazowa-samodzielnie-czy-z-pomoca-firmy\/#primaryimage"},"image":{"@id":"https:\/\/gardeon.pl\/pl\/blog\/wiata-garazowa-samodzielnie-czy-z-pomoca-firmy\/#primaryimage"},"thumbnailUrl":"https:\/\/gardeon.pl\/wp-content\/uploads\/2021\/09\/gardeon-pristresok-pre-dve-auta-55-1.webp","datePublished":"2026-04-23T14:47:40+00:00","dateModified":"2026-04-23T17:04:56+00:00","author":{"@id":"https:\/\/gardeon.pl\/#\/schema\/person\/a5762ca5f0790bf92774af0899379463"},"breadcrumb":{"@id":"https:\/\/gardeon.pl\/pl\/blog\/wiata-garazowa-samodzielnie-czy-z-pomoca-firmy\/#breadcrumb"},"inLanguage":"pl-PL","potentialAction":[{"@type":"ReadAction","target":["https:\/\/gardeon.pl\/pl\/blog\/wiata-garazowa-samodzielnie-czy-z-pomoca-firmy\/"]}]},{"@type":"ImageObject","inLanguage":"pl-PL","@id":"https:\/\/gardeon.pl\/pl\/blog\/wiata-garazowa-samodzielnie-czy-z-pomoca-firmy\/#primaryimage","url":"https:\/\/gardeon.pl\/wp-content\/uploads\/2021\/09\/gardeon-pristresok-pre-dve-auta-55-1.webp","contentUrl":"https:\/\/gardeon.pl\/wp-content\/uploads\/2021\/09\/gardeon-pristresok-pre-dve-auta-55-1.webp","width":2000,"height":1333,"caption":"Zaparkowany samoch\u00f3d i motocykl pod wiat\u0105 GARDEON"},{"@type":"BreadcrumbList","@id":"https:\/\/gardeon.pl\/pl\/blog\/wiata-garazowa-samodzielnie-czy-z-pomoca-firmy\/#breadcrumb","itemListElement":[{"@type":"ListItem","position":1,"name":"Domov","item":"https:\/\/gardeon.pl\/pl\/"},{"@type":"ListItem","position":2,"name":"Wiata gara\u017cowa \u2013 samodzielnie czy z pomoc\u0105 firmy?"}]},{"@type":"WebSite","@id":"https:\/\/gardeon.pl\/#website","url":"https:\/\/gardeon.pl\/","name":"GARDEON","description":"","potentialAction":[{"@type":"SearchAction","target":{"@type":"EntryPoint","urlTemplate":"https:\/\/gardeon.pl\/?s={search_term_string}"},"query-input":{"@type":"PropertyValueSpecification","valueRequired":true,"valueName":"search_term_string"}}],"inLanguage":"pl-PL"},{"@type":"Person","@id":"https:\/\/gardeon.pl\/#\/schema\/person\/a5762ca5f0790bf92774af0899379463","name":"editor","image":{"@type":"ImageObject","inLanguage":"pl-PL","@id":"https:\/\/secure.gravatar.com\/avatar\/2b748151c2c748327307fd289a91b3bdafdd9e64e2d000e65e53d6dcf11c5830?s=96&d=mm&r=g","url":"https:\/\/secure.gravatar.com\/avatar\/2b748151c2c748327307fd289a91b3bdafdd9e64e2d000e65e53d6dcf11c5830?s=96&d=mm&r=g","contentUrl":"https:\/\/secure.gravatar.com\/avatar\/2b748151c2c748327307fd289a91b3bdafdd9e64e2d000e65e53d6dcf11c5830?s=96&d=mm&r=g","caption":"editor"}}]}},"_links":{"self":[{"href":"https:\/\/gardeon.pl\/pl\/wp-json\/wp\/v2\/posts\/46002","targetHints":{"allow":["GET"]}}],"collection":[{"href":"https:\/\/gardeon.pl\/pl\/wp-json\/wp\/v2\/posts"}],"about":[{"href":"https:\/\/gardeon.pl\/pl\/wp-json\/wp\/v2\/types\/post"}],"author":[{"embeddable":true,"href":"https:\/\/gardeon.pl\/pl\/wp-json\/wp\/v2\/users\/2"}],"replies":[{"embeddable":true,"href":"https:\/\/gardeon.pl\/pl\/wp-json\/wp\/v2\/comments?post=46002"}],"version-history":[{"count":0,"href":"https:\/\/gardeon.pl\/pl\/wp-json\/wp\/v2\/posts\/46002\/revisions"}],"wp:featuredmedia":[{"embeddable":true,"href":"https:\/\/gardeon.pl\/pl\/wp-json\/wp\/v2\/media\/44440"}],"wp:attachment":[{"href":"https:\/\/gardeon.pl\/pl\/wp-json\/wp\/v2\/media?parent=46002"}],"wp:term":[{"taxonomy":"category","embeddable":true,"href":"https:\/\/gardeon.pl\/pl\/wp-json\/wp\/v2\/categories?post=46002"},{"taxonomy":"post_tag","embeddable":true,"href":"https:\/\/gardeon.pl\/pl\/wp-json\/wp\/v2\/tags?post=46002"}],"curies":[{"name":"wp","href":"https:\/\/api.w.org\/{rel}","templated":true}]}}