{"id":46013,"date":"2026-04-23T16:47:52","date_gmt":"2026-04-23T14:47:52","guid":{"rendered":"https:\/\/gardeon.pl\/blog\/kuchnia-letnia-pod-wiata\/"},"modified":"2026-04-23T19:04:55","modified_gmt":"2026-04-23T17:04:55","slug":"kuchnia-letnia-pod-wiata","status":"publish","type":"post","link":"https:\/\/gardeon.pl\/pl\/blog\/kuchnia-letnia-pod-wiata\/","title":{"rendered":"Kuchnia letnia pod wiat\u0105"},"content":{"rendered":"<p class=\"p1\"><em>Czym by\u0142oby lato bez porz\u0105dnego grillowania? Je\u015bli lubi\u0105 Pa\u0144stwo cz\u0119sto grillowa\u0107, to na Pa\u0144stwa dzia\u0142ce zdecydowanie nie powinno zabrakn\u0105\u0107 miejsca, gdzie wszystko jest doskonale przygotowane do grillowania. Gdzie i jak je stworzy\u0107? Najlepiej pod stabiln\u0105 wiat\u0105 ogrodow\u0105, kt\u00f3ra jest idealnym miejscem na sprytn\u0105 kuchni\u0119 letni\u0105 z grillem.   <\/em><\/p>\n<p><!--more--><\/p>\n<h2 class=\"p1\" style=\"text-align: left;\"><b>Jak urz\u0105dzi\u0107 kuchni\u0119 letni\u0105<\/b><\/h2>\n<p class=\"p1\">Te trzy elementy powinny by\u0107 cz\u0119\u015bci\u0105 ka\u017cdej prawid\u0142owej kuchni letniej z grillem:<\/p>\n<h3 class=\"p1\">1. Grill<\/h3>\n<p class=\"p1\">Jest centralnym punktem ka\u017cdej imprezy ogrodowej, wi\u0119c w prawid\u0142owo wyposa\u017conej kuchni letniej oczywi\u015bcie nie powinien go zabrakn\u0105\u0107. Istnieje kilka mo\u017cliwo\u015bci. Podstawow\u0105 decyzj\u0105 powinno by\u0107 to, czy chc\u0105 Pa\u0144stwo grill stacjonarny (np. murowany lub betonowy prefabrykat), czy mobilny. Nowoczesnym rozwi\u0105zaniem s\u0105 grille mobilne, przy kt\u00f3rych mog\u0105 Pa\u0144stwo wybiera\u0107 mi\u0119dzy grillami na w\u0119giel drzewny lub brykiety, grillami gazowymi i grillami elektrycznymi. Kt\u00f3ry z nich jest najlepszy? To zale\u017cy od Pa\u0144stwa wymaga\u0144.     <\/p>\n<h3 class=\"p1\">2. Przestrze\u0144 do przygotowywania potraw<\/h3>\n<p class=\"p1\">Przysmaki, kt\u00f3re zamierzaj\u0105 Pa\u0144stwo grillowa\u0107, trzeba wcze\u015bniej przygotowa\u0107, a po ich przygotowaniu poda\u0107 \u2013 dobrze jest pokroi\u0107 chleb do kie\u0142basek, umy\u0107 warzywa do hamburger\u00f3w i pokroi\u0107 sa\u0142atk\u0119&#8230; A chodzenie w tym celu ci\u0105gle do domu mo\u017ce by\u0107 spor\u0105 uci\u0105\u017cliwo\u015bci\u0105. Najlepiej jest mie\u0107 w kuchni letniej przynajmniej niewielk\u0105 powierzchni\u0119 robocz\u0105, zlew z bie\u017c\u0105c\u0105 wod\u0105 oraz miejsce do przechowywania naczy\u0144 i niezb\u0119dnego wyposa\u017cenia do grillowania i spo\u017cywania posi\u0142k\u00f3w.  <\/p>\n<h3 class=\"p1\">3. Miejsce do spo\u017cywania posi\u0142k\u00f3w<\/h3>\n<p class=\"p1\">Ca\u0142e grillowanie jest ukierunkowane na to, aby wszyscy dobrze si\u0119 najedli, wi\u0119c miejsce do spo\u017cywania posi\u0142k\u00f3w jest r\u00f3wnie wa\u017cne jak sam grill. Zale\u017cy tylko od Pa\u0144stwa, czy do jadalni zewn\u0119trznej wybior\u0105 Pa\u0144stwo st\u00f3\u0142 ogrodowy i krzes\u0142a, czy zamiast tego zdecyduj\u0105 si\u0119 na nieformalne wielofunkcyjne \u0142awki i mobilne sto\u0142y. Jedynym wa\u017cnym kryterium jest to, aby wszyscy mogli wygodnie si\u0119 spotyka\u0107 i spo\u017cywa\u0107 posi\u0142ki \u2013 nawet gdyby mia\u0142o to by\u0107 etapami <span class=\"s1\">?<\/span>.  <\/p>\n<p class=\"p1\">Je\u015bli chc\u0105 Pa\u0144stwo doprowadzi\u0107 swoj\u0105 kuchni\u0119 letni\u0105 do perfekcji, pomy\u015bl\u0105 Pa\u0144stwo r\u00f3wnie\u017c o o\u015bwietleniu (cho\u0107by na zasilanie solarne) \u2013 przyjemna zabawa mo\u017ce wtedy spokojnie trwa\u0107 na dzia\u0142ce a\u017c do nocy.<\/p>\n<p><a href=\"http:\/\/gardeon.pl\/wp-content\/uploads\/2023\/09\/gardeon-zahradny-domcek-s-pristreskom-pultova-strecha-4855-ZV-detail-vnutro-2-1-scaled.webp\"><img loading=\"lazy\" decoding=\"async\" class=\"alignnone wp-image-37787\" src=\"http:\/\/gardeon.pl\/wp-content\/uploads\/2023\/09\/gardeon-zahradny-domcek-s-pristreskom-pultova-strecha-4855-ZV-detail-vnutro-2-1-300x169.webp\" alt=\"\" width=\"374\" height=\"210\" srcset=\"https:\/\/gardeon.pl\/wp-content\/uploads\/2023\/09\/gardeon-zahradny-domcek-s-pristreskom-pultova-strecha-4855-ZV-detail-vnutro-2-1-300x169.webp 300w, https:\/\/gardeon.pl\/wp-content\/uploads\/2023\/09\/gardeon-zahradny-domcek-s-pristreskom-pultova-strecha-4855-ZV-detail-vnutro-2-1-1024x575.webp 1024w, https:\/\/gardeon.pl\/wp-content\/uploads\/2023\/09\/gardeon-zahradny-domcek-s-pristreskom-pultova-strecha-4855-ZV-detail-vnutro-2-1-768x432.webp 768w, https:\/\/gardeon.pl\/wp-content\/uploads\/2023\/09\/gardeon-zahradny-domcek-s-pristreskom-pultova-strecha-4855-ZV-detail-vnutro-2-1-1536x863.webp 1536w, https:\/\/gardeon.pl\/wp-content\/uploads\/2023\/09\/gardeon-zahradny-domcek-s-pristreskom-pultova-strecha-4855-ZV-detail-vnutro-2-1-2048x1151.webp 2048w\" sizes=\"auto, (max-width: 374px) 100vw, 374px\" \/><\/a> <a href=\"http:\/\/gardeon.pl\/wp-content\/uploads\/2023\/09\/gardeon-zahradny-domcek-s-pristreskom-pultova-strecha-4855-ZV-detail-vnutro-3-1-scaled.webp\"><img loading=\"lazy\" decoding=\"async\" class=\"alignnone wp-image-37788\" src=\"http:\/\/gardeon.pl\/wp-content\/uploads\/2023\/09\/gardeon-zahradny-domcek-s-pristreskom-pultova-strecha-4855-ZV-detail-vnutro-3-1-300x169.webp\" alt=\"Detal szklanek z wod\u0105 postawionych na stole pod wiat\u0105\" width=\"373\" height=\"210\" srcset=\"https:\/\/gardeon.pl\/wp-content\/uploads\/2023\/09\/gardeon-zahradny-domcek-s-pristreskom-pultova-strecha-4855-ZV-detail-vnutro-3-1-300x169.webp 300w, https:\/\/gardeon.pl\/wp-content\/uploads\/2023\/09\/gardeon-zahradny-domcek-s-pristreskom-pultova-strecha-4855-ZV-detail-vnutro-3-1-1024x575.webp 1024w, https:\/\/gardeon.pl\/wp-content\/uploads\/2023\/09\/gardeon-zahradny-domcek-s-pristreskom-pultova-strecha-4855-ZV-detail-vnutro-3-1-768x432.webp 768w, https:\/\/gardeon.pl\/wp-content\/uploads\/2023\/09\/gardeon-zahradny-domcek-s-pristreskom-pultova-strecha-4855-ZV-detail-vnutro-3-1-1536x863.webp 1536w, https:\/\/gardeon.pl\/wp-content\/uploads\/2023\/09\/gardeon-zahradny-domcek-s-pristreskom-pultova-strecha-4855-ZV-detail-vnutro-3-1-2048x1151.webp 2048w\" sizes=\"auto, (max-width: 373px) 100vw, 373px\" \/><\/a><\/p>\n<p><a href=\"http:\/\/gardeon.pl\/wp-content\/uploads\/2023\/09\/gardeon-zahradny-domcek-s-pristreskom-pultova-strecha-4855-ZV-4-1-scaled.webp\"><img loading=\"lazy\" decoding=\"async\" class=\"alignnone wp-image-37785\" src=\"http:\/\/gardeon.pl\/wp-content\/uploads\/2023\/09\/gardeon-zahradny-domcek-s-pristreskom-pultova-strecha-4855-ZV-4-1-300x169.webp\" alt=\"Kwiaty ogrodowe w otoczeniu domku ogrodowego Gardeon z wiat\u0105\" width=\"754\" height=\"425\" srcset=\"https:\/\/gardeon.pl\/wp-content\/uploads\/2023\/09\/gardeon-zahradny-domcek-s-pristreskom-pultova-strecha-4855-ZV-4-1-300x169.webp 300w, https:\/\/gardeon.pl\/wp-content\/uploads\/2023\/09\/gardeon-zahradny-domcek-s-pristreskom-pultova-strecha-4855-ZV-4-1-768x432.webp 768w, https:\/\/gardeon.pl\/wp-content\/uploads\/2023\/09\/gardeon-zahradny-domcek-s-pristreskom-pultova-strecha-4855-ZV-4-1-1536x863.webp 1536w, https:\/\/gardeon.pl\/wp-content\/uploads\/2023\/09\/gardeon-zahradny-domcek-s-pristreskom-pultova-strecha-4855-ZV-4-1-2048x1151.webp 2048w\" sizes=\"auto, (max-width: 754px) 100vw, 754px\" \/><\/a><\/p>\n<h2 class=\"p1\" style=\"text-align: left;\"><b>Jakie jest idealne miejsce na kuchni\u0119 letni\u0105<\/b><\/h2>\n<p class=\"p1\">Miejsce, w kt\u00f3rym b\u0119d\u0105 Pa\u0144stwo regularnie grillowa\u0107, powinno znajdowa\u0107 si\u0119 dalej od domu \u2013 aby nie mieli Pa\u0144stwo wszystkich zapach\u00f3w bezpo\u015brednio w salonie, a ha\u0142as nie przeszkadza\u0142 na przyk\u0142ad dzieciom, kt\u00f3re potrzebuj\u0105 popo\u0142udniowej drzemki. Podobny wzgl\u0105d powinni Pa\u0144stwo bra\u0107 r\u00f3wnie\u017c na swoich s\u0105siad\u00f3w. Opr\u00f3cz wystarczaj\u0105cej odleg\u0142o\u015bci dobrze jest jednak my\u015ble\u0107 r\u00f3wnie\u017c o przewa\u017caj\u0105cym kierunku wiatru.  <\/p>\n<p class=\"p1\">Je\u015bli znajd\u0105 Pa\u0144stwo optymalne miejsce na dzia\u0142ce, mog\u0105 Pa\u0144stwo urz\u0105dzi\u0107 kuchni\u0119 letni\u0105 na przyk\u0142ad w domku ogrodowym. Lub ca\u0142kiem prosto \u2013 pod wiat\u0105 ogrodow\u0105. Tutaj mo\u017cna gotowa\u0107, grillowa\u0107 i bawi\u0107 si\u0119 na \u015bwie\u017cym powietrzu. Stabilna wiata zapewni Pa\u0144stwu wszystko, co kuchnia letnia na dzia\u0142ce powinna mie\u0107:   <\/p>\n<h3 class=\"p1\">1. Dach<\/h3>\n<p class=\"p1\">Jest on latem wa\u017cny nad k\u0105cikiem jadalnym, grillem i powierzchni\u0105 przygotowawcz\u0105 \u2013 nikt przecie\u017c nie chce sp\u0119dza\u0107 zbyt wiele czasu na pal\u0105cym s\u0142o\u0144cu. Solidny dach s\u0142u\u017cy jednak nie tylko jako zacienienie, ale r\u00f3wnie\u017c jako ochrona przed ewentualnym przeci\u0105giem. <\/p>\n<h3 class=\"p1\">2. P\u0142aska pod\u0142oga<\/h3>\n<p class=\"p1\">potrzebuje grill, st\u00f3\u0142, krzes\u0142a i grillowanie. Tylko wtedy wszystko b\u0119dzie sta\u0142o tak, jak powinno \u2013 r\u00f3wno, pewnie i stabilnie. Zapewni\u0105 Pa\u0144stwo w ten spos\u00f3b bezpiecze\u0144stwo, kt\u00f3re jest przy grillowaniu wa\u017cne, a tak\u017ce unikn\u0105 Pa\u0144stwo nieprzyjemno\u015bci podczas spo\u017cywania posi\u0142k\u00f3w.  <\/p>\n<h3 class=\"p1\">3. Os\u0142ona przed wiatrem<\/h3>\n<p class=\"p1\">Wiatru nie da si\u0119 powstrzyma\u0107, wi\u0119c czasem robi to, czego nie powinien \u2013 rozrzuca papierowe serwetki lub wdmuchuje dym prosto do domu. Praktyczn\u0105 ochron\u0119 przed dominuj\u0105cym kierunkiem wiatru, a tak\u017ce przed niepo\u017c\u0105danymi spojrzeniami, zapewni\u0105 Pa\u0144stwu w wiatach GARDEON eleganckie panele \u015bcienne, kt\u00f3re mo\u017cna zamontowa\u0107 na dowolnej stronie (lub stronach) wiaty. Nie chodzi jednak tylko o wiatr czy dym. Czy zauwa\u017cyli Pa\u0144stwo na przyk\u0142ad, \u017ce ludzie wol\u0105 siedzie\u0107 pod wiat\u0105, maj\u0105c w ten spos\u00f3b \u201echronione plecy\u201d i \u0142adny widok? Zatem jakie\u015b obicie \u015bciany wiaty lub \u015bciana ochronna w postaci wy\u017cszej zieleni wok\u00f3\u0142 niej z pewno\u015bci\u0105 si\u0119 przyda.    <\/p>\n<p><a href=\"http:\/\/gardeon.pl\/wp-content\/uploads\/2023\/09\/gardeon-zahradny-domcek-s-pristreskom-pultova-strecha-4855-ZV-detail-vnutro-1-1-scaled.webp\"><img loading=\"lazy\" decoding=\"async\" class=\"alignnone wp-image-37786\" src=\"http:\/\/gardeon.pl\/wp-content\/uploads\/2023\/09\/gardeon-zahradny-domcek-s-pristreskom-pultova-strecha-4855-ZV-detail-vnutro-1-1-300x169.webp\" alt=\"Miejsce do siedzenia pod wiat\u0105 Gardeon na dzia\u0142ce obok domu\" width=\"375\" height=\"211\" srcset=\"https:\/\/gardeon.pl\/wp-content\/uploads\/2023\/09\/gardeon-zahradny-domcek-s-pristreskom-pultova-strecha-4855-ZV-detail-vnutro-1-1-300x169.webp 300w, https:\/\/gardeon.pl\/wp-content\/uploads\/2023\/09\/gardeon-zahradny-domcek-s-pristreskom-pultova-strecha-4855-ZV-detail-vnutro-1-1-1024x575.webp 1024w, https:\/\/gardeon.pl\/wp-content\/uploads\/2023\/09\/gardeon-zahradny-domcek-s-pristreskom-pultova-strecha-4855-ZV-detail-vnutro-1-1-768x432.webp 768w, https:\/\/gardeon.pl\/wp-content\/uploads\/2023\/09\/gardeon-zahradny-domcek-s-pristreskom-pultova-strecha-4855-ZV-detail-vnutro-1-1-1536x863.webp 1536w, https:\/\/gardeon.pl\/wp-content\/uploads\/2023\/09\/gardeon-zahradny-domcek-s-pristreskom-pultova-strecha-4855-ZV-detail-vnutro-1-1-2048x1151.webp 2048w\" sizes=\"auto, (max-width: 375px) 100vw, 375px\" \/><\/a> <a href=\"http:\/\/gardeon.pl\/wp-content\/uploads\/2023\/09\/gardeon-zahradny-domcek-s-pristreskom-pultova-strecha-4855-ZV-1-1-scaled.webp\"><img loading=\"lazy\" decoding=\"async\" class=\"alignnone wp-image-37782\" src=\"http:\/\/gardeon.pl\/wp-content\/uploads\/2023\/09\/gardeon-zahradny-domcek-s-pristreskom-pultova-strecha-4855-ZV-1-1-300x169.webp\" alt=\"Domek ogrodowy z wiat\u0105 w otoczeniu ogrodu kwiatowego\" width=\"375\" height=\"211\" srcset=\"https:\/\/gardeon.pl\/wp-content\/uploads\/2023\/09\/gardeon-zahradny-domcek-s-pristreskom-pultova-strecha-4855-ZV-1-1-300x169.webp 300w, https:\/\/gardeon.pl\/wp-content\/uploads\/2023\/09\/gardeon-zahradny-domcek-s-pristreskom-pultova-strecha-4855-ZV-1-1-1024x576.webp 1024w, https:\/\/gardeon.pl\/wp-content\/uploads\/2023\/09\/gardeon-zahradny-domcek-s-pristreskom-pultova-strecha-4855-ZV-1-1-768x432.webp 768w, https:\/\/gardeon.pl\/wp-content\/uploads\/2023\/09\/gardeon-zahradny-domcek-s-pristreskom-pultova-strecha-4855-ZV-1-1-1536x864.webp 1536w, https:\/\/gardeon.pl\/wp-content\/uploads\/2023\/09\/gardeon-zahradny-domcek-s-pristreskom-pultova-strecha-4855-ZV-1-1-2048x1151.webp 2048w\" sizes=\"auto, (max-width: 375px) 100vw, 375px\" \/><\/a><\/p>\n<h2 style=\"text-align: left;\" data-prosemirror-content-type=\"node\" data-prosemirror-node-name=\"paragraph\" data-prosemirror-node-block=\"true\" data-pm-slice=\"1 1 []\">Pomy\u015bl\u0105 Pa\u0144stwo r\u00f3wnie\u017c o finansowaniu \u2013 cho\u0107by przez oszcz\u0119dno\u015bci budowlane<\/h2>\n<p data-prosemirror-content-type=\"node\" data-prosemirror-node-name=\"paragraph\" data-prosemirror-node-block=\"true\">Planowanie kuchni letniej cz\u0119sto nie oznacza tylko zakupu grilla i sto\u0142u \u2013 je\u015bli zdecyduj\u0105 si\u0119 Pa\u0144stwo na wi\u0119ksz\u0105 przebudow\u0119 lub now\u0105 wiat\u0119, mo\u017ce si\u0119 to odbi\u0107 na bud\u017cecie rodzinnym bardziej, ni\u017c si\u0119 wydaje. W\u0142a\u015bnie tutaj mog\u0105 pom\u00f3c <a href=\"https:\/\/www.moneta.cz\/sporeni-a-investice\/stavebni-sporeni\" target=\"_blank\" rel=\"noopener\" data-prosemirror-content-type=\"mark\" data-prosemirror-mark-name=\"link\">oszcz\u0119dno\u015bci budowlane<\/a>. Opr\u00f3cz mo\u017cliwo\u015bci korzystnej po\u017cyczki oferuj\u0105 r\u00f3wnie\u017c wsparcie pa\u0144stwowe, i tak mog\u0105 sta\u0107 si\u0119 sprytnym sposobem na stopniowe sfinansowanie sobie kuchni letniej, bez konieczno\u015bci si\u0119gania do rezerw. Oszcz\u0119dzaj\u0105 Pa\u0144stwo i jednocze\u015bnie planuj\u0105 \u2013 idealne po\u0142\u0105czenie dla ka\u017cdego, kto my\u015bli z wyprzedzeniem.   <\/p>\n<hr>\n<p class=\"p1\" style=\"text-align: center;\"><em>Chcieliby Pa\u0144stwo grillowa\u0107 w nowej kuchni letniej ju\u017c tego lata? Nie wahaj\u0105 si\u0119 Pa\u0144stwo i wybior\u0105 z naszej oferty! <a href=\"https:\/\/gardeon.pl\/pl\/wiaty\/\">Montowan\u0105 wiat\u0119 GARDEON<\/a> postawimy na Pa\u0144stwa dzia\u0142ce dok\u0142adnie wed\u0142ug Pa\u0144stwa wyobra\u017ce\u0144 w ci\u0105gu kilku godzin. <\/em><\/p>\n<p class=\"p1\" style=\"text-align: center;\"><em>Nie s\u0105 Pa\u0144stwo pewni, jak mog\u0142aby wygl\u0105da\u0107 Pa\u0144stwa kuchnia letnia? Zainspiruj\u0105 si\u0119 Pa\u0144stwo kuchni\u0105 letni\u0105 pod wiat\u0105, kt\u00f3ra jest jedn\u0105 z wielu realizacji GARDEON <\/em><\/p>\n<h5>\u0179r\u00f3d\u0142o:<br \/>\nBank zdj\u0119\u0107 GARDEON<\/h5>\n","protected":false},"excerpt":{"rendered":"<p>Czym by\u0142oby lato bez porz\u0105dnego grillowania? Je\u015bli lubi\u0105 Pa\u0144stwo cz\u0119sto grillowa\u0107, to na Pa\u0144stwa dzia\u0142ce zdecydowanie nie powinno zabrakn\u0105\u0107 miejsca, gdzie wszystko jest doskonale przygotowane do grillowania. Gdzie i jak je stworzy\u0107? Najlepiej pod stabiln\u0105 wiat\u0105 ogrodow\u0105, kt\u00f3ra jest idealnym miejscem na sprytn\u0105 kuchni\u0119 letni\u0105 z grillem.<\/p>\n","protected":false},"author":2,"featured_media":43131,"comment_status":"open","ping_status":"open","sticky":false,"template":"","format":"standard","meta":{"_acf_changed":false,"inline_featured_image":false,"footnotes":""},"categories":[607,594,622],"tags":[579,720],"class_list":["post-46013","post","type-post","status-publish","format-standard","has-post-thumbnail","hentry","category-inspiracje","category-ogrod","category-wiaty-i-altany","tag-gardeon","tag-kuchnia-letnia"],"acf":[],"yoast_head":"<!-- This site is optimized with the Yoast SEO plugin v27.4 - https:\/\/yoast.com\/product\/yoast-seo-wordpress\/ -->\n<title>Kuchnia letnia pod wiat\u0105 | GARDEON<\/title>\n<meta name=\"robots\" content=\"index, follow, max-snippet:-1, max-image-preview:large, max-video-preview:-1\" \/>\n<link rel=\"canonical\" href=\"https:\/\/gardeon.pl\/pl\/blog\/kuchnia-letnia-pod-wiata\/\" \/>\n<meta property=\"og:locale\" content=\"pl_PL\" \/>\n<meta property=\"og:type\" content=\"article\" \/>\n<meta property=\"og:title\" content=\"Kuchnia letnia pod wiat\u0105 | GARDEON\" \/>\n<meta property=\"og:description\" content=\"Czym by\u0142oby lato bez porz\u0105dnego grillowania? Je\u015bli lubi\u0105 Pa\u0144stwo cz\u0119sto grillowa\u0107, to na Pa\u0144stwa dzia\u0142ce zdecydowanie nie powinno zabrakn\u0105\u0107 miejsca, gdzie wszystko jest doskonale przygotowane do grillowania. Gdzie i jak je stworzy\u0107? Najlepiej pod stabiln\u0105 wiat\u0105 ogrodow\u0105, kt\u00f3ra jest idealnym miejscem na sprytn\u0105 kuchni\u0119 letni\u0105 z grillem.\" \/>\n<meta property=\"og:url\" content=\"https:\/\/gardeon.pl\/pl\/blog\/kuchnia-letnia-pod-wiata\/\" \/>\n<meta property=\"og:site_name\" content=\"GARDEON\" \/>\n<meta property=\"article:published_time\" content=\"2026-04-23T14:47:52+00:00\" \/>\n<meta property=\"article:modified_time\" content=\"2026-04-23T17:04:55+00:00\" \/>\n<meta property=\"og:image\" content=\"http:\/\/gardeon.pl\/wp-content\/uploads\/2023\/09\/gardeon-zahradny-domcek-s-pristreskom-pultova-strecha-4855-ZV-2-1-scaled.webp\" \/>\n\t<meta property=\"og:image:width\" content=\"2560\" \/>\n\t<meta property=\"og:image:height\" content=\"1439\" \/>\n\t<meta property=\"og:image:type\" content=\"image\/webp\" \/>\n<meta name=\"author\" content=\"editor\" \/>\n<meta name=\"twitter:card\" content=\"summary_large_image\" \/>\n<meta name=\"twitter:label1\" content=\"Napisane przez\" \/>\n\t<meta name=\"twitter:data1\" content=\"editor\" \/>\n\t<meta name=\"twitter:label2\" content=\"Szacowany czas czytania\" \/>\n\t<meta name=\"twitter:data2\" content=\"5 minut\" \/>\n<script type=\"application\/ld+json\" class=\"yoast-schema-graph\">{\"@context\":\"https:\\\/\\\/schema.org\",\"@graph\":[{\"@type\":\"Article\",\"@id\":\"https:\\\/\\\/gardeon.pl\\\/pl\\\/blog\\\/kuchnia-letnia-pod-wiata\\\/#article\",\"isPartOf\":{\"@id\":\"https:\\\/\\\/gardeon.pl\\\/pl\\\/blog\\\/kuchnia-letnia-pod-wiata\\\/\"},\"author\":{\"name\":\"editor\",\"@id\":\"https:\\\/\\\/gardeon.pl\\\/#\\\/schema\\\/person\\\/a5762ca5f0790bf92774af0899379463\"},\"headline\":\"Kuchnia letnia pod wiat\u0105\",\"datePublished\":\"2026-04-23T14:47:52+00:00\",\"dateModified\":\"2026-04-23T17:04:55+00:00\",\"mainEntityOfPage\":{\"@id\":\"https:\\\/\\\/gardeon.pl\\\/pl\\\/blog\\\/kuchnia-letnia-pod-wiata\\\/\"},\"wordCount\":934,\"commentCount\":0,\"image\":{\"@id\":\"https:\\\/\\\/gardeon.pl\\\/pl\\\/blog\\\/kuchnia-letnia-pod-wiata\\\/#primaryimage\"},\"thumbnailUrl\":\"https:\\\/\\\/gardeon.pl\\\/wp-content\\\/uploads\\\/2023\\\/09\\\/gardeon-zahradny-domcek-s-pristreskom-pultova-strecha-4855-ZV-2-1-scaled.webp\",\"keywords\":[\"GARDEON\",\"Kuchnia letnia\"],\"articleSection\":[\"Inspiracje\",\"Ogr\u00f3d\",\"Wiaty i altany\"],\"inLanguage\":\"pl-PL\",\"potentialAction\":[{\"@type\":\"CommentAction\",\"name\":\"Comment\",\"target\":[\"https:\\\/\\\/gardeon.pl\\\/pl\\\/blog\\\/kuchnia-letnia-pod-wiata\\\/#respond\"]}]},{\"@type\":\"WebPage\",\"@id\":\"https:\\\/\\\/gardeon.pl\\\/pl\\\/blog\\\/kuchnia-letnia-pod-wiata\\\/\",\"url\":\"https:\\\/\\\/gardeon.pl\\\/pl\\\/blog\\\/kuchnia-letnia-pod-wiata\\\/\",\"name\":\"Kuchnia letnia pod wiat\u0105 | GARDEON\",\"isPartOf\":{\"@id\":\"https:\\\/\\\/gardeon.pl\\\/#website\"},\"primaryImageOfPage\":{\"@id\":\"https:\\\/\\\/gardeon.pl\\\/pl\\\/blog\\\/kuchnia-letnia-pod-wiata\\\/#primaryimage\"},\"image\":{\"@id\":\"https:\\\/\\\/gardeon.pl\\\/pl\\\/blog\\\/kuchnia-letnia-pod-wiata\\\/#primaryimage\"},\"thumbnailUrl\":\"https:\\\/\\\/gardeon.pl\\\/wp-content\\\/uploads\\\/2023\\\/09\\\/gardeon-zahradny-domcek-s-pristreskom-pultova-strecha-4855-ZV-2-1-scaled.webp\",\"datePublished\":\"2026-04-23T14:47:52+00:00\",\"dateModified\":\"2026-04-23T17:04:55+00:00\",\"author\":{\"@id\":\"https:\\\/\\\/gardeon.pl\\\/#\\\/schema\\\/person\\\/a5762ca5f0790bf92774af0899379463\"},\"breadcrumb\":{\"@id\":\"https:\\\/\\\/gardeon.pl\\\/pl\\\/blog\\\/kuchnia-letnia-pod-wiata\\\/#breadcrumb\"},\"inLanguage\":\"pl-PL\",\"potentialAction\":[{\"@type\":\"ReadAction\",\"target\":[\"https:\\\/\\\/gardeon.pl\\\/pl\\\/blog\\\/kuchnia-letnia-pod-wiata\\\/\"]}]},{\"@type\":\"ImageObject\",\"inLanguage\":\"pl-PL\",\"@id\":\"https:\\\/\\\/gardeon.pl\\\/pl\\\/blog\\\/kuchnia-letnia-pod-wiata\\\/#primaryimage\",\"url\":\"https:\\\/\\\/gardeon.pl\\\/wp-content\\\/uploads\\\/2023\\\/09\\\/gardeon-zahradny-domcek-s-pristreskom-pultova-strecha-4855-ZV-2-1-scaled.webp\",\"contentUrl\":\"https:\\\/\\\/gardeon.pl\\\/wp-content\\\/uploads\\\/2023\\\/09\\\/gardeon-zahradny-domcek-s-pristreskom-pultova-strecha-4855-ZV-2-1-scaled.webp\",\"width\":2560,\"height\":1439,\"caption\":\"Domek ogrodowy Gardeon z wiat\u0105 pod du\u017cym drzewem\"},{\"@type\":\"BreadcrumbList\",\"@id\":\"https:\\\/\\\/gardeon.pl\\\/pl\\\/blog\\\/kuchnia-letnia-pod-wiata\\\/#breadcrumb\",\"itemListElement\":[{\"@type\":\"ListItem\",\"position\":1,\"name\":\"Domov\",\"item\":\"https:\\\/\\\/gardeon.pl\\\/pl\\\/\"},{\"@type\":\"ListItem\",\"position\":2,\"name\":\"Kuchnia letnia pod wiat\u0105\"}]},{\"@type\":\"WebSite\",\"@id\":\"https:\\\/\\\/gardeon.pl\\\/#website\",\"url\":\"https:\\\/\\\/gardeon.pl\\\/\",\"name\":\"GARDEON\",\"description\":\"\",\"potentialAction\":[{\"@type\":\"SearchAction\",\"target\":{\"@type\":\"EntryPoint\",\"urlTemplate\":\"https:\\\/\\\/gardeon.pl\\\/?s={search_term_string}\"},\"query-input\":{\"@type\":\"PropertyValueSpecification\",\"valueRequired\":true,\"valueName\":\"search_term_string\"}}],\"inLanguage\":\"pl-PL\"},{\"@type\":\"Person\",\"@id\":\"https:\\\/\\\/gardeon.pl\\\/#\\\/schema\\\/person\\\/a5762ca5f0790bf92774af0899379463\",\"name\":\"editor\",\"image\":{\"@type\":\"ImageObject\",\"inLanguage\":\"pl-PL\",\"@id\":\"https:\\\/\\\/secure.gravatar.com\\\/avatar\\\/2b748151c2c748327307fd289a91b3bdafdd9e64e2d000e65e53d6dcf11c5830?s=96&d=mm&r=g\",\"url\":\"https:\\\/\\\/secure.gravatar.com\\\/avatar\\\/2b748151c2c748327307fd289a91b3bdafdd9e64e2d000e65e53d6dcf11c5830?s=96&d=mm&r=g\",\"contentUrl\":\"https:\\\/\\\/secure.gravatar.com\\\/avatar\\\/2b748151c2c748327307fd289a91b3bdafdd9e64e2d000e65e53d6dcf11c5830?s=96&d=mm&r=g\",\"caption\":\"editor\"}}]}<\/script>\n<!-- \/ Yoast SEO plugin. -->","yoast_head_json":{"title":"Kuchnia letnia pod wiat\u0105 | GARDEON","robots":{"index":"index","follow":"follow","max-snippet":"max-snippet:-1","max-image-preview":"max-image-preview:large","max-video-preview":"max-video-preview:-1"},"canonical":"https:\/\/gardeon.pl\/pl\/blog\/kuchnia-letnia-pod-wiata\/","og_locale":"pl_PL","og_type":"article","og_title":"Kuchnia letnia pod wiat\u0105 | GARDEON","og_description":"Czym by\u0142oby lato bez porz\u0105dnego grillowania? Je\u015bli lubi\u0105 Pa\u0144stwo cz\u0119sto grillowa\u0107, to na Pa\u0144stwa dzia\u0142ce zdecydowanie nie powinno zabrakn\u0105\u0107 miejsca, gdzie wszystko jest doskonale przygotowane do grillowania. Gdzie i jak je stworzy\u0107? Najlepiej pod stabiln\u0105 wiat\u0105 ogrodow\u0105, kt\u00f3ra jest idealnym miejscem na sprytn\u0105 kuchni\u0119 letni\u0105 z grillem.","og_url":"https:\/\/gardeon.pl\/pl\/blog\/kuchnia-letnia-pod-wiata\/","og_site_name":"GARDEON","article_published_time":"2026-04-23T14:47:52+00:00","article_modified_time":"2026-04-23T17:04:55+00:00","og_image":[{"width":2560,"height":1439,"url":"http:\/\/gardeon.pl\/wp-content\/uploads\/2023\/09\/gardeon-zahradny-domcek-s-pristreskom-pultova-strecha-4855-ZV-2-1-scaled.webp","type":"image\/webp"}],"author":"editor","twitter_card":"summary_large_image","twitter_misc":{"Napisane przez":"editor","Szacowany czas czytania":"5 minut"},"schema":{"@context":"https:\/\/schema.org","@graph":[{"@type":"Article","@id":"https:\/\/gardeon.pl\/pl\/blog\/kuchnia-letnia-pod-wiata\/#article","isPartOf":{"@id":"https:\/\/gardeon.pl\/pl\/blog\/kuchnia-letnia-pod-wiata\/"},"author":{"name":"editor","@id":"https:\/\/gardeon.pl\/#\/schema\/person\/a5762ca5f0790bf92774af0899379463"},"headline":"Kuchnia letnia pod wiat\u0105","datePublished":"2026-04-23T14:47:52+00:00","dateModified":"2026-04-23T17:04:55+00:00","mainEntityOfPage":{"@id":"https:\/\/gardeon.pl\/pl\/blog\/kuchnia-letnia-pod-wiata\/"},"wordCount":934,"commentCount":0,"image":{"@id":"https:\/\/gardeon.pl\/pl\/blog\/kuchnia-letnia-pod-wiata\/#primaryimage"},"thumbnailUrl":"https:\/\/gardeon.pl\/wp-content\/uploads\/2023\/09\/gardeon-zahradny-domcek-s-pristreskom-pultova-strecha-4855-ZV-2-1-scaled.webp","keywords":["GARDEON","Kuchnia letnia"],"articleSection":["Inspiracje","Ogr\u00f3d","Wiaty i altany"],"inLanguage":"pl-PL","potentialAction":[{"@type":"CommentAction","name":"Comment","target":["https:\/\/gardeon.pl\/pl\/blog\/kuchnia-letnia-pod-wiata\/#respond"]}]},{"@type":"WebPage","@id":"https:\/\/gardeon.pl\/pl\/blog\/kuchnia-letnia-pod-wiata\/","url":"https:\/\/gardeon.pl\/pl\/blog\/kuchnia-letnia-pod-wiata\/","name":"Kuchnia letnia pod wiat\u0105 | GARDEON","isPartOf":{"@id":"https:\/\/gardeon.pl\/#website"},"primaryImageOfPage":{"@id":"https:\/\/gardeon.pl\/pl\/blog\/kuchnia-letnia-pod-wiata\/#primaryimage"},"image":{"@id":"https:\/\/gardeon.pl\/pl\/blog\/kuchnia-letnia-pod-wiata\/#primaryimage"},"thumbnailUrl":"https:\/\/gardeon.pl\/wp-content\/uploads\/2023\/09\/gardeon-zahradny-domcek-s-pristreskom-pultova-strecha-4855-ZV-2-1-scaled.webp","datePublished":"2026-04-23T14:47:52+00:00","dateModified":"2026-04-23T17:04:55+00:00","author":{"@id":"https:\/\/gardeon.pl\/#\/schema\/person\/a5762ca5f0790bf92774af0899379463"},"breadcrumb":{"@id":"https:\/\/gardeon.pl\/pl\/blog\/kuchnia-letnia-pod-wiata\/#breadcrumb"},"inLanguage":"pl-PL","potentialAction":[{"@type":"ReadAction","target":["https:\/\/gardeon.pl\/pl\/blog\/kuchnia-letnia-pod-wiata\/"]}]},{"@type":"ImageObject","inLanguage":"pl-PL","@id":"https:\/\/gardeon.pl\/pl\/blog\/kuchnia-letnia-pod-wiata\/#primaryimage","url":"https:\/\/gardeon.pl\/wp-content\/uploads\/2023\/09\/gardeon-zahradny-domcek-s-pristreskom-pultova-strecha-4855-ZV-2-1-scaled.webp","contentUrl":"https:\/\/gardeon.pl\/wp-content\/uploads\/2023\/09\/gardeon-zahradny-domcek-s-pristreskom-pultova-strecha-4855-ZV-2-1-scaled.webp","width":2560,"height":1439,"caption":"Domek ogrodowy Gardeon z wiat\u0105 pod du\u017cym drzewem"},{"@type":"BreadcrumbList","@id":"https:\/\/gardeon.pl\/pl\/blog\/kuchnia-letnia-pod-wiata\/#breadcrumb","itemListElement":[{"@type":"ListItem","position":1,"name":"Domov","item":"https:\/\/gardeon.pl\/pl\/"},{"@type":"ListItem","position":2,"name":"Kuchnia letnia pod wiat\u0105"}]},{"@type":"WebSite","@id":"https:\/\/gardeon.pl\/#website","url":"https:\/\/gardeon.pl\/","name":"GARDEON","description":"","potentialAction":[{"@type":"SearchAction","target":{"@type":"EntryPoint","urlTemplate":"https:\/\/gardeon.pl\/?s={search_term_string}"},"query-input":{"@type":"PropertyValueSpecification","valueRequired":true,"valueName":"search_term_string"}}],"inLanguage":"pl-PL"},{"@type":"Person","@id":"https:\/\/gardeon.pl\/#\/schema\/person\/a5762ca5f0790bf92774af0899379463","name":"editor","image":{"@type":"ImageObject","inLanguage":"pl-PL","@id":"https:\/\/secure.gravatar.com\/avatar\/2b748151c2c748327307fd289a91b3bdafdd9e64e2d000e65e53d6dcf11c5830?s=96&d=mm&r=g","url":"https:\/\/secure.gravatar.com\/avatar\/2b748151c2c748327307fd289a91b3bdafdd9e64e2d000e65e53d6dcf11c5830?s=96&d=mm&r=g","contentUrl":"https:\/\/secure.gravatar.com\/avatar\/2b748151c2c748327307fd289a91b3bdafdd9e64e2d000e65e53d6dcf11c5830?s=96&d=mm&r=g","caption":"editor"}}]}},"_links":{"self":[{"href":"https:\/\/gardeon.pl\/pl\/wp-json\/wp\/v2\/posts\/46013","targetHints":{"allow":["GET"]}}],"collection":[{"href":"https:\/\/gardeon.pl\/pl\/wp-json\/wp\/v2\/posts"}],"about":[{"href":"https:\/\/gardeon.pl\/pl\/wp-json\/wp\/v2\/types\/post"}],"author":[{"embeddable":true,"href":"https:\/\/gardeon.pl\/pl\/wp-json\/wp\/v2\/users\/2"}],"replies":[{"embeddable":true,"href":"https:\/\/gardeon.pl\/pl\/wp-json\/wp\/v2\/comments?post=46013"}],"version-history":[{"count":0,"href":"https:\/\/gardeon.pl\/pl\/wp-json\/wp\/v2\/posts\/46013\/revisions"}],"wp:featuredmedia":[{"embeddable":true,"href":"https:\/\/gardeon.pl\/pl\/wp-json\/wp\/v2\/media\/43131"}],"wp:attachment":[{"href":"https:\/\/gardeon.pl\/pl\/wp-json\/wp\/v2\/media?parent=46013"}],"wp:term":[{"taxonomy":"category","embeddable":true,"href":"https:\/\/gardeon.pl\/pl\/wp-json\/wp\/v2\/categories?post=46013"},{"taxonomy":"post_tag","embeddable":true,"href":"https:\/\/gardeon.pl\/pl\/wp-json\/wp\/v2\/tags?post=46013"}],"curies":[{"name":"wp","href":"https:\/\/api.w.org\/{rel}","templated":true}]}}