{"id":46018,"date":"2026-04-23T16:48:02","date_gmt":"2026-04-23T14:48:02","guid":{"rendered":"https:\/\/gardeon.pl\/blog\/wiate-czy-garaz-nie-mozesz-sie-zdecydowac-rozwiazaniem-moze-byc-wiata-z-brama-garazowa\/"},"modified":"2026-04-23T19:04:55","modified_gmt":"2026-04-23T17:04:55","slug":"wiate-czy-garaz-nie-mozesz-sie-zdecydowac-rozwiazaniem-moze-byc-wiata-z-brama-garazowa","status":"publish","type":"post","link":"https:\/\/gardeon.pl\/pl\/blog\/wiate-czy-garaz-nie-mozesz-sie-zdecydowac-rozwiazaniem-moze-byc-wiata-z-brama-garazowa\/","title":{"rendered":"Wiat\u0119 czy gara\u017c? Nie mo\u017cesz si\u0119 zdecydowa\u0107? Rozwi\u0105zaniem mo\u017ce by\u0107 wiata z bram\u0105 gara\u017cow\u0105."},"content":{"rendered":"<p class=\"p1\"><i>Na pytanie, czy lepiej zbudowa\u0107 wiat\u0119 samochodow\u0105, czy gara\u017c, nie ma uniwersalnej odpowiedzi. Z tym dylematem boryka si\u0119 wielu zainteresowanych bezpiecznym i wygodnym parkowaniem. Idealna konstrukcja powinna r\u00f3wnie\u017c odpowiada\u0107 dost\u0119pnej przestrzeni lub spe\u0142nia\u0107 wymagania dotycz\u0105ce dodatkowych funkcji. Ponadto warto rozwa\u017cy\u0107 stosunek mi\u0119dzy poniesionymi kosztami a uzyskanymi korzy\u015bciami. Je\u015bli nale\u017cysz do tych, kt\u00f3rym \u017cadne ze standardowych rozwi\u0105za\u0144 nie odpowiada w stu procentach, mamy dla Ciebie sprytny kompromis mi\u0119dzy gara\u017cem a wiat\u0105 samochodow\u0105 \u2013 wiat\u0119 samochodow\u0105 z bram\u0105 gara\u017cow\u0105.    <\/i><\/p>\n<p><!--more--><\/p>\n","protected":false},"excerpt":{"rendered":"<p>Na pytanie, czy lepiej zbudowa\u0107 wiat\u0119 samochodow\u0105, czy gara\u017c, nie ma uniwersalnej odpowiedzi. Z tym dylematem boryka si\u0119 wielu zainteresowanych bezpiecznym i wygodnym parkowaniem. Idealna konstrukcja powinna r\u00f3wnie\u017c odpowiada\u0107 dost\u0119pnej przestrzeni lub spe\u0142nia\u0107 wymagania dotycz\u0105ce dodatkowych funkcji. Ponadto warto rozwa\u017cy\u0107 stosunek mi\u0119dzy poniesionymi kosztami a uzyskanymi korzy\u015bciami. Je\u015bli nale\u017cysz do tych, kt\u00f3rym \u017cadne ze standardowych [&hellip;]<\/p>\n","protected":false},"author":2,"featured_media":46020,"comment_status":"open","ping_status":"open","sticky":false,"template":"","format":"standard","meta":{"_acf_changed":false,"inline_featured_image":false,"footnotes":""},"categories":[578,607,622],"tags":[581,579,722],"class_list":["post-46018","post","type-post","status-publish","format-standard","has-post-thumbnail","hentry","category-garaze-blaszane","category-inspiracje","category-wiaty-i-altany","tag-garaz","tag-gardeon","tag-wiata-z-brama-garazowa"],"acf":[],"yoast_head":"<!-- This site is optimized with the Yoast SEO plugin v27.4 - https:\/\/yoast.com\/product\/yoast-seo-wordpress\/ -->\n<title>Wiat\u0119 czy gara\u017c? Nie mo\u017cesz si\u0119 zdecydowa\u0107? Rozwi\u0105zaniem mo\u017ce by\u0107 wiata z bram\u0105 gara\u017cow\u0105. | GARDEON<\/title>\n<meta name=\"robots\" content=\"index, follow, max-snippet:-1, max-image-preview:large, max-video-preview:-1\" \/>\n<link rel=\"canonical\" href=\"https:\/\/gardeon.pl\/pl\/blog\/wiate-czy-garaz-nie-mozesz-sie-zdecydowac-rozwiazaniem-moze-byc-wiata-z-brama-garazowa\/\" \/>\n<meta property=\"og:locale\" content=\"pl_PL\" \/>\n<meta property=\"og:type\" content=\"article\" \/>\n<meta property=\"og:title\" content=\"Wiat\u0119 czy gara\u017c? Nie mo\u017cesz si\u0119 zdecydowa\u0107? Rozwi\u0105zaniem mo\u017ce by\u0107 wiata z bram\u0105 gara\u017cow\u0105. | GARDEON\" \/>\n<meta property=\"og:description\" content=\"Na pytanie, czy lepiej zbudowa\u0107 wiat\u0119 samochodow\u0105, czy gara\u017c, nie ma uniwersalnej odpowiedzi. Z tym dylematem boryka si\u0119 wielu zainteresowanych bezpiecznym i wygodnym parkowaniem. Idealna konstrukcja powinna r\u00f3wnie\u017c odpowiada\u0107 dost\u0119pnej przestrzeni lub spe\u0142nia\u0107 wymagania dotycz\u0105ce dodatkowych funkcji. Ponadto warto rozwa\u017cy\u0107 stosunek mi\u0119dzy poniesionymi kosztami a uzyskanymi korzy\u015bciami. Je\u015bli nale\u017cysz do tych, kt\u00f3rym \u017cadne ze standardowych [&hellip;]\" \/>\n<meta property=\"og:url\" content=\"https:\/\/gardeon.pl\/pl\/blog\/wiate-czy-garaz-nie-mozesz-sie-zdecydowac-rozwiazaniem-moze-byc-wiata-z-brama-garazowa\/\" \/>\n<meta property=\"og:site_name\" content=\"GARDEON\" \/>\n<meta property=\"article:published_time\" content=\"2026-04-23T14:48:02+00:00\" \/>\n<meta property=\"article:modified_time\" content=\"2026-04-23T17:04:55+00:00\" \/>\n<meta property=\"og:image\" content=\"http:\/\/gardeon.pl\/wp-content\/uploads\/2023\/09\/gardeon-pristresok-s-garazovou-branou-2-1.webp\" \/>\n\t<meta property=\"og:image:width\" content=\"2000\" \/>\n\t<meta property=\"og:image:height\" content=\"1333\" \/>\n\t<meta property=\"og:image:type\" content=\"image\/webp\" \/>\n<meta name=\"author\" content=\"editor\" \/>\n<meta name=\"twitter:card\" content=\"summary_large_image\" \/>\n<meta name=\"twitter:label1\" content=\"Napisane przez\" \/>\n\t<meta name=\"twitter:data1\" content=\"editor\" \/>\n<script type=\"application\/ld+json\" class=\"yoast-schema-graph\">{\"@context\":\"https:\\\/\\\/schema.org\",\"@graph\":[{\"@type\":\"Article\",\"@id\":\"https:\\\/\\\/gardeon.pl\\\/pl\\\/blog\\\/wiate-czy-garaz-nie-mozesz-sie-zdecydowac-rozwiazaniem-moze-byc-wiata-z-brama-garazowa\\\/#article\",\"isPartOf\":{\"@id\":\"https:\\\/\\\/gardeon.pl\\\/pl\\\/blog\\\/wiate-czy-garaz-nie-mozesz-sie-zdecydowac-rozwiazaniem-moze-byc-wiata-z-brama-garazowa\\\/\"},\"author\":{\"name\":\"editor\",\"@id\":\"https:\\\/\\\/gardeon.pl\\\/#\\\/schema\\\/person\\\/a5762ca5f0790bf92774af0899379463\"},\"headline\":\"Wiat\u0119 czy gara\u017c? Nie mo\u017cesz si\u0119 zdecydowa\u0107? Rozwi\u0105zaniem mo\u017ce by\u0107 wiata z bram\u0105 gara\u017cow\u0105.\",\"datePublished\":\"2026-04-23T14:48:02+00:00\",\"dateModified\":\"2026-04-23T17:04:55+00:00\",\"mainEntityOfPage\":{\"@id\":\"https:\\\/\\\/gardeon.pl\\\/pl\\\/blog\\\/wiate-czy-garaz-nie-mozesz-sie-zdecydowac-rozwiazaniem-moze-byc-wiata-z-brama-garazowa\\\/\"},\"wordCount\":108,\"commentCount\":0,\"image\":{\"@id\":\"https:\\\/\\\/gardeon.pl\\\/pl\\\/blog\\\/wiate-czy-garaz-nie-mozesz-sie-zdecydowac-rozwiazaniem-moze-byc-wiata-z-brama-garazowa\\\/#primaryimage\"},\"thumbnailUrl\":\"https:\\\/\\\/gardeon.pl\\\/wp-content\\\/uploads\\\/2023\\\/09\\\/gardeon-pristresok-s-garazovou-branou-2-1.webp\",\"keywords\":[\"gara\u017c\",\"GARDEON\",\"wiata z bram\u0105 gara\u017cow\u0105\"],\"articleSection\":[\"Gara\u017ce blaszane\",\"Inspiracje\",\"Wiaty i altany\"],\"inLanguage\":\"pl-PL\",\"potentialAction\":[{\"@type\":\"CommentAction\",\"name\":\"Comment\",\"target\":[\"https:\\\/\\\/gardeon.pl\\\/pl\\\/blog\\\/wiate-czy-garaz-nie-mozesz-sie-zdecydowac-rozwiazaniem-moze-byc-wiata-z-brama-garazowa\\\/#respond\"]}]},{\"@type\":\"WebPage\",\"@id\":\"https:\\\/\\\/gardeon.pl\\\/pl\\\/blog\\\/wiate-czy-garaz-nie-mozesz-sie-zdecydowac-rozwiazaniem-moze-byc-wiata-z-brama-garazowa\\\/\",\"url\":\"https:\\\/\\\/gardeon.pl\\\/pl\\\/blog\\\/wiate-czy-garaz-nie-mozesz-sie-zdecydowac-rozwiazaniem-moze-byc-wiata-z-brama-garazowa\\\/\",\"name\":\"Wiat\u0119 czy gara\u017c? Nie mo\u017cesz si\u0119 zdecydowa\u0107? Rozwi\u0105zaniem mo\u017ce by\u0107 wiata z bram\u0105 gara\u017cow\u0105. | GARDEON\",\"isPartOf\":{\"@id\":\"https:\\\/\\\/gardeon.pl\\\/#website\"},\"primaryImageOfPage\":{\"@id\":\"https:\\\/\\\/gardeon.pl\\\/pl\\\/blog\\\/wiate-czy-garaz-nie-mozesz-sie-zdecydowac-rozwiazaniem-moze-byc-wiata-z-brama-garazowa\\\/#primaryimage\"},\"image\":{\"@id\":\"https:\\\/\\\/gardeon.pl\\\/pl\\\/blog\\\/wiate-czy-garaz-nie-mozesz-sie-zdecydowac-rozwiazaniem-moze-byc-wiata-z-brama-garazowa\\\/#primaryimage\"},\"thumbnailUrl\":\"https:\\\/\\\/gardeon.pl\\\/wp-content\\\/uploads\\\/2023\\\/09\\\/gardeon-pristresok-s-garazovou-branou-2-1.webp\",\"datePublished\":\"2026-04-23T14:48:02+00:00\",\"dateModified\":\"2026-04-23T17:04:55+00:00\",\"author\":{\"@id\":\"https:\\\/\\\/gardeon.pl\\\/#\\\/schema\\\/person\\\/a5762ca5f0790bf92774af0899379463\"},\"breadcrumb\":{\"@id\":\"https:\\\/\\\/gardeon.pl\\\/pl\\\/blog\\\/wiate-czy-garaz-nie-mozesz-sie-zdecydowac-rozwiazaniem-moze-byc-wiata-z-brama-garazowa\\\/#breadcrumb\"},\"inLanguage\":\"pl-PL\",\"potentialAction\":[{\"@type\":\"ReadAction\",\"target\":[\"https:\\\/\\\/gardeon.pl\\\/pl\\\/blog\\\/wiate-czy-garaz-nie-mozesz-sie-zdecydowac-rozwiazaniem-moze-byc-wiata-z-brama-garazowa\\\/\"]}]},{\"@type\":\"ImageObject\",\"inLanguage\":\"pl-PL\",\"@id\":\"https:\\\/\\\/gardeon.pl\\\/pl\\\/blog\\\/wiate-czy-garaz-nie-mozesz-sie-zdecydowac-rozwiazaniem-moze-byc-wiata-z-brama-garazowa\\\/#primaryimage\",\"url\":\"https:\\\/\\\/gardeon.pl\\\/wp-content\\\/uploads\\\/2023\\\/09\\\/gardeon-pristresok-s-garazovou-branou-2-1.webp\",\"contentUrl\":\"https:\\\/\\\/gardeon.pl\\\/wp-content\\\/uploads\\\/2023\\\/09\\\/gardeon-pristresok-s-garazovou-branou-2-1.webp\",\"width\":2000,\"height\":1333},{\"@type\":\"BreadcrumbList\",\"@id\":\"https:\\\/\\\/gardeon.pl\\\/pl\\\/blog\\\/wiate-czy-garaz-nie-mozesz-sie-zdecydowac-rozwiazaniem-moze-byc-wiata-z-brama-garazowa\\\/#breadcrumb\",\"itemListElement\":[{\"@type\":\"ListItem\",\"position\":1,\"name\":\"Domov\",\"item\":\"https:\\\/\\\/gardeon.pl\\\/pl\\\/\"},{\"@type\":\"ListItem\",\"position\":2,\"name\":\"Wiat\u0119 czy gara\u017c? Nie mo\u017cesz si\u0119 zdecydowa\u0107? Rozwi\u0105zaniem mo\u017ce by\u0107 wiata z bram\u0105 gara\u017cow\u0105.\"}]},{\"@type\":\"WebSite\",\"@id\":\"https:\\\/\\\/gardeon.pl\\\/#website\",\"url\":\"https:\\\/\\\/gardeon.pl\\\/\",\"name\":\"GARDEON\",\"description\":\"\",\"potentialAction\":[{\"@type\":\"SearchAction\",\"target\":{\"@type\":\"EntryPoint\",\"urlTemplate\":\"https:\\\/\\\/gardeon.pl\\\/?s={search_term_string}\"},\"query-input\":{\"@type\":\"PropertyValueSpecification\",\"valueRequired\":true,\"valueName\":\"search_term_string\"}}],\"inLanguage\":\"pl-PL\"},{\"@type\":\"Person\",\"@id\":\"https:\\\/\\\/gardeon.pl\\\/#\\\/schema\\\/person\\\/a5762ca5f0790bf92774af0899379463\",\"name\":\"editor\",\"image\":{\"@type\":\"ImageObject\",\"inLanguage\":\"pl-PL\",\"@id\":\"https:\\\/\\\/secure.gravatar.com\\\/avatar\\\/2b748151c2c748327307fd289a91b3bdafdd9e64e2d000e65e53d6dcf11c5830?s=96&d=mm&r=g\",\"url\":\"https:\\\/\\\/secure.gravatar.com\\\/avatar\\\/2b748151c2c748327307fd289a91b3bdafdd9e64e2d000e65e53d6dcf11c5830?s=96&d=mm&r=g\",\"contentUrl\":\"https:\\\/\\\/secure.gravatar.com\\\/avatar\\\/2b748151c2c748327307fd289a91b3bdafdd9e64e2d000e65e53d6dcf11c5830?s=96&d=mm&r=g\",\"caption\":\"editor\"}}]}<\/script>\n<!-- \/ Yoast SEO plugin. -->","yoast_head_json":{"title":"Wiat\u0119 czy gara\u017c? Nie mo\u017cesz si\u0119 zdecydowa\u0107? Rozwi\u0105zaniem mo\u017ce by\u0107 wiata z bram\u0105 gara\u017cow\u0105. | GARDEON","robots":{"index":"index","follow":"follow","max-snippet":"max-snippet:-1","max-image-preview":"max-image-preview:large","max-video-preview":"max-video-preview:-1"},"canonical":"https:\/\/gardeon.pl\/pl\/blog\/wiate-czy-garaz-nie-mozesz-sie-zdecydowac-rozwiazaniem-moze-byc-wiata-z-brama-garazowa\/","og_locale":"pl_PL","og_type":"article","og_title":"Wiat\u0119 czy gara\u017c? Nie mo\u017cesz si\u0119 zdecydowa\u0107? Rozwi\u0105zaniem mo\u017ce by\u0107 wiata z bram\u0105 gara\u017cow\u0105. | GARDEON","og_description":"Na pytanie, czy lepiej zbudowa\u0107 wiat\u0119 samochodow\u0105, czy gara\u017c, nie ma uniwersalnej odpowiedzi. Z tym dylematem boryka si\u0119 wielu zainteresowanych bezpiecznym i wygodnym parkowaniem. Idealna konstrukcja powinna r\u00f3wnie\u017c odpowiada\u0107 dost\u0119pnej przestrzeni lub spe\u0142nia\u0107 wymagania dotycz\u0105ce dodatkowych funkcji. Ponadto warto rozwa\u017cy\u0107 stosunek mi\u0119dzy poniesionymi kosztami a uzyskanymi korzy\u015bciami. Je\u015bli nale\u017cysz do tych, kt\u00f3rym \u017cadne ze standardowych [&hellip;]","og_url":"https:\/\/gardeon.pl\/pl\/blog\/wiate-czy-garaz-nie-mozesz-sie-zdecydowac-rozwiazaniem-moze-byc-wiata-z-brama-garazowa\/","og_site_name":"GARDEON","article_published_time":"2026-04-23T14:48:02+00:00","article_modified_time":"2026-04-23T17:04:55+00:00","og_image":[{"width":2000,"height":1333,"url":"http:\/\/gardeon.pl\/wp-content\/uploads\/2023\/09\/gardeon-pristresok-s-garazovou-branou-2-1.webp","type":"image\/webp"}],"author":"editor","twitter_card":"summary_large_image","twitter_misc":{"Napisane przez":"editor"},"schema":{"@context":"https:\/\/schema.org","@graph":[{"@type":"Article","@id":"https:\/\/gardeon.pl\/pl\/blog\/wiate-czy-garaz-nie-mozesz-sie-zdecydowac-rozwiazaniem-moze-byc-wiata-z-brama-garazowa\/#article","isPartOf":{"@id":"https:\/\/gardeon.pl\/pl\/blog\/wiate-czy-garaz-nie-mozesz-sie-zdecydowac-rozwiazaniem-moze-byc-wiata-z-brama-garazowa\/"},"author":{"name":"editor","@id":"https:\/\/gardeon.pl\/#\/schema\/person\/a5762ca5f0790bf92774af0899379463"},"headline":"Wiat\u0119 czy gara\u017c? Nie mo\u017cesz si\u0119 zdecydowa\u0107? Rozwi\u0105zaniem mo\u017ce by\u0107 wiata z bram\u0105 gara\u017cow\u0105.","datePublished":"2026-04-23T14:48:02+00:00","dateModified":"2026-04-23T17:04:55+00:00","mainEntityOfPage":{"@id":"https:\/\/gardeon.pl\/pl\/blog\/wiate-czy-garaz-nie-mozesz-sie-zdecydowac-rozwiazaniem-moze-byc-wiata-z-brama-garazowa\/"},"wordCount":108,"commentCount":0,"image":{"@id":"https:\/\/gardeon.pl\/pl\/blog\/wiate-czy-garaz-nie-mozesz-sie-zdecydowac-rozwiazaniem-moze-byc-wiata-z-brama-garazowa\/#primaryimage"},"thumbnailUrl":"https:\/\/gardeon.pl\/wp-content\/uploads\/2023\/09\/gardeon-pristresok-s-garazovou-branou-2-1.webp","keywords":["gara\u017c","GARDEON","wiata z bram\u0105 gara\u017cow\u0105"],"articleSection":["Gara\u017ce blaszane","Inspiracje","Wiaty i altany"],"inLanguage":"pl-PL","potentialAction":[{"@type":"CommentAction","name":"Comment","target":["https:\/\/gardeon.pl\/pl\/blog\/wiate-czy-garaz-nie-mozesz-sie-zdecydowac-rozwiazaniem-moze-byc-wiata-z-brama-garazowa\/#respond"]}]},{"@type":"WebPage","@id":"https:\/\/gardeon.pl\/pl\/blog\/wiate-czy-garaz-nie-mozesz-sie-zdecydowac-rozwiazaniem-moze-byc-wiata-z-brama-garazowa\/","url":"https:\/\/gardeon.pl\/pl\/blog\/wiate-czy-garaz-nie-mozesz-sie-zdecydowac-rozwiazaniem-moze-byc-wiata-z-brama-garazowa\/","name":"Wiat\u0119 czy gara\u017c? Nie mo\u017cesz si\u0119 zdecydowa\u0107? Rozwi\u0105zaniem mo\u017ce by\u0107 wiata z bram\u0105 gara\u017cow\u0105. | GARDEON","isPartOf":{"@id":"https:\/\/gardeon.pl\/#website"},"primaryImageOfPage":{"@id":"https:\/\/gardeon.pl\/pl\/blog\/wiate-czy-garaz-nie-mozesz-sie-zdecydowac-rozwiazaniem-moze-byc-wiata-z-brama-garazowa\/#primaryimage"},"image":{"@id":"https:\/\/gardeon.pl\/pl\/blog\/wiate-czy-garaz-nie-mozesz-sie-zdecydowac-rozwiazaniem-moze-byc-wiata-z-brama-garazowa\/#primaryimage"},"thumbnailUrl":"https:\/\/gardeon.pl\/wp-content\/uploads\/2023\/09\/gardeon-pristresok-s-garazovou-branou-2-1.webp","datePublished":"2026-04-23T14:48:02+00:00","dateModified":"2026-04-23T17:04:55+00:00","author":{"@id":"https:\/\/gardeon.pl\/#\/schema\/person\/a5762ca5f0790bf92774af0899379463"},"breadcrumb":{"@id":"https:\/\/gardeon.pl\/pl\/blog\/wiate-czy-garaz-nie-mozesz-sie-zdecydowac-rozwiazaniem-moze-byc-wiata-z-brama-garazowa\/#breadcrumb"},"inLanguage":"pl-PL","potentialAction":[{"@type":"ReadAction","target":["https:\/\/gardeon.pl\/pl\/blog\/wiate-czy-garaz-nie-mozesz-sie-zdecydowac-rozwiazaniem-moze-byc-wiata-z-brama-garazowa\/"]}]},{"@type":"ImageObject","inLanguage":"pl-PL","@id":"https:\/\/gardeon.pl\/pl\/blog\/wiate-czy-garaz-nie-mozesz-sie-zdecydowac-rozwiazaniem-moze-byc-wiata-z-brama-garazowa\/#primaryimage","url":"https:\/\/gardeon.pl\/wp-content\/uploads\/2023\/09\/gardeon-pristresok-s-garazovou-branou-2-1.webp","contentUrl":"https:\/\/gardeon.pl\/wp-content\/uploads\/2023\/09\/gardeon-pristresok-s-garazovou-branou-2-1.webp","width":2000,"height":1333},{"@type":"BreadcrumbList","@id":"https:\/\/gardeon.pl\/pl\/blog\/wiate-czy-garaz-nie-mozesz-sie-zdecydowac-rozwiazaniem-moze-byc-wiata-z-brama-garazowa\/#breadcrumb","itemListElement":[{"@type":"ListItem","position":1,"name":"Domov","item":"https:\/\/gardeon.pl\/pl\/"},{"@type":"ListItem","position":2,"name":"Wiat\u0119 czy gara\u017c? Nie mo\u017cesz si\u0119 zdecydowa\u0107? Rozwi\u0105zaniem mo\u017ce by\u0107 wiata z bram\u0105 gara\u017cow\u0105."}]},{"@type":"WebSite","@id":"https:\/\/gardeon.pl\/#website","url":"https:\/\/gardeon.pl\/","name":"GARDEON","description":"","potentialAction":[{"@type":"SearchAction","target":{"@type":"EntryPoint","urlTemplate":"https:\/\/gardeon.pl\/?s={search_term_string}"},"query-input":{"@type":"PropertyValueSpecification","valueRequired":true,"valueName":"search_term_string"}}],"inLanguage":"pl-PL"},{"@type":"Person","@id":"https:\/\/gardeon.pl\/#\/schema\/person\/a5762ca5f0790bf92774af0899379463","name":"editor","image":{"@type":"ImageObject","inLanguage":"pl-PL","@id":"https:\/\/secure.gravatar.com\/avatar\/2b748151c2c748327307fd289a91b3bdafdd9e64e2d000e65e53d6dcf11c5830?s=96&d=mm&r=g","url":"https:\/\/secure.gravatar.com\/avatar\/2b748151c2c748327307fd289a91b3bdafdd9e64e2d000e65e53d6dcf11c5830?s=96&d=mm&r=g","contentUrl":"https:\/\/secure.gravatar.com\/avatar\/2b748151c2c748327307fd289a91b3bdafdd9e64e2d000e65e53d6dcf11c5830?s=96&d=mm&r=g","caption":"editor"}}]}},"_links":{"self":[{"href":"https:\/\/gardeon.pl\/pl\/wp-json\/wp\/v2\/posts\/46018","targetHints":{"allow":["GET"]}}],"collection":[{"href":"https:\/\/gardeon.pl\/pl\/wp-json\/wp\/v2\/posts"}],"about":[{"href":"https:\/\/gardeon.pl\/pl\/wp-json\/wp\/v2\/types\/post"}],"author":[{"embeddable":true,"href":"https:\/\/gardeon.pl\/pl\/wp-json\/wp\/v2\/users\/2"}],"replies":[{"embeddable":true,"href":"https:\/\/gardeon.pl\/pl\/wp-json\/wp\/v2\/comments?post=46018"}],"version-history":[{"count":0,"href":"https:\/\/gardeon.pl\/pl\/wp-json\/wp\/v2\/posts\/46018\/revisions"}],"wp:featuredmedia":[{"embeddable":true,"href":"https:\/\/gardeon.pl\/pl\/wp-json\/wp\/v2\/media\/46020"}],"wp:attachment":[{"href":"https:\/\/gardeon.pl\/pl\/wp-json\/wp\/v2\/media?parent=46018"}],"wp:term":[{"taxonomy":"category","embeddable":true,"href":"https:\/\/gardeon.pl\/pl\/wp-json\/wp\/v2\/categories?post=46018"},{"taxonomy":"post_tag","embeddable":true,"href":"https:\/\/gardeon.pl\/pl\/wp-json\/wp\/v2\/tags?post=46018"}],"curies":[{"name":"wp","href":"https:\/\/api.w.org\/{rel}","templated":true}]}}