{"id":46055,"date":"2026-04-23T19:01:16","date_gmt":"2026-04-23T17:01:16","guid":{"rendered":"https:\/\/gardeon.pl\/?p=46055"},"modified":"2026-04-23T19:01:16","modified_gmt":"2026-04-23T17:01:16","slug":"jakich-mebli-i-dodatkow-nie-moze-zabraknac-w-idealnym-ogrodzie","status":"publish","type":"post","link":"https:\/\/gardeon.pl\/pl\/blog\/jakich-mebli-i-dodatkow-nie-moze-zabraknac-w-idealnym-ogrodzie\/","title":{"rendered":"Jakich mebli i dodatk\u00f3w nie mo\u017ce zabrakn\u0105\u0107 w idealnym ogrodzie?"},"content":{"rendered":"<p><em>Dzi\u0119ki odpowiednim dodatkom Pa\u0144stwa ogr\u00f3d stanie si\u0119 jeszcze pi\u0119kniejszy i bardziej atrakcyjny. Starannie dobrane meble ogrodowe pozwol\u0105 zmaksymalizowa\u0107 komfort i korzy\u015bci p\u0142yn\u0105ce z przebywania na zewn\u0105trz. Warto uzupe\u0142ni\u0107 ogr\u00f3d o fontann\u0119, karmnik dla ptak\u00f3w czy stylowe donice, aby ca\u0142a przestrze\u0144 prezentowa\u0142a si\u0119 wyrafinowanie i zach\u0119caj\u0105co.  <\/em><\/p>\n<p><!--more--><\/p>\n<h2>Podstaw\u0105 s\u0105 stylowe meble ogrodowe dla Pa\u0144stwa wygody<\/h2>\n<p>Je\u015bli Pa\u0144stwa ogr\u00f3d jest wystarczaj\u0105co du\u017cy, warto zainwestowa\u0107 nie tylko w le\u017caki ogrodowe, ale tak\u017ce w sof\u0119 ogrodow\u0105 lub zestaw jadalniany dla 6\u20138 os\u00f3b, kt\u00f3ry z pewno\u015bci\u0105 zostanie w pe\u0142ni wykorzystany w okresie letnim.<\/p>\n<h3>Miejsca do siedzenia dla ka\u017cdego<\/h3>\n<p>Regulowane le\u017caki ogrodowe to obowi\u0105zkowy element dla ka\u017cdego mi\u0142o\u015bnika relaksu i opalania. Na le\u017caku mo\u017cna zar\u00f3wno odpoczywa\u0107 w pozycji le\u017c\u0105cej, jak i siedzie\u0107, delektuj\u0105c si\u0119 popo\u0142udniow\u0105 kaw\u0105. Najcz\u0119\u015bciej wykonuje si\u0119 je z drewna, technorattanu, tworzywa sztucznego lub metalu. Wyb\u00f3r materia\u0142u, kt\u00f3ry najbardziej Pa\u0144stwu odpowiada, nale\u017cy do Pa\u0144stwa.   <\/p>\n<p><img loading=\"lazy\" decoding=\"async\" class=\"aligncenter wp-image-26874\" src=\"http:\/\/gardeon.pl\/wp-content\/uploads\/2020\/06\/2-scaled.jpg\" alt=\"Odpoczynek w ogrodzie pod pergol\u0105\" width=\"800\" height=\"1200\" srcset=\"https:\/\/gardeon.pl\/wp-content\/uploads\/2020\/06\/2-scaled.jpg 1707w, https:\/\/gardeon.pl\/wp-content\/uploads\/2020\/06\/2-200x300.jpg 200w, https:\/\/gardeon.pl\/wp-content\/uploads\/2020\/06\/2-683x1024.jpg 683w, https:\/\/gardeon.pl\/wp-content\/uploads\/2020\/06\/2-768x1152.jpg 768w, https:\/\/gardeon.pl\/wp-content\/uploads\/2020\/06\/2-1024x1536.jpg 1024w, https:\/\/gardeon.pl\/wp-content\/uploads\/2020\/06\/2-1365x2048.jpg 1365w\" sizes=\"auto, (max-width: 800px) 100vw, 800px\" \/><\/p>\n<p>Je\u015bli marz\u0105 Pa\u0144stwo o zestawie ogrodowym, nale\u017cy oceni\u0107, do czego te meble b\u0119d\u0105 wykorzystywane i na tej podstawie dokona\u0107 wyboru:<\/p>\n<ul>\n<li>\n<h4>st\u00f3\u0142<\/h4>\n<ul>\n<li>st\u00f3\u0142 jadalniany<\/li>\n<li>stolik kawowy<\/li>\n<\/ul>\n<\/li>\n<li>\n<h4>siedziska<\/h4>\n<ul>\n<li>krzes\u0142a<\/li>\n<li>sofa ogrodowa<\/li>\n<li>fotele ogrodowe<\/li>\n<li>\u0142awki ogrodowe<\/li>\n<li>pufy<\/li>\n<\/ul>\n<\/li>\n<\/ul>\n<p>Miejsca do siedzenia w ogrodzie warto rozmie\u015bci\u0107 strategicznie, tak aby znajdowa\u0142y si\u0119 blisko wej\u015bcia do domu i zapewnia\u0142y odpowiedni\u0105 ilo\u015b\u0107 s\u0142o\u0144ca lub cienia. Idealnym miejscem jest r\u00f3wnie\u017c <a href=\"https:\/\/gardeon.pl\/pl\/pergole\/jak-wybrac-pergole\/\">pergola modu\u0142owa<\/a>, kt\u00f3r\u0105 mo\u017cna umie\u015bci\u0107 na tarasie przy budynku. <\/p>\n<h2>Czy ogr\u00f3d jest ogrodem bez hu\u015btawki?<\/h2>\n<p>Zdecydowanie nie. Hu\u015btanie sprawia rado\u015b\u0107 ka\u017cdemu \u2013 zar\u00f3wno ma\u0142ym, jak i du\u017cym. W hamaku mog\u0105 Pa\u0144stwo stworzy\u0107 w\u0142asny k\u0105cik zen, w kt\u00f3rym po ci\u0119\u017ckim dniu odpoczn\u0105 Pa\u0144stwo z ksi\u0105\u017ck\u0105 i drinkiem w r\u0119ku. Na Biano.pl znajd\u0105 Pa\u0144stwo r\u00f3wnie\u017c <a href=\"https:\/\/www.biano.sk\/produkty\/zahradne-hojdacky-a-hojdacie-siete\/drevo\/zahradne-hojdacie-siete\">hamaki ze stela\u017cem drewnianym<\/a>. Ponadto mog\u0105 Pa\u0144stwo wybiera\u0107 spo\u015br\u00f3d metalowych hu\u015btawek ogrodowych, kt\u00f3re tworz\u0105 romantyczn\u0105 atmosfer\u0119, lub designerskich foteli wisz\u0105cych, kt\u00f3re pozwalaj\u0105 zaoszcz\u0119dzi\u0107 miejsce.    <\/p>\n<p><img loading=\"lazy\" decoding=\"async\" class=\"aligncenter wp-image-26876\" src=\"http:\/\/gardeon.pl\/wp-content\/uploads\/2020\/06\/3.jpg\" alt=\"Hu\u015btawka ogrodowa na drzewie\" width=\"800\" height=\"533\" srcset=\"https:\/\/gardeon.pl\/wp-content\/uploads\/2020\/06\/3.jpg 1920w, https:\/\/gardeon.pl\/wp-content\/uploads\/2020\/06\/3-300x200.jpg 300w, https:\/\/gardeon.pl\/wp-content\/uploads\/2020\/06\/3-1024x683.jpg 1024w, https:\/\/gardeon.pl\/wp-content\/uploads\/2020\/06\/3-768x512.jpg 768w, https:\/\/gardeon.pl\/wp-content\/uploads\/2020\/06\/3-1536x1024.jpg 1536w\" sizes=\"auto, (max-width: 800px) 100vw, 800px\" \/><\/p>\n<p>Biano to wyszukiwarka mebli i dodatk\u00f3w do wn\u0119trz, w kt\u00f3rej znajd\u0105 Pa\u0144stwo absolutnie wszystko, dopasowane do w\u0142asnych wymaga\u0144 \u2013 wystarczy wybra\u0107 odpowiednie parametry w poszczeg\u00f3lnych kategoriach.<\/p>\n<h2>Po\u0142\u0105czenie wn\u0119trza z tarasem lub ogrodem<\/h2>\n<h3>Czy wychodz\u0105 Pa\u0144stwo do ogrodu przez salon?<span class=\"Apple-converted-space\"> <\/span><\/h3>\n<p>Warto spr\u00f3bowa\u0107 po\u0142\u0105czy\u0107 te dwie przestrzenie za pomoc\u0105 podobnego stylu mebli wewn\u0119trznych i zewn\u0119trznych, dodatk\u00f3w lub zbli\u017conej kolorystyki. Latem mo\u017cna pozostawia\u0107 drzwi otwarte, co pot\u0119guje wra\u017cenie sp\u00f3jno\u015bci obu stref. <\/p>\n<h3>To detale tworz\u0105 og\u00f3lne wra\u017cenie<\/h3>\n<p>Zapewne ju\u017c Pa\u0144stwo o tym s\u0142yszeli. To dzi\u0119ki ma\u0142ym dodatkom i ulubionym przedmiotom czujemy, gdzie jest nasz dom i nasze ulubione miejsce. <\/p>\n<h3>Nawet samo ogrodzenie mo\u017ce wiele powiedzie\u0107 o ogrodzie<\/h3>\n<p><a href=\"https:\/\/urobsisam.zoznam.sk\/navody\/dvor-a-zahrada\/ako-si-postavit-obojstranny-dreveny-plot\">Ogrod\u017acie Pa\u0144stwo sw\u00f3j ogr\u00f3d<\/a> pi\u0119knymi bia\u0142ymi deskami lub \u201esurowym\u201d betonem industrialnym. Wyb\u00f3r zale\u017cy wy\u0142\u0105cznie od Pa\u0144stwa preferencji. Warto zadba\u0107 o prywatno\u015b\u0107, wybieraj\u0105c ogrodzenie o wysoko\u015bci co najmniej 1,8 metra, aby skutecznie odizolowa\u0107 si\u0119 od otoczenia.  <\/p>\n<p><img loading=\"lazy\" decoding=\"async\" class=\"aligncenter wp-image-26878\" src=\"http:\/\/gardeon.pl\/wp-content\/uploads\/2020\/06\/4.jpg\" alt=\"Bia\u0142e ogrodzenie ogrodowe\" width=\"800\" height=\"544\" srcset=\"https:\/\/gardeon.pl\/wp-content\/uploads\/2020\/06\/4.jpg 1920w, https:\/\/gardeon.pl\/wp-content\/uploads\/2020\/06\/4-300x204.jpg 300w, https:\/\/gardeon.pl\/wp-content\/uploads\/2020\/06\/4-1024x696.jpg 1024w, https:\/\/gardeon.pl\/wp-content\/uploads\/2020\/06\/4-768x522.jpg 768w, https:\/\/gardeon.pl\/wp-content\/uploads\/2020\/06\/4-1536x1044.jpg 1536w\" sizes=\"auto, (max-width: 800px) 100vw, 800px\" \/><\/p>\n<h2>O\u017cywienie w\u0142asnego bajkowego ogrodu<\/h2>\n<p>Pa\u0144stwa ogr\u00f3d mo\u017ce wygl\u0105da\u0107 jak z bajki. Wystarczy dobra\u0107 odpowiednie dodatki. Je\u015bli kochaj\u0105 Pa\u0144stwo sztuk\u0119 i rze\u017aby, nie wahajcie si\u0119 wprowadzi\u0107 ulubionej figury z betonu do swojej przestrzeni.  <span class=\"Apple-converted-space\"> <\/span><\/p>\n<p>Istniej\u0105 oczywi\u015bcie mniejsze i subtelniejsze dekoracje, kt\u00f3rych nie powinno zabrakn\u0105\u0107. Fontanna lub oczko wodne to w zasadzie naturalne dzie\u0142o sztuki, kt\u00f3re podkre\u015bli dok\u0142adnie to, co trzeba. <span class=\"Apple-converted-space\"> <\/span><\/p>\n<p><a href=\"https:\/\/unsplash.com\/photos\/p22h3XwOBtQ\"><img loading=\"lazy\" decoding=\"async\" class=\"aligncenter wp-image-26880\" src=\"http:\/\/gardeon.pl\/wp-content\/uploads\/2020\/06\/5.jpg\" alt=\"Mech na kamieniu\" width=\"800\" height=\"533\" srcset=\"https:\/\/gardeon.pl\/wp-content\/uploads\/2020\/06\/5.jpg 1920w, https:\/\/gardeon.pl\/wp-content\/uploads\/2020\/06\/5-300x200.jpg 300w, https:\/\/gardeon.pl\/wp-content\/uploads\/2020\/06\/5-1024x683.jpg 1024w, https:\/\/gardeon.pl\/wp-content\/uploads\/2020\/06\/5-768x512.jpg 768w, https:\/\/gardeon.pl\/wp-content\/uploads\/2020\/06\/5-1536x1024.jpg 1536w\" sizes=\"auto, (max-width: 800px) 100vw, 800px\" \/><\/a><\/p>\n<p>Zio\u0142a lub kwiaty, kt\u00f3re nie rosn\u0105 bezpo\u015brednio na rabatach, warto posadzi\u0107 w stylowych donicach, co nada ogrodowi unikalny charakter. Je\u015bli brakuje miejsca na dekoracje, mo\u017cna ozdobi\u0107 na przyk\u0142ad \u015bcie\u017ck\u0119 ogrodow\u0105 p\u0142askimi kamieniami, zebranymi samodzielnie lub kupionymi. Podczas ich uk\u0142adania warto przeplata\u0107 jasne i ciemne odcienie.  <\/p>\n<h2>Ekologiczne o\u015bwietlenie<\/h2>\n<p>Nawet latem bywa ciemno, dlatego w idealnym ogrodzie nie mo\u017ce zabrakn\u0105\u0107 odpowiedniego o\u015bwietlenia. Mo\u017cna pod\u015bwietli\u0107 rabaty kwiatowe, \u015bcie\u017ck\u0119, altan\u0119, domek ogrodowy czy ogrodzenie. Nada to ca\u0142ej przestrzeni zupe\u0142nie nowy wymiar. W ogrodzie warto stosowa\u0107 o\u015bwietlenie solarne, kt\u00f3re jest ekologiczne. W ci\u0105gu dnia \u0142aduje si\u0119 naturalnie na s\u0142o\u0144cu, a wieczorem s\u0142u\u017cy tam, gdzie jest potrzebne.    <\/p>\n<h2>Podkre\u015blenie naturalnego pi\u0119kna ogrodu<\/h2>\n<p>Cho\u0107 dla wielu dekoracje s\u0105 niezb\u0119dne, nale\u017cy pami\u0119ta\u0107, \u017ce najpi\u0119kniejsz\u0105 ozdob\u0105 ogrodu s\u0105 kwitn\u0105ce kwiaty i dojrzewaj\u0105ce owoce. Dlatego nie nale\u017cy przesadza\u0107 z kupnymi dodatkami. Warto utrzyma\u0107 ogr\u00f3d w naturalnym stylu. Pa\u0144stwa ro\u015blinno\u015b\u0107 potrzebuje przestrzeni do oddychania i wzrostu, dok\u0142adnie tak samo jak Pa\u0144stwo.   <\/p>\n<h5>\u0179r\u00f3d\u0142o (Source):<\/h5>\n<h5>https:\/\/unsplash.com\/<\/h5>\n","protected":false},"excerpt":{"rendered":"<p>Dzi\u0119ki odpowiednim dodatkom Pa\u0144stwa ogr\u00f3d stanie si\u0119 jeszcze pi\u0119kniejszy i bardziej atrakcyjny. Starannie dobrane meble ogrodowe pozwol\u0105 zmaksymalizowa\u0107 komfort i korzy\u015bci p\u0142yn\u0105ce z przebywania na zewn\u0105trz. Warto uzupe\u0142ni\u0107 ogr\u00f3d o fontann\u0119, karmnik dla ptak\u00f3w czy stylowe donice, aby ca\u0142a przestrze\u0144 prezentowa\u0142a si\u0119 wyrafinowanie i zach\u0119caj\u0105co.<\/p>\n","protected":false},"author":2,"featured_media":46056,"comment_status":"open","ping_status":"open","sticky":false,"template":"","format":"standard","meta":{"_acf_changed":false,"inline_featured_image":false,"footnotes":""},"categories":[605,594,622],"tags":[],"class_list":["post-46055","post","type-post","status-publish","format-standard","has-post-thumbnail","hentry","category-jak-to-zrobic-ogrod-diy","category-ogrod","category-wiaty-i-altany"],"acf":[],"yoast_head":"<!-- This site is optimized with the Yoast SEO plugin v27.4 - https:\/\/yoast.com\/product\/yoast-seo-wordpress\/ -->\n<title>Jakich mebli i dodatk\u00f3w nie mo\u017ce zabrakn\u0105\u0107 w idealnym ogrodzie? - GARDEON<\/title>\n<meta name=\"robots\" content=\"index, follow, max-snippet:-1, max-image-preview:large, max-video-preview:-1\" \/>\n<link rel=\"canonical\" href=\"https:\/\/gardeon.pl\/pl\/blog\/jakich-mebli-i-dodatkow-nie-moze-zabraknac-w-idealnym-ogrodzie\/\" \/>\n<meta property=\"og:locale\" content=\"pl_PL\" \/>\n<meta property=\"og:type\" content=\"article\" \/>\n<meta property=\"og:title\" content=\"Jakich mebli i dodatk\u00f3w nie mo\u017ce zabrakn\u0105\u0107 w idealnym ogrodzie? - GARDEON\" \/>\n<meta property=\"og:description\" content=\"Dzi\u0119ki odpowiednim dodatkom Pa\u0144stwa ogr\u00f3d stanie si\u0119 jeszcze pi\u0119kniejszy i bardziej atrakcyjny. Starannie dobrane meble ogrodowe pozwol\u0105 zmaksymalizowa\u0107 komfort i korzy\u015bci p\u0142yn\u0105ce z przebywania na zewn\u0105trz. Warto uzupe\u0142ni\u0107 ogr\u00f3d o fontann\u0119, karmnik dla ptak\u00f3w czy stylowe donice, aby ca\u0142a przestrze\u0144 prezentowa\u0142a si\u0119 wyrafinowanie i zach\u0119caj\u0105co.\" \/>\n<meta property=\"og:url\" content=\"https:\/\/gardeon.pl\/pl\/blog\/jakich-mebli-i-dodatkow-nie-moze-zabraknac-w-idealnym-ogrodzie\/\" \/>\n<meta property=\"og:site_name\" content=\"GARDEON\" \/>\n<meta property=\"article:published_time\" content=\"2026-04-23T17:01:16+00:00\" \/>\n<meta property=\"og:image\" content=\"http:\/\/gardeon.pl\/wp-content\/uploads\/2020\/06\/1.jpg\" \/>\n\t<meta property=\"og:image:width\" content=\"1920\" \/>\n\t<meta property=\"og:image:height\" content=\"1080\" \/>\n\t<meta property=\"og:image:type\" content=\"image\/jpeg\" \/>\n<meta name=\"author\" content=\"editor\" \/>\n<meta name=\"twitter:card\" content=\"summary_large_image\" \/>\n<meta name=\"twitter:label1\" content=\"Napisane przez\" \/>\n\t<meta name=\"twitter:data1\" content=\"editor\" \/>\n\t<meta name=\"twitter:label2\" content=\"Szacowany czas czytania\" \/>\n\t<meta name=\"twitter:data2\" content=\"4 minuty\" \/>\n<script type=\"application\/ld+json\" class=\"yoast-schema-graph\">{\"@context\":\"https:\\\/\\\/schema.org\",\"@graph\":[{\"@type\":\"Article\",\"@id\":\"https:\\\/\\\/gardeon.pl\\\/pl\\\/blog\\\/jakich-mebli-i-dodatkow-nie-moze-zabraknac-w-idealnym-ogrodzie\\\/#article\",\"isPartOf\":{\"@id\":\"https:\\\/\\\/gardeon.pl\\\/pl\\\/blog\\\/jakich-mebli-i-dodatkow-nie-moze-zabraknac-w-idealnym-ogrodzie\\\/\"},\"author\":{\"name\":\"editor\",\"@id\":\"https:\\\/\\\/gardeon.pl\\\/#\\\/schema\\\/person\\\/a5762ca5f0790bf92774af0899379463\"},\"headline\":\"Jakich mebli i dodatk\u00f3w nie mo\u017ce zabrakn\u0105\u0107 w idealnym ogrodzie?\",\"datePublished\":\"2026-04-23T17:01:16+00:00\",\"mainEntityOfPage\":{\"@id\":\"https:\\\/\\\/gardeon.pl\\\/pl\\\/blog\\\/jakich-mebli-i-dodatkow-nie-moze-zabraknac-w-idealnym-ogrodzie\\\/\"},\"wordCount\":818,\"commentCount\":0,\"image\":{\"@id\":\"https:\\\/\\\/gardeon.pl\\\/pl\\\/blog\\\/jakich-mebli-i-dodatkow-nie-moze-zabraknac-w-idealnym-ogrodzie\\\/#primaryimage\"},\"thumbnailUrl\":\"https:\\\/\\\/gardeon.pl\\\/wp-content\\\/uploads\\\/2020\\\/06\\\/1.jpg\",\"articleSection\":[\"Jak to zrobi\u0107 \u2013 ogr\u00f3d | DIY\",\"Ogr\u00f3d\",\"Wiaty i altany\"],\"inLanguage\":\"pl-PL\",\"potentialAction\":[{\"@type\":\"CommentAction\",\"name\":\"Comment\",\"target\":[\"https:\\\/\\\/gardeon.pl\\\/pl\\\/blog\\\/jakich-mebli-i-dodatkow-nie-moze-zabraknac-w-idealnym-ogrodzie\\\/#respond\"]}]},{\"@type\":\"WebPage\",\"@id\":\"https:\\\/\\\/gardeon.pl\\\/pl\\\/blog\\\/jakich-mebli-i-dodatkow-nie-moze-zabraknac-w-idealnym-ogrodzie\\\/\",\"url\":\"https:\\\/\\\/gardeon.pl\\\/pl\\\/blog\\\/jakich-mebli-i-dodatkow-nie-moze-zabraknac-w-idealnym-ogrodzie\\\/\",\"name\":\"Jakich mebli i dodatk\u00f3w nie mo\u017ce zabrakn\u0105\u0107 w idealnym ogrodzie? - GARDEON\",\"isPartOf\":{\"@id\":\"https:\\\/\\\/gardeon.pl\\\/#website\"},\"primaryImageOfPage\":{\"@id\":\"https:\\\/\\\/gardeon.pl\\\/pl\\\/blog\\\/jakich-mebli-i-dodatkow-nie-moze-zabraknac-w-idealnym-ogrodzie\\\/#primaryimage\"},\"image\":{\"@id\":\"https:\\\/\\\/gardeon.pl\\\/pl\\\/blog\\\/jakich-mebli-i-dodatkow-nie-moze-zabraknac-w-idealnym-ogrodzie\\\/#primaryimage\"},\"thumbnailUrl\":\"https:\\\/\\\/gardeon.pl\\\/wp-content\\\/uploads\\\/2020\\\/06\\\/1.jpg\",\"datePublished\":\"2026-04-23T17:01:16+00:00\",\"author\":{\"@id\":\"https:\\\/\\\/gardeon.pl\\\/#\\\/schema\\\/person\\\/a5762ca5f0790bf92774af0899379463\"},\"breadcrumb\":{\"@id\":\"https:\\\/\\\/gardeon.pl\\\/pl\\\/blog\\\/jakich-mebli-i-dodatkow-nie-moze-zabraknac-w-idealnym-ogrodzie\\\/#breadcrumb\"},\"inLanguage\":\"pl-PL\",\"potentialAction\":[{\"@type\":\"ReadAction\",\"target\":[\"https:\\\/\\\/gardeon.pl\\\/pl\\\/blog\\\/jakich-mebli-i-dodatkow-nie-moze-zabraknac-w-idealnym-ogrodzie\\\/\"]}]},{\"@type\":\"ImageObject\",\"inLanguage\":\"pl-PL\",\"@id\":\"https:\\\/\\\/gardeon.pl\\\/pl\\\/blog\\\/jakich-mebli-i-dodatkow-nie-moze-zabraknac-w-idealnym-ogrodzie\\\/#primaryimage\",\"url\":\"https:\\\/\\\/gardeon.pl\\\/wp-content\\\/uploads\\\/2020\\\/06\\\/1.jpg\",\"contentUrl\":\"https:\\\/\\\/gardeon.pl\\\/wp-content\\\/uploads\\\/2020\\\/06\\\/1.jpg\",\"width\":1920,\"height\":1080,\"caption\":\"Krzes\u0142a ogrodowe przy oczku wodnym z fontann\u0105\"},{\"@type\":\"BreadcrumbList\",\"@id\":\"https:\\\/\\\/gardeon.pl\\\/pl\\\/blog\\\/jakich-mebli-i-dodatkow-nie-moze-zabraknac-w-idealnym-ogrodzie\\\/#breadcrumb\",\"itemListElement\":[{\"@type\":\"ListItem\",\"position\":1,\"name\":\"Domov\",\"item\":\"https:\\\/\\\/gardeon.pl\\\/pl\\\/\"},{\"@type\":\"ListItem\",\"position\":2,\"name\":\"Jakich mebli i dodatk\u00f3w nie mo\u017ce zabrakn\u0105\u0107 w idealnym ogrodzie?\"}]},{\"@type\":\"WebSite\",\"@id\":\"https:\\\/\\\/gardeon.pl\\\/#website\",\"url\":\"https:\\\/\\\/gardeon.pl\\\/\",\"name\":\"GARDEON\",\"description\":\"\",\"potentialAction\":[{\"@type\":\"SearchAction\",\"target\":{\"@type\":\"EntryPoint\",\"urlTemplate\":\"https:\\\/\\\/gardeon.pl\\\/?s={search_term_string}\"},\"query-input\":{\"@type\":\"PropertyValueSpecification\",\"valueRequired\":true,\"valueName\":\"search_term_string\"}}],\"inLanguage\":\"pl-PL\"},{\"@type\":\"Person\",\"@id\":\"https:\\\/\\\/gardeon.pl\\\/#\\\/schema\\\/person\\\/a5762ca5f0790bf92774af0899379463\",\"name\":\"editor\",\"image\":{\"@type\":\"ImageObject\",\"inLanguage\":\"pl-PL\",\"@id\":\"https:\\\/\\\/secure.gravatar.com\\\/avatar\\\/2b748151c2c748327307fd289a91b3bdafdd9e64e2d000e65e53d6dcf11c5830?s=96&d=mm&r=g\",\"url\":\"https:\\\/\\\/secure.gravatar.com\\\/avatar\\\/2b748151c2c748327307fd289a91b3bdafdd9e64e2d000e65e53d6dcf11c5830?s=96&d=mm&r=g\",\"contentUrl\":\"https:\\\/\\\/secure.gravatar.com\\\/avatar\\\/2b748151c2c748327307fd289a91b3bdafdd9e64e2d000e65e53d6dcf11c5830?s=96&d=mm&r=g\",\"caption\":\"editor\"}}]}<\/script>\n<!-- \/ Yoast SEO plugin. -->","yoast_head_json":{"title":"Jakich mebli i dodatk\u00f3w nie mo\u017ce zabrakn\u0105\u0107 w idealnym ogrodzie? - GARDEON","robots":{"index":"index","follow":"follow","max-snippet":"max-snippet:-1","max-image-preview":"max-image-preview:large","max-video-preview":"max-video-preview:-1"},"canonical":"https:\/\/gardeon.pl\/pl\/blog\/jakich-mebli-i-dodatkow-nie-moze-zabraknac-w-idealnym-ogrodzie\/","og_locale":"pl_PL","og_type":"article","og_title":"Jakich mebli i dodatk\u00f3w nie mo\u017ce zabrakn\u0105\u0107 w idealnym ogrodzie? - GARDEON","og_description":"Dzi\u0119ki odpowiednim dodatkom Pa\u0144stwa ogr\u00f3d stanie si\u0119 jeszcze pi\u0119kniejszy i bardziej atrakcyjny. Starannie dobrane meble ogrodowe pozwol\u0105 zmaksymalizowa\u0107 komfort i korzy\u015bci p\u0142yn\u0105ce z przebywania na zewn\u0105trz. Warto uzupe\u0142ni\u0107 ogr\u00f3d o fontann\u0119, karmnik dla ptak\u00f3w czy stylowe donice, aby ca\u0142a przestrze\u0144 prezentowa\u0142a si\u0119 wyrafinowanie i zach\u0119caj\u0105co.","og_url":"https:\/\/gardeon.pl\/pl\/blog\/jakich-mebli-i-dodatkow-nie-moze-zabraknac-w-idealnym-ogrodzie\/","og_site_name":"GARDEON","article_published_time":"2026-04-23T17:01:16+00:00","og_image":[{"width":1920,"height":1080,"url":"http:\/\/gardeon.pl\/wp-content\/uploads\/2020\/06\/1.jpg","type":"image\/jpeg"}],"author":"editor","twitter_card":"summary_large_image","twitter_misc":{"Napisane przez":"editor","Szacowany czas czytania":"4 minuty"},"schema":{"@context":"https:\/\/schema.org","@graph":[{"@type":"Article","@id":"https:\/\/gardeon.pl\/pl\/blog\/jakich-mebli-i-dodatkow-nie-moze-zabraknac-w-idealnym-ogrodzie\/#article","isPartOf":{"@id":"https:\/\/gardeon.pl\/pl\/blog\/jakich-mebli-i-dodatkow-nie-moze-zabraknac-w-idealnym-ogrodzie\/"},"author":{"name":"editor","@id":"https:\/\/gardeon.pl\/#\/schema\/person\/a5762ca5f0790bf92774af0899379463"},"headline":"Jakich mebli i dodatk\u00f3w nie mo\u017ce zabrakn\u0105\u0107 w idealnym ogrodzie?","datePublished":"2026-04-23T17:01:16+00:00","mainEntityOfPage":{"@id":"https:\/\/gardeon.pl\/pl\/blog\/jakich-mebli-i-dodatkow-nie-moze-zabraknac-w-idealnym-ogrodzie\/"},"wordCount":818,"commentCount":0,"image":{"@id":"https:\/\/gardeon.pl\/pl\/blog\/jakich-mebli-i-dodatkow-nie-moze-zabraknac-w-idealnym-ogrodzie\/#primaryimage"},"thumbnailUrl":"https:\/\/gardeon.pl\/wp-content\/uploads\/2020\/06\/1.jpg","articleSection":["Jak to zrobi\u0107 \u2013 ogr\u00f3d | DIY","Ogr\u00f3d","Wiaty i altany"],"inLanguage":"pl-PL","potentialAction":[{"@type":"CommentAction","name":"Comment","target":["https:\/\/gardeon.pl\/pl\/blog\/jakich-mebli-i-dodatkow-nie-moze-zabraknac-w-idealnym-ogrodzie\/#respond"]}]},{"@type":"WebPage","@id":"https:\/\/gardeon.pl\/pl\/blog\/jakich-mebli-i-dodatkow-nie-moze-zabraknac-w-idealnym-ogrodzie\/","url":"https:\/\/gardeon.pl\/pl\/blog\/jakich-mebli-i-dodatkow-nie-moze-zabraknac-w-idealnym-ogrodzie\/","name":"Jakich mebli i dodatk\u00f3w nie mo\u017ce zabrakn\u0105\u0107 w idealnym ogrodzie? - GARDEON","isPartOf":{"@id":"https:\/\/gardeon.pl\/#website"},"primaryImageOfPage":{"@id":"https:\/\/gardeon.pl\/pl\/blog\/jakich-mebli-i-dodatkow-nie-moze-zabraknac-w-idealnym-ogrodzie\/#primaryimage"},"image":{"@id":"https:\/\/gardeon.pl\/pl\/blog\/jakich-mebli-i-dodatkow-nie-moze-zabraknac-w-idealnym-ogrodzie\/#primaryimage"},"thumbnailUrl":"https:\/\/gardeon.pl\/wp-content\/uploads\/2020\/06\/1.jpg","datePublished":"2026-04-23T17:01:16+00:00","author":{"@id":"https:\/\/gardeon.pl\/#\/schema\/person\/a5762ca5f0790bf92774af0899379463"},"breadcrumb":{"@id":"https:\/\/gardeon.pl\/pl\/blog\/jakich-mebli-i-dodatkow-nie-moze-zabraknac-w-idealnym-ogrodzie\/#breadcrumb"},"inLanguage":"pl-PL","potentialAction":[{"@type":"ReadAction","target":["https:\/\/gardeon.pl\/pl\/blog\/jakich-mebli-i-dodatkow-nie-moze-zabraknac-w-idealnym-ogrodzie\/"]}]},{"@type":"ImageObject","inLanguage":"pl-PL","@id":"https:\/\/gardeon.pl\/pl\/blog\/jakich-mebli-i-dodatkow-nie-moze-zabraknac-w-idealnym-ogrodzie\/#primaryimage","url":"https:\/\/gardeon.pl\/wp-content\/uploads\/2020\/06\/1.jpg","contentUrl":"https:\/\/gardeon.pl\/wp-content\/uploads\/2020\/06\/1.jpg","width":1920,"height":1080,"caption":"Krzes\u0142a ogrodowe przy oczku wodnym z fontann\u0105"},{"@type":"BreadcrumbList","@id":"https:\/\/gardeon.pl\/pl\/blog\/jakich-mebli-i-dodatkow-nie-moze-zabraknac-w-idealnym-ogrodzie\/#breadcrumb","itemListElement":[{"@type":"ListItem","position":1,"name":"Domov","item":"https:\/\/gardeon.pl\/pl\/"},{"@type":"ListItem","position":2,"name":"Jakich mebli i dodatk\u00f3w nie mo\u017ce zabrakn\u0105\u0107 w idealnym ogrodzie?"}]},{"@type":"WebSite","@id":"https:\/\/gardeon.pl\/#website","url":"https:\/\/gardeon.pl\/","name":"GARDEON","description":"","potentialAction":[{"@type":"SearchAction","target":{"@type":"EntryPoint","urlTemplate":"https:\/\/gardeon.pl\/?s={search_term_string}"},"query-input":{"@type":"PropertyValueSpecification","valueRequired":true,"valueName":"search_term_string"}}],"inLanguage":"pl-PL"},{"@type":"Person","@id":"https:\/\/gardeon.pl\/#\/schema\/person\/a5762ca5f0790bf92774af0899379463","name":"editor","image":{"@type":"ImageObject","inLanguage":"pl-PL","@id":"https:\/\/secure.gravatar.com\/avatar\/2b748151c2c748327307fd289a91b3bdafdd9e64e2d000e65e53d6dcf11c5830?s=96&d=mm&r=g","url":"https:\/\/secure.gravatar.com\/avatar\/2b748151c2c748327307fd289a91b3bdafdd9e64e2d000e65e53d6dcf11c5830?s=96&d=mm&r=g","contentUrl":"https:\/\/secure.gravatar.com\/avatar\/2b748151c2c748327307fd289a91b3bdafdd9e64e2d000e65e53d6dcf11c5830?s=96&d=mm&r=g","caption":"editor"}}]}},"_links":{"self":[{"href":"https:\/\/gardeon.pl\/pl\/wp-json\/wp\/v2\/posts\/46055","targetHints":{"allow":["GET"]}}],"collection":[{"href":"https:\/\/gardeon.pl\/pl\/wp-json\/wp\/v2\/posts"}],"about":[{"href":"https:\/\/gardeon.pl\/pl\/wp-json\/wp\/v2\/types\/post"}],"author":[{"embeddable":true,"href":"https:\/\/gardeon.pl\/pl\/wp-json\/wp\/v2\/users\/2"}],"replies":[{"embeddable":true,"href":"https:\/\/gardeon.pl\/pl\/wp-json\/wp\/v2\/comments?post=46055"}],"version-history":[{"count":0,"href":"https:\/\/gardeon.pl\/pl\/wp-json\/wp\/v2\/posts\/46055\/revisions"}],"wp:featuredmedia":[{"embeddable":true,"href":"https:\/\/gardeon.pl\/pl\/wp-json\/wp\/v2\/media\/46056"}],"wp:attachment":[{"href":"https:\/\/gardeon.pl\/pl\/wp-json\/wp\/v2\/media?parent=46055"}],"wp:term":[{"taxonomy":"category","embeddable":true,"href":"https:\/\/gardeon.pl\/pl\/wp-json\/wp\/v2\/categories?post=46055"},{"taxonomy":"post_tag","embeddable":true,"href":"https:\/\/gardeon.pl\/pl\/wp-json\/wp\/v2\/tags?post=46055"}],"curies":[{"name":"wp","href":"https:\/\/api.w.org\/{rel}","templated":true}]}}