{"id":46073,"date":"2026-04-23T19:01:16","date_gmt":"2026-04-23T17:01:16","guid":{"rendered":"https:\/\/gardeon.pl\/?p=46073"},"modified":"2026-04-23T19:01:16","modified_gmt":"2026-04-23T17:01:16","slug":"domek-ogrodowy-mieszkanie-tu-i-teraz","status":"publish","type":"post","link":"https:\/\/gardeon.pl\/pl\/blog\/domek-ogrodowy-mieszkanie-tu-i-teraz\/","title":{"rendered":"Domek ogrodowy \u2013 mieszkanie tu i teraz"},"content":{"rendered":"<p><em>M\u00f3wi si\u0119, \u017ce dobry go\u015b\u0107, cho\u0107by najbardziej lubiany, wie, kiedy powinien wr\u00f3ci\u0107 do domu. Istnieje jednak spos\u00f3b, aby m\u00f3c go go\u015bci\u0107 d\u0142u\u017cej <span class=\"Apple-converted-space\">  <\/span>i przy tym nie czu\u0107 si\u0119 ani troch\u0119 ograniczonym ani zmuszonym do okazywania mu we w\u0142asnym domu wi\u0119kszych wzgl\u0119d\u00f3w, ni\u017c jest nam to przyjemne.<\/em><\/p>\n<p><em><span class=\"Apple-converted-space\"> <\/span><\/em><!--more--><\/p>\n<p><em>Rozwi\u0105zaniem jest nie mie\u0107 go\u015bci albo mie\u0107 go\u015bci i nie wychodzi\u0107 z w\u0142asnego pokoju. Albo? Albo, na przyk\u0142ad, postawi\u0107 domek ogrodowy. Mo\u017ce on s\u0142u\u017cy\u0107 jako przestrze\u0144 go\u015bcinna dla naszych mi\u0142ych przyjaci\u00f3\u0142 i znajomych, kt\u00f3rzy mog\u0105 w nim spokojnie przebywa\u0107 tak d\u0142ugo, jak zechc\u0105. Mo\u017cemy go r\u00f3wnie\u017c wykorzysta\u0107 jako doskona\u0142e schronienie dla nas samych, je\u015bli potrzebujemy na chwil\u0119 zmieni\u0107 otoczenie, je\u015bli nasze dzieci musz\u0105 co\u015b lub kogo\u015b ukry\u0107 przed naszymi oczami, albo je\u015bli potrzebujemy gdzie\u015b przechowa\u0107 co\u015b, co wzbudza w nas wielkie emocje, ale trzymanie tego w salonie nie jest zbyt odpowiednie.    <\/em><\/p>\n<p><img loading=\"lazy\" decoding=\"async\" class=\"aligncenter wp-image-26889\" src=\"http:\/\/gardeon.pl\/wp-content\/uploads\/2020\/06\/Urbanek-3-scaled.jpg\" alt=\"Domek ogrodowy GARDEON do relaksu\" width=\"800\" height=\"450\" srcset=\"https:\/\/gardeon.pl\/wp-content\/uploads\/2020\/06\/Urbanek-3-scaled.jpg 2560w, https:\/\/gardeon.pl\/wp-content\/uploads\/2020\/06\/Urbanek-3-300x169.jpg 300w, https:\/\/gardeon.pl\/wp-content\/uploads\/2020\/06\/Urbanek-3-1024x576.jpg 1024w, https:\/\/gardeon.pl\/wp-content\/uploads\/2020\/06\/Urbanek-3-768x432.jpg 768w, https:\/\/gardeon.pl\/wp-content\/uploads\/2020\/06\/Urbanek-3-1536x864.jpg 1536w, https:\/\/gardeon.pl\/wp-content\/uploads\/2020\/06\/Urbanek-3-2048x1152.jpg 2048w\" sizes=\"auto, (max-width: 800px) 100vw, 800px\" \/><\/p>\n<p><img loading=\"lazy\" decoding=\"async\" class=\"aligncenter wp-image-26887\" src=\"http:\/\/gardeon.pl\/wp-content\/uploads\/2020\/06\/Urbanek-2-scaled.jpg\" alt=\"Domek ogrodowy GARDEON do relaksu\" width=\"800\" height=\"450\" srcset=\"https:\/\/gardeon.pl\/wp-content\/uploads\/2020\/06\/Urbanek-2-scaled.jpg 2560w, https:\/\/gardeon.pl\/wp-content\/uploads\/2020\/06\/Urbanek-2-300x169.jpg 300w, https:\/\/gardeon.pl\/wp-content\/uploads\/2020\/06\/Urbanek-2-1024x576.jpg 1024w, https:\/\/gardeon.pl\/wp-content\/uploads\/2020\/06\/Urbanek-2-768x432.jpg 768w, https:\/\/gardeon.pl\/wp-content\/uploads\/2020\/06\/Urbanek-2-1536x864.jpg 1536w, https:\/\/gardeon.pl\/wp-content\/uploads\/2020\/06\/Urbanek-2-2048x1152.jpg 2048w\" sizes=\"auto, (max-width: 800px) 100vw, 800px\" \/><\/p>\n<p>R\u00f3wnie\u017c domek ogrodowy pana Jana z Seredy co\u015b ukrywa. S\u0105 to doskonale wywa\u017cone retro skrzynki i stare p\u0142yty winylowe. Niekt\u00f3re, co wi\u0119cej, bardzo rzadkie. Czy potrafi\u0105 Pa\u0144stwo wyobrazi\u0107 sobie jego rado\u015b\u0107, gdy w swoim domku ogrodowym po dobrym obiedzie wyci\u0105ga nogi i puszcza stare AC\/DC lub na przyk\u0142ad zesp\u00f3\u0142 Whitesnake, kt\u00f3ry w zesz\u0142ym roku roz\u015bpiewa\u0142 ca\u0142y amfiteatr w Seredzie?   <\/p>\n<p><img loading=\"lazy\" decoding=\"async\" class=\"aligncenter wp-image-26901\" src=\"http:\/\/gardeon.pl\/wp-content\/uploads\/2020\/06\/Urbanek-9-scaled.jpg\" alt=\"Przerobione wn\u0119trze montowanego domku ogrodowego GARDEON\" width=\"800\" height=\"450\" srcset=\"https:\/\/gardeon.pl\/wp-content\/uploads\/2020\/06\/Urbanek-9-scaled.jpg 2560w, https:\/\/gardeon.pl\/wp-content\/uploads\/2020\/06\/Urbanek-9-300x169.jpg 300w, https:\/\/gardeon.pl\/wp-content\/uploads\/2020\/06\/Urbanek-9-1024x576.jpg 1024w, https:\/\/gardeon.pl\/wp-content\/uploads\/2020\/06\/Urbanek-9-768x432.jpg 768w, https:\/\/gardeon.pl\/wp-content\/uploads\/2020\/06\/Urbanek-9-1536x864.jpg 1536w, https:\/\/gardeon.pl\/wp-content\/uploads\/2020\/06\/Urbanek-9-2048x1152.jpg 2048w, https:\/\/gardeon.pl\/wp-content\/uploads\/2020\/06\/Urbanek-9-scaled-1200x675-cropped.jpg 1200w\" sizes=\"auto, (max-width: 800px) 100vw, 800px\" \/><\/p>\n<p>Jak sam m\u00f3wi pan Jan, dzi\u0119ki Deep Purple, Status Quo, Black Sabbath, Whitesnake, AC\/DC, Smokie czy ABBA z dusz ludzi wydobywaj\u0105 si\u0119 pi\u0119kne wspomnienia czas\u00f3w ich m\u0142odo\u015bci. I ch\u0119tnie do nich wracaj\u0105 i o nich opowiadaj\u0105. <\/p>\n<p><img loading=\"lazy\" decoding=\"async\" class=\"aligncenter wp-image-26903\" src=\"http:\/\/gardeon.pl\/wp-content\/uploads\/2020\/06\/Urbanek-10-scaled.jpg\" alt=\"Przerobione wn\u0119trze montowanego domku ogrodowego GARDEON\" width=\"800\" height=\"450\" srcset=\"https:\/\/gardeon.pl\/wp-content\/uploads\/2020\/06\/Urbanek-10-scaled.jpg 2560w, https:\/\/gardeon.pl\/wp-content\/uploads\/2020\/06\/Urbanek-10-300x169.jpg 300w, https:\/\/gardeon.pl\/wp-content\/uploads\/2020\/06\/Urbanek-10-1024x576.jpg 1024w, https:\/\/gardeon.pl\/wp-content\/uploads\/2020\/06\/Urbanek-10-768x432.jpg 768w, https:\/\/gardeon.pl\/wp-content\/uploads\/2020\/06\/Urbanek-10-1536x864.jpg 1536w, https:\/\/gardeon.pl\/wp-content\/uploads\/2020\/06\/Urbanek-10-2048x1152.jpg 2048w\" sizes=\"auto, (max-width: 800px) 100vw, 800px\" \/><\/p>\n<p>\u201eUwielbiam muzyk\u0119. Moje stare p\u0142yty winylowe sprowadza\u0142em sobie za socjalizmu a\u017c z Anglii i innych kraj\u00f3w, tylko po to, \u017ceby mie\u0107 te wielkie hity r\u00f3wnie\u017c u siebie. Puszczamy je sobie z \u017con\u0105, gdy jeste\u015bmy sami, ale tak\u017ce gdy mamy go\u015bci. S\u0105siedzi przychodz\u0105 do nas nawet wtedy, gdy tylko us\u0142ysz\u0105, \u017ce robimy sobie nastr\u00f3j. Wpadaj\u0105, siadaj\u0105 na chwil\u0119, rozmawiaj\u0105, jak si\u0119 maj\u0105, i przy rozmowie wspominamy stare czasy, opowiadamy r\u00f3\u017cne prze\u017cycia, mamy tam naprawd\u0119 przyjemn\u0105 atmosfer\u0119.    <\/p>\n<p><img loading=\"lazy\" decoding=\"async\" class=\"aligncenter wp-image-26891\" src=\"http:\/\/gardeon.pl\/wp-content\/uploads\/2020\/06\/Urbanek-4-scaled.jpg\" alt=\"Domek ogrodowy GARDEON do relaksu\" width=\"800\" height=\"450\" srcset=\"https:\/\/gardeon.pl\/wp-content\/uploads\/2020\/06\/Urbanek-4-scaled.jpg 2560w, https:\/\/gardeon.pl\/wp-content\/uploads\/2020\/06\/Urbanek-4-300x169.jpg 300w, https:\/\/gardeon.pl\/wp-content\/uploads\/2020\/06\/Urbanek-4-1024x576.jpg 1024w, https:\/\/gardeon.pl\/wp-content\/uploads\/2020\/06\/Urbanek-4-768x432.jpg 768w, https:\/\/gardeon.pl\/wp-content\/uploads\/2020\/06\/Urbanek-4-1536x864.jpg 1536w, https:\/\/gardeon.pl\/wp-content\/uploads\/2020\/06\/Urbanek-4-2048x1152.jpg 2048w\" sizes=\"auto, (max-width: 800px) 100vw, 800px\" \/><\/p>\n<p>Pierwotnie na tej cz\u0119\u015bci dzia\u0142ki mia\u0142 zosta\u0107 wybudowany murowany dom pi\u0119trowy dla c\u00f3rki. Gdy ta zdecydowa\u0142a si\u0119 przeprowadzi\u0107 do miasta, wygra\u0142a mniej wymagaj\u0105ca budowla \u2013 domek ogrodowy. <span class=\"Apple-converted-space\"> <\/span><\/p>\n<p>\u201e<i>Ju\u017c wtedy wiedzieli\u015bmy, \u017ce nie b\u0119dzie to zwyk\u0142y domek ogrodowy. Chcieli\u015bmy, aby mo\u017cna by\u0142o do niego wej\u015b\u0107 such\u0105 stop\u0105 z domu, przej\u015b\u0107 w kapciach, a tak\u017ce aby\u015bmy mieli tam stref\u0119 relaksu dla nas obojga \u2013 zar\u00f3wno dla mojej \u017cony, jak i dla mnie. Urz\u0105dzili\u015bmy tam k\u0105cik wypoczynkowy, wstawili\u015bmy telewizor, kuchni\u0119, mo\u017cemy tam odpoczywa\u0107 zim\u0105 i latem, o ka\u017cdej porze. To niesamowite. Nie musimy wchodzi\u0107 do domu, tylko siedzimy na tarasie domku ogrodowego.<\/i>\u201d<\/p>\n<p><img loading=\"lazy\" decoding=\"async\" class=\"aligncenter wp-image-26885\" src=\"http:\/\/gardeon.pl\/wp-content\/uploads\/2020\/06\/Urbanek-1-scaled.jpg\" alt=\"Domek ogrodowy GARDEON do relaksu\" width=\"800\" height=\"450\" srcset=\"https:\/\/gardeon.pl\/wp-content\/uploads\/2020\/06\/Urbanek-1-scaled.jpg 2560w, https:\/\/gardeon.pl\/wp-content\/uploads\/2020\/06\/Urbanek-1-300x169.jpg 300w, https:\/\/gardeon.pl\/wp-content\/uploads\/2020\/06\/Urbanek-1-1024x576.jpg 1024w, https:\/\/gardeon.pl\/wp-content\/uploads\/2020\/06\/Urbanek-1-768x432.jpg 768w, https:\/\/gardeon.pl\/wp-content\/uploads\/2020\/06\/Urbanek-1-1536x864.jpg 1536w, https:\/\/gardeon.pl\/wp-content\/uploads\/2020\/06\/Urbanek-1-2048x1152.jpg 2048w\" sizes=\"auto, (max-width: 800px) 100vw, 800px\" \/><\/p>\n<p><img loading=\"lazy\" decoding=\"async\" class=\"aligncenter wp-image-26897\" src=\"http:\/\/gardeon.pl\/wp-content\/uploads\/2020\/06\/Urbanek-7-scaled.jpg\" alt=\"Domek ogrodowy GARDEON do relaksu\" width=\"800\" height=\"450\" srcset=\"https:\/\/gardeon.pl\/wp-content\/uploads\/2020\/06\/Urbanek-7-scaled.jpg 2560w, https:\/\/gardeon.pl\/wp-content\/uploads\/2020\/06\/Urbanek-7-300x169.jpg 300w, https:\/\/gardeon.pl\/wp-content\/uploads\/2020\/06\/Urbanek-7-1024x576.jpg 1024w, https:\/\/gardeon.pl\/wp-content\/uploads\/2020\/06\/Urbanek-7-768x432.jpg 768w, https:\/\/gardeon.pl\/wp-content\/uploads\/2020\/06\/Urbanek-7-1536x864.jpg 1536w, https:\/\/gardeon.pl\/wp-content\/uploads\/2020\/06\/Urbanek-7-2048x1152.jpg 2048w\" sizes=\"auto, (max-width: 800px) 100vw, 800px\" \/><\/p>\n<p>Ma\u0142\u017conkowie zlecili wybrukowanie i zadaszenie otoczenia. \u201e<i>To idealne rozwi\u0105zanie. W domu nie robi si\u0119 ba\u0142aganu, a jednocze\u015bnie mo\u017cna sp\u0119dza\u0107 czas z przyjaci\u00f3\u0142mi, czy to lato, wiosna czy jesie\u0144. Na zewn\u0105trz zupe\u0142nie nie gra roli, ile os\u00f3b go\u015bcicie, a ludzie te\u017c lepiej si\u0119 czuj\u0105, gdy po\u015bwi\u0119ca si\u0119 im uwag\u0119 i nie trzeba od razu sprz\u0105ta\u0107, jak to si\u0119 robi w domu. M\u00f3wi\u0119, \u017ce jest nam tam jak w raju i lepiej ni\u017c na wakacjach. Gdybym mia\u0142 decydowa\u0107 ponownie, w og\u00f3le bym nie kombinowa\u0142 i postawi\u0142 dok\u0142adnie to samo.<span class=\"Apple-converted-space\"> <\/span>Taki domek ogrodowy, w kt\u00f3rym zmieszcz\u0105 si\u0119 nie tylko graty z okolic domu, ale i przyjemny pok\u00f3j go\u015bcinny.<\/i>\u201d<span class=\"Apple-converted-space\"> <\/span><\/p>\n<p><img loading=\"lazy\" decoding=\"async\" class=\"aligncenter wp-image-26905\" src=\"http:\/\/gardeon.pl\/wp-content\/uploads\/2020\/06\/Urbanek-11-scaled.jpg\" alt=\"Przerobione wn\u0119trze montowanego domku ogrodowego GARDEON\" width=\"800\" height=\"450\" srcset=\"https:\/\/gardeon.pl\/wp-content\/uploads\/2020\/06\/Urbanek-11-scaled.jpg 2560w, https:\/\/gardeon.pl\/wp-content\/uploads\/2020\/06\/Urbanek-11-300x169.jpg 300w, https:\/\/gardeon.pl\/wp-content\/uploads\/2020\/06\/Urbanek-11-1024x576.jpg 1024w, https:\/\/gardeon.pl\/wp-content\/uploads\/2020\/06\/Urbanek-11-768x432.jpg 768w, https:\/\/gardeon.pl\/wp-content\/uploads\/2020\/06\/Urbanek-11-1536x864.jpg 1536w, https:\/\/gardeon.pl\/wp-content\/uploads\/2020\/06\/Urbanek-11-2048x1152.jpg 2048w\" sizes=\"auto, (max-width: 800px) 100vw, 800px\" \/><\/p>\n<p>Wszyscy mamy mn\u00f3stwo grat\u00f3w. Czy to do koszenia, czy do od\u015bnie\u017cania, taczki, \u0142opaty&#8230; \u201e<i>My robimy te\u017c przetwory. Wi\u0119c do tego prosz\u0119 doda\u0107 skrzynki i s\u0142oiki&#8230; To wszystko mamy schowane w drugiej, oddzielnej cz\u0119\u015bci domku.<\/i>\u201d Przestrze\u0144 mieszkalna jest wed\u0142ug pana Jana idealna dla dw\u00f3ch os\u00f3b. \u201e<i>M\u00f3wili\u015bmy z \u017con\u0105, \u017ce jest tam wi\u0119cej miejsca ni\u017c w niekt\u00f3rych kawalerkach. Przecie\u017c ca\u0142kowity metra\u017c powierzchni wewn\u0119trznej to prawie 40 metr\u00f3w kwadratowych.<\/i>\u201d Pergola po\u0142\u0105czy\u0142a domek z pierwotnym domem, tworz\u0105c kolejn\u0105 mo\u017cliwo\u015b\u0107 siedzenia na zewn\u0105trz. <\/p>\n<p><img loading=\"lazy\" decoding=\"async\" class=\"aligncenter wp-image-26893\" src=\"http:\/\/gardeon.pl\/wp-content\/uploads\/2020\/06\/Urbanek-5-scaled.jpg\" alt=\"Domek ogrodowy GARDEON do relaksu\" width=\"800\" height=\"450\" srcset=\"https:\/\/gardeon.pl\/wp-content\/uploads\/2020\/06\/Urbanek-5-scaled.jpg 2560w, https:\/\/gardeon.pl\/wp-content\/uploads\/2020\/06\/Urbanek-5-300x169.jpg 300w, https:\/\/gardeon.pl\/wp-content\/uploads\/2020\/06\/Urbanek-5-1024x576.jpg 1024w, https:\/\/gardeon.pl\/wp-content\/uploads\/2020\/06\/Urbanek-5-768x432.jpg 768w, https:\/\/gardeon.pl\/wp-content\/uploads\/2020\/06\/Urbanek-5-1536x864.jpg 1536w, https:\/\/gardeon.pl\/wp-content\/uploads\/2020\/06\/Urbanek-5-2048x1152.jpg 2048w\" sizes=\"auto, (max-width: 800px) 100vw, 800px\" \/><\/p>\n<p><img loading=\"lazy\" decoding=\"async\" class=\"aligncenter wp-image-26895\" src=\"http:\/\/gardeon.pl\/wp-content\/uploads\/2020\/06\/Urbanek-6-scaled.jpg\" alt=\"Domek ogrodowy GARDEON do relaksu\" width=\"800\" height=\"450\" srcset=\"https:\/\/gardeon.pl\/wp-content\/uploads\/2020\/06\/Urbanek-6-scaled.jpg 2560w, https:\/\/gardeon.pl\/wp-content\/uploads\/2020\/06\/Urbanek-6-300x169.jpg 300w, https:\/\/gardeon.pl\/wp-content\/uploads\/2020\/06\/Urbanek-6-1024x576.jpg 1024w, https:\/\/gardeon.pl\/wp-content\/uploads\/2020\/06\/Urbanek-6-768x432.jpg 768w, https:\/\/gardeon.pl\/wp-content\/uploads\/2020\/06\/Urbanek-6-1536x864.jpg 1536w, https:\/\/gardeon.pl\/wp-content\/uploads\/2020\/06\/Urbanek-6-2048x1152.jpg 2048w\" sizes=\"auto, (max-width: 800px) 100vw, 800px\" \/><\/p>\n<p>Rodzina zakupi\u0142a domek ogrodowy z izolacj\u0105 zewn\u0119trzn\u0105. \u201e<i>Oryginalny domek od Gardeon posiada\u0142 izolacj\u0119 zewn\u0119trzn\u0105, jednak ze wzgl\u0119du na ca\u0142oroczne u\u017cytkowanie, doda\u0142em jeszcze pod dach gor\u0105c\u0105 piank\u0119 natryskow\u0105 i izolacj\u0119 wewn\u0119trzn\u0105. Dlatego nasz domek jest w pe\u0142ni wykorzystywany r\u00f3wnie\u017c zim\u0105. W zesz\u0142ym roku go\u015bcili\u015bmy w nim przyjaciela z Egiptu. To on spa\u0142 tam jako pierwszy, gdy sp\u0119dza\u0142 u nas Bo\u017ce Narodzenie.<\/i>\u201d<span class=\"Apple-converted-space\"> <\/span><\/p>\n<p><img loading=\"lazy\" decoding=\"async\" class=\"aligncenter wp-image-26899\" src=\"http:\/\/gardeon.pl\/wp-content\/uploads\/2020\/06\/Urbanek-8-scaled.jpg\" alt=\"Domek ogrodowy GARDEON z daleka\" width=\"800\" height=\"450\" srcset=\"https:\/\/gardeon.pl\/wp-content\/uploads\/2020\/06\/Urbanek-8-scaled.jpg 2560w, https:\/\/gardeon.pl\/wp-content\/uploads\/2020\/06\/Urbanek-8-300x169.jpg 300w, https:\/\/gardeon.pl\/wp-content\/uploads\/2020\/06\/Urbanek-8-1024x576.jpg 1024w, https:\/\/gardeon.pl\/wp-content\/uploads\/2020\/06\/Urbanek-8-768x432.jpg 768w, https:\/\/gardeon.pl\/wp-content\/uploads\/2020\/06\/Urbanek-8-1536x864.jpg 1536w, https:\/\/gardeon.pl\/wp-content\/uploads\/2020\/06\/Urbanek-8-2048x1152.jpg 2048w\" sizes=\"auto, (max-width: 800px) 100vw, 800px\" \/><\/p>\n<h2>Od pomys\u0142u do zamieszkania<\/h2>\n<p>Je\u015bli cz\u0142owiek ma jasn\u0105 wizj\u0119, je\u015bli nie musi czeka\u0107 na inne bran\u017ce, to mo\u017ce w takim domku za kilka dni realnie zamieszka\u0107.<span class=\"Apple-converted-space\">  <\/span>\u201e<i>Wystarczy przygotowa\u0107 p\u0142yt\u0119 fundamentow\u0105, na kt\u00f3rej Gardeon postawi domek w jeden dzie\u0144, a potem uzupe\u0142ni\u0107 go o to, co sobie wymarzymy wewn\u0105trz. My robili\u015bmy \u015bcianki dzia\u0142owe z p\u0142yt gipsowo-kartonowych i wype\u0142niali\u015bmy sufit gor\u0105c\u0105 piank\u0105 natryskow\u0105. Na to musia\u0142em czeka\u0107 prawie dwa miesi\u0105ce. Ale kiedy przyjechali, w p\u00f3\u0142 godziny nie mieli ju\u017c co robi\u0107 i sufit by\u0142 zaizolowany. Materia\u0142y, z kt\u00f3rych wykonany jest sam domek, s\u0105 tak solidne, \u017ce problemem jest w og\u00f3le wywiercenie w nich otworu. Dlatego ciesz\u0119 si\u0119, \u017ce nie zdecydowali\u015bmy si\u0119 na nic innego. To prze\u017cyje nas i nasze dzieci\u201d,       <\/i>opowiada nam pan Jan z zapa\u0142em, dodaj\u0105c:<\/p>\n<p><i>\u201eWiecie, w przeciwie\u0144stwie do domu murowanego, ka\u017cdy mo\u017ce mie\u0107 to postawione w kilka dni, a wytrzyma to i sto lat. Je\u015bli kto\u015b lubi towarzystwo lub potrzebuje kogo\u015b przenocowa\u0107, jak na przyk\u0142ad teraz podczas pandemii, jest to wyb\u00f3r oczywisty. Ma si\u0119 t\u0119 osob\u0119 blisko siebie, a mimo to zachowuje si\u0119 prywatno\u015b\u0107, kt\u00f3r\u0105 si\u0119 ceni. Wyb\u00f3r idealny.\u201d   <\/i><span class=\"Apple-converted-space\"> <\/span><\/p>\n<p><img loading=\"lazy\" decoding=\"async\" class=\"aligncenter wp-image-26907\" src=\"http:\/\/gardeon.pl\/wp-content\/uploads\/2020\/06\/Urbanek-12-scaled.jpg\" alt=\"Przerobione wn\u0119trze montowanego domku ogrodowego GARDEON\" width=\"800\" height=\"450\" srcset=\"https:\/\/gardeon.pl\/wp-content\/uploads\/2020\/06\/Urbanek-12-scaled.jpg 2560w, https:\/\/gardeon.pl\/wp-content\/uploads\/2020\/06\/Urbanek-12-300x169.jpg 300w, https:\/\/gardeon.pl\/wp-content\/uploads\/2020\/06\/Urbanek-12-1024x576.jpg 1024w, https:\/\/gardeon.pl\/wp-content\/uploads\/2020\/06\/Urbanek-12-768x432.jpg 768w, https:\/\/gardeon.pl\/wp-content\/uploads\/2020\/06\/Urbanek-12-1536x864.jpg 1536w, https:\/\/gardeon.pl\/wp-content\/uploads\/2020\/06\/Urbanek-12-2048x1152.jpg 2048w\" sizes=\"auto, (max-width: 800px) 100vw, 800px\" \/><\/p>\n<p><em>Za autentyczne zdj\u0119cia dzi\u0119kujemy naszemu klientowi panu Janowi z Seredy :)<\/em><\/p>\n","protected":false},"excerpt":{"rendered":"<p>M\u00f3wi si\u0119, \u017ce dobry go\u015b\u0107, cho\u0107by najbardziej lubiany, wie, kiedy powinien wr\u00f3ci\u0107 do domu. Istnieje jednak spos\u00f3b, aby m\u00f3c go go\u015bci\u0107 d\u0142u\u017cej i przy tym nie czu\u0107 si\u0119 ani troch\u0119 ograniczonym ani zmuszonym do okazywania mu we w\u0142asnym domu wi\u0119kszych wzgl\u0119d\u00f3w, ni\u017c jest nam to przyjemne.<\/p>\n","protected":false},"author":2,"featured_media":45457,"comment_status":"open","ping_status":"open","sticky":false,"template":"","format":"standard","meta":{"_acf_changed":false,"inline_featured_image":false,"footnotes":""},"categories":[717,632,578,607,716,605,594],"tags":[],"class_list":["post-46073","post","type-post","status-publish","format-standard","has-post-thumbnail","hentry","category-domki-ogrodowe-2","category-domki-ogrodowe","category-garaze-blaszane","category-inspiracje","category-jak-sie-zyje-z-gardeon","category-jak-to-zrobic-ogrod-diy","category-ogrod"],"acf":[],"yoast_head":"<!-- This site is optimized with the Yoast SEO plugin v27.4 - https:\/\/yoast.com\/product\/yoast-seo-wordpress\/ -->\n<title>Domek ogrodowy \u2013 mieszkanie tu i teraz - GARDEON<\/title>\n<meta name=\"robots\" content=\"index, follow, max-snippet:-1, max-image-preview:large, max-video-preview:-1\" \/>\n<link rel=\"canonical\" href=\"https:\/\/gardeon.pl\/pl\/blog\/domek-ogrodowy-mieszkanie-tu-i-teraz\/\" \/>\n<meta property=\"og:locale\" content=\"pl_PL\" \/>\n<meta property=\"og:type\" content=\"article\" \/>\n<meta property=\"og:title\" content=\"Domek ogrodowy \u2013 mieszkanie tu i teraz - GARDEON\" \/>\n<meta property=\"og:description\" content=\"M\u00f3wi si\u0119, \u017ce dobry go\u015b\u0107, cho\u0107by najbardziej lubiany, wie, kiedy powinien wr\u00f3ci\u0107 do domu. Istnieje jednak spos\u00f3b, aby m\u00f3c go go\u015bci\u0107 d\u0142u\u017cej i przy tym nie czu\u0107 si\u0119 ani troch\u0119 ograniczonym ani zmuszonym do okazywania mu we w\u0142asnym domu wi\u0119kszych wzgl\u0119d\u00f3w, ni\u017c jest nam to przyjemne.\" \/>\n<meta property=\"og:url\" content=\"https:\/\/gardeon.pl\/pl\/blog\/domek-ogrodowy-mieszkanie-tu-i-teraz\/\" \/>\n<meta property=\"og:site_name\" content=\"GARDEON\" \/>\n<meta property=\"article:published_time\" content=\"2026-04-23T17:01:16+00:00\" \/>\n<meta property=\"og:image\" content=\"http:\/\/gardeon.pl\/wp-content\/uploads\/2020\/06\/Urbanek-9.jpg\" \/>\n\t<meta property=\"og:image:width\" content=\"2560\" \/>\n\t<meta property=\"og:image:height\" content=\"1440\" \/>\n\t<meta property=\"og:image:type\" content=\"image\/jpeg\" \/>\n<meta name=\"author\" content=\"editor\" \/>\n<meta name=\"twitter:card\" content=\"summary_large_image\" \/>\n<meta name=\"twitter:label1\" content=\"Napisane przez\" \/>\n\t<meta name=\"twitter:data1\" content=\"editor\" \/>\n\t<meta name=\"twitter:label2\" content=\"Szacowany czas czytania\" \/>\n\t<meta name=\"twitter:data2\" content=\"5 minut\" \/>\n<script type=\"application\/ld+json\" class=\"yoast-schema-graph\">{\"@context\":\"https:\\\/\\\/schema.org\",\"@graph\":[{\"@type\":\"Article\",\"@id\":\"https:\\\/\\\/gardeon.pl\\\/pl\\\/blog\\\/domek-ogrodowy-mieszkanie-tu-i-teraz\\\/#article\",\"isPartOf\":{\"@id\":\"https:\\\/\\\/gardeon.pl\\\/pl\\\/blog\\\/domek-ogrodowy-mieszkanie-tu-i-teraz\\\/\"},\"author\":{\"name\":\"editor\",\"@id\":\"https:\\\/\\\/gardeon.pl\\\/#\\\/schema\\\/person\\\/a5762ca5f0790bf92774af0899379463\"},\"headline\":\"Domek ogrodowy \u2013 mieszkanie tu i teraz\",\"datePublished\":\"2026-04-23T17:01:16+00:00\",\"mainEntityOfPage\":{\"@id\":\"https:\\\/\\\/gardeon.pl\\\/pl\\\/blog\\\/domek-ogrodowy-mieszkanie-tu-i-teraz\\\/\"},\"wordCount\":1020,\"commentCount\":0,\"image\":{\"@id\":\"https:\\\/\\\/gardeon.pl\\\/pl\\\/blog\\\/domek-ogrodowy-mieszkanie-tu-i-teraz\\\/#primaryimage\"},\"thumbnailUrl\":\"https:\\\/\\\/gardeon.pl\\\/wp-content\\\/uploads\\\/2020\\\/06\\\/Urbanek-9.jpg\",\"articleSection\":[\"Domki ogrodowe\",\"Domki ogrodowe\",\"Gara\u017ce blaszane\",\"Inspiracje\",\"Jak si\u0119 \u017cyje z GARDEON\",\"Jak to zrobi\u0107 \u2013 ogr\u00f3d | DIY\",\"Ogr\u00f3d\"],\"inLanguage\":\"pl-PL\",\"potentialAction\":[{\"@type\":\"CommentAction\",\"name\":\"Comment\",\"target\":[\"https:\\\/\\\/gardeon.pl\\\/pl\\\/blog\\\/domek-ogrodowy-mieszkanie-tu-i-teraz\\\/#respond\"]}]},{\"@type\":\"WebPage\",\"@id\":\"https:\\\/\\\/gardeon.pl\\\/pl\\\/blog\\\/domek-ogrodowy-mieszkanie-tu-i-teraz\\\/\",\"url\":\"https:\\\/\\\/gardeon.pl\\\/pl\\\/blog\\\/domek-ogrodowy-mieszkanie-tu-i-teraz\\\/\",\"name\":\"Domek ogrodowy \u2013 mieszkanie tu i teraz - GARDEON\",\"isPartOf\":{\"@id\":\"https:\\\/\\\/gardeon.pl\\\/#website\"},\"primaryImageOfPage\":{\"@id\":\"https:\\\/\\\/gardeon.pl\\\/pl\\\/blog\\\/domek-ogrodowy-mieszkanie-tu-i-teraz\\\/#primaryimage\"},\"image\":{\"@id\":\"https:\\\/\\\/gardeon.pl\\\/pl\\\/blog\\\/domek-ogrodowy-mieszkanie-tu-i-teraz\\\/#primaryimage\"},\"thumbnailUrl\":\"https:\\\/\\\/gardeon.pl\\\/wp-content\\\/uploads\\\/2020\\\/06\\\/Urbanek-9.jpg\",\"datePublished\":\"2026-04-23T17:01:16+00:00\",\"author\":{\"@id\":\"https:\\\/\\\/gardeon.pl\\\/#\\\/schema\\\/person\\\/a5762ca5f0790bf92774af0899379463\"},\"breadcrumb\":{\"@id\":\"https:\\\/\\\/gardeon.pl\\\/pl\\\/blog\\\/domek-ogrodowy-mieszkanie-tu-i-teraz\\\/#breadcrumb\"},\"inLanguage\":\"pl-PL\",\"potentialAction\":[{\"@type\":\"ReadAction\",\"target\":[\"https:\\\/\\\/gardeon.pl\\\/pl\\\/blog\\\/domek-ogrodowy-mieszkanie-tu-i-teraz\\\/\"]}]},{\"@type\":\"ImageObject\",\"inLanguage\":\"pl-PL\",\"@id\":\"https:\\\/\\\/gardeon.pl\\\/pl\\\/blog\\\/domek-ogrodowy-mieszkanie-tu-i-teraz\\\/#primaryimage\",\"url\":\"https:\\\/\\\/gardeon.pl\\\/wp-content\\\/uploads\\\/2020\\\/06\\\/Urbanek-9.jpg\",\"contentUrl\":\"https:\\\/\\\/gardeon.pl\\\/wp-content\\\/uploads\\\/2020\\\/06\\\/Urbanek-9.jpg\",\"width\":2560,\"height\":1440,\"caption\":\"Przerobione wn\u0119trze montowanego domku ogrodowego GARDEON\"},{\"@type\":\"BreadcrumbList\",\"@id\":\"https:\\\/\\\/gardeon.pl\\\/pl\\\/blog\\\/domek-ogrodowy-mieszkanie-tu-i-teraz\\\/#breadcrumb\",\"itemListElement\":[{\"@type\":\"ListItem\",\"position\":1,\"name\":\"Domov\",\"item\":\"https:\\\/\\\/gardeon.pl\\\/pl\\\/\"},{\"@type\":\"ListItem\",\"position\":2,\"name\":\"Domek ogrodowy \u2013 mieszkanie tu i teraz\"}]},{\"@type\":\"WebSite\",\"@id\":\"https:\\\/\\\/gardeon.pl\\\/#website\",\"url\":\"https:\\\/\\\/gardeon.pl\\\/\",\"name\":\"GARDEON\",\"description\":\"\",\"potentialAction\":[{\"@type\":\"SearchAction\",\"target\":{\"@type\":\"EntryPoint\",\"urlTemplate\":\"https:\\\/\\\/gardeon.pl\\\/?s={search_term_string}\"},\"query-input\":{\"@type\":\"PropertyValueSpecification\",\"valueRequired\":true,\"valueName\":\"search_term_string\"}}],\"inLanguage\":\"pl-PL\"},{\"@type\":\"Person\",\"@id\":\"https:\\\/\\\/gardeon.pl\\\/#\\\/schema\\\/person\\\/a5762ca5f0790bf92774af0899379463\",\"name\":\"editor\",\"image\":{\"@type\":\"ImageObject\",\"inLanguage\":\"pl-PL\",\"@id\":\"https:\\\/\\\/secure.gravatar.com\\\/avatar\\\/2b748151c2c748327307fd289a91b3bdafdd9e64e2d000e65e53d6dcf11c5830?s=96&d=mm&r=g\",\"url\":\"https:\\\/\\\/secure.gravatar.com\\\/avatar\\\/2b748151c2c748327307fd289a91b3bdafdd9e64e2d000e65e53d6dcf11c5830?s=96&d=mm&r=g\",\"contentUrl\":\"https:\\\/\\\/secure.gravatar.com\\\/avatar\\\/2b748151c2c748327307fd289a91b3bdafdd9e64e2d000e65e53d6dcf11c5830?s=96&d=mm&r=g\",\"caption\":\"editor\"}}]}<\/script>\n<!-- \/ Yoast SEO plugin. -->","yoast_head_json":{"title":"Domek ogrodowy \u2013 mieszkanie tu i teraz - GARDEON","robots":{"index":"index","follow":"follow","max-snippet":"max-snippet:-1","max-image-preview":"max-image-preview:large","max-video-preview":"max-video-preview:-1"},"canonical":"https:\/\/gardeon.pl\/pl\/blog\/domek-ogrodowy-mieszkanie-tu-i-teraz\/","og_locale":"pl_PL","og_type":"article","og_title":"Domek ogrodowy \u2013 mieszkanie tu i teraz - GARDEON","og_description":"M\u00f3wi si\u0119, \u017ce dobry go\u015b\u0107, cho\u0107by najbardziej lubiany, wie, kiedy powinien wr\u00f3ci\u0107 do domu. Istnieje jednak spos\u00f3b, aby m\u00f3c go go\u015bci\u0107 d\u0142u\u017cej i przy tym nie czu\u0107 si\u0119 ani troch\u0119 ograniczonym ani zmuszonym do okazywania mu we w\u0142asnym domu wi\u0119kszych wzgl\u0119d\u00f3w, ni\u017c jest nam to przyjemne.","og_url":"https:\/\/gardeon.pl\/pl\/blog\/domek-ogrodowy-mieszkanie-tu-i-teraz\/","og_site_name":"GARDEON","article_published_time":"2026-04-23T17:01:16+00:00","og_image":[{"width":2560,"height":1440,"url":"http:\/\/gardeon.pl\/wp-content\/uploads\/2020\/06\/Urbanek-9.jpg","type":"image\/jpeg"}],"author":"editor","twitter_card":"summary_large_image","twitter_misc":{"Napisane przez":"editor","Szacowany czas czytania":"5 minut"},"schema":{"@context":"https:\/\/schema.org","@graph":[{"@type":"Article","@id":"https:\/\/gardeon.pl\/pl\/blog\/domek-ogrodowy-mieszkanie-tu-i-teraz\/#article","isPartOf":{"@id":"https:\/\/gardeon.pl\/pl\/blog\/domek-ogrodowy-mieszkanie-tu-i-teraz\/"},"author":{"name":"editor","@id":"https:\/\/gardeon.pl\/#\/schema\/person\/a5762ca5f0790bf92774af0899379463"},"headline":"Domek ogrodowy \u2013 mieszkanie tu i teraz","datePublished":"2026-04-23T17:01:16+00:00","mainEntityOfPage":{"@id":"https:\/\/gardeon.pl\/pl\/blog\/domek-ogrodowy-mieszkanie-tu-i-teraz\/"},"wordCount":1020,"commentCount":0,"image":{"@id":"https:\/\/gardeon.pl\/pl\/blog\/domek-ogrodowy-mieszkanie-tu-i-teraz\/#primaryimage"},"thumbnailUrl":"https:\/\/gardeon.pl\/wp-content\/uploads\/2020\/06\/Urbanek-9.jpg","articleSection":["Domki ogrodowe","Domki ogrodowe","Gara\u017ce blaszane","Inspiracje","Jak si\u0119 \u017cyje z GARDEON","Jak to zrobi\u0107 \u2013 ogr\u00f3d | DIY","Ogr\u00f3d"],"inLanguage":"pl-PL","potentialAction":[{"@type":"CommentAction","name":"Comment","target":["https:\/\/gardeon.pl\/pl\/blog\/domek-ogrodowy-mieszkanie-tu-i-teraz\/#respond"]}]},{"@type":"WebPage","@id":"https:\/\/gardeon.pl\/pl\/blog\/domek-ogrodowy-mieszkanie-tu-i-teraz\/","url":"https:\/\/gardeon.pl\/pl\/blog\/domek-ogrodowy-mieszkanie-tu-i-teraz\/","name":"Domek ogrodowy \u2013 mieszkanie tu i teraz - GARDEON","isPartOf":{"@id":"https:\/\/gardeon.pl\/#website"},"primaryImageOfPage":{"@id":"https:\/\/gardeon.pl\/pl\/blog\/domek-ogrodowy-mieszkanie-tu-i-teraz\/#primaryimage"},"image":{"@id":"https:\/\/gardeon.pl\/pl\/blog\/domek-ogrodowy-mieszkanie-tu-i-teraz\/#primaryimage"},"thumbnailUrl":"https:\/\/gardeon.pl\/wp-content\/uploads\/2020\/06\/Urbanek-9.jpg","datePublished":"2026-04-23T17:01:16+00:00","author":{"@id":"https:\/\/gardeon.pl\/#\/schema\/person\/a5762ca5f0790bf92774af0899379463"},"breadcrumb":{"@id":"https:\/\/gardeon.pl\/pl\/blog\/domek-ogrodowy-mieszkanie-tu-i-teraz\/#breadcrumb"},"inLanguage":"pl-PL","potentialAction":[{"@type":"ReadAction","target":["https:\/\/gardeon.pl\/pl\/blog\/domek-ogrodowy-mieszkanie-tu-i-teraz\/"]}]},{"@type":"ImageObject","inLanguage":"pl-PL","@id":"https:\/\/gardeon.pl\/pl\/blog\/domek-ogrodowy-mieszkanie-tu-i-teraz\/#primaryimage","url":"https:\/\/gardeon.pl\/wp-content\/uploads\/2020\/06\/Urbanek-9.jpg","contentUrl":"https:\/\/gardeon.pl\/wp-content\/uploads\/2020\/06\/Urbanek-9.jpg","width":2560,"height":1440,"caption":"Przerobione wn\u0119trze montowanego domku ogrodowego GARDEON"},{"@type":"BreadcrumbList","@id":"https:\/\/gardeon.pl\/pl\/blog\/domek-ogrodowy-mieszkanie-tu-i-teraz\/#breadcrumb","itemListElement":[{"@type":"ListItem","position":1,"name":"Domov","item":"https:\/\/gardeon.pl\/pl\/"},{"@type":"ListItem","position":2,"name":"Domek ogrodowy \u2013 mieszkanie tu i teraz"}]},{"@type":"WebSite","@id":"https:\/\/gardeon.pl\/#website","url":"https:\/\/gardeon.pl\/","name":"GARDEON","description":"","potentialAction":[{"@type":"SearchAction","target":{"@type":"EntryPoint","urlTemplate":"https:\/\/gardeon.pl\/?s={search_term_string}"},"query-input":{"@type":"PropertyValueSpecification","valueRequired":true,"valueName":"search_term_string"}}],"inLanguage":"pl-PL"},{"@type":"Person","@id":"https:\/\/gardeon.pl\/#\/schema\/person\/a5762ca5f0790bf92774af0899379463","name":"editor","image":{"@type":"ImageObject","inLanguage":"pl-PL","@id":"https:\/\/secure.gravatar.com\/avatar\/2b748151c2c748327307fd289a91b3bdafdd9e64e2d000e65e53d6dcf11c5830?s=96&d=mm&r=g","url":"https:\/\/secure.gravatar.com\/avatar\/2b748151c2c748327307fd289a91b3bdafdd9e64e2d000e65e53d6dcf11c5830?s=96&d=mm&r=g","contentUrl":"https:\/\/secure.gravatar.com\/avatar\/2b748151c2c748327307fd289a91b3bdafdd9e64e2d000e65e53d6dcf11c5830?s=96&d=mm&r=g","caption":"editor"}}]}},"_links":{"self":[{"href":"https:\/\/gardeon.pl\/pl\/wp-json\/wp\/v2\/posts\/46073","targetHints":{"allow":["GET"]}}],"collection":[{"href":"https:\/\/gardeon.pl\/pl\/wp-json\/wp\/v2\/posts"}],"about":[{"href":"https:\/\/gardeon.pl\/pl\/wp-json\/wp\/v2\/types\/post"}],"author":[{"embeddable":true,"href":"https:\/\/gardeon.pl\/pl\/wp-json\/wp\/v2\/users\/2"}],"replies":[{"embeddable":true,"href":"https:\/\/gardeon.pl\/pl\/wp-json\/wp\/v2\/comments?post=46073"}],"version-history":[{"count":0,"href":"https:\/\/gardeon.pl\/pl\/wp-json\/wp\/v2\/posts\/46073\/revisions"}],"wp:featuredmedia":[{"embeddable":true,"href":"https:\/\/gardeon.pl\/pl\/wp-json\/wp\/v2\/media\/45457"}],"wp:attachment":[{"href":"https:\/\/gardeon.pl\/pl\/wp-json\/wp\/v2\/media?parent=46073"}],"wp:term":[{"taxonomy":"category","embeddable":true,"href":"https:\/\/gardeon.pl\/pl\/wp-json\/wp\/v2\/categories?post=46073"},{"taxonomy":"post_tag","embeddable":true,"href":"https:\/\/gardeon.pl\/pl\/wp-json\/wp\/v2\/tags?post=46073"}],"curies":[{"name":"wp","href":"https:\/\/api.w.org\/{rel}","templated":true}]}}