{"id":46085,"date":"2026-04-23T19:01:15","date_gmt":"2026-04-23T17:01:15","guid":{"rendered":"https:\/\/gardeon.pl\/?p=46085"},"modified":"2026-04-23T19:01:15","modified_gmt":"2026-04-23T17:01:15","slug":"kiedy-wieje-uwazaj-na-glowe-czyli-jak-wygrac-z-wiatrem","status":"publish","type":"post","link":"https:\/\/gardeon.pl\/pl\/blog\/kiedy-wieje-uwazaj-na-glowe-czyli-jak-wygrac-z-wiatrem\/","title":{"rendered":"Kiedy wieje, uwa\u017caj na g\u0142ow\u0119&#8230; Czyli jak wygra\u0107 z wiatrem :)"},"content":{"rendered":"<p><em>M\u00f3j przyjaciel Boris ma ogr\u00f3d. Poniewa\u017c jest doskona\u0142ym kucharzem, ma wielu znajomych, kt\u00f3rzy ch\u0119tnie zatrzymuj\u0105 si\u0119 przy jego ogrodzie, opieraj\u0105 si\u0119 o p\u0142ot i zaczynaj\u0105 dyskutowa\u0107. Przy drugim pytaniu s\u0105 ju\u017c w \u015brodku i patrz\u0105, jak Boris obraca kark\u00f3wk\u0119 na grillu. Jest bardzo go\u015bcinny, wi\u0119c w zesz\u0142ym roku uzna\u0142, \u017ce potrzebuje altany dla przechodni\u00f3w. W przeciwnym razie jego p\u0142ot nie wytrzyma naporu turyst\u00f3w.    <\/em><\/p>\n<p><!--more--><\/p>\n<p><img loading=\"lazy\" decoding=\"async\" class=\"aligncenter wp-image-26248\" src=\"http:\/\/gardeon.pl\/wp-content\/uploads\/2020\/04\/wood-garden-fence-board-48246.jpg\" alt=\"Drewniany p\u0142ot\" width=\"800\" height=\"523\" srcset=\"https:\/\/gardeon.pl\/wp-content\/uploads\/2020\/04\/wood-garden-fence-board-48246.jpg 1280w, https:\/\/gardeon.pl\/wp-content\/uploads\/2020\/04\/wood-garden-fence-board-48246-300x196.jpg 300w, https:\/\/gardeon.pl\/wp-content\/uploads\/2020\/04\/wood-garden-fence-board-48246-1024x670.jpg 1024w, https:\/\/gardeon.pl\/wp-content\/uploads\/2020\/04\/wood-garden-fence-board-48246-768x502.jpg 768w\" sizes=\"auto, (max-width: 800px) 100vw, 800px\" \/><\/p>\n<p>Altan\u0119 znalaz\u0142a jego oszcz\u0119dna partnerka Daniela. Z drugiej r\u0119ki w \u0160amor\u00ednie. Wyprawa po ni\u0105, demonta\u017c na cudzym podw\u00f3rku, oznakowanie poszczeg\u00f3lnych element\u00f3w, za\u0142adunek na wypo\u017cyczon\u0105 ci\u0119\u017car\u00f3wk\u0119 i transport do ogrodu za Malacky \u2013 to by\u0142a ca\u0142odniowa akcja. Po niej, oczywi\u015bcie, grillowali\u015bmy.   <\/p>\n<p><img loading=\"lazy\" decoding=\"async\" class=\"aligncenter wp-image-24084\" src=\"http:\/\/gardeon.pl\/wp-content\/uploads\/2020\/03\/barbecue-bbq-beef-charcoal-533325.jpg\" alt=\"Pieczone mi\u0119so i warzywa na ruszcie\" width=\"800\" height=\"510\" srcset=\"https:\/\/gardeon.pl\/wp-content\/uploads\/2020\/03\/barbecue-bbq-beef-charcoal-533325.jpg 1280w, https:\/\/gardeon.pl\/wp-content\/uploads\/2020\/03\/barbecue-bbq-beef-charcoal-533325-300x191.jpg 300w, https:\/\/gardeon.pl\/wp-content\/uploads\/2020\/03\/barbecue-bbq-beef-charcoal-533325-1024x653.jpg 1024w, https:\/\/gardeon.pl\/wp-content\/uploads\/2020\/03\/barbecue-bbq-beef-charcoal-533325-768x490.jpg 768w\" sizes=\"auto, (max-width: 800px) 100vw, 800px\" \/><\/p>\n<p>Nast\u0119pnego dnia odby\u0142a si\u0119 kolejna ca\u0142odniowa akcja \u2013 budowa altany. Wtedy nie by\u0142o nam ju\u017c tak weso\u0142o. Tu i \u00f3wdzie co\u015b nie pasowa\u0142o, czasem czego\u015b nie mogli\u015bmy znale\u017a\u0107, a co najwa\u017cniejsze, Boris pomaga\u0142 w monta\u017cu, podczas gdy jego partnerka i nasze \u017cony gotowa\u0142y. By\u0142o jednak warto. Wieczorem wszyscy razem siedzieli\u015bmy przy gulaszu w pi\u0119knej, du\u017cej altanie. I wszyscy si\u0119 cieszyli\u015bmy. Altana przetrwa\u0142a jesienne deszcze, \u015bnieg (cho\u0107 nie by\u0142o go du\u017co), a\u017c nadesz\u0142a tegoroczna wiosna. I ten jeden jedyny wiatr, kt\u00f3ry pod koniec lutego lub na pocz\u0105tku marca przeszed\u0142 przez S\u0142owacj\u0119. Tego ju\u017c nie przetrwa\u0142a. Wystarczy\u0142 ten wiatr, by altana, nad kt\u00f3r\u0105 tak ci\u0119\u017cko pracowali\u015bmy, leg\u0142a w gruzach.         <\/p>\n<p><img loading=\"lazy\" decoding=\"async\" class=\"aligncenter wp-image-26250\" src=\"http:\/\/gardeon.pl\/wp-content\/uploads\/2020\/04\/grey-white-clouds-158163.jpg\" alt=\"Burza\" width=\"800\" height=\"450\" srcset=\"https:\/\/gardeon.pl\/wp-content\/uploads\/2020\/04\/grey-white-clouds-158163.jpg 1280w, https:\/\/gardeon.pl\/wp-content\/uploads\/2020\/04\/grey-white-clouds-158163-300x169.jpg 300w, https:\/\/gardeon.pl\/wp-content\/uploads\/2020\/04\/grey-white-clouds-158163-1024x576.jpg 1024w, https:\/\/gardeon.pl\/wp-content\/uploads\/2020\/04\/grey-white-clouds-158163-768x432.jpg 768w\" sizes=\"auto, (max-width: 800px) 100vw, 800px\" \/><\/p>\n<p>Oczywi\u015bcie nikt<span class=\"Apple-converted-space\"> <\/span>nikomu nic nie wypomina\u0142. Poniewa\u017c kupuj\u0105c co\u015b z drugiej r\u0119ki, a potem to rozbieraj\u0105c i ponownie sk\u0142adaj\u0105c, ma si\u0119 \u015bwiadomo\u015b\u0107, \u017ce konstrukcja nie mo\u017ce mie\u0107 ju\u017c takiej samej stabilno\u015bci, jak gdyby by\u0142a nowa i montowana po raz pierwszy przez profesjonalist\u00f3w. Wtedy jednak zdali\u015bmy sobie spraw\u0119, \u017ce podobnego naporu wiatru mog\u0105 nie wytrzyma\u0107 tak\u017ce nasze inne domki narz\u0119dziowe, wi\u0119c wieczorami zacz\u0119li\u015bmy bardziej zg\u0142\u0119bia\u0107 ten temat. Ten tekst jest wynikiem tych poszukiwa\u0144.   <\/p>\n<p>Jeden z nas konsultowa\u0142 si\u0119 z s\u0105siadem z <a href=\"https:\/\/www.vuz.sk\">Instytutu Badawczego Spawalnictwa<\/a>, drugi rozmawia\u0142 z koleg\u0105 pracuj\u0105cym w biurze in\u017cynieryjnym w Niemczech przy projektowaniu samochod\u00f3w, a swoje zdanie dorzuci\u0142 te\u017c znajomy stolarz, kt\u00f3ry zna si\u0119 na drewnie. Ostatecznie doszli\u015bmy do nast\u0119puj\u0105cych wniosk\u00f3w: <\/p>\n<p>Zbagatelizowali\u015bmy wytrzyma\u0142o\u015b\u0107 naszej ma\u0142ej budowli. W przypadku altan ogrodowych czy wiat kluczowe jest to, z czego s\u0105 wykonane, z jakich materia\u0142\u00f3w, ale tak\u017ce, w jakim miejscu stoj\u0105. Altana Borisa nie by\u0142a wykonana z odpowiedniego drewna. Drewno by\u0142o stare i niedostatecznie zakonserwowane. Pierwsi w\u0142a\u015bciciele niezbyt o nie dbali, co powinni\u015bmy byli zauwa\u017cy\u0107 ju\u017c podczas demonta\u017cu. Dlatego ponownie z\u0142o\u017cona altana nie posiada\u0142a wymaganej stabilno\u015bci. Pope\u0142nili\u015bmy te\u017c b\u0142\u0105d, stawiaj\u0105c j\u0105 po\u015brodku dw\u00f3ch ogrod\u00f3w, aby optycznie oddziela\u0142a dzia\u0142k\u0119 o powierzchni ponad 30 ar\u00f3w.      <\/p>\n<p><img loading=\"lazy\" decoding=\"async\" class=\"aligncenter wp-image-24007\" src=\"http:\/\/gardeon.pl\/wp-content\/uploads\/2020\/03\/architecture-clouds-estate-exterior-280222.jpg\" alt=\"Ameryka\u0144ski dom jednorodzinny w kolorze niebiesko-bia\u0142ym\" width=\"800\" height=\"531\" srcset=\"https:\/\/gardeon.pl\/wp-content\/uploads\/2020\/03\/architecture-clouds-estate-exterior-280222.jpg 1280w, https:\/\/gardeon.pl\/wp-content\/uploads\/2020\/03\/architecture-clouds-estate-exterior-280222-300x199.jpg 300w, https:\/\/gardeon.pl\/wp-content\/uploads\/2020\/03\/architecture-clouds-estate-exterior-280222-1024x680.jpg 1024w, https:\/\/gardeon.pl\/wp-content\/uploads\/2020\/03\/architecture-clouds-estate-exterior-280222-768x510.jpg 768w\" sizes=\"auto, (max-width: 800px) 100vw, 800px\" \/><\/p>\n<p>Opr\u00f3cz niskich jab\u0142oni i grusz, kt\u00f3re niedawno posadzi\u0142, nie ma tam jeszcze nic. Nic wi\u0119c nie os\u0142ania\u0142o konstrukcji, a ten silny wiatr sprawi\u0142, \u017ce ta s\u0142aba, biedna plecionka po prostu nie mog\u0142a wytrzyma\u0107. Zlekcewa\u017cyli\u015bmy r\u00f3wnie\u017c wytrzyma\u0142o\u015b\u0107 po\u0142\u0105cze\u0144.   <em>\u201eTo tak jak w samochodach, gdzie ocenia si\u0119 nie tylko grubo\u015b\u0107 blachy, ale tak\u017ce wytrzyma\u0142o\u015b\u0107 po\u0142\u0105cze\u0144 poszczeg\u00f3lnych komponent\u00f3w\u201d.<\/em> Wyja\u015bni\u0142 nam to Daniel \u0160i\u0161an, kolega pracuj\u0105cy przy projektowaniu samochod\u00f3w dla BMW.<\/p>\n<hr>\n<h2>Blachy samochodowe a wiaty<\/h2>\n<p>Wed\u0142ug niego przemys\u0142 motoryzacyjny ma to doskonale opanowane i przy wymaganiach dotycz\u0105cych konstrukcji oraz zastosowania materia\u0142\u00f3w mo\u017cna bra\u0107 z niego przyk\u0142ad. Producent w bran\u017cy motoryzacyjnej ma jednoznaczny obowi\u0105zek zweryfikowania jako\u015bci blach i po\u0142\u0105cze\u0144 spawanych przy \u0142\u0105czeniu poszczeg\u00f3lnych cz\u0119\u015bci jeszcze przed rozpocz\u0119ciem produkcji seryjnej. <em>\u201eJu\u017c na etapie projektowania w oprogramowaniu CAE symuluje si\u0119 precyzyjnie okre\u015blone obci\u0105\u017cenia, jakim mog\u0105 by\u0107 poddawane blachy. Je\u015bli nie wytrzymaj\u0105 tego, czego si\u0119 od nich oczekuje, zwi\u0119ksza si\u0119 grubo\u015b\u0107 i wytrzyma\u0142o\u015b\u0107 blachy, a tak\u017ce zmienia jej w\u0142a\u015bciwo\u015bci lub koryguje sk\u0142ad materia\u0142u. Dzieje si\u0119 tak do momentu, a\u017c przejd\u0105 testy nacisku. Dlatego w poszczeg\u00f3lnych cz\u0119\u015bciach samochodu stosuje si\u0119 blachy o r\u00f3\u017cnej grubo\u015bci\u201d<\/em> \u2013 kontynuuje nasz kolega Danko. <\/p>\n<p><img loading=\"lazy\" decoding=\"async\" class=\"aligncenter wp-image-26252\" src=\"http:\/\/gardeon.pl\/wp-content\/uploads\/2020\/04\/blue-green-bmw-car-2127039.jpg\" alt=\"Samoch\u00f3d BMW\" width=\"800\" height=\"533\" srcset=\"https:\/\/gardeon.pl\/wp-content\/uploads\/2020\/04\/blue-green-bmw-car-2127039.jpg 1280w, https:\/\/gardeon.pl\/wp-content\/uploads\/2020\/04\/blue-green-bmw-car-2127039-300x200.jpg 300w, https:\/\/gardeon.pl\/wp-content\/uploads\/2020\/04\/blue-green-bmw-car-2127039-1024x682.jpg 1024w, https:\/\/gardeon.pl\/wp-content\/uploads\/2020\/04\/blue-green-bmw-car-2127039-768x512.jpg 768w\" sizes=\"auto, (max-width: 800px) 100vw, 800px\" \/><\/p>\n<p>Standardowa grubo\u015b\u0107 blachy, w zale\u017cno\u015bci od umiejscowienia w poje\u017adzie, waha si\u0119 od 0,5 do 0,8 mm. Specjalne blachy do samochod\u00f3w opancerzonych maj\u0105 grubo\u015b\u0107 do 3 mm. W domkach ogrodowych grubo\u015b\u0107 \u015bciany wynosi 0,7 mm, a rama \u015bciany ma 2 mm. <a href=\"http:\/\/gardeon.pl\/garaze\/prislusenstvo\/strecha\/\">Blaszane pokrycie dachowe<\/a> ma 0,75 mm, co niemal dor\u00f3wnuje najmocniejszej cz\u0119\u015bci samochodu w miejscach ewentualnego uderzenia. Grubo\u015b\u0107 s\u0142upa wiaty ogrodowej wynosi 3 mm, a grubo\u015b\u0107 p\u0142yty <a href=\"https:\/\/gardeon.pl\/pl\/wiaty\/\">wiaty<\/a> jest wi\u0119ksza ni\u017c w samochodzie opancerzonym \u2013 ma a\u017c 5 mm. Por\u00f3wnanie tych liczb otwiera zupe\u0142nie nowe perspektywy.     <\/p>\n<p><img loading=\"lazy\" decoding=\"async\" class=\"aligncenter wp-image-26230\" src=\"http:\/\/gardeon.pl\/wp-content\/uploads\/2020\/04\/close-up-photo-of-gray-metal-pipes-1381938.jpg\" alt=\"Szare stalowe rury\" width=\"800\" height=\"532\" srcset=\"https:\/\/gardeon.pl\/wp-content\/uploads\/2020\/04\/close-up-photo-of-gray-metal-pipes-1381938.jpg 1280w, https:\/\/gardeon.pl\/wp-content\/uploads\/2020\/04\/close-up-photo-of-gray-metal-pipes-1381938-300x199.jpg 300w, https:\/\/gardeon.pl\/wp-content\/uploads\/2020\/04\/close-up-photo-of-gray-metal-pipes-1381938-1024x681.jpg 1024w, https:\/\/gardeon.pl\/wp-content\/uploads\/2020\/04\/close-up-photo-of-gray-metal-pipes-1381938-768x511.jpg 768w\" sizes=\"auto, (max-width: 800px) 100vw, 800px\" \/><\/p>\n<p>Na grubo\u015bci blachy si\u0119 jednak nie ko\u0144czy. Wspomnieli\u015bmy ju\u017c, \u017ce wa\u017cne s\u0105 r\u00f3wnie\u017c jej w\u0142a\u015bciwo\u015bci, takie jak cynkowanie. Dzi\u0119ki niemu blachy w przemy\u015ble motoryzacyjnym otrzymuj\u0105 dwunastoletni\u0105 gwarancj\u0119. Altana Borisa nie mia\u0142a na to szans. Tak\u0105 sam\u0105 gwarancj\u0119 wydaje producent, kt\u00f3ry przetwarza poszczeg\u00f3lne elementy metod\u0105 t\u0142oczenia. Musi on zapewni\u0107 ich integralno\u015b\u0107. Zatem, formalnie rzecz bior\u0105c, w przemy\u015ble motoryzacyjnym cz\u0142owiek korzysta z produktu, kt\u00f3ry zosta\u0142 przetestowany pod k\u0105tem wszystkich parametr\u00f3w jako\u015bciowych.      <\/p>\n<p>Kiedy wi\u0119c kupujemy samoch\u00f3d, nie mamy powodu analizowa\u0107, gdzie producent zastosowa\u0142 jak\u0105 grubo\u015b\u0107 blachy \u2013 polegamy na tym, \u017ce jest ona dok\u0142adnie taka, jaka jest w danym miejscu konieczna. Podobnie jest w przypadku domk\u00f3w ogrodowych czy altan ze stali i aluminium. Podlegaj\u0105 one por\u00f3wnywalnym testom, kt\u00f3re badaj\u0105 ich wytrzyma\u0142o\u015b\u0107. Co wi\u0119cej, maj\u0105 kolejn\u0105 zalet\u0119 por\u00f3wnywaln\u0105 z samochodami \u2013 stosuje si\u0119 w nich specjalne pow\u0142oki chroni\u0105ce materia\u0142, dzi\u0119ki kt\u00f3rym s\u0105 praktycznie bezobs\u0142ugowe.    <\/p>\n<p><img loading=\"lazy\" decoding=\"async\" class=\"aligncenter wp-image-26226\" src=\"http:\/\/gardeon.pl\/wp-content\/uploads\/2020\/04\/action-artisan-burnt-construction-1145434.jpg\" alt=\"Szlifierka do metalu\" width=\"800\" height=\"533\" srcset=\"https:\/\/gardeon.pl\/wp-content\/uploads\/2020\/04\/action-artisan-burnt-construction-1145434.jpg 1280w, https:\/\/gardeon.pl\/wp-content\/uploads\/2020\/04\/action-artisan-burnt-construction-1145434-300x200.jpg 300w, https:\/\/gardeon.pl\/wp-content\/uploads\/2020\/04\/action-artisan-burnt-construction-1145434-1024x682.jpg 1024w, https:\/\/gardeon.pl\/wp-content\/uploads\/2020\/04\/action-artisan-burnt-construction-1145434-768x512.jpg 768w\" sizes=\"auto, (max-width: 800px) 100vw, 800px\" \/><\/p>\n<hr>\n<h3>Grubo\u015b\u0107 konstrukcji montowanych GARDEON:<\/h3>\n<p><em>Grubo\u015b\u0107 \u015bciany <span class=\"Apple-converted-space\">\u2013<\/span> 0,7 mm<\/em><\/p>\n<p><em>Rama \u015bciany <span class=\"Apple-converted-space\">\u2013<\/span> 2 mm<\/em><\/p>\n<p><em>Pokrycie dachowe <span class=\"Apple-converted-space\">\u2013<\/span> 0,75 mm<\/em><\/p>\n<p><em>Grubo\u015b\u0107 stali na s\u0142upie wiaty <span class=\"Apple-converted-space\">\u2013<\/span> 3 mm<\/em><\/p>\n<hr>\n<h3>W\u0142a\u015bciwo\u015bci konstrukcyjne po\u0142\u0105cze\u0144 stalowych<\/h3>\n<p>G\u0142\u00f3wn\u0105 ide\u0105 przy konstrukcji samochodu jest u\u017cycie materia\u0142u, kt\u00f3ry poprzez swoj\u0105 deformacj\u0119 plastyczn\u0105 poch\u0142on\u0105\u0142by jak najwi\u0119cej energii uderzenia i z\u0142agodzi\u0142 jego skutki. Konstrukcja ma bowiem maksymalnie chroni\u0107 pasa\u017cer\u00f3w w razie wypadku. Na tym polegamy wszyscy, kt\u00f3rzy je\u017adzimy i przewozimy swoimi samochodami nasze rodziny. Mi\u0119dzy innymi blachy samochodu jako ca\u0142o\u015b\u0107 musz\u0105 znosi\u0107 r\u00f3\u017cne poprzeczne, pod\u0142u\u017cne i inne asymetryczne obci\u0105\u017cenia gn\u0105ce bez widocznych objaw\u00f3w. I to jest w\u0142a\u015bnie ta informacja, kt\u00f3r\u0105 gdyby Boris wzi\u0105\u0142 pod uwag\u0119 przed zakupem altany, z pewno\u015bci\u0105 nie wybra\u0142by tamtej, lecz montowan\u0105 konstrukcj\u0119 stalowo-aluminiow\u0105.    <\/p>\n<p><img loading=\"lazy\" decoding=\"async\" class=\"aligncenter wp-image-26234\" src=\"http:\/\/gardeon.pl\/wp-content\/uploads\/2020\/04\/gray-steel-bar-46167.jpg\" alt=\"Stalowe pr\u0119ty\" width=\"800\" height=\"533\" srcset=\"https:\/\/gardeon.pl\/wp-content\/uploads\/2020\/04\/gray-steel-bar-46167.jpg 1280w, https:\/\/gardeon.pl\/wp-content\/uploads\/2020\/04\/gray-steel-bar-46167-300x200.jpg 300w, https:\/\/gardeon.pl\/wp-content\/uploads\/2020\/04\/gray-steel-bar-46167-1024x682.jpg 1024w, https:\/\/gardeon.pl\/wp-content\/uploads\/2020\/04\/gray-steel-bar-46167-768x512.jpg 768w, https:\/\/gardeon.pl\/wp-content\/uploads\/2020\/04\/gray-steel-bar-46167-1200x800.jpg 1200w\" sizes=\"auto, (max-width: 800px) 100vw, 800px\" \/><\/p>\n<p>Tego lata nie musia\u0142by budowa\u0107 nowej, poniewa\u017c ta wytrzyma\u0142aby wspomniany wiatr. By\u0142aby przecie\u017c co najmniej tak solidna jak karoseria jego samochodu. Nawiasem m\u00f3wi\u0105c, czy wiedz\u0105 Pa\u0144stwo, jak\u0105 grubo\u015b\u0107 ma karoseria Pa\u0144stwa samochodu? Ja ju\u017c to wiem, poniewa\u017c jest to dla mnie istotna informacja. I gdybym budowa\u0142 nad nim wiat\u0119, z pewno\u015bci\u0105 chcia\u0142bym, aby chroni\u0142a go co najmniej tak dobrze, jak on chroni nas, gdy si\u0119 nim gdzie\u015b wybieramy.     <\/p>\n<h5>\u0179r\u00f3d\u0142o:<\/h5>\n<h5>https:\/\/www.pexels.com\/<\/h5>\n","protected":false},"excerpt":{"rendered":"<p>M\u00f3j przyjaciel Boris ma ogr\u00f3d. Poniewa\u017c jest doskona\u0142ym kucharzem, ma wielu znajomych, kt\u00f3rzy ch\u0119tnie zatrzymuj\u0105 si\u0119 przy jego ogrodzie, opieraj\u0105 si\u0119 o p\u0142ot i zaczynaj\u0105 dyskutowa\u0107. Przy drugim pytaniu s\u0105 ju\u017c w \u015brodku i patrz\u0105, jak Boris obraca kark\u00f3wk\u0119 na grillu. Jest bardzo go\u015bcinny, wi\u0119c w zesz\u0142ym roku uzna\u0142, \u017ce potrzebuje altany dla przechodni\u00f3w. W [&hellip;]<\/p>\n","protected":false},"author":2,"featured_media":46089,"comment_status":"open","ping_status":"open","sticky":false,"template":"","format":"standard","meta":{"_acf_changed":false,"inline_featured_image":false,"footnotes":""},"categories":[594],"tags":[],"class_list":["post-46085","post","type-post","status-publish","format-standard","has-post-thumbnail","hentry","category-ogrod"],"acf":[],"yoast_head":"<!-- This site is optimized with the Yoast SEO plugin v27.4 - https:\/\/yoast.com\/product\/yoast-seo-wordpress\/ -->\n<title>Kiedy wieje, uwa\u017caj na g\u0142ow\u0119... Czyli jak wygra\u0107 z wiatrem :) - GARDEON<\/title>\n<meta name=\"robots\" content=\"index, follow, max-snippet:-1, max-image-preview:large, max-video-preview:-1\" \/>\n<link rel=\"canonical\" href=\"https:\/\/gardeon.pl\/pl\/blog\/kiedy-wieje-uwazaj-na-glowe-czyli-jak-wygrac-z-wiatrem\/\" \/>\n<meta property=\"og:locale\" content=\"pl_PL\" \/>\n<meta property=\"og:type\" content=\"article\" \/>\n<meta property=\"og:title\" content=\"Kiedy wieje, uwa\u017caj na g\u0142ow\u0119... Czyli jak wygra\u0107 z wiatrem :) - GARDEON\" \/>\n<meta property=\"og:description\" content=\"M\u00f3j przyjaciel Boris ma ogr\u00f3d. Poniewa\u017c jest doskona\u0142ym kucharzem, ma wielu znajomych, kt\u00f3rzy ch\u0119tnie zatrzymuj\u0105 si\u0119 przy jego ogrodzie, opieraj\u0105 si\u0119 o p\u0142ot i zaczynaj\u0105 dyskutowa\u0107. Przy drugim pytaniu s\u0105 ju\u017c w \u015brodku i patrz\u0105, jak Boris obraca kark\u00f3wk\u0119 na grillu. Jest bardzo go\u015bcinny, wi\u0119c w zesz\u0142ym roku uzna\u0142, \u017ce potrzebuje altany dla przechodni\u00f3w. W [&hellip;]\" \/>\n<meta property=\"og:url\" content=\"https:\/\/gardeon.pl\/pl\/blog\/kiedy-wieje-uwazaj-na-glowe-czyli-jak-wygrac-z-wiatrem\/\" \/>\n<meta property=\"og:site_name\" content=\"GARDEON\" \/>\n<meta property=\"article:published_time\" content=\"2026-04-23T17:01:15+00:00\" \/>\n<meta property=\"og:image\" content=\"http:\/\/gardeon.pl\/wp-content\/uploads\/2020\/04\/smiling-woman-in-jacket-3373398.jpg\" \/>\n\t<meta property=\"og:image:width\" content=\"1280\" \/>\n\t<meta property=\"og:image:height\" content=\"853\" \/>\n\t<meta property=\"og:image:type\" content=\"image\/jpeg\" \/>\n<meta name=\"author\" content=\"editor\" \/>\n<meta name=\"twitter:card\" content=\"summary_large_image\" \/>\n<meta name=\"twitter:label1\" content=\"Napisane przez\" \/>\n\t<meta name=\"twitter:data1\" content=\"editor\" \/>\n\t<meta name=\"twitter:label2\" content=\"Szacowany czas czytania\" \/>\n\t<meta name=\"twitter:data2\" content=\"6 minut\" \/>\n<script type=\"application\/ld+json\" class=\"yoast-schema-graph\">{\"@context\":\"https:\\\/\\\/schema.org\",\"@graph\":[{\"@type\":\"Article\",\"@id\":\"https:\\\/\\\/gardeon.pl\\\/pl\\\/blog\\\/kiedy-wieje-uwazaj-na-glowe-czyli-jak-wygrac-z-wiatrem\\\/#article\",\"isPartOf\":{\"@id\":\"https:\\\/\\\/gardeon.pl\\\/pl\\\/blog\\\/kiedy-wieje-uwazaj-na-glowe-czyli-jak-wygrac-z-wiatrem\\\/\"},\"author\":{\"name\":\"editor\",\"@id\":\"https:\\\/\\\/gardeon.pl\\\/#\\\/schema\\\/person\\\/a5762ca5f0790bf92774af0899379463\"},\"headline\":\"Kiedy wieje, uwa\u017caj na g\u0142ow\u0119&#8230; Czyli jak wygra\u0107 z wiatrem :)\",\"datePublished\":\"2026-04-23T17:01:15+00:00\",\"mainEntityOfPage\":{\"@id\":\"https:\\\/\\\/gardeon.pl\\\/pl\\\/blog\\\/kiedy-wieje-uwazaj-na-glowe-czyli-jak-wygrac-z-wiatrem\\\/\"},\"wordCount\":1230,\"commentCount\":0,\"image\":{\"@id\":\"https:\\\/\\\/gardeon.pl\\\/pl\\\/blog\\\/kiedy-wieje-uwazaj-na-glowe-czyli-jak-wygrac-z-wiatrem\\\/#primaryimage\"},\"thumbnailUrl\":\"https:\\\/\\\/gardeon.pl\\\/wp-content\\\/uploads\\\/2020\\\/04\\\/smiling-woman-in-jacket-3373398.jpg\",\"articleSection\":[\"Ogr\u00f3d\"],\"inLanguage\":\"pl-PL\",\"potentialAction\":[{\"@type\":\"CommentAction\",\"name\":\"Comment\",\"target\":[\"https:\\\/\\\/gardeon.pl\\\/pl\\\/blog\\\/kiedy-wieje-uwazaj-na-glowe-czyli-jak-wygrac-z-wiatrem\\\/#respond\"]}]},{\"@type\":\"WebPage\",\"@id\":\"https:\\\/\\\/gardeon.pl\\\/pl\\\/blog\\\/kiedy-wieje-uwazaj-na-glowe-czyli-jak-wygrac-z-wiatrem\\\/\",\"url\":\"https:\\\/\\\/gardeon.pl\\\/pl\\\/blog\\\/kiedy-wieje-uwazaj-na-glowe-czyli-jak-wygrac-z-wiatrem\\\/\",\"name\":\"Kiedy wieje, uwa\u017caj na g\u0142ow\u0119... Czyli jak wygra\u0107 z wiatrem :) - GARDEON\",\"isPartOf\":{\"@id\":\"https:\\\/\\\/gardeon.pl\\\/#website\"},\"primaryImageOfPage\":{\"@id\":\"https:\\\/\\\/gardeon.pl\\\/pl\\\/blog\\\/kiedy-wieje-uwazaj-na-glowe-czyli-jak-wygrac-z-wiatrem\\\/#primaryimage\"},\"image\":{\"@id\":\"https:\\\/\\\/gardeon.pl\\\/pl\\\/blog\\\/kiedy-wieje-uwazaj-na-glowe-czyli-jak-wygrac-z-wiatrem\\\/#primaryimage\"},\"thumbnailUrl\":\"https:\\\/\\\/gardeon.pl\\\/wp-content\\\/uploads\\\/2020\\\/04\\\/smiling-woman-in-jacket-3373398.jpg\",\"datePublished\":\"2026-04-23T17:01:15+00:00\",\"author\":{\"@id\":\"https:\\\/\\\/gardeon.pl\\\/#\\\/schema\\\/person\\\/a5762ca5f0790bf92774af0899379463\"},\"breadcrumb\":{\"@id\":\"https:\\\/\\\/gardeon.pl\\\/pl\\\/blog\\\/kiedy-wieje-uwazaj-na-glowe-czyli-jak-wygrac-z-wiatrem\\\/#breadcrumb\"},\"inLanguage\":\"pl-PL\",\"potentialAction\":[{\"@type\":\"ReadAction\",\"target\":[\"https:\\\/\\\/gardeon.pl\\\/pl\\\/blog\\\/kiedy-wieje-uwazaj-na-glowe-czyli-jak-wygrac-z-wiatrem\\\/\"]}]},{\"@type\":\"ImageObject\",\"inLanguage\":\"pl-PL\",\"@id\":\"https:\\\/\\\/gardeon.pl\\\/pl\\\/blog\\\/kiedy-wieje-uwazaj-na-glowe-czyli-jak-wygrac-z-wiatrem\\\/#primaryimage\",\"url\":\"https:\\\/\\\/gardeon.pl\\\/wp-content\\\/uploads\\\/2020\\\/04\\\/smiling-woman-in-jacket-3373398.jpg\",\"contentUrl\":\"https:\\\/\\\/gardeon.pl\\\/wp-content\\\/uploads\\\/2020\\\/04\\\/smiling-woman-in-jacket-3373398.jpg\",\"width\":1280,\"height\":853,\"caption\":\"Kobieta na wietrze\"},{\"@type\":\"BreadcrumbList\",\"@id\":\"https:\\\/\\\/gardeon.pl\\\/pl\\\/blog\\\/kiedy-wieje-uwazaj-na-glowe-czyli-jak-wygrac-z-wiatrem\\\/#breadcrumb\",\"itemListElement\":[{\"@type\":\"ListItem\",\"position\":1,\"name\":\"Domov\",\"item\":\"https:\\\/\\\/gardeon.pl\\\/pl\\\/\"},{\"@type\":\"ListItem\",\"position\":2,\"name\":\"Kiedy wieje, uwa\u017caj na g\u0142ow\u0119&#8230; Czyli jak wygra\u0107 z wiatrem :)\"}]},{\"@type\":\"WebSite\",\"@id\":\"https:\\\/\\\/gardeon.pl\\\/#website\",\"url\":\"https:\\\/\\\/gardeon.pl\\\/\",\"name\":\"GARDEON\",\"description\":\"\",\"potentialAction\":[{\"@type\":\"SearchAction\",\"target\":{\"@type\":\"EntryPoint\",\"urlTemplate\":\"https:\\\/\\\/gardeon.pl\\\/?s={search_term_string}\"},\"query-input\":{\"@type\":\"PropertyValueSpecification\",\"valueRequired\":true,\"valueName\":\"search_term_string\"}}],\"inLanguage\":\"pl-PL\"},{\"@type\":\"Person\",\"@id\":\"https:\\\/\\\/gardeon.pl\\\/#\\\/schema\\\/person\\\/a5762ca5f0790bf92774af0899379463\",\"name\":\"editor\",\"image\":{\"@type\":\"ImageObject\",\"inLanguage\":\"pl-PL\",\"@id\":\"https:\\\/\\\/secure.gravatar.com\\\/avatar\\\/2b748151c2c748327307fd289a91b3bdafdd9e64e2d000e65e53d6dcf11c5830?s=96&d=mm&r=g\",\"url\":\"https:\\\/\\\/secure.gravatar.com\\\/avatar\\\/2b748151c2c748327307fd289a91b3bdafdd9e64e2d000e65e53d6dcf11c5830?s=96&d=mm&r=g\",\"contentUrl\":\"https:\\\/\\\/secure.gravatar.com\\\/avatar\\\/2b748151c2c748327307fd289a91b3bdafdd9e64e2d000e65e53d6dcf11c5830?s=96&d=mm&r=g\",\"caption\":\"editor\"}}]}<\/script>\n<!-- \/ Yoast SEO plugin. -->","yoast_head_json":{"title":"Kiedy wieje, uwa\u017caj na g\u0142ow\u0119... Czyli jak wygra\u0107 z wiatrem :) - GARDEON","robots":{"index":"index","follow":"follow","max-snippet":"max-snippet:-1","max-image-preview":"max-image-preview:large","max-video-preview":"max-video-preview:-1"},"canonical":"https:\/\/gardeon.pl\/pl\/blog\/kiedy-wieje-uwazaj-na-glowe-czyli-jak-wygrac-z-wiatrem\/","og_locale":"pl_PL","og_type":"article","og_title":"Kiedy wieje, uwa\u017caj na g\u0142ow\u0119... Czyli jak wygra\u0107 z wiatrem :) - GARDEON","og_description":"M\u00f3j przyjaciel Boris ma ogr\u00f3d. Poniewa\u017c jest doskona\u0142ym kucharzem, ma wielu znajomych, kt\u00f3rzy ch\u0119tnie zatrzymuj\u0105 si\u0119 przy jego ogrodzie, opieraj\u0105 si\u0119 o p\u0142ot i zaczynaj\u0105 dyskutowa\u0107. Przy drugim pytaniu s\u0105 ju\u017c w \u015brodku i patrz\u0105, jak Boris obraca kark\u00f3wk\u0119 na grillu. Jest bardzo go\u015bcinny, wi\u0119c w zesz\u0142ym roku uzna\u0142, \u017ce potrzebuje altany dla przechodni\u00f3w. W [&hellip;]","og_url":"https:\/\/gardeon.pl\/pl\/blog\/kiedy-wieje-uwazaj-na-glowe-czyli-jak-wygrac-z-wiatrem\/","og_site_name":"GARDEON","article_published_time":"2026-04-23T17:01:15+00:00","og_image":[{"width":1280,"height":853,"url":"http:\/\/gardeon.pl\/wp-content\/uploads\/2020\/04\/smiling-woman-in-jacket-3373398.jpg","type":"image\/jpeg"}],"author":"editor","twitter_card":"summary_large_image","twitter_misc":{"Napisane przez":"editor","Szacowany czas czytania":"6 minut"},"schema":{"@context":"https:\/\/schema.org","@graph":[{"@type":"Article","@id":"https:\/\/gardeon.pl\/pl\/blog\/kiedy-wieje-uwazaj-na-glowe-czyli-jak-wygrac-z-wiatrem\/#article","isPartOf":{"@id":"https:\/\/gardeon.pl\/pl\/blog\/kiedy-wieje-uwazaj-na-glowe-czyli-jak-wygrac-z-wiatrem\/"},"author":{"name":"editor","@id":"https:\/\/gardeon.pl\/#\/schema\/person\/a5762ca5f0790bf92774af0899379463"},"headline":"Kiedy wieje, uwa\u017caj na g\u0142ow\u0119&#8230; Czyli jak wygra\u0107 z wiatrem :)","datePublished":"2026-04-23T17:01:15+00:00","mainEntityOfPage":{"@id":"https:\/\/gardeon.pl\/pl\/blog\/kiedy-wieje-uwazaj-na-glowe-czyli-jak-wygrac-z-wiatrem\/"},"wordCount":1230,"commentCount":0,"image":{"@id":"https:\/\/gardeon.pl\/pl\/blog\/kiedy-wieje-uwazaj-na-glowe-czyli-jak-wygrac-z-wiatrem\/#primaryimage"},"thumbnailUrl":"https:\/\/gardeon.pl\/wp-content\/uploads\/2020\/04\/smiling-woman-in-jacket-3373398.jpg","articleSection":["Ogr\u00f3d"],"inLanguage":"pl-PL","potentialAction":[{"@type":"CommentAction","name":"Comment","target":["https:\/\/gardeon.pl\/pl\/blog\/kiedy-wieje-uwazaj-na-glowe-czyli-jak-wygrac-z-wiatrem\/#respond"]}]},{"@type":"WebPage","@id":"https:\/\/gardeon.pl\/pl\/blog\/kiedy-wieje-uwazaj-na-glowe-czyli-jak-wygrac-z-wiatrem\/","url":"https:\/\/gardeon.pl\/pl\/blog\/kiedy-wieje-uwazaj-na-glowe-czyli-jak-wygrac-z-wiatrem\/","name":"Kiedy wieje, uwa\u017caj na g\u0142ow\u0119... Czyli jak wygra\u0107 z wiatrem :) - GARDEON","isPartOf":{"@id":"https:\/\/gardeon.pl\/#website"},"primaryImageOfPage":{"@id":"https:\/\/gardeon.pl\/pl\/blog\/kiedy-wieje-uwazaj-na-glowe-czyli-jak-wygrac-z-wiatrem\/#primaryimage"},"image":{"@id":"https:\/\/gardeon.pl\/pl\/blog\/kiedy-wieje-uwazaj-na-glowe-czyli-jak-wygrac-z-wiatrem\/#primaryimage"},"thumbnailUrl":"https:\/\/gardeon.pl\/wp-content\/uploads\/2020\/04\/smiling-woman-in-jacket-3373398.jpg","datePublished":"2026-04-23T17:01:15+00:00","author":{"@id":"https:\/\/gardeon.pl\/#\/schema\/person\/a5762ca5f0790bf92774af0899379463"},"breadcrumb":{"@id":"https:\/\/gardeon.pl\/pl\/blog\/kiedy-wieje-uwazaj-na-glowe-czyli-jak-wygrac-z-wiatrem\/#breadcrumb"},"inLanguage":"pl-PL","potentialAction":[{"@type":"ReadAction","target":["https:\/\/gardeon.pl\/pl\/blog\/kiedy-wieje-uwazaj-na-glowe-czyli-jak-wygrac-z-wiatrem\/"]}]},{"@type":"ImageObject","inLanguage":"pl-PL","@id":"https:\/\/gardeon.pl\/pl\/blog\/kiedy-wieje-uwazaj-na-glowe-czyli-jak-wygrac-z-wiatrem\/#primaryimage","url":"https:\/\/gardeon.pl\/wp-content\/uploads\/2020\/04\/smiling-woman-in-jacket-3373398.jpg","contentUrl":"https:\/\/gardeon.pl\/wp-content\/uploads\/2020\/04\/smiling-woman-in-jacket-3373398.jpg","width":1280,"height":853,"caption":"Kobieta na wietrze"},{"@type":"BreadcrumbList","@id":"https:\/\/gardeon.pl\/pl\/blog\/kiedy-wieje-uwazaj-na-glowe-czyli-jak-wygrac-z-wiatrem\/#breadcrumb","itemListElement":[{"@type":"ListItem","position":1,"name":"Domov","item":"https:\/\/gardeon.pl\/pl\/"},{"@type":"ListItem","position":2,"name":"Kiedy wieje, uwa\u017caj na g\u0142ow\u0119&#8230; Czyli jak wygra\u0107 z wiatrem :)"}]},{"@type":"WebSite","@id":"https:\/\/gardeon.pl\/#website","url":"https:\/\/gardeon.pl\/","name":"GARDEON","description":"","potentialAction":[{"@type":"SearchAction","target":{"@type":"EntryPoint","urlTemplate":"https:\/\/gardeon.pl\/?s={search_term_string}"},"query-input":{"@type":"PropertyValueSpecification","valueRequired":true,"valueName":"search_term_string"}}],"inLanguage":"pl-PL"},{"@type":"Person","@id":"https:\/\/gardeon.pl\/#\/schema\/person\/a5762ca5f0790bf92774af0899379463","name":"editor","image":{"@type":"ImageObject","inLanguage":"pl-PL","@id":"https:\/\/secure.gravatar.com\/avatar\/2b748151c2c748327307fd289a91b3bdafdd9e64e2d000e65e53d6dcf11c5830?s=96&d=mm&r=g","url":"https:\/\/secure.gravatar.com\/avatar\/2b748151c2c748327307fd289a91b3bdafdd9e64e2d000e65e53d6dcf11c5830?s=96&d=mm&r=g","contentUrl":"https:\/\/secure.gravatar.com\/avatar\/2b748151c2c748327307fd289a91b3bdafdd9e64e2d000e65e53d6dcf11c5830?s=96&d=mm&r=g","caption":"editor"}}]}},"_links":{"self":[{"href":"https:\/\/gardeon.pl\/pl\/wp-json\/wp\/v2\/posts\/46085","targetHints":{"allow":["GET"]}}],"collection":[{"href":"https:\/\/gardeon.pl\/pl\/wp-json\/wp\/v2\/posts"}],"about":[{"href":"https:\/\/gardeon.pl\/pl\/wp-json\/wp\/v2\/types\/post"}],"author":[{"embeddable":true,"href":"https:\/\/gardeon.pl\/pl\/wp-json\/wp\/v2\/users\/2"}],"replies":[{"embeddable":true,"href":"https:\/\/gardeon.pl\/pl\/wp-json\/wp\/v2\/comments?post=46085"}],"version-history":[{"count":0,"href":"https:\/\/gardeon.pl\/pl\/wp-json\/wp\/v2\/posts\/46085\/revisions"}],"wp:featuredmedia":[{"embeddable":true,"href":"https:\/\/gardeon.pl\/pl\/wp-json\/wp\/v2\/media\/46089"}],"wp:attachment":[{"href":"https:\/\/gardeon.pl\/pl\/wp-json\/wp\/v2\/media?parent=46085"}],"wp:term":[{"taxonomy":"category","embeddable":true,"href":"https:\/\/gardeon.pl\/pl\/wp-json\/wp\/v2\/categories?post=46085"},{"taxonomy":"post_tag","embeddable":true,"href":"https:\/\/gardeon.pl\/pl\/wp-json\/wp\/v2\/tags?post=46085"}],"curies":[{"name":"wp","href":"https:\/\/api.w.org\/{rel}","templated":true}]}}