{"id":46093,"date":"2026-04-23T19:01:15","date_gmt":"2026-04-23T17:01:15","guid":{"rendered":"https:\/\/gardeon.pl\/?p=46093"},"modified":"2026-04-23T19:01:15","modified_gmt":"2026-04-23T17:01:15","slug":"ekologiczne-spojrzenie-na-drewno-aluminium-i-stal","status":"publish","type":"post","link":"https:\/\/gardeon.pl\/pl\/blog\/ekologiczne-spojrzenie-na-drewno-aluminium-i-stal\/","title":{"rendered":"Ekologiczne spojrzenie na drewno, aluminium i stal"},"content":{"rendered":"<p><em>Kt\u00f3ry materia\u0142 ma najd\u0142u\u017csz\u0105 \u017cywotno\u015b\u0107? Dlaczego lepiej wybra\u0107 okna aluminiowe? A dlaczego drzwi stalowe? Kt\u00f3ry mo\u017cna po latach podda\u0107 recyklingowi i wykorzysta\u0107 do innych cel\u00f3w? Hm, ma Pan\/Pani mn\u00f3stwo pyta\u0144 dotycz\u0105cych materia\u0142\u00f3w, kt\u00f3re planuje Pan\/Pani zastosowa\u0107? Na niekt\u00f3re z nich odpowiedzi znajdzie Pan\/Pani ju\u017c w tym tek\u015bcie. Je\u015bli s\u0105 Pa\u0144stwo zainteresowani, zapraszamy do dalszej lektury.      <\/em><\/p>\n<hr>\n<h2>Nie ka\u017cde drewno jest takie samo<\/h2>\n<p>Drewno jest dzi\u015b uwa\u017cane za materia\u0142 o ni\u017cszej trwa\u0142o\u015bci i wielokrotnie zast\u0119puje si\u0119 je innymi materia\u0142ami, na przyk\u0142ad murem. Aby cho\u0107 troch\u0119 stan\u0105\u0107 w obronie drewna, nale\u017cy powiedzie\u0107, \u017ce nie ma a\u017c tak niskiej \u017cywotno\u015bci, a niekt\u00f3rzy specjali\u015bci twierdz\u0105 nawet, \u017ce jest mniej palne ni\u017c inne materia\u0142y. <span class=\"Apple-converted-space\"> <\/span>Mimo to jest to naturalny materia\u0142 o charakterze organicznym, kt\u00f3ry mog\u0105 degradowa\u0107 r\u00f3\u017cne czynniki. Z pewno\u015bci\u0105 nie przetrwa w \u017cadnym, nawet zdeformowanym stanie po\u017caru, a tak\u017ce trudno mu si\u0119 upora\u0107 z atakiem grzyb\u00f3w. <span class=\"Apple-converted-space\"> <\/span><\/p>\n<p><img loading=\"lazy\" decoding=\"async\" class=\"aligncenter wp-image-26228\" src=\"http:\/\/gardeon.pl\/wp-content\/uploads\/2020\/04\/background-colored-parquet-pastel-450066.jpg\" alt=\"Drewno pomalowane farbami pastelowymi\" width=\"800\" height=\"533\" srcset=\"https:\/\/gardeon.pl\/wp-content\/uploads\/2020\/04\/background-colored-parquet-pastel-450066.jpg 1280w, https:\/\/gardeon.pl\/wp-content\/uploads\/2020\/04\/background-colored-parquet-pastel-450066-300x200.jpg 300w, https:\/\/gardeon.pl\/wp-content\/uploads\/2020\/04\/background-colored-parquet-pastel-450066-1024x682.jpg 1024w, https:\/\/gardeon.pl\/wp-content\/uploads\/2020\/04\/background-colored-parquet-pastel-450066-768x512.jpg 768w\" sizes=\"auto, (max-width: 800px) 100vw, 800px\" \/><\/p>\n<p>Trwa\u0142o\u015b\u0107 drewna znacznie r\u00f3\u017cni si\u0119 w zale\u017cno\u015bci od gatunku. Podwy\u017cszonej wilgotno\u015bci ca\u0142kiem dobrze opiera si\u0119 d\u0105b. To drewno jest jednak bardziej kosztowne, dlatego rzadziej stosuje si\u0119 je w konstrukcjach. Cz\u0119\u015bciej wykorzystuje si\u0119 je do wyko\u0144czenia wn\u0119trz. Ca\u0142kiem dobr\u0105 \u017cywotno\u015b\u0107 ma sosna i modrzew. Mniejsz\u0105 trwa\u0142o\u015b\u0107 od tych gatunk\u00f3w ma \u015bwierk. \u015awierk ma jednak, opr\u00f3cz \u0142atwej dost\u0119pno\u015bci u nas, jedn\u0105 istotn\u0105 zalet\u0119. Mianowicie po wysuszeniu ma najni\u017csz\u0105 mas\u0119 na metr sze\u015bcienny, a tak\u017ce wi\u0119ksz\u0105 zawarto\u015b\u0107 powietrza, kt\u00f3re jest doskona\u0142ym izolatorem cieplnym.       <\/p>\n<p><img loading=\"lazy\" decoding=\"async\" class=\"aligncenter wp-image-26236\" src=\"http:\/\/gardeon.pl\/wp-content\/uploads\/2020\/04\/low-angle-photo-pine-tree-under-cloudy-sky-2422159.jpg\" alt=\"Sosna\" width=\"800\" height=\"533\" srcset=\"https:\/\/gardeon.pl\/wp-content\/uploads\/2020\/04\/low-angle-photo-pine-tree-under-cloudy-sky-2422159.jpg 1280w, https:\/\/gardeon.pl\/wp-content\/uploads\/2020\/04\/low-angle-photo-pine-tree-under-cloudy-sky-2422159-300x200.jpg 300w, https:\/\/gardeon.pl\/wp-content\/uploads\/2020\/04\/low-angle-photo-pine-tree-under-cloudy-sky-2422159-1024x682.jpg 1024w, https:\/\/gardeon.pl\/wp-content\/uploads\/2020\/04\/low-angle-photo-pine-tree-under-cloudy-sky-2422159-768x512.jpg 768w\" sizes=\"auto, (max-width: 800px) 100vw, 800px\" \/><\/p>\n<p>Je\u015bli zdecydowaliby si\u0119 Pa\u0144stwo na budow\u0119 z drewna, wa\u017cne jest, aby wybra\u0107 firm\u0119, kt\u00f3ra dba o szczeg\u00f3\u0142y konstrukcyjne. \u0179le zaprojektowane detale mog\u0105 spowodowa\u0107 na przyk\u0142ad przeciekanie wody do po\u0142\u0105cze\u0144. Z pewno\u015bci\u0105 nie chc\u0105 Pa\u0144stwo remontowa\u0107 swojej budowli wcze\u015bniej, ni\u017c planowali, tylko z powodu dzia\u0142ania wody. Je\u015bli chc\u0105 Pa\u0144stwo unikn\u0105\u0107 dzia\u0142ania wiatru i s\u0142o\u0144ca, zadbajcie o odpowiedni wysi\u0119g dachu.   <span class=\"Apple-converted-space\"> <\/span><\/p>\n<p>Uszkodzenia konstrukcji drewnianej zale\u017c\u0105, jak ju\u017c powiedzieli\u015bmy, przede wszystkim od gatunku drewna i warunk\u00f3w klimatycznych, w jakich znajduje si\u0119 Pa\u0144stwa budowla. Nale\u017cy liczy\u0107 si\u0119 absolutnie ze wszystkim. Ze s\u0142o\u0144cem, z wilgotno\u015bci\u0105 przyziemn\u0105, ale tak\u017ce powietrzn\u0105, deszczem, \u015bniegiem, lodem, szronem, r\u00f3\u017cnicami temperatur, py\u0142em&#8230; Je\u015bli odpowiednio i fachowo si\u0119 do tego przygotuj\u0105, swoj\u0105 drewnian\u0105 budowl\u0119 mog\u0105 Pa\u0144stwo przed nimi ochroni\u0107 i utrzyma\u0107 w dobrej kondycji stosunkowo d\u0142ugo.   <\/p>\n<p><img loading=\"lazy\" decoding=\"async\" class=\"aligncenter wp-image-26238\" src=\"http:\/\/gardeon.pl\/wp-content\/uploads\/2020\/04\/architecture-building-construction-daylight-534220.jpg\" alt=\"Konstrukcja drewniana\" width=\"800\" height=\"554\" srcset=\"https:\/\/gardeon.pl\/wp-content\/uploads\/2020\/04\/architecture-building-construction-daylight-534220.jpg 1280w, https:\/\/gardeon.pl\/wp-content\/uploads\/2020\/04\/architecture-building-construction-daylight-534220-300x208.jpg 300w, https:\/\/gardeon.pl\/wp-content\/uploads\/2020\/04\/architecture-building-construction-daylight-534220-1024x710.jpg 1024w, https:\/\/gardeon.pl\/wp-content\/uploads\/2020\/04\/architecture-building-construction-daylight-534220-768x532.jpg 768w\" sizes=\"auto, (max-width: 800px) 100vw, 800px\" \/><\/p>\n<p>Popyt na drewno z roku na rok ro\u015bnie. Lubimy jego zapach, uwa\u017camy je za materia\u0142 ekologiczny. Ale&#8230; tylko oko\u0142o 20% drewna w naszym otoczeniu pochodzi z recyklingu, pozosta\u0142e by\u0142y pierwotnie zdrowymi drzewami z wylesionej powierzchni. Co nie jest a\u017c tak ekologiczne. Doskonale, \u017ce firmy zaczynaj\u0105 coraz bardziej zajmowa\u0107 si\u0119 recyklingiem drewna i mo\u017cna do tego wykorzysta\u0107 wszystko, co ma drewnian\u0105 podstaw\u0119. Od mebli przez drewniane pod\u0142ogi, ramy okienne, drewno budowlane, suche materia\u0142y drzewne a\u017c po \u015bwie\u017ce odpady drzewne powstaj\u0105ce po piel\u0119gnacji zieleni.     <\/p>\n<p>Odpady drzewne s\u0105 zbierane i przetwarzane. Nast\u0119pnie s\u0105 wywo\u017cone do fabryk, kt\u00f3re wytwarzaj\u0105 z nich p\u0142yty wi\u00f3rowe na meble lub materia\u0142y budowlane. Drewno mniej jako\u015bciowe i ga\u0142\u0119zie drzew przetwarzaj\u0105 na zr\u0119bki, kt\u00f3re s\u0105 spalane w specjalnych kot\u0142ach i wytwarza si\u0119 z nich energi\u0119 elektryczn\u0105 i ciep\u0142o.  <\/p>\n<p><img loading=\"lazy\" decoding=\"async\" class=\"aligncenter wp-image-26240\" src=\"http:\/\/gardeon.pl\/wp-content\/uploads\/2020\/04\/beige-wood-putted-on-fire-164168.jpg\" alt=\"Ogie\u0144 w kominku\" width=\"800\" height=\"533\" srcset=\"https:\/\/gardeon.pl\/wp-content\/uploads\/2020\/04\/beige-wood-putted-on-fire-164168.jpg 1280w, https:\/\/gardeon.pl\/wp-content\/uploads\/2020\/04\/beige-wood-putted-on-fire-164168-300x200.jpg 300w, https:\/\/gardeon.pl\/wp-content\/uploads\/2020\/04\/beige-wood-putted-on-fire-164168-1024x682.jpg 1024w, https:\/\/gardeon.pl\/wp-content\/uploads\/2020\/04\/beige-wood-putted-on-fire-164168-768x512.jpg 768w\" sizes=\"auto, (max-width: 800px) 100vw, 800px\" \/><\/p>\n<hr>\n<h2>Aluminium z samolot\u00f3w do dom\u00f3w<\/h2>\n<p>Prosz\u0119 sobie wyobrazi\u0107, \u017ce aluminium jest trzecim najbardziej rozpowszechnionym pierwiastkiem na ziemi. Ma a\u017c 8,13% udzia\u0142u. Wi\u0119kszy udzia\u0142 maj\u0105 ju\u017c tylko tlen i krzem. Zosta\u0142o odkryte w 1827 roku przez niemieckiego chemika i lekarza Friedricha W\u00f6hlera i niemal natychmiast sta\u0142o si\u0119 cennym metalem. W tamtym czasie wykorzystywano je g\u0142\u00f3wnie do cel\u00f3w dekoracyjnych. Na przyk\u0142ad wyrabiano z niego guziki dla \u017co\u0142nierzy. Dop\u00f3ki nie zacz\u0119to budowa\u0107 fabryk do jego przetwarzania, by\u0142 zbyt drogi do powszechnego u\u017cytku. Po powstaniu fabryk mia\u0142 jednak przed sob\u0105 ogromn\u0105 przysz\u0142o\u015b\u0107.       <\/p>\n<p><img loading=\"lazy\" decoding=\"async\" class=\"aligncenter wp-image-26242\" src=\"http:\/\/gardeon.pl\/wp-content\/uploads\/2020\/04\/air-air-travel-airbus-aircraft-358319.jpg\" alt=\"Samolot\" width=\"800\" height=\"355\" srcset=\"https:\/\/gardeon.pl\/wp-content\/uploads\/2020\/04\/air-air-travel-airbus-aircraft-358319.jpg 1280w, https:\/\/gardeon.pl\/wp-content\/uploads\/2020\/04\/air-air-travel-airbus-aircraft-358319-300x133.jpg 300w, https:\/\/gardeon.pl\/wp-content\/uploads\/2020\/04\/air-air-travel-airbus-aircraft-358319-1024x454.jpg 1024w, https:\/\/gardeon.pl\/wp-content\/uploads\/2020\/04\/air-air-travel-airbus-aircraft-358319-768x341.jpg 768w\" sizes=\"auto, (max-width: 800px) 100vw, 800px\" \/><\/p>\n<p>Ze wzgl\u0119du na swoj\u0105 lekko\u015b\u0107 zacz\u0105\u0142 zast\u0119powa\u0107 \u017celazo i inne metale i zacz\u0105\u0142 znajdowa\u0107 zastosowanie wsz\u0119dzie tam, gdzie potrzebna jest d\u0142uga \u017cywotno\u015b\u0107 i wysoka wytrzyma\u0142o\u015b\u0107 przy niskiej masie. Przede wszystkim w przemy\u015ble lotniczym i samochodowym. Dzi\u015b aluminium jest popularnym materia\u0142em budowlanym o szerokim zastosowaniu. Dlaczego? Przede wszystkim dzi\u0119ki swojej trwa\u0142o\u015bci.    <\/p>\n<p><img loading=\"lazy\" decoding=\"async\" class=\"aligncenter wp-image-26232\" src=\"http:\/\/gardeon.pl\/wp-content\/uploads\/2020\/04\/gray-metal-frame-lot-1544946.jpg\" alt=\"Stalowe pr\u0119ty\" width=\"800\" height=\"999\" srcset=\"https:\/\/gardeon.pl\/wp-content\/uploads\/2020\/04\/gray-metal-frame-lot-1544946.jpg 1280w, https:\/\/gardeon.pl\/wp-content\/uploads\/2020\/04\/gray-metal-frame-lot-1544946-240x300.jpg 240w, https:\/\/gardeon.pl\/wp-content\/uploads\/2020\/04\/gray-metal-frame-lot-1544946-820x1024.jpg 820w, https:\/\/gardeon.pl\/wp-content\/uploads\/2020\/04\/gray-metal-frame-lot-1544946-768x959.jpg 768w, https:\/\/gardeon.pl\/wp-content\/uploads\/2020\/04\/gray-metal-frame-lot-1544946-1230x1536.jpg 1230w\" sizes=\"auto, (max-width: 800px) 100vw, 800px\" \/><\/p>\n<p>\u017bywotno\u015b\u0107 ram aluminiowych wynosi oko\u0142o stu lat. Do\u015b\u0107 wysoka, co Pa\u0144stwo na to? Te materia\u0142y maj\u0105 tak\u017ce wiele innych zalet. Na przyk\u0142ad nie musimy co kilka lat zajmowa\u0107 si\u0119 odnow\u0105 ich powierzchni.   <b> <\/b>Aluminium<b> <\/b>wytrzymuje r\u00f3wnie\u017c zmiany pogody, a my dzi\u0119ki niemu nie wydajemy tyle na ch\u0142odzenie lub ogrzewanie pomieszcze\u0144.<\/p>\n<p>Plastik i drewno pod wp\u0142ywem s\u0142o\u0144ca zmieniaj\u0105 sw\u00f3j kolor. Aluminium nie. Je\u015bli zale\u017cy Pa\u0144stwu na ekologicznym aspekcie swojej budowli, prawdopodobnie b\u0119d\u0105 Pa\u0144stwo sk\u0142onni go zastosowa\u0107, poniewa\u017c jest w 100% nadaj\u0105cy si\u0119 do recyklingu. Oznacza to, \u017ce nawet przy dalszym przetwarzaniu nie traci swojej jako\u015bci. Dzi\u0119ki temu w budownictwie uwa\u017camy go za    <b> <\/b>jeden z najbardziej ekologicznych materia\u0142\u00f3w.<\/p>\n<p><img loading=\"lazy\" decoding=\"async\" class=\"aligncenter wp-image-24050\" src=\"http:\/\/gardeon.pl\/wp-content\/uploads\/2020\/03\/person-s-left-hand-holding-green-leaf-plant-886521.jpg\" alt=\"Zielona ro\u015blina w d\u0142oni\" width=\"800\" height=\"514\" srcset=\"https:\/\/gardeon.pl\/wp-content\/uploads\/2020\/03\/person-s-left-hand-holding-green-leaf-plant-886521.jpg 1280w, https:\/\/gardeon.pl\/wp-content\/uploads\/2020\/03\/person-s-left-hand-holding-green-leaf-plant-886521-300x193.jpg 300w, https:\/\/gardeon.pl\/wp-content\/uploads\/2020\/03\/person-s-left-hand-holding-green-leaf-plant-886521-1024x658.jpg 1024w, https:\/\/gardeon.pl\/wp-content\/uploads\/2020\/03\/person-s-left-hand-holding-green-leaf-plant-886521-768x493.jpg 768w, https:\/\/gardeon.pl\/wp-content\/uploads\/2020\/03\/person-s-left-hand-holding-green-leaf-plant-886521-1200x771.jpg 1200w\" sizes=\"auto, (max-width: 800px) 100vw, 800px\" \/><\/p>\n<p>Z jego w\u0142a\u015bciwo\u015bci termoizolacyjnych i d\u017awi\u0119koizolacyjnych<b> <\/b>mo\u017cemy cieszy\u0107 si\u0119 przez wiele lat. Kto\u015b mo\u017ce my\u015ble\u0107, \u017ce nowoczesny wygl\u0105d predysponuje aluminium raczej do nowoczesnych przestrzeni. To nieprawda. Nadaje si\u0119 r\u00f3wnie\u017c tam, gdzie chcemy dopracowa\u0107 oryginalne dzie\u0142o mniej rzucaj\u0105c\u0105 si\u0119 w oczy now\u0105 konstrukcj\u0105. Ramy aluminiowe nie s\u0105 tak masywne jak drewno, s\u0105 dos\u0142ownie dyskretne, a mimo to utrzymuj\u0105 wi\u0119ksze powierzchnie szk\u0142a i s\u0105 odporne na silny wiatr i wilgo\u0107.    <\/p>\n<hr>\n<h2>Stal nie tylko przeciwko z\u0142odziejom<\/h2>\n<p>Jeszcze wi\u0119ksz\u0105 odporno\u015b\u0107 ma stal. Przeciwko niepogodzie doskona\u0142a jest <a href=\"http:\/\/gardeon.pl\/garaze\/prislusenstvo\/strecha\/\">stalowa dach\u00f3wka<\/a>, belki lub tak\u017ce \u015bciany, kt\u00f3re bardzo lubi\u0105 nasi klienci na przyk\u0142ad w <a href=\"http:\/\/gardeon.pl\/pristresky\/gardeon\/prislusenstvo\/\">montowanych wiatach GARDEON<\/a>. Wysok\u0105 odporno\u015b\u0107 ma stal r\u00f3wnie\u017c wobec wandali. A to przede wszystkim drzwi stalowe lub bramy. Pokonanie drzwi stalowych wymaga znacznie wi\u0119cej wysi\u0142ku ni\u017c drewnianych czy plastikowych.    <\/p>\n<p><img loading=\"lazy\" decoding=\"async\" class=\"aligncenter wp-image-20321\" src=\"http:\/\/gardeon.pl\/wp-content\/uploads\/2019\/08\/12-e1566992072173.jpg\" alt=\"Drzwi Hormann LPU42 w kolorze antracytowym\" width=\"800\" height=\"1066\"><\/p>\n<p>Dlatego je\u015bli zale\u017cy Pa\u0144stwu na zabezpieczeniu domku letniskowego, chaty lub domku ogrodowego, w kt\u00f3rym maj\u0105 Pa\u0144stwo z\u0142o\u017cone wszystkie swoje skarby (kt\u00f3rych nie mog\u0105 Pa\u0144stwo ze wzgl\u0119du na spok\u00f3j w rodzinie wnie\u015b\u0107 do salonu), polecamy drzwi stalowe lub od razu <a href=\"http:\/\/gardeon.pl\/zahradne-domceky\/\">stalowy domek ogrodowy<\/a>. Ch\u0119tnie doradzimy, w kt\u00f3rych miejscach Pa\u0144stwa budowli zastosowanie stali jest najw\u0142a\u015bciwsze i najbardziej ekonomiczne. Spokojniejsi b\u0119d\u0105 Pa\u0144stwo, Pa\u0144stwa ma\u0142\u017conka, a je\u015bli chodzi o <a href=\"https:\/\/gardeon.pl\/pl\/garaze\/\">montowany gara\u017c<\/a>, tak\u017ce Pa\u0144stwa ubezpieczyciel.  <\/p>\n<p><img loading=\"lazy\" decoding=\"async\" class=\"aligncenter wp-image-22228\" src=\"http:\/\/gardeon.pl\/wp-content\/uploads\/2015\/06\/gardeon-garaz-pre-dve-auta-25.jpg\" alt=\"Montowany gara\u017c na dwa samochody w bia\u0142ym tynku\" width=\"800\" height=\"533\" srcset=\"https:\/\/gardeon.pl\/wp-content\/uploads\/2015\/06\/gardeon-garaz-pre-dve-auta-25.jpg 2000w, https:\/\/gardeon.pl\/wp-content\/uploads\/2015\/06\/gardeon-garaz-pre-dve-auta-25-300x200.jpg 300w, https:\/\/gardeon.pl\/wp-content\/uploads\/2015\/06\/gardeon-garaz-pre-dve-auta-25-1024x682.jpg 1024w, https:\/\/gardeon.pl\/wp-content\/uploads\/2015\/06\/gardeon-garaz-pre-dve-auta-25-768x512.jpg 768w, https:\/\/gardeon.pl\/wp-content\/uploads\/2015\/06\/gardeon-garaz-pre-dve-auta-25-1536x1024.jpg 1536w\" sizes=\"auto, (max-width: 800px) 100vw, 800px\" \/><\/p>\n<p>Stal jest zdecydowanie najbardziej poddawanym recyklingowi materia\u0142em na \u015bwiecie. Prosz\u0119 sobie wyobrazi\u0107, \u017ce du\u017ca cz\u0119\u015b\u0107 ca\u0142kowitej \u015bwiatowej produkcji stali jest wytwarzana naprawd\u0119 ze z\u0142omu. <\/p>\n<h3>Czy wiedzieli Pa\u0144stwo, \u017ce&#8230;?<\/h3>\n<ul>\n<li><em>Aluminiowa puszka wyrzucona do przyrody rozk\u0142ada si\u0119 przez 500 lat<span class=\"Apple-converted-space\"> <\/span><\/em><\/li>\n<li><em>Metale stanowi\u0105 4% odpad\u00f3w wytwarzanych w gospodarstwie domowym<span class=\"Apple-converted-space\"> <\/span><\/em><\/li>\n<li><em>Aluminium i stal mo\u017cna poddawa\u0107 recyklingowi w niesko\u0144czono\u015b\u0107<\/em><\/li>\n<li><em>Szk\u0142o, aluminium i stal nie trac\u0105 swoich w\u0142a\u015bciwo\u015bci przy wielokrotnym recyklingu<\/em><\/li>\n<li><em>Do produkcji jednego roweru potrzeba 670 aluminiowych puszek<\/em><\/li>\n<li><em>Drewno stanowi na sk\u0142adowiskach a\u017c 10% ca\u0142kowitych odpad\u00f3w<\/em><\/li>\n<li><em>Stalowe ramy samochodu zawieraj\u0105 co najmniej 25% stali z recyklingu. W przypadku urz\u0105dze\u0144 domowych jest to a\u017c 75% masy <\/em><\/li>\n<\/ul>\n<h5>\u0179r\u00f3d\u0142o:<\/h5>\n<h5>Fotobank GARDEON<\/h5>\n<h5>https:\/\/www.pexels.com\/<\/h5>\n<p>&nbsp;<\/p>\n","protected":false},"excerpt":{"rendered":"<p>Kt\u00f3ry materia\u0142 ma najd\u0142u\u017csz\u0105 \u017cywotno\u015b\u0107? Dlaczego lepiej wybra\u0107 okna aluminiowe? A dlaczego drzwi stalowe? Kt\u00f3ry mo\u017cna po latach podda\u0107 recyklingowi i wykorzysta\u0107 do innych cel\u00f3w? Hm, ma Pan\/Pani mn\u00f3stwo pyta\u0144 dotycz\u0105cych materia\u0142\u00f3w, kt\u00f3re planuje Pan\/Pani zastosowa\u0107? Na niekt\u00f3re z nich odpowiedzi znajdzie Pan\/Pani ju\u017c w tym tek\u015bcie. Je\u015bli s\u0105 Pa\u0144stwo zainteresowani, zapraszamy do dalszej lektury. [&hellip;]<\/p>\n","protected":false},"author":2,"featured_media":46098,"comment_status":"open","ping_status":"open","sticky":false,"template":"","format":"standard","meta":{"_acf_changed":false,"inline_featured_image":false,"footnotes":""},"categories":[631],"tags":[],"class_list":["post-46093","post","type-post","status-publish","format-standard","has-post-thumbnail","hentry","category-inne"],"acf":[],"yoast_head":"<!-- This site is optimized with the Yoast SEO plugin v27.4 - https:\/\/yoast.com\/product\/yoast-seo-wordpress\/ -->\n<title>Ekologiczne spojrzenie na drewno, aluminium i stal - GARDEON<\/title>\n<meta name=\"robots\" content=\"index, follow, max-snippet:-1, max-image-preview:large, max-video-preview:-1\" \/>\n<link rel=\"canonical\" href=\"https:\/\/gardeon.pl\/pl\/blog\/ekologiczne-spojrzenie-na-drewno-aluminium-i-stal\/\" \/>\n<meta property=\"og:locale\" content=\"pl_PL\" \/>\n<meta property=\"og:type\" content=\"article\" \/>\n<meta property=\"og:title\" content=\"Ekologiczne spojrzenie na drewno, aluminium i stal - GARDEON\" \/>\n<meta property=\"og:description\" content=\"Kt\u00f3ry materia\u0142 ma najd\u0142u\u017csz\u0105 \u017cywotno\u015b\u0107? Dlaczego lepiej wybra\u0107 okna aluminiowe? A dlaczego drzwi stalowe? Kt\u00f3ry mo\u017cna po latach podda\u0107 recyklingowi i wykorzysta\u0107 do innych cel\u00f3w? Hm, ma Pan\/Pani mn\u00f3stwo pyta\u0144 dotycz\u0105cych materia\u0142\u00f3w, kt\u00f3re planuje Pan\/Pani zastosowa\u0107? Na niekt\u00f3re z nich odpowiedzi znajdzie Pan\/Pani ju\u017c w tym tek\u015bcie. Je\u015bli s\u0105 Pa\u0144stwo zainteresowani, zapraszamy do dalszej lektury. [&hellip;]\" \/>\n<meta property=\"og:url\" content=\"https:\/\/gardeon.pl\/pl\/blog\/ekologiczne-spojrzenie-na-drewno-aluminium-i-stal\/\" \/>\n<meta property=\"og:site_name\" content=\"GARDEON\" \/>\n<meta property=\"article:published_time\" content=\"2026-04-23T17:01:15+00:00\" \/>\n<meta property=\"og:image\" content=\"http:\/\/gardeon.pl\/wp-content\/uploads\/2020\/04\/gray-steel-bar-46167.jpg\" \/>\n\t<meta property=\"og:image:width\" content=\"1280\" \/>\n\t<meta property=\"og:image:height\" content=\"853\" \/>\n\t<meta property=\"og:image:type\" content=\"image\/jpeg\" \/>\n<meta name=\"author\" content=\"editor\" \/>\n<meta name=\"twitter:card\" content=\"summary_large_image\" \/>\n<meta name=\"twitter:label1\" content=\"Napisane przez\" \/>\n\t<meta name=\"twitter:data1\" content=\"editor\" \/>\n\t<meta name=\"twitter:label2\" content=\"Szacowany czas czytania\" \/>\n\t<meta name=\"twitter:data2\" content=\"6 minut\" \/>\n<script type=\"application\/ld+json\" class=\"yoast-schema-graph\">{\"@context\":\"https:\\\/\\\/schema.org\",\"@graph\":[{\"@type\":\"Article\",\"@id\":\"https:\\\/\\\/gardeon.pl\\\/pl\\\/blog\\\/ekologiczne-spojrzenie-na-drewno-aluminium-i-stal\\\/#article\",\"isPartOf\":{\"@id\":\"https:\\\/\\\/gardeon.pl\\\/pl\\\/blog\\\/ekologiczne-spojrzenie-na-drewno-aluminium-i-stal\\\/\"},\"author\":{\"name\":\"editor\",\"@id\":\"https:\\\/\\\/gardeon.pl\\\/#\\\/schema\\\/person\\\/a5762ca5f0790bf92774af0899379463\"},\"headline\":\"Ekologiczne spojrzenie na drewno, aluminium i stal\",\"datePublished\":\"2026-04-23T17:01:15+00:00\",\"mainEntityOfPage\":{\"@id\":\"https:\\\/\\\/gardeon.pl\\\/pl\\\/blog\\\/ekologiczne-spojrzenie-na-drewno-aluminium-i-stal\\\/\"},\"wordCount\":1242,\"commentCount\":0,\"image\":{\"@id\":\"https:\\\/\\\/gardeon.pl\\\/pl\\\/blog\\\/ekologiczne-spojrzenie-na-drewno-aluminium-i-stal\\\/#primaryimage\"},\"thumbnailUrl\":\"https:\\\/\\\/gardeon.pl\\\/wp-content\\\/uploads\\\/2020\\\/04\\\/gray-steel-bar-46167.jpg\",\"articleSection\":[\"Inne\"],\"inLanguage\":\"pl-PL\",\"potentialAction\":[{\"@type\":\"CommentAction\",\"name\":\"Comment\",\"target\":[\"https:\\\/\\\/gardeon.pl\\\/pl\\\/blog\\\/ekologiczne-spojrzenie-na-drewno-aluminium-i-stal\\\/#respond\"]}]},{\"@type\":\"WebPage\",\"@id\":\"https:\\\/\\\/gardeon.pl\\\/pl\\\/blog\\\/ekologiczne-spojrzenie-na-drewno-aluminium-i-stal\\\/\",\"url\":\"https:\\\/\\\/gardeon.pl\\\/pl\\\/blog\\\/ekologiczne-spojrzenie-na-drewno-aluminium-i-stal\\\/\",\"name\":\"Ekologiczne spojrzenie na drewno, aluminium i stal - GARDEON\",\"isPartOf\":{\"@id\":\"https:\\\/\\\/gardeon.pl\\\/#website\"},\"primaryImageOfPage\":{\"@id\":\"https:\\\/\\\/gardeon.pl\\\/pl\\\/blog\\\/ekologiczne-spojrzenie-na-drewno-aluminium-i-stal\\\/#primaryimage\"},\"image\":{\"@id\":\"https:\\\/\\\/gardeon.pl\\\/pl\\\/blog\\\/ekologiczne-spojrzenie-na-drewno-aluminium-i-stal\\\/#primaryimage\"},\"thumbnailUrl\":\"https:\\\/\\\/gardeon.pl\\\/wp-content\\\/uploads\\\/2020\\\/04\\\/gray-steel-bar-46167.jpg\",\"datePublished\":\"2026-04-23T17:01:15+00:00\",\"author\":{\"@id\":\"https:\\\/\\\/gardeon.pl\\\/#\\\/schema\\\/person\\\/a5762ca5f0790bf92774af0899379463\"},\"breadcrumb\":{\"@id\":\"https:\\\/\\\/gardeon.pl\\\/pl\\\/blog\\\/ekologiczne-spojrzenie-na-drewno-aluminium-i-stal\\\/#breadcrumb\"},\"inLanguage\":\"pl-PL\",\"potentialAction\":[{\"@type\":\"ReadAction\",\"target\":[\"https:\\\/\\\/gardeon.pl\\\/pl\\\/blog\\\/ekologiczne-spojrzenie-na-drewno-aluminium-i-stal\\\/\"]}]},{\"@type\":\"ImageObject\",\"inLanguage\":\"pl-PL\",\"@id\":\"https:\\\/\\\/gardeon.pl\\\/pl\\\/blog\\\/ekologiczne-spojrzenie-na-drewno-aluminium-i-stal\\\/#primaryimage\",\"url\":\"https:\\\/\\\/gardeon.pl\\\/wp-content\\\/uploads\\\/2020\\\/04\\\/gray-steel-bar-46167.jpg\",\"contentUrl\":\"https:\\\/\\\/gardeon.pl\\\/wp-content\\\/uploads\\\/2020\\\/04\\\/gray-steel-bar-46167.jpg\",\"width\":1280,\"height\":853,\"caption\":\"Stalowe pr\u0119ty\"},{\"@type\":\"BreadcrumbList\",\"@id\":\"https:\\\/\\\/gardeon.pl\\\/pl\\\/blog\\\/ekologiczne-spojrzenie-na-drewno-aluminium-i-stal\\\/#breadcrumb\",\"itemListElement\":[{\"@type\":\"ListItem\",\"position\":1,\"name\":\"Domov\",\"item\":\"https:\\\/\\\/gardeon.pl\\\/pl\\\/\"},{\"@type\":\"ListItem\",\"position\":2,\"name\":\"Ekologiczne spojrzenie na drewno, aluminium i stal\"}]},{\"@type\":\"WebSite\",\"@id\":\"https:\\\/\\\/gardeon.pl\\\/#website\",\"url\":\"https:\\\/\\\/gardeon.pl\\\/\",\"name\":\"GARDEON\",\"description\":\"\",\"potentialAction\":[{\"@type\":\"SearchAction\",\"target\":{\"@type\":\"EntryPoint\",\"urlTemplate\":\"https:\\\/\\\/gardeon.pl\\\/?s={search_term_string}\"},\"query-input\":{\"@type\":\"PropertyValueSpecification\",\"valueRequired\":true,\"valueName\":\"search_term_string\"}}],\"inLanguage\":\"pl-PL\"},{\"@type\":\"Person\",\"@id\":\"https:\\\/\\\/gardeon.pl\\\/#\\\/schema\\\/person\\\/a5762ca5f0790bf92774af0899379463\",\"name\":\"editor\",\"image\":{\"@type\":\"ImageObject\",\"inLanguage\":\"pl-PL\",\"@id\":\"https:\\\/\\\/secure.gravatar.com\\\/avatar\\\/2b748151c2c748327307fd289a91b3bdafdd9e64e2d000e65e53d6dcf11c5830?s=96&d=mm&r=g\",\"url\":\"https:\\\/\\\/secure.gravatar.com\\\/avatar\\\/2b748151c2c748327307fd289a91b3bdafdd9e64e2d000e65e53d6dcf11c5830?s=96&d=mm&r=g\",\"contentUrl\":\"https:\\\/\\\/secure.gravatar.com\\\/avatar\\\/2b748151c2c748327307fd289a91b3bdafdd9e64e2d000e65e53d6dcf11c5830?s=96&d=mm&r=g\",\"caption\":\"editor\"}}]}<\/script>\n<!-- \/ Yoast SEO plugin. -->","yoast_head_json":{"title":"Ekologiczne spojrzenie na drewno, aluminium i stal - GARDEON","robots":{"index":"index","follow":"follow","max-snippet":"max-snippet:-1","max-image-preview":"max-image-preview:large","max-video-preview":"max-video-preview:-1"},"canonical":"https:\/\/gardeon.pl\/pl\/blog\/ekologiczne-spojrzenie-na-drewno-aluminium-i-stal\/","og_locale":"pl_PL","og_type":"article","og_title":"Ekologiczne spojrzenie na drewno, aluminium i stal - GARDEON","og_description":"Kt\u00f3ry materia\u0142 ma najd\u0142u\u017csz\u0105 \u017cywotno\u015b\u0107? Dlaczego lepiej wybra\u0107 okna aluminiowe? A dlaczego drzwi stalowe? Kt\u00f3ry mo\u017cna po latach podda\u0107 recyklingowi i wykorzysta\u0107 do innych cel\u00f3w? Hm, ma Pan\/Pani mn\u00f3stwo pyta\u0144 dotycz\u0105cych materia\u0142\u00f3w, kt\u00f3re planuje Pan\/Pani zastosowa\u0107? Na niekt\u00f3re z nich odpowiedzi znajdzie Pan\/Pani ju\u017c w tym tek\u015bcie. Je\u015bli s\u0105 Pa\u0144stwo zainteresowani, zapraszamy do dalszej lektury. [&hellip;]","og_url":"https:\/\/gardeon.pl\/pl\/blog\/ekologiczne-spojrzenie-na-drewno-aluminium-i-stal\/","og_site_name":"GARDEON","article_published_time":"2026-04-23T17:01:15+00:00","og_image":[{"width":1280,"height":853,"url":"http:\/\/gardeon.pl\/wp-content\/uploads\/2020\/04\/gray-steel-bar-46167.jpg","type":"image\/jpeg"}],"author":"editor","twitter_card":"summary_large_image","twitter_misc":{"Napisane przez":"editor","Szacowany czas czytania":"6 minut"},"schema":{"@context":"https:\/\/schema.org","@graph":[{"@type":"Article","@id":"https:\/\/gardeon.pl\/pl\/blog\/ekologiczne-spojrzenie-na-drewno-aluminium-i-stal\/#article","isPartOf":{"@id":"https:\/\/gardeon.pl\/pl\/blog\/ekologiczne-spojrzenie-na-drewno-aluminium-i-stal\/"},"author":{"name":"editor","@id":"https:\/\/gardeon.pl\/#\/schema\/person\/a5762ca5f0790bf92774af0899379463"},"headline":"Ekologiczne spojrzenie na drewno, aluminium i stal","datePublished":"2026-04-23T17:01:15+00:00","mainEntityOfPage":{"@id":"https:\/\/gardeon.pl\/pl\/blog\/ekologiczne-spojrzenie-na-drewno-aluminium-i-stal\/"},"wordCount":1242,"commentCount":0,"image":{"@id":"https:\/\/gardeon.pl\/pl\/blog\/ekologiczne-spojrzenie-na-drewno-aluminium-i-stal\/#primaryimage"},"thumbnailUrl":"https:\/\/gardeon.pl\/wp-content\/uploads\/2020\/04\/gray-steel-bar-46167.jpg","articleSection":["Inne"],"inLanguage":"pl-PL","potentialAction":[{"@type":"CommentAction","name":"Comment","target":["https:\/\/gardeon.pl\/pl\/blog\/ekologiczne-spojrzenie-na-drewno-aluminium-i-stal\/#respond"]}]},{"@type":"WebPage","@id":"https:\/\/gardeon.pl\/pl\/blog\/ekologiczne-spojrzenie-na-drewno-aluminium-i-stal\/","url":"https:\/\/gardeon.pl\/pl\/blog\/ekologiczne-spojrzenie-na-drewno-aluminium-i-stal\/","name":"Ekologiczne spojrzenie na drewno, aluminium i stal - GARDEON","isPartOf":{"@id":"https:\/\/gardeon.pl\/#website"},"primaryImageOfPage":{"@id":"https:\/\/gardeon.pl\/pl\/blog\/ekologiczne-spojrzenie-na-drewno-aluminium-i-stal\/#primaryimage"},"image":{"@id":"https:\/\/gardeon.pl\/pl\/blog\/ekologiczne-spojrzenie-na-drewno-aluminium-i-stal\/#primaryimage"},"thumbnailUrl":"https:\/\/gardeon.pl\/wp-content\/uploads\/2020\/04\/gray-steel-bar-46167.jpg","datePublished":"2026-04-23T17:01:15+00:00","author":{"@id":"https:\/\/gardeon.pl\/#\/schema\/person\/a5762ca5f0790bf92774af0899379463"},"breadcrumb":{"@id":"https:\/\/gardeon.pl\/pl\/blog\/ekologiczne-spojrzenie-na-drewno-aluminium-i-stal\/#breadcrumb"},"inLanguage":"pl-PL","potentialAction":[{"@type":"ReadAction","target":["https:\/\/gardeon.pl\/pl\/blog\/ekologiczne-spojrzenie-na-drewno-aluminium-i-stal\/"]}]},{"@type":"ImageObject","inLanguage":"pl-PL","@id":"https:\/\/gardeon.pl\/pl\/blog\/ekologiczne-spojrzenie-na-drewno-aluminium-i-stal\/#primaryimage","url":"https:\/\/gardeon.pl\/wp-content\/uploads\/2020\/04\/gray-steel-bar-46167.jpg","contentUrl":"https:\/\/gardeon.pl\/wp-content\/uploads\/2020\/04\/gray-steel-bar-46167.jpg","width":1280,"height":853,"caption":"Stalowe pr\u0119ty"},{"@type":"BreadcrumbList","@id":"https:\/\/gardeon.pl\/pl\/blog\/ekologiczne-spojrzenie-na-drewno-aluminium-i-stal\/#breadcrumb","itemListElement":[{"@type":"ListItem","position":1,"name":"Domov","item":"https:\/\/gardeon.pl\/pl\/"},{"@type":"ListItem","position":2,"name":"Ekologiczne spojrzenie na drewno, aluminium i stal"}]},{"@type":"WebSite","@id":"https:\/\/gardeon.pl\/#website","url":"https:\/\/gardeon.pl\/","name":"GARDEON","description":"","potentialAction":[{"@type":"SearchAction","target":{"@type":"EntryPoint","urlTemplate":"https:\/\/gardeon.pl\/?s={search_term_string}"},"query-input":{"@type":"PropertyValueSpecification","valueRequired":true,"valueName":"search_term_string"}}],"inLanguage":"pl-PL"},{"@type":"Person","@id":"https:\/\/gardeon.pl\/#\/schema\/person\/a5762ca5f0790bf92774af0899379463","name":"editor","image":{"@type":"ImageObject","inLanguage":"pl-PL","@id":"https:\/\/secure.gravatar.com\/avatar\/2b748151c2c748327307fd289a91b3bdafdd9e64e2d000e65e53d6dcf11c5830?s=96&d=mm&r=g","url":"https:\/\/secure.gravatar.com\/avatar\/2b748151c2c748327307fd289a91b3bdafdd9e64e2d000e65e53d6dcf11c5830?s=96&d=mm&r=g","contentUrl":"https:\/\/secure.gravatar.com\/avatar\/2b748151c2c748327307fd289a91b3bdafdd9e64e2d000e65e53d6dcf11c5830?s=96&d=mm&r=g","caption":"editor"}}]}},"_links":{"self":[{"href":"https:\/\/gardeon.pl\/pl\/wp-json\/wp\/v2\/posts\/46093","targetHints":{"allow":["GET"]}}],"collection":[{"href":"https:\/\/gardeon.pl\/pl\/wp-json\/wp\/v2\/posts"}],"about":[{"href":"https:\/\/gardeon.pl\/pl\/wp-json\/wp\/v2\/types\/post"}],"author":[{"embeddable":true,"href":"https:\/\/gardeon.pl\/pl\/wp-json\/wp\/v2\/users\/2"}],"replies":[{"embeddable":true,"href":"https:\/\/gardeon.pl\/pl\/wp-json\/wp\/v2\/comments?post=46093"}],"version-history":[{"count":0,"href":"https:\/\/gardeon.pl\/pl\/wp-json\/wp\/v2\/posts\/46093\/revisions"}],"wp:featuredmedia":[{"embeddable":true,"href":"https:\/\/gardeon.pl\/pl\/wp-json\/wp\/v2\/media\/46098"}],"wp:attachment":[{"href":"https:\/\/gardeon.pl\/pl\/wp-json\/wp\/v2\/media?parent=46093"}],"wp:term":[{"taxonomy":"category","embeddable":true,"href":"https:\/\/gardeon.pl\/pl\/wp-json\/wp\/v2\/categories?post=46093"},{"taxonomy":"post_tag","embeddable":true,"href":"https:\/\/gardeon.pl\/pl\/wp-json\/wp\/v2\/tags?post=46093"}],"curies":[{"name":"wp","href":"https:\/\/api.w.org\/{rel}","templated":true}]}}