{"id":46133,"date":"2026-04-23T19:01:14","date_gmt":"2026-04-23T17:01:14","guid":{"rendered":"https:\/\/gardeon.pl\/?p=46133"},"modified":"2026-04-23T19:01:14","modified_gmt":"2026-04-23T17:01:14","slug":"7-wskazowek-na-najpiekniejsze-dodatki-ogrodowe","status":"publish","type":"post","link":"https:\/\/gardeon.pl\/pl\/blog\/7-wskazowek-na-najpiekniejsze-dodatki-ogrodowe\/","title":{"rendered":"7 wskaz\u00f3wek na najpi\u0119kniejsze dodatki ogrodowe"},"content":{"rendered":"<p><em>Dodatki i dekoracje w naszym ogrodzie to do\u015b\u0107 intymna sprawa. Kto\u015b ch\u0119tnie pogaw\u0119dzi z niekonfliktowym gipsowym krasnalem, betonowym zwierz\u0105tkiem czy sztucznym Budd\u0105 z drewna, inny woli wprowadzi\u0107 do przestrzeni zewn\u0119trznej co\u015b sp\u00f3jnego z reszt\u0105 otoczenia, ale wci\u0105\u017c u\u017cytkowego. Ilu ludzi, tyle gust\u00f3w i opinii. Ile ogrod\u00f3w, tylu odwa\u017cnych projektant\u00f3w. I co z tego \u2014 przecie\u017c w naszych ogrodach chcemy czu\u0107 si\u0119 dobrze i jeste\u015bmy w nich u siebie.    <span class=\"Apple-converted-space\"> <\/span><\/em><\/p>\n<p>Je\u015bli ostatnio poczuli Pa\u0144stwo siln\u0105 potrzeb\u0119, aby mie\u0107 w ogrodzie co\u015b naprawd\u0119 interesuj\u0105cego, prosimy podzieli\u0107 si\u0119 tym z nami. A je\u015bli nie \u2014 i kr\u0105\u017c\u0105 Pa\u0144stwo wok\u00f3\u0142 niego w k\u00f3\u0142ko, chc\u0105c go czym\u015b od\u015bwie\u017cy\u0107 \u2014 przedstawiamy kilka propozycji najpi\u0119kniejszych dodatk\u00f3w ogrodowych, kt\u00f3re wy\u0142owili\u015bmy z czelu\u015bci internetu. <span class=\"Apple-converted-space\"> <\/span><\/p>\n<h2>Bar zewn\u0119trzny<\/h2>\n<p>Je\u015bli lubi\u0105 Pa\u0144stwo towarzystwo i niech\u0119tnie uciekaj\u0105 do domu, gdy ju\u017c maj\u0105 je u siebie na posesji, prawdopodobnie koniecznie potrzebuj\u0105 <a href=\"http:\/\/gardeon.pl\/zahradne-domceky\/\">domku ogrodowego<\/a>, <a href=\"https:\/\/gardeon.pl\/pl\/pergole\/\">altany<\/a> z lad\u0105 barow\u0105 albo przynajmniej osobnej lady barowej.<\/p>\n<p><img loading=\"lazy\" decoding=\"async\" class=\"aligncenter wp-image-27325\" src=\"http:\/\/gardeon.pl\/wp-content\/uploads\/2020\/07\/Barovy-pult-1.jpg\" alt=\"Bia\u0142a lada barowa\" width=\"800\" height=\"600\" srcset=\"https:\/\/gardeon.pl\/wp-content\/uploads\/2020\/07\/Barovy-pult-1.jpg 800w, https:\/\/gardeon.pl\/wp-content\/uploads\/2020\/07\/Barovy-pult-1-300x225.jpg 300w, https:\/\/gardeon.pl\/wp-content\/uploads\/2020\/07\/Barovy-pult-1-768x576.jpg 768w\" sizes=\"auto, (max-width: 800px) 100vw, 800px\" \/><\/p>\n<p><img loading=\"lazy\" decoding=\"async\" class=\"aligncenter wp-image-27327\" src=\"http:\/\/gardeon.pl\/wp-content\/uploads\/2020\/07\/Barovy-pult-2.jpg\" alt=\"Lada barowa nad morzem\" width=\"800\" height=\"600\" srcset=\"https:\/\/gardeon.pl\/wp-content\/uploads\/2020\/07\/Barovy-pult-2.jpg 800w, https:\/\/gardeon.pl\/wp-content\/uploads\/2020\/07\/Barovy-pult-2-300x225.jpg 300w, https:\/\/gardeon.pl\/wp-content\/uploads\/2020\/07\/Barovy-pult-2-768x576.jpg 768w\" sizes=\"auto, (max-width: 800px) 100vw, 800px\" \/><\/p>\n<p>&nbsp;<\/p>\n<p>Kilka z nich jest dost\u0119pnych w gotowej formie. Je\u015bli chcieliby Pa\u0144stwo wykona\u0107 efektown\u0105 wersj\u0119 wed\u0142ug w\u0142asnego pomys\u0142u, na YouTube znajd\u0105 Pa\u0144stwo ciekawe instrukcje, na przyk\u0142ad dotycz\u0105ce <a href=\"https:\/\/www.myrepurposedlife.com\/portable-folding-diy-pallet-bar\/\">bar\u00f3w ogrodowych z palet<\/a>. <\/p>\n<p><img loading=\"lazy\" decoding=\"async\" class=\"aligncenter wp-image-27330\" src=\"http:\/\/gardeon.pl\/wp-content\/uploads\/2020\/07\/Dreveny-barovy-pul.jpg\" alt=\"Drewniana lada barowa\" width=\"800\" height=\"1422\" srcset=\"https:\/\/gardeon.pl\/wp-content\/uploads\/2020\/07\/Dreveny-barovy-pul.jpg 700w, https:\/\/gardeon.pl\/wp-content\/uploads\/2020\/07\/Dreveny-barovy-pul-169x300.jpg 169w, https:\/\/gardeon.pl\/wp-content\/uploads\/2020\/07\/Dreveny-barovy-pul-576x1024.jpg 576w\" sizes=\"auto, (max-width: 800px) 100vw, 800px\" \/><\/p>\n<h2><b><\/b>Stojak na drewno<\/h2>\n<p>Zwykle mogliby Pa\u0144stwo u\u0142o\u017cy\u0107 poci\u0119te polana przy \u015bcianie domu, przy ogrodzeniu albo <a href=\"http:\/\/gardeon.pl\/zahradne-domceky\/s-pristreskom\/\">pod wystaj\u0105cym daszkiem altany<\/a>. Je\u015bli chc\u0105 Pa\u0144stwo mie\u0107 na nie \u0142adny widok, taki dodatek r\u00f3wnie\u017c mo\u017ce si\u0119 spodoba\u0107. Podobne stojaki mo\u017cna kupi\u0107 tak\u017ce z innych materia\u0142\u00f3w, na przyk\u0142ad <a href=\"https:\/\/www.bonami.sk\/p\/stojan-na-drevo-do-krbu-log-large\">metalowe \u2014 nie tylko w profesjonalnych firmach<\/a>, ale te\u017c na portalach og\u0142oszeniowych od domowych majsterkowicz\u00f3w.  <span class=\"Apple-converted-space\"> <\/span>Wystarczy dopasowa\u0107 nag\u0142e potrzeby do swoich mo\u017cliwo\u015bci finansowych.<\/p>\n<p><img loading=\"lazy\" decoding=\"async\" class=\"aligncenter wp-image-27332\" src=\"http:\/\/gardeon.pl\/wp-content\/uploads\/2020\/07\/Stojan-na-drevo.jpeg\" alt=\"Metalowy stojak na drewno\" width=\"800\" height=\"800\" srcset=\"https:\/\/gardeon.pl\/wp-content\/uploads\/2020\/07\/Stojan-na-drevo.jpeg 1000w, https:\/\/gardeon.pl\/wp-content\/uploads\/2020\/07\/Stojan-na-drevo-300x300.jpeg 300w, https:\/\/gardeon.pl\/wp-content\/uploads\/2020\/07\/Stojan-na-drevo-150x150.jpeg 150w, https:\/\/gardeon.pl\/wp-content\/uploads\/2020\/07\/Stojan-na-drevo-768x768.jpeg 768w\" sizes=\"auto, (max-width: 800px) 100vw, 800px\" \/><\/p>\n<p>&nbsp;<\/p>\n<h2><b><\/b>Wierne zwierz\u0105tko<span class=\"Apple-converted-space\"> <\/span><\/h2>\n<p>Nie ka\u017cda rze\u017aba jest taka sama. Dzi\u015b kupi\u0105 Pa\u0144stwo element ogrodowy o wysokiej warto\u015bci artystycznej, ale te\u017c tani gipsowy kicz. Ceramicznych figurek, solarnych postaci czy najr\u00f3\u017cniejszych dekoracji wiatrowych jest w internecie bez liku. Nas zainteresowa\u0142 <a href=\"https:\/\/www.sashe.sk\/HEYA\/detail\/salka-citajuca-macka\">czytaj\u0105cy kot<\/a>. Z nog\u0105 na nog\u0119 i ksi\u0105\u017ck\u0105 w r\u0119kach. Skoro ju\u017c, niech przynajmniej inspiruje i przypomina, \u017ce dzi\u015b jeszcze nie odpocz\u0119li Pa\u0144stwo w swoim ogrodzie i \u017ce gdzie\u015b w \u015brodku zn\u00f3w zostawili Pa\u0144stwo okulary&#8230;     <\/p>\n<p><img loading=\"lazy\" decoding=\"async\" class=\"aligncenter wp-image-27334\" src=\"http:\/\/gardeon.pl\/wp-content\/uploads\/2020\/07\/Socha-macky.png\" alt=\"Rze\u017aba do ogrodu\" width=\"800\" height=\"707\" srcset=\"https:\/\/gardeon.pl\/wp-content\/uploads\/2020\/07\/Socha-macky.png 1072w, https:\/\/gardeon.pl\/wp-content\/uploads\/2020\/07\/Socha-macky-300x265.png 300w, https:\/\/gardeon.pl\/wp-content\/uploads\/2020\/07\/Socha-macky-1024x906.png 1024w, https:\/\/gardeon.pl\/wp-content\/uploads\/2020\/07\/Socha-macky-768x679.png 768w\" sizes=\"auto, (max-width: 800px) 100vw, 800px\" \/><\/p>\n<h2>Kino ogrodowe<\/h2>\n<p>Zakryje to, co trzeba zakry\u0107, a przy tym sprawi mn\u00f3stwo rado\u015bci. Prawdziwe All in One. Czego Pa\u0144stwo potrzebuj\u0105? Projektora, ekranu, dw\u00f3ch drzew, mi\u0119dzy kt\u00f3rymi go zawiesz\u0105, albo dw\u00f3ch s\u0142upk\u00f3w, do kt\u00f3rych go przymocuj\u0105, kilku poduszek lub puf typu worek i koc\u00f3w, a potem ju\u017c tylko odpowiedniego filmu albo koncertu ulubionego wokalisty i widz\u00f3w o podobnym nastawieniu. Zapomnieli\u015bmy o dobrze sch\u0142odzonym piwku. Przepraszamy&#8230;.     <\/p>\n<p><img loading=\"lazy\" decoding=\"async\" class=\"aligncenter wp-image-27337\" src=\"http:\/\/gardeon.pl\/wp-content\/uploads\/2020\/07\/Kino-na-zahrade.jpg\" alt=\"Kino w ogrodzie\" width=\"800\" height=\"547\" srcset=\"https:\/\/gardeon.pl\/wp-content\/uploads\/2020\/07\/Kino-na-zahrade.jpg 1200w, https:\/\/gardeon.pl\/wp-content\/uploads\/2020\/07\/Kino-na-zahrade-300x205.jpg 300w, https:\/\/gardeon.pl\/wp-content\/uploads\/2020\/07\/Kino-na-zahrade-1024x700.jpg 1024w, https:\/\/gardeon.pl\/wp-content\/uploads\/2020\/07\/Kino-na-zahrade-768x525.jpg 768w\" sizes=\"auto, (max-width: 800px) 100vw, 800px\" \/><\/p>\n<h2><b><\/b>Kr\u00f3lewskie palenisko<span class=\"Apple-converted-space\"> <\/span><\/h2>\n<p>Chc\u0105 si\u0119 Pa\u0144stwo przez kilka dni pobawi\u0107 i zrobi\u0107 w\u0142asne designerskie <a href=\"https:\/\/gardeon.pl\/pl\/blog\/rozwazaja-panstwo-palenisko-ogrodowe-oto-kilka-rzeczy-ktore-warto-wiedziec\/\">palenisko<\/a>? Oto przyk\u0142ad, jak mog\u0142oby wygl\u0105da\u0107. Je\u015bli nie wystarcz\u0105 Pa\u0144stwu kamienie z najbli\u017cszego strumienia, prosz\u0119 zaplanowa\u0107 je jako wa\u017cny element ogrodu. Trafi\u0105 Pa\u0144stwo do niego nawet bez \u015bwietlik\u00f3w, poniewa\u017c ma wbudowane o\u015bwietlenie. Dodatkowo mog\u0105 Pa\u0144stwo wykorzysta\u0107 nier\u00f3wno\u015bci terenu dzia\u0142ki na rzecz idealnego widoku z wn\u0119trza. Prosz\u0119 zwr\u00f3ci\u0107 uwag\u0119, ile zaj\u0119\u0107 dorzuc\u0105 sobie Pa\u0144stwo jednym takim paleniskiem. Nowe nasadzenia kwiat\u00f3w, nowa kora, nowe poduszki, nowe siedziska&#8230; Ach, tyle potrzebnych nowych dodatk\u00f3w i tyle pracy dla damskiej cz\u0119\u015bci rodziny&#8230;.       <\/p>\n<p><img loading=\"lazy\" decoding=\"async\" class=\"aligncenter wp-image-27340\" src=\"http:\/\/gardeon.pl\/wp-content\/uploads\/2020\/07\/Zahradne-ohnisko-1.jpg\" alt=\"Palenisko ogrodowe z drewna\" width=\"800\" height=\"600\" srcset=\"https:\/\/gardeon.pl\/wp-content\/uploads\/2020\/07\/Zahradne-ohnisko-1.jpg 1024w, https:\/\/gardeon.pl\/wp-content\/uploads\/2020\/07\/Zahradne-ohnisko-1-300x225.jpg 300w, https:\/\/gardeon.pl\/wp-content\/uploads\/2020\/07\/Zahradne-ohnisko-1-768x576.jpg 768w\" sizes=\"auto, (max-width: 800px) 100vw, 800px\" \/><\/p>\n<p><img loading=\"lazy\" decoding=\"async\" class=\"aligncenter wp-image-27342\" src=\"http:\/\/gardeon.pl\/wp-content\/uploads\/2020\/07\/Zahradne-ohnisko-2.jpg\" alt=\"Palenisko ogrodowe z kamienia i drewna\" width=\"800\" height=\"600\" srcset=\"https:\/\/gardeon.pl\/wp-content\/uploads\/2020\/07\/Zahradne-ohnisko-2.jpg 1024w, https:\/\/gardeon.pl\/wp-content\/uploads\/2020\/07\/Zahradne-ohnisko-2-300x225.jpg 300w, https:\/\/gardeon.pl\/wp-content\/uploads\/2020\/07\/Zahradne-ohnisko-2-768x576.jpg 768w\" sizes=\"auto, (max-width: 800px) 100vw, 800px\" \/><\/p>\n<h2><b><\/b>Parawan oddzielaj\u0105cy<\/h2>\n<p>To eleganckie rozwi\u0105zanie. W ogrodzie mo\u017cna nim oddzieli\u0107 stref\u0119 wypoczynku od ma\u0142o romantycznych grz\u0105dek z cebul\u0105, pomidorami czy kompostownika i pokazywa\u0107 go\u015bciom tylko t\u0119 cz\u0119\u015b\u0107, kt\u00f3r\u0105 uznaj\u0105 Pa\u0144stwo za odpowiedni\u0105 dla ich oczu. Mog\u0105 si\u0119 Pa\u0144stwo nawet odseparowa\u0107 od ciekawskiego s\u0105siada. Wszystko zale\u017cy od tego, jak\u0105 perforacj\u0119 Pa\u0144stwo wybior\u0105. Je\u015bli <a href=\"https:\/\/www.pluska.sk\/izahradkar\/okrasna-zahrada\/architektura\/serial-navrhujeme-zahradu-pohladove-funkcne-bariery-8-cast.html\">parawan<\/a> b\u0119dzie ma\u0142o przejrzysty, prosz\u0119 uwa\u017ca\u0107 na urazy podczas jego prze\u0142a\u017cenia.    <\/p>\n<p><img loading=\"lazy\" decoding=\"async\" class=\"aligncenter wp-image-27344\" src=\"http:\/\/gardeon.pl\/wp-content\/uploads\/2020\/07\/Paravan-do-zahrady.jpg\" alt=\"Drewniany parawan do ogrodu\" width=\"800\" height=\"531\" srcset=\"https:\/\/gardeon.pl\/wp-content\/uploads\/2020\/07\/Paravan-do-zahrady.jpg 1250w, https:\/\/gardeon.pl\/wp-content\/uploads\/2020\/07\/Paravan-do-zahrady-300x199.jpg 300w, https:\/\/gardeon.pl\/wp-content\/uploads\/2020\/07\/Paravan-do-zahrady-1024x680.jpg 1024w, https:\/\/gardeon.pl\/wp-content\/uploads\/2020\/07\/Paravan-do-zahrady-768x510.jpg 768w\" sizes=\"auto, (max-width: 800px) 100vw, 800px\" \/><\/p>\n<h2><b><\/b>Nastrojowe o\u015bwietlenie<\/h2>\n<p>Dawniej w ogrodzie przebywa\u0142o si\u0119, dop\u00f3ki by\u0142a praca i dop\u00f3ki by\u0142o <a href=\"https:\/\/www.123led.sk\/ako-vybrat-led-osvetlenie-vonkajsie\/\">\u015bwiat\u0142o<\/a>. Dzi\u015b czas sp\u0119dzany na zewn\u0105trz wyd\u0142u\u017ca si\u0119 dzi\u0119ki o\u015bwietleniu i technice grzewczej. Projektowanie o\u015bwietlenia ogrodu to szczeg\u00f3lna i interesuj\u0105ca profesja. Dzi\u0119ki dobrze wykonanej pracy mog\u0105 Pa\u0144stwo zamieni\u0107 tradycyjny ogr\u00f3d w efektown\u0105, nowoczesn\u0105 przestrze\u0144. Mo\u017cna o\u015bwietli\u0107 wszystko, co przyjdzie Pa\u0144stwu do g\u0142owy: korony drzew, \u015bcie\u017ck\u0119, miejsce do siedzenia, trawy ozdobne \u2014 wszystko. O ile zrobi\u0105 to Pa\u0144stwo w spos\u00f3b odpowiedni do warunk\u00f3w zewn\u0119trznych&#8230; w przeciwnym razie ryzykuj\u0105 Pa\u0144stwo nieplanowany pokaz fajerwerk\u00f3w.      <\/p>\n<p><img loading=\"lazy\" decoding=\"async\" class=\"aligncenter wp-image-27346\" src=\"http:\/\/gardeon.pl\/wp-content\/uploads\/2020\/07\/Led-osvetlenie-zahrady.jpg\" alt=\"O\u015bwietlenie w ogrodzie\" width=\"800\" height=\"450\" srcset=\"https:\/\/gardeon.pl\/wp-content\/uploads\/2020\/07\/Led-osvetlenie-zahrady.jpg 1024w, https:\/\/gardeon.pl\/wp-content\/uploads\/2020\/07\/Led-osvetlenie-zahrady-300x169.jpg 300w, https:\/\/gardeon.pl\/wp-content\/uploads\/2020\/07\/Led-osvetlenie-zahrady-768x432.jpg 768w\" sizes=\"auto, (max-width: 800px) 100vw, 800px\" \/><\/p>\n<h5>\u0179r\u00f3d\u0142o (Source):<\/h5>\n<h5>https:\/\/www.doma.sk\/<\/h5>\n<h5>https:\/\/www.zahrady-landart.sk\/<\/h5>\n<h5>https:\/\/www.thriftyfun.com\/<\/h5>\n","protected":false},"excerpt":{"rendered":"<p>Dodatki i dekoracje w naszym ogrodzie to do\u015b\u0107 intymna sprawa. Kto\u015b ch\u0119tnie pogaw\u0119dzi z niekonfliktowym gipsowym krasnalem, betonowym zwierz\u0105tkiem czy sztucznym Budd\u0105 z drewna, inny woli wprowadzi\u0107 do przestrzeni zewn\u0119trznej co\u015b sp\u00f3jnego z reszt\u0105 otoczenia, ale wci\u0105\u017c u\u017cytkowego. Ilu ludzi, tyle gust\u00f3w i opinii. Ile ogrod\u00f3w, tylu odwa\u017cnych projektant\u00f3w. I co z tego \u2014 przecie\u017c [&hellip;]<\/p>\n","protected":false},"author":2,"featured_media":46144,"comment_status":"open","ping_status":"open","sticky":false,"template":"","format":"standard","meta":{"_acf_changed":false,"inline_featured_image":false,"footnotes":""},"categories":[632,607,594,622],"tags":[634],"class_list":["post-46133","post","type-post","status-publish","format-standard","has-post-thumbnail","hentry","category-domki-ogrodowe","category-inspiracje","category-ogrod","category-wiaty-i-altany","tag-cz"],"acf":[],"yoast_head":"<!-- This site is optimized with the Yoast SEO plugin v27.4 - https:\/\/yoast.com\/product\/yoast-seo-wordpress\/ -->\n<title>7 wskaz\u00f3wek na najpi\u0119kniejsze dodatki ogrodowe - GARDEON<\/title>\n<meta name=\"robots\" content=\"index, follow, max-snippet:-1, max-image-preview:large, max-video-preview:-1\" \/>\n<link rel=\"canonical\" href=\"https:\/\/gardeon.pl\/pl\/blog\/7-wskazowek-na-najpiekniejsze-dodatki-ogrodowe\/\" \/>\n<meta property=\"og:locale\" content=\"pl_PL\" \/>\n<meta property=\"og:type\" content=\"article\" \/>\n<meta property=\"og:title\" content=\"7 wskaz\u00f3wek na najpi\u0119kniejsze dodatki ogrodowe - GARDEON\" \/>\n<meta property=\"og:description\" content=\"Dodatki i dekoracje w naszym ogrodzie to do\u015b\u0107 intymna sprawa. Kto\u015b ch\u0119tnie pogaw\u0119dzi z niekonfliktowym gipsowym krasnalem, betonowym zwierz\u0105tkiem czy sztucznym Budd\u0105 z drewna, inny woli wprowadzi\u0107 do przestrzeni zewn\u0119trznej co\u015b sp\u00f3jnego z reszt\u0105 otoczenia, ale wci\u0105\u017c u\u017cytkowego. Ilu ludzi, tyle gust\u00f3w i opinii. Ile ogrod\u00f3w, tylu odwa\u017cnych projektant\u00f3w. I co z tego \u2014 przecie\u017c [&hellip;]\" \/>\n<meta property=\"og:url\" content=\"https:\/\/gardeon.pl\/pl\/blog\/7-wskazowek-na-najpiekniejsze-dodatki-ogrodowe\/\" \/>\n<meta property=\"og:site_name\" content=\"GARDEON\" \/>\n<meta property=\"article:published_time\" content=\"2026-04-23T17:01:14+00:00\" \/>\n<meta property=\"og:image\" content=\"http:\/\/gardeon.pl\/wp-content\/uploads\/2020\/07\/Furik-s-kvetmi.jpg\" \/>\n\t<meta property=\"og:image:width\" content=\"1200\" \/>\n\t<meta property=\"og:image:height\" content=\"800\" \/>\n\t<meta property=\"og:image:type\" content=\"image\/jpeg\" \/>\n<meta name=\"author\" content=\"editor\" \/>\n<meta name=\"twitter:card\" content=\"summary_large_image\" \/>\n<meta name=\"twitter:label1\" content=\"Napisane przez\" \/>\n\t<meta name=\"twitter:data1\" content=\"editor\" \/>\n\t<meta name=\"twitter:label2\" content=\"Szacowany czas czytania\" \/>\n\t<meta name=\"twitter:data2\" content=\"4 minuty\" \/>\n<script type=\"application\/ld+json\" class=\"yoast-schema-graph\">{\"@context\":\"https:\\\/\\\/schema.org\",\"@graph\":[{\"@type\":\"Article\",\"@id\":\"https:\\\/\\\/gardeon.pl\\\/pl\\\/blog\\\/7-wskazowek-na-najpiekniejsze-dodatki-ogrodowe\\\/#article\",\"isPartOf\":{\"@id\":\"https:\\\/\\\/gardeon.pl\\\/pl\\\/blog\\\/7-wskazowek-na-najpiekniejsze-dodatki-ogrodowe\\\/\"},\"author\":{\"name\":\"editor\",\"@id\":\"https:\\\/\\\/gardeon.pl\\\/#\\\/schema\\\/person\\\/a5762ca5f0790bf92774af0899379463\"},\"headline\":\"7 wskaz\u00f3wek na najpi\u0119kniejsze dodatki ogrodowe\",\"datePublished\":\"2026-04-23T17:01:14+00:00\",\"mainEntityOfPage\":{\"@id\":\"https:\\\/\\\/gardeon.pl\\\/pl\\\/blog\\\/7-wskazowek-na-najpiekniejsze-dodatki-ogrodowe\\\/\"},\"wordCount\":792,\"commentCount\":0,\"image\":{\"@id\":\"https:\\\/\\\/gardeon.pl\\\/pl\\\/blog\\\/7-wskazowek-na-najpiekniejsze-dodatki-ogrodowe\\\/#primaryimage\"},\"thumbnailUrl\":\"https:\\\/\\\/gardeon.pl\\\/wp-content\\\/uploads\\\/2020\\\/07\\\/Furik-s-kvetmi.jpg\",\"keywords\":[\"CZ\"],\"articleSection\":[\"Domki ogrodowe\",\"Inspiracje\",\"Ogr\u00f3d\",\"Wiaty i altany\"],\"inLanguage\":\"pl-PL\",\"potentialAction\":[{\"@type\":\"CommentAction\",\"name\":\"Comment\",\"target\":[\"https:\\\/\\\/gardeon.pl\\\/pl\\\/blog\\\/7-wskazowek-na-najpiekniejsze-dodatki-ogrodowe\\\/#respond\"]}]},{\"@type\":\"WebPage\",\"@id\":\"https:\\\/\\\/gardeon.pl\\\/pl\\\/blog\\\/7-wskazowek-na-najpiekniejsze-dodatki-ogrodowe\\\/\",\"url\":\"https:\\\/\\\/gardeon.pl\\\/pl\\\/blog\\\/7-wskazowek-na-najpiekniejsze-dodatki-ogrodowe\\\/\",\"name\":\"7 wskaz\u00f3wek na najpi\u0119kniejsze dodatki ogrodowe - GARDEON\",\"isPartOf\":{\"@id\":\"https:\\\/\\\/gardeon.pl\\\/#website\"},\"primaryImageOfPage\":{\"@id\":\"https:\\\/\\\/gardeon.pl\\\/pl\\\/blog\\\/7-wskazowek-na-najpiekniejsze-dodatki-ogrodowe\\\/#primaryimage\"},\"image\":{\"@id\":\"https:\\\/\\\/gardeon.pl\\\/pl\\\/blog\\\/7-wskazowek-na-najpiekniejsze-dodatki-ogrodowe\\\/#primaryimage\"},\"thumbnailUrl\":\"https:\\\/\\\/gardeon.pl\\\/wp-content\\\/uploads\\\/2020\\\/07\\\/Furik-s-kvetmi.jpg\",\"datePublished\":\"2026-04-23T17:01:14+00:00\",\"author\":{\"@id\":\"https:\\\/\\\/gardeon.pl\\\/#\\\/schema\\\/person\\\/a5762ca5f0790bf92774af0899379463\"},\"breadcrumb\":{\"@id\":\"https:\\\/\\\/gardeon.pl\\\/pl\\\/blog\\\/7-wskazowek-na-najpiekniejsze-dodatki-ogrodowe\\\/#breadcrumb\"},\"inLanguage\":\"pl-PL\",\"potentialAction\":[{\"@type\":\"ReadAction\",\"target\":[\"https:\\\/\\\/gardeon.pl\\\/pl\\\/blog\\\/7-wskazowek-na-najpiekniejsze-dodatki-ogrodowe\\\/\"]}]},{\"@type\":\"ImageObject\",\"inLanguage\":\"pl-PL\",\"@id\":\"https:\\\/\\\/gardeon.pl\\\/pl\\\/blog\\\/7-wskazowek-na-najpiekniejsze-dodatki-ogrodowe\\\/#primaryimage\",\"url\":\"https:\\\/\\\/gardeon.pl\\\/wp-content\\\/uploads\\\/2020\\\/07\\\/Furik-s-kvetmi.jpg\",\"contentUrl\":\"https:\\\/\\\/gardeon.pl\\\/wp-content\\\/uploads\\\/2020\\\/07\\\/Furik-s-kvetmi.jpg\",\"width\":1200,\"height\":800,\"caption\":\"Taczka z r\u00f3\u017cowymi kwiatami\"},{\"@type\":\"BreadcrumbList\",\"@id\":\"https:\\\/\\\/gardeon.pl\\\/pl\\\/blog\\\/7-wskazowek-na-najpiekniejsze-dodatki-ogrodowe\\\/#breadcrumb\",\"itemListElement\":[{\"@type\":\"ListItem\",\"position\":1,\"name\":\"Domov\",\"item\":\"https:\\\/\\\/gardeon.pl\\\/pl\\\/\"},{\"@type\":\"ListItem\",\"position\":2,\"name\":\"7 wskaz\u00f3wek na najpi\u0119kniejsze dodatki ogrodowe\"}]},{\"@type\":\"WebSite\",\"@id\":\"https:\\\/\\\/gardeon.pl\\\/#website\",\"url\":\"https:\\\/\\\/gardeon.pl\\\/\",\"name\":\"GARDEON\",\"description\":\"\",\"potentialAction\":[{\"@type\":\"SearchAction\",\"target\":{\"@type\":\"EntryPoint\",\"urlTemplate\":\"https:\\\/\\\/gardeon.pl\\\/?s={search_term_string}\"},\"query-input\":{\"@type\":\"PropertyValueSpecification\",\"valueRequired\":true,\"valueName\":\"search_term_string\"}}],\"inLanguage\":\"pl-PL\"},{\"@type\":\"Person\",\"@id\":\"https:\\\/\\\/gardeon.pl\\\/#\\\/schema\\\/person\\\/a5762ca5f0790bf92774af0899379463\",\"name\":\"editor\",\"image\":{\"@type\":\"ImageObject\",\"inLanguage\":\"pl-PL\",\"@id\":\"https:\\\/\\\/secure.gravatar.com\\\/avatar\\\/2b748151c2c748327307fd289a91b3bdafdd9e64e2d000e65e53d6dcf11c5830?s=96&d=mm&r=g\",\"url\":\"https:\\\/\\\/secure.gravatar.com\\\/avatar\\\/2b748151c2c748327307fd289a91b3bdafdd9e64e2d000e65e53d6dcf11c5830?s=96&d=mm&r=g\",\"contentUrl\":\"https:\\\/\\\/secure.gravatar.com\\\/avatar\\\/2b748151c2c748327307fd289a91b3bdafdd9e64e2d000e65e53d6dcf11c5830?s=96&d=mm&r=g\",\"caption\":\"editor\"}}]}<\/script>\n<!-- \/ Yoast SEO plugin. -->","yoast_head_json":{"title":"7 wskaz\u00f3wek na najpi\u0119kniejsze dodatki ogrodowe - GARDEON","robots":{"index":"index","follow":"follow","max-snippet":"max-snippet:-1","max-image-preview":"max-image-preview:large","max-video-preview":"max-video-preview:-1"},"canonical":"https:\/\/gardeon.pl\/pl\/blog\/7-wskazowek-na-najpiekniejsze-dodatki-ogrodowe\/","og_locale":"pl_PL","og_type":"article","og_title":"7 wskaz\u00f3wek na najpi\u0119kniejsze dodatki ogrodowe - GARDEON","og_description":"Dodatki i dekoracje w naszym ogrodzie to do\u015b\u0107 intymna sprawa. Kto\u015b ch\u0119tnie pogaw\u0119dzi z niekonfliktowym gipsowym krasnalem, betonowym zwierz\u0105tkiem czy sztucznym Budd\u0105 z drewna, inny woli wprowadzi\u0107 do przestrzeni zewn\u0119trznej co\u015b sp\u00f3jnego z reszt\u0105 otoczenia, ale wci\u0105\u017c u\u017cytkowego. Ilu ludzi, tyle gust\u00f3w i opinii. Ile ogrod\u00f3w, tylu odwa\u017cnych projektant\u00f3w. I co z tego \u2014 przecie\u017c [&hellip;]","og_url":"https:\/\/gardeon.pl\/pl\/blog\/7-wskazowek-na-najpiekniejsze-dodatki-ogrodowe\/","og_site_name":"GARDEON","article_published_time":"2026-04-23T17:01:14+00:00","og_image":[{"width":1200,"height":800,"url":"http:\/\/gardeon.pl\/wp-content\/uploads\/2020\/07\/Furik-s-kvetmi.jpg","type":"image\/jpeg"}],"author":"editor","twitter_card":"summary_large_image","twitter_misc":{"Napisane przez":"editor","Szacowany czas czytania":"4 minuty"},"schema":{"@context":"https:\/\/schema.org","@graph":[{"@type":"Article","@id":"https:\/\/gardeon.pl\/pl\/blog\/7-wskazowek-na-najpiekniejsze-dodatki-ogrodowe\/#article","isPartOf":{"@id":"https:\/\/gardeon.pl\/pl\/blog\/7-wskazowek-na-najpiekniejsze-dodatki-ogrodowe\/"},"author":{"name":"editor","@id":"https:\/\/gardeon.pl\/#\/schema\/person\/a5762ca5f0790bf92774af0899379463"},"headline":"7 wskaz\u00f3wek na najpi\u0119kniejsze dodatki ogrodowe","datePublished":"2026-04-23T17:01:14+00:00","mainEntityOfPage":{"@id":"https:\/\/gardeon.pl\/pl\/blog\/7-wskazowek-na-najpiekniejsze-dodatki-ogrodowe\/"},"wordCount":792,"commentCount":0,"image":{"@id":"https:\/\/gardeon.pl\/pl\/blog\/7-wskazowek-na-najpiekniejsze-dodatki-ogrodowe\/#primaryimage"},"thumbnailUrl":"https:\/\/gardeon.pl\/wp-content\/uploads\/2020\/07\/Furik-s-kvetmi.jpg","keywords":["CZ"],"articleSection":["Domki ogrodowe","Inspiracje","Ogr\u00f3d","Wiaty i altany"],"inLanguage":"pl-PL","potentialAction":[{"@type":"CommentAction","name":"Comment","target":["https:\/\/gardeon.pl\/pl\/blog\/7-wskazowek-na-najpiekniejsze-dodatki-ogrodowe\/#respond"]}]},{"@type":"WebPage","@id":"https:\/\/gardeon.pl\/pl\/blog\/7-wskazowek-na-najpiekniejsze-dodatki-ogrodowe\/","url":"https:\/\/gardeon.pl\/pl\/blog\/7-wskazowek-na-najpiekniejsze-dodatki-ogrodowe\/","name":"7 wskaz\u00f3wek na najpi\u0119kniejsze dodatki ogrodowe - GARDEON","isPartOf":{"@id":"https:\/\/gardeon.pl\/#website"},"primaryImageOfPage":{"@id":"https:\/\/gardeon.pl\/pl\/blog\/7-wskazowek-na-najpiekniejsze-dodatki-ogrodowe\/#primaryimage"},"image":{"@id":"https:\/\/gardeon.pl\/pl\/blog\/7-wskazowek-na-najpiekniejsze-dodatki-ogrodowe\/#primaryimage"},"thumbnailUrl":"https:\/\/gardeon.pl\/wp-content\/uploads\/2020\/07\/Furik-s-kvetmi.jpg","datePublished":"2026-04-23T17:01:14+00:00","author":{"@id":"https:\/\/gardeon.pl\/#\/schema\/person\/a5762ca5f0790bf92774af0899379463"},"breadcrumb":{"@id":"https:\/\/gardeon.pl\/pl\/blog\/7-wskazowek-na-najpiekniejsze-dodatki-ogrodowe\/#breadcrumb"},"inLanguage":"pl-PL","potentialAction":[{"@type":"ReadAction","target":["https:\/\/gardeon.pl\/pl\/blog\/7-wskazowek-na-najpiekniejsze-dodatki-ogrodowe\/"]}]},{"@type":"ImageObject","inLanguage":"pl-PL","@id":"https:\/\/gardeon.pl\/pl\/blog\/7-wskazowek-na-najpiekniejsze-dodatki-ogrodowe\/#primaryimage","url":"https:\/\/gardeon.pl\/wp-content\/uploads\/2020\/07\/Furik-s-kvetmi.jpg","contentUrl":"https:\/\/gardeon.pl\/wp-content\/uploads\/2020\/07\/Furik-s-kvetmi.jpg","width":1200,"height":800,"caption":"Taczka z r\u00f3\u017cowymi kwiatami"},{"@type":"BreadcrumbList","@id":"https:\/\/gardeon.pl\/pl\/blog\/7-wskazowek-na-najpiekniejsze-dodatki-ogrodowe\/#breadcrumb","itemListElement":[{"@type":"ListItem","position":1,"name":"Domov","item":"https:\/\/gardeon.pl\/pl\/"},{"@type":"ListItem","position":2,"name":"7 wskaz\u00f3wek na najpi\u0119kniejsze dodatki ogrodowe"}]},{"@type":"WebSite","@id":"https:\/\/gardeon.pl\/#website","url":"https:\/\/gardeon.pl\/","name":"GARDEON","description":"","potentialAction":[{"@type":"SearchAction","target":{"@type":"EntryPoint","urlTemplate":"https:\/\/gardeon.pl\/?s={search_term_string}"},"query-input":{"@type":"PropertyValueSpecification","valueRequired":true,"valueName":"search_term_string"}}],"inLanguage":"pl-PL"},{"@type":"Person","@id":"https:\/\/gardeon.pl\/#\/schema\/person\/a5762ca5f0790bf92774af0899379463","name":"editor","image":{"@type":"ImageObject","inLanguage":"pl-PL","@id":"https:\/\/secure.gravatar.com\/avatar\/2b748151c2c748327307fd289a91b3bdafdd9e64e2d000e65e53d6dcf11c5830?s=96&d=mm&r=g","url":"https:\/\/secure.gravatar.com\/avatar\/2b748151c2c748327307fd289a91b3bdafdd9e64e2d000e65e53d6dcf11c5830?s=96&d=mm&r=g","contentUrl":"https:\/\/secure.gravatar.com\/avatar\/2b748151c2c748327307fd289a91b3bdafdd9e64e2d000e65e53d6dcf11c5830?s=96&d=mm&r=g","caption":"editor"}}]}},"_links":{"self":[{"href":"https:\/\/gardeon.pl\/pl\/wp-json\/wp\/v2\/posts\/46133","targetHints":{"allow":["GET"]}}],"collection":[{"href":"https:\/\/gardeon.pl\/pl\/wp-json\/wp\/v2\/posts"}],"about":[{"href":"https:\/\/gardeon.pl\/pl\/wp-json\/wp\/v2\/types\/post"}],"author":[{"embeddable":true,"href":"https:\/\/gardeon.pl\/pl\/wp-json\/wp\/v2\/users\/2"}],"replies":[{"embeddable":true,"href":"https:\/\/gardeon.pl\/pl\/wp-json\/wp\/v2\/comments?post=46133"}],"version-history":[{"count":0,"href":"https:\/\/gardeon.pl\/pl\/wp-json\/wp\/v2\/posts\/46133\/revisions"}],"wp:featuredmedia":[{"embeddable":true,"href":"https:\/\/gardeon.pl\/pl\/wp-json\/wp\/v2\/media\/46144"}],"wp:attachment":[{"href":"https:\/\/gardeon.pl\/pl\/wp-json\/wp\/v2\/media?parent=46133"}],"wp:term":[{"taxonomy":"category","embeddable":true,"href":"https:\/\/gardeon.pl\/pl\/wp-json\/wp\/v2\/categories?post=46133"},{"taxonomy":"post_tag","embeddable":true,"href":"https:\/\/gardeon.pl\/pl\/wp-json\/wp\/v2\/tags?post=46133"}],"curies":[{"name":"wp","href":"https:\/\/api.w.org\/{rel}","templated":true}]}}