{"id":46145,"date":"2026-04-23T19:01:14","date_gmt":"2026-04-23T17:01:14","guid":{"rendered":"https:\/\/gardeon.pl\/?p=46145"},"modified":"2026-04-23T19:01:14","modified_gmt":"2026-04-23T17:01:14","slug":"zywotnosc-baterii-w-rowerach-elektrycznych","status":"publish","type":"post","link":"https:\/\/gardeon.pl\/pl\/blog\/zywotnosc-baterii-w-rowerach-elektrycznych\/","title":{"rendered":"\u017bywotno\u015b\u0107 baterii w rowerach elektrycznych"},"content":{"rendered":"<p><em>Bateria to podstawowa kwestia, na kt\u00f3r\u0105 nale\u017cy zwr\u00f3ci\u0107 uwag\u0119 przy zakupie roweru elektrycznego. O co powinni\u015bmy pyta\u0107? O to, jaki to typ baterii, jak\u0105 ma pojemno\u015b\u0107, jaki zasi\u0119g dzi\u0119ki niej oferuje rower, a tak\u017ce ile cykli \u0142adowania zapewnia i jaka jest jej ca\u0142kowita \u017cywotno\u015b\u0107.  <span class=\"Apple-converted-space\"> <\/span><\/em><\/p>\n<h2>Dojazd i pojemno\u015b\u0107<\/h2>\n<p>Zasi\u0119g jest jednym z najwa\u017cniejszych parametr\u00f3w. Jednocze\u015bnie bywa on bardzo zr\u00f3\u017cnicowany. G\u0142\u00f3wnym powodem jest pojemno\u015b\u0107 baterii, od kt\u00f3rej zasi\u0119g zale\u017cy, ale istotne jest r\u00f3wnie\u017c to, jak Pa\u0144stwo je\u017cd\u017c\u0105, jaki maj\u0105 styl jazdy, w jakim terenie si\u0119 poruszaj\u0105, jaka jest Pa\u0144stwa waga oraz jaki stopie\u0144  <b> <\/b>wspomagania peda\u0142owania zosta\u0142 ustawiony. Dlatego podany zasi\u0119g nie zawsze musi by\u0107 identyczny, lecz mo\u017ce nieznacznie odbiega\u0107 od rzeczywisto\u015bci. <span class=\"Apple-converted-space\"> <\/span><\/p>\n<p><img loading=\"lazy\" decoding=\"async\" class=\"aligncenter wp-image-26843\" src=\"http:\/\/gardeon.pl\/wp-content\/uploads\/2020\/06\/e-bikes-nationalparks-main_resize_md.jpg\" alt=\"Przyjaciele na rowerach\" width=\"800\" height=\"418\" srcset=\"https:\/\/gardeon.pl\/wp-content\/uploads\/2020\/06\/e-bikes-nationalparks-main_resize_md.jpg 744w, https:\/\/gardeon.pl\/wp-content\/uploads\/2020\/06\/e-bikes-nationalparks-main_resize_md-300x157.jpg 300w\" sizes=\"auto, (max-width: 800px) 100vw, 800px\" \/><\/p>\n<h3>Orientacyjnie zasi\u0119gi mo\u017cna podzieli\u0107 wed\u0142ug pojemno\u015bci baterii w nast\u0119puj\u0105cy spos\u00f3b:<\/h3>\n<ul>\n<li style=\"list-style-type: none;\">\n<ul>\n<li>zasi\u0119g <b>60\u201380 km<\/b> \u2013 pojemno\u015b\u0107 baterii <b>9\u201310 Ah<\/b><\/li>\n<li>zasi\u0119g <b>80\u2013100 km<\/b> \u2013 pojemno\u015b\u0107 baterii <b>11\u201312 Ah<\/b><\/li>\n<\/ul>\n<\/li>\n<\/ul>\n<p>&nbsp;<\/p>\n<ul>\n<li>zasi\u0119g <b>100\u2013120 km<\/b> \u2013 pojemno\u015b\u0107 baterii <b>13\u201314 Ah<\/b><\/li>\n<li>zasi\u0119g <b>120 km i wi\u0119cej<\/b> \u2013 pojemno\u015b\u0107 baterii <b>15 Ah i wi\u0119cej<\/b><br \/>\n(Baterie o wy\u017cszej pojemno\u015bci nie s\u0105 obecnie produkowane seryjnie na szerok\u0105 skal\u0119).<\/li>\n<\/ul>\n<p><img loading=\"lazy\" decoding=\"async\" class=\"aligncenter wp-image-26841\" src=\"http:\/\/gardeon.pl\/wp-content\/uploads\/2020\/06\/bike-4412895_1920.jpg\" alt=\"Bateria w rowerze\" width=\"800\" height=\"533\" srcset=\"https:\/\/gardeon.pl\/wp-content\/uploads\/2020\/06\/bike-4412895_1920.jpg 1920w, https:\/\/gardeon.pl\/wp-content\/uploads\/2020\/06\/bike-4412895_1920-300x200.jpg 300w, https:\/\/gardeon.pl\/wp-content\/uploads\/2020\/06\/bike-4412895_1920-1024x682.jpg 1024w, https:\/\/gardeon.pl\/wp-content\/uploads\/2020\/06\/bike-4412895_1920-768x512.jpg 768w, https:\/\/gardeon.pl\/wp-content\/uploads\/2020\/06\/bike-4412895_1920-1536x1023.jpg 1536w\" sizes=\"auto, (max-width: 800px) 100vw, 800px\" \/><\/p>\n<h3>\u017bywotno\u015b\u0107<\/h3>\n<p>Rowery elektryczne wykorzystuj\u0105 obecnie g\u0142\u00f3wnie nowoczesne typy baterii litowych, takie jak Li-Pol, Phylion lub Li-Ion. S\u0105 to najcz\u0119\u015bciej stosowane komercyjnie rodzaje akumulator\u00f3w. Charakteryzuj\u0105 si\u0119 dobrym stosunkiem masy do pojemno\u015bci, \u017cywotno\u015bci i ceny. Standardowe napi\u0119cie tych akumulator\u00f3w wynosi 36 V. Idealnym miejscem do \u0142adowania jest <a href=\"http:\/\/gardeon.pl\/?gclid=Cj0KCQjws_r0BRCwARIsAMxfDRgwfDRVjWMbSm_fi6VkbKHzKsC4XFgRyBFWGOe8zqx700Ur4rNqunAaAiYdEALw_wcB\">gara\u017c modu\u0142owy<\/a> lub <a href=\"http:\/\/gardeon.pl\/pristresky\/gardeon\/\">wiata gara\u017cowa<\/a>. Je\u015bli dbaj\u0105 Pa\u0144stwo o konserwacj\u0119 swojego sprz\u0119tu, doceni\u0105 Pa\u0144stwo te rozwi\u0105zania zw\u0142aszcza w przypadku zmiany pogody podczas \u0142adowania. Realna \u017cywotno\u015b\u0107 baterii zale\u017cy od sposobu jej u\u017cytkowania oraz piel\u0119gnacji. Przyjmuje si\u0119 jednak, \u017ce \u017cywotno\u015b\u0107 baterii oscyluje wok\u00f3\u0142 20 000 \u2013 30 000 przejechanych kilometr\u00f3w, czasu u\u017cytkowania wynosz\u0105cego 4 \u2013 8 lat        <b> <\/b>lub<b> <\/b>800 \u2013 1000 cykli \u0142adowania.<\/p>\n<p><img loading=\"lazy\" decoding=\"async\" class=\"aligncenter wp-image-26845\" src=\"http:\/\/gardeon.pl\/wp-content\/uploads\/2020\/06\/izip-e3-pathplusriding_106670.jpg\" alt=\"Para na rowerach\" width=\"800\" height=\"450\" srcset=\"https:\/\/gardeon.pl\/wp-content\/uploads\/2020\/06\/izip-e3-pathplusriding_106670.jpg 1024w, https:\/\/gardeon.pl\/wp-content\/uploads\/2020\/06\/izip-e3-pathplusriding_106670-300x169.jpg 300w, https:\/\/gardeon.pl\/wp-content\/uploads\/2020\/06\/izip-e3-pathplusriding_106670-768x432.jpg 768w\" sizes=\"auto, (max-width: 800px) 100vw, 800px\" \/><\/p>\n<ul>\n<li>na\u0142adowanie baterii do 50% pojemno\u015bci trwa oko\u0142o 1 \u2013 1,5 godziny<\/li>\n<li>na\u0142adowanie baterii do 100% pojemno\u015bci trwa oko\u0142o 3 \u2013 4 godziny<\/li>\n<li>nawet gdy bateria nie jest u\u017cywana, ulega ona roz\u0142adowaniu<\/li>\n<\/ul>\n<h2>Jak osi\u0105gn\u0105\u0107 jak najd\u0142u\u017csz\u0105 \u017cywotno\u015b\u0107<\/h2>\n<p>Baterie litowe nale\u017cy regularnie do\u0142adowywa\u0107 do maksymalnej pojemno\u015bci, najlepiej po ka\u017cdej je\u017adzie. Dlatego dobrze jest, je\u015bli mog\u0105 Pa\u0144stwo \u0142adowa\u0107 rower bezpo\u015brednio przy wje\u017adzie do gara\u017cu, ale w taki spos\u00f3b, aby nie przeszkadza\u0142 on w trakcie procesu. Dla tego typu akumulator\u00f3w niewskazane jest przerywane \u0142adowanie, nie zalecamy r\u00f3wnie\u017c roz\u0142adowywania ich do ca\u0142kowitego zera. Bateriom tym nie s\u0142u\u017c\u0105 tak\u017ce zbyt wysokie temperatury powy\u017cej 35\u00b0C oraz temperatury poni\u017cej zera. Na \u017cywotno\u015b\u0107 baterii wp\u0142ywa r\u00f3wnie\u017c intensywno\u015b\u0107 u\u017cytkowania. Dlatego wielu w\u0142a\u015bcicieli rower\u00f3w elektrycznych dziwi si\u0119, dlaczego \u017cywotno\u015b\u0107 ich akumulatora jest kr\u00f3tsza, ni\u017c deklarowano przy zakupie.      <span class=\"Apple-converted-space\"> <\/span><\/p>\n<h3>Umiejscowienie baterii<\/h3>\n<p>Umiejscowienie baterii cz\u0119\u015bciowo wp\u0142ywa na zachowanie i prowadzenie roweru. Nie jest to kwestia kluczowa, warto jednak wiedzie\u0107, dlaczego s\u0105 one montowane w konkretnych miejscach&#8230; <span class=\"Apple-converted-space\"> <\/span><\/p>\n<h4>Bateria baga\u017cnikowa<\/h4>\n<p>Ten typ baterii stosowany jest w rowerach miejskich lub trekkingowych, gdzie zak\u0142ada si\u0119, \u017ce w\u0142a\u015bciciel b\u0119dzie korzysta\u0142 z baga\u017cnika. Baga\u017cnik jest dwupoziomowy, dzi\u0119ki czemu na g\u00f3rze mo\u017cna standardowo zamontowa\u0107 koszyk lub torb\u0119. Jednocze\u015bnie bateria jest \u0142atwa w obs\u0142udze, co doceni\u0105 Pa\u0144stwo przede wszystkim podczas \u0142adowania.  <\/p>\n<p><img loading=\"lazy\" decoding=\"async\" class=\"aligncenter wp-image-26803\" src=\"http:\/\/gardeon.pl\/wp-content\/uploads\/2020\/06\/ebike-635544_1920-k%C3%B3pia.jpg\" alt=\"Miejski rower elektryczny\" width=\"800\" height=\"534\"><\/p>\n<h4>Bateria ramowa<\/h4>\n<p>Bateria ta jest umieszczona na ramie roweru w miejscu bidonu. Z punktu widzenia wywa\u017cenia jest to najbardziej optymalne miejsce, dlatego ten typ baterii najcz\u0119\u015bciej montuje si\u0119 w g\u00f3rskich rowerach elektrycznych. <span class=\"Apple-converted-space\"> <\/span><\/p>\n<p><img loading=\"lazy\" decoding=\"async\" class=\"aligncenter wp-image-26805\" src=\"http:\/\/gardeon.pl\/wp-content\/uploads\/2020\/06\/electric-bike-5167701_1280-k%C3%B3pia.jpg\" alt=\"Rower elektryczny\" width=\"800\" height=\"533\"><\/p>\n<p><b>Bateria za rur\u0105 podsiod\u0142ow\u0105<\/b> \u2013 z punktu widzenia wywa\u017cenia to miejsce jest korzystne, odbywa si\u0119 to jednak kosztem wyd\u0142u\u017cenia ramy. Powoduje to r\u00f3wnie\u017c wyd\u0142u\u017cenie \u0142a\u0144cucha \/ uk\u0142adu korbowego, przez co w rowerach elektrycznych cz\u0119sto wyst\u0119puje tylko jedna tarcza z przodu. Dlatego ten typ najcz\u0119\u015bciej spotyka si\u0119 w sk\u0142adanych rowerach elektrycznych.  <\/p>\n<h5>\u0179r\u00f3d\u0142o:<\/h5>\n<h5>Dzi\u0119kujemy za informacje<\/h5>\n<h5>https:\/\/www.insportline.sk\/radca\/159-ako-vybrat-elektrobicykel<\/h5>\n<h5>mtbiker.sk<\/h5>\n<h5>https:\/\/interestingengineering.com\/<\/h5>\n<h5>https:\/\/pixabay.com\/sk\/<\/h5>\n<h5>https:\/\/www.inc.com\/<\/h5>\n<h5>https:\/\/techxplore.com\/<\/h5>\n","protected":false},"excerpt":{"rendered":"<p>Bateria to podstawowa kwestia, na kt\u00f3r\u0105 nale\u017cy zwr\u00f3ci\u0107 uwag\u0119 przy zakupie roweru elektrycznego. O co powinni\u015bmy pyta\u0107? O to, jaki to typ baterii, jak\u0105 ma pojemno\u015b\u0107, jaki zasi\u0119g dzi\u0119ki niej oferuje rower, a tak\u017ce ile cykli \u0142adowania zapewnia i jaka jest jej ca\u0142kowita \u017cywotno\u015b\u0107. Dojazd i pojemno\u015b\u0107 Zasi\u0119g jest jednym z najwa\u017cniejszych parametr\u00f3w. Jednocze\u015bnie bywa [&hellip;]<\/p>\n","protected":false},"author":2,"featured_media":46146,"comment_status":"open","ping_status":"open","sticky":false,"template":"","format":"standard","meta":{"_acf_changed":false,"inline_featured_image":false,"footnotes":""},"categories":[594],"tags":[],"class_list":["post-46145","post","type-post","status-publish","format-standard","has-post-thumbnail","hentry","category-ogrod"],"acf":[],"yoast_head":"<!-- This site is optimized with the Yoast SEO plugin v27.4 - https:\/\/yoast.com\/product\/yoast-seo-wordpress\/ -->\n<title>\u017bywotno\u015b\u0107 baterii w rowerach elektrycznych - GARDEON<\/title>\n<meta name=\"robots\" content=\"index, follow, max-snippet:-1, max-image-preview:large, max-video-preview:-1\" \/>\n<link rel=\"canonical\" href=\"https:\/\/gardeon.pl\/pl\/blog\/zywotnosc-baterii-w-rowerach-elektrycznych\/\" \/>\n<meta property=\"og:locale\" content=\"pl_PL\" \/>\n<meta property=\"og:type\" content=\"article\" \/>\n<meta property=\"og:title\" content=\"\u017bywotno\u015b\u0107 baterii w rowerach elektrycznych - GARDEON\" \/>\n<meta property=\"og:description\" content=\"Bateria to podstawowa kwestia, na kt\u00f3r\u0105 nale\u017cy zwr\u00f3ci\u0107 uwag\u0119 przy zakupie roweru elektrycznego. O co powinni\u015bmy pyta\u0107? O to, jaki to typ baterii, jak\u0105 ma pojemno\u015b\u0107, jaki zasi\u0119g dzi\u0119ki niej oferuje rower, a tak\u017ce ile cykli \u0142adowania zapewnia i jaka jest jej ca\u0142kowita \u017cywotno\u015b\u0107. Dojazd i pojemno\u015b\u0107 Zasi\u0119g jest jednym z najwa\u017cniejszych parametr\u00f3w. Jednocze\u015bnie bywa [&hellip;]\" \/>\n<meta property=\"og:url\" content=\"https:\/\/gardeon.pl\/pl\/blog\/zywotnosc-baterii-w-rowerach-elektrycznych\/\" \/>\n<meta property=\"og:site_name\" content=\"GARDEON\" \/>\n<meta property=\"article:published_time\" content=\"2026-04-23T17:01:14+00:00\" \/>\n<meta property=\"og:image\" content=\"http:\/\/gardeon.pl\/wp-content\/uploads\/2020\/06\/best-phone-battery-life-uk.jpg\" \/>\n\t<meta property=\"og:image:width\" content=\"960\" \/>\n\t<meta property=\"og:image:height\" content=\"540\" \/>\n\t<meta property=\"og:image:type\" content=\"image\/jpeg\" \/>\n<meta name=\"author\" content=\"editor\" \/>\n<meta name=\"twitter:card\" content=\"summary_large_image\" \/>\n<meta name=\"twitter:label1\" content=\"Napisane przez\" \/>\n\t<meta name=\"twitter:data1\" content=\"editor\" \/>\n\t<meta name=\"twitter:label2\" content=\"Szacowany czas czytania\" \/>\n\t<meta name=\"twitter:data2\" content=\"3 minuty\" \/>\n<script type=\"application\/ld+json\" class=\"yoast-schema-graph\">{\"@context\":\"https:\\\/\\\/schema.org\",\"@graph\":[{\"@type\":\"Article\",\"@id\":\"https:\\\/\\\/gardeon.pl\\\/pl\\\/blog\\\/zywotnosc-baterii-w-rowerach-elektrycznych\\\/#article\",\"isPartOf\":{\"@id\":\"https:\\\/\\\/gardeon.pl\\\/pl\\\/blog\\\/zywotnosc-baterii-w-rowerach-elektrycznych\\\/\"},\"author\":{\"name\":\"editor\",\"@id\":\"https:\\\/\\\/gardeon.pl\\\/#\\\/schema\\\/person\\\/a5762ca5f0790bf92774af0899379463\"},\"headline\":\"\u017bywotno\u015b\u0107 baterii w rowerach elektrycznych\",\"datePublished\":\"2026-04-23T17:01:14+00:00\",\"mainEntityOfPage\":{\"@id\":\"https:\\\/\\\/gardeon.pl\\\/pl\\\/blog\\\/zywotnosc-baterii-w-rowerach-elektrycznych\\\/\"},\"wordCount\":684,\"commentCount\":0,\"image\":{\"@id\":\"https:\\\/\\\/gardeon.pl\\\/pl\\\/blog\\\/zywotnosc-baterii-w-rowerach-elektrycznych\\\/#primaryimage\"},\"thumbnailUrl\":\"https:\\\/\\\/gardeon.pl\\\/wp-content\\\/uploads\\\/2020\\\/06\\\/best-phone-battery-life-uk.jpg\",\"articleSection\":[\"Ogr\u00f3d\"],\"inLanguage\":\"pl-PL\",\"potentialAction\":[{\"@type\":\"CommentAction\",\"name\":\"Comment\",\"target\":[\"https:\\\/\\\/gardeon.pl\\\/pl\\\/blog\\\/zywotnosc-baterii-w-rowerach-elektrycznych\\\/#respond\"]}]},{\"@type\":\"WebPage\",\"@id\":\"https:\\\/\\\/gardeon.pl\\\/pl\\\/blog\\\/zywotnosc-baterii-w-rowerach-elektrycznych\\\/\",\"url\":\"https:\\\/\\\/gardeon.pl\\\/pl\\\/blog\\\/zywotnosc-baterii-w-rowerach-elektrycznych\\\/\",\"name\":\"\u017bywotno\u015b\u0107 baterii w rowerach elektrycznych - GARDEON\",\"isPartOf\":{\"@id\":\"https:\\\/\\\/gardeon.pl\\\/#website\"},\"primaryImageOfPage\":{\"@id\":\"https:\\\/\\\/gardeon.pl\\\/pl\\\/blog\\\/zywotnosc-baterii-w-rowerach-elektrycznych\\\/#primaryimage\"},\"image\":{\"@id\":\"https:\\\/\\\/gardeon.pl\\\/pl\\\/blog\\\/zywotnosc-baterii-w-rowerach-elektrycznych\\\/#primaryimage\"},\"thumbnailUrl\":\"https:\\\/\\\/gardeon.pl\\\/wp-content\\\/uploads\\\/2020\\\/06\\\/best-phone-battery-life-uk.jpg\",\"datePublished\":\"2026-04-23T17:01:14+00:00\",\"author\":{\"@id\":\"https:\\\/\\\/gardeon.pl\\\/#\\\/schema\\\/person\\\/a5762ca5f0790bf92774af0899379463\"},\"breadcrumb\":{\"@id\":\"https:\\\/\\\/gardeon.pl\\\/pl\\\/blog\\\/zywotnosc-baterii-w-rowerach-elektrycznych\\\/#breadcrumb\"},\"inLanguage\":\"pl-PL\",\"potentialAction\":[{\"@type\":\"ReadAction\",\"target\":[\"https:\\\/\\\/gardeon.pl\\\/pl\\\/blog\\\/zywotnosc-baterii-w-rowerach-elektrycznych\\\/\"]}]},{\"@type\":\"ImageObject\",\"inLanguage\":\"pl-PL\",\"@id\":\"https:\\\/\\\/gardeon.pl\\\/pl\\\/blog\\\/zywotnosc-baterii-w-rowerach-elektrycznych\\\/#primaryimage\",\"url\":\"https:\\\/\\\/gardeon.pl\\\/wp-content\\\/uploads\\\/2020\\\/06\\\/best-phone-battery-life-uk.jpg\",\"contentUrl\":\"https:\\\/\\\/gardeon.pl\\\/wp-content\\\/uploads\\\/2020\\\/06\\\/best-phone-battery-life-uk.jpg\",\"width\":960,\"height\":540,\"caption\":\"Ilustracja baterii\"},{\"@type\":\"BreadcrumbList\",\"@id\":\"https:\\\/\\\/gardeon.pl\\\/pl\\\/blog\\\/zywotnosc-baterii-w-rowerach-elektrycznych\\\/#breadcrumb\",\"itemListElement\":[{\"@type\":\"ListItem\",\"position\":1,\"name\":\"Domov\",\"item\":\"https:\\\/\\\/gardeon.pl\\\/pl\\\/\"},{\"@type\":\"ListItem\",\"position\":2,\"name\":\"\u017bywotno\u015b\u0107 baterii w rowerach elektrycznych\"}]},{\"@type\":\"WebSite\",\"@id\":\"https:\\\/\\\/gardeon.pl\\\/#website\",\"url\":\"https:\\\/\\\/gardeon.pl\\\/\",\"name\":\"GARDEON\",\"description\":\"\",\"potentialAction\":[{\"@type\":\"SearchAction\",\"target\":{\"@type\":\"EntryPoint\",\"urlTemplate\":\"https:\\\/\\\/gardeon.pl\\\/?s={search_term_string}\"},\"query-input\":{\"@type\":\"PropertyValueSpecification\",\"valueRequired\":true,\"valueName\":\"search_term_string\"}}],\"inLanguage\":\"pl-PL\"},{\"@type\":\"Person\",\"@id\":\"https:\\\/\\\/gardeon.pl\\\/#\\\/schema\\\/person\\\/a5762ca5f0790bf92774af0899379463\",\"name\":\"editor\",\"image\":{\"@type\":\"ImageObject\",\"inLanguage\":\"pl-PL\",\"@id\":\"https:\\\/\\\/secure.gravatar.com\\\/avatar\\\/2b748151c2c748327307fd289a91b3bdafdd9e64e2d000e65e53d6dcf11c5830?s=96&d=mm&r=g\",\"url\":\"https:\\\/\\\/secure.gravatar.com\\\/avatar\\\/2b748151c2c748327307fd289a91b3bdafdd9e64e2d000e65e53d6dcf11c5830?s=96&d=mm&r=g\",\"contentUrl\":\"https:\\\/\\\/secure.gravatar.com\\\/avatar\\\/2b748151c2c748327307fd289a91b3bdafdd9e64e2d000e65e53d6dcf11c5830?s=96&d=mm&r=g\",\"caption\":\"editor\"}}]}<\/script>\n<!-- \/ Yoast SEO plugin. -->","yoast_head_json":{"title":"\u017bywotno\u015b\u0107 baterii w rowerach elektrycznych - GARDEON","robots":{"index":"index","follow":"follow","max-snippet":"max-snippet:-1","max-image-preview":"max-image-preview:large","max-video-preview":"max-video-preview:-1"},"canonical":"https:\/\/gardeon.pl\/pl\/blog\/zywotnosc-baterii-w-rowerach-elektrycznych\/","og_locale":"pl_PL","og_type":"article","og_title":"\u017bywotno\u015b\u0107 baterii w rowerach elektrycznych - GARDEON","og_description":"Bateria to podstawowa kwestia, na kt\u00f3r\u0105 nale\u017cy zwr\u00f3ci\u0107 uwag\u0119 przy zakupie roweru elektrycznego. O co powinni\u015bmy pyta\u0107? O to, jaki to typ baterii, jak\u0105 ma pojemno\u015b\u0107, jaki zasi\u0119g dzi\u0119ki niej oferuje rower, a tak\u017ce ile cykli \u0142adowania zapewnia i jaka jest jej ca\u0142kowita \u017cywotno\u015b\u0107. Dojazd i pojemno\u015b\u0107 Zasi\u0119g jest jednym z najwa\u017cniejszych parametr\u00f3w. Jednocze\u015bnie bywa [&hellip;]","og_url":"https:\/\/gardeon.pl\/pl\/blog\/zywotnosc-baterii-w-rowerach-elektrycznych\/","og_site_name":"GARDEON","article_published_time":"2026-04-23T17:01:14+00:00","og_image":[{"width":960,"height":540,"url":"http:\/\/gardeon.pl\/wp-content\/uploads\/2020\/06\/best-phone-battery-life-uk.jpg","type":"image\/jpeg"}],"author":"editor","twitter_card":"summary_large_image","twitter_misc":{"Napisane przez":"editor","Szacowany czas czytania":"3 minuty"},"schema":{"@context":"https:\/\/schema.org","@graph":[{"@type":"Article","@id":"https:\/\/gardeon.pl\/pl\/blog\/zywotnosc-baterii-w-rowerach-elektrycznych\/#article","isPartOf":{"@id":"https:\/\/gardeon.pl\/pl\/blog\/zywotnosc-baterii-w-rowerach-elektrycznych\/"},"author":{"name":"editor","@id":"https:\/\/gardeon.pl\/#\/schema\/person\/a5762ca5f0790bf92774af0899379463"},"headline":"\u017bywotno\u015b\u0107 baterii w rowerach elektrycznych","datePublished":"2026-04-23T17:01:14+00:00","mainEntityOfPage":{"@id":"https:\/\/gardeon.pl\/pl\/blog\/zywotnosc-baterii-w-rowerach-elektrycznych\/"},"wordCount":684,"commentCount":0,"image":{"@id":"https:\/\/gardeon.pl\/pl\/blog\/zywotnosc-baterii-w-rowerach-elektrycznych\/#primaryimage"},"thumbnailUrl":"https:\/\/gardeon.pl\/wp-content\/uploads\/2020\/06\/best-phone-battery-life-uk.jpg","articleSection":["Ogr\u00f3d"],"inLanguage":"pl-PL","potentialAction":[{"@type":"CommentAction","name":"Comment","target":["https:\/\/gardeon.pl\/pl\/blog\/zywotnosc-baterii-w-rowerach-elektrycznych\/#respond"]}]},{"@type":"WebPage","@id":"https:\/\/gardeon.pl\/pl\/blog\/zywotnosc-baterii-w-rowerach-elektrycznych\/","url":"https:\/\/gardeon.pl\/pl\/blog\/zywotnosc-baterii-w-rowerach-elektrycznych\/","name":"\u017bywotno\u015b\u0107 baterii w rowerach elektrycznych - GARDEON","isPartOf":{"@id":"https:\/\/gardeon.pl\/#website"},"primaryImageOfPage":{"@id":"https:\/\/gardeon.pl\/pl\/blog\/zywotnosc-baterii-w-rowerach-elektrycznych\/#primaryimage"},"image":{"@id":"https:\/\/gardeon.pl\/pl\/blog\/zywotnosc-baterii-w-rowerach-elektrycznych\/#primaryimage"},"thumbnailUrl":"https:\/\/gardeon.pl\/wp-content\/uploads\/2020\/06\/best-phone-battery-life-uk.jpg","datePublished":"2026-04-23T17:01:14+00:00","author":{"@id":"https:\/\/gardeon.pl\/#\/schema\/person\/a5762ca5f0790bf92774af0899379463"},"breadcrumb":{"@id":"https:\/\/gardeon.pl\/pl\/blog\/zywotnosc-baterii-w-rowerach-elektrycznych\/#breadcrumb"},"inLanguage":"pl-PL","potentialAction":[{"@type":"ReadAction","target":["https:\/\/gardeon.pl\/pl\/blog\/zywotnosc-baterii-w-rowerach-elektrycznych\/"]}]},{"@type":"ImageObject","inLanguage":"pl-PL","@id":"https:\/\/gardeon.pl\/pl\/blog\/zywotnosc-baterii-w-rowerach-elektrycznych\/#primaryimage","url":"https:\/\/gardeon.pl\/wp-content\/uploads\/2020\/06\/best-phone-battery-life-uk.jpg","contentUrl":"https:\/\/gardeon.pl\/wp-content\/uploads\/2020\/06\/best-phone-battery-life-uk.jpg","width":960,"height":540,"caption":"Ilustracja baterii"},{"@type":"BreadcrumbList","@id":"https:\/\/gardeon.pl\/pl\/blog\/zywotnosc-baterii-w-rowerach-elektrycznych\/#breadcrumb","itemListElement":[{"@type":"ListItem","position":1,"name":"Domov","item":"https:\/\/gardeon.pl\/pl\/"},{"@type":"ListItem","position":2,"name":"\u017bywotno\u015b\u0107 baterii w rowerach elektrycznych"}]},{"@type":"WebSite","@id":"https:\/\/gardeon.pl\/#website","url":"https:\/\/gardeon.pl\/","name":"GARDEON","description":"","potentialAction":[{"@type":"SearchAction","target":{"@type":"EntryPoint","urlTemplate":"https:\/\/gardeon.pl\/?s={search_term_string}"},"query-input":{"@type":"PropertyValueSpecification","valueRequired":true,"valueName":"search_term_string"}}],"inLanguage":"pl-PL"},{"@type":"Person","@id":"https:\/\/gardeon.pl\/#\/schema\/person\/a5762ca5f0790bf92774af0899379463","name":"editor","image":{"@type":"ImageObject","inLanguage":"pl-PL","@id":"https:\/\/secure.gravatar.com\/avatar\/2b748151c2c748327307fd289a91b3bdafdd9e64e2d000e65e53d6dcf11c5830?s=96&d=mm&r=g","url":"https:\/\/secure.gravatar.com\/avatar\/2b748151c2c748327307fd289a91b3bdafdd9e64e2d000e65e53d6dcf11c5830?s=96&d=mm&r=g","contentUrl":"https:\/\/secure.gravatar.com\/avatar\/2b748151c2c748327307fd289a91b3bdafdd9e64e2d000e65e53d6dcf11c5830?s=96&d=mm&r=g","caption":"editor"}}]}},"_links":{"self":[{"href":"https:\/\/gardeon.pl\/pl\/wp-json\/wp\/v2\/posts\/46145","targetHints":{"allow":["GET"]}}],"collection":[{"href":"https:\/\/gardeon.pl\/pl\/wp-json\/wp\/v2\/posts"}],"about":[{"href":"https:\/\/gardeon.pl\/pl\/wp-json\/wp\/v2\/types\/post"}],"author":[{"embeddable":true,"href":"https:\/\/gardeon.pl\/pl\/wp-json\/wp\/v2\/users\/2"}],"replies":[{"embeddable":true,"href":"https:\/\/gardeon.pl\/pl\/wp-json\/wp\/v2\/comments?post=46145"}],"version-history":[{"count":0,"href":"https:\/\/gardeon.pl\/pl\/wp-json\/wp\/v2\/posts\/46145\/revisions"}],"wp:featuredmedia":[{"embeddable":true,"href":"https:\/\/gardeon.pl\/pl\/wp-json\/wp\/v2\/media\/46146"}],"wp:attachment":[{"href":"https:\/\/gardeon.pl\/pl\/wp-json\/wp\/v2\/media?parent=46145"}],"wp:term":[{"taxonomy":"category","embeddable":true,"href":"https:\/\/gardeon.pl\/pl\/wp-json\/wp\/v2\/categories?post=46145"},{"taxonomy":"post_tag","embeddable":true,"href":"https:\/\/gardeon.pl\/pl\/wp-json\/wp\/v2\/tags?post=46145"}],"curies":[{"name":"wp","href":"https:\/\/api.w.org\/{rel}","templated":true}]}}