{"id":46150,"date":"2026-04-23T19:01:14","date_gmt":"2026-04-23T17:01:14","guid":{"rendered":"https:\/\/gardeon.pl\/?p=46150"},"modified":"2026-04-23T19:01:14","modified_gmt":"2026-04-23T17:01:14","slug":"jak-zorganizowac-wspaniale-wesele-w-altanie-lub-w-ogrodzie","status":"publish","type":"post","link":"https:\/\/gardeon.pl\/pl\/blog\/jak-zorganizowac-wspaniale-wesele-w-altanie-lub-w-ogrodzie\/","title":{"rendered":"Jak zorganizowa\u0107 wspania\u0142e wesele w altanie lub w ogrodzie"},"content":{"rendered":"<p><em>Jak przygotowa\u0107 niezapomniane wesele w ogrodzie? Przedstawiamy Pa\u0144stwu inspiracje, jak udekorowa\u0107 wiat\u0119, altan\u0119 lub pergol\u0119 na ceremoni\u0119 \u015blubn\u0105 i przyj\u0119cie. Dajcie si\u0119 Pa\u0144stwo oczarowa\u0107 naszymi pomys\u0142ami pe\u0142nymi \u015bwiate\u0142, kwiat\u00f3w i zwiewnych, bajkowych baldachim\u00f3w.  <\/em><\/p>\n<p><img loading=\"lazy\" decoding=\"async\" class=\"aligncenter wp-image-20666\" src=\"http:\/\/gardeon.pl\/wp-content\/uploads\/2019\/09\/banner-1024x540.jpg\" alt=\"\" width=\"800\" height=\"422\" srcset=\"https:\/\/gardeon.pl\/wp-content\/uploads\/2019\/09\/banner-1024x540.jpg 1024w, https:\/\/gardeon.pl\/wp-content\/uploads\/2019\/09\/banner-300x158.jpg 300w, https:\/\/gardeon.pl\/wp-content\/uploads\/2019\/09\/banner-768x405.jpg 768w, https:\/\/gardeon.pl\/wp-content\/uploads\/2019\/09\/banner.jpg 1920w\" sizes=\"auto, (max-width: 800px) 100vw, 800px\" \/><\/p>\n<h2>Upi\u0119ksz przestrze\u0144 kwiatami i zieleni\u0105<\/h2>\n<p>Kwiaty \u015blubne to du\u017cy rozdzia\u0142 przygotowa\u0144. Potrzebujesz ich du\u017co i w naprawd\u0119 dobrym stanie. Zalecamy wyb\u00f3r sprawdzonego dostawcy, kt\u00f3rego prac\u0119 i \u015bwie\u017co\u015b\u0107 mo\u017cna zweryfikowa\u0107. Je\u015bli chcesz zaoszcz\u0119dzi\u0107, poszukaj alternatyw. Doskona\u0142ym pomys\u0142em s\u0105 polne kwiaty lub ziele\u0144 z w\u0142asnego ogrodu, kt\u00f3re jednak powinny pasowa\u0107 do stylu <a href=\"https:\/\/tchiboblog.sk\/svadobne-pripravy\/\">wesela<\/a>. Je\u015bli zaczniesz <a href=\"http:\/\/www.nevesta.sk\/svadobne-pripravy-krok-za-krokom-article-4120-51.aspx\">przygotowania wystarczaj\u0105co wcze\u015bnie<\/a>, mo\u017cesz pozwoli\u0107, aby wiat\u0119 lub pergol\u0119 obros\u0142y ro\u015bliny pn\u0105ce. Nast\u0119pnie wystarczy uzupe\u0142ni\u0107 kwiaty dopasowane do dekoracji \u015blubnych.      <\/p>\n<p><img loading=\"lazy\" decoding=\"async\" class=\"aligncenter wp-image-20676\" src=\"http:\/\/gardeon.pl\/wp-content\/uploads\/2019\/09\/f-1024x680.jpg\" alt=\"\" width=\"800\" height=\"531\" srcset=\"https:\/\/gardeon.pl\/wp-content\/uploads\/2019\/09\/f-1024x680.jpg 1024w, https:\/\/gardeon.pl\/wp-content\/uploads\/2019\/09\/f-300x199.jpg 300w, https:\/\/gardeon.pl\/wp-content\/uploads\/2019\/09\/f-768x510.jpg 768w, https:\/\/gardeon.pl\/wp-content\/uploads\/2019\/09\/f.jpg 1280w\" sizes=\"auto, (max-width: 800px) 100vw, 800px\" \/><\/p>\n<p><img loading=\"lazy\" decoding=\"async\" class=\"aligncenter wp-image-20674\" src=\"http:\/\/gardeon.pl\/wp-content\/uploads\/2019\/09\/e-683x1024.jpg\" alt=\"\" width=\"800\" height=\"1200\" srcset=\"https:\/\/gardeon.pl\/wp-content\/uploads\/2019\/09\/e-683x1024.jpg 683w, https:\/\/gardeon.pl\/wp-content\/uploads\/2019\/09\/e-200x300.jpg 200w, https:\/\/gardeon.pl\/wp-content\/uploads\/2019\/09\/e-768x1152.jpg 768w, https:\/\/gardeon.pl\/wp-content\/uploads\/2019\/09\/e.jpg 823w\" sizes=\"auto, (max-width: 800px) 100vw, 800px\" \/><\/p>\n<h2>Stw\u00f3rz romantyczn\u0105 atmosfer\u0119 dzi\u0119ki \u015bwiate\u0142kom i \u015bwiecom<\/h2>\n<p>Nie ma bardziej romantycznej chwili ni\u017c ta, gdy m\u00f3wicie sobie TAK. I to w przyt\u0142umionym <a href=\"https:\/\/gardeon.pl\/pl\/blog\/5-inspiracji-ktore-rozswietla-panstwa-ogrod-rowniez-w-nocy\/\">\u015bwietle \u015bwiec i lampek<\/a>. Udekorujcie nimi <a href=\"https:\/\/gardeon.pl\/pl\/blog\/3-pomysly-jak-wykorzystac-wiate-samochodowa-inaczej\/\">altan\u0119<\/a>, pod kt\u00f3r\u0105 przysi\u0119gniecie sobie wieczn\u0105 mi\u0142o\u015b\u0107. \u015awiece mog\u0105 r\u00f3wnie\u017c ozdobi\u0107 alejk\u0119 prowadz\u0105c\u0105 do niej.   <span class=\"Apple-converted-space\"> <\/span><\/p>\n<p><img loading=\"lazy\" decoding=\"async\" class=\"aligncenter wp-image-20680\" src=\"http:\/\/gardeon.pl\/wp-content\/uploads\/2019\/09\/g-1024x687.png\" alt=\"\" width=\"800\" height=\"537\"><\/p>\n<p><img loading=\"lazy\" decoding=\"async\" class=\"aligncenter wp-image-20682\" src=\"http:\/\/gardeon.pl\/wp-content\/uploads\/2019\/09\/h-783x1024.png\" alt=\"\" width=\"800\" height=\"1046\" srcset=\"https:\/\/gardeon.pl\/wp-content\/uploads\/2019\/09\/h-783x1024.png 783w, https:\/\/gardeon.pl\/wp-content\/uploads\/2019\/09\/h-229x300.png 229w, https:\/\/gardeon.pl\/wp-content\/uploads\/2019\/09\/h-768x1004.png 768w, https:\/\/gardeon.pl\/wp-content\/uploads\/2019\/09\/h.png 858w\" sizes=\"auto, (max-width: 800px) 100vw, 800px\" \/><\/p>\n<h2>Uzupe\u0142nij bajkow\u0105 atmosfer\u0119 baldachimami<\/h2>\n<p>Kochasz pomys\u0142y, kt\u00f3re nie kosztuj\u0105 fortuny, a daj\u0105 niesamowity efekt? Proste zas\u0142ony i baldachimy stworz\u0105 bajkow\u0105 atmosfer\u0119 podczas Twojego \u015blubu w altanie, pod wiat\u0105 czy pergol\u0105. <\/p>\n<p><img loading=\"lazy\" decoding=\"async\" class=\"aligncenter wp-image-20670\" src=\"http:\/\/gardeon.pl\/wp-content\/uploads\/2019\/09\/c-683x1024.jpg\" alt=\"\" width=\"800\" height=\"1200\"><\/p>\n<p><img loading=\"lazy\" decoding=\"async\" class=\"aligncenter wp-image-20672\" src=\"http:\/\/gardeon.pl\/wp-content\/uploads\/2019\/09\/d-683x1024.jpg\" alt=\"\" width=\"800\" height=\"1200\" srcset=\"https:\/\/gardeon.pl\/wp-content\/uploads\/2019\/09\/d-683x1024.jpg 683w, https:\/\/gardeon.pl\/wp-content\/uploads\/2019\/09\/d-200x300.jpg 200w, https:\/\/gardeon.pl\/wp-content\/uploads\/2019\/09\/d-768x1152.jpg 768w\" sizes=\"auto, (max-width: 800px) 100vw, 800px\" \/><\/p>\n<p><img loading=\"lazy\" decoding=\"async\" class=\"aligncenter wp-image-20664\" src=\"http:\/\/gardeon.pl\/wp-content\/uploads\/2019\/09\/b-788x1024.jpg\" alt=\"\" width=\"800\" height=\"1040\" srcset=\"https:\/\/gardeon.pl\/wp-content\/uploads\/2019\/09\/b-788x1024.jpg 788w, https:\/\/gardeon.pl\/wp-content\/uploads\/2019\/09\/b-231x300.jpg 231w, https:\/\/gardeon.pl\/wp-content\/uploads\/2019\/09\/b-768x998.jpg 768w, https:\/\/gardeon.pl\/wp-content\/uploads\/2019\/09\/b.jpg 930w\" sizes=\"auto, (max-width: 800px) 100vw, 800px\" \/><\/p>\n<h2>Przyj\u0119cie weselne pod wiat\u0105<span class=\"Apple-converted-space\"> <\/span><\/h2>\n<p>A jak kontynuowa\u0107? Oczywi\u015bcie przyj\u0119ciem \u2013 <a href=\"https:\/\/gardeon.pl\/pl\/?p=46553\">pod wiat\u0105 ogrodow\u0105<\/a> lub w wi\u0119kszym domku ogrodowym. Idealnie pod dachem, aby go\u015bcie weselni nie zmokli w razie z\u0142ej pogody. Wielko\u015b\u0107 przestrzeni zale\u017cy od liczby go\u015bci. Ale parkiet to ju\u017c inna sprawa&#8230;    <\/p>\n<p><img loading=\"lazy\" decoding=\"async\" class=\"aligncenter wp-image-20684\" src=\"http:\/\/gardeon.pl\/wp-content\/uploads\/2019\/09\/i-1024x1024.jpeg\" alt=\"Bia\u0142y namiot weselny\" width=\"800\" height=\"800\" srcset=\"https:\/\/gardeon.pl\/wp-content\/uploads\/2019\/09\/i-1024x1024.jpeg 1024w, https:\/\/gardeon.pl\/wp-content\/uploads\/2019\/09\/i-150x150.jpeg 150w, https:\/\/gardeon.pl\/wp-content\/uploads\/2019\/09\/i-300x300.jpeg 300w, https:\/\/gardeon.pl\/wp-content\/uploads\/2019\/09\/i-768x768.jpeg 768w, https:\/\/gardeon.pl\/wp-content\/uploads\/2019\/09\/i-1200x1200-cropped.jpeg 1200w\" sizes=\"auto, (max-width: 800px) 100vw, 800px\" \/><\/p>\n<p><img loading=\"lazy\" decoding=\"async\" class=\"aligncenter wp-image-20686\" src=\"http:\/\/gardeon.pl\/wp-content\/uploads\/2019\/09\/j-1024x569.jpg\" alt=\"\" width=\"800\" height=\"445\"><\/p>\n<p><img loading=\"lazy\" decoding=\"async\" class=\"aligncenter wp-image-20678\" src=\"http:\/\/gardeon.pl\/wp-content\/uploads\/2019\/09\/g-819x1024.jpg\" alt=\"\" width=\"800\" height=\"1000\" srcset=\"https:\/\/gardeon.pl\/wp-content\/uploads\/2019\/09\/g-819x1024.jpg 819w, https:\/\/gardeon.pl\/wp-content\/uploads\/2019\/09\/g-240x300.jpg 240w, https:\/\/gardeon.pl\/wp-content\/uploads\/2019\/09\/g-768x960.jpg 768w, https:\/\/gardeon.pl\/wp-content\/uploads\/2019\/09\/g.jpg 1024w\" sizes=\"auto, (max-width: 800px) 100vw, 800px\" \/><\/p>\n<p><img loading=\"lazy\" decoding=\"async\" class=\"aligncenter wp-image-20688\" src=\"http:\/\/gardeon.pl\/wp-content\/uploads\/2019\/09\/k-819x1024.jpg\" alt=\"\" width=\"800\" height=\"1001\"><\/p>\n<h2>Parkiet pod rozgwie\u017cd\u017conym niebem<\/h2>\n<p>Nieograniczona przestrze\u0144 na parkiet? Gdzie indziej, jak nie pod gwiazdami. Ale tym razem nie m\u00f3wimy o tych, kt\u00f3re s\u0105 oddalone o miliony lat \u015bwietlnych. To gwiezdne niebo tworz\u0105 \u015bwiate\u0142ka i lampiony, kt\u00f3re mo\u017cna rozwiesi\u0107 nad parkietem, ale tak\u017ce nad sto\u0142ami, gdzie ludzie mog\u0105 usi\u0105\u015b\u0107 na zewn\u0105trz i delektowa\u0107 si\u0119 weselnymi smako\u0142ykami.   <\/p>\n<p><img loading=\"lazy\" decoding=\"async\" class=\"aligncenter wp-image-20690\" src=\"http:\/\/gardeon.pl\/wp-content\/uploads\/2019\/09\/l-1024x528.jpg\" alt=\"\" width=\"800\" height=\"413\" srcset=\"https:\/\/gardeon.pl\/wp-content\/uploads\/2019\/09\/l-1024x528.jpg 1024w, https:\/\/gardeon.pl\/wp-content\/uploads\/2019\/09\/l-300x155.jpg 300w, https:\/\/gardeon.pl\/wp-content\/uploads\/2019\/09\/l-768x396.jpg 768w, https:\/\/gardeon.pl\/wp-content\/uploads\/2019\/09\/l.jpg 2048w\" sizes=\"auto, (max-width: 800px) 100vw, 800px\" \/><\/p>\n<p><img loading=\"lazy\" decoding=\"async\" class=\"aligncenter wp-image-20662\" src=\"http:\/\/gardeon.pl\/wp-content\/uploads\/2019\/09\/a-1024x1024.jpg\" alt=\"\" width=\"800\" height=\"800\"><\/p>\n<p>Wiele panien m\u0142odych od lat nosi w sobie wizj\u0119 <a href=\"https:\/\/gazduj.etrend.sk\/clanky-gazduj\/rozpocet-na-svadbu-3-kolko-stoji-svadba-vo-vlastnej-rezii-g.html\">wymarzonego \u015blubu<\/a>. Ju\u017c od ma\u0142ej dziewczynki. M\u0119\u017cczy\u017ani s\u0105 pod tym wzgl\u0119dem bardziej praktyczni. Ale przy tych inspiracjach musicie i Wy, panowie, przyzna\u0107, \u017ce \u015blub na \u015bwie\u017cym powietrzu to romantyka, kt\u00f3rej nigdy nie zapomnicie ze swoj\u0105 drug\u0105 po\u0142\u00f3wk\u0105.   <\/p>\n<h5>\u0179r\u00f3d\u0142o:<\/h5>\n<h5>https:\/\/www.weddingstats.org\/<br \/>\nhttps:\/\/www.thepavilionuk.com\/<br \/>\nhttps:\/\/rutgersgardens.rutgers.edu\/<br \/>\nhttps:\/\/www.weddingchicks.com\/<br \/>\nhttps:\/\/sk.pinterest.com\/<br \/>\nhttp:\/\/www.kindredoaks.com\/<br \/>\nhttps:\/\/www.weddingwire.com\/<br \/>\nhttp:\/\/wedding-flowers-photo.blogspot.com\/<br \/>\nhttps:\/\/ruffledblog.com\/<br \/>\nhttps:\/\/www.lights4fun.co.uk\/<br \/>\nhttps:\/\/www.brides.com\/<br \/>\nhttps:\/\/allanhouse.com\/<br \/>\nhttps:\/\/greenweddingshoes.com\/<br \/>\nhttps:\/\/apracticalwedding.com\/<\/h5>\n","protected":false},"excerpt":{"rendered":"<p>Jak przygotowa\u0107 niezapomniane wesele w ogrodzie? Przedstawiamy Pa\u0144stwu inspiracje, jak udekorowa\u0107 wiat\u0119, altan\u0119 lub pergol\u0119 na ceremoni\u0119 \u015blubn\u0105 i przyj\u0119cie. Dajcie si\u0119 Pa\u0144stwo oczarowa\u0107 naszymi pomys\u0142ami pe\u0142nymi \u015bwiate\u0142, kwiat\u00f3w i zwiewnych, bajkowych baldachim\u00f3w. Upi\u0119ksz przestrze\u0144 kwiatami i zieleni\u0105 Kwiaty \u015blubne to du\u017cy rozdzia\u0142 przygotowa\u0144. Potrzebujesz ich du\u017co i w naprawd\u0119 dobrym stanie. Zalecamy wyb\u00f3r sprawdzonego [&hellip;]<\/p>\n","protected":false},"author":2,"featured_media":46154,"comment_status":"open","ping_status":"open","sticky":false,"template":"","format":"standard","meta":{"_acf_changed":false,"inline_featured_image":false,"footnotes":""},"categories":[607,594,622],"tags":[],"class_list":["post-46150","post","type-post","status-publish","format-standard","has-post-thumbnail","hentry","category-inspiracje","category-ogrod","category-wiaty-i-altany"],"acf":[],"yoast_head":"<!-- This site is optimized with the Yoast SEO plugin v27.4 - https:\/\/yoast.com\/product\/yoast-seo-wordpress\/ -->\n<title>Jak zorganizowa\u0107 wspania\u0142e wesele w altanie lub w ogrodzie - GARDEON<\/title>\n<meta name=\"robots\" content=\"index, follow, max-snippet:-1, max-image-preview:large, max-video-preview:-1\" \/>\n<link rel=\"canonical\" href=\"https:\/\/gardeon.pl\/pl\/blog\/jak-zorganizowac-wspaniale-wesele-w-altanie-lub-w-ogrodzie\/\" \/>\n<meta property=\"og:locale\" content=\"pl_PL\" \/>\n<meta property=\"og:type\" content=\"article\" \/>\n<meta property=\"og:title\" content=\"Jak zorganizowa\u0107 wspania\u0142e wesele w altanie lub w ogrodzie - GARDEON\" \/>\n<meta property=\"og:description\" content=\"Jak przygotowa\u0107 niezapomniane wesele w ogrodzie? Przedstawiamy Pa\u0144stwu inspiracje, jak udekorowa\u0107 wiat\u0119, altan\u0119 lub pergol\u0119 na ceremoni\u0119 \u015blubn\u0105 i przyj\u0119cie. Dajcie si\u0119 Pa\u0144stwo oczarowa\u0107 naszymi pomys\u0142ami pe\u0142nymi \u015bwiate\u0142, kwiat\u00f3w i zwiewnych, bajkowych baldachim\u00f3w. Upi\u0119ksz przestrze\u0144 kwiatami i zieleni\u0105 Kwiaty \u015blubne to du\u017cy rozdzia\u0142 przygotowa\u0144. Potrzebujesz ich du\u017co i w naprawd\u0119 dobrym stanie. Zalecamy wyb\u00f3r sprawdzonego [&hellip;]\" \/>\n<meta property=\"og:url\" content=\"https:\/\/gardeon.pl\/pl\/blog\/jak-zorganizowac-wspaniale-wesele-w-altanie-lub-w-ogrodzie\/\" \/>\n<meta property=\"og:site_name\" content=\"GARDEON\" \/>\n<meta property=\"article:published_time\" content=\"2026-04-23T17:01:14+00:00\" \/>\n<meta property=\"og:image\" content=\"http:\/\/gardeon.pl\/wp-content\/uploads\/2019\/09\/banner1.jpg\" \/>\n\t<meta property=\"og:image:width\" content=\"1920\" \/>\n\t<meta property=\"og:image:height\" content=\"540\" \/>\n\t<meta property=\"og:image:type\" content=\"image\/jpeg\" \/>\n<meta name=\"author\" content=\"editor\" \/>\n<meta name=\"twitter:card\" content=\"summary_large_image\" \/>\n<meta name=\"twitter:label1\" content=\"Napisane przez\" \/>\n\t<meta name=\"twitter:data1\" content=\"editor\" \/>\n\t<meta name=\"twitter:label2\" content=\"Szacowany czas czytania\" \/>\n\t<meta name=\"twitter:data2\" content=\"2 minuty\" \/>\n<script type=\"application\/ld+json\" class=\"yoast-schema-graph\">{\"@context\":\"https:\\\/\\\/schema.org\",\"@graph\":[{\"@type\":\"Article\",\"@id\":\"https:\\\/\\\/gardeon.pl\\\/pl\\\/blog\\\/jak-zorganizowac-wspaniale-wesele-w-altanie-lub-w-ogrodzie\\\/#article\",\"isPartOf\":{\"@id\":\"https:\\\/\\\/gardeon.pl\\\/pl\\\/blog\\\/jak-zorganizowac-wspaniale-wesele-w-altanie-lub-w-ogrodzie\\\/\"},\"author\":{\"name\":\"editor\",\"@id\":\"https:\\\/\\\/gardeon.pl\\\/#\\\/schema\\\/person\\\/a5762ca5f0790bf92774af0899379463\"},\"headline\":\"Jak zorganizowa\u0107 wspania\u0142e wesele w altanie lub w ogrodzie\",\"datePublished\":\"2026-04-23T17:01:14+00:00\",\"mainEntityOfPage\":{\"@id\":\"https:\\\/\\\/gardeon.pl\\\/pl\\\/blog\\\/jak-zorganizowac-wspaniale-wesele-w-altanie-lub-w-ogrodzie\\\/\"},\"wordCount\":458,\"commentCount\":0,\"image\":{\"@id\":\"https:\\\/\\\/gardeon.pl\\\/pl\\\/blog\\\/jak-zorganizowac-wspaniale-wesele-w-altanie-lub-w-ogrodzie\\\/#primaryimage\"},\"thumbnailUrl\":\"https:\\\/\\\/gardeon.pl\\\/wp-content\\\/uploads\\\/2019\\\/09\\\/banner1.jpg\",\"articleSection\":[\"Inspiracje\",\"Ogr\u00f3d\",\"Wiaty i altany\"],\"inLanguage\":\"pl-PL\",\"potentialAction\":[{\"@type\":\"CommentAction\",\"name\":\"Comment\",\"target\":[\"https:\\\/\\\/gardeon.pl\\\/pl\\\/blog\\\/jak-zorganizowac-wspaniale-wesele-w-altanie-lub-w-ogrodzie\\\/#respond\"]}]},{\"@type\":\"WebPage\",\"@id\":\"https:\\\/\\\/gardeon.pl\\\/pl\\\/blog\\\/jak-zorganizowac-wspaniale-wesele-w-altanie-lub-w-ogrodzie\\\/\",\"url\":\"https:\\\/\\\/gardeon.pl\\\/pl\\\/blog\\\/jak-zorganizowac-wspaniale-wesele-w-altanie-lub-w-ogrodzie\\\/\",\"name\":\"Jak zorganizowa\u0107 wspania\u0142e wesele w altanie lub w ogrodzie - GARDEON\",\"isPartOf\":{\"@id\":\"https:\\\/\\\/gardeon.pl\\\/#website\"},\"primaryImageOfPage\":{\"@id\":\"https:\\\/\\\/gardeon.pl\\\/pl\\\/blog\\\/jak-zorganizowac-wspaniale-wesele-w-altanie-lub-w-ogrodzie\\\/#primaryimage\"},\"image\":{\"@id\":\"https:\\\/\\\/gardeon.pl\\\/pl\\\/blog\\\/jak-zorganizowac-wspaniale-wesele-w-altanie-lub-w-ogrodzie\\\/#primaryimage\"},\"thumbnailUrl\":\"https:\\\/\\\/gardeon.pl\\\/wp-content\\\/uploads\\\/2019\\\/09\\\/banner1.jpg\",\"datePublished\":\"2026-04-23T17:01:14+00:00\",\"author\":{\"@id\":\"https:\\\/\\\/gardeon.pl\\\/#\\\/schema\\\/person\\\/a5762ca5f0790bf92774af0899379463\"},\"breadcrumb\":{\"@id\":\"https:\\\/\\\/gardeon.pl\\\/pl\\\/blog\\\/jak-zorganizowac-wspaniale-wesele-w-altanie-lub-w-ogrodzie\\\/#breadcrumb\"},\"inLanguage\":\"pl-PL\",\"potentialAction\":[{\"@type\":\"ReadAction\",\"target\":[\"https:\\\/\\\/gardeon.pl\\\/pl\\\/blog\\\/jak-zorganizowac-wspaniale-wesele-w-altanie-lub-w-ogrodzie\\\/\"]}]},{\"@type\":\"ImageObject\",\"inLanguage\":\"pl-PL\",\"@id\":\"https:\\\/\\\/gardeon.pl\\\/pl\\\/blog\\\/jak-zorganizowac-wspaniale-wesele-w-altanie-lub-w-ogrodzie\\\/#primaryimage\",\"url\":\"https:\\\/\\\/gardeon.pl\\\/wp-content\\\/uploads\\\/2019\\\/09\\\/banner1.jpg\",\"contentUrl\":\"https:\\\/\\\/gardeon.pl\\\/wp-content\\\/uploads\\\/2019\\\/09\\\/banner1.jpg\",\"width\":1920,\"height\":540,\"caption\":\"Wesele w altanie\"},{\"@type\":\"BreadcrumbList\",\"@id\":\"https:\\\/\\\/gardeon.pl\\\/pl\\\/blog\\\/jak-zorganizowac-wspaniale-wesele-w-altanie-lub-w-ogrodzie\\\/#breadcrumb\",\"itemListElement\":[{\"@type\":\"ListItem\",\"position\":1,\"name\":\"Domov\",\"item\":\"https:\\\/\\\/gardeon.pl\\\/pl\\\/\"},{\"@type\":\"ListItem\",\"position\":2,\"name\":\"Jak zorganizowa\u0107 wspania\u0142e wesele w altanie lub w ogrodzie\"}]},{\"@type\":\"WebSite\",\"@id\":\"https:\\\/\\\/gardeon.pl\\\/#website\",\"url\":\"https:\\\/\\\/gardeon.pl\\\/\",\"name\":\"GARDEON\",\"description\":\"\",\"potentialAction\":[{\"@type\":\"SearchAction\",\"target\":{\"@type\":\"EntryPoint\",\"urlTemplate\":\"https:\\\/\\\/gardeon.pl\\\/?s={search_term_string}\"},\"query-input\":{\"@type\":\"PropertyValueSpecification\",\"valueRequired\":true,\"valueName\":\"search_term_string\"}}],\"inLanguage\":\"pl-PL\"},{\"@type\":\"Person\",\"@id\":\"https:\\\/\\\/gardeon.pl\\\/#\\\/schema\\\/person\\\/a5762ca5f0790bf92774af0899379463\",\"name\":\"editor\",\"image\":{\"@type\":\"ImageObject\",\"inLanguage\":\"pl-PL\",\"@id\":\"https:\\\/\\\/secure.gravatar.com\\\/avatar\\\/2b748151c2c748327307fd289a91b3bdafdd9e64e2d000e65e53d6dcf11c5830?s=96&d=mm&r=g\",\"url\":\"https:\\\/\\\/secure.gravatar.com\\\/avatar\\\/2b748151c2c748327307fd289a91b3bdafdd9e64e2d000e65e53d6dcf11c5830?s=96&d=mm&r=g\",\"contentUrl\":\"https:\\\/\\\/secure.gravatar.com\\\/avatar\\\/2b748151c2c748327307fd289a91b3bdafdd9e64e2d000e65e53d6dcf11c5830?s=96&d=mm&r=g\",\"caption\":\"editor\"}}]}<\/script>\n<!-- \/ Yoast SEO plugin. -->","yoast_head_json":{"title":"Jak zorganizowa\u0107 wspania\u0142e wesele w altanie lub w ogrodzie - GARDEON","robots":{"index":"index","follow":"follow","max-snippet":"max-snippet:-1","max-image-preview":"max-image-preview:large","max-video-preview":"max-video-preview:-1"},"canonical":"https:\/\/gardeon.pl\/pl\/blog\/jak-zorganizowac-wspaniale-wesele-w-altanie-lub-w-ogrodzie\/","og_locale":"pl_PL","og_type":"article","og_title":"Jak zorganizowa\u0107 wspania\u0142e wesele w altanie lub w ogrodzie - GARDEON","og_description":"Jak przygotowa\u0107 niezapomniane wesele w ogrodzie? Przedstawiamy Pa\u0144stwu inspiracje, jak udekorowa\u0107 wiat\u0119, altan\u0119 lub pergol\u0119 na ceremoni\u0119 \u015blubn\u0105 i przyj\u0119cie. Dajcie si\u0119 Pa\u0144stwo oczarowa\u0107 naszymi pomys\u0142ami pe\u0142nymi \u015bwiate\u0142, kwiat\u00f3w i zwiewnych, bajkowych baldachim\u00f3w. Upi\u0119ksz przestrze\u0144 kwiatami i zieleni\u0105 Kwiaty \u015blubne to du\u017cy rozdzia\u0142 przygotowa\u0144. Potrzebujesz ich du\u017co i w naprawd\u0119 dobrym stanie. Zalecamy wyb\u00f3r sprawdzonego [&hellip;]","og_url":"https:\/\/gardeon.pl\/pl\/blog\/jak-zorganizowac-wspaniale-wesele-w-altanie-lub-w-ogrodzie\/","og_site_name":"GARDEON","article_published_time":"2026-04-23T17:01:14+00:00","og_image":[{"width":1920,"height":540,"url":"http:\/\/gardeon.pl\/wp-content\/uploads\/2019\/09\/banner1.jpg","type":"image\/jpeg"}],"author":"editor","twitter_card":"summary_large_image","twitter_misc":{"Napisane przez":"editor","Szacowany czas czytania":"2 minuty"},"schema":{"@context":"https:\/\/schema.org","@graph":[{"@type":"Article","@id":"https:\/\/gardeon.pl\/pl\/blog\/jak-zorganizowac-wspaniale-wesele-w-altanie-lub-w-ogrodzie\/#article","isPartOf":{"@id":"https:\/\/gardeon.pl\/pl\/blog\/jak-zorganizowac-wspaniale-wesele-w-altanie-lub-w-ogrodzie\/"},"author":{"name":"editor","@id":"https:\/\/gardeon.pl\/#\/schema\/person\/a5762ca5f0790bf92774af0899379463"},"headline":"Jak zorganizowa\u0107 wspania\u0142e wesele w altanie lub w ogrodzie","datePublished":"2026-04-23T17:01:14+00:00","mainEntityOfPage":{"@id":"https:\/\/gardeon.pl\/pl\/blog\/jak-zorganizowac-wspaniale-wesele-w-altanie-lub-w-ogrodzie\/"},"wordCount":458,"commentCount":0,"image":{"@id":"https:\/\/gardeon.pl\/pl\/blog\/jak-zorganizowac-wspaniale-wesele-w-altanie-lub-w-ogrodzie\/#primaryimage"},"thumbnailUrl":"https:\/\/gardeon.pl\/wp-content\/uploads\/2019\/09\/banner1.jpg","articleSection":["Inspiracje","Ogr\u00f3d","Wiaty i altany"],"inLanguage":"pl-PL","potentialAction":[{"@type":"CommentAction","name":"Comment","target":["https:\/\/gardeon.pl\/pl\/blog\/jak-zorganizowac-wspaniale-wesele-w-altanie-lub-w-ogrodzie\/#respond"]}]},{"@type":"WebPage","@id":"https:\/\/gardeon.pl\/pl\/blog\/jak-zorganizowac-wspaniale-wesele-w-altanie-lub-w-ogrodzie\/","url":"https:\/\/gardeon.pl\/pl\/blog\/jak-zorganizowac-wspaniale-wesele-w-altanie-lub-w-ogrodzie\/","name":"Jak zorganizowa\u0107 wspania\u0142e wesele w altanie lub w ogrodzie - GARDEON","isPartOf":{"@id":"https:\/\/gardeon.pl\/#website"},"primaryImageOfPage":{"@id":"https:\/\/gardeon.pl\/pl\/blog\/jak-zorganizowac-wspaniale-wesele-w-altanie-lub-w-ogrodzie\/#primaryimage"},"image":{"@id":"https:\/\/gardeon.pl\/pl\/blog\/jak-zorganizowac-wspaniale-wesele-w-altanie-lub-w-ogrodzie\/#primaryimage"},"thumbnailUrl":"https:\/\/gardeon.pl\/wp-content\/uploads\/2019\/09\/banner1.jpg","datePublished":"2026-04-23T17:01:14+00:00","author":{"@id":"https:\/\/gardeon.pl\/#\/schema\/person\/a5762ca5f0790bf92774af0899379463"},"breadcrumb":{"@id":"https:\/\/gardeon.pl\/pl\/blog\/jak-zorganizowac-wspaniale-wesele-w-altanie-lub-w-ogrodzie\/#breadcrumb"},"inLanguage":"pl-PL","potentialAction":[{"@type":"ReadAction","target":["https:\/\/gardeon.pl\/pl\/blog\/jak-zorganizowac-wspaniale-wesele-w-altanie-lub-w-ogrodzie\/"]}]},{"@type":"ImageObject","inLanguage":"pl-PL","@id":"https:\/\/gardeon.pl\/pl\/blog\/jak-zorganizowac-wspaniale-wesele-w-altanie-lub-w-ogrodzie\/#primaryimage","url":"https:\/\/gardeon.pl\/wp-content\/uploads\/2019\/09\/banner1.jpg","contentUrl":"https:\/\/gardeon.pl\/wp-content\/uploads\/2019\/09\/banner1.jpg","width":1920,"height":540,"caption":"Wesele w altanie"},{"@type":"BreadcrumbList","@id":"https:\/\/gardeon.pl\/pl\/blog\/jak-zorganizowac-wspaniale-wesele-w-altanie-lub-w-ogrodzie\/#breadcrumb","itemListElement":[{"@type":"ListItem","position":1,"name":"Domov","item":"https:\/\/gardeon.pl\/pl\/"},{"@type":"ListItem","position":2,"name":"Jak zorganizowa\u0107 wspania\u0142e wesele w altanie lub w ogrodzie"}]},{"@type":"WebSite","@id":"https:\/\/gardeon.pl\/#website","url":"https:\/\/gardeon.pl\/","name":"GARDEON","description":"","potentialAction":[{"@type":"SearchAction","target":{"@type":"EntryPoint","urlTemplate":"https:\/\/gardeon.pl\/?s={search_term_string}"},"query-input":{"@type":"PropertyValueSpecification","valueRequired":true,"valueName":"search_term_string"}}],"inLanguage":"pl-PL"},{"@type":"Person","@id":"https:\/\/gardeon.pl\/#\/schema\/person\/a5762ca5f0790bf92774af0899379463","name":"editor","image":{"@type":"ImageObject","inLanguage":"pl-PL","@id":"https:\/\/secure.gravatar.com\/avatar\/2b748151c2c748327307fd289a91b3bdafdd9e64e2d000e65e53d6dcf11c5830?s=96&d=mm&r=g","url":"https:\/\/secure.gravatar.com\/avatar\/2b748151c2c748327307fd289a91b3bdafdd9e64e2d000e65e53d6dcf11c5830?s=96&d=mm&r=g","contentUrl":"https:\/\/secure.gravatar.com\/avatar\/2b748151c2c748327307fd289a91b3bdafdd9e64e2d000e65e53d6dcf11c5830?s=96&d=mm&r=g","caption":"editor"}}]}},"_links":{"self":[{"href":"https:\/\/gardeon.pl\/pl\/wp-json\/wp\/v2\/posts\/46150","targetHints":{"allow":["GET"]}}],"collection":[{"href":"https:\/\/gardeon.pl\/pl\/wp-json\/wp\/v2\/posts"}],"about":[{"href":"https:\/\/gardeon.pl\/pl\/wp-json\/wp\/v2\/types\/post"}],"author":[{"embeddable":true,"href":"https:\/\/gardeon.pl\/pl\/wp-json\/wp\/v2\/users\/2"}],"replies":[{"embeddable":true,"href":"https:\/\/gardeon.pl\/pl\/wp-json\/wp\/v2\/comments?post=46150"}],"version-history":[{"count":0,"href":"https:\/\/gardeon.pl\/pl\/wp-json\/wp\/v2\/posts\/46150\/revisions"}],"wp:featuredmedia":[{"embeddable":true,"href":"https:\/\/gardeon.pl\/pl\/wp-json\/wp\/v2\/media\/46154"}],"wp:attachment":[{"href":"https:\/\/gardeon.pl\/pl\/wp-json\/wp\/v2\/media?parent=46150"}],"wp:term":[{"taxonomy":"category","embeddable":true,"href":"https:\/\/gardeon.pl\/pl\/wp-json\/wp\/v2\/categories?post=46150"},{"taxonomy":"post_tag","embeddable":true,"href":"https:\/\/gardeon.pl\/pl\/wp-json\/wp\/v2\/tags?post=46150"}],"curies":[{"name":"wp","href":"https:\/\/api.w.org\/{rel}","templated":true}]}}