{"id":46187,"date":"2026-04-23T19:01:13","date_gmt":"2026-04-23T17:01:13","guid":{"rendered":"https:\/\/gardeon.pl\/?p=46187"},"modified":"2026-04-23T19:01:13","modified_gmt":"2026-04-23T17:01:13","slug":"czym-mozemy-sie-zainspirowac-w-ogrodzie-japonskim-i-jak-zalozyc-wlasny","status":"publish","type":"post","link":"https:\/\/gardeon.pl\/pl\/blog\/czym-mozemy-sie-zainspirowac-w-ogrodzie-japonskim-i-jak-zalozyc-wlasny\/","title":{"rendered":"Czym mo\u017cemy si\u0119 zainspirowa\u0107 w ogrodzie japo\u0144skim i jak za\u0142o\u017cy\u0107 w\u0142asny"},"content":{"rendered":"<p><em>Czego chcieliby Pa\u0144stwo dowiedzie\u0107 si\u0119 o ogrodach japo\u0144skich od osoby, kt\u00f3ra odwiedzi\u0142a ich kilkadziesi\u0105t w ca\u0142ym kraju i nie pisze o nich jedynie na podstawie zdj\u0119\u0107 z Pinterestu? Mamy nadziej\u0119, \u017ce uda nam si\u0119 zawrze\u0107 dla Pa\u0144stwa to, co najwa\u017cniejsze. Dzi\u0119ki temu zobacz\u0105 Pa\u0144stwo, dlaczego ogrody japo\u0144skie s\u0105 tak wyj\u0105tkowe i co my \u2013 mieszka\u0144cy Europy \u015arodkowej \u2013 mogliby\u015bmy z nich przej\u0105\u0107, aby nasze ogrody sta\u0142y si\u0119 skrawkiem raju i spokoju.  <\/em><\/p>\n<p>Ogrody japo\u0144skie to nie tylko formalna nazwa pedantycznie zagospodarowanych milimetr\u00f3w kwadratowych cennej ziemi na tej azjatyckiej wyspie. Japo\u0144czycy czcz\u0105 swoje ogrody niemal jak \u017cywy organizm i maj\u0105 do nich niemal religijny stosunek. <\/p>\n<p><img loading=\"lazy\" decoding=\"async\" class=\"aligncenter wp-image-27309\" src=\"http:\/\/gardeon.pl\/wp-content\/uploads\/2020\/07\/Japonske-zahrady-7-scaled.jpg\" alt=\"Park miejski w ogrodzie japo\u0144skim\" width=\"800\" height=\"1067\" srcset=\"https:\/\/gardeon.pl\/wp-content\/uploads\/2020\/07\/Japonske-zahrady-7-scaled.jpg 1920w, https:\/\/gardeon.pl\/wp-content\/uploads\/2020\/07\/Japonske-zahrady-7-225x300.jpg 225w, https:\/\/gardeon.pl\/wp-content\/uploads\/2020\/07\/Japonske-zahrady-7-768x1024.jpg 768w, https:\/\/gardeon.pl\/wp-content\/uploads\/2020\/07\/Japonske-zahrady-7-1152x1536.jpg 1152w, https:\/\/gardeon.pl\/wp-content\/uploads\/2020\/07\/Japonske-zahrady-7-1536x2048.jpg 1536w\" sizes=\"auto, (max-width: 800px) 100vw, 800px\" \/><\/p>\n<p style=\"text-align: center;\"><em>Sztucznie stworzone zbiorniki wodne s\u0105 w Japonii powszechne. Wraz z zieleni\u0105 przynajmniej cz\u0119\u015bciowo ch\u0142odz\u0105 one ogromne obszary zabudowane z wie\u017cowcami podczas najgor\u0119tszych miesi\u0119cy. <\/em><\/p>\n<p>To, co znamy pod poj\u0119ciem wsp\u00f3\u0142czesnych ogrod\u00f3w japo\u0144skich, powinni\u015bmy w rzeczywisto\u015bci wyra\u017anie odr\u00f3\u017cni\u0107 od innych ogrod\u00f3w historycznych, upraszczaj\u0105c, \u017ce typologicznie s\u0105 to ma\u0142e ogrody miejskie. Niezale\u017cnie od tego, czy znajduj\u0105 si\u0119 na wsi, czy w miastach, wyra\u017anie odr\u00f3\u017cniaj\u0105 si\u0119 podej\u015bciem w\u0142a\u015bciciela. Wtedy, gdy stworzenie zielonej przestrzeni obok swojego domu staje si\u0119 nadrz\u0119dnym celem.  <span class=\"Apple-converted-space\"> <\/span><\/p>\n<h2>Ziele\u0144 czy beton<\/h2>\n<p>M\u00f3wimy o kawa\u0142ku ziemi, na kt\u00f3rym spokojnie mog\u0142oby powsta\u0107 kilka betonowych metr\u00f3w kwadratowych nowego mieszkania lub parkingu. A ich w\u0142a\u015bciciel, dzi\u0119ki nim, w kraju, w kt\u00f3rym ka\u017cdy centymetr jest na wag\u0119 z\u0142ota, sta\u0142by si\u0119 z pewno\u015bci\u0105 znacznie bogatszym cz\u0142owiekiem. Zanim zaczniemy m\u00f3wi\u0107 o ich ogrodach, trzeba zrozumie\u0107 warto\u015b\u0107 miejsca, kt\u00f3re kto\u015b po\u015bwi\u0119ci\u0142 dla zieleni. W \u015brodku wysokich budynk\u00f3w jest ona ogromna.   <\/p>\n<p><img loading=\"lazy\" decoding=\"async\" class=\"aligncenter wp-image-27299\" src=\"http:\/\/gardeon.pl\/wp-content\/uploads\/2020\/07\/Japonske-zahrady-2-scaled.jpg\" alt=\"Ogrody wertykalne\" width=\"800\" height=\"1067\" srcset=\"https:\/\/gardeon.pl\/wp-content\/uploads\/2020\/07\/Japonske-zahrady-2-scaled.jpg 1920w, https:\/\/gardeon.pl\/wp-content\/uploads\/2020\/07\/Japonske-zahrady-2-225x300.jpg 225w, https:\/\/gardeon.pl\/wp-content\/uploads\/2020\/07\/Japonske-zahrady-2-768x1024.jpg 768w, https:\/\/gardeon.pl\/wp-content\/uploads\/2020\/07\/Japonske-zahrady-2-1152x1536.jpg 1152w, https:\/\/gardeon.pl\/wp-content\/uploads\/2020\/07\/Japonske-zahrady-2-1536x2048.jpg 1536w\" sizes=\"auto, (max-width: 800px) 100vw, 800px\" \/><\/p>\n<p style=\"text-align: center;\"><em>Gdy ziele\u0144 nie mie\u015bci si\u0119 gdzie\u015b poziomo, z pewno\u015bci\u0105 zmie\u015bci si\u0119 przynajmniej pionowo.<\/em><\/p>\n<p>Japo\u0144czycy doje\u017cd\u017caj\u0105 do pracy setki kilometr\u00f3w ze wzgl\u0119du na ceny zakwaterowania. Codziennie kilka godzin w obie strony. Przyzwoite zakwaterowanie w silnych ekonomicznie miastach jest bowiem ekstremalnie drogie. W warunkach s\u0142owackich s\u0105 to zazwyczaj odleg\u0142o\u015bci Bratys\u0142awa \u2013 \u017bylina, ale tak\u017ce Bratys\u0142awa \u2013 Presz\u00f3w. Oczywi\u015bcie innymi poci\u0105gami i inaczej zorganizowanymi ni\u017c te, kt\u00f3rymi je\u017adzimy tutaj.    <span class=\"Apple-converted-space\"> <\/span><\/p>\n<p><img loading=\"lazy\" decoding=\"async\" class=\"aligncenter wp-image-27301\" src=\"http:\/\/gardeon.pl\/wp-content\/uploads\/2020\/07\/Japonske-zahrady-3-scaled.jpg\" alt=\"Ogrody wertykalne na budynku\" width=\"800\" height=\"1067\" srcset=\"https:\/\/gardeon.pl\/wp-content\/uploads\/2020\/07\/Japonske-zahrady-3-scaled.jpg 1920w, https:\/\/gardeon.pl\/wp-content\/uploads\/2020\/07\/Japonske-zahrady-3-225x300.jpg 225w, https:\/\/gardeon.pl\/wp-content\/uploads\/2020\/07\/Japonske-zahrady-3-768x1024.jpg 768w, https:\/\/gardeon.pl\/wp-content\/uploads\/2020\/07\/Japonske-zahrady-3-1152x1536.jpg 1152w, https:\/\/gardeon.pl\/wp-content\/uploads\/2020\/07\/Japonske-zahrady-3-1536x2048.jpg 1536w\" sizes=\"auto, (max-width: 800px) 100vw, 800px\" \/><\/p>\n<p style=\"text-align: center;\"><em>Gdy ziele\u0144 nie mie\u015bci si\u0119 gdzie\u015b poziomo, z pewno\u015bci\u0105 zmie\u015bci si\u0119 przynajmniej pionowo.<\/em><\/p>\n<p>Posiadanie mieszkania w jednym z japo\u0144skich miast o metra\u017cu odpowiadaj\u0105cym potrzebom naszej trzy- lub czteroosobowej rodziny, do kt\u00f3rego jeste\u015bmy tutaj przyzwyczajeni, jest tam luksusem. Jeszcze wi\u0119kszym luksusem jest posiadanie cho\u0107by skrawka ziemi przy miejskim mieszkaniu. Je\u015bli na tym skrawku nie ma parkingu, w\u0142a\u015bciciel z pewno\u015bci\u0105 o nim my\u015bli. Je\u015bli nie, rozwa\u017ca dobudow\u0119, w kt\u00f3rej m\u00f3g\u0142by wynajmowa\u0107 mieszkanie.   <\/p>\n<p>Je\u015bli nie rozwa\u017ca ani parkingu, ani dobudowy, ani nawet pola ry\u017cowego, co jest powszechne na wsi, lecz ma\u0142y ogr\u00f3dek, to jest to osoba lub rodzina \u017cyj\u0105ca powy\u017cej przeci\u0119tnej. Chcemy przez to przede wszystkim powiedzie\u0107, \u017ce ogr\u00f3d japo\u0144ski, tak jak go dzi\u015b postrzegamy, nie jest oczywisto\u015bci\u0105 dla wszystkich Japo\u0144czyk\u00f3w. Typowy ogr\u00f3d miejski jest przywilejem bogatszych ludzi, luksusowych hoteli czy presti\u017cowych sklep\u00f3w.  <\/p>\n<p><img loading=\"lazy\" decoding=\"async\" class=\"aligncenter wp-image-27297\" src=\"http:\/\/gardeon.pl\/wp-content\/uploads\/2020\/07\/Japonske-zahrady-1-scaled.jpg\" alt=\"Japo\u0144ski park w mie\u015bcie\" width=\"800\" height=\"1067\" srcset=\"https:\/\/gardeon.pl\/wp-content\/uploads\/2020\/07\/Japonske-zahrady-1-scaled.jpg 1920w, https:\/\/gardeon.pl\/wp-content\/uploads\/2020\/07\/Japonske-zahrady-1-225x300.jpg 225w, https:\/\/gardeon.pl\/wp-content\/uploads\/2020\/07\/Japonske-zahrady-1-768x1024.jpg 768w, https:\/\/gardeon.pl\/wp-content\/uploads\/2020\/07\/Japonske-zahrady-1-1152x1536.jpg 1152w, https:\/\/gardeon.pl\/wp-content\/uploads\/2020\/07\/Japonske-zahrady-1-1536x2048.jpg 1536w\" sizes=\"auto, (max-width: 800px) 100vw, 800px\" \/><\/p>\n<p style=\"text-align: center;\"><em>Nawet w takim parku mo\u017cna si\u0119 zgubi\u0107. Je\u015bli wejd\u0105 Pa\u0144stwo do niego kilka poziom\u00f3w ni\u017cej lub wy\u017cej, nagle zobacz\u0105 Pa\u0144stwo zupe\u0142nie inn\u0105 perspektyw\u0119, kt\u00f3ra w \u017caden spos\u00f3b nie zdradzi, \u017ce mog\u0105 Pa\u0144stwo by\u0107 w tym samym miejscu co przed chwil\u0105.  <\/em><\/p>\n<p>Ogr\u00f3d japo\u0144ski wywodzi si\u0119 z Chin, sk\u0105d stopniowo zosta\u0142 przej\u0119ty i rozwini\u0119ty w Japonii, a z czasem rozprzestrzeni\u0142 si\u0119 na inne obszary. Charakterystyczne dla niego jest maksymalne wykorzystanie wolnej przestrzeni oraz d\u0105\u017cenie do poszanowania natury. Taka jest jego charakterystyka i tak jest zachowywany do dnia dzisiejszego.  <span class=\"Apple-converted-space\"> <\/span><\/p>\n<h3>Ogrody \u015bwi\u0105tynne skrywaj\u0105 dusz\u0119<\/h3>\n<p>Oryginalne tradycyjne ogrody mo\u017cna dzi\u015b znale\u017a\u0107 g\u0142\u00f3wnie przy starych \u015bwi\u0105tyniach. Definiuj\u0105 je zbiorniki wodne, egzotyczne drzewa i krzewy, du\u017ce kamienie, ale tak\u017ce piasek czy drobny \u017cwir. Ogrody te w momencie powstania s\u0142u\u017cy\u0142y do kontemplacji i medytacji. Gdyby nie by\u0142o w nich dzi\u015b tysi\u0119cy zwiedzaj\u0105cych, odczuliby Pa\u0144stwo to wszystko bardzo wyra\u017anie. Pa\u0144stwo r\u00f3wnie\u017c mogliby medytowa\u0107. Zobaczyliby Pa\u0144stwo surowe obrazy z ro\u015blinno\u015bci dedykowane oczom, a tak\u017ce us\u0142yszeli d\u017awi\u0119ki dedykowane uszom. Zaraz, jak mo\u017cna odbiera\u0107 d\u017awi\u0119k w du\u017cym ogrodzie?      <\/p>\n<p><img loading=\"lazy\" decoding=\"async\" class=\"aligncenter wp-image-27313\" src=\"http:\/\/gardeon.pl\/wp-content\/uploads\/2020\/07\/Japonske-zahrady-9-scaled.jpg\" alt=\"Ogr\u00f3d japo\u0144ski\" width=\"800\" height=\"600\" srcset=\"https:\/\/gardeon.pl\/wp-content\/uploads\/2020\/07\/Japonske-zahrady-9-scaled.jpg 2560w, https:\/\/gardeon.pl\/wp-content\/uploads\/2020\/07\/Japonske-zahrady-9-300x225.jpg 300w, https:\/\/gardeon.pl\/wp-content\/uploads\/2020\/07\/Japonske-zahrady-9-1024x768.jpg 1024w, https:\/\/gardeon.pl\/wp-content\/uploads\/2020\/07\/Japonske-zahrady-9-768x576.jpg 768w, https:\/\/gardeon.pl\/wp-content\/uploads\/2020\/07\/Japonske-zahrady-9-1536x1152.jpg 1536w, https:\/\/gardeon.pl\/wp-content\/uploads\/2020\/07\/Japonske-zahrady-9-2048x1536.jpg 2048w\" sizes=\"auto, (max-width: 800px) 100vw, 800px\" \/><\/p>\n<p style=\"text-align: center;\"><em>Ziele\u0144 w otoczeniu \u015bwi\u0105ty\u0144 jest dyskretna. W \u017caden spos\u00f3b nie zak\u0142\u00f3ca samego dzie\u0142a, kt\u00f3re zawsze ca\u0142kowicie dominuje w przestrzeni. <\/em><\/p>\n<p>Do \u015bwi\u0105ty\u0144 wchodzi si\u0119 \u015bcie\u017ckami z drobnego \u017cwiru. Z ka\u017cdym krokiem delikatnie si\u0119 w nim Pa\u0144stwo zapadaj\u0105. To uspokaja i jednocze\u015bnie m\u0119czy. Id\u0105c \u015bcie\u017ckami pod k\u0105tem prostym z jednej \u015bwi\u0105tyni do drugiej, pokonuj\u0105 Pa\u0144stwo znacznie d\u0142u\u017csze trasy ni\u017c zwykle i wk\u0142adaj\u0105 w to wi\u0119cej wysi\u0142ku. Prosz\u0119 za\u0142o\u017cy\u0107, \u017ce wsz\u0119dzie wok\u00f3\u0142 panuje cisza. S\u0142ycha\u0107 tylko ptaki w koronach tych niskich drzew i w\u0142asne kroki w drobnym \u017cwirze. Id\u0105 Pa\u0144stwo przez ogr\u00f3d, a w uszach brzmi tylko szszsz, szszsz, szszsz, szszsz&#8230;      <\/p>\n<p>Zanim dojd\u0105 Pa\u0144stwo do ostatniej \u015bwi\u0105tyni, kt\u00f3ra cz\u0119sto znajduje si\u0119 w najwy\u017cszym punkcie miasta, zm\u0119czenie, s\u0142o\u0144ce i upa\u0142 odegraj\u0105 swoj\u0105 rol\u0119 w Pa\u0144stwa ciele, ale tak\u017ce w g\u0142owie. Do pokory nie zmusz\u0105 Pa\u0144stwa wysokie mury z silnym echem jak w chrze\u015bcija\u0144skich \u015bwi\u0105tyniach&#8230; lecz raczej harmonia natury i ludzkiego umys\u0142u na Pa\u0144stwa drodze do samego siebie, na szczyt. To s\u0105 w\u0142a\u015bnie japo\u0144skie ogrody \u015bwi\u0105tynne.  <span class=\"Apple-converted-space\"> <\/span><\/p>\n<h3>Cesarskie promenady ciesz\u0105 oko<\/h3>\n<p>Ogrody i parki przy siedzibach cesarzy i arystokrat\u00f3w mia\u0142y s\u0142u\u017cy\u0107 rekreacji i estetycznej przyjemno\u015bci. By\u0107 mo\u017ce najbardziej znanym miejscem s\u0105 ogrody cesarskie w Tokio, ale tak\u017ce w Osace, Nagoi i innych miejscach. S\u0105 one ogromne pod wzgl\u0119dem powierzchni. Posiadaj\u0105 stawki, ale tak\u017ce wodospady, zak\u0105tki ze \u015brednio wysokiej ro\u015blinno\u015bci, \u0142agodne pag\u00f3rki, kt\u00f3re tworz\u0105 w oddali interesuj\u0105ce reliefy.   <\/p>\n<p><img loading=\"lazy\" decoding=\"async\" class=\"aligncenter wp-image-27305\" src=\"http:\/\/gardeon.pl\/wp-content\/uploads\/2020\/07\/Japonske-zahrady-5-scaled.jpg\" alt=\"Ogr\u00f3d japo\u0144ski ze stawem\" width=\"800\" height=\"600\" srcset=\"https:\/\/gardeon.pl\/wp-content\/uploads\/2020\/07\/Japonske-zahrady-5-scaled.jpg 2560w, https:\/\/gardeon.pl\/wp-content\/uploads\/2020\/07\/Japonske-zahrady-5-300x225.jpg 300w, https:\/\/gardeon.pl\/wp-content\/uploads\/2020\/07\/Japonske-zahrady-5-1024x768.jpg 1024w, https:\/\/gardeon.pl\/wp-content\/uploads\/2020\/07\/Japonske-zahrady-5-768x576.jpg 768w, https:\/\/gardeon.pl\/wp-content\/uploads\/2020\/07\/Japonske-zahrady-5-1536x1152.jpg 1536w, https:\/\/gardeon.pl\/wp-content\/uploads\/2020\/07\/Japonske-zahrady-5-2048x1536.jpg 2048w\" sizes=\"auto, (max-width: 800px) 100vw, 800px\" \/><\/p>\n<p style=\"text-align: center;\"><em>Patrz\u0105 Pa\u0144stwo na tafl\u0119 wody w tokijskich ogrodach rodziny cesarskiej. A ten ma\u0142y domek, kt\u00f3rego fragment wida\u0107 na zdj\u0119ciu, to ich dom.  <\/em><\/p>\n<p>W bogatej cz\u0119\u015bci Tokio, Shinjuku, gdzie znajduj\u0105 si\u0119 urz\u0119dy pa\u0144stwowe, znane na ca\u0142ym \u015bwiecie japo\u0144skie firmy i luksusowe hotele, zobacz\u0105 Pa\u0144stwo kilka takich ogrod\u00f3w. Znajduje si\u0119 tu r\u00f3wnie\u017c jeden z najwi\u0119kszych i najbardziej znanych tokijskich park\u00f3w o tej samej nazwie. Od 1903 roku s\u0142u\u017cy\u0142 japo\u0144skiej rodzinie cesarskiej, ale w 1949 roku zosta\u0142 udost\u0119pniony zwyk\u0142ym mieszka\u0144com. I jest on realnie u\u017cytkowany. Codziennie tysi\u0105ce ludzi sp\u0119dza w nim czas, relaksuj\u0105c si\u0119 pod sakurami lub odpoczywaj\u0105c aktywnie. Japo\u0144czycy bardzo dbaj\u0105 o sw\u00f3j wizerunek. S\u0105 nienagannie zadbani,      <span class=\"Apple-converted-space\">  <\/span>pachn\u0105cy i wystylizowani. Dok\u0142adnie tak, jak ich ogrody. Dok\u0142adnie tak, jak bonsai, kt\u00f3re tam Pa\u0144stwo widz\u0105. Maj\u0105 idealne kszta\u0142ty. S\u0105 tak doskona\u0142e, \u017ce ma si\u0119 wra\u017cenie, i\u017c ka\u017cdy krzew, ka\u017cdy kwiat musi mie\u0107 w\u0142asnego stylist\u0119, kt\u00f3ry codziennie przycina mu wystaj\u0105cy w\u0142osek.    <\/p>\n<p>Jeden ogr\u00f3d zachwyci\u0142 mnie bardziej ni\u017c inne. Prowadzi\u0142o do niego wyj\u015bcie z metra obok mojego hotelu. To wyj\u015bcie z metra mia\u0142o pi\u0119\u0107 poziom\u00f3w nad sob\u0105 prowadz\u0105cych do tej samej przestrzeni. Poszczeg\u00f3lne poziomy by\u0142y po\u0142\u0105czone szklanymi schodami, spadaj\u0105c\u0105 wod\u0105 i identyczn\u0105 lub pokrewn\u0105 ro\u015blinno\u015bci\u0105, ale&#8230; ale ca\u0142kowicie oddzielone dla zachowania prywatno\u015bci. Oznacza\u0142o to, \u017ce jedno wyj\u015bcie i \u015bcie\u017cka prowadzi\u0142y na przyk\u0142ad do rezydencji z apartamentami, drugie za rezydencj\u0119 do jeziora, trzecie do sklep\u00f3w, czwarte na przyk\u0142ad do kt\u00f3rego\u015b z ministerstw, a pi\u0105te do hotelu. Razem tworzy\u0142o to doskonale zorganizowan\u0105 ca\u0142o\u015b\u0107 ca\u0142ych system\u00f3w \u015bcie\u017cek i zbiornik\u00f3w wodnych pomi\u0119dzy rabatami i pag\u00f3rkami z krzew\u00f3w i drzew.      <\/p>\n<p><img loading=\"lazy\" decoding=\"async\" class=\"aligncenter wp-image-27303\" src=\"http:\/\/gardeon.pl\/wp-content\/uploads\/2020\/07\/Japonske-zahrady-4-scaled.jpg\" alt=\"Park miejski w Japonii\" width=\"800\" height=\"1067\" srcset=\"https:\/\/gardeon.pl\/wp-content\/uploads\/2020\/07\/Japonske-zahrady-4-scaled.jpg 1920w, https:\/\/gardeon.pl\/wp-content\/uploads\/2020\/07\/Japonske-zahrady-4-225x300.jpg 225w, https:\/\/gardeon.pl\/wp-content\/uploads\/2020\/07\/Japonske-zahrady-4-768x1024.jpg 768w, https:\/\/gardeon.pl\/wp-content\/uploads\/2020\/07\/Japonske-zahrady-4-1152x1536.jpg 1152w, https:\/\/gardeon.pl\/wp-content\/uploads\/2020\/07\/Japonske-zahrady-4-1536x2048.jpg 1536w\" sizes=\"auto, (max-width: 800px) 100vw, 800px\" \/><\/p>\n<p style=\"text-align: center;\"><em>Parki w Tokio s\u0105 bardzo czyste. I to pomimo faktu, \u017ce ka\u017cdego dnia sp\u0119dza w nich czas mn\u00f3stwo ludzi. <\/em><\/p>\n<p>Bawi\u0142y si\u0119 tam dzieci, mened\u017cerowie siedzieli przy herbacie, tury\u015bci le\u017celi na ziemi i odpoczywali lub fotografowali wodospady, go\u015bcie hotelowi w swojej cz\u0119\u015bci delektowali si\u0119 smacznym jedzeniem&#8230; a to wszystko i znacznie wi\u0119cej widzieli Pa\u0144stwo tylko z wysoko\u015bci budynk\u00f3w. Na dole ludzie nie mieli poj\u0119cia o tym, jak wielu z nich przechodzi pomi\u0119dzy sztucznie stworzonymi pag\u00f3rkami. Widzieli tylko tych, kt\u00f3rzy byli bezpo\u015brednio blisko. Wida\u0107 by\u0142o, \u017ce architekt chcia\u0142 zapewni\u0107 ka\u017cdemu z nich w\u0142asn\u0105 przyjemno\u015b\u0107, prywatno\u015b\u0107, relaks, samotno\u015b\u0107, kontemplacj\u0119 czy wymiar duchowy, b\u0105d\u017a rozkosz z przestrzeni, kt\u00f3r\u0105 chce cieszy\u0107 si\u0119 kolejna rzesza ludzi. Ka\u017cdy dosta\u0142 to, po co tu przyszed\u0142. Sw\u00f3j wyj\u0105tkowy widok, swoj\u0105 tras\u0119, a na niej swoje obrazy i zapachy.     <\/p>\n<h3>Ma\u0142e ogrody miejskie daj\u0105 rodzinie przestrze\u0144<\/h3>\n<p>Kolejn\u0105 kategori\u0105 s\u0105 ogrody na ma\u0142ych prywatnych dzia\u0142kach. Te zostawili\u015bmy na koniec, bo to w\u0142a\u015bnie o nie najbardziej nam chodzi. W tych ogrodach chodzi o wsp\u00f3\u0142granie wszystkiego, o czym do tej pory napisali\u015bmy. Wszystkie ma\u0142e ogrody \u0142\u0105czy jedno. Ma si\u0119 w nich poczucie miniaturyzacji wielkich wyobra\u017ce\u0144. Ich w\u0142a\u015bciciele nie chc\u0105 rezygnowa\u0107 z marze\u0144 o pi\u0119knym widoku czy parku na spacer, wi\u0119c zmniejszaj\u0105 poszczeg\u00f3lne komponenty. Dzi\u0119ki przemy\u015blanej kompozycji uzyskuj\u0105 z nich poczucie wielko\u015bci, przestrzeni i kompleksowego wykorzystania. Ka\u017cdy element ma w takim ogrodzie swoje miejsce i sens. Nic w nim po prostu nie jest przypadkowe.        <\/p>\n<p><img loading=\"lazy\" decoding=\"async\" class=\"aligncenter wp-image-27307\" src=\"http:\/\/gardeon.pl\/wp-content\/uploads\/2020\/07\/Japonske-zahrady-6-scaled.jpg\" alt=\"Ziele\u0144 w Japonii\" width=\"800\" height=\"600\" srcset=\"https:\/\/gardeon.pl\/wp-content\/uploads\/2020\/07\/Japonske-zahrady-6-scaled.jpg 2560w, https:\/\/gardeon.pl\/wp-content\/uploads\/2020\/07\/Japonske-zahrady-6-300x225.jpg 300w, https:\/\/gardeon.pl\/wp-content\/uploads\/2020\/07\/Japonske-zahrady-6-1024x768.jpg 1024w, https:\/\/gardeon.pl\/wp-content\/uploads\/2020\/07\/Japonske-zahrady-6-768x576.jpg 768w, https:\/\/gardeon.pl\/wp-content\/uploads\/2020\/07\/Japonske-zahrady-6-1536x1152.jpg 1536w, https:\/\/gardeon.pl\/wp-content\/uploads\/2020\/07\/Japonske-zahrady-6-2048x1536.jpg 2048w, https:\/\/gardeon.pl\/wp-content\/uploads\/2020\/07\/Japonske-zahrady-6-scaled-1200x900-cropped.jpg 1200w\" sizes=\"auto, (max-width: 800px) 100vw, 800px\" \/><\/p>\n<p style=\"text-align: center;\"><em>Sztucznie stworzone zbiorniki wodne s\u0105 w Japonii powszechne. Wraz z zieleni\u0105 przynajmniej cz\u0119\u015bciowo ch\u0142odz\u0105 one ogromne obszary zabudowane z wie\u017cowcami podczas najgor\u0119tszych miesi\u0119cy. <\/em><\/p>\n<h2>Jakie elementy zawiera ogr\u00f3d japo\u0144ski?<\/h2>\n<h3>Bonsai<\/h3>\n<p>Jest typowym elementem ogrodu japo\u0144skiego. Cz\u0119sto wygl\u0105da jak soliter subtelnie wkomponowany w perspektyw\u0119. Zmusza do my\u015blenia, liczenia si\u0119 z nim, piel\u0119gnowania go.  <span class=\"Apple-converted-space\"> <\/span><\/p>\n<h3>Drzewo \u2013 ro\u015blina drzewiasta<\/h3>\n<p>Powinno by\u0107 dominuj\u0105ce. Chodzi si\u0119 wok\u00f3\u0142 niego, sadzi wok\u00f3\u0142 niego, projektuje wok\u00f3\u0142 niego. Jest proste, ale w tej wizualnej czysto\u015bci wok\u00f3\u0142 siebie wyr\u00f3\u017cnia si\u0119. Mo\u017ce nim by\u0107 <a href=\"https:\/\/www.lumigreen.sk\/eshop\/okrasna-ceresna-kanzan-sakura-na-kmienku-120-cm-kont-15-l\/p-3768608.xhtml\">wi\u015bnia ozdobna<\/a>, <a href=\"https:\/\/urobsisam.zoznam.sk\/zahrada\/okrasna-zahrada\/ako-skrotit-visteriu\">wisteria<\/a>, <a href=\"https:\/\/www.chovatelahospodar.sk\/tema\/magnolia-druhy-a-pestovanie\">magnolia<\/a> lub na przyk\u0142ad klon.   <span class=\"Apple-converted-space\"> <\/span><\/p>\n<h3>Skalniak<\/h3>\n<p>W japo\u0144skim skalniaku dominuje jedna lub wi\u0119cej ska\u0142, ale tak\u017ce kompozycja z drobnego \u017cwiru czy nawet piasku. Skalny ogr\u00f3d japo\u0144ski jest zaprojektowany tak, aby na ma\u0142ej przestrzeni widzieli Pa\u0144stwo g\u00f3ry i rzeki. <span class=\"Apple-converted-space\"> <\/span><\/p>\n<h3>Mech<\/h3>\n<p>Dzi\u0119ki niemu nadadz\u0105 Pa\u0144stwo kamieniom i ca\u0142emu ogrodowi mi\u0119kko\u015b\u0107. Zmi\u0119kcz\u0105 go Pa\u0144stwo. Mo\u017cna go \u015bmia\u0142o stosowa\u0107 nawet na wi\u0119kszych powierzchniach.  <span class=\"Apple-converted-space\"> <\/span><\/p>\n<h2>Ro\u015bliny<span class=\"Apple-converted-space\"> <\/span><\/h2>\n<p>Je\u015bli chc\u0105 Pa\u0144stwo stworzy\u0107 w\u0142asny ogr\u00f3d japo\u0144ski, prosz\u0119 u\u017cy\u0107 <a href=\"https:\/\/www.youtube.com\/watch?v=_-kWWwJz2cw\">bambusa<\/a>, a tak\u017ce <a href=\"https:\/\/www.slovensketrvalky.sk\/sortiment\/paprade\">paproci<\/a> \u2013 rosn\u0105 one powoli i s\u0105 odporne na mr\u00f3z. Bardzo \u0142adne s\u0105 r\u00f3wnie\u017c inne <a href=\"https:\/\/sk.wikipedia.org\/w\/index.php?title=Okrasn%25C3%25A1_tr%25C3%25A1va&amp;action=edit&amp;redlink=1\">trawy ozdobne<\/a> oraz ro\u015bliny wodne.  <span class=\"Apple-converted-space\"> <\/span><\/p>\n<h2>Dodatki<\/h2>\n<p>Idealny ogr\u00f3d japo\u0144ski mo\u017ce znajdowa\u0107 si\u0119 nawet na zielonym dachu Pa\u0144stwa <a href=\"https:\/\/gardeon.pl\/pl\/garaze\/\">gara\u017cu<\/a>. Do dope\u0142nienia ca\u0142o\u015bci mo\u017cna wykorzysta\u0107 lampy, <a href=\"https:\/\/www.oasis.sk\/dekoracie-do-zahrady\/figurky-sochy\/betonove\/\">rze\u017aby<\/a> lub r\u00f3\u017cne elementy kamienne i drewniane, takie jak na przyk\u0142ad fontanna. \u0141awki i mostki prosz\u0119 zostawi\u0107 na cz\u0119\u015b\u0107 przeznaczon\u0105 do chodzenia.  <\/p>\n<p><img loading=\"lazy\" decoding=\"async\" class=\"aligncenter wp-image-27311\" src=\"http:\/\/gardeon.pl\/wp-content\/uploads\/2020\/07\/Japonske-zahrady-8-scaled.jpg\" alt=\"Ziele\u0144 w mie\u015bcie\" width=\"800\" height=\"600\" srcset=\"https:\/\/gardeon.pl\/wp-content\/uploads\/2020\/07\/Japonske-zahrady-8-scaled.jpg 2560w, https:\/\/gardeon.pl\/wp-content\/uploads\/2020\/07\/Japonske-zahrady-8-300x225.jpg 300w, https:\/\/gardeon.pl\/wp-content\/uploads\/2020\/07\/Japonske-zahrady-8-1024x768.jpg 1024w, https:\/\/gardeon.pl\/wp-content\/uploads\/2020\/07\/Japonske-zahrady-8-768x576.jpg 768w, https:\/\/gardeon.pl\/wp-content\/uploads\/2020\/07\/Japonske-zahrady-8-1536x1152.jpg 1536w, https:\/\/gardeon.pl\/wp-content\/uploads\/2020\/07\/Japonske-zahrady-8-2048x1536.jpg 2048w\" sizes=\"auto, (max-width: 800px) 100vw, 800px\" \/><\/p>\n<p style=\"text-align: center;\"><em>Ziele\u0144 w japo\u0144skich miastach ma strategiczne miejsce i strategiczne zadanie \u2013 popraw\u0119 jako\u015bci \u017cycia mieszka\u0144c\u00f3w w bezpo\u015brednim s\u0105siedztwie. <\/em><\/p>\n<p>Wielu z nas pragnie spokoju, nawet mieszkaj\u0105c w t\u0119tni\u0105cych \u017cyciem miastach. Ogrody japo\u0144skie przynosz\u0105 spok\u00f3j. Od wiek\u00f3w s\u0105 synonimem harmonii, prostoty, czysto\u015bci i sensownego po\u0142\u0105czenia element\u00f3w naturalnych z filozofi\u0105 wschodu. Ogr\u00f3d japo\u0144ski potrafi nada\u0107 sens miejscu, kt\u00f3re jeszcze do niedawna Pa\u0144stwo lekcewa\u017cyli. Czy to za domkiem ogrodowym, czy wok\u00f3\u0142 eleganckiego gara\u017cu. Wsz\u0119dzie tam maj\u0105 Pa\u0144stwo mo\u017cliwo\u015b\u0107 wykorzystania tego, co ludzko\u015b\u0107 zna od setek lat, \u0142\u0105cz\u0105c \u015bwiat duchowy z natur\u0105 i si\u0142\u0105 estetyki. To s\u0105 w\u0142a\u015bnie ogrody japo\u0144skie.      <\/p>\n<h5>Za autentyczne fotografie dzi\u0119kujemy pani L\u00edvii z Bratys\u0142awy, kt\u00f3ra wykona\u0142a te zdj\u0119cia w Japonii :)<\/h5>\n","protected":false},"excerpt":{"rendered":"<p>Czego chcieliby Pa\u0144stwo dowiedzie\u0107 si\u0119 o ogrodach japo\u0144skich od osoby, kt\u00f3ra odwiedzi\u0142a ich kilkadziesi\u0105t w ca\u0142ym kraju i nie pisze o nich jedynie na podstawie zdj\u0119\u0107 z Pinterestu? Mamy nadziej\u0119, \u017ce uda nam si\u0119 zawrze\u0107 dla Pa\u0144stwa to, co najwa\u017cniejsze. Dzi\u0119ki temu zobacz\u0105 Pa\u0144stwo, dlaczego ogrody japo\u0144skie s\u0105 tak wyj\u0105tkowe i co my \u2013 mieszka\u0144cy [&hellip;]<\/p>\n","protected":false},"author":2,"featured_media":46188,"comment_status":"open","ping_status":"open","sticky":false,"template":"","format":"standard","meta":{"_acf_changed":false,"inline_featured_image":false,"footnotes":""},"categories":[607,594],"tags":[],"class_list":["post-46187","post","type-post","status-publish","format-standard","has-post-thumbnail","hentry","category-inspiracje","category-ogrod"],"acf":[],"yoast_head":"<!-- This site is optimized with the Yoast SEO plugin v27.4 - https:\/\/yoast.com\/product\/yoast-seo-wordpress\/ -->\n<title>Czym mo\u017cemy si\u0119 zainspirowa\u0107 w ogrodzie japo\u0144skim i jak za\u0142o\u017cy\u0107 w\u0142asny - GARDEON<\/title>\n<meta name=\"robots\" content=\"index, follow, max-snippet:-1, max-image-preview:large, max-video-preview:-1\" \/>\n<link rel=\"canonical\" href=\"https:\/\/gardeon.pl\/pl\/blog\/czym-mozemy-sie-zainspirowac-w-ogrodzie-japonskim-i-jak-zalozyc-wlasny\/\" \/>\n<meta property=\"og:locale\" content=\"pl_PL\" \/>\n<meta property=\"og:type\" content=\"article\" \/>\n<meta property=\"og:title\" content=\"Czym mo\u017cemy si\u0119 zainspirowa\u0107 w ogrodzie japo\u0144skim i jak za\u0142o\u017cy\u0107 w\u0142asny - GARDEON\" \/>\n<meta property=\"og:description\" content=\"Czego chcieliby Pa\u0144stwo dowiedzie\u0107 si\u0119 o ogrodach japo\u0144skich od osoby, kt\u00f3ra odwiedzi\u0142a ich kilkadziesi\u0105t w ca\u0142ym kraju i nie pisze o nich jedynie na podstawie zdj\u0119\u0107 z Pinterestu? Mamy nadziej\u0119, \u017ce uda nam si\u0119 zawrze\u0107 dla Pa\u0144stwa to, co najwa\u017cniejsze. Dzi\u0119ki temu zobacz\u0105 Pa\u0144stwo, dlaczego ogrody japo\u0144skie s\u0105 tak wyj\u0105tkowe i co my \u2013 mieszka\u0144cy [&hellip;]\" \/>\n<meta property=\"og:url\" content=\"https:\/\/gardeon.pl\/pl\/blog\/czym-mozemy-sie-zainspirowac-w-ogrodzie-japonskim-i-jak-zalozyc-wlasny\/\" \/>\n<meta property=\"og:site_name\" content=\"GARDEON\" \/>\n<meta property=\"article:published_time\" content=\"2026-04-23T17:01:13+00:00\" \/>\n<meta property=\"og:image\" content=\"http:\/\/gardeon.pl\/wp-content\/uploads\/2020\/07\/Japonske-zahrady-6-scaled.jpg\" \/>\n\t<meta property=\"og:image:width\" content=\"2560\" \/>\n\t<meta property=\"og:image:height\" content=\"1920\" \/>\n\t<meta property=\"og:image:type\" content=\"image\/jpeg\" \/>\n<meta name=\"author\" content=\"editor\" \/>\n<meta name=\"twitter:card\" content=\"summary_large_image\" \/>\n<meta name=\"twitter:label1\" content=\"Napisane przez\" \/>\n\t<meta name=\"twitter:data1\" content=\"editor\" \/>\n\t<meta name=\"twitter:label2\" content=\"Szacowany czas czytania\" \/>\n\t<meta name=\"twitter:data2\" content=\"10 minut\" \/>\n<script type=\"application\/ld+json\" class=\"yoast-schema-graph\">{\"@context\":\"https:\\\/\\\/schema.org\",\"@graph\":[{\"@type\":\"Article\",\"@id\":\"https:\\\/\\\/gardeon.pl\\\/pl\\\/blog\\\/czym-mozemy-sie-zainspirowac-w-ogrodzie-japonskim-i-jak-zalozyc-wlasny\\\/#article\",\"isPartOf\":{\"@id\":\"https:\\\/\\\/gardeon.pl\\\/pl\\\/blog\\\/czym-mozemy-sie-zainspirowac-w-ogrodzie-japonskim-i-jak-zalozyc-wlasny\\\/\"},\"author\":{\"name\":\"editor\",\"@id\":\"https:\\\/\\\/gardeon.pl\\\/#\\\/schema\\\/person\\\/a5762ca5f0790bf92774af0899379463\"},\"headline\":\"Czym mo\u017cemy si\u0119 zainspirowa\u0107 w ogrodzie japo\u0144skim i jak za\u0142o\u017cy\u0107 w\u0142asny\",\"datePublished\":\"2026-04-23T17:01:13+00:00\",\"mainEntityOfPage\":{\"@id\":\"https:\\\/\\\/gardeon.pl\\\/pl\\\/blog\\\/czym-mozemy-sie-zainspirowac-w-ogrodzie-japonskim-i-jak-zalozyc-wlasny\\\/\"},\"wordCount\":2074,\"commentCount\":0,\"image\":{\"@id\":\"https:\\\/\\\/gardeon.pl\\\/pl\\\/blog\\\/czym-mozemy-sie-zainspirowac-w-ogrodzie-japonskim-i-jak-zalozyc-wlasny\\\/#primaryimage\"},\"thumbnailUrl\":\"https:\\\/\\\/gardeon.pl\\\/wp-content\\\/uploads\\\/2020\\\/07\\\/Japonske-zahrady-6-scaled.jpg\",\"articleSection\":[\"Inspiracje\",\"Ogr\u00f3d\"],\"inLanguage\":\"pl-PL\",\"potentialAction\":[{\"@type\":\"CommentAction\",\"name\":\"Comment\",\"target\":[\"https:\\\/\\\/gardeon.pl\\\/pl\\\/blog\\\/czym-mozemy-sie-zainspirowac-w-ogrodzie-japonskim-i-jak-zalozyc-wlasny\\\/#respond\"]}]},{\"@type\":\"WebPage\",\"@id\":\"https:\\\/\\\/gardeon.pl\\\/pl\\\/blog\\\/czym-mozemy-sie-zainspirowac-w-ogrodzie-japonskim-i-jak-zalozyc-wlasny\\\/\",\"url\":\"https:\\\/\\\/gardeon.pl\\\/pl\\\/blog\\\/czym-mozemy-sie-zainspirowac-w-ogrodzie-japonskim-i-jak-zalozyc-wlasny\\\/\",\"name\":\"Czym mo\u017cemy si\u0119 zainspirowa\u0107 w ogrodzie japo\u0144skim i jak za\u0142o\u017cy\u0107 w\u0142asny - GARDEON\",\"isPartOf\":{\"@id\":\"https:\\\/\\\/gardeon.pl\\\/#website\"},\"primaryImageOfPage\":{\"@id\":\"https:\\\/\\\/gardeon.pl\\\/pl\\\/blog\\\/czym-mozemy-sie-zainspirowac-w-ogrodzie-japonskim-i-jak-zalozyc-wlasny\\\/#primaryimage\"},\"image\":{\"@id\":\"https:\\\/\\\/gardeon.pl\\\/pl\\\/blog\\\/czym-mozemy-sie-zainspirowac-w-ogrodzie-japonskim-i-jak-zalozyc-wlasny\\\/#primaryimage\"},\"thumbnailUrl\":\"https:\\\/\\\/gardeon.pl\\\/wp-content\\\/uploads\\\/2020\\\/07\\\/Japonske-zahrady-6-scaled.jpg\",\"datePublished\":\"2026-04-23T17:01:13+00:00\",\"author\":{\"@id\":\"https:\\\/\\\/gardeon.pl\\\/#\\\/schema\\\/person\\\/a5762ca5f0790bf92774af0899379463\"},\"breadcrumb\":{\"@id\":\"https:\\\/\\\/gardeon.pl\\\/pl\\\/blog\\\/czym-mozemy-sie-zainspirowac-w-ogrodzie-japonskim-i-jak-zalozyc-wlasny\\\/#breadcrumb\"},\"inLanguage\":\"pl-PL\",\"potentialAction\":[{\"@type\":\"ReadAction\",\"target\":[\"https:\\\/\\\/gardeon.pl\\\/pl\\\/blog\\\/czym-mozemy-sie-zainspirowac-w-ogrodzie-japonskim-i-jak-zalozyc-wlasny\\\/\"]}]},{\"@type\":\"ImageObject\",\"inLanguage\":\"pl-PL\",\"@id\":\"https:\\\/\\\/gardeon.pl\\\/pl\\\/blog\\\/czym-mozemy-sie-zainspirowac-w-ogrodzie-japonskim-i-jak-zalozyc-wlasny\\\/#primaryimage\",\"url\":\"https:\\\/\\\/gardeon.pl\\\/wp-content\\\/uploads\\\/2020\\\/07\\\/Japonske-zahrady-6-scaled.jpg\",\"contentUrl\":\"https:\\\/\\\/gardeon.pl\\\/wp-content\\\/uploads\\\/2020\\\/07\\\/Japonske-zahrady-6-scaled.jpg\",\"width\":2560,\"height\":1920,\"caption\":\"Ziele\u0144 w Japonii\"},{\"@type\":\"BreadcrumbList\",\"@id\":\"https:\\\/\\\/gardeon.pl\\\/pl\\\/blog\\\/czym-mozemy-sie-zainspirowac-w-ogrodzie-japonskim-i-jak-zalozyc-wlasny\\\/#breadcrumb\",\"itemListElement\":[{\"@type\":\"ListItem\",\"position\":1,\"name\":\"Domov\",\"item\":\"https:\\\/\\\/gardeon.pl\\\/pl\\\/\"},{\"@type\":\"ListItem\",\"position\":2,\"name\":\"Czym mo\u017cemy si\u0119 zainspirowa\u0107 w ogrodzie japo\u0144skim i jak za\u0142o\u017cy\u0107 w\u0142asny\"}]},{\"@type\":\"WebSite\",\"@id\":\"https:\\\/\\\/gardeon.pl\\\/#website\",\"url\":\"https:\\\/\\\/gardeon.pl\\\/\",\"name\":\"GARDEON\",\"description\":\"\",\"potentialAction\":[{\"@type\":\"SearchAction\",\"target\":{\"@type\":\"EntryPoint\",\"urlTemplate\":\"https:\\\/\\\/gardeon.pl\\\/?s={search_term_string}\"},\"query-input\":{\"@type\":\"PropertyValueSpecification\",\"valueRequired\":true,\"valueName\":\"search_term_string\"}}],\"inLanguage\":\"pl-PL\"},{\"@type\":\"Person\",\"@id\":\"https:\\\/\\\/gardeon.pl\\\/#\\\/schema\\\/person\\\/a5762ca5f0790bf92774af0899379463\",\"name\":\"editor\",\"image\":{\"@type\":\"ImageObject\",\"inLanguage\":\"pl-PL\",\"@id\":\"https:\\\/\\\/secure.gravatar.com\\\/avatar\\\/2b748151c2c748327307fd289a91b3bdafdd9e64e2d000e65e53d6dcf11c5830?s=96&d=mm&r=g\",\"url\":\"https:\\\/\\\/secure.gravatar.com\\\/avatar\\\/2b748151c2c748327307fd289a91b3bdafdd9e64e2d000e65e53d6dcf11c5830?s=96&d=mm&r=g\",\"contentUrl\":\"https:\\\/\\\/secure.gravatar.com\\\/avatar\\\/2b748151c2c748327307fd289a91b3bdafdd9e64e2d000e65e53d6dcf11c5830?s=96&d=mm&r=g\",\"caption\":\"editor\"}}]}<\/script>\n<!-- \/ Yoast SEO plugin. -->","yoast_head_json":{"title":"Czym mo\u017cemy si\u0119 zainspirowa\u0107 w ogrodzie japo\u0144skim i jak za\u0142o\u017cy\u0107 w\u0142asny - GARDEON","robots":{"index":"index","follow":"follow","max-snippet":"max-snippet:-1","max-image-preview":"max-image-preview:large","max-video-preview":"max-video-preview:-1"},"canonical":"https:\/\/gardeon.pl\/pl\/blog\/czym-mozemy-sie-zainspirowac-w-ogrodzie-japonskim-i-jak-zalozyc-wlasny\/","og_locale":"pl_PL","og_type":"article","og_title":"Czym mo\u017cemy si\u0119 zainspirowa\u0107 w ogrodzie japo\u0144skim i jak za\u0142o\u017cy\u0107 w\u0142asny - GARDEON","og_description":"Czego chcieliby Pa\u0144stwo dowiedzie\u0107 si\u0119 o ogrodach japo\u0144skich od osoby, kt\u00f3ra odwiedzi\u0142a ich kilkadziesi\u0105t w ca\u0142ym kraju i nie pisze o nich jedynie na podstawie zdj\u0119\u0107 z Pinterestu? Mamy nadziej\u0119, \u017ce uda nam si\u0119 zawrze\u0107 dla Pa\u0144stwa to, co najwa\u017cniejsze. Dzi\u0119ki temu zobacz\u0105 Pa\u0144stwo, dlaczego ogrody japo\u0144skie s\u0105 tak wyj\u0105tkowe i co my \u2013 mieszka\u0144cy [&hellip;]","og_url":"https:\/\/gardeon.pl\/pl\/blog\/czym-mozemy-sie-zainspirowac-w-ogrodzie-japonskim-i-jak-zalozyc-wlasny\/","og_site_name":"GARDEON","article_published_time":"2026-04-23T17:01:13+00:00","og_image":[{"width":2560,"height":1920,"url":"http:\/\/gardeon.pl\/wp-content\/uploads\/2020\/07\/Japonske-zahrady-6-scaled.jpg","type":"image\/jpeg"}],"author":"editor","twitter_card":"summary_large_image","twitter_misc":{"Napisane przez":"editor","Szacowany czas czytania":"10 minut"},"schema":{"@context":"https:\/\/schema.org","@graph":[{"@type":"Article","@id":"https:\/\/gardeon.pl\/pl\/blog\/czym-mozemy-sie-zainspirowac-w-ogrodzie-japonskim-i-jak-zalozyc-wlasny\/#article","isPartOf":{"@id":"https:\/\/gardeon.pl\/pl\/blog\/czym-mozemy-sie-zainspirowac-w-ogrodzie-japonskim-i-jak-zalozyc-wlasny\/"},"author":{"name":"editor","@id":"https:\/\/gardeon.pl\/#\/schema\/person\/a5762ca5f0790bf92774af0899379463"},"headline":"Czym mo\u017cemy si\u0119 zainspirowa\u0107 w ogrodzie japo\u0144skim i jak za\u0142o\u017cy\u0107 w\u0142asny","datePublished":"2026-04-23T17:01:13+00:00","mainEntityOfPage":{"@id":"https:\/\/gardeon.pl\/pl\/blog\/czym-mozemy-sie-zainspirowac-w-ogrodzie-japonskim-i-jak-zalozyc-wlasny\/"},"wordCount":2074,"commentCount":0,"image":{"@id":"https:\/\/gardeon.pl\/pl\/blog\/czym-mozemy-sie-zainspirowac-w-ogrodzie-japonskim-i-jak-zalozyc-wlasny\/#primaryimage"},"thumbnailUrl":"https:\/\/gardeon.pl\/wp-content\/uploads\/2020\/07\/Japonske-zahrady-6-scaled.jpg","articleSection":["Inspiracje","Ogr\u00f3d"],"inLanguage":"pl-PL","potentialAction":[{"@type":"CommentAction","name":"Comment","target":["https:\/\/gardeon.pl\/pl\/blog\/czym-mozemy-sie-zainspirowac-w-ogrodzie-japonskim-i-jak-zalozyc-wlasny\/#respond"]}]},{"@type":"WebPage","@id":"https:\/\/gardeon.pl\/pl\/blog\/czym-mozemy-sie-zainspirowac-w-ogrodzie-japonskim-i-jak-zalozyc-wlasny\/","url":"https:\/\/gardeon.pl\/pl\/blog\/czym-mozemy-sie-zainspirowac-w-ogrodzie-japonskim-i-jak-zalozyc-wlasny\/","name":"Czym mo\u017cemy si\u0119 zainspirowa\u0107 w ogrodzie japo\u0144skim i jak za\u0142o\u017cy\u0107 w\u0142asny - GARDEON","isPartOf":{"@id":"https:\/\/gardeon.pl\/#website"},"primaryImageOfPage":{"@id":"https:\/\/gardeon.pl\/pl\/blog\/czym-mozemy-sie-zainspirowac-w-ogrodzie-japonskim-i-jak-zalozyc-wlasny\/#primaryimage"},"image":{"@id":"https:\/\/gardeon.pl\/pl\/blog\/czym-mozemy-sie-zainspirowac-w-ogrodzie-japonskim-i-jak-zalozyc-wlasny\/#primaryimage"},"thumbnailUrl":"https:\/\/gardeon.pl\/wp-content\/uploads\/2020\/07\/Japonske-zahrady-6-scaled.jpg","datePublished":"2026-04-23T17:01:13+00:00","author":{"@id":"https:\/\/gardeon.pl\/#\/schema\/person\/a5762ca5f0790bf92774af0899379463"},"breadcrumb":{"@id":"https:\/\/gardeon.pl\/pl\/blog\/czym-mozemy-sie-zainspirowac-w-ogrodzie-japonskim-i-jak-zalozyc-wlasny\/#breadcrumb"},"inLanguage":"pl-PL","potentialAction":[{"@type":"ReadAction","target":["https:\/\/gardeon.pl\/pl\/blog\/czym-mozemy-sie-zainspirowac-w-ogrodzie-japonskim-i-jak-zalozyc-wlasny\/"]}]},{"@type":"ImageObject","inLanguage":"pl-PL","@id":"https:\/\/gardeon.pl\/pl\/blog\/czym-mozemy-sie-zainspirowac-w-ogrodzie-japonskim-i-jak-zalozyc-wlasny\/#primaryimage","url":"https:\/\/gardeon.pl\/wp-content\/uploads\/2020\/07\/Japonske-zahrady-6-scaled.jpg","contentUrl":"https:\/\/gardeon.pl\/wp-content\/uploads\/2020\/07\/Japonske-zahrady-6-scaled.jpg","width":2560,"height":1920,"caption":"Ziele\u0144 w Japonii"},{"@type":"BreadcrumbList","@id":"https:\/\/gardeon.pl\/pl\/blog\/czym-mozemy-sie-zainspirowac-w-ogrodzie-japonskim-i-jak-zalozyc-wlasny\/#breadcrumb","itemListElement":[{"@type":"ListItem","position":1,"name":"Domov","item":"https:\/\/gardeon.pl\/pl\/"},{"@type":"ListItem","position":2,"name":"Czym mo\u017cemy si\u0119 zainspirowa\u0107 w ogrodzie japo\u0144skim i jak za\u0142o\u017cy\u0107 w\u0142asny"}]},{"@type":"WebSite","@id":"https:\/\/gardeon.pl\/#website","url":"https:\/\/gardeon.pl\/","name":"GARDEON","description":"","potentialAction":[{"@type":"SearchAction","target":{"@type":"EntryPoint","urlTemplate":"https:\/\/gardeon.pl\/?s={search_term_string}"},"query-input":{"@type":"PropertyValueSpecification","valueRequired":true,"valueName":"search_term_string"}}],"inLanguage":"pl-PL"},{"@type":"Person","@id":"https:\/\/gardeon.pl\/#\/schema\/person\/a5762ca5f0790bf92774af0899379463","name":"editor","image":{"@type":"ImageObject","inLanguage":"pl-PL","@id":"https:\/\/secure.gravatar.com\/avatar\/2b748151c2c748327307fd289a91b3bdafdd9e64e2d000e65e53d6dcf11c5830?s=96&d=mm&r=g","url":"https:\/\/secure.gravatar.com\/avatar\/2b748151c2c748327307fd289a91b3bdafdd9e64e2d000e65e53d6dcf11c5830?s=96&d=mm&r=g","contentUrl":"https:\/\/secure.gravatar.com\/avatar\/2b748151c2c748327307fd289a91b3bdafdd9e64e2d000e65e53d6dcf11c5830?s=96&d=mm&r=g","caption":"editor"}}]}},"_links":{"self":[{"href":"https:\/\/gardeon.pl\/pl\/wp-json\/wp\/v2\/posts\/46187","targetHints":{"allow":["GET"]}}],"collection":[{"href":"https:\/\/gardeon.pl\/pl\/wp-json\/wp\/v2\/posts"}],"about":[{"href":"https:\/\/gardeon.pl\/pl\/wp-json\/wp\/v2\/types\/post"}],"author":[{"embeddable":true,"href":"https:\/\/gardeon.pl\/pl\/wp-json\/wp\/v2\/users\/2"}],"replies":[{"embeddable":true,"href":"https:\/\/gardeon.pl\/pl\/wp-json\/wp\/v2\/comments?post=46187"}],"version-history":[{"count":0,"href":"https:\/\/gardeon.pl\/pl\/wp-json\/wp\/v2\/posts\/46187\/revisions"}],"wp:featuredmedia":[{"embeddable":true,"href":"https:\/\/gardeon.pl\/pl\/wp-json\/wp\/v2\/media\/46188"}],"wp:attachment":[{"href":"https:\/\/gardeon.pl\/pl\/wp-json\/wp\/v2\/media?parent=46187"}],"wp:term":[{"taxonomy":"category","embeddable":true,"href":"https:\/\/gardeon.pl\/pl\/wp-json\/wp\/v2\/categories?post=46187"},{"taxonomy":"post_tag","embeddable":true,"href":"https:\/\/gardeon.pl\/pl\/wp-json\/wp\/v2\/tags?post=46187"}],"curies":[{"name":"wp","href":"https:\/\/api.w.org\/{rel}","templated":true}]}}