{"id":46189,"date":"2026-04-23T19:01:13","date_gmt":"2026-04-23T17:01:13","guid":{"rendered":"https:\/\/gardeon.pl\/?p=46189"},"modified":"2026-04-23T19:01:13","modified_gmt":"2026-04-23T17:01:13","slug":"kup-garaz-na-wymiar-i-korzystaj-z-niego-po-swojemu","status":"publish","type":"post","link":"https:\/\/gardeon.pl\/pl\/blog\/kup-garaz-na-wymiar-i-korzystaj-z-niego-po-swojemu\/","title":{"rendered":"Kup gara\u017c na wymiar i korzystaj z niego po swojemu"},"content":{"rendered":"<p><em>Gara\u017c na posesji z samochodem powinien by\u0107 przecie\u017c oczywisto\u015bci\u0105. Dzi\u0119ki niemu auto jest chronione przed wp\u0142ywami atmosferycznymi oraz przed z\u0142odziejami. Na jaki typ gara\u017cu warto si\u0119 jednak zdecydowa\u0107?<\/em> <em>Na rynku znajd\u0105 Pa\u0144stwo szerok\u0105 ofert\u0119 gara\u017cy o r\u00f3\u017cnych rozmiarach, z r\u00f3\u017cnych materia\u0142\u00f3w budowlanych, z ciekawymi rozwi\u0105zaniami dach\u00f3w, z drzwiami i oknami lub bez nich. \u017baden z nich nie spe\u0142nia Pa\u0144stwa wymaga\u0144? Maj\u0105 Pa\u0144stwo w\u0142asn\u0105 wizj\u0119 tego, jak wykorzystaj\u0105 gara\u017c? Zach\u0119camy do zam\u00f3wienia <strong><a href=\"http:\/\/gardeon.pl\/konfigurator\/\">gara\u017cu na wymiar<\/a><\/strong>.<\/em><\/p>\n<p><!--more--><\/p>\n<p>Budowla stworzona dok\u0142adnie wed\u0142ug Pa\u0144stwa potrzeb spe\u0142ni wymagania dotycz\u0105ce designu i funkcjonalno\u015bci. Znalezienie odpowiedniego gara\u017cu, kt\u00f3ry typem pasowa\u0142by do Pa\u0144stwa domu, mo\u017ce by\u0107 problematyczne. Podczas budowy gara\u017cu na wymiar pracownicy dostosuj\u0105 wszystkie detale tak, aby architektura nie zosta\u0142a w \u017caden spos\u00f3b naruszona. Idealnie \u201edopasowany\u201d gara\u017c jest wa\u017cnym elementem estetycznego wra\u017cenia z ca\u0142ej posesji.   <\/p>\n<p><a href=\"http:\/\/gardeon.pl\/wp-content\/uploads\/2015\/06\/garaz-na-kluc.jpg\"><img loading=\"lazy\" decoding=\"async\" class=\"aligncenter wp-image-4197\" src=\"http:\/\/gardeon.pl\/wp-content\/uploads\/2015\/06\/garaz-na-kluc.jpg\" alt=\"gara\u017ce blaszane pod klucz\" width=\"800\" height=\"450\"><\/a><br \/>\nWygl\u0105d nie jest jednak jedyn\u0105 zalet\u0105 <a href=\"https:\/\/gardeon.pl\/pl\/gallery\/garaze-na-wymiar\/\" target=\"_blank\" rel=\"noopener noreferrer\">gara\u017cu na wymiar<\/a>. Mog\u0105 Pa\u0144stwo okre\u015bli\u0107 wymiary gara\u017cu, rozmieszczenie okien, drzwi oraz kolor tynku. Wi\u0119kszo\u015b\u0107 gotowych gara\u017cy jest zaprojektowana tak, aby s\u0142u\u017cy\u0142y g\u0142\u00f3wnie dla samochodu. Pa\u0144stwo mog\u0105 jednak stworzy\u0107 w gara\u017cu <em>w\u0142asny warsztat<\/em>, <em>gabinet<\/em> lub <em>przechowywa\u0107 w nim narz\u0119dzia<\/em>. Do tych cel\u00f3w w gara\u017cu potrzebne s\u0105 okna i odpowiednio umiejscowione drzwi. Znalezienie takiego gara\u017cu w standardowej ofercie mo\u017ce by\u0107 trudne, dlatego w\u0142a\u015bnie produkcja na wymiar jest praktycznym rozwi\u0105zaniem.     <\/p>\n<p><a href=\"http:\/\/gardeon.pl\/wp-content\/uploads\/2015\/09\/gar%C3%A1%C5%BE-na-mieru2.jpg\"><img loading=\"lazy\" decoding=\"async\" class=\"aligncenter size-full wp-image-4783\" src=\"http:\/\/gardeon.pl\/wp-content\/uploads\/2015\/09\/gar%C3%A1%C5%BE-na-mieru2.jpg\" alt=\"gara\u017c na wymiar2\" width=\"800\" height=\"533\"><\/a><br \/>\nChc\u0105 Pa\u0144stwo si\u0119 wyr\u00f3\u017cni\u0107 i by\u0107 oryginalni w ka\u017cdym calu? Prosz\u0119 wiedzie\u0107, \u017ce gara\u017c, kt\u00f3ry zostanie stworzony wed\u0142ug Pa\u0144stwa projektu, z pewno\u015bci\u0105 nie pojawi si\u0119 na dzia\u0142ce s\u0105siada. Gara\u017c na wymiar ma niezliczon\u0105 liczb\u0119 zalet. Dzia\u0142ki r\u00f3\u017cni\u0105 si\u0119 uk\u0142adem tak samo jak budynki. Nawet gara\u017c, kt\u00f3ry na pierwszy rzut oka mo\u017ce wydawa\u0107 si\u0119 idealny, z czasem mo\u017ce okaza\u0107 si\u0119 nietrafionym wyborem.    <\/p>\n<p>Tworz\u0105c w\u0142asny projekt, zaoszcz\u0119dz\u0105 Pa\u0144stwo czas po\u015bwi\u0119cony na odwiedzanie sprzedawc\u00f3w i szukanie odpowiedniego <a href=\"https:\/\/gardeon.pl\/pl\/garaze\/montowane-garaze-blaszane-z-tynkiem\/\">typu gara\u017cu<\/a>. W odpowiednim czasie uwzgl\u0119dni\u0105 Pa\u0144stwo wszystkie swoje plany na przysz\u0142o\u015b\u0107, kt\u00f3re przede wszystkim b\u0119d\u0105 mogli Pa\u0144stwo zrealizowa\u0107. Nie b\u0119d\u0105 Pa\u0144stwo zmuszeni dostosowywa\u0107 si\u0119 do gara\u017cu, poniewa\u017c \u201elepszego nie by\u0142o\u201d, lecz to gara\u017c dostosuj\u0105 Pa\u0144stwo do siebie.  <\/p>\n<p><em>Na gara\u017c ju\u017c dawno nie trzeba patrze\u0107 wy\u0142\u0105cznie jak na obiekt do parkowania samochodu. Dzisiejsze nowoczesne gara\u017ce to stylowe obiekty, kt\u00f3re b\u0119d\u0105 s\u0142u\u017cy\u0107 takiemu celowi, jakiego Pa\u0144stwo potrzebuj\u0105. <\/em><\/p>\n","protected":false},"excerpt":{"rendered":"<p>Gara\u017c na posesji z samochodem powinien by\u0107 przecie\u017c oczywisto\u015bci\u0105. Dzi\u0119ki niemu auto jest chronione przed wp\u0142ywami atmosferycznymi oraz przed z\u0142odziejami. Na jaki typ gara\u017cu warto si\u0119 jednak zdecydowa\u0107? Na rynku znajd\u0105 Pa\u0144stwo szerok\u0105 ofert\u0119 gara\u017cy o r\u00f3\u017cnych rozmiarach, z r\u00f3\u017cnych materia\u0142\u00f3w budowlanych, z ciekawymi rozwi\u0105zaniami dach\u00f3w, z drzwiami i oknami lub bez nich. \u017baden z [&hellip;]<\/p>\n","protected":false},"author":2,"featured_media":46190,"comment_status":"open","ping_status":"open","sticky":false,"template":"","format":"standard","meta":{"_acf_changed":false,"inline_featured_image":false,"footnotes":""},"categories":[578,580],"tags":[],"class_list":["post-46189","post","type-post","status-publish","format-standard","has-post-thumbnail","hentry","category-garaze-blaszane","category-jak-to-zrobic-garaze-diy"],"acf":[],"yoast_head":"<!-- This site is optimized with the Yoast SEO plugin v27.4 - https:\/\/yoast.com\/product\/yoast-seo-wordpress\/ -->\n<title>Kup gara\u017c na wymiar i korzystaj z niego po swojemu - GARDEON<\/title>\n<meta name=\"robots\" content=\"index, follow, max-snippet:-1, max-image-preview:large, max-video-preview:-1\" \/>\n<link rel=\"canonical\" href=\"https:\/\/gardeon.pl\/pl\/blog\/kup-garaz-na-wymiar-i-korzystaj-z-niego-po-swojemu\/\" \/>\n<meta property=\"og:locale\" content=\"pl_PL\" \/>\n<meta property=\"og:type\" content=\"article\" \/>\n<meta property=\"og:title\" content=\"Kup gara\u017c na wymiar i korzystaj z niego po swojemu - GARDEON\" \/>\n<meta property=\"og:description\" content=\"Gara\u017c na posesji z samochodem powinien by\u0107 przecie\u017c oczywisto\u015bci\u0105. Dzi\u0119ki niemu auto jest chronione przed wp\u0142ywami atmosferycznymi oraz przed z\u0142odziejami. Na jaki typ gara\u017cu warto si\u0119 jednak zdecydowa\u0107? Na rynku znajd\u0105 Pa\u0144stwo szerok\u0105 ofert\u0119 gara\u017cy o r\u00f3\u017cnych rozmiarach, z r\u00f3\u017cnych materia\u0142\u00f3w budowlanych, z ciekawymi rozwi\u0105zaniami dach\u00f3w, z drzwiami i oknami lub bez nich. \u017baden z [&hellip;]\" \/>\n<meta property=\"og:url\" content=\"https:\/\/gardeon.pl\/pl\/blog\/kup-garaz-na-wymiar-i-korzystaj-z-niego-po-swojemu\/\" \/>\n<meta property=\"og:site_name\" content=\"GARDEON\" \/>\n<meta property=\"article:published_time\" content=\"2026-04-23T17:01:13+00:00\" \/>\n<meta property=\"og:image\" content=\"http:\/\/gardeon.pl\/wp-content\/uploads\/2015\/09\/gar\u00e1\u017enamieru4.jpg\" \/>\n\t<meta property=\"og:image:width\" content=\"1200\" \/>\n\t<meta property=\"og:image:height\" content=\"812\" \/>\n\t<meta property=\"og:image:type\" content=\"image\/jpeg\" \/>\n<meta name=\"author\" content=\"editor\" \/>\n<meta name=\"twitter:card\" content=\"summary_large_image\" \/>\n<meta name=\"twitter:label1\" content=\"Napisane przez\" \/>\n\t<meta name=\"twitter:data1\" content=\"editor\" \/>\n\t<meta name=\"twitter:label2\" content=\"Szacowany czas czytania\" \/>\n\t<meta name=\"twitter:data2\" content=\"2 minuty\" \/>\n<script type=\"application\/ld+json\" class=\"yoast-schema-graph\">{\"@context\":\"https:\\\/\\\/schema.org\",\"@graph\":[{\"@type\":\"Article\",\"@id\":\"https:\\\/\\\/gardeon.pl\\\/pl\\\/blog\\\/kup-garaz-na-wymiar-i-korzystaj-z-niego-po-swojemu\\\/#article\",\"isPartOf\":{\"@id\":\"https:\\\/\\\/gardeon.pl\\\/pl\\\/blog\\\/kup-garaz-na-wymiar-i-korzystaj-z-niego-po-swojemu\\\/\"},\"author\":{\"name\":\"editor\",\"@id\":\"https:\\\/\\\/gardeon.pl\\\/#\\\/schema\\\/person\\\/a5762ca5f0790bf92774af0899379463\"},\"headline\":\"Kup gara\u017c na wymiar i korzystaj z niego po swojemu\",\"datePublished\":\"2026-04-23T17:01:13+00:00\",\"mainEntityOfPage\":{\"@id\":\"https:\\\/\\\/gardeon.pl\\\/pl\\\/blog\\\/kup-garaz-na-wymiar-i-korzystaj-z-niego-po-swojemu\\\/\"},\"wordCount\":450,\"commentCount\":0,\"image\":{\"@id\":\"https:\\\/\\\/gardeon.pl\\\/pl\\\/blog\\\/kup-garaz-na-wymiar-i-korzystaj-z-niego-po-swojemu\\\/#primaryimage\"},\"thumbnailUrl\":\"https:\\\/\\\/gardeon.pl\\\/wp-content\\\/uploads\\\/2015\\\/09\\\/gar\u00e1\u017enamieru4.jpg\",\"articleSection\":[\"Gara\u017ce blaszane\",\"Jak to zrobi\u0107 \u2013 gara\u017ce | DIY\"],\"inLanguage\":\"pl-PL\",\"potentialAction\":[{\"@type\":\"CommentAction\",\"name\":\"Comment\",\"target\":[\"https:\\\/\\\/gardeon.pl\\\/pl\\\/blog\\\/kup-garaz-na-wymiar-i-korzystaj-z-niego-po-swojemu\\\/#respond\"]}]},{\"@type\":\"WebPage\",\"@id\":\"https:\\\/\\\/gardeon.pl\\\/pl\\\/blog\\\/kup-garaz-na-wymiar-i-korzystaj-z-niego-po-swojemu\\\/\",\"url\":\"https:\\\/\\\/gardeon.pl\\\/pl\\\/blog\\\/kup-garaz-na-wymiar-i-korzystaj-z-niego-po-swojemu\\\/\",\"name\":\"Kup gara\u017c na wymiar i korzystaj z niego po swojemu - GARDEON\",\"isPartOf\":{\"@id\":\"https:\\\/\\\/gardeon.pl\\\/#website\"},\"primaryImageOfPage\":{\"@id\":\"https:\\\/\\\/gardeon.pl\\\/pl\\\/blog\\\/kup-garaz-na-wymiar-i-korzystaj-z-niego-po-swojemu\\\/#primaryimage\"},\"image\":{\"@id\":\"https:\\\/\\\/gardeon.pl\\\/pl\\\/blog\\\/kup-garaz-na-wymiar-i-korzystaj-z-niego-po-swojemu\\\/#primaryimage\"},\"thumbnailUrl\":\"https:\\\/\\\/gardeon.pl\\\/wp-content\\\/uploads\\\/2015\\\/09\\\/gar\u00e1\u017enamieru4.jpg\",\"datePublished\":\"2026-04-23T17:01:13+00:00\",\"author\":{\"@id\":\"https:\\\/\\\/gardeon.pl\\\/#\\\/schema\\\/person\\\/a5762ca5f0790bf92774af0899379463\"},\"breadcrumb\":{\"@id\":\"https:\\\/\\\/gardeon.pl\\\/pl\\\/blog\\\/kup-garaz-na-wymiar-i-korzystaj-z-niego-po-swojemu\\\/#breadcrumb\"},\"inLanguage\":\"pl-PL\",\"potentialAction\":[{\"@type\":\"ReadAction\",\"target\":[\"https:\\\/\\\/gardeon.pl\\\/pl\\\/blog\\\/kup-garaz-na-wymiar-i-korzystaj-z-niego-po-swojemu\\\/\"]}]},{\"@type\":\"ImageObject\",\"inLanguage\":\"pl-PL\",\"@id\":\"https:\\\/\\\/gardeon.pl\\\/pl\\\/blog\\\/kup-garaz-na-wymiar-i-korzystaj-z-niego-po-swojemu\\\/#primaryimage\",\"url\":\"https:\\\/\\\/gardeon.pl\\\/wp-content\\\/uploads\\\/2015\\\/09\\\/gar\u00e1\u017enamieru4.jpg\",\"contentUrl\":\"https:\\\/\\\/gardeon.pl\\\/wp-content\\\/uploads\\\/2015\\\/09\\\/gar\u00e1\u017enamieru4.jpg\",\"width\":1200,\"height\":812,\"caption\":\"Designerski drewniany gara\u017c na dwa samochody\"},{\"@type\":\"BreadcrumbList\",\"@id\":\"https:\\\/\\\/gardeon.pl\\\/pl\\\/blog\\\/kup-garaz-na-wymiar-i-korzystaj-z-niego-po-swojemu\\\/#breadcrumb\",\"itemListElement\":[{\"@type\":\"ListItem\",\"position\":1,\"name\":\"Domov\",\"item\":\"https:\\\/\\\/gardeon.pl\\\/pl\\\/\"},{\"@type\":\"ListItem\",\"position\":2,\"name\":\"Kup gara\u017c na wymiar i korzystaj z niego po swojemu\"}]},{\"@type\":\"WebSite\",\"@id\":\"https:\\\/\\\/gardeon.pl\\\/#website\",\"url\":\"https:\\\/\\\/gardeon.pl\\\/\",\"name\":\"GARDEON\",\"description\":\"\",\"potentialAction\":[{\"@type\":\"SearchAction\",\"target\":{\"@type\":\"EntryPoint\",\"urlTemplate\":\"https:\\\/\\\/gardeon.pl\\\/?s={search_term_string}\"},\"query-input\":{\"@type\":\"PropertyValueSpecification\",\"valueRequired\":true,\"valueName\":\"search_term_string\"}}],\"inLanguage\":\"pl-PL\"},{\"@type\":\"Person\",\"@id\":\"https:\\\/\\\/gardeon.pl\\\/#\\\/schema\\\/person\\\/a5762ca5f0790bf92774af0899379463\",\"name\":\"editor\",\"image\":{\"@type\":\"ImageObject\",\"inLanguage\":\"pl-PL\",\"@id\":\"https:\\\/\\\/secure.gravatar.com\\\/avatar\\\/2b748151c2c748327307fd289a91b3bdafdd9e64e2d000e65e53d6dcf11c5830?s=96&d=mm&r=g\",\"url\":\"https:\\\/\\\/secure.gravatar.com\\\/avatar\\\/2b748151c2c748327307fd289a91b3bdafdd9e64e2d000e65e53d6dcf11c5830?s=96&d=mm&r=g\",\"contentUrl\":\"https:\\\/\\\/secure.gravatar.com\\\/avatar\\\/2b748151c2c748327307fd289a91b3bdafdd9e64e2d000e65e53d6dcf11c5830?s=96&d=mm&r=g\",\"caption\":\"editor\"}}]}<\/script>\n<!-- \/ Yoast SEO plugin. -->","yoast_head_json":{"title":"Kup gara\u017c na wymiar i korzystaj z niego po swojemu - GARDEON","robots":{"index":"index","follow":"follow","max-snippet":"max-snippet:-1","max-image-preview":"max-image-preview:large","max-video-preview":"max-video-preview:-1"},"canonical":"https:\/\/gardeon.pl\/pl\/blog\/kup-garaz-na-wymiar-i-korzystaj-z-niego-po-swojemu\/","og_locale":"pl_PL","og_type":"article","og_title":"Kup gara\u017c na wymiar i korzystaj z niego po swojemu - GARDEON","og_description":"Gara\u017c na posesji z samochodem powinien by\u0107 przecie\u017c oczywisto\u015bci\u0105. Dzi\u0119ki niemu auto jest chronione przed wp\u0142ywami atmosferycznymi oraz przed z\u0142odziejami. Na jaki typ gara\u017cu warto si\u0119 jednak zdecydowa\u0107? Na rynku znajd\u0105 Pa\u0144stwo szerok\u0105 ofert\u0119 gara\u017cy o r\u00f3\u017cnych rozmiarach, z r\u00f3\u017cnych materia\u0142\u00f3w budowlanych, z ciekawymi rozwi\u0105zaniami dach\u00f3w, z drzwiami i oknami lub bez nich. \u017baden z [&hellip;]","og_url":"https:\/\/gardeon.pl\/pl\/blog\/kup-garaz-na-wymiar-i-korzystaj-z-niego-po-swojemu\/","og_site_name":"GARDEON","article_published_time":"2026-04-23T17:01:13+00:00","og_image":[{"width":1200,"height":812,"url":"http:\/\/gardeon.pl\/wp-content\/uploads\/2015\/09\/gar\u00e1\u017enamieru4.jpg","type":"image\/jpeg"}],"author":"editor","twitter_card":"summary_large_image","twitter_misc":{"Napisane przez":"editor","Szacowany czas czytania":"2 minuty"},"schema":{"@context":"https:\/\/schema.org","@graph":[{"@type":"Article","@id":"https:\/\/gardeon.pl\/pl\/blog\/kup-garaz-na-wymiar-i-korzystaj-z-niego-po-swojemu\/#article","isPartOf":{"@id":"https:\/\/gardeon.pl\/pl\/blog\/kup-garaz-na-wymiar-i-korzystaj-z-niego-po-swojemu\/"},"author":{"name":"editor","@id":"https:\/\/gardeon.pl\/#\/schema\/person\/a5762ca5f0790bf92774af0899379463"},"headline":"Kup gara\u017c na wymiar i korzystaj z niego po swojemu","datePublished":"2026-04-23T17:01:13+00:00","mainEntityOfPage":{"@id":"https:\/\/gardeon.pl\/pl\/blog\/kup-garaz-na-wymiar-i-korzystaj-z-niego-po-swojemu\/"},"wordCount":450,"commentCount":0,"image":{"@id":"https:\/\/gardeon.pl\/pl\/blog\/kup-garaz-na-wymiar-i-korzystaj-z-niego-po-swojemu\/#primaryimage"},"thumbnailUrl":"https:\/\/gardeon.pl\/wp-content\/uploads\/2015\/09\/gar\u00e1\u017enamieru4.jpg","articleSection":["Gara\u017ce blaszane","Jak to zrobi\u0107 \u2013 gara\u017ce | DIY"],"inLanguage":"pl-PL","potentialAction":[{"@type":"CommentAction","name":"Comment","target":["https:\/\/gardeon.pl\/pl\/blog\/kup-garaz-na-wymiar-i-korzystaj-z-niego-po-swojemu\/#respond"]}]},{"@type":"WebPage","@id":"https:\/\/gardeon.pl\/pl\/blog\/kup-garaz-na-wymiar-i-korzystaj-z-niego-po-swojemu\/","url":"https:\/\/gardeon.pl\/pl\/blog\/kup-garaz-na-wymiar-i-korzystaj-z-niego-po-swojemu\/","name":"Kup gara\u017c na wymiar i korzystaj z niego po swojemu - GARDEON","isPartOf":{"@id":"https:\/\/gardeon.pl\/#website"},"primaryImageOfPage":{"@id":"https:\/\/gardeon.pl\/pl\/blog\/kup-garaz-na-wymiar-i-korzystaj-z-niego-po-swojemu\/#primaryimage"},"image":{"@id":"https:\/\/gardeon.pl\/pl\/blog\/kup-garaz-na-wymiar-i-korzystaj-z-niego-po-swojemu\/#primaryimage"},"thumbnailUrl":"https:\/\/gardeon.pl\/wp-content\/uploads\/2015\/09\/gar\u00e1\u017enamieru4.jpg","datePublished":"2026-04-23T17:01:13+00:00","author":{"@id":"https:\/\/gardeon.pl\/#\/schema\/person\/a5762ca5f0790bf92774af0899379463"},"breadcrumb":{"@id":"https:\/\/gardeon.pl\/pl\/blog\/kup-garaz-na-wymiar-i-korzystaj-z-niego-po-swojemu\/#breadcrumb"},"inLanguage":"pl-PL","potentialAction":[{"@type":"ReadAction","target":["https:\/\/gardeon.pl\/pl\/blog\/kup-garaz-na-wymiar-i-korzystaj-z-niego-po-swojemu\/"]}]},{"@type":"ImageObject","inLanguage":"pl-PL","@id":"https:\/\/gardeon.pl\/pl\/blog\/kup-garaz-na-wymiar-i-korzystaj-z-niego-po-swojemu\/#primaryimage","url":"https:\/\/gardeon.pl\/wp-content\/uploads\/2015\/09\/gar\u00e1\u017enamieru4.jpg","contentUrl":"https:\/\/gardeon.pl\/wp-content\/uploads\/2015\/09\/gar\u00e1\u017enamieru4.jpg","width":1200,"height":812,"caption":"Designerski drewniany gara\u017c na dwa samochody"},{"@type":"BreadcrumbList","@id":"https:\/\/gardeon.pl\/pl\/blog\/kup-garaz-na-wymiar-i-korzystaj-z-niego-po-swojemu\/#breadcrumb","itemListElement":[{"@type":"ListItem","position":1,"name":"Domov","item":"https:\/\/gardeon.pl\/pl\/"},{"@type":"ListItem","position":2,"name":"Kup gara\u017c na wymiar i korzystaj z niego po swojemu"}]},{"@type":"WebSite","@id":"https:\/\/gardeon.pl\/#website","url":"https:\/\/gardeon.pl\/","name":"GARDEON","description":"","potentialAction":[{"@type":"SearchAction","target":{"@type":"EntryPoint","urlTemplate":"https:\/\/gardeon.pl\/?s={search_term_string}"},"query-input":{"@type":"PropertyValueSpecification","valueRequired":true,"valueName":"search_term_string"}}],"inLanguage":"pl-PL"},{"@type":"Person","@id":"https:\/\/gardeon.pl\/#\/schema\/person\/a5762ca5f0790bf92774af0899379463","name":"editor","image":{"@type":"ImageObject","inLanguage":"pl-PL","@id":"https:\/\/secure.gravatar.com\/avatar\/2b748151c2c748327307fd289a91b3bdafdd9e64e2d000e65e53d6dcf11c5830?s=96&d=mm&r=g","url":"https:\/\/secure.gravatar.com\/avatar\/2b748151c2c748327307fd289a91b3bdafdd9e64e2d000e65e53d6dcf11c5830?s=96&d=mm&r=g","contentUrl":"https:\/\/secure.gravatar.com\/avatar\/2b748151c2c748327307fd289a91b3bdafdd9e64e2d000e65e53d6dcf11c5830?s=96&d=mm&r=g","caption":"editor"}}]}},"_links":{"self":[{"href":"https:\/\/gardeon.pl\/pl\/wp-json\/wp\/v2\/posts\/46189","targetHints":{"allow":["GET"]}}],"collection":[{"href":"https:\/\/gardeon.pl\/pl\/wp-json\/wp\/v2\/posts"}],"about":[{"href":"https:\/\/gardeon.pl\/pl\/wp-json\/wp\/v2\/types\/post"}],"author":[{"embeddable":true,"href":"https:\/\/gardeon.pl\/pl\/wp-json\/wp\/v2\/users\/2"}],"replies":[{"embeddable":true,"href":"https:\/\/gardeon.pl\/pl\/wp-json\/wp\/v2\/comments?post=46189"}],"version-history":[{"count":0,"href":"https:\/\/gardeon.pl\/pl\/wp-json\/wp\/v2\/posts\/46189\/revisions"}],"wp:featuredmedia":[{"embeddable":true,"href":"https:\/\/gardeon.pl\/pl\/wp-json\/wp\/v2\/media\/46190"}],"wp:attachment":[{"href":"https:\/\/gardeon.pl\/pl\/wp-json\/wp\/v2\/media?parent=46189"}],"wp:term":[{"taxonomy":"category","embeddable":true,"href":"https:\/\/gardeon.pl\/pl\/wp-json\/wp\/v2\/categories?post=46189"},{"taxonomy":"post_tag","embeddable":true,"href":"https:\/\/gardeon.pl\/pl\/wp-json\/wp\/v2\/tags?post=46189"}],"curies":[{"name":"wp","href":"https:\/\/api.w.org\/{rel}","templated":true}]}}