{"id":46192,"date":"2026-04-23T19:01:13","date_gmt":"2026-04-23T17:01:13","guid":{"rendered":"https:\/\/gardeon.pl\/?p=46192"},"modified":"2026-04-23T19:01:13","modified_gmt":"2026-04-23T17:01:13","slug":"zbudowac-piekny-i-tani-altane-czy-to-mozliwe","status":"publish","type":"post","link":"https:\/\/gardeon.pl\/pl\/blog\/zbudowac-piekny-i-tani-altane-czy-to-mozliwe\/","title":{"rendered":"Zbudowa\u0107 pi\u0119kny i tani altan\u0119. Czy to mo\u017cliwe?"},"content":{"rendered":"<p><em>Pi\u0119kna altana potrafi wyczarowa\u0107 z Pa\u0144stwa ogrodu romantyczne miejsce. Nada mu atmosfery ju\u017c na pierwszy rzut oka, a kiedy usi\u0105d\u0105 Pa\u0144stwo w niej latem, b\u0119d\u0105 si\u0119 Pa\u0144stwo zastanawia\u0107, dlaczego nie sprawili sobie jej wcze\u015bniej. Je\u015bli ceny altan w sklepach wydaj\u0105 si\u0119 Pa\u0144stwu zbyt wysokie, tani\u0105 altan\u0119 przy odrobinie zr\u0119czno\u015bci mo\u017cna wykona\u0107 samodzielnie w warunkach domowych. Jak si\u0119 do tego zabra\u0107?   <\/em><\/p>\n<p><!--more--><\/p>\n<p>&nbsp;<\/p>\n<h2>Os\u0142ona przed wiatrem z \u017cywop\u0142otu<\/h2>\n<p>Altana, kt\u00f3r\u0105 zbuduj\u0105 Pa\u0144stwo sami, mo\u017ce w ostatecznym rozrachunku prezentowa\u0107 si\u0119 w ogrodzie lepiej ni\u017c ta kupiona. Uwzgl\u0119dnia bowiem charakter Pa\u0144stwa ogrodu, specyfik\u0119 gleby oraz cel, w jakim jest stawiana. Maj\u0105 Pa\u0144stwo w ogrodzie \u017cywop\u0142ot? Pergol\u0119? Stworzyli Pa\u0144stwo gdzie\u015b swoje zacisze? \u015awietnie! <a href=\"http:\/\/zahradnealtanky.sk\/\" target=\"_blank\" rel=\"noopener\">Altan\u0119<\/a> mo\u017cna idealnie dopasowa\u0107 do otoczenia, w kt\u00f3rym b\u0119dzie si\u0119 dobrze prezentowa\u0107. Poszczeg\u00f3lne elementy stan\u0105 si\u0119 w ten spos\u00f3b cz\u0119\u015bci\u0105 budowli. Mog\u0105 one r\u00f3wnie\u017c os\u0142oni\u0107 altan\u0119 przed ciekawskimi spojrzeniami lub po prostu funkcjonalnie chroni\u0107 j\u0105 przed wiatrem. Nale\u017cy pami\u0119ta\u0107 tak\u017ce o \u015bcie\u017cce podej\u015bciowej.        <\/p>\n<p><a href=\"http:\/\/gardeon.pl\/wp-content\/uploads\/2015\/11\/altan-z-predu-ludia-men%C5%A1%C3%AD.jpg\"><img loading=\"lazy\" decoding=\"async\" class=\"aligncenter wp-image-4934\" src=\"http:\/\/gardeon.pl\/wp-content\/uploads\/2015\/11\/altan-z-predu-ludia-men%C5%A1%C3%AD.jpg\" alt=\"rodzina w altanie\" width=\"800\" height=\"652\"><\/a><\/p>\n<p>&nbsp;<\/p>\n<h2>Dostosowanie do infrastruktury ogrodowej<\/h2>\n<p>W dobie nowoczesnych technologii trudno obej\u015b\u0107 si\u0119 bez gniazdek elektrycznych. Chc\u0105 Pa\u0144stwo przygotowa\u0107 w altanie herbat\u0119? A mo\u017ce s\u0105 Pa\u0144stwo majsterkowiczami, kt\u00f3rzy planuj\u0105 w niej pracowa\u0107? Nale\u017cy postawi\u0107 j\u0105 w miejscu, do kt\u00f3rego bez problemu doprowadz\u0105 Pa\u0144stwo pr\u0105d i wod\u0119.   <\/p>\n<p><a href=\"http:\/\/gardeon.pl\/wp-content\/uploads\/2015\/11\/1442734167.jpg\"><img loading=\"lazy\" decoding=\"async\" class=\"aligncenter wp-image-4936\" src=\"http:\/\/gardeon.pl\/wp-content\/uploads\/2015\/11\/1442734167.jpg\" alt=\"altana z donic\u0105\" width=\"800\" height=\"535\" srcset=\"https:\/\/gardeon.pl\/wp-content\/uploads\/2015\/11\/1442734167.jpg 800w, https:\/\/gardeon.pl\/wp-content\/uploads\/2015\/11\/1442734167-300x201.jpg 300w, https:\/\/gardeon.pl\/wp-content\/uploads\/2015\/11\/1442734167-768x514.jpg 768w\" sizes=\"auto, (max-width: 800px) 100vw, 800px\" \/><\/a><\/p>\n<p>&nbsp;<\/p>\n<h2>Uwaga na teren<\/h2>\n<p>Swoj\u0105 dzia\u0142k\u0119 znaj\u0105 Pa\u0144stwo najlepiej i wiedz\u0105, jaka cz\u0119\u015b\u0107 ma jaki teren. Pod altan\u0119 nale\u017cy wybra\u0107 mo\u017cliwie jak najr\u00f3wniejsze pod\u0142o\u017ce, a w razie potrzeby wyr\u00f3wna\u0107 je i oczy\u015bci\u0107 z kamieni. Trzeba pami\u0119ta\u0107 r\u00f3wnie\u017c o odprowadzaniu wody opadowej.  <\/p>\n<p><a href=\"http:\/\/gardeon.pl\/wp-content\/uploads\/2015\/11\/1002537825.jpg\"><img loading=\"lazy\" decoding=\"async\" class=\"aligncenter wp-image-4937\" src=\"http:\/\/gardeon.pl\/wp-content\/uploads\/2015\/11\/1002537825.jpg\" alt=\"altana\" width=\"800\" height=\"600\" srcset=\"https:\/\/gardeon.pl\/wp-content\/uploads\/2015\/11\/1002537825.jpg 800w, https:\/\/gardeon.pl\/wp-content\/uploads\/2015\/11\/1002537825-300x225.jpg 300w, https:\/\/gardeon.pl\/wp-content\/uploads\/2015\/11\/1002537825-768x576.jpg 768w\" sizes=\"auto, (max-width: 800px) 100vw, 800px\" \/><\/a><\/p>\n<h2><\/h2>\n<h2>Co na dach?<\/h2>\n<p>Pokrycie dachu mo\u017ce by\u0107 dro\u017cszym wydatkiem, jednak mo\u017cna to rozwi\u0105za\u0107 efektywnie i tanio. Warto wykorzysta\u0107 resztki pokry\u0107 dachowych, kt\u00f3re znajd\u0105 Pa\u0144stwo w domu. Aby jednak nie uleg\u0142y one zniszczeniu pod wp\u0142ywem zmian pogodowych, nale\u017cy zabezpieczy\u0107 je pow\u0142ok\u0105 ochronn\u0105. Ciekawym i ekologicznym rozwi\u0105zaniem mo\u017ce by\u0107 zielony dach tworzony z r\u00f3\u017cnych traw.   <\/p>\n<p>Altan\u0119 mog\u0105 Pa\u0144stwo postawi\u0107 jako obiekt wolnostoj\u0105cy, ale cz\u0119\u015b\u0107 jej konstrukcji no\u015bnej mo\u017ce r\u00f3wnie\u017c stanowi\u0107 \u015bciana domu. Dla lepszego wygl\u0105du, a zarazem ochrony przed czynnikami zewn\u0119trznymi, wskazane jest tak\u017ce obudowanie i podbitka altany. <\/p>\n","protected":false},"excerpt":{"rendered":"<p>Pi\u0119kna altana potrafi wyczarowa\u0107 z Pa\u0144stwa ogrodu romantyczne miejsce. Nada mu atmosfery ju\u017c na pierwszy rzut oka, a kiedy usi\u0105d\u0105 Pa\u0144stwo w niej latem, b\u0119d\u0105 si\u0119 Pa\u0144stwo zastanawia\u0107, dlaczego nie sprawili sobie jej wcze\u015bniej. Je\u015bli ceny altan w sklepach wydaj\u0105 si\u0119 Pa\u0144stwu zbyt wysokie, tani\u0105 altan\u0119 przy odrobinie zr\u0119czno\u015bci mo\u017cna wykona\u0107 samodzielnie w warunkach domowych. [&hellip;]<\/p>\n","protected":false},"author":2,"featured_media":46193,"comment_status":"open","ping_status":"open","sticky":false,"template":"","format":"standard","meta":{"_acf_changed":false,"inline_featured_image":false,"footnotes":""},"categories":[622],"tags":[],"class_list":["post-46192","post","type-post","status-publish","format-standard","has-post-thumbnail","hentry","category-wiaty-i-altany"],"acf":[],"yoast_head":"<!-- This site is optimized with the Yoast SEO plugin v27.4 - https:\/\/yoast.com\/product\/yoast-seo-wordpress\/ -->\n<title>Zbudowa\u0107 pi\u0119kny i tani altan\u0119. Czy to mo\u017cliwe? - GARDEON<\/title>\n<meta name=\"robots\" content=\"index, follow, max-snippet:-1, max-image-preview:large, max-video-preview:-1\" \/>\n<link rel=\"canonical\" href=\"https:\/\/gardeon.pl\/pl\/blog\/zbudowac-piekny-i-tani-altane-czy-to-mozliwe\/\" \/>\n<meta property=\"og:locale\" content=\"pl_PL\" \/>\n<meta property=\"og:type\" content=\"article\" \/>\n<meta property=\"og:title\" content=\"Zbudowa\u0107 pi\u0119kny i tani altan\u0119. Czy to mo\u017cliwe? - GARDEON\" \/>\n<meta property=\"og:description\" content=\"Pi\u0119kna altana potrafi wyczarowa\u0107 z Pa\u0144stwa ogrodu romantyczne miejsce. Nada mu atmosfery ju\u017c na pierwszy rzut oka, a kiedy usi\u0105d\u0105 Pa\u0144stwo w niej latem, b\u0119d\u0105 si\u0119 Pa\u0144stwo zastanawia\u0107, dlaczego nie sprawili sobie jej wcze\u015bniej. Je\u015bli ceny altan w sklepach wydaj\u0105 si\u0119 Pa\u0144stwu zbyt wysokie, tani\u0105 altan\u0119 przy odrobinie zr\u0119czno\u015bci mo\u017cna wykona\u0107 samodzielnie w warunkach domowych. [&hellip;]\" \/>\n<meta property=\"og:url\" content=\"https:\/\/gardeon.pl\/pl\/blog\/zbudowac-piekny-i-tani-altane-czy-to-mozliwe\/\" \/>\n<meta property=\"og:site_name\" content=\"GARDEON\" \/>\n<meta property=\"article:published_time\" content=\"2026-04-23T17:01:13+00:00\" \/>\n<meta property=\"og:image\" content=\"http:\/\/gardeon.pl\/wp-content\/uploads\/2015\/11\/1302268678.jpg\" \/>\n\t<meta property=\"og:image:width\" content=\"980\" \/>\n\t<meta property=\"og:image:height\" content=\"460\" \/>\n\t<meta property=\"og:image:type\" content=\"image\/jpeg\" \/>\n<meta name=\"author\" content=\"editor\" \/>\n<meta name=\"twitter:card\" content=\"summary_large_image\" \/>\n<meta name=\"twitter:label1\" content=\"Napisane przez\" \/>\n\t<meta name=\"twitter:data1\" content=\"editor\" \/>\n\t<meta name=\"twitter:label2\" content=\"Szacowany czas czytania\" \/>\n\t<meta name=\"twitter:data2\" content=\"2 minuty\" \/>\n<script type=\"application\/ld+json\" class=\"yoast-schema-graph\">{\"@context\":\"https:\\\/\\\/schema.org\",\"@graph\":[{\"@type\":\"Article\",\"@id\":\"https:\\\/\\\/gardeon.pl\\\/pl\\\/blog\\\/zbudowac-piekny-i-tani-altane-czy-to-mozliwe\\\/#article\",\"isPartOf\":{\"@id\":\"https:\\\/\\\/gardeon.pl\\\/pl\\\/blog\\\/zbudowac-piekny-i-tani-altane-czy-to-mozliwe\\\/\"},\"author\":{\"name\":\"editor\",\"@id\":\"https:\\\/\\\/gardeon.pl\\\/#\\\/schema\\\/person\\\/a5762ca5f0790bf92774af0899379463\"},\"headline\":\"Zbudowa\u0107 pi\u0119kny i tani altan\u0119. Czy to mo\u017cliwe?\",\"datePublished\":\"2026-04-23T17:01:13+00:00\",\"mainEntityOfPage\":{\"@id\":\"https:\\\/\\\/gardeon.pl\\\/pl\\\/blog\\\/zbudowac-piekny-i-tani-altane-czy-to-mozliwe\\\/\"},\"wordCount\":408,\"commentCount\":0,\"image\":{\"@id\":\"https:\\\/\\\/gardeon.pl\\\/pl\\\/blog\\\/zbudowac-piekny-i-tani-altane-czy-to-mozliwe\\\/#primaryimage\"},\"thumbnailUrl\":\"https:\\\/\\\/gardeon.pl\\\/wp-content\\\/uploads\\\/2015\\\/11\\\/1302268678.jpg\",\"articleSection\":[\"Wiaty i altany\"],\"inLanguage\":\"pl-PL\",\"potentialAction\":[{\"@type\":\"CommentAction\",\"name\":\"Comment\",\"target\":[\"https:\\\/\\\/gardeon.pl\\\/pl\\\/blog\\\/zbudowac-piekny-i-tani-altane-czy-to-mozliwe\\\/#respond\"]}]},{\"@type\":\"WebPage\",\"@id\":\"https:\\\/\\\/gardeon.pl\\\/pl\\\/blog\\\/zbudowac-piekny-i-tani-altane-czy-to-mozliwe\\\/\",\"url\":\"https:\\\/\\\/gardeon.pl\\\/pl\\\/blog\\\/zbudowac-piekny-i-tani-altane-czy-to-mozliwe\\\/\",\"name\":\"Zbudowa\u0107 pi\u0119kny i tani altan\u0119. Czy to mo\u017cliwe? - GARDEON\",\"isPartOf\":{\"@id\":\"https:\\\/\\\/gardeon.pl\\\/#website\"},\"primaryImageOfPage\":{\"@id\":\"https:\\\/\\\/gardeon.pl\\\/pl\\\/blog\\\/zbudowac-piekny-i-tani-altane-czy-to-mozliwe\\\/#primaryimage\"},\"image\":{\"@id\":\"https:\\\/\\\/gardeon.pl\\\/pl\\\/blog\\\/zbudowac-piekny-i-tani-altane-czy-to-mozliwe\\\/#primaryimage\"},\"thumbnailUrl\":\"https:\\\/\\\/gardeon.pl\\\/wp-content\\\/uploads\\\/2015\\\/11\\\/1302268678.jpg\",\"datePublished\":\"2026-04-23T17:01:13+00:00\",\"author\":{\"@id\":\"https:\\\/\\\/gardeon.pl\\\/#\\\/schema\\\/person\\\/a5762ca5f0790bf92774af0899379463\"},\"breadcrumb\":{\"@id\":\"https:\\\/\\\/gardeon.pl\\\/pl\\\/blog\\\/zbudowac-piekny-i-tani-altane-czy-to-mozliwe\\\/#breadcrumb\"},\"inLanguage\":\"pl-PL\",\"potentialAction\":[{\"@type\":\"ReadAction\",\"target\":[\"https:\\\/\\\/gardeon.pl\\\/pl\\\/blog\\\/zbudowac-piekny-i-tani-altane-czy-to-mozliwe\\\/\"]}]},{\"@type\":\"ImageObject\",\"inLanguage\":\"pl-PL\",\"@id\":\"https:\\\/\\\/gardeon.pl\\\/pl\\\/blog\\\/zbudowac-piekny-i-tani-altane-czy-to-mozliwe\\\/#primaryimage\",\"url\":\"https:\\\/\\\/gardeon.pl\\\/wp-content\\\/uploads\\\/2015\\\/11\\\/1302268678.jpg\",\"contentUrl\":\"https:\\\/\\\/gardeon.pl\\\/wp-content\\\/uploads\\\/2015\\\/11\\\/1302268678.jpg\",\"width\":980,\"height\":460,\"caption\":\"Altany ogrodowe z zielonym dachem\"},{\"@type\":\"BreadcrumbList\",\"@id\":\"https:\\\/\\\/gardeon.pl\\\/pl\\\/blog\\\/zbudowac-piekny-i-tani-altane-czy-to-mozliwe\\\/#breadcrumb\",\"itemListElement\":[{\"@type\":\"ListItem\",\"position\":1,\"name\":\"Domov\",\"item\":\"https:\\\/\\\/gardeon.pl\\\/pl\\\/\"},{\"@type\":\"ListItem\",\"position\":2,\"name\":\"Zbudowa\u0107 pi\u0119kny i tani altan\u0119. Czy to mo\u017cliwe?\"}]},{\"@type\":\"WebSite\",\"@id\":\"https:\\\/\\\/gardeon.pl\\\/#website\",\"url\":\"https:\\\/\\\/gardeon.pl\\\/\",\"name\":\"GARDEON\",\"description\":\"\",\"potentialAction\":[{\"@type\":\"SearchAction\",\"target\":{\"@type\":\"EntryPoint\",\"urlTemplate\":\"https:\\\/\\\/gardeon.pl\\\/?s={search_term_string}\"},\"query-input\":{\"@type\":\"PropertyValueSpecification\",\"valueRequired\":true,\"valueName\":\"search_term_string\"}}],\"inLanguage\":\"pl-PL\"},{\"@type\":\"Person\",\"@id\":\"https:\\\/\\\/gardeon.pl\\\/#\\\/schema\\\/person\\\/a5762ca5f0790bf92774af0899379463\",\"name\":\"editor\",\"image\":{\"@type\":\"ImageObject\",\"inLanguage\":\"pl-PL\",\"@id\":\"https:\\\/\\\/secure.gravatar.com\\\/avatar\\\/2b748151c2c748327307fd289a91b3bdafdd9e64e2d000e65e53d6dcf11c5830?s=96&d=mm&r=g\",\"url\":\"https:\\\/\\\/secure.gravatar.com\\\/avatar\\\/2b748151c2c748327307fd289a91b3bdafdd9e64e2d000e65e53d6dcf11c5830?s=96&d=mm&r=g\",\"contentUrl\":\"https:\\\/\\\/secure.gravatar.com\\\/avatar\\\/2b748151c2c748327307fd289a91b3bdafdd9e64e2d000e65e53d6dcf11c5830?s=96&d=mm&r=g\",\"caption\":\"editor\"}}]}<\/script>\n<!-- \/ Yoast SEO plugin. -->","yoast_head_json":{"title":"Zbudowa\u0107 pi\u0119kny i tani altan\u0119. Czy to mo\u017cliwe? - GARDEON","robots":{"index":"index","follow":"follow","max-snippet":"max-snippet:-1","max-image-preview":"max-image-preview:large","max-video-preview":"max-video-preview:-1"},"canonical":"https:\/\/gardeon.pl\/pl\/blog\/zbudowac-piekny-i-tani-altane-czy-to-mozliwe\/","og_locale":"pl_PL","og_type":"article","og_title":"Zbudowa\u0107 pi\u0119kny i tani altan\u0119. Czy to mo\u017cliwe? - GARDEON","og_description":"Pi\u0119kna altana potrafi wyczarowa\u0107 z Pa\u0144stwa ogrodu romantyczne miejsce. Nada mu atmosfery ju\u017c na pierwszy rzut oka, a kiedy usi\u0105d\u0105 Pa\u0144stwo w niej latem, b\u0119d\u0105 si\u0119 Pa\u0144stwo zastanawia\u0107, dlaczego nie sprawili sobie jej wcze\u015bniej. Je\u015bli ceny altan w sklepach wydaj\u0105 si\u0119 Pa\u0144stwu zbyt wysokie, tani\u0105 altan\u0119 przy odrobinie zr\u0119czno\u015bci mo\u017cna wykona\u0107 samodzielnie w warunkach domowych. [&hellip;]","og_url":"https:\/\/gardeon.pl\/pl\/blog\/zbudowac-piekny-i-tani-altane-czy-to-mozliwe\/","og_site_name":"GARDEON","article_published_time":"2026-04-23T17:01:13+00:00","og_image":[{"width":980,"height":460,"url":"http:\/\/gardeon.pl\/wp-content\/uploads\/2015\/11\/1302268678.jpg","type":"image\/jpeg"}],"author":"editor","twitter_card":"summary_large_image","twitter_misc":{"Napisane przez":"editor","Szacowany czas czytania":"2 minuty"},"schema":{"@context":"https:\/\/schema.org","@graph":[{"@type":"Article","@id":"https:\/\/gardeon.pl\/pl\/blog\/zbudowac-piekny-i-tani-altane-czy-to-mozliwe\/#article","isPartOf":{"@id":"https:\/\/gardeon.pl\/pl\/blog\/zbudowac-piekny-i-tani-altane-czy-to-mozliwe\/"},"author":{"name":"editor","@id":"https:\/\/gardeon.pl\/#\/schema\/person\/a5762ca5f0790bf92774af0899379463"},"headline":"Zbudowa\u0107 pi\u0119kny i tani altan\u0119. Czy to mo\u017cliwe?","datePublished":"2026-04-23T17:01:13+00:00","mainEntityOfPage":{"@id":"https:\/\/gardeon.pl\/pl\/blog\/zbudowac-piekny-i-tani-altane-czy-to-mozliwe\/"},"wordCount":408,"commentCount":0,"image":{"@id":"https:\/\/gardeon.pl\/pl\/blog\/zbudowac-piekny-i-tani-altane-czy-to-mozliwe\/#primaryimage"},"thumbnailUrl":"https:\/\/gardeon.pl\/wp-content\/uploads\/2015\/11\/1302268678.jpg","articleSection":["Wiaty i altany"],"inLanguage":"pl-PL","potentialAction":[{"@type":"CommentAction","name":"Comment","target":["https:\/\/gardeon.pl\/pl\/blog\/zbudowac-piekny-i-tani-altane-czy-to-mozliwe\/#respond"]}]},{"@type":"WebPage","@id":"https:\/\/gardeon.pl\/pl\/blog\/zbudowac-piekny-i-tani-altane-czy-to-mozliwe\/","url":"https:\/\/gardeon.pl\/pl\/blog\/zbudowac-piekny-i-tani-altane-czy-to-mozliwe\/","name":"Zbudowa\u0107 pi\u0119kny i tani altan\u0119. Czy to mo\u017cliwe? - GARDEON","isPartOf":{"@id":"https:\/\/gardeon.pl\/#website"},"primaryImageOfPage":{"@id":"https:\/\/gardeon.pl\/pl\/blog\/zbudowac-piekny-i-tani-altane-czy-to-mozliwe\/#primaryimage"},"image":{"@id":"https:\/\/gardeon.pl\/pl\/blog\/zbudowac-piekny-i-tani-altane-czy-to-mozliwe\/#primaryimage"},"thumbnailUrl":"https:\/\/gardeon.pl\/wp-content\/uploads\/2015\/11\/1302268678.jpg","datePublished":"2026-04-23T17:01:13+00:00","author":{"@id":"https:\/\/gardeon.pl\/#\/schema\/person\/a5762ca5f0790bf92774af0899379463"},"breadcrumb":{"@id":"https:\/\/gardeon.pl\/pl\/blog\/zbudowac-piekny-i-tani-altane-czy-to-mozliwe\/#breadcrumb"},"inLanguage":"pl-PL","potentialAction":[{"@type":"ReadAction","target":["https:\/\/gardeon.pl\/pl\/blog\/zbudowac-piekny-i-tani-altane-czy-to-mozliwe\/"]}]},{"@type":"ImageObject","inLanguage":"pl-PL","@id":"https:\/\/gardeon.pl\/pl\/blog\/zbudowac-piekny-i-tani-altane-czy-to-mozliwe\/#primaryimage","url":"https:\/\/gardeon.pl\/wp-content\/uploads\/2015\/11\/1302268678.jpg","contentUrl":"https:\/\/gardeon.pl\/wp-content\/uploads\/2015\/11\/1302268678.jpg","width":980,"height":460,"caption":"Altany ogrodowe z zielonym dachem"},{"@type":"BreadcrumbList","@id":"https:\/\/gardeon.pl\/pl\/blog\/zbudowac-piekny-i-tani-altane-czy-to-mozliwe\/#breadcrumb","itemListElement":[{"@type":"ListItem","position":1,"name":"Domov","item":"https:\/\/gardeon.pl\/pl\/"},{"@type":"ListItem","position":2,"name":"Zbudowa\u0107 pi\u0119kny i tani altan\u0119. Czy to mo\u017cliwe?"}]},{"@type":"WebSite","@id":"https:\/\/gardeon.pl\/#website","url":"https:\/\/gardeon.pl\/","name":"GARDEON","description":"","potentialAction":[{"@type":"SearchAction","target":{"@type":"EntryPoint","urlTemplate":"https:\/\/gardeon.pl\/?s={search_term_string}"},"query-input":{"@type":"PropertyValueSpecification","valueRequired":true,"valueName":"search_term_string"}}],"inLanguage":"pl-PL"},{"@type":"Person","@id":"https:\/\/gardeon.pl\/#\/schema\/person\/a5762ca5f0790bf92774af0899379463","name":"editor","image":{"@type":"ImageObject","inLanguage":"pl-PL","@id":"https:\/\/secure.gravatar.com\/avatar\/2b748151c2c748327307fd289a91b3bdafdd9e64e2d000e65e53d6dcf11c5830?s=96&d=mm&r=g","url":"https:\/\/secure.gravatar.com\/avatar\/2b748151c2c748327307fd289a91b3bdafdd9e64e2d000e65e53d6dcf11c5830?s=96&d=mm&r=g","contentUrl":"https:\/\/secure.gravatar.com\/avatar\/2b748151c2c748327307fd289a91b3bdafdd9e64e2d000e65e53d6dcf11c5830?s=96&d=mm&r=g","caption":"editor"}}]}},"_links":{"self":[{"href":"https:\/\/gardeon.pl\/pl\/wp-json\/wp\/v2\/posts\/46192","targetHints":{"allow":["GET"]}}],"collection":[{"href":"https:\/\/gardeon.pl\/pl\/wp-json\/wp\/v2\/posts"}],"about":[{"href":"https:\/\/gardeon.pl\/pl\/wp-json\/wp\/v2\/types\/post"}],"author":[{"embeddable":true,"href":"https:\/\/gardeon.pl\/pl\/wp-json\/wp\/v2\/users\/2"}],"replies":[{"embeddable":true,"href":"https:\/\/gardeon.pl\/pl\/wp-json\/wp\/v2\/comments?post=46192"}],"version-history":[{"count":0,"href":"https:\/\/gardeon.pl\/pl\/wp-json\/wp\/v2\/posts\/46192\/revisions"}],"wp:featuredmedia":[{"embeddable":true,"href":"https:\/\/gardeon.pl\/pl\/wp-json\/wp\/v2\/media\/46193"}],"wp:attachment":[{"href":"https:\/\/gardeon.pl\/pl\/wp-json\/wp\/v2\/media?parent=46192"}],"wp:term":[{"taxonomy":"category","embeddable":true,"href":"https:\/\/gardeon.pl\/pl\/wp-json\/wp\/v2\/categories?post=46192"},{"taxonomy":"post_tag","embeddable":true,"href":"https:\/\/gardeon.pl\/pl\/wp-json\/wp\/v2\/tags?post=46192"}],"curies":[{"name":"wp","href":"https:\/\/api.w.org\/{rel}","templated":true}]}}