{"id":46202,"date":"2026-04-23T19:01:13","date_gmt":"2026-04-23T17:01:13","guid":{"rendered":"https:\/\/gardeon.pl\/?p=46202"},"modified":"2026-04-23T19:01:13","modified_gmt":"2026-04-23T17:01:13","slug":"jak-zrobic-z-garazu-mieszkanie","status":"publish","type":"post","link":"https:\/\/gardeon.pl\/pl\/blog\/jak-zrobic-z-garazu-mieszkanie\/","title":{"rendered":"Jak zrobi\u0107 z gara\u017cu mieszkanie"},"content":{"rendered":"<p><em>Jak ju\u017c zarysowali\u015bmy w poprzednich artyku\u0142ach, architektura gara\u017cy i budynk\u00f3w mieszkalnych prze\u017cywa trend minimalizmu. Czyste formy budowli mog\u0105 wydawa\u0107 si\u0119 niekt\u00f3rym ch\u0142odne, jednak wci\u0105\u017c maj\u0105 wielu zwolennik\u00f3w. Sukces za granic\u0105 i powoli tak\u017ce na S\u0142owacji odnosz\u0105 kontenery mieszkalne. Z gara\u017cy powstaj\u0105 designerskie obiekty biznesowe. Ale czy rozwa\u017cali ju\u017c Pa\u0144stwo przerobienie gara\u017cu na mieszkanie?    <\/em><\/p>\n<p><!--more--><\/p>\n<p><em>Nie potrafi\u0105 Pa\u0144stwo sobie tego nawet wyobrazi\u0107? Je\u015bli popuszcz\u0105 Pa\u0144stwo wodze fantazji i pozwol\u0105 si\u0119 zainspirowa\u0107 oryginalnymi pomys\u0142ami na przerobienie gara\u017cu na mieszkanie, mog\u0105 by\u0107 sami zaskoczeni. Takie rozwi\u0105zanie przyda si\u0119, je\u015bli maj\u0105 Pa\u0144stwo stary gara\u017c, kt\u00f3rego ju\u017c nie potrzebuj\u0105, ale tak\u017ce w przypadku, gdy rozgl\u0105daj\u0105 si\u0119 Pa\u0144stwo za w\u0142asnym mieszkaniem, a bud\u017cet na to nie pozwala.  <\/em><\/p>\n<h3>Skonsultujcie si\u0119 z architektem<\/h3>\n<p>Nie chodzi o \u201ebud\u0119\u201d, kt\u00f3r\u0105 urz\u0105dz\u0105 Pa\u0144stwo starymi, niepotrzebnymi meblami, cho\u0107 i te mo\u017cna wykorzysta\u0107. Przerobienie gara\u017cu na mieszkanie oznacza stworzenie <em>pe\u0142nowarto\u015bciowego, funkcjonalnego domu, lokalu mieszkalnego lub domku go\u015bcinnego<\/em>. Je\u015bli jednak nie s\u0105 Pa\u0144stwo architektami, przed rozpocz\u0119ciem przebudowy zawsze warto <em>skonsultowa\u0107 si\u0119 ze specjalistami.<\/em> Gara\u017c jest przecie\u017c specyficzn\u0105 konstrukcj\u0105 ze wzgl\u0119du na swoj\u0105 wysoko\u015b\u0107 oraz rozmieszczenie okien i drzwi. Czy w gara\u017cu jest wystarczaj\u0105ca liczba okien? Czy przestrze\u0144 b\u0119dzie odpowiednio do\u015bwietlona?    <\/p>\n<h3><a href=\"http:\/\/gardeon.pl\/wp-content\/uploads\/2015\/09\/architekt-porada1.jpg\"><img loading=\"lazy\" decoding=\"async\" class=\"aligncenter wp-image-4827\" src=\"http:\/\/gardeon.pl\/wp-content\/uploads\/2015\/09\/architekt-porada1-1024x624.jpg\" alt=\"konsultacja z architektem\" width=\"800\" height=\"488\"><\/a><br \/>\nModyfikujcie, tw\u00f3rzcie przestronn\u0105 przestrze\u0144<\/h3>\n<p>Je\u015bli gara\u017c wydaje si\u0119 Pa\u0144stwu niski, dobr\u0105 wiadomo\u015bci\u0105 jest to, \u017ce wi\u0119kszo\u015b\u0107 konstrukcji gara\u017cowych umo\u017cliwia podwy\u017cszenie dachu. Stylowym rozwi\u0105zaniem jest w\u00f3wczas umieszczenie \u0142\u00f3\u017cka w kierunku sufitu, dzi\u0119ki czemu zyskuj\u0105 Pa\u0144stwo miejsce na powierzchni. Sk\u0142adane szafy, rozk\u0142adane stoliki, obiekty s\u0142u\u017c\u0105ce wielofunkcyjnie \u2013 to wszystko u\u0142atwi Pa\u0144stwu urz\u0105dzanie przestrzeni gara\u017cowej. Nie zapominajcie, \u017ce tworz\u0105 Pa\u0144stwo przestronn\u0105 przestrze\u0144 bez zb\u0119dnych przegr\u00f3d.   <\/p>\n<p>Rozwi\u0105zaniem dyspozycyjnym mo\u017ce by\u0107 mieszkanie gara\u017cowe przypominaj\u0105ce loft w miniaturze.<br \/>\nZ wyprzedzeniem nale\u017cy rozwa\u017cy\u0107 tak\u017ce umiejscowienie rozdzielni elektrycznych i urz\u0105dze\u0144 sanitarnych. \u0141azienka i toaleta s\u0105 uzale\u017cnione od prowadzenia rur i kanalizacji na dzia\u0142ce. <\/p>\n<p><a href=\"http:\/\/gardeon.pl\/wp-content\/uploads\/2015\/09\/gar%C3%A1%C5%BE-dom.jpg\"><img loading=\"lazy\" decoding=\"async\" class=\"aligncenter wp-image-4828\" src=\"http:\/\/gardeon.pl\/wp-content\/uploads\/2015\/09\/gar%C3%A1%C5%BE-dom-1024x682.jpg\" alt=\"gara\u017c dom\" width=\"800\" height=\"533\"><\/a><a href=\"http:\/\/gardeon.pl\/wp-content\/uploads\/2015\/09\/vn%C3%BAtro1.jpg\"><img loading=\"lazy\" decoding=\"async\" class=\"aligncenter wp-image-4830\" src=\"http:\/\/gardeon.pl\/wp-content\/uploads\/2015\/09\/vn%C3%BAtro1-1024x682.jpg\" alt=\"wn\u0119trze\" width=\"800\" height=\"533\"><\/a><\/p>\n<h3>Starym rzeczom znajd\u017acie nowe zastosowanie<\/h3>\n<p>Znale\u017ali Pa\u0144stwo w gara\u017cu stare zamki czy inne cz\u0119\u015bci, kt\u00f3rych ju\u017c nie wykorzystaj\u0105? W\u0142\u0105czcie je kreatywnie do wn\u0119trza. Mog\u0105 Pa\u0144stwo znale\u017a\u0107 dla nich zupe\u0142nie nowe zastosowanie. Bawcie si\u0119 przestrzeni\u0105 i stw\u00f3rzcie sobie mieszkanie, kt\u00f3re wyjdzie Pa\u0144stwu znacznie taniej ni\u017c zakup nowego. Albo stw\u00f3rzcie miejsce na wypoczynek czy dla go\u015bci.    <\/p>\n<p><em>Przekszta\u0142cenie gara\u017cu na mieszkanie trwa zwykle kilka miesi\u0119cy.<\/em> <em>Dobr\u0105 decyzj\u0105 mo\u017ce by\u0107 zlecenie wykonania <a href=\"http:\/\/gardeon.pl\/konfigurator\/\" target=\"_blank\" rel=\"noopener\">gara\u017cu na wymiar<\/a>, a nast\u0119pnie przerobienie go na mieszkanie.<\/em><\/p>\n","protected":false},"excerpt":{"rendered":"<p>Jak ju\u017c zarysowali\u015bmy w poprzednich artyku\u0142ach, architektura gara\u017cy i budynk\u00f3w mieszkalnych prze\u017cywa trend minimalizmu. Czyste formy budowli mog\u0105 wydawa\u0107 si\u0119 niekt\u00f3rym ch\u0142odne, jednak wci\u0105\u017c maj\u0105 wielu zwolennik\u00f3w. Sukces za granic\u0105 i powoli tak\u017ce na S\u0142owacji odnosz\u0105 kontenery mieszkalne. Z gara\u017cy powstaj\u0105 designerskie obiekty biznesowe. Ale czy rozwa\u017cali ju\u017c Pa\u0144stwo przerobienie gara\u017cu na mieszkanie?<\/p>\n","protected":false},"author":2,"featured_media":46203,"comment_status":"open","ping_status":"open","sticky":false,"template":"","format":"standard","meta":{"_acf_changed":false,"inline_featured_image":false,"footnotes":""},"categories":[578,580],"tags":[634],"class_list":["post-46202","post","type-post","status-publish","format-standard","has-post-thumbnail","hentry","category-garaze-blaszane","category-jak-to-zrobic-garaze-diy","tag-cz"],"acf":[],"yoast_head":"<!-- This site is optimized with the Yoast SEO plugin v27.4 - https:\/\/yoast.com\/product\/yoast-seo-wordpress\/ -->\n<title>Jak zrobi\u0107 z gara\u017cu mieszkanie - GARDEON<\/title>\n<meta name=\"robots\" content=\"index, follow, max-snippet:-1, max-image-preview:large, max-video-preview:-1\" \/>\n<link rel=\"canonical\" href=\"https:\/\/gardeon.pl\/pl\/blog\/jak-zrobic-z-garazu-mieszkanie\/\" \/>\n<meta property=\"og:locale\" content=\"pl_PL\" \/>\n<meta property=\"og:type\" content=\"article\" \/>\n<meta property=\"og:title\" content=\"Jak zrobi\u0107 z gara\u017cu mieszkanie - GARDEON\" \/>\n<meta property=\"og:description\" content=\"Jak ju\u017c zarysowali\u015bmy w poprzednich artyku\u0142ach, architektura gara\u017cy i budynk\u00f3w mieszkalnych prze\u017cywa trend minimalizmu. Czyste formy budowli mog\u0105 wydawa\u0107 si\u0119 niekt\u00f3rym ch\u0142odne, jednak wci\u0105\u017c maj\u0105 wielu zwolennik\u00f3w. Sukces za granic\u0105 i powoli tak\u017ce na S\u0142owacji odnosz\u0105 kontenery mieszkalne. Z gara\u017cy powstaj\u0105 designerskie obiekty biznesowe. Ale czy rozwa\u017cali ju\u017c Pa\u0144stwo przerobienie gara\u017cu na mieszkanie?\" \/>\n<meta property=\"og:url\" content=\"https:\/\/gardeon.pl\/pl\/blog\/jak-zrobic-z-garazu-mieszkanie\/\" \/>\n<meta property=\"og:site_name\" content=\"GARDEON\" \/>\n<meta property=\"article:published_time\" content=\"2026-04-23T17:01:13+00:00\" \/>\n<meta property=\"og:image\" content=\"http:\/\/gardeon.pl\/wp-content\/uploads\/2015\/09\/dom-z-gar\u00e1\u017ee1.jpg\" \/>\n\t<meta property=\"og:image:width\" content=\"1000\" \/>\n\t<meta property=\"og:image:height\" content=\"520\" \/>\n\t<meta property=\"og:image:type\" content=\"image\/jpeg\" \/>\n<meta name=\"author\" content=\"editor\" \/>\n<meta name=\"twitter:card\" content=\"summary_large_image\" \/>\n<meta name=\"twitter:label1\" content=\"Napisane przez\" \/>\n\t<meta name=\"twitter:data1\" content=\"editor\" \/>\n\t<meta name=\"twitter:label2\" content=\"Szacowany czas czytania\" \/>\n\t<meta name=\"twitter:data2\" content=\"2 minuty\" \/>\n<script type=\"application\/ld+json\" class=\"yoast-schema-graph\">{\"@context\":\"https:\\\/\\\/schema.org\",\"@graph\":[{\"@type\":\"Article\",\"@id\":\"https:\\\/\\\/gardeon.pl\\\/pl\\\/blog\\\/jak-zrobic-z-garazu-mieszkanie\\\/#article\",\"isPartOf\":{\"@id\":\"https:\\\/\\\/gardeon.pl\\\/pl\\\/blog\\\/jak-zrobic-z-garazu-mieszkanie\\\/\"},\"author\":{\"name\":\"editor\",\"@id\":\"https:\\\/\\\/gardeon.pl\\\/#\\\/schema\\\/person\\\/a5762ca5f0790bf92774af0899379463\"},\"headline\":\"Jak zrobi\u0107 z gara\u017cu mieszkanie\",\"datePublished\":\"2026-04-23T17:01:13+00:00\",\"mainEntityOfPage\":{\"@id\":\"https:\\\/\\\/gardeon.pl\\\/pl\\\/blog\\\/jak-zrobic-z-garazu-mieszkanie\\\/\"},\"wordCount\":460,\"commentCount\":0,\"image\":{\"@id\":\"https:\\\/\\\/gardeon.pl\\\/pl\\\/blog\\\/jak-zrobic-z-garazu-mieszkanie\\\/#primaryimage\"},\"thumbnailUrl\":\"https:\\\/\\\/gardeon.pl\\\/wp-content\\\/uploads\\\/2015\\\/09\\\/dom-z-gar\u00e1\u017ee1.jpg\",\"keywords\":[\"CZ\"],\"articleSection\":[\"Gara\u017ce blaszane\",\"Jak to zrobi\u0107 \u2013 gara\u017ce | DIY\"],\"inLanguage\":\"pl-PL\",\"potentialAction\":[{\"@type\":\"CommentAction\",\"name\":\"Comment\",\"target\":[\"https:\\\/\\\/gardeon.pl\\\/pl\\\/blog\\\/jak-zrobic-z-garazu-mieszkanie\\\/#respond\"]}]},{\"@type\":\"WebPage\",\"@id\":\"https:\\\/\\\/gardeon.pl\\\/pl\\\/blog\\\/jak-zrobic-z-garazu-mieszkanie\\\/\",\"url\":\"https:\\\/\\\/gardeon.pl\\\/pl\\\/blog\\\/jak-zrobic-z-garazu-mieszkanie\\\/\",\"name\":\"Jak zrobi\u0107 z gara\u017cu mieszkanie - GARDEON\",\"isPartOf\":{\"@id\":\"https:\\\/\\\/gardeon.pl\\\/#website\"},\"primaryImageOfPage\":{\"@id\":\"https:\\\/\\\/gardeon.pl\\\/pl\\\/blog\\\/jak-zrobic-z-garazu-mieszkanie\\\/#primaryimage\"},\"image\":{\"@id\":\"https:\\\/\\\/gardeon.pl\\\/pl\\\/blog\\\/jak-zrobic-z-garazu-mieszkanie\\\/#primaryimage\"},\"thumbnailUrl\":\"https:\\\/\\\/gardeon.pl\\\/wp-content\\\/uploads\\\/2015\\\/09\\\/dom-z-gar\u00e1\u017ee1.jpg\",\"datePublished\":\"2026-04-23T17:01:13+00:00\",\"author\":{\"@id\":\"https:\\\/\\\/gardeon.pl\\\/#\\\/schema\\\/person\\\/a5762ca5f0790bf92774af0899379463\"},\"breadcrumb\":{\"@id\":\"https:\\\/\\\/gardeon.pl\\\/pl\\\/blog\\\/jak-zrobic-z-garazu-mieszkanie\\\/#breadcrumb\"},\"inLanguage\":\"pl-PL\",\"potentialAction\":[{\"@type\":\"ReadAction\",\"target\":[\"https:\\\/\\\/gardeon.pl\\\/pl\\\/blog\\\/jak-zrobic-z-garazu-mieszkanie\\\/\"]}]},{\"@type\":\"ImageObject\",\"inLanguage\":\"pl-PL\",\"@id\":\"https:\\\/\\\/gardeon.pl\\\/pl\\\/blog\\\/jak-zrobic-z-garazu-mieszkanie\\\/#primaryimage\",\"url\":\"https:\\\/\\\/gardeon.pl\\\/wp-content\\\/uploads\\\/2015\\\/09\\\/dom-z-gar\u00e1\u017ee1.jpg\",\"contentUrl\":\"https:\\\/\\\/gardeon.pl\\\/wp-content\\\/uploads\\\/2015\\\/09\\\/dom-z-gar\u00e1\u017ee1.jpg\",\"width\":1000,\"height\":520,\"caption\":\"Domek ogrodowy z miejscem do siedzenia\"},{\"@type\":\"BreadcrumbList\",\"@id\":\"https:\\\/\\\/gardeon.pl\\\/pl\\\/blog\\\/jak-zrobic-z-garazu-mieszkanie\\\/#breadcrumb\",\"itemListElement\":[{\"@type\":\"ListItem\",\"position\":1,\"name\":\"Domov\",\"item\":\"https:\\\/\\\/gardeon.pl\\\/pl\\\/\"},{\"@type\":\"ListItem\",\"position\":2,\"name\":\"Jak zrobi\u0107 z gara\u017cu mieszkanie\"}]},{\"@type\":\"WebSite\",\"@id\":\"https:\\\/\\\/gardeon.pl\\\/#website\",\"url\":\"https:\\\/\\\/gardeon.pl\\\/\",\"name\":\"GARDEON\",\"description\":\"\",\"potentialAction\":[{\"@type\":\"SearchAction\",\"target\":{\"@type\":\"EntryPoint\",\"urlTemplate\":\"https:\\\/\\\/gardeon.pl\\\/?s={search_term_string}\"},\"query-input\":{\"@type\":\"PropertyValueSpecification\",\"valueRequired\":true,\"valueName\":\"search_term_string\"}}],\"inLanguage\":\"pl-PL\"},{\"@type\":\"Person\",\"@id\":\"https:\\\/\\\/gardeon.pl\\\/#\\\/schema\\\/person\\\/a5762ca5f0790bf92774af0899379463\",\"name\":\"editor\",\"image\":{\"@type\":\"ImageObject\",\"inLanguage\":\"pl-PL\",\"@id\":\"https:\\\/\\\/secure.gravatar.com\\\/avatar\\\/2b748151c2c748327307fd289a91b3bdafdd9e64e2d000e65e53d6dcf11c5830?s=96&d=mm&r=g\",\"url\":\"https:\\\/\\\/secure.gravatar.com\\\/avatar\\\/2b748151c2c748327307fd289a91b3bdafdd9e64e2d000e65e53d6dcf11c5830?s=96&d=mm&r=g\",\"contentUrl\":\"https:\\\/\\\/secure.gravatar.com\\\/avatar\\\/2b748151c2c748327307fd289a91b3bdafdd9e64e2d000e65e53d6dcf11c5830?s=96&d=mm&r=g\",\"caption\":\"editor\"}}]}<\/script>\n<!-- \/ Yoast SEO plugin. -->","yoast_head_json":{"title":"Jak zrobi\u0107 z gara\u017cu mieszkanie - GARDEON","robots":{"index":"index","follow":"follow","max-snippet":"max-snippet:-1","max-image-preview":"max-image-preview:large","max-video-preview":"max-video-preview:-1"},"canonical":"https:\/\/gardeon.pl\/pl\/blog\/jak-zrobic-z-garazu-mieszkanie\/","og_locale":"pl_PL","og_type":"article","og_title":"Jak zrobi\u0107 z gara\u017cu mieszkanie - GARDEON","og_description":"Jak ju\u017c zarysowali\u015bmy w poprzednich artyku\u0142ach, architektura gara\u017cy i budynk\u00f3w mieszkalnych prze\u017cywa trend minimalizmu. Czyste formy budowli mog\u0105 wydawa\u0107 si\u0119 niekt\u00f3rym ch\u0142odne, jednak wci\u0105\u017c maj\u0105 wielu zwolennik\u00f3w. Sukces za granic\u0105 i powoli tak\u017ce na S\u0142owacji odnosz\u0105 kontenery mieszkalne. Z gara\u017cy powstaj\u0105 designerskie obiekty biznesowe. Ale czy rozwa\u017cali ju\u017c Pa\u0144stwo przerobienie gara\u017cu na mieszkanie?","og_url":"https:\/\/gardeon.pl\/pl\/blog\/jak-zrobic-z-garazu-mieszkanie\/","og_site_name":"GARDEON","article_published_time":"2026-04-23T17:01:13+00:00","og_image":[{"width":1000,"height":520,"url":"http:\/\/gardeon.pl\/wp-content\/uploads\/2015\/09\/dom-z-gar\u00e1\u017ee1.jpg","type":"image\/jpeg"}],"author":"editor","twitter_card":"summary_large_image","twitter_misc":{"Napisane przez":"editor","Szacowany czas czytania":"2 minuty"},"schema":{"@context":"https:\/\/schema.org","@graph":[{"@type":"Article","@id":"https:\/\/gardeon.pl\/pl\/blog\/jak-zrobic-z-garazu-mieszkanie\/#article","isPartOf":{"@id":"https:\/\/gardeon.pl\/pl\/blog\/jak-zrobic-z-garazu-mieszkanie\/"},"author":{"name":"editor","@id":"https:\/\/gardeon.pl\/#\/schema\/person\/a5762ca5f0790bf92774af0899379463"},"headline":"Jak zrobi\u0107 z gara\u017cu mieszkanie","datePublished":"2026-04-23T17:01:13+00:00","mainEntityOfPage":{"@id":"https:\/\/gardeon.pl\/pl\/blog\/jak-zrobic-z-garazu-mieszkanie\/"},"wordCount":460,"commentCount":0,"image":{"@id":"https:\/\/gardeon.pl\/pl\/blog\/jak-zrobic-z-garazu-mieszkanie\/#primaryimage"},"thumbnailUrl":"https:\/\/gardeon.pl\/wp-content\/uploads\/2015\/09\/dom-z-gar\u00e1\u017ee1.jpg","keywords":["CZ"],"articleSection":["Gara\u017ce blaszane","Jak to zrobi\u0107 \u2013 gara\u017ce | DIY"],"inLanguage":"pl-PL","potentialAction":[{"@type":"CommentAction","name":"Comment","target":["https:\/\/gardeon.pl\/pl\/blog\/jak-zrobic-z-garazu-mieszkanie\/#respond"]}]},{"@type":"WebPage","@id":"https:\/\/gardeon.pl\/pl\/blog\/jak-zrobic-z-garazu-mieszkanie\/","url":"https:\/\/gardeon.pl\/pl\/blog\/jak-zrobic-z-garazu-mieszkanie\/","name":"Jak zrobi\u0107 z gara\u017cu mieszkanie - GARDEON","isPartOf":{"@id":"https:\/\/gardeon.pl\/#website"},"primaryImageOfPage":{"@id":"https:\/\/gardeon.pl\/pl\/blog\/jak-zrobic-z-garazu-mieszkanie\/#primaryimage"},"image":{"@id":"https:\/\/gardeon.pl\/pl\/blog\/jak-zrobic-z-garazu-mieszkanie\/#primaryimage"},"thumbnailUrl":"https:\/\/gardeon.pl\/wp-content\/uploads\/2015\/09\/dom-z-gar\u00e1\u017ee1.jpg","datePublished":"2026-04-23T17:01:13+00:00","author":{"@id":"https:\/\/gardeon.pl\/#\/schema\/person\/a5762ca5f0790bf92774af0899379463"},"breadcrumb":{"@id":"https:\/\/gardeon.pl\/pl\/blog\/jak-zrobic-z-garazu-mieszkanie\/#breadcrumb"},"inLanguage":"pl-PL","potentialAction":[{"@type":"ReadAction","target":["https:\/\/gardeon.pl\/pl\/blog\/jak-zrobic-z-garazu-mieszkanie\/"]}]},{"@type":"ImageObject","inLanguage":"pl-PL","@id":"https:\/\/gardeon.pl\/pl\/blog\/jak-zrobic-z-garazu-mieszkanie\/#primaryimage","url":"https:\/\/gardeon.pl\/wp-content\/uploads\/2015\/09\/dom-z-gar\u00e1\u017ee1.jpg","contentUrl":"https:\/\/gardeon.pl\/wp-content\/uploads\/2015\/09\/dom-z-gar\u00e1\u017ee1.jpg","width":1000,"height":520,"caption":"Domek ogrodowy z miejscem do siedzenia"},{"@type":"BreadcrumbList","@id":"https:\/\/gardeon.pl\/pl\/blog\/jak-zrobic-z-garazu-mieszkanie\/#breadcrumb","itemListElement":[{"@type":"ListItem","position":1,"name":"Domov","item":"https:\/\/gardeon.pl\/pl\/"},{"@type":"ListItem","position":2,"name":"Jak zrobi\u0107 z gara\u017cu mieszkanie"}]},{"@type":"WebSite","@id":"https:\/\/gardeon.pl\/#website","url":"https:\/\/gardeon.pl\/","name":"GARDEON","description":"","potentialAction":[{"@type":"SearchAction","target":{"@type":"EntryPoint","urlTemplate":"https:\/\/gardeon.pl\/?s={search_term_string}"},"query-input":{"@type":"PropertyValueSpecification","valueRequired":true,"valueName":"search_term_string"}}],"inLanguage":"pl-PL"},{"@type":"Person","@id":"https:\/\/gardeon.pl\/#\/schema\/person\/a5762ca5f0790bf92774af0899379463","name":"editor","image":{"@type":"ImageObject","inLanguage":"pl-PL","@id":"https:\/\/secure.gravatar.com\/avatar\/2b748151c2c748327307fd289a91b3bdafdd9e64e2d000e65e53d6dcf11c5830?s=96&d=mm&r=g","url":"https:\/\/secure.gravatar.com\/avatar\/2b748151c2c748327307fd289a91b3bdafdd9e64e2d000e65e53d6dcf11c5830?s=96&d=mm&r=g","contentUrl":"https:\/\/secure.gravatar.com\/avatar\/2b748151c2c748327307fd289a91b3bdafdd9e64e2d000e65e53d6dcf11c5830?s=96&d=mm&r=g","caption":"editor"}}]}},"_links":{"self":[{"href":"https:\/\/gardeon.pl\/pl\/wp-json\/wp\/v2\/posts\/46202","targetHints":{"allow":["GET"]}}],"collection":[{"href":"https:\/\/gardeon.pl\/pl\/wp-json\/wp\/v2\/posts"}],"about":[{"href":"https:\/\/gardeon.pl\/pl\/wp-json\/wp\/v2\/types\/post"}],"author":[{"embeddable":true,"href":"https:\/\/gardeon.pl\/pl\/wp-json\/wp\/v2\/users\/2"}],"replies":[{"embeddable":true,"href":"https:\/\/gardeon.pl\/pl\/wp-json\/wp\/v2\/comments?post=46202"}],"version-history":[{"count":0,"href":"https:\/\/gardeon.pl\/pl\/wp-json\/wp\/v2\/posts\/46202\/revisions"}],"wp:featuredmedia":[{"embeddable":true,"href":"https:\/\/gardeon.pl\/pl\/wp-json\/wp\/v2\/media\/46203"}],"wp:attachment":[{"href":"https:\/\/gardeon.pl\/pl\/wp-json\/wp\/v2\/media?parent=46202"}],"wp:term":[{"taxonomy":"category","embeddable":true,"href":"https:\/\/gardeon.pl\/pl\/wp-json\/wp\/v2\/categories?post=46202"},{"taxonomy":"post_tag","embeddable":true,"href":"https:\/\/gardeon.pl\/pl\/wp-json\/wp\/v2\/tags?post=46202"}],"curies":[{"name":"wp","href":"https:\/\/api.w.org\/{rel}","templated":true}]}}