{"id":46213,"date":"2026-04-23T19:03:28","date_gmt":"2026-04-23T17:03:28","guid":{"rendered":"https:\/\/gardeon.pl\/?p=46213"},"modified":"2026-04-23T19:03:28","modified_gmt":"2026-04-23T17:03:28","slug":"o-garazu-warto-pomyslec-juz-na-etapie-wyboru-dzialki-i-projektu-domu","status":"publish","type":"post","link":"https:\/\/gardeon.pl\/pl\/blog\/o-garazu-warto-pomyslec-juz-na-etapie-wyboru-dzialki-i-projektu-domu\/","title":{"rendered":"O gara\u017cu warto pomy\u015ble\u0107 ju\u017c na etapie wyboru dzia\u0142ki i projektu domu"},"content":{"rendered":"<p><em>Wyb\u00f3r dzia\u0142ki to zazwyczaj pierwszy krok do wymarzonego domu, dlatego z pewno\u015bci\u0105 nie nale\u017cy go lekcewa\u017cy\u0107. Dlaczego piszemy o tym w kontek\u015bcie gara\u017cy? Podczas poszukiwania dzia\u0142ki bardzo wa\u017cne jest jasne okre\u015blenie, co dok\u0142adnie b\u0119dzie si\u0119 na niej p\u00f3\u017aniej znajdowa\u0107. Oczywi\u015bcie nie zawsze da si\u0119 przemy\u015ble\u0107 wszystko w najdrobniejszych szczeg\u00f3\u0142ach, ale warto mie\u0107 jak najbardziej konkretn\u0105 wizj\u0119. Powinien jej nast\u0119pnie odpowiada\u0107 kszta\u0142t dzia\u0142ki oraz jej powierzchnia.    <\/em><\/p>\n<p>Spr\u00f3bujcie sobie wyobrazi\u0107, jak mniej wi\u0119cej b\u0119dzie wygl\u0105da\u0142 Pa\u0144stwa dom na dzia\u0142ce. Nale\u017cy przy tym pami\u0119ta\u0107 o lokalnych ograniczeniach, ewentualnie o wymaganych odst\u0119pach mi\u0119dzy s\u0105siednimi domami. Trzeba r\u00f3wnie\u017c wzi\u0105\u0107 pod uwag\u0119 orientacj\u0119 domu w obr\u0119bie dzia\u0142ki. Wszystkie te wymagania i wyobra\u017cenia nale\u017cy oczywi\u015bcie skonsultowa\u0107 z projektantem. Mo\u017ce on wskaza\u0107 w\u0142a\u015bciwy kierunek i doradzi\u0107 w wielu kwestiach. Je\u015bli zdecydowali si\u0119 Pa\u0144stwo, \u017ce cz\u0119\u015bci\u0105 posesji b\u0119dzie r\u00f3wnie\u017c gara\u017c, wa\u017cne jest, aby uwzgl\u0119dni\u0107 go ju\u017c na etapie samego projektowania.     <\/p>\n<p><a href=\"http:\/\/gardeon.pl\/wp-content\/uploads\/2015\/08\/projektant-e1438606292717.jpg\"><img loading=\"lazy\" decoding=\"async\" class=\" size-full wp-image-4486 aligncenter\" src=\"http:\/\/gardeon.pl\/wp-content\/uploads\/2015\/08\/projektant-e1438606292717.jpg\" alt=\"projektant\" width=\"500\" height=\"333\" srcset=\"https:\/\/gardeon.pl\/wp-content\/uploads\/2015\/08\/projektant-e1438606292717.jpg 500w, https:\/\/gardeon.pl\/wp-content\/uploads\/2015\/08\/projektant-e1438606292717-300x200.jpg 300w\" sizes=\"auto, (max-width: 500px) 100vw, 500px\" \/><\/a><\/p>\n<p>Prawid\u0142owo opracowany <a href=\"https:\/\/gardeon.pl\/pl\/garaze\/co-mozemy-dla-panstwa-zrobic-2\/opracujemy-projekt-garazu\/\">projekt gara\u017cu<\/a> mo\u017ce zaoszcz\u0119dzi\u0107 dodatkowych koszt\u00f3w zwi\u0105zanych z p\u00f3\u017aniejsz\u0105 budow\u0105. Ale jak doj\u015b\u0107 do w\u0142a\u015bciwie przygotowanego projektu gara\u017cu? R\u00f3wnie\u017c w tym przypadku nale\u017cy wyj\u015b\u0107 od podstawowych wymaga\u0144 dotycz\u0105cych wymiar\u00f3w, uk\u0142adu, kszta\u0142tu gara\u017cu oraz jego planowanego przeznaczenia. Cz\u0119stym b\u0142\u0119dem, kt\u00f3ry kryj\u0105 w sobie projekty gara\u017cy, jest zazwyczaj niedostateczne oszacowanie przysz\u0142ych potrzeb. Prosz\u0119 pami\u0119ta\u0107, \u017ce <a href=\"https:\/\/gardeon.pl\/pl\/garaze\/jak-wybrac-garaz\/wymiary-i-wysokosci\/\">z czasem mog\u0105 Pa\u0144stwo potrzebowa\u0107 wi\u0119kszego samochodu<\/a>, ewentualnie drugiego lub trzeciego auta w rodzinie.    <\/p>\n<p><a href=\"http:\/\/gardeon.pl\/wp-content\/uploads\/2015\/08\/mal%C3%A1-gar%C3%A1%C5%BE-e1438606779540.gif\"><img loading=\"lazy\" decoding=\"async\" class=\" size-full wp-image-4496 aligncenter\" src=\"http:\/\/gardeon.pl\/wp-content\/uploads\/2015\/08\/mal%C3%A1-gar%C3%A1%C5%BE-e1438606779540.gif\" alt=\"ma\u0142y gara\u017c\" width=\"500\" height=\"420\"><\/a><\/p>\n<p>Kwesti\u0105 pozostaje r\u00f3wnie\u017c spos\u00f3b wykorzystania przestrzeni wewn\u0119trznej gara\u017cu. Odpowiednio zaprojektowany gara\u017c nie musi bowiem s\u0142u\u017cy\u0107 wy\u0142\u0105cznie do parkowania pojazd\u00f3w, ale na przyk\u0142ad tak\u017ce do przechowywania przedmiot\u00f3w sezonowych, jako ma\u0142y warsztat, a nawet spi\u017carnia. Dlatego dobrze jest, je\u015bli gara\u017c jest elastyczny pod wzgl\u0119dem aran\u017cacji. Nie zapomnijcie r\u00f3wnie\u017c odpowiedzie\u0107 sobie na pytanie, czy gara\u017c b\u0119dzie cz\u0119\u015bci\u0105 domu, czy te\u017c b\u0119dzie od niego oddzielony. Nie b\u00f3jcie si\u0119 konsultowa\u0107 z projektantem wszystkich dost\u0119pnych opcji, aby projekt gara\u017cu w jak najwi\u0119kszym stopniu odpowiada\u0142 Pa\u0144stwa wymaganiom. To doskona\u0142a podstawa do tego, aby w pe\u0142ni wykorzysta\u0107 potencja\u0142 swojego gara\u017cu!     <\/p>\n<p><a href=\"http:\/\/gardeon.pl\/wp-content\/uploads\/2015\/08\/lo%C5%BEn%C3%BD-priestor-v-gar%C3%A1%C5%BEi-e1438607021408.jpg\"><img loading=\"lazy\" decoding=\"async\" class=\" size-full wp-image-4502 aligncenter\" src=\"http:\/\/gardeon.pl\/wp-content\/uploads\/2015\/08\/lo%C5%BEn%C3%BD-priestor-v-gar%C3%A1%C5%BEi-e1438607021408.jpg\" alt=\"miejsce do przechowywania w gara\u017cu\" width=\"500\" height=\"333\"><\/a><\/p>\n","protected":false},"excerpt":{"rendered":"<p>Wyb\u00f3r dzia\u0142ki to zazwyczaj pierwszy krok do wymarzonego domu, dlatego z pewno\u015bci\u0105 nie nale\u017cy go lekcewa\u017cy\u0107. Dlaczego piszemy o tym w kontek\u015bcie gara\u017cy? Podczas poszukiwania dzia\u0142ki bardzo wa\u017cne jest jasne okre\u015blenie, co dok\u0142adnie b\u0119dzie si\u0119 na niej p\u00f3\u017aniej znajdowa\u0107. Oczywi\u015bcie nie zawsze da si\u0119 przemy\u015ble\u0107 wszystko w najdrobniejszych szczeg\u00f3\u0142ach, ale warto mie\u0107 jak najbardziej konkretn\u0105 [&hellip;]<\/p>\n","protected":false},"author":2,"featured_media":46214,"comment_status":"open","ping_status":"open","sticky":false,"template":"","format":"standard","meta":{"_acf_changed":false,"inline_featured_image":false,"footnotes":""},"categories":[578,580],"tags":[],"class_list":["post-46213","post","type-post","status-publish","format-standard","has-post-thumbnail","hentry","category-garaze-blaszane","category-jak-to-zrobic-garaze-diy"],"acf":[],"yoast_head":"<!-- This site is optimized with the Yoast SEO plugin v27.4 - https:\/\/yoast.com\/product\/yoast-seo-wordpress\/ -->\n<title>O gara\u017cu warto pomy\u015ble\u0107 ju\u017c na etapie wyboru dzia\u0142ki i projektu domu - GARDEON<\/title>\n<meta name=\"robots\" content=\"index, follow, max-snippet:-1, max-image-preview:large, max-video-preview:-1\" \/>\n<link rel=\"canonical\" href=\"https:\/\/gardeon.pl\/pl\/blog\/o-garazu-warto-pomyslec-juz-na-etapie-wyboru-dzialki-i-projektu-domu\/\" \/>\n<meta property=\"og:locale\" content=\"pl_PL\" \/>\n<meta property=\"og:type\" content=\"article\" \/>\n<meta property=\"og:title\" content=\"O gara\u017cu warto pomy\u015ble\u0107 ju\u017c na etapie wyboru dzia\u0142ki i projektu domu - GARDEON\" \/>\n<meta property=\"og:description\" content=\"Wyb\u00f3r dzia\u0142ki to zazwyczaj pierwszy krok do wymarzonego domu, dlatego z pewno\u015bci\u0105 nie nale\u017cy go lekcewa\u017cy\u0107. Dlaczego piszemy o tym w kontek\u015bcie gara\u017cy? Podczas poszukiwania dzia\u0142ki bardzo wa\u017cne jest jasne okre\u015blenie, co dok\u0142adnie b\u0119dzie si\u0119 na niej p\u00f3\u017aniej znajdowa\u0107. Oczywi\u015bcie nie zawsze da si\u0119 przemy\u015ble\u0107 wszystko w najdrobniejszych szczeg\u00f3\u0142ach, ale warto mie\u0107 jak najbardziej konkretn\u0105 [&hellip;]\" \/>\n<meta property=\"og:url\" content=\"https:\/\/gardeon.pl\/pl\/blog\/o-garazu-warto-pomyslec-juz-na-etapie-wyboru-dzialki-i-projektu-domu\/\" \/>\n<meta property=\"og:site_name\" content=\"GARDEON\" \/>\n<meta property=\"article:published_time\" content=\"2026-04-23T17:03:28+00:00\" \/>\n<meta property=\"og:image\" content=\"http:\/\/gardeon.pl\/wp-content\/uploads\/2015\/08\/dom.jpg\" \/>\n\t<meta property=\"og:image:width\" content=\"2000\" \/>\n\t<meta property=\"og:image:height\" content=\"1655\" \/>\n\t<meta property=\"og:image:type\" content=\"image\/jpeg\" \/>\n<meta name=\"author\" content=\"editor\" \/>\n<meta name=\"twitter:card\" content=\"summary_large_image\" \/>\n<meta name=\"twitter:label1\" content=\"Napisane przez\" \/>\n\t<meta name=\"twitter:data1\" content=\"editor\" \/>\n\t<meta name=\"twitter:label2\" content=\"Szacowany czas czytania\" \/>\n\t<meta name=\"twitter:data2\" content=\"2 minuty\" \/>\n<script type=\"application\/ld+json\" class=\"yoast-schema-graph\">{\"@context\":\"https:\\\/\\\/schema.org\",\"@graph\":[{\"@type\":\"Article\",\"@id\":\"https:\\\/\\\/gardeon.pl\\\/pl\\\/blog\\\/o-garazu-warto-pomyslec-juz-na-etapie-wyboru-dzialki-i-projektu-domu\\\/#article\",\"isPartOf\":{\"@id\":\"https:\\\/\\\/gardeon.pl\\\/pl\\\/blog\\\/o-garazu-warto-pomyslec-juz-na-etapie-wyboru-dzialki-i-projektu-domu\\\/\"},\"author\":{\"name\":\"editor\",\"@id\":\"https:\\\/\\\/gardeon.pl\\\/#\\\/schema\\\/person\\\/a5762ca5f0790bf92774af0899379463\"},\"headline\":\"O gara\u017cu warto pomy\u015ble\u0107 ju\u017c na etapie wyboru dzia\u0142ki i projektu domu\",\"datePublished\":\"2026-04-23T17:03:28+00:00\",\"mainEntityOfPage\":{\"@id\":\"https:\\\/\\\/gardeon.pl\\\/pl\\\/blog\\\/o-garazu-warto-pomyslec-juz-na-etapie-wyboru-dzialki-i-projektu-domu\\\/\"},\"wordCount\":416,\"commentCount\":0,\"image\":{\"@id\":\"https:\\\/\\\/gardeon.pl\\\/pl\\\/blog\\\/o-garazu-warto-pomyslec-juz-na-etapie-wyboru-dzialki-i-projektu-domu\\\/#primaryimage\"},\"thumbnailUrl\":\"https:\\\/\\\/gardeon.pl\\\/wp-content\\\/uploads\\\/2015\\\/08\\\/dom.jpg\",\"articleSection\":[\"Gara\u017ce blaszane\",\"Jak to zrobi\u0107 \u2013 gara\u017ce | DIY\"],\"inLanguage\":\"pl-PL\",\"potentialAction\":[{\"@type\":\"CommentAction\",\"name\":\"Comment\",\"target\":[\"https:\\\/\\\/gardeon.pl\\\/pl\\\/blog\\\/o-garazu-warto-pomyslec-juz-na-etapie-wyboru-dzialki-i-projektu-domu\\\/#respond\"]}]},{\"@type\":\"WebPage\",\"@id\":\"https:\\\/\\\/gardeon.pl\\\/pl\\\/blog\\\/o-garazu-warto-pomyslec-juz-na-etapie-wyboru-dzialki-i-projektu-domu\\\/\",\"url\":\"https:\\\/\\\/gardeon.pl\\\/pl\\\/blog\\\/o-garazu-warto-pomyslec-juz-na-etapie-wyboru-dzialki-i-projektu-domu\\\/\",\"name\":\"O gara\u017cu warto pomy\u015ble\u0107 ju\u017c na etapie wyboru dzia\u0142ki i projektu domu - GARDEON\",\"isPartOf\":{\"@id\":\"https:\\\/\\\/gardeon.pl\\\/#website\"},\"primaryImageOfPage\":{\"@id\":\"https:\\\/\\\/gardeon.pl\\\/pl\\\/blog\\\/o-garazu-warto-pomyslec-juz-na-etapie-wyboru-dzialki-i-projektu-domu\\\/#primaryimage\"},\"image\":{\"@id\":\"https:\\\/\\\/gardeon.pl\\\/pl\\\/blog\\\/o-garazu-warto-pomyslec-juz-na-etapie-wyboru-dzialki-i-projektu-domu\\\/#primaryimage\"},\"thumbnailUrl\":\"https:\\\/\\\/gardeon.pl\\\/wp-content\\\/uploads\\\/2015\\\/08\\\/dom.jpg\",\"datePublished\":\"2026-04-23T17:03:28+00:00\",\"author\":{\"@id\":\"https:\\\/\\\/gardeon.pl\\\/#\\\/schema\\\/person\\\/a5762ca5f0790bf92774af0899379463\"},\"breadcrumb\":{\"@id\":\"https:\\\/\\\/gardeon.pl\\\/pl\\\/blog\\\/o-garazu-warto-pomyslec-juz-na-etapie-wyboru-dzialki-i-projektu-domu\\\/#breadcrumb\"},\"inLanguage\":\"pl-PL\",\"potentialAction\":[{\"@type\":\"ReadAction\",\"target\":[\"https:\\\/\\\/gardeon.pl\\\/pl\\\/blog\\\/o-garazu-warto-pomyslec-juz-na-etapie-wyboru-dzialki-i-projektu-domu\\\/\"]}]},{\"@type\":\"ImageObject\",\"inLanguage\":\"pl-PL\",\"@id\":\"https:\\\/\\\/gardeon.pl\\\/pl\\\/blog\\\/o-garazu-warto-pomyslec-juz-na-etapie-wyboru-dzialki-i-projektu-domu\\\/#primaryimage\",\"url\":\"https:\\\/\\\/gardeon.pl\\\/wp-content\\\/uploads\\\/2015\\\/08\\\/dom.jpg\",\"contentUrl\":\"https:\\\/\\\/gardeon.pl\\\/wp-content\\\/uploads\\\/2015\\\/08\\\/dom.jpg\",\"width\":2000,\"height\":1655,\"caption\":\"Dom\"},{\"@type\":\"BreadcrumbList\",\"@id\":\"https:\\\/\\\/gardeon.pl\\\/pl\\\/blog\\\/o-garazu-warto-pomyslec-juz-na-etapie-wyboru-dzialki-i-projektu-domu\\\/#breadcrumb\",\"itemListElement\":[{\"@type\":\"ListItem\",\"position\":1,\"name\":\"Domov\",\"item\":\"https:\\\/\\\/gardeon.pl\\\/pl\\\/\"},{\"@type\":\"ListItem\",\"position\":2,\"name\":\"O gara\u017cu warto pomy\u015ble\u0107 ju\u017c na etapie wyboru dzia\u0142ki i projektu domu\"}]},{\"@type\":\"WebSite\",\"@id\":\"https:\\\/\\\/gardeon.pl\\\/#website\",\"url\":\"https:\\\/\\\/gardeon.pl\\\/\",\"name\":\"GARDEON\",\"description\":\"\",\"potentialAction\":[{\"@type\":\"SearchAction\",\"target\":{\"@type\":\"EntryPoint\",\"urlTemplate\":\"https:\\\/\\\/gardeon.pl\\\/?s={search_term_string}\"},\"query-input\":{\"@type\":\"PropertyValueSpecification\",\"valueRequired\":true,\"valueName\":\"search_term_string\"}}],\"inLanguage\":\"pl-PL\"},{\"@type\":\"Person\",\"@id\":\"https:\\\/\\\/gardeon.pl\\\/#\\\/schema\\\/person\\\/a5762ca5f0790bf92774af0899379463\",\"name\":\"editor\",\"image\":{\"@type\":\"ImageObject\",\"inLanguage\":\"pl-PL\",\"@id\":\"https:\\\/\\\/secure.gravatar.com\\\/avatar\\\/2b748151c2c748327307fd289a91b3bdafdd9e64e2d000e65e53d6dcf11c5830?s=96&d=mm&r=g\",\"url\":\"https:\\\/\\\/secure.gravatar.com\\\/avatar\\\/2b748151c2c748327307fd289a91b3bdafdd9e64e2d000e65e53d6dcf11c5830?s=96&d=mm&r=g\",\"contentUrl\":\"https:\\\/\\\/secure.gravatar.com\\\/avatar\\\/2b748151c2c748327307fd289a91b3bdafdd9e64e2d000e65e53d6dcf11c5830?s=96&d=mm&r=g\",\"caption\":\"editor\"}}]}<\/script>\n<!-- \/ Yoast SEO plugin. -->","yoast_head_json":{"title":"O gara\u017cu warto pomy\u015ble\u0107 ju\u017c na etapie wyboru dzia\u0142ki i projektu domu - GARDEON","robots":{"index":"index","follow":"follow","max-snippet":"max-snippet:-1","max-image-preview":"max-image-preview:large","max-video-preview":"max-video-preview:-1"},"canonical":"https:\/\/gardeon.pl\/pl\/blog\/o-garazu-warto-pomyslec-juz-na-etapie-wyboru-dzialki-i-projektu-domu\/","og_locale":"pl_PL","og_type":"article","og_title":"O gara\u017cu warto pomy\u015ble\u0107 ju\u017c na etapie wyboru dzia\u0142ki i projektu domu - GARDEON","og_description":"Wyb\u00f3r dzia\u0142ki to zazwyczaj pierwszy krok do wymarzonego domu, dlatego z pewno\u015bci\u0105 nie nale\u017cy go lekcewa\u017cy\u0107. Dlaczego piszemy o tym w kontek\u015bcie gara\u017cy? Podczas poszukiwania dzia\u0142ki bardzo wa\u017cne jest jasne okre\u015blenie, co dok\u0142adnie b\u0119dzie si\u0119 na niej p\u00f3\u017aniej znajdowa\u0107. Oczywi\u015bcie nie zawsze da si\u0119 przemy\u015ble\u0107 wszystko w najdrobniejszych szczeg\u00f3\u0142ach, ale warto mie\u0107 jak najbardziej konkretn\u0105 [&hellip;]","og_url":"https:\/\/gardeon.pl\/pl\/blog\/o-garazu-warto-pomyslec-juz-na-etapie-wyboru-dzialki-i-projektu-domu\/","og_site_name":"GARDEON","article_published_time":"2026-04-23T17:03:28+00:00","og_image":[{"width":2000,"height":1655,"url":"http:\/\/gardeon.pl\/wp-content\/uploads\/2015\/08\/dom.jpg","type":"image\/jpeg"}],"author":"editor","twitter_card":"summary_large_image","twitter_misc":{"Napisane przez":"editor","Szacowany czas czytania":"2 minuty"},"schema":{"@context":"https:\/\/schema.org","@graph":[{"@type":"Article","@id":"https:\/\/gardeon.pl\/pl\/blog\/o-garazu-warto-pomyslec-juz-na-etapie-wyboru-dzialki-i-projektu-domu\/#article","isPartOf":{"@id":"https:\/\/gardeon.pl\/pl\/blog\/o-garazu-warto-pomyslec-juz-na-etapie-wyboru-dzialki-i-projektu-domu\/"},"author":{"name":"editor","@id":"https:\/\/gardeon.pl\/#\/schema\/person\/a5762ca5f0790bf92774af0899379463"},"headline":"O gara\u017cu warto pomy\u015ble\u0107 ju\u017c na etapie wyboru dzia\u0142ki i projektu domu","datePublished":"2026-04-23T17:03:28+00:00","mainEntityOfPage":{"@id":"https:\/\/gardeon.pl\/pl\/blog\/o-garazu-warto-pomyslec-juz-na-etapie-wyboru-dzialki-i-projektu-domu\/"},"wordCount":416,"commentCount":0,"image":{"@id":"https:\/\/gardeon.pl\/pl\/blog\/o-garazu-warto-pomyslec-juz-na-etapie-wyboru-dzialki-i-projektu-domu\/#primaryimage"},"thumbnailUrl":"https:\/\/gardeon.pl\/wp-content\/uploads\/2015\/08\/dom.jpg","articleSection":["Gara\u017ce blaszane","Jak to zrobi\u0107 \u2013 gara\u017ce | DIY"],"inLanguage":"pl-PL","potentialAction":[{"@type":"CommentAction","name":"Comment","target":["https:\/\/gardeon.pl\/pl\/blog\/o-garazu-warto-pomyslec-juz-na-etapie-wyboru-dzialki-i-projektu-domu\/#respond"]}]},{"@type":"WebPage","@id":"https:\/\/gardeon.pl\/pl\/blog\/o-garazu-warto-pomyslec-juz-na-etapie-wyboru-dzialki-i-projektu-domu\/","url":"https:\/\/gardeon.pl\/pl\/blog\/o-garazu-warto-pomyslec-juz-na-etapie-wyboru-dzialki-i-projektu-domu\/","name":"O gara\u017cu warto pomy\u015ble\u0107 ju\u017c na etapie wyboru dzia\u0142ki i projektu domu - GARDEON","isPartOf":{"@id":"https:\/\/gardeon.pl\/#website"},"primaryImageOfPage":{"@id":"https:\/\/gardeon.pl\/pl\/blog\/o-garazu-warto-pomyslec-juz-na-etapie-wyboru-dzialki-i-projektu-domu\/#primaryimage"},"image":{"@id":"https:\/\/gardeon.pl\/pl\/blog\/o-garazu-warto-pomyslec-juz-na-etapie-wyboru-dzialki-i-projektu-domu\/#primaryimage"},"thumbnailUrl":"https:\/\/gardeon.pl\/wp-content\/uploads\/2015\/08\/dom.jpg","datePublished":"2026-04-23T17:03:28+00:00","author":{"@id":"https:\/\/gardeon.pl\/#\/schema\/person\/a5762ca5f0790bf92774af0899379463"},"breadcrumb":{"@id":"https:\/\/gardeon.pl\/pl\/blog\/o-garazu-warto-pomyslec-juz-na-etapie-wyboru-dzialki-i-projektu-domu\/#breadcrumb"},"inLanguage":"pl-PL","potentialAction":[{"@type":"ReadAction","target":["https:\/\/gardeon.pl\/pl\/blog\/o-garazu-warto-pomyslec-juz-na-etapie-wyboru-dzialki-i-projektu-domu\/"]}]},{"@type":"ImageObject","inLanguage":"pl-PL","@id":"https:\/\/gardeon.pl\/pl\/blog\/o-garazu-warto-pomyslec-juz-na-etapie-wyboru-dzialki-i-projektu-domu\/#primaryimage","url":"https:\/\/gardeon.pl\/wp-content\/uploads\/2015\/08\/dom.jpg","contentUrl":"https:\/\/gardeon.pl\/wp-content\/uploads\/2015\/08\/dom.jpg","width":2000,"height":1655,"caption":"Dom"},{"@type":"BreadcrumbList","@id":"https:\/\/gardeon.pl\/pl\/blog\/o-garazu-warto-pomyslec-juz-na-etapie-wyboru-dzialki-i-projektu-domu\/#breadcrumb","itemListElement":[{"@type":"ListItem","position":1,"name":"Domov","item":"https:\/\/gardeon.pl\/pl\/"},{"@type":"ListItem","position":2,"name":"O gara\u017cu warto pomy\u015ble\u0107 ju\u017c na etapie wyboru dzia\u0142ki i projektu domu"}]},{"@type":"WebSite","@id":"https:\/\/gardeon.pl\/#website","url":"https:\/\/gardeon.pl\/","name":"GARDEON","description":"","potentialAction":[{"@type":"SearchAction","target":{"@type":"EntryPoint","urlTemplate":"https:\/\/gardeon.pl\/?s={search_term_string}"},"query-input":{"@type":"PropertyValueSpecification","valueRequired":true,"valueName":"search_term_string"}}],"inLanguage":"pl-PL"},{"@type":"Person","@id":"https:\/\/gardeon.pl\/#\/schema\/person\/a5762ca5f0790bf92774af0899379463","name":"editor","image":{"@type":"ImageObject","inLanguage":"pl-PL","@id":"https:\/\/secure.gravatar.com\/avatar\/2b748151c2c748327307fd289a91b3bdafdd9e64e2d000e65e53d6dcf11c5830?s=96&d=mm&r=g","url":"https:\/\/secure.gravatar.com\/avatar\/2b748151c2c748327307fd289a91b3bdafdd9e64e2d000e65e53d6dcf11c5830?s=96&d=mm&r=g","contentUrl":"https:\/\/secure.gravatar.com\/avatar\/2b748151c2c748327307fd289a91b3bdafdd9e64e2d000e65e53d6dcf11c5830?s=96&d=mm&r=g","caption":"editor"}}]}},"_links":{"self":[{"href":"https:\/\/gardeon.pl\/pl\/wp-json\/wp\/v2\/posts\/46213","targetHints":{"allow":["GET"]}}],"collection":[{"href":"https:\/\/gardeon.pl\/pl\/wp-json\/wp\/v2\/posts"}],"about":[{"href":"https:\/\/gardeon.pl\/pl\/wp-json\/wp\/v2\/types\/post"}],"author":[{"embeddable":true,"href":"https:\/\/gardeon.pl\/pl\/wp-json\/wp\/v2\/users\/2"}],"replies":[{"embeddable":true,"href":"https:\/\/gardeon.pl\/pl\/wp-json\/wp\/v2\/comments?post=46213"}],"version-history":[{"count":0,"href":"https:\/\/gardeon.pl\/pl\/wp-json\/wp\/v2\/posts\/46213\/revisions"}],"wp:featuredmedia":[{"embeddable":true,"href":"https:\/\/gardeon.pl\/pl\/wp-json\/wp\/v2\/media\/46214"}],"wp:attachment":[{"href":"https:\/\/gardeon.pl\/pl\/wp-json\/wp\/v2\/media?parent=46213"}],"wp:term":[{"taxonomy":"category","embeddable":true,"href":"https:\/\/gardeon.pl\/pl\/wp-json\/wp\/v2\/categories?post=46213"},{"taxonomy":"post_tag","embeddable":true,"href":"https:\/\/gardeon.pl\/pl\/wp-json\/wp\/v2\/tags?post=46213"}],"curies":[{"name":"wp","href":"https:\/\/api.w.org\/{rel}","templated":true}]}}