{"id":46232,"date":"2026-04-23T19:03:27","date_gmt":"2026-04-23T17:03:27","guid":{"rendered":"https:\/\/gardeon.pl\/?p=46232"},"modified":"2026-04-23T19:03:27","modified_gmt":"2026-04-23T17:03:27","slug":"czego-wymaga-montaz-garazu","status":"publish","type":"post","link":"https:\/\/gardeon.pl\/pl\/blog\/czego-wymaga-montaz-garazu\/","title":{"rendered":"Czego wymaga monta\u017c gara\u017cu"},"content":{"rendered":"<p><em>Nie potrafisz sobie wyobrazi\u0107, jak mo\u017cna dostarczy\u0107 i postawi\u0107 gara\u017c modu\u0142owy w ci\u0105gu kilku godzin? Ten artyku\u0142 pobudzi Twoj\u0105 wyobra\u017ani\u0119 i dostarczy dowodu, \u017ce jest to mo\u017cliwe. <\/em><\/p>\n<p><!--more--><\/p>\n<p>&nbsp;<\/p>\n<h2>\u201eDzie\u0144 dobry, ju\u017c to do Pa\u0144stwa wieziemy.\u201d DYSTRYBUCJA <\/h2>\n<p>Ca\u0142y proces rozpoczyna si\u0119 od transportu poszczeg\u00f3lnych cz\u0119\u015bci gara\u017cu na miejsce monta\u017cu. W tym miejscu nale\u017cy obali\u0107 mity i obawy zwi\u0105zane z niedost\u0119pnym terenem oraz oczekiwaniami dotycz\u0105cymi przyjazdu ci\u0119\u017ckiego sprz\u0119tu za horrendalne sumy. W przypadku monta\u017cu gara\u017cy stalowych do transportu materia\u0142u wystarczy samoch\u00f3d dostawczy typu platforma o masie do 3,5 tony, dzi\u0119ki czemu koszty zwi\u0105zane z dostaw\u0105 s\u0105 znikome. Po przybyciu takiego pojazdu, zesp\u00f3\u0142 monta\u017cowy wy\u0142adowuje \u0142adunek w postaci \u015bcian gara\u017cu wraz ze wszystkimi jego elementami bezpo\u015brednio z zak\u0142adu produkcyjnego.   <\/p>\n<p><a href=\"http:\/\/gardeon.pl\/wp-content\/uploads\/2020\/02\/gardeon-garaz-pre-dve-auta-50-scaled.jpg\"><img loading=\"lazy\" decoding=\"async\" class=\"aligncenter wp-image-23277\" src=\"http:\/\/gardeon.pl\/wp-content\/uploads\/2020\/02\/gardeon-garaz-pre-dve-auta-50-scaled.jpg\" alt=\"Montowany gara\u017c dwustanowiskowy GARDEON przy domu jednorodzinnym\" width=\"800\" height=\"533\" srcset=\"https:\/\/gardeon.pl\/wp-content\/uploads\/2020\/02\/gardeon-garaz-pre-dve-auta-50-scaled.jpg 2560w, https:\/\/gardeon.pl\/wp-content\/uploads\/2020\/02\/gardeon-garaz-pre-dve-auta-50-300x200.jpg 300w, https:\/\/gardeon.pl\/wp-content\/uploads\/2020\/02\/gardeon-garaz-pre-dve-auta-50-1024x683.jpg 1024w, https:\/\/gardeon.pl\/wp-content\/uploads\/2020\/02\/gardeon-garaz-pre-dve-auta-50-768x512.jpg 768w, https:\/\/gardeon.pl\/wp-content\/uploads\/2020\/02\/gardeon-garaz-pre-dve-auta-50-1536x1024.jpg 1536w, https:\/\/gardeon.pl\/wp-content\/uploads\/2020\/02\/gardeon-garaz-pre-dve-auta-50-2048x1365.jpg 2048w\" sizes=\"auto, (max-width: 800px) 100vw, 800px\" \/><\/a><\/p>\n<p>&nbsp;<\/p>\n<h2>\u201eGdzie \u017cycz\u0105 sobie Pa\u0144stwo postawi\u0107 gara\u017c?\u201d  <a title=\"Pod\u0142o\u017ce pod gara\u017c\" href=\"https:\/\/gardeon.pl\/pl\/garaze\/co-mozemy-dla-panstwa-zrobic-2\/podloze-pod-garaz\/\">POD\u0141O\u017bE POD GARA\u017b<\/a><\/h2>\n<p>Tutaj pojawia si\u0119 Pa\u0144stwa jedyna inicjatywa w budowie przysz\u0142ego gara\u017cu, kt\u00f3ra polega na samodzielnym przygotowaniu pod\u0142o\u017ca. W jaki spos\u00f3b wykona\u0107 takie pod\u0142o\u017ce pod gara\u017c? Istnieje kilka wariant\u00f3w. Je\u015bli maj\u0105 Pa\u0144stwo mo\u017cliwo\u015b\u0107 betonowania, nale\u017cy przygotowa\u0107 p\u0142yt\u0119 betonow\u0105 lub wieniec (\u0142awy fundamentowe) i przyst\u0105pi\u0107 do pracy.   <\/p>\n<p>W przypadku, gdy betonowanie stanowi dla Pa\u0144stwa problem, mo\u017cna zaopatrzy\u0107 si\u0119 w betonowe kraw\u0119\u017cniki, kostki lub bloczki, a nast\u0119pnie u\u0142o\u017cy\u0107 je poziomo wok\u00f3\u0142 obwodu gara\u017cu w odpowiednim terenie, na przyk\u0142ad na \u017cwirze. Ostatnim wariantem jest pod\u0142o\u017ce w postaci kostki brukowej. Niezale\u017cnie jednak od wybranej opcji, nale\u017cy zadba\u0107 o to, aby pod\u0142o\u017ce by\u0142o wyr\u00f3wnane i poziome, poniewa\u017c stanowi ono podstaw\u0119 ka\u017cdej konstrukcji.  <\/p>\n<p><a href=\"http:\/\/gardeon.pl\/wp-content\/uploads\/2014\/12\/podklad-garaze.jpg\"><img loading=\"lazy\" decoding=\"async\" class=\"aligncenter size-full wp-image-1709\" src=\"http:\/\/gardeon.pl\/wp-content\/uploads\/2014\/12\/podklad-garaze.jpg\" alt=\"pod\u0142o\u017ce gara\u017cu z kostki brukowej\" width=\"580\" height=\"434\" srcset=\"https:\/\/gardeon.pl\/wp-content\/uploads\/2014\/12\/podklad-garaze.jpg 580w, https:\/\/gardeon.pl\/wp-content\/uploads\/2014\/12\/podklad-garaze-300x224.jpg 300w\" sizes=\"auto, (max-width: 580px) 100vw, 580px\" \/><\/a><\/p>\n<p>&nbsp;<\/p>\n<h2>\u201eSpokojnie mog\u0105 Pa\u0144stwo i\u015b\u0107 na zakupy, my w tym czasie go postawimy.\u201d  <a href=\"https:\/\/gardeon.pl\/pl\/garaze\/co-mozemy-dla-panstwa-zrobic-2\/jak-przebiega-montaz\/\">MONTA\u017b GARA\u017bU<\/a><\/h2>\n<p>Sam monta\u017c gara\u017cu sk\u0142ada si\u0119 z nast\u0119puj\u0105cych faz:<\/p>\n<ul>\n<li>Faza nr 1: Monta\u017c poszczeg\u00f3lnych \u015bcian gara\u017cu <\/li>\n<li>Faza nr 2: Wkomponowanie stalowych belek no\u015bnych <\/li>\n<li>Faza nr 3: Uk\u0142adanie pokrycia dachowego i attyki <\/li>\n<li>Faza nr 4: Monta\u017c bramy gara\u017cowej i systemu rynnowego <\/li>\n<li>Faza nr 5: Kotwienie do odpowiedniego pod\u0142o\u017ca <\/li>\n<\/ul>\n<p>Poszczeg\u00f3lne \u015bciany gara\u017cu s\u0105 ze sob\u0105 skr\u0119cane, po czym nast\u0119puje monta\u017c stalowych belek no\u015bnych, kt\u00f3re pe\u0142ni\u0105 bardzo wa\u017cn\u0105 funkcj\u0119 jako element wzmacniaj\u0105cy ca\u0142\u0105 konstrukcj\u0119 gara\u017cu i gwarantuj\u0105 jego og\u00f3ln\u0105 stabilno\u015b\u0107. W kolejnej fazie na belki no\u015bne k\u0142adzione jest pokrycie dachowe oraz zewn\u0119trzna ozdobna listwa blaszana \u2013 attyka, kt\u00f3ra ukrywa spadek ca\u0142ego gara\u017cu. Monta\u017c ko\u0144czy si\u0119 zabudow\u0105 bramy gara\u017cowej i systemu rynnowego, kt\u00f3rego ostateczna funkcja i wygl\u0105d zale\u017c\u0105 od Pa\u0144stwa konkretnych wymaga\u0144, takich jak kierunek odp\u0142ywu wody itp. I wreszcie, nie mo\u017cemy zapomnie\u0107 o kotwieniu gara\u017cu.   <\/p>\n<p><a href=\"http:\/\/gardeon.pl\/wp-content\/uploads\/2015\/04\/montovan%C3%A1-gar%C3%A1%C5%BE.jpg\"><img loading=\"lazy\" decoding=\"async\" class=\"aligncenter wp-image-3663\" src=\"http:\/\/gardeon.pl\/wp-content\/uploads\/2015\/04\/montovan%C3%A1-gar%C3%A1%C5%BE.jpg\" alt=\"procedura monta\u017cu gara\u017cu\" width=\"580\" height=\"435\"><\/a><\/p>\n<p>&nbsp;<\/p>\n<h2>Po 4\u20136 godzinach \u201ePatrz\u0105 Pa\u0144stwo, co?\u201d GOTOWY GARA\u017b <\/h2>\n<p>Dos\u0142ownie i w przeno\u015bni, zanim wr\u00f3c\u0105 Pa\u0144stwo z zakup\u00f3w, przed Pa\u0144stwem stoi pi\u0119kny, nowoczesny, gotowy gara\u017c, kt\u00f3ry od murowanego r\u00f3\u017cni si\u0119 przede wszystkim tym, \u017ce zaoszcz\u0119dzili Pa\u0144stwo mn\u00f3stwo czasu i \u015brodk\u00f3w finansowych, a jest on od razu w pe\u0142ni do Pa\u0144stwa dyspozycji.<\/p>\n<p><a href=\"http:\/\/gardeon.pl\/wp-content\/uploads\/2015\/04\/montovan%C3%A9-gar%C3%A1%C5%BEe.jpg\"><img loading=\"lazy\" decoding=\"async\" class=\"aligncenter wp-image-3664\" src=\"http:\/\/gardeon.pl\/wp-content\/uploads\/2015\/04\/montovan%C3%A9-gar%C3%A1%C5%BEe.jpg\" alt=\"gara\u017c blaszany\" width=\"580\" height=\"435\"><\/a><\/p>\n<h2>Wisienka na torcie \u2013 GOTOWY TYNK I <a title=\"Akcesoria, dodatki\" href=\"http:\/\/gardeon.pl\/garaze\/prislusenstvo\/\">AKCESORIA<\/a><\/h2>\n<p>Teraz na miejscu jest ju\u017c gotowy gara\u017c. Dla bardziej wymagaj\u0105cych u\u017cytkownik\u00f3w oferowane s\u0105 ulepszenia gara\u017cu modu\u0142owego za pomoc\u0105 dodatk\u00f3w designerskich \u2013 kolorowych alternatyw rynien, drzwi, okien czy nawet nowoczesnych \u015bwietlik\u00f3w. Je\u015bli zastanawiaj\u0105 si\u0119 Pa\u0144stwo, kiedy przychodzi kolej na tynk, odpowied\u017a jest prosta. Gara\u017ce modu\u0142owe dostarczane s\u0105 z gotowym tynkiem bezpo\u015brednio z produkcji.   <\/p>\n<p>&nbsp;<\/p>\n","protected":false},"excerpt":{"rendered":"<p>Nie potrafisz sobie wyobrazi\u0107, jak mo\u017cna dostarczy\u0107 i postawi\u0107 gara\u017c modu\u0142owy w ci\u0105gu kilku godzin? Ten artyku\u0142 pobudzi Twoj\u0105 wyobra\u017ani\u0119 i dostarczy dowodu, \u017ce jest to mo\u017cliwe.<\/p>\n","protected":false},"author":2,"featured_media":46233,"comment_status":"open","ping_status":"open","sticky":false,"template":"","format":"standard","meta":{"_acf_changed":false,"inline_featured_image":false,"footnotes":""},"categories":[578,580],"tags":[634],"class_list":["post-46232","post","type-post","status-publish","format-standard","has-post-thumbnail","hentry","category-garaze-blaszane","category-jak-to-zrobic-garaze-diy","tag-cz"],"acf":[],"yoast_head":"<!-- This site is optimized with the Yoast SEO plugin v27.4 - https:\/\/yoast.com\/product\/yoast-seo-wordpress\/ -->\n<title>Czego wymaga monta\u017c gara\u017cu - GARDEON<\/title>\n<meta name=\"description\" content=\"Jak przebiega monta\u017c gara\u017cu?\" \/>\n<meta name=\"robots\" content=\"index, follow, max-snippet:-1, max-image-preview:large, max-video-preview:-1\" \/>\n<link rel=\"canonical\" href=\"https:\/\/gardeon.pl\/pl\/blog\/czego-wymaga-montaz-garazu\/\" \/>\n<meta property=\"og:locale\" content=\"pl_PL\" \/>\n<meta property=\"og:type\" content=\"article\" \/>\n<meta property=\"og:title\" content=\"Czego wymaga monta\u017c gara\u017cu - GARDEON\" \/>\n<meta property=\"og:description\" content=\"Jak przebiega monta\u017c gara\u017cu?\" \/>\n<meta property=\"og:url\" content=\"https:\/\/gardeon.pl\/pl\/blog\/czego-wymaga-montaz-garazu\/\" \/>\n<meta property=\"og:site_name\" content=\"GARDEON\" \/>\n<meta property=\"article:published_time\" content=\"2026-04-23T17:03:27+00:00\" \/>\n<meta property=\"og:image\" content=\"http:\/\/gardeon.pl\/wp-content\/uploads\/2015\/04\/mont\u00e1\u017e-e1429788591256.jpg\" \/>\n\t<meta property=\"og:image:width\" content=\"1800\" \/>\n\t<meta property=\"og:image:height\" content=\"1017\" \/>\n\t<meta property=\"og:image:type\" content=\"image\/jpeg\" \/>\n<meta name=\"author\" content=\"editor\" \/>\n<meta name=\"twitter:card\" content=\"summary_large_image\" \/>\n<meta name=\"twitter:label1\" content=\"Napisane przez\" \/>\n\t<meta name=\"twitter:data1\" content=\"editor\" \/>\n\t<meta name=\"twitter:label2\" content=\"Szacowany czas czytania\" \/>\n\t<meta name=\"twitter:data2\" content=\"3 minuty\" \/>\n<script type=\"application\/ld+json\" class=\"yoast-schema-graph\">{\"@context\":\"https:\\\/\\\/schema.org\",\"@graph\":[{\"@type\":\"Article\",\"@id\":\"https:\\\/\\\/gardeon.pl\\\/pl\\\/blog\\\/czego-wymaga-montaz-garazu\\\/#article\",\"isPartOf\":{\"@id\":\"https:\\\/\\\/gardeon.pl\\\/pl\\\/blog\\\/czego-wymaga-montaz-garazu\\\/\"},\"author\":{\"name\":\"editor\",\"@id\":\"https:\\\/\\\/gardeon.pl\\\/#\\\/schema\\\/person\\\/a5762ca5f0790bf92774af0899379463\"},\"headline\":\"Czego wymaga monta\u017c gara\u017cu\",\"datePublished\":\"2026-04-23T17:03:27+00:00\",\"mainEntityOfPage\":{\"@id\":\"https:\\\/\\\/gardeon.pl\\\/pl\\\/blog\\\/czego-wymaga-montaz-garazu\\\/\"},\"wordCount\":614,\"commentCount\":0,\"image\":{\"@id\":\"https:\\\/\\\/gardeon.pl\\\/pl\\\/blog\\\/czego-wymaga-montaz-garazu\\\/#primaryimage\"},\"thumbnailUrl\":\"https:\\\/\\\/gardeon.pl\\\/wp-content\\\/uploads\\\/2015\\\/04\\\/mont\u00e1\u017e-e1429788591256.jpg\",\"keywords\":[\"CZ\"],\"articleSection\":[\"Gara\u017ce blaszane\",\"Jak to zrobi\u0107 \u2013 gara\u017ce | DIY\"],\"inLanguage\":\"pl-PL\",\"potentialAction\":[{\"@type\":\"CommentAction\",\"name\":\"Comment\",\"target\":[\"https:\\\/\\\/gardeon.pl\\\/pl\\\/blog\\\/czego-wymaga-montaz-garazu\\\/#respond\"]}]},{\"@type\":\"WebPage\",\"@id\":\"https:\\\/\\\/gardeon.pl\\\/pl\\\/blog\\\/czego-wymaga-montaz-garazu\\\/\",\"url\":\"https:\\\/\\\/gardeon.pl\\\/pl\\\/blog\\\/czego-wymaga-montaz-garazu\\\/\",\"name\":\"Czego wymaga monta\u017c gara\u017cu - GARDEON\",\"isPartOf\":{\"@id\":\"https:\\\/\\\/gardeon.pl\\\/#website\"},\"primaryImageOfPage\":{\"@id\":\"https:\\\/\\\/gardeon.pl\\\/pl\\\/blog\\\/czego-wymaga-montaz-garazu\\\/#primaryimage\"},\"image\":{\"@id\":\"https:\\\/\\\/gardeon.pl\\\/pl\\\/blog\\\/czego-wymaga-montaz-garazu\\\/#primaryimage\"},\"thumbnailUrl\":\"https:\\\/\\\/gardeon.pl\\\/wp-content\\\/uploads\\\/2015\\\/04\\\/mont\u00e1\u017e-e1429788591256.jpg\",\"datePublished\":\"2026-04-23T17:03:27+00:00\",\"author\":{\"@id\":\"https:\\\/\\\/gardeon.pl\\\/#\\\/schema\\\/person\\\/a5762ca5f0790bf92774af0899379463\"},\"description\":\"Jak przebiega monta\u017c gara\u017cu?\",\"breadcrumb\":{\"@id\":\"https:\\\/\\\/gardeon.pl\\\/pl\\\/blog\\\/czego-wymaga-montaz-garazu\\\/#breadcrumb\"},\"inLanguage\":\"pl-PL\",\"potentialAction\":[{\"@type\":\"ReadAction\",\"target\":[\"https:\\\/\\\/gardeon.pl\\\/pl\\\/blog\\\/czego-wymaga-montaz-garazu\\\/\"]}]},{\"@type\":\"ImageObject\",\"inLanguage\":\"pl-PL\",\"@id\":\"https:\\\/\\\/gardeon.pl\\\/pl\\\/blog\\\/czego-wymaga-montaz-garazu\\\/#primaryimage\",\"url\":\"https:\\\/\\\/gardeon.pl\\\/wp-content\\\/uploads\\\/2015\\\/04\\\/mont\u00e1\u017e-e1429788591256.jpg\",\"contentUrl\":\"https:\\\/\\\/gardeon.pl\\\/wp-content\\\/uploads\\\/2015\\\/04\\\/mont\u00e1\u017e-e1429788591256.jpg\",\"width\":1800,\"height\":1017,\"caption\":\"Pracownik monta\u017cowy w niebieskim kasku\"},{\"@type\":\"BreadcrumbList\",\"@id\":\"https:\\\/\\\/gardeon.pl\\\/pl\\\/blog\\\/czego-wymaga-montaz-garazu\\\/#breadcrumb\",\"itemListElement\":[{\"@type\":\"ListItem\",\"position\":1,\"name\":\"Domov\",\"item\":\"https:\\\/\\\/gardeon.pl\\\/pl\\\/\"},{\"@type\":\"ListItem\",\"position\":2,\"name\":\"Czego wymaga monta\u017c gara\u017cu\"}]},{\"@type\":\"WebSite\",\"@id\":\"https:\\\/\\\/gardeon.pl\\\/#website\",\"url\":\"https:\\\/\\\/gardeon.pl\\\/\",\"name\":\"GARDEON\",\"description\":\"\",\"potentialAction\":[{\"@type\":\"SearchAction\",\"target\":{\"@type\":\"EntryPoint\",\"urlTemplate\":\"https:\\\/\\\/gardeon.pl\\\/?s={search_term_string}\"},\"query-input\":{\"@type\":\"PropertyValueSpecification\",\"valueRequired\":true,\"valueName\":\"search_term_string\"}}],\"inLanguage\":\"pl-PL\"},{\"@type\":\"Person\",\"@id\":\"https:\\\/\\\/gardeon.pl\\\/#\\\/schema\\\/person\\\/a5762ca5f0790bf92774af0899379463\",\"name\":\"editor\",\"image\":{\"@type\":\"ImageObject\",\"inLanguage\":\"pl-PL\",\"@id\":\"https:\\\/\\\/secure.gravatar.com\\\/avatar\\\/2b748151c2c748327307fd289a91b3bdafdd9e64e2d000e65e53d6dcf11c5830?s=96&d=mm&r=g\",\"url\":\"https:\\\/\\\/secure.gravatar.com\\\/avatar\\\/2b748151c2c748327307fd289a91b3bdafdd9e64e2d000e65e53d6dcf11c5830?s=96&d=mm&r=g\",\"contentUrl\":\"https:\\\/\\\/secure.gravatar.com\\\/avatar\\\/2b748151c2c748327307fd289a91b3bdafdd9e64e2d000e65e53d6dcf11c5830?s=96&d=mm&r=g\",\"caption\":\"editor\"}}]}<\/script>\n<!-- \/ Yoast SEO plugin. -->","yoast_head_json":{"title":"Czego wymaga monta\u017c gara\u017cu - GARDEON","description":"Jak przebiega monta\u017c gara\u017cu?","robots":{"index":"index","follow":"follow","max-snippet":"max-snippet:-1","max-image-preview":"max-image-preview:large","max-video-preview":"max-video-preview:-1"},"canonical":"https:\/\/gardeon.pl\/pl\/blog\/czego-wymaga-montaz-garazu\/","og_locale":"pl_PL","og_type":"article","og_title":"Czego wymaga monta\u017c gara\u017cu - GARDEON","og_description":"Jak przebiega monta\u017c gara\u017cu?","og_url":"https:\/\/gardeon.pl\/pl\/blog\/czego-wymaga-montaz-garazu\/","og_site_name":"GARDEON","article_published_time":"2026-04-23T17:03:27+00:00","og_image":[{"width":1800,"height":1017,"url":"http:\/\/gardeon.pl\/wp-content\/uploads\/2015\/04\/mont\u00e1\u017e-e1429788591256.jpg","type":"image\/jpeg"}],"author":"editor","twitter_card":"summary_large_image","twitter_misc":{"Napisane przez":"editor","Szacowany czas czytania":"3 minuty"},"schema":{"@context":"https:\/\/schema.org","@graph":[{"@type":"Article","@id":"https:\/\/gardeon.pl\/pl\/blog\/czego-wymaga-montaz-garazu\/#article","isPartOf":{"@id":"https:\/\/gardeon.pl\/pl\/blog\/czego-wymaga-montaz-garazu\/"},"author":{"name":"editor","@id":"https:\/\/gardeon.pl\/#\/schema\/person\/a5762ca5f0790bf92774af0899379463"},"headline":"Czego wymaga monta\u017c gara\u017cu","datePublished":"2026-04-23T17:03:27+00:00","mainEntityOfPage":{"@id":"https:\/\/gardeon.pl\/pl\/blog\/czego-wymaga-montaz-garazu\/"},"wordCount":614,"commentCount":0,"image":{"@id":"https:\/\/gardeon.pl\/pl\/blog\/czego-wymaga-montaz-garazu\/#primaryimage"},"thumbnailUrl":"https:\/\/gardeon.pl\/wp-content\/uploads\/2015\/04\/mont\u00e1\u017e-e1429788591256.jpg","keywords":["CZ"],"articleSection":["Gara\u017ce blaszane","Jak to zrobi\u0107 \u2013 gara\u017ce | DIY"],"inLanguage":"pl-PL","potentialAction":[{"@type":"CommentAction","name":"Comment","target":["https:\/\/gardeon.pl\/pl\/blog\/czego-wymaga-montaz-garazu\/#respond"]}]},{"@type":"WebPage","@id":"https:\/\/gardeon.pl\/pl\/blog\/czego-wymaga-montaz-garazu\/","url":"https:\/\/gardeon.pl\/pl\/blog\/czego-wymaga-montaz-garazu\/","name":"Czego wymaga monta\u017c gara\u017cu - GARDEON","isPartOf":{"@id":"https:\/\/gardeon.pl\/#website"},"primaryImageOfPage":{"@id":"https:\/\/gardeon.pl\/pl\/blog\/czego-wymaga-montaz-garazu\/#primaryimage"},"image":{"@id":"https:\/\/gardeon.pl\/pl\/blog\/czego-wymaga-montaz-garazu\/#primaryimage"},"thumbnailUrl":"https:\/\/gardeon.pl\/wp-content\/uploads\/2015\/04\/mont\u00e1\u017e-e1429788591256.jpg","datePublished":"2026-04-23T17:03:27+00:00","author":{"@id":"https:\/\/gardeon.pl\/#\/schema\/person\/a5762ca5f0790bf92774af0899379463"},"description":"Jak przebiega monta\u017c gara\u017cu?","breadcrumb":{"@id":"https:\/\/gardeon.pl\/pl\/blog\/czego-wymaga-montaz-garazu\/#breadcrumb"},"inLanguage":"pl-PL","potentialAction":[{"@type":"ReadAction","target":["https:\/\/gardeon.pl\/pl\/blog\/czego-wymaga-montaz-garazu\/"]}]},{"@type":"ImageObject","inLanguage":"pl-PL","@id":"https:\/\/gardeon.pl\/pl\/blog\/czego-wymaga-montaz-garazu\/#primaryimage","url":"https:\/\/gardeon.pl\/wp-content\/uploads\/2015\/04\/mont\u00e1\u017e-e1429788591256.jpg","contentUrl":"https:\/\/gardeon.pl\/wp-content\/uploads\/2015\/04\/mont\u00e1\u017e-e1429788591256.jpg","width":1800,"height":1017,"caption":"Pracownik monta\u017cowy w niebieskim kasku"},{"@type":"BreadcrumbList","@id":"https:\/\/gardeon.pl\/pl\/blog\/czego-wymaga-montaz-garazu\/#breadcrumb","itemListElement":[{"@type":"ListItem","position":1,"name":"Domov","item":"https:\/\/gardeon.pl\/pl\/"},{"@type":"ListItem","position":2,"name":"Czego wymaga monta\u017c gara\u017cu"}]},{"@type":"WebSite","@id":"https:\/\/gardeon.pl\/#website","url":"https:\/\/gardeon.pl\/","name":"GARDEON","description":"","potentialAction":[{"@type":"SearchAction","target":{"@type":"EntryPoint","urlTemplate":"https:\/\/gardeon.pl\/?s={search_term_string}"},"query-input":{"@type":"PropertyValueSpecification","valueRequired":true,"valueName":"search_term_string"}}],"inLanguage":"pl-PL"},{"@type":"Person","@id":"https:\/\/gardeon.pl\/#\/schema\/person\/a5762ca5f0790bf92774af0899379463","name":"editor","image":{"@type":"ImageObject","inLanguage":"pl-PL","@id":"https:\/\/secure.gravatar.com\/avatar\/2b748151c2c748327307fd289a91b3bdafdd9e64e2d000e65e53d6dcf11c5830?s=96&d=mm&r=g","url":"https:\/\/secure.gravatar.com\/avatar\/2b748151c2c748327307fd289a91b3bdafdd9e64e2d000e65e53d6dcf11c5830?s=96&d=mm&r=g","contentUrl":"https:\/\/secure.gravatar.com\/avatar\/2b748151c2c748327307fd289a91b3bdafdd9e64e2d000e65e53d6dcf11c5830?s=96&d=mm&r=g","caption":"editor"}}]}},"_links":{"self":[{"href":"https:\/\/gardeon.pl\/pl\/wp-json\/wp\/v2\/posts\/46232","targetHints":{"allow":["GET"]}}],"collection":[{"href":"https:\/\/gardeon.pl\/pl\/wp-json\/wp\/v2\/posts"}],"about":[{"href":"https:\/\/gardeon.pl\/pl\/wp-json\/wp\/v2\/types\/post"}],"author":[{"embeddable":true,"href":"https:\/\/gardeon.pl\/pl\/wp-json\/wp\/v2\/users\/2"}],"replies":[{"embeddable":true,"href":"https:\/\/gardeon.pl\/pl\/wp-json\/wp\/v2\/comments?post=46232"}],"version-history":[{"count":0,"href":"https:\/\/gardeon.pl\/pl\/wp-json\/wp\/v2\/posts\/46232\/revisions"}],"wp:featuredmedia":[{"embeddable":true,"href":"https:\/\/gardeon.pl\/pl\/wp-json\/wp\/v2\/media\/46233"}],"wp:attachment":[{"href":"https:\/\/gardeon.pl\/pl\/wp-json\/wp\/v2\/media?parent=46232"}],"wp:term":[{"taxonomy":"category","embeddable":true,"href":"https:\/\/gardeon.pl\/pl\/wp-json\/wp\/v2\/categories?post=46232"},{"taxonomy":"post_tag","embeddable":true,"href":"https:\/\/gardeon.pl\/pl\/wp-json\/wp\/v2\/tags?post=46232"}],"curies":[{"name":"wp","href":"https:\/\/api.w.org\/{rel}","templated":true}]}}