{"id":46262,"date":"2026-04-23T19:03:26","date_gmt":"2026-04-23T17:03:26","guid":{"rendered":"https:\/\/gardeon.pl\/?p=46262"},"modified":"2026-04-23T19:03:26","modified_gmt":"2026-04-23T17:03:26","slug":"najpiekniejsze-ogrody-swiata-ktore-warto-odwiedzic","status":"publish","type":"post","link":"https:\/\/gardeon.pl\/pl\/blog\/najpiekniejsze-ogrody-swiata-ktore-warto-odwiedzic\/","title":{"rendered":"Najpi\u0119kniejsze ogrody \u015bwiata, kt\u00f3re warto odwiedzi\u0107"},"content":{"rendered":"<p><em>Czy chcieliby Pa\u0144stwo mie\u0107 przy domu ogr\u00f3d, kt\u00f3ry zachwyci ka\u017cdego? Inspiracji na ciekawe elementy mo\u017cna szuka\u0107 tak\u017ce w s\u0142ynnych historycznych ogrodach i parkach z ca\u0142ego \u015bwiata, kt\u00f3re do dzi\u015b wp\u0142ywaj\u0105 na nowoczesne projektowanie ogrod\u00f3w. Przedstawimy Pa\u0144stwu te najpi\u0119kniejsze.  <\/em><\/p>\n<h2>Villa d\u2019Este, Tivoli, W\u0142ochy<\/h2>\n<p>Gdy w 1550 roku kardyna\u0142a Ippolita II d\u2019Este nie wybrano na papie\u017ca, zosta\u0142 gubernatorem Tivoli. I od razu rozpocz\u0105\u0142 budow\u0119 swojej wspania\u0142ej rezydencji \u2013 willi i ogrodu, kt\u00f3re mia\u0142y dor\u00f3wna\u0107 najpi\u0119kniejszym w Rzymie. Przepi\u0119kny ogr\u00f3d otaczaj\u0105cy will\u0119 zbudowano na zalesionym zboczu i pe\u0142en jest taras\u00f3w, grot oraz imponuj\u0105cych rze\u017ab. Najbardziej charakterystycznym elementem jest jednak woda, kt\u00f3r\u0105 architekci, dzi\u0119ki przemy\u015blanemu systemowi kana\u0142\u00f3w, skierowali do licznych staw\u00f3w i fontann.   <\/p>\n<h2><img loading=\"lazy\" decoding=\"async\" class=\"aligncenter wp-image-27379\" src=\"http:\/\/gardeon.pl\/wp-content\/uploads\/2020\/07\/najkrajsie-svetove-zahrady-2.jpg\" alt=\"Villa d\u2019Este, Tivoli, W\u0142ochy\" width=\"800\" height=\"451\" srcset=\"https:\/\/gardeon.pl\/wp-content\/uploads\/2020\/07\/najkrajsie-svetove-zahrady-2.jpg 1600w, https:\/\/gardeon.pl\/wp-content\/uploads\/2020\/07\/najkrajsie-svetove-zahrady-2-300x169.jpg 300w, https:\/\/gardeon.pl\/wp-content\/uploads\/2020\/07\/najkrajsie-svetove-zahrady-2-1024x577.jpg 1024w, https:\/\/gardeon.pl\/wp-content\/uploads\/2020\/07\/najkrajsie-svetove-zahrady-2-768x433.jpg 768w, https:\/\/gardeon.pl\/wp-content\/uploads\/2020\/07\/najkrajsie-svetove-zahrady-2-1536x866.jpg 1536w\" sizes=\"auto, (max-width: 800px) 100vw, 800px\" \/><\/h2>\n<p>Ogr\u00f3d kardyna\u0142a d\u2019Este jest nie tylko pi\u0119kny, ale i pe\u0142en zabawy: woda tryskaj\u0105ca w regularnych odst\u0119pach na wi\u0119ksz\u0105 wysoko\u015b\u0107 czasem opryska tak\u017ce niczego nie\u015bwiadomych przechodni\u00f3w, d\u0142ugi szereg fontann tworzy przyjemne miejsce na spacer, a \u201egraj\u0105ca\u201d fontanna o wyznaczonej porze zawsze przyci\u0105ga t\u0142umy ciekawskich. To w\u0142a\u015bnie ten ogr\u00f3d zapocz\u0105tkowa\u0142 now\u0105 er\u0119, w kt\u00f3rej do projektowania ogrod\u00f3w zacz\u0119to w\u0142\u0105cza\u0107 r\u00f3wnie\u017c rozrywk\u0119. <\/p>\n<p><img loading=\"lazy\" decoding=\"async\" class=\"aligncenter wp-image-27381\" src=\"http:\/\/gardeon.pl\/wp-content\/uploads\/2020\/07\/najkrajsie-svetove-zahrady-3.jpg\" alt=\"Villa d\u2019Este, Tivoli, W\u0142ochy\" width=\"800\" height=\"600\" srcset=\"https:\/\/gardeon.pl\/wp-content\/uploads\/2020\/07\/najkrajsie-svetove-zahrady-3.jpg 1024w, https:\/\/gardeon.pl\/wp-content\/uploads\/2020\/07\/najkrajsie-svetove-zahrady-3-300x225.jpg 300w, https:\/\/gardeon.pl\/wp-content\/uploads\/2020\/07\/najkrajsie-svetove-zahrady-3-768x576.jpg 768w\" sizes=\"auto, (max-width: 800px) 100vw, 800px\" \/><\/p>\n<p>A mo\u017ce zastosowa\u0107 w Pa\u0144stwa ogrodzie ma\u0142\u0105 fontann\u0119? Wype\u0142ni otoczenie d\u017awi\u0119kami wody, w upa\u0142 je och\u0142odzi i przyci\u0105gnie ptaki oraz motyle na orze\u017awiaj\u0105cy \u0142yk, tworz\u0105c przy domu \u017cywy, naturalny spektakl. <\/p>\n<h2>Alhambra i Generalife, Grenada, Hiszpania<\/h2>\n<p>W 1238 roku, gdy Hiszpania znajdowa\u0142a si\u0119 pod panowaniem muzu\u0142ma\u0144skim, Mohamed ibn al Ahmar z dynastii Nasryd\u00f3w za\u0142o\u017cy\u0142 w Alhambrze kr\u00f3lewsk\u0105 siedzib\u0119. Kompleks pa\u0142ac\u00f3w, taras\u00f3w i ogrod\u00f3w powsta\u0142 na 35 hektarach wysoko u podn\u00f3\u017ca pasma Sierra Nevada. Dziedzi\u0144ce z symetrycznymi nasadzeniami, typowymi elementami architektonicznymi i licznymi fontannami s\u0105 pi\u0119knym przyk\u0142adem maureta\u0144skiego projektowania ogrod\u00f3w, kt\u00f3re wykorzystuje cie\u0144 i wod\u0119, aby na\u015bladowa\u0107 raj. Alhambra, \u015bredniowieczny kompleks pa\u0142ac\u00f3w i twierdz maureta\u0144skich w\u0142adc\u00f3w Grenady, jest dzi\u015b jednym z najwa\u017cniejszych zabytk\u00f3w Hiszpanii.   <\/p>\n<p><img loading=\"lazy\" decoding=\"async\" class=\"aligncenter wp-image-27383\" src=\"http:\/\/gardeon.pl\/wp-content\/uploads\/2020\/07\/najkrajsie-svetove-zahrady-4.jpeg\" alt=\"Alhambra i Generalife, Grenada, Hiszpania\" width=\"800\" height=\"533\" srcset=\"https:\/\/gardeon.pl\/wp-content\/uploads\/2020\/07\/najkrajsie-svetove-zahrady-4.jpeg 1688w, https:\/\/gardeon.pl\/wp-content\/uploads\/2020\/07\/najkrajsie-svetove-zahrady-4-300x200.jpeg 300w, https:\/\/gardeon.pl\/wp-content\/uploads\/2020\/07\/najkrajsie-svetove-zahrady-4-1024x682.jpeg 1024w, https:\/\/gardeon.pl\/wp-content\/uploads\/2020\/07\/najkrajsie-svetove-zahrady-4-768x512.jpeg 768w, https:\/\/gardeon.pl\/wp-content\/uploads\/2020\/07\/najkrajsie-svetove-zahrady-4-1536x1024.jpeg 1536w\" sizes=\"auto, (max-width: 800px) 100vw, 800px\" \/><\/p>\n<p>Generalife<b> <\/b>by\u0142 letnim pa\u0142acem Nasryd\u00f3w, ostatniej islamskiej dynastii hiszpa\u0144skiego Al-Andalusu. Przyleg\u0142e ogrody pa\u0142acu w\u0142adc\u00f3w zachwycaj\u0105 dopracowanymi nasadzeniami oraz wspania\u0142ym dziedzi\u0144cem, w kt\u00f3rym geometryczn\u0105 fontann\u0119 otaczaj\u0105 kolumnady i pawilony. <\/p>\n<p><img loading=\"lazy\" decoding=\"async\" class=\"aligncenter wp-image-27385\" src=\"http:\/\/gardeon.pl\/wp-content\/uploads\/2020\/07\/najkrajsie-svetove-zahrady-5.jpg\" alt=\"Alhambra i Generalife, Grenada, Hiszpania\" width=\"800\" height=\"600\" srcset=\"https:\/\/gardeon.pl\/wp-content\/uploads\/2020\/07\/najkrajsie-svetove-zahrady-5.jpg 2000w, https:\/\/gardeon.pl\/wp-content\/uploads\/2020\/07\/najkrajsie-svetove-zahrady-5-300x225.jpg 300w, https:\/\/gardeon.pl\/wp-content\/uploads\/2020\/07\/najkrajsie-svetove-zahrady-5-1024x767.jpg 1024w, https:\/\/gardeon.pl\/wp-content\/uploads\/2020\/07\/najkrajsie-svetove-zahrady-5-768x576.jpg 768w, https:\/\/gardeon.pl\/wp-content\/uploads\/2020\/07\/najkrajsie-svetove-zahrady-5-1536x1151.jpg 1536w\" sizes=\"auto, (max-width: 800px) 100vw, 800px\" \/><\/p>\n<p>Maj\u0105 Pa\u0144stwo nowoczesny dom? Geometrycznie zaprojektowany ogr\u00f3d doskonale go uzupe\u0142ni. Nie tylko w gor\u0105cej Hiszpanii, ale tak\u017ce u nas latem doceni\u0105 Pa\u0144stwo zacienione miejsca oraz och\u0142od\u0119, jak\u0105 zapewnia zbiornik wodny.  <\/p>\n<h2>Ogr\u00f3d kamienny w Ryoanji, Kioto, Japonia<\/h2>\n<p>Cho\u0107 nie jest do ko\u0144ca jasne, czy powsta\u0142 w XV czy w XVI wieku, Ryoanji uznaje si\u0119 za jeden z najwa\u017cniejszych japo\u0144skich ogrod\u00f3w zen i cz\u0119sto si\u0119 go wspomina oraz na\u015bladuje. Ogr\u00f3d jest cz\u0119\u015bci\u0105 niewielkiego kompleksu \u015bwi\u0105tyni buddyjskiej i na pierwszy rzut oka jest bardzo prosty. To prostok\u0105tny obszar o wymiarach oko\u0142o 30 \u00d7 10 m, pokryty \u017cwirem starannie u\u0142o\u017conym grabiami, na kt\u00f3rym rozmieszczono 15 ska\u0142 obramowanych mchem.    <\/p>\n<p><img loading=\"lazy\" decoding=\"async\" class=\"aligncenter wp-image-27387\" src=\"http:\/\/gardeon.pl\/wp-content\/uploads\/2020\/07\/najkrajsie-svetove-zahrady-6.jpg\" alt=\"Ogr\u00f3d kamienny w Ryoanji, Kioto, Japonia\" width=\"800\" height=\"532\" srcset=\"https:\/\/gardeon.pl\/wp-content\/uploads\/2020\/07\/najkrajsie-svetove-zahrady-6.jpg 1280w, https:\/\/gardeon.pl\/wp-content\/uploads\/2020\/07\/najkrajsie-svetove-zahrady-6-300x199.jpg 300w, https:\/\/gardeon.pl\/wp-content\/uploads\/2020\/07\/najkrajsie-svetove-zahrady-6-1024x681.jpg 1024w, https:\/\/gardeon.pl\/wp-content\/uploads\/2020\/07\/najkrajsie-svetove-zahrady-6-768x511.jpg 768w\" sizes=\"auto, (max-width: 800px) 100vw, 800px\" \/><\/p>\n<p>Zwiedzaj\u0105cy nie wchodz\u0105 do ogrodu, lecz obserwuj\u0105 go z drewnianej platformy widokowej. Wzory w \u017cwirze s\u0105 codziennie starannie odnawiane i \u2013 podobnie jak kszta\u0142t oraz rozmieszczenie ska\u0142 \u2013 maj\u0105 inspirowa\u0107 do duchowej i zmys\u0142owej podr\u00f3\u017cy. <\/p>\n<p><img loading=\"lazy\" decoding=\"async\" class=\"aligncenter wp-image-27389\" src=\"http:\/\/gardeon.pl\/wp-content\/uploads\/2020\/07\/najkrajsie-svetove-zahrady-7.jpg\" alt=\"Ogr\u00f3d kamienny w Ryoanji, Kioto, Japonia\" width=\"800\" height=\"600\" srcset=\"https:\/\/gardeon.pl\/wp-content\/uploads\/2020\/07\/najkrajsie-svetove-zahrady-7.jpg 1280w, https:\/\/gardeon.pl\/wp-content\/uploads\/2020\/07\/najkrajsie-svetove-zahrady-7-300x225.jpg 300w, https:\/\/gardeon.pl\/wp-content\/uploads\/2020\/07\/najkrajsie-svetove-zahrady-7-1024x768.jpg 1024w, https:\/\/gardeon.pl\/wp-content\/uploads\/2020\/07\/najkrajsie-svetove-zahrady-7-768x576.jpg 768w\" sizes=\"auto, (max-width: 800px) 100vw, 800px\" \/><\/p>\n<p>Czy s\u0105 Pa\u0144stwu bliskie wschodnie filozofie? Ogr\u00f3d, b\u0119d\u0105cy prost\u0105 abstrakcj\u0105 doskona\u0142ego krajobrazu jakby zamro\u017conego w czasie, to \u015bwietne miejsce do refleksji. <\/p>\n<h2>Pa\u0142ac Het Loo, Apeldoorn, Holandia<\/h2>\n<p>Pa\u0142ac, kt\u00f3ry pod koniec XVI wieku zbudowa\u0142 Wilhelm III, nazywany jest tak\u017ce ma\u0142ym Wersalem \u2013 g\u0142\u00f3wnie ze wzgl\u0119du na symetryczny uk\u0142ad i formalny, geometryczny charakter ogrod\u00f3w z regularnymi liniami \u017cwirowych alejek i licznymi fontannami. Het Loo by\u0142 pierwotnie my\u015bliwskim pa\u0142acykiem i mimo do\u015b\u0107 skromnej skali pokazuje, jak styl s\u0142ynnych francuskich ogrod\u00f3w barokowych interpretowa\u0142y p\u00f3\u017aniejsze pokolenia. Ogr\u00f3d Het Loo jest jednak tak\u017ce pe\u0142en osobistych historii: \u017cona Wilhelma, Maria II, by\u0142a entuzjastyczn\u0105 mi\u0142o\u015bniczk\u0105 flory, a jej ogrodnicy wkomponowali w formalny wygl\u0105d za\u0142o\u017ce\u0144 parkowych ro\u015bliny z ca\u0142ego \u015bwiata.     <\/p>\n<p><img loading=\"lazy\" decoding=\"async\" class=\"aligncenter wp-image-27391\" src=\"http:\/\/gardeon.pl\/wp-content\/uploads\/2020\/07\/najkrajsie-svetove-zahrady-8-scaled.jpg\" alt=\"Pa\u0142ac Het Loo, Apeldoorn, Holandia\" width=\"800\" height=\"407\" srcset=\"https:\/\/gardeon.pl\/wp-content\/uploads\/2020\/07\/najkrajsie-svetove-zahrady-8-scaled.jpg 2560w, https:\/\/gardeon.pl\/wp-content\/uploads\/2020\/07\/najkrajsie-svetove-zahrady-8-300x152.jpg 300w, https:\/\/gardeon.pl\/wp-content\/uploads\/2020\/07\/najkrajsie-svetove-zahrady-8-1024x520.jpg 1024w, https:\/\/gardeon.pl\/wp-content\/uploads\/2020\/07\/najkrajsie-svetove-zahrady-8-768x390.jpg 768w, https:\/\/gardeon.pl\/wp-content\/uploads\/2020\/07\/najkrajsie-svetove-zahrady-8-1536x780.jpg 1536w, https:\/\/gardeon.pl\/wp-content\/uploads\/2020\/07\/najkrajsie-svetove-zahrady-8-2048x1040.jpg 2048w\" sizes=\"auto, (max-width: 800px) 100vw, 800px\" \/><\/p>\n<p>Po uko\u0144czeniu Het Loo William i Mary zostali w\u0142adcami Anglii i zmienili formalny styl ogrodu na swobodny, angielski, przypominaj\u0105cy naturalny krajobraz. Jednak w latach 70. ubieg\u0142ego wieku rz\u0105d holenderski przywr\u00f3ci\u0142 jego pierwotny wygl\u0105d.  <\/p>\n<h2>Rousham Park, Oxfordshire, Anglia<\/h2>\n<p>Na pocz\u0105tku XVIII wieku w Anglii zacz\u0119to odchodzi\u0107 od uporz\u0105dkowanych ogrod\u00f3w barokowych, a coraz wi\u0119ksz\u0105 popularno\u015b\u0107 zyskiwa\u0142 swobodniejszy styl oparty na naturalnym pi\u0119knie krajobrazu. W 1738 roku angielskiego architekta Williama Kenta, jednego z pionier\u00f3w nowego podej\u015bcia, zatrudniono do przebudowy domu i terenu w Rousham Park. Efektem jest jeden z najpi\u0119kniejszych i \u2013 na szcz\u0119\u015bcie \u2013 najlepiej zachowanych przyk\u0142ad\u00f3w ogrodu angielskiego. Zamiast tworzy\u0107 odgrodzony, regularny ogr\u00f3d prywatny, Kent po\u0142\u0105czy\u0142 posiad\u0142o\u015b\u0107 z otaczaj\u0105cym krajobrazem poprzez starannie zaprojektowane osie widokowe oraz uzupe\u0142nienie istniej\u0105cej ro\u015blinno\u015bci naturalnie skomponowanymi nasadzeniami.    <\/p>\n<p><img loading=\"lazy\" decoding=\"async\" class=\"aligncenter wp-image-27393\" src=\"http:\/\/gardeon.pl\/wp-content\/uploads\/2020\/07\/najkrajsie-svetove-zahrady-9.jpg\" alt=\"Rousham Park, Oxfordshire, Anglia\" width=\"800\" height=\"536\" srcset=\"https:\/\/gardeon.pl\/wp-content\/uploads\/2020\/07\/najkrajsie-svetove-zahrady-9.jpg 1600w, https:\/\/gardeon.pl\/wp-content\/uploads\/2020\/07\/najkrajsie-svetove-zahrady-9-300x201.jpg 300w, https:\/\/gardeon.pl\/wp-content\/uploads\/2020\/07\/najkrajsie-svetove-zahrady-9-1024x685.jpg 1024w, https:\/\/gardeon.pl\/wp-content\/uploads\/2020\/07\/najkrajsie-svetove-zahrady-9-768x514.jpg 768w, https:\/\/gardeon.pl\/wp-content\/uploads\/2020\/07\/najkrajsie-svetove-zahrady-9-1536x1028.jpg 1536w\" sizes=\"auto, (max-width: 800px) 100vw, 800px\" \/><\/p>\n<p>Przez \u0142\u0105ki i zagajniki na rozleg\u0142ej posiad\u0142o\u015bci prowadz\u0105 \u015bcie\u017cki i alejki do miniatur klasycznych \u015bwi\u0105ty\u0144 ozdobionych rze\u017abami dawnych bog\u00f3w. Czy co\u015b to Pa\u0144stwu przypomina? Tak, tak\u017ce w pobliskich Valticach zastosowano t\u0119 sam\u0105 zasad\u0119, kt\u00f3ra niezawodnie dzia\u0142a \u2013 je\u015bli bowiem chc\u0105 si\u0119 Pa\u0144stwo gdzie\u015b wybra\u0107, potrzebuj\u0105 Pa\u0144stwo celu. Je\u015bli wi\u0119c maj\u0105 Pa\u0144stwo du\u017cy ogr\u00f3d, prosz\u0119 spr\u00f3bowa\u0107 stworzy\u0107 w ustronnym zak\u0105tku cho\u0107by przyjemny <a href=\"https:\/\/gardeon.pl\/pl\/pergole\/\">altan\u0119<\/a>. B\u0119dzie to dobry pow\u00f3d do mi\u0142ego spaceru.    <\/p>\n<p>Czy znale\u017ali Pa\u0144stwo inspiracj\u0119, kt\u00f3rej szukali? Prosz\u0119 jednak pami\u0119ta\u0107, \u017ce odpowiedni ogr\u00f3d rodzinny powinien by\u0107 nie tylko pi\u0119kny, ale i praktyczny. Aby mogli Pa\u0144stwo cieszy\u0107 si\u0119 widokiem zielonych zak\u0105tk\u00f3w w pe\u0142nym komforcie, cho\u0107by przy porannej kawie, nie powinno w nim zabrakn\u0105\u0107 <a href=\"https:\/\/gardeon.pl\/pl\/pergole\/\">pergoli ogrodowej<\/a>, kt\u00f3ra stworzy os\u0142oni\u0119te, zacienione miejsce. Prosz\u0119 te\u017c nie zapomina\u0107 o przestrzeni do przesadzania i innych prac ogrodowych oraz o miejscu na przechowywanie narz\u0119dzi \u2013 idealnym rozwi\u0105zaniem jest sprytny <a href=\"http:\/\/gardeon.pl\/zahradne-domceky\/\">domek ogrodowy<\/a> ustawiony w odpowiednim miejscu.   <\/p>\n<h5>\u0179r\u00f3d\u0142o (Source):<\/h5>\n<h5>www.pixabay.com<\/h5>\n<h5>www.pexels.com<\/h5>\n<h5>https:\/\/www.flickr.com\/<\/h5>\n<h5>https:\/\/www.wikiloc.com\/<\/h5>\n<h5>https:\/\/www.musement.com\/<\/h5>\n<h5>https:\/\/www.guidedtour-spain.com\/en\/<\/h5>\n<h5>https:\/\/www.tripadvisor.sk\/<\/h5>\n<h5>http:\/\/ttnotes.com\/<\/h5>\n<h5>https:\/\/en.wikipedia.org\/<\/h5>\n","protected":false},"excerpt":{"rendered":"<p>Czy chcieliby Pa\u0144stwo mie\u0107 przy domu ogr\u00f3d, kt\u00f3ry zachwyci ka\u017cdego? Inspiracji na ciekawe elementy mo\u017cna szuka\u0107 tak\u017ce w s\u0142ynnych historycznych ogrodach i parkach z ca\u0142ego \u015bwiata, kt\u00f3re do dzi\u015b wp\u0142ywaj\u0105 na nowoczesne projektowanie ogrod\u00f3w. Przedstawimy Pa\u0144stwu te najpi\u0119kniejsze. Villa d\u2019Este, Tivoli, W\u0142ochy Gdy w 1550 roku kardyna\u0142a Ippolita II d\u2019Este nie wybrano na papie\u017ca, zosta\u0142 [&hellip;]<\/p>\n","protected":false},"author":2,"featured_media":46265,"comment_status":"open","ping_status":"open","sticky":false,"template":"","format":"standard","meta":{"_acf_changed":false,"inline_featured_image":false,"footnotes":""},"categories":[594],"tags":[731,636,743,739,595,732,733,740,737,735,736,734,742,947,744,741,729,728,730],"class_list":["post-46262","post","type-post","status-publish","format-standard","has-post-thumbnail","hentry","category-ogrod","tag-alhambra-i-generalife","tag-altana","tag-anglia","tag-apeldoorn","tag-domek-ogrodowy","tag-grenada","tag-hiszpania","tag-holandia","tag-japonia","tag-kioto","tag-kyoto","tag-ogrod-kamienny-ryoanji","tag-oxfordshire","tag-palac-het-loo-2","tag-pergola-ogrodowa","tag-rousham-park","tag-tivoli","tag-villa-deste","tag-wlochy"],"acf":[],"yoast_head":"<!-- This site is optimized with the Yoast SEO plugin v27.4 - https:\/\/yoast.com\/product\/yoast-seo-wordpress\/ -->\n<title>Najpi\u0119kniejsze ogrody \u015bwiata, kt\u00f3re warto odwiedzi\u0107 | GARDEON<\/title>\n<meta name=\"robots\" content=\"index, follow, max-snippet:-1, max-image-preview:large, max-video-preview:-1\" \/>\n<link rel=\"canonical\" href=\"https:\/\/gardeon.pl\/pl\/blog\/najpiekniejsze-ogrody-swiata-ktore-warto-odwiedzic\/\" \/>\n<meta property=\"og:locale\" content=\"pl_PL\" \/>\n<meta property=\"og:type\" content=\"article\" \/>\n<meta property=\"og:title\" content=\"Najpi\u0119kniejsze ogrody \u015bwiata, kt\u00f3re warto odwiedzi\u0107 | GARDEON\" \/>\n<meta property=\"og:description\" content=\"Czy chcieliby Pa\u0144stwo mie\u0107 przy domu ogr\u00f3d, kt\u00f3ry zachwyci ka\u017cdego? Inspiracji na ciekawe elementy mo\u017cna szuka\u0107 tak\u017ce w s\u0142ynnych historycznych ogrodach i parkach z ca\u0142ego \u015bwiata, kt\u00f3re do dzi\u015b wp\u0142ywaj\u0105 na nowoczesne projektowanie ogrod\u00f3w. Przedstawimy Pa\u0144stwu te najpi\u0119kniejsze. Villa d\u2019Este, Tivoli, W\u0142ochy Gdy w 1550 roku kardyna\u0142a Ippolita II d\u2019Este nie wybrano na papie\u017ca, zosta\u0142 [&hellip;]\" \/>\n<meta property=\"og:url\" content=\"https:\/\/gardeon.pl\/pl\/blog\/najpiekniejsze-ogrody-swiata-ktore-warto-odwiedzic\/\" \/>\n<meta property=\"og:site_name\" content=\"GARDEON\" \/>\n<meta property=\"article:published_time\" content=\"2026-04-23T17:03:26+00:00\" \/>\n<meta property=\"og:image\" content=\"http:\/\/gardeon.pl\/wp-content\/uploads\/2020\/07\/najkrajsie-svetove-zahrady-4.jpeg\" \/>\n\t<meta property=\"og:image:width\" content=\"1688\" \/>\n\t<meta property=\"og:image:height\" content=\"1125\" \/>\n\t<meta property=\"og:image:type\" content=\"image\/jpeg\" \/>\n<meta name=\"author\" content=\"editor\" \/>\n<meta name=\"twitter:card\" content=\"summary_large_image\" \/>\n<meta name=\"twitter:label1\" content=\"Napisane przez\" \/>\n\t<meta name=\"twitter:data1\" content=\"editor\" \/>\n\t<meta name=\"twitter:label2\" content=\"Szacowany czas czytania\" \/>\n\t<meta name=\"twitter:data2\" content=\"5 minut\" \/>\n<script type=\"application\/ld+json\" class=\"yoast-schema-graph\">{\"@context\":\"https:\\\/\\\/schema.org\",\"@graph\":[{\"@type\":\"Article\",\"@id\":\"https:\\\/\\\/gardeon.pl\\\/pl\\\/blog\\\/najpiekniejsze-ogrody-swiata-ktore-warto-odwiedzic\\\/#article\",\"isPartOf\":{\"@id\":\"https:\\\/\\\/gardeon.pl\\\/pl\\\/blog\\\/najpiekniejsze-ogrody-swiata-ktore-warto-odwiedzic\\\/\"},\"author\":{\"name\":\"editor\",\"@id\":\"https:\\\/\\\/gardeon.pl\\\/#\\\/schema\\\/person\\\/a5762ca5f0790bf92774af0899379463\"},\"headline\":\"Najpi\u0119kniejsze ogrody \u015bwiata, kt\u00f3re warto odwiedzi\u0107\",\"datePublished\":\"2026-04-23T17:03:26+00:00\",\"mainEntityOfPage\":{\"@id\":\"https:\\\/\\\/gardeon.pl\\\/pl\\\/blog\\\/najpiekniejsze-ogrody-swiata-ktore-warto-odwiedzic\\\/\"},\"wordCount\":1085,\"commentCount\":0,\"image\":{\"@id\":\"https:\\\/\\\/gardeon.pl\\\/pl\\\/blog\\\/najpiekniejsze-ogrody-swiata-ktore-warto-odwiedzic\\\/#primaryimage\"},\"thumbnailUrl\":\"https:\\\/\\\/gardeon.pl\\\/wp-content\\\/uploads\\\/2020\\\/07\\\/najkrajsie-svetove-zahrady-4.jpeg\",\"keywords\":[\"Alhambra i Generalife\",\"altana\",\"Anglia\",\"Apeldoorn\",\"domek ogrodowy\",\"Grenada\",\"Hiszpania\",\"Holandia\",\"Japonia\",\"Kioto\",\"Kyoto\",\"ogr\u00f3d kamienny Ryoanji\",\"Oxfordshire\",\"Pal\u00e1c Het Loo\",\"pergola ogrodowa\",\"Rousham Park\",\"Tivoli\",\"Villa d\u2019Este\",\"W\u0142ochy\"],\"articleSection\":[\"Ogr\u00f3d\"],\"inLanguage\":\"pl-PL\",\"potentialAction\":[{\"@type\":\"CommentAction\",\"name\":\"Comment\",\"target\":[\"https:\\\/\\\/gardeon.pl\\\/pl\\\/blog\\\/najpiekniejsze-ogrody-swiata-ktore-warto-odwiedzic\\\/#respond\"]}]},{\"@type\":\"WebPage\",\"@id\":\"https:\\\/\\\/gardeon.pl\\\/pl\\\/blog\\\/najpiekniejsze-ogrody-swiata-ktore-warto-odwiedzic\\\/\",\"url\":\"https:\\\/\\\/gardeon.pl\\\/pl\\\/blog\\\/najpiekniejsze-ogrody-swiata-ktore-warto-odwiedzic\\\/\",\"name\":\"Najpi\u0119kniejsze ogrody \u015bwiata, kt\u00f3re warto odwiedzi\u0107 | GARDEON\",\"isPartOf\":{\"@id\":\"https:\\\/\\\/gardeon.pl\\\/#website\"},\"primaryImageOfPage\":{\"@id\":\"https:\\\/\\\/gardeon.pl\\\/pl\\\/blog\\\/najpiekniejsze-ogrody-swiata-ktore-warto-odwiedzic\\\/#primaryimage\"},\"image\":{\"@id\":\"https:\\\/\\\/gardeon.pl\\\/pl\\\/blog\\\/najpiekniejsze-ogrody-swiata-ktore-warto-odwiedzic\\\/#primaryimage\"},\"thumbnailUrl\":\"https:\\\/\\\/gardeon.pl\\\/wp-content\\\/uploads\\\/2020\\\/07\\\/najkrajsie-svetove-zahrady-4.jpeg\",\"datePublished\":\"2026-04-23T17:03:26+00:00\",\"author\":{\"@id\":\"https:\\\/\\\/gardeon.pl\\\/#\\\/schema\\\/person\\\/a5762ca5f0790bf92774af0899379463\"},\"breadcrumb\":{\"@id\":\"https:\\\/\\\/gardeon.pl\\\/pl\\\/blog\\\/najpiekniejsze-ogrody-swiata-ktore-warto-odwiedzic\\\/#breadcrumb\"},\"inLanguage\":\"pl-PL\",\"potentialAction\":[{\"@type\":\"ReadAction\",\"target\":[\"https:\\\/\\\/gardeon.pl\\\/pl\\\/blog\\\/najpiekniejsze-ogrody-swiata-ktore-warto-odwiedzic\\\/\"]}]},{\"@type\":\"ImageObject\",\"inLanguage\":\"pl-PL\",\"@id\":\"https:\\\/\\\/gardeon.pl\\\/pl\\\/blog\\\/najpiekniejsze-ogrody-swiata-ktore-warto-odwiedzic\\\/#primaryimage\",\"url\":\"https:\\\/\\\/gardeon.pl\\\/wp-content\\\/uploads\\\/2020\\\/07\\\/najkrajsie-svetove-zahrady-4.jpeg\",\"contentUrl\":\"https:\\\/\\\/gardeon.pl\\\/wp-content\\\/uploads\\\/2020\\\/07\\\/najkrajsie-svetove-zahrady-4.jpeg\",\"width\":1688,\"height\":1125,\"caption\":\"Alhambra i Generalife, Grenada, Hiszpania\"},{\"@type\":\"BreadcrumbList\",\"@id\":\"https:\\\/\\\/gardeon.pl\\\/pl\\\/blog\\\/najpiekniejsze-ogrody-swiata-ktore-warto-odwiedzic\\\/#breadcrumb\",\"itemListElement\":[{\"@type\":\"ListItem\",\"position\":1,\"name\":\"Domov\",\"item\":\"https:\\\/\\\/gardeon.pl\\\/pl\\\/\"},{\"@type\":\"ListItem\",\"position\":2,\"name\":\"Najpi\u0119kniejsze ogrody \u015bwiata, kt\u00f3re warto odwiedzi\u0107\"}]},{\"@type\":\"WebSite\",\"@id\":\"https:\\\/\\\/gardeon.pl\\\/#website\",\"url\":\"https:\\\/\\\/gardeon.pl\\\/\",\"name\":\"GARDEON\",\"description\":\"\",\"potentialAction\":[{\"@type\":\"SearchAction\",\"target\":{\"@type\":\"EntryPoint\",\"urlTemplate\":\"https:\\\/\\\/gardeon.pl\\\/?s={search_term_string}\"},\"query-input\":{\"@type\":\"PropertyValueSpecification\",\"valueRequired\":true,\"valueName\":\"search_term_string\"}}],\"inLanguage\":\"pl-PL\"},{\"@type\":\"Person\",\"@id\":\"https:\\\/\\\/gardeon.pl\\\/#\\\/schema\\\/person\\\/a5762ca5f0790bf92774af0899379463\",\"name\":\"editor\",\"image\":{\"@type\":\"ImageObject\",\"inLanguage\":\"pl-PL\",\"@id\":\"https:\\\/\\\/secure.gravatar.com\\\/avatar\\\/2b748151c2c748327307fd289a91b3bdafdd9e64e2d000e65e53d6dcf11c5830?s=96&d=mm&r=g\",\"url\":\"https:\\\/\\\/secure.gravatar.com\\\/avatar\\\/2b748151c2c748327307fd289a91b3bdafdd9e64e2d000e65e53d6dcf11c5830?s=96&d=mm&r=g\",\"contentUrl\":\"https:\\\/\\\/secure.gravatar.com\\\/avatar\\\/2b748151c2c748327307fd289a91b3bdafdd9e64e2d000e65e53d6dcf11c5830?s=96&d=mm&r=g\",\"caption\":\"editor\"}}]}<\/script>\n<!-- \/ Yoast SEO plugin. -->","yoast_head_json":{"title":"Najpi\u0119kniejsze ogrody \u015bwiata, kt\u00f3re warto odwiedzi\u0107 | GARDEON","robots":{"index":"index","follow":"follow","max-snippet":"max-snippet:-1","max-image-preview":"max-image-preview:large","max-video-preview":"max-video-preview:-1"},"canonical":"https:\/\/gardeon.pl\/pl\/blog\/najpiekniejsze-ogrody-swiata-ktore-warto-odwiedzic\/","og_locale":"pl_PL","og_type":"article","og_title":"Najpi\u0119kniejsze ogrody \u015bwiata, kt\u00f3re warto odwiedzi\u0107 | GARDEON","og_description":"Czy chcieliby Pa\u0144stwo mie\u0107 przy domu ogr\u00f3d, kt\u00f3ry zachwyci ka\u017cdego? Inspiracji na ciekawe elementy mo\u017cna szuka\u0107 tak\u017ce w s\u0142ynnych historycznych ogrodach i parkach z ca\u0142ego \u015bwiata, kt\u00f3re do dzi\u015b wp\u0142ywaj\u0105 na nowoczesne projektowanie ogrod\u00f3w. Przedstawimy Pa\u0144stwu te najpi\u0119kniejsze. Villa d\u2019Este, Tivoli, W\u0142ochy Gdy w 1550 roku kardyna\u0142a Ippolita II d\u2019Este nie wybrano na papie\u017ca, zosta\u0142 [&hellip;]","og_url":"https:\/\/gardeon.pl\/pl\/blog\/najpiekniejsze-ogrody-swiata-ktore-warto-odwiedzic\/","og_site_name":"GARDEON","article_published_time":"2026-04-23T17:03:26+00:00","og_image":[{"width":1688,"height":1125,"url":"http:\/\/gardeon.pl\/wp-content\/uploads\/2020\/07\/najkrajsie-svetove-zahrady-4.jpeg","type":"image\/jpeg"}],"author":"editor","twitter_card":"summary_large_image","twitter_misc":{"Napisane przez":"editor","Szacowany czas czytania":"5 minut"},"schema":{"@context":"https:\/\/schema.org","@graph":[{"@type":"Article","@id":"https:\/\/gardeon.pl\/pl\/blog\/najpiekniejsze-ogrody-swiata-ktore-warto-odwiedzic\/#article","isPartOf":{"@id":"https:\/\/gardeon.pl\/pl\/blog\/najpiekniejsze-ogrody-swiata-ktore-warto-odwiedzic\/"},"author":{"name":"editor","@id":"https:\/\/gardeon.pl\/#\/schema\/person\/a5762ca5f0790bf92774af0899379463"},"headline":"Najpi\u0119kniejsze ogrody \u015bwiata, kt\u00f3re warto odwiedzi\u0107","datePublished":"2026-04-23T17:03:26+00:00","mainEntityOfPage":{"@id":"https:\/\/gardeon.pl\/pl\/blog\/najpiekniejsze-ogrody-swiata-ktore-warto-odwiedzic\/"},"wordCount":1085,"commentCount":0,"image":{"@id":"https:\/\/gardeon.pl\/pl\/blog\/najpiekniejsze-ogrody-swiata-ktore-warto-odwiedzic\/#primaryimage"},"thumbnailUrl":"https:\/\/gardeon.pl\/wp-content\/uploads\/2020\/07\/najkrajsie-svetove-zahrady-4.jpeg","keywords":["Alhambra i Generalife","altana","Anglia","Apeldoorn","domek ogrodowy","Grenada","Hiszpania","Holandia","Japonia","Kioto","Kyoto","ogr\u00f3d kamienny Ryoanji","Oxfordshire","Pal\u00e1c Het Loo","pergola ogrodowa","Rousham Park","Tivoli","Villa d\u2019Este","W\u0142ochy"],"articleSection":["Ogr\u00f3d"],"inLanguage":"pl-PL","potentialAction":[{"@type":"CommentAction","name":"Comment","target":["https:\/\/gardeon.pl\/pl\/blog\/najpiekniejsze-ogrody-swiata-ktore-warto-odwiedzic\/#respond"]}]},{"@type":"WebPage","@id":"https:\/\/gardeon.pl\/pl\/blog\/najpiekniejsze-ogrody-swiata-ktore-warto-odwiedzic\/","url":"https:\/\/gardeon.pl\/pl\/blog\/najpiekniejsze-ogrody-swiata-ktore-warto-odwiedzic\/","name":"Najpi\u0119kniejsze ogrody \u015bwiata, kt\u00f3re warto odwiedzi\u0107 | GARDEON","isPartOf":{"@id":"https:\/\/gardeon.pl\/#website"},"primaryImageOfPage":{"@id":"https:\/\/gardeon.pl\/pl\/blog\/najpiekniejsze-ogrody-swiata-ktore-warto-odwiedzic\/#primaryimage"},"image":{"@id":"https:\/\/gardeon.pl\/pl\/blog\/najpiekniejsze-ogrody-swiata-ktore-warto-odwiedzic\/#primaryimage"},"thumbnailUrl":"https:\/\/gardeon.pl\/wp-content\/uploads\/2020\/07\/najkrajsie-svetove-zahrady-4.jpeg","datePublished":"2026-04-23T17:03:26+00:00","author":{"@id":"https:\/\/gardeon.pl\/#\/schema\/person\/a5762ca5f0790bf92774af0899379463"},"breadcrumb":{"@id":"https:\/\/gardeon.pl\/pl\/blog\/najpiekniejsze-ogrody-swiata-ktore-warto-odwiedzic\/#breadcrumb"},"inLanguage":"pl-PL","potentialAction":[{"@type":"ReadAction","target":["https:\/\/gardeon.pl\/pl\/blog\/najpiekniejsze-ogrody-swiata-ktore-warto-odwiedzic\/"]}]},{"@type":"ImageObject","inLanguage":"pl-PL","@id":"https:\/\/gardeon.pl\/pl\/blog\/najpiekniejsze-ogrody-swiata-ktore-warto-odwiedzic\/#primaryimage","url":"https:\/\/gardeon.pl\/wp-content\/uploads\/2020\/07\/najkrajsie-svetove-zahrady-4.jpeg","contentUrl":"https:\/\/gardeon.pl\/wp-content\/uploads\/2020\/07\/najkrajsie-svetove-zahrady-4.jpeg","width":1688,"height":1125,"caption":"Alhambra i Generalife, Grenada, Hiszpania"},{"@type":"BreadcrumbList","@id":"https:\/\/gardeon.pl\/pl\/blog\/najpiekniejsze-ogrody-swiata-ktore-warto-odwiedzic\/#breadcrumb","itemListElement":[{"@type":"ListItem","position":1,"name":"Domov","item":"https:\/\/gardeon.pl\/pl\/"},{"@type":"ListItem","position":2,"name":"Najpi\u0119kniejsze ogrody \u015bwiata, kt\u00f3re warto odwiedzi\u0107"}]},{"@type":"WebSite","@id":"https:\/\/gardeon.pl\/#website","url":"https:\/\/gardeon.pl\/","name":"GARDEON","description":"","potentialAction":[{"@type":"SearchAction","target":{"@type":"EntryPoint","urlTemplate":"https:\/\/gardeon.pl\/?s={search_term_string}"},"query-input":{"@type":"PropertyValueSpecification","valueRequired":true,"valueName":"search_term_string"}}],"inLanguage":"pl-PL"},{"@type":"Person","@id":"https:\/\/gardeon.pl\/#\/schema\/person\/a5762ca5f0790bf92774af0899379463","name":"editor","image":{"@type":"ImageObject","inLanguage":"pl-PL","@id":"https:\/\/secure.gravatar.com\/avatar\/2b748151c2c748327307fd289a91b3bdafdd9e64e2d000e65e53d6dcf11c5830?s=96&d=mm&r=g","url":"https:\/\/secure.gravatar.com\/avatar\/2b748151c2c748327307fd289a91b3bdafdd9e64e2d000e65e53d6dcf11c5830?s=96&d=mm&r=g","contentUrl":"https:\/\/secure.gravatar.com\/avatar\/2b748151c2c748327307fd289a91b3bdafdd9e64e2d000e65e53d6dcf11c5830?s=96&d=mm&r=g","caption":"editor"}}]}},"_links":{"self":[{"href":"https:\/\/gardeon.pl\/pl\/wp-json\/wp\/v2\/posts\/46262","targetHints":{"allow":["GET"]}}],"collection":[{"href":"https:\/\/gardeon.pl\/pl\/wp-json\/wp\/v2\/posts"}],"about":[{"href":"https:\/\/gardeon.pl\/pl\/wp-json\/wp\/v2\/types\/post"}],"author":[{"embeddable":true,"href":"https:\/\/gardeon.pl\/pl\/wp-json\/wp\/v2\/users\/2"}],"replies":[{"embeddable":true,"href":"https:\/\/gardeon.pl\/pl\/wp-json\/wp\/v2\/comments?post=46262"}],"version-history":[{"count":0,"href":"https:\/\/gardeon.pl\/pl\/wp-json\/wp\/v2\/posts\/46262\/revisions"}],"wp:featuredmedia":[{"embeddable":true,"href":"https:\/\/gardeon.pl\/pl\/wp-json\/wp\/v2\/media\/46265"}],"wp:attachment":[{"href":"https:\/\/gardeon.pl\/pl\/wp-json\/wp\/v2\/media?parent=46262"}],"wp:term":[{"taxonomy":"category","embeddable":true,"href":"https:\/\/gardeon.pl\/pl\/wp-json\/wp\/v2\/categories?post=46262"},{"taxonomy":"post_tag","embeddable":true,"href":"https:\/\/gardeon.pl\/pl\/wp-json\/wp\/v2\/tags?post=46262"}],"curies":[{"name":"wp","href":"https:\/\/api.w.org\/{rel}","templated":true}]}}