{"id":46273,"date":"2026-04-23T19:03:26","date_gmt":"2026-04-23T17:03:26","guid":{"rendered":"https:\/\/gardeon.pl\/?p=46273"},"modified":"2026-04-23T19:03:26","modified_gmt":"2026-04-23T17:03:26","slug":"jak-wybrac-rower-elektryczny-nie-kupuj-pierwszego-ktory-wpadnie-panu-pani-w-oko","status":"publish","type":"post","link":"https:\/\/gardeon.pl\/pl\/blog\/jak-wybrac-rower-elektryczny-nie-kupuj-pierwszego-ktory-wpadnie-panu-pani-w-oko\/","title":{"rendered":"Jak wybra\u0107 rower elektryczny? Nie kupuj pierwszego, kt\u00f3ry wpadnie Panu\/Pani w oko"},"content":{"rendered":"<p><em>Planuje Pan\/Pani przemierza\u0107 okolic\u0119, ale brakuje kondycji? A mo\u017ce ma Pan\/Pani ochot\u0119 bardziej cieszy\u0107 si\u0119 widokami mijanego krajobrazu i mniej skupia\u0107 si\u0119 na tym, czy ma Pan\/Pani jeszcze si\u0142\u0119? W takim razie jest Pan\/Pani idealnym kandydatem do zakupu roweru elektrycznego. Kt\u00f3ry jednak b\u0119dzie dla Pana\/Pani najodpowiedniejszy?   <span class=\"Apple-converted-space\"> <\/span><\/em><\/p>\n<p><!--more--><\/p>\n<p><em>Na pocz\u0105tek warto powiedzie\u0107, \u017ce rower elektryczny nie jest samochodem, motocyklem ani ma\u0142\u0105 os\u0105 o nazwie skuter. To najwa\u017cniejsza informacja. Oznacza to, \u017ce nie pojedzie bez peda\u0142owania. Czyli i tak trzeba peda\u0142owa\u0107. Czasem nawet tak, \u017ce czuje si\u0119 to w nogach. Zatem \u017cadnych \u017cart\u00f3w o e-rowerzystach \u2014 to naprawd\u0119 nie s\u0105 \u017cadni lenie bez kondycji. My powiedzieliby\u015bmy, \u017ce to nowocze\u015bni ludzie, kt\u00f3rzy wiedz\u0105, co jest dobre, i potrafi\u0105 si\u0119 tym odpowiednio cieszy\u0107. \u263a A na to musz\u0105 oszcz\u0119dzi\u0107 troch\u0119 energii gdzie indziej. \u263a<\/em><\/p>\n<p><img loading=\"lazy\" decoding=\"async\" class=\"aligncenter wp-image-26813\" src=\"http:\/\/gardeon.pl\/wp-content\/uploads\/2020\/06\/Montjuic-ebike-4.jpg\" alt=\"M\u0119\u017cczyzna na rowerze\" width=\"800\" height=\"533\" srcset=\"https:\/\/gardeon.pl\/wp-content\/uploads\/2020\/06\/Montjuic-ebike-4.jpg 1080w, https:\/\/gardeon.pl\/wp-content\/uploads\/2020\/06\/Montjuic-ebike-4-300x200.jpg 300w, https:\/\/gardeon.pl\/wp-content\/uploads\/2020\/06\/Montjuic-ebike-4-1024x683.jpg 1024w, https:\/\/gardeon.pl\/wp-content\/uploads\/2020\/06\/Montjuic-ebike-4-768x512.jpg 768w\" sizes=\"auto, (max-width: 800px) 100vw, 800px\" \/><\/p>\n<p>Rower elektryczny to zatem klasyczny rower, kt\u00f3ry ma zintegrowany system nap\u0119du elektrycznego wspomagaj\u0105cy peda\u0142owanie. W por\u00f3wnaniu z klasycznym rowerem je\u017adzi si\u0119 wi\u0119c znacznie wygodniej i bez wi\u0119kszego wysi\u0142ku. Pewien wysi\u0142ek jednak \u2014 jak ju\u017c napisali\u015bmy wy\u017cej \u2014 trzeba w\u0142o\u017cy\u0107. Standardowe rowery elektryczne oferuj\u0105 3\u20135 poziom\u00f3w intensywno\u015bci wspomagania. Nap\u0119d elektryczny mo\u017cna te\u017c ca\u0142kowicie wy\u0142\u0105czy\u0107, zachowuj\u0105c funkcj\u0119 klasycznego roweru. Przejd\u017amy teraz do typ\u00f3w rower\u00f3w elektrycznych. To one interesuj\u0105 nas najbardziej, aby m\u00f3c spo\u015br\u00f3d nich wybra\u0107.      <\/p>\n<p><a href=\"https:\/\/www.flexihub.com\/ebike-remote-support.html\"><img loading=\"lazy\" decoding=\"async\" class=\"aligncenter wp-image-26801\" src=\"http:\/\/gardeon.pl\/wp-content\/uploads\/2020\/06\/ebike.jpg\" alt=\"Rower elektryczny\" width=\"800\" height=\"425\" srcset=\"https:\/\/gardeon.pl\/wp-content\/uploads\/2020\/06\/ebike.jpg 800w, https:\/\/gardeon.pl\/wp-content\/uploads\/2020\/06\/ebike-300x159.jpg 300w, https:\/\/gardeon.pl\/wp-content\/uploads\/2020\/06\/ebike-768x408.jpg 768w\" sizes=\"auto, (max-width: 800px) 100vw, 800px\" \/><\/a><\/p>\n<h2>Typy rower\u00f3w elektrycznych<\/h2>\n<h3>Do miasta<\/h3>\n<p>Te rowery elektryczne maj\u0105 konstrukcj\u0119 z niskim przekrokiem. Jest to korzystne dla bezpiecznej jazdy w ruchu miejskim oraz cz\u0119stego wsiadania i zsiadania. Zapewnia te\u017c wi\u0119ksz\u0105 pewno\u015b\u0107 pod stopami. S\u0105 wyposa\u017cone w komplet akcesori\u00f3w \u2014 b\u0142otniki, podp\u00f3rk\u0119, o\u015bwietlenie, a cz\u0119sto tak\u017ce tylny baga\u017cnik. Je\u015bli chcia\u0142(a)by Pan\/Pani je\u017adzi\u0107 nim na zakupy, przyda si\u0119 r\u00f3wnie\u017c przedni, zdejmowany koszyk. Je\u015bli chce Pan\/Pani parkowa\u0107 go w mniejszym gara\u017cu miejskim, prosz\u0119 umie\u015bci\u0107 \u0142adowark\u0119 tak, aby nie trzeba by\u0142o przerywa\u0107 \u0142adowania z powodu wjazdu samochodu.     <\/p>\n<p>Prosz\u0119 te\u017c pami\u0119ta\u0107, \u017ce od tego roweru mo\u017cna bardzo szybko si\u0119 uzale\u017cni\u0107. Do sklepu spo\u017cywczego te\u017c nie p\u00f3jdzie Pan\/Pani ju\u017c pieszo. Naprawd\u0119 b\u0119dzie Pan\/Pani korzysta\u0107 z niego codziennie. Dlatego prosz\u0119 wszystko zorganizowa\u0107 tak, aby podczas wyje\u017cd\u017cania nie porysowa\u0107 niepotrzebnie ani roweru elektrycznego, ani samochodu \u2014 na przyk\u0142ad je\u015bli parkuje Pan\/Pani je w tej samej przestrzeni. Je\u015bli dopiero rozwa\u017ca Pan\/Pani miejsce parkingowe dla swojego ulubie\u0144ca, nasze <a href=\"https:\/\/gardeon.pl\/pl\/kontakt\/\">centrum obs\u0142ugi klienta<\/a> pozostaje do dyspozycji. To r\u00f3wnie\u017c tematy, w kt\u00f3rych ch\u0119tnie pomagamy naszym klientom znale\u017a\u0107 rozwi\u0105zania.     <\/p>\n<p>Zaleta: dojazd do pracy lub na zakupy bez pocenia si\u0119 i wysi\u0142ku<\/p>\n<p><img loading=\"lazy\" decoding=\"async\" class=\"aligncenter wp-image-26811\" src=\"http:\/\/gardeon.pl\/wp-content\/uploads\/2020\/06\/mestsky-e-bike-lapierre-overvolt-urban-34-n_v.jpg\" alt=\"Rower Lapierre\" width=\"800\" height=\"600\" srcset=\"https:\/\/gardeon.pl\/wp-content\/uploads\/2020\/06\/mestsky-e-bike-lapierre-overvolt-urban-34-n_v.jpg 1067w, https:\/\/gardeon.pl\/wp-content\/uploads\/2020\/06\/mestsky-e-bike-lapierre-overvolt-urban-34-n_v-300x225.jpg 300w, https:\/\/gardeon.pl\/wp-content\/uploads\/2020\/06\/mestsky-e-bike-lapierre-overvolt-urban-34-n_v-1024x768.jpg 1024w, https:\/\/gardeon.pl\/wp-content\/uploads\/2020\/06\/mestsky-e-bike-lapierre-overvolt-urban-34-n_v-768x576.jpg 768w\" sizes=\"auto, (max-width: 800px) 100vw, 800px\" \/><\/p>\n<h3>Na lekki teren lub na drog\u0119<\/h3>\n<p>Mo\u017ce Pan\/Pani wybra\u0107 rower trekkingowy lub crossowy. R\u00f3\u017cnica polega na tym, \u017ce trekkingowy rower elektryczny jest dodatkowo wyposa\u017cony w akcesoria \u2014 b\u0142otniki, o\u015bwietlenie, podp\u00f3rk\u0119 i baga\u017cnik. Te rowery elektryczne stanowi\u0105 kompromis mi\u0119dzy g\u00f3rskimi a miejskimi rowerami elektrycznymi i s\u0105 odpowiednie zw\u0142aszcza do d\u0142u\u017cszych podr\u00f3\u017cy w lekkim terenie lub po drodze. Mo\u017cna je r\u00f3wnie\u017c wykorzysta\u0107 do treningu i spalania t\u0142uszczu.   <span class=\"Apple-converted-space\"> <\/span><\/p>\n<p>Zaleta \u2013 ustawienie r\u00f3\u017cnej intensywno\u015bci wspomagania i optymalizacja t\u0119tna.<span class=\"Apple-converted-space\"> <\/span><\/p>\n<p><img loading=\"lazy\" decoding=\"async\" class=\"aligncenter wp-image-26807\" src=\"http:\/\/gardeon.pl\/wp-content\/uploads\/2020\/06\/f3397683f1b2fd5e85adb8e19f6f8c31.jpg\" alt=\"Rower elektryczny\" width=\"800\" height=\"528\" srcset=\"https:\/\/gardeon.pl\/wp-content\/uploads\/2020\/06\/f3397683f1b2fd5e85adb8e19f6f8c31.jpg 950w, https:\/\/gardeon.pl\/wp-content\/uploads\/2020\/06\/f3397683f1b2fd5e85adb8e19f6f8c31-300x198.jpg 300w, https:\/\/gardeon.pl\/wp-content\/uploads\/2020\/06\/f3397683f1b2fd5e85adb8e19f6f8c31-768x507.jpg 768w\" sizes=\"auto, (max-width: 800px) 100vw, 800px\" \/><\/p>\n<h3><b>W teren i w g\u00f3ry<\/b><\/h3>\n<p>G\u00f3rskie rowery elektryczne wyr\u00f3\u017cniaj\u0105 si\u0119 przede wszystkim wytrzyma\u0142\u0105 konstrukcj\u0105 oraz zwi\u0119kszon\u0105 moc\u0105 silnika, kt\u00f3ry pomaga nawet w najtrudniejszym terenie. Wa\u017cne jest tu odpowiednie wywa\u017cenie roweru, dlatego akumulatory najcz\u0119\u015bciej montuje si\u0119 na dolnej rurze ramy zamiast w miejscu bidonu. W ostatnim czasie te typy rower\u00f3w elektrycznych s\u0105 coraz mocniejsze, dzi\u0119ki czemu pokonywanie wymagaj\u0105cych podjazd\u00f3w jest przyjemniejsze dla mniej do\u015bwiadczonych rowerzyst\u00f3w. Do najtrudniejszego, nier\u00f3wnego terenu sprzedawcy oferuj\u0105 tak\u017ce rowery elektryczne z pe\u0142nym zawieszeniem.   <\/p>\n<p>W kolejnym odcinku tematu: Jak wybra\u0107 rower elektryczny, b\u0119dziemy m\u00f3wi\u0107 o \u0142adowarkach. O nich r\u00f3wnie\u017c warto zna\u0107 kilka podstawowych informacji, aby m\u00f3c dobrze wybra\u0107 odpowiedni e-bike dla siebie i swoich bliskich. <span class=\"Apple-converted-space\"> <\/span><\/p>\n<p><img loading=\"lazy\" decoding=\"async\" class=\"aligncenter wp-image-26809\" src=\"http:\/\/gardeon.pl\/wp-content\/uploads\/2020\/06\/MACINA_SCOUT_271_1.jpg\" alt=\"Rower Macina Scout\" width=\"800\" height=\"520\" srcset=\"https:\/\/gardeon.pl\/wp-content\/uploads\/2020\/06\/MACINA_SCOUT_271_1.jpg 2500w, https:\/\/gardeon.pl\/wp-content\/uploads\/2020\/06\/MACINA_SCOUT_271_1-300x195.jpg 300w, https:\/\/gardeon.pl\/wp-content\/uploads\/2020\/06\/MACINA_SCOUT_271_1-1024x666.jpg 1024w, https:\/\/gardeon.pl\/wp-content\/uploads\/2020\/06\/MACINA_SCOUT_271_1-768x500.jpg 768w, https:\/\/gardeon.pl\/wp-content\/uploads\/2020\/06\/MACINA_SCOUT_271_1-1536x999.jpg 1536w, https:\/\/gardeon.pl\/wp-content\/uploads\/2020\/06\/MACINA_SCOUT_271_1-2048x1332.jpg 2048w\" sizes=\"auto, (max-width: 800px) 100vw, 800px\" \/><\/p>\n<h2>Akumulator \u2013 zasi\u0119g i pojemno\u015b\u0107<\/h2>\n<p>Mo\u017cna powiedzie\u0107, \u017ce akumulator jest najwa\u017cniejsz\u0105 cz\u0119\u015bci\u0105 roweru elektrycznego. Typ i pojemno\u015b\u0107 akumulatora okre\u015blaj\u0105, jaki zasi\u0119g ma rower elektryczny, ile ma cykli \u0142adowania oraz jaka jest jego ca\u0142kowita \u017cywotno\u015b\u0107. Dlatego przy wyborze roweru elektrycznego warto zwr\u00f3ci\u0107 uwag\u0119 na nast\u0119puj\u0105ce parametry:  <\/p>\n<h3>Zasi\u0119g, pojemno\u015b\u0107 i umiejscowienie akumulatora<\/h3>\n<p>Du\u017cy zasi\u0119g to jedno z najcz\u0119stszych wymaga\u0144 klient\u00f3w. Na zasi\u0119g \u2014 opr\u00f3cz pojemno\u015bci akumulatora \u2014 wp\u0142ywa tak\u017ce styl jazdy, teren, a nawet masa samego rowerzysty. Podawany zasi\u0119g jest u wi\u0119kszo\u015bci producent\u00f3w obliczany i testowany dla przeci\u0119tnej sylwetki o masie 80 kg, w terenie o \u015brednim stopniu trudno\u015bci, z podjazdami i zjazdami. Zasi\u0119g w tabeli ma wi\u0119c charakter orientacyjny dla akumulator\u00f3w o standardowym napi\u0119ciu 36 V.   <\/p>\n<h4>Zasi\u0119g w zale\u017cno\u015bci od pojemno\u015bci akumulatora:<\/h4>\n<p>\u2013 pojemno\u015b\u0107 akumulatora <b> 9-10Ah<\/b> \u2013 zasi\u0119g <b>50-80 km<\/b><br \/>\n\u2013 pojemno\u015b\u0107 akumulatora <b>11-12Ah<\/b> \u2013 zasi\u0119g <b>80-100 km<\/b><br \/>\n\u2013 pojemno\u015b\u0107 akumulatora <b>13-14Ah<\/b> \u2013 zasi\u0119g <b>100-120 km<\/b><br \/>\n\u2013 pojemno\u015b\u0107 akumulatora <b>15Ah i wi\u0119cej<\/b> \u2013 zasi\u0119g         <b>120 km i wi\u0119cej<\/b><\/p>\n<p><img loading=\"lazy\" decoding=\"async\" class=\"aligncenter wp-image-26795\" src=\"http:\/\/gardeon.pl\/wp-content\/uploads\/2020\/06\/23363-Bateria-24V-88Ah-211Wh-Bateria-Pre-E-Bike-Elektricky-Bicykel.jpg\" alt=\"Akumulator 24 V\" width=\"800\" height=\"600\" srcset=\"https:\/\/gardeon.pl\/wp-content\/uploads\/2020\/06\/23363-Bateria-24V-88Ah-211Wh-Bateria-Pre-E-Bike-Elektricky-Bicykel.jpg 800w, https:\/\/gardeon.pl\/wp-content\/uploads\/2020\/06\/23363-Bateria-24V-88Ah-211Wh-Bateria-Pre-E-Bike-Elektricky-Bicykel-300x225.jpg 300w, https:\/\/gardeon.pl\/wp-content\/uploads\/2020\/06\/23363-Bateria-24V-88Ah-211Wh-Bateria-Pre-E-Bike-Elektricky-Bicykel-768x576.jpg 768w\" sizes=\"auto, (max-width: 800px) 100vw, 800px\" \/><\/p>\n<h2>\u017bywotno\u015b\u0107 akumulatora i prawid\u0142owa piel\u0119gnacja akumulatora<\/h2>\n<p>Wsp\u00f3\u0142czesne rowery elektryczne wykorzystuj\u0105 nowoczesne typy akumulator\u00f3w litowych, tzw. Li-Pol, Phylion lub Li-Ion. Charakteryzuj\u0105 si\u0119 dobrym stosunkiem masy, pojemno\u015bci, \u017cywotno\u015bci i ceny. Napi\u0119cie akumulator\u00f3w wynosi zazwyczaj 24 V, 33 V lub 36 V. Obowi\u0105zuje zasada: im wy\u017csze napi\u0119cie, tym wi\u0119kszy zasi\u0119g. \u017bywotno\u015b\u0107 akumulatora zale\u017cy od sposobu u\u017cytkowania i piel\u0119gnacji. Mo\u017cna j\u0105 wyd\u0142u\u017cy\u0107, je\u015bli b\u0119dziemy dba\u0107 o akumulator prawid\u0142owo. W przypadku akumulator\u00f3w litowych idealne jest regularne \u0142adowanie do maksymalnej pojemno\u015bci po ka\u017cdej je\u017adzie.       <\/p>\n<p>Nie zaleca si\u0119 cz\u0119stego roz\u0142adowywania akumulatora do zera. Nie zaleca si\u0119 r\u00f3wnie\u017c przerywanego \u0142adowania. Akumulatorom litowym nie s\u0142u\u017c\u0105 ani zbyt wysokie, ani zbyt niskie temperatury, dlatego zalecamy nie wystawia\u0107 akumulator\u00f3w na temperatury powy\u017cej 35 \u00b0C ani poni\u017cej 0 \u00b0C. Czynniki te najbardziej wp\u0142ywaj\u0105 na \u017cywotno\u015b\u0107 akumulatora, dlatego cz\u0119sto zdarza si\u0119, \u017ce jego \u017cywotno\u015b\u0107 r\u00f3\u017cni si\u0119 od tej podawanej przez producenta. \u015arednio mo\u017cna powiedzie\u0107, \u017ce \u017cywotno\u015b\u0107 akumulatora wynosi 20 000\u201330 000 przejechanych km, okres u\u017cytkowania 4\u20138 lat lub 800\u20131000 cykli \u0142adowania.    <\/p>\n<p><img loading=\"lazy\" decoding=\"async\" class=\"aligncenter wp-image-26799\" src=\"http:\/\/gardeon.pl\/wp-content\/uploads\/2020\/06\/baterie1_872.jpg\" alt=\"Akumulatory\" width=\"800\" height=\"416\" srcset=\"https:\/\/gardeon.pl\/wp-content\/uploads\/2020\/06\/baterie1_872.jpg 872w, https:\/\/gardeon.pl\/wp-content\/uploads\/2020\/06\/baterie1_872-300x156.jpg 300w, https:\/\/gardeon.pl\/wp-content\/uploads\/2020\/06\/baterie1_872-768x399.jpg 768w\" sizes=\"auto, (max-width: 800px) 100vw, 800px\" \/><\/p>\n<h3>Czas \u0142adowania akumulatora<\/h3>\n<p>\u2013 na\u0142adowanie akumulatora do 50% pojemno\u015bci \u2013 oko\u0142o 1\u20132 godziny<br \/>\n\u2013 na\u0142adowanie akumulatora do 100% pojemno\u015bci \u2013 oko\u0142o 3\u20134 godziny<\/p>\n<h2><b>Umiejscowienie akumulatora<\/b><\/h2>\n<p><b><\/b>Umiejscowienie akumulatora jest wa\u017cnym czynnikiem, kt\u00f3ry wp\u0142ywa na sterowanie i zachowanie roweru.<\/p>\n<h3><b>Akumulator baga\u017cnikowy<\/b><\/h3>\n<p>Ten akumulator stosuje si\u0119 w miejskich i trekkingowych rowerach elektrycznych, gdzie zak\u0142ada si\u0119 u\u017cycie baga\u017cnika. Akumulator jest umieszczony pod baga\u017cnikiem, dzi\u0119ki czemu baga\u017cnik mo\u017cna standardowo wykorzysta\u0107 na koszyk lub torb\u0119. W tym typie umiejscowienia obs\u0142uga akumulatora jest prosta, co doceni Pan\/Pani przede wszystkim podczas \u0142adowania. Z punktu widzenia wywa\u017cenia roweru nie jest to jednak idealne rozwi\u0105zanie.   <\/p>\n<p><img loading=\"lazy\" decoding=\"async\" class=\"aligncenter wp-image-26803\" src=\"http:\/\/gardeon.pl\/wp-content\/uploads\/2020\/06\/ebike-635544_1920-k%C3%B3pia.jpg\" alt=\"Miejski rower elektryczny\" width=\"800\" height=\"534\"><\/p>\n<h3>Akumulator ramowy<\/h3>\n<p>Ten akumulator jest umieszczony na dolnej cz\u0119\u015bci ramy roweru, w miejscu przeznaczonym na bidon. Z punktu widzenia wywa\u017cenia roweru jest to najbardziej optymalne miejsce, dlatego ten typ najcz\u0119\u015bciej spotyka si\u0119 w g\u00f3rskich rowerach elektrycznych. Takie umiejscowienie akumulatora zapewnia r\u00f3wnie\u017c aerodynamiczny kszta\u0142t oraz estetyczny wygl\u0105d.  <\/p>\n<p><img loading=\"lazy\" decoding=\"async\" class=\"aligncenter wp-image-26805\" src=\"http:\/\/gardeon.pl\/wp-content\/uploads\/2020\/06\/electric-bike-5167701_1280-k%C3%B3pia.jpg\" alt=\"Rower elektryczny\" width=\"800\" height=\"533\"><\/p>\n<h3>Akumulator za sztyc\u0105<\/h3>\n<p>Ten akumulator mo\u017cna r\u00f3wnie\u017c uzna\u0107 za dobrze umiejscowiony z punktu widzenia wywa\u017cenia roweru, jednak kosztem wyd\u0142u\u017cenia ramy w tylnej cz\u0119\u015bci. Wyd\u0142u\u017cenie ramy skutkuje wyd\u0142u\u017ceniem \u0142a\u0144cucha, dlatego ten typ umiejscowienia akumulatora najcz\u0119\u015bciej spotyka si\u0119 w rowerach z jednym blatem z przodu. Ten typ cz\u0119sto wyst\u0119puje tak\u017ce w sk\u0142adanych rowerach elektrycznych.  <\/p>\n<h2>Typ, moc i umiejscowienie nap\u0119du elektrycznego<\/h2>\n<p>Silnik nap\u0119du elektrycznego, podobnie jak akumulator, jest jednym z najwa\u017cniejszych parametr\u00f3w wp\u0142ywaj\u0105cych na w\u0142a\u015bciwo\u015bci jezdne roweru elektrycznego. Rozr\u00f3\u017cniamy kilka podstawowych typ\u00f3w silnik\u00f3w, bior\u0105c pod uwag\u0119 moc, napi\u0119cie i umiejscowienie. Ka\u017cdy nap\u0119d ma okre\u015blone zalety, ale i wady, dlatego trudno jednoznacznie stwierdzi\u0107, kt\u00f3ry silnik jest najlepszy.  <\/p>\n<h3><strong>Moc silnika<\/strong><\/h3>\n<p>Standardowo stosuje si\u0119 silniki o mocy 250 W, poniewa\u017c zgodnie z przepisami ruchu drogowego jest to maksymalny limit spe\u0142niaj\u0105cy wymogi prawne dotycz\u0105ce u\u017cytkowania na drogach publicznych. Mo\u017cna jednak spotka\u0107 mocniejsze silniki, np. 350 W. W tych silnikach moc jest sztucznie ograniczana przez sterownik do wymaganych 250 W, aby rower elektryczny spe\u0142nia\u0142 przepisy. Jaka jest wi\u0119c zaleta mocniejszych silnik\u00f3w? Je\u015bli moc jest sztucznie ograniczana, silnik ma sta\u0142y zapas i nie jest tak obci\u0105\u017cany, co zwi\u0119ksza jego og\u00f3ln\u0105 \u017cywotno\u015b\u0107. Niekt\u00f3re g\u00f3rskie rowery elektryczne oferuj\u0105 jednak mo\u017cliwo\u015b\u0107 odblokowania tego ograniczenia mocy, dzi\u0119ki czemu mo\u017cna wykorzysta\u0107 pe\u0142n\u0105 moc silnika \u2014 ale wy\u0142\u0105cznie w terenie, poza drogami.      <\/p>\n<p><img loading=\"lazy\" decoding=\"async\" class=\"aligncenter wp-image-26821\" src=\"http:\/\/gardeon.pl\/wp-content\/uploads\/2020\/06\/yamaha-pw-te.jpg\" alt=\"Silnik elektryczny Yamaha do roweru\" width=\"800\" height=\"643\" srcset=\"https:\/\/gardeon.pl\/wp-content\/uploads\/2020\/06\/yamaha-pw-te.jpg 696w, https:\/\/gardeon.pl\/wp-content\/uploads\/2020\/06\/yamaha-pw-te-300x241.jpg 300w\" sizes=\"auto, (max-width: 800px) 100vw, 800px\" \/><\/p>\n<h4>Nap\u0119d elektryczny na przednim kole<\/h4>\n<p><b>zalety: <\/b>niska cena, r\u00f3wnomierny rozk\u0142ad masy<br \/>\n<b>wady<\/b>: odpowiednie tylko do jazdy po drodze<\/p>\n<p>Umiejscowienie silnika elektrycznego w przednim kole stosuje si\u0119 przede wszystkim w miejskich rowerach elektrycznych i sk\u0142adakach, w kt\u00f3rych zak\u0142ada si\u0119 u\u017cytkowanie wy\u0142\u0105cznie po utwardzonych drogach. Zalet\u0105 przedniego umiejscowienia jest r\u00f3wnomierny rozk\u0142ad masy \u2014 silnik z przodu r\u00f3wnowa\u017cy mas\u0119 akumulatora, kt\u00f3ry najcz\u0119\u015bciej znajduje si\u0119 z ty\u0142u pod baga\u017cnikiem. Kolejn\u0105 zalet\u0105 jest \u0142atwy monta\u017c nap\u0119du elektrycznego, co przek\u0142ada si\u0119 na ni\u017csz\u0105 cen\u0119. Nap\u0119d na przednim kole ma jednak r\u00f3wnie\u017c wady \u2014 jedn\u0105 z najcz\u0119\u015bciej wymienianych jest ryzyko po\u015blizgu przedniego ko\u0142a na \u015bliskim lub nier\u00f3wnym terenie. W\u0142a\u015bnie dlatego umiejscowienie silnika w przednim kole nie jest odpowiednie dla rower\u00f3w terenowych. Kolejn\u0105 wad\u0105 jest wi\u0119ksza masa przedniego ko\u0142a, co mo\u017ce by\u0107 odczuwalne zw\u0142aszcza podczas pokonywania kraw\u0119\u017cnik\u00f3w. Je\u015bli jednak planuje Pan\/Pani jazd\u0119 po mie\u015bcie i nie chce wydawa\u0107 zbyt du\u017co pieni\u0119dzy, nap\u0119d elektryczny na przednim kole b\u0119dzie dla Pana\/Pani idealnym wyborem.      <\/p>\n<p><img loading=\"lazy\" decoding=\"async\" class=\"aligncenter wp-image-26819\" src=\"http:\/\/gardeon.pl\/wp-content\/uploads\/2020\/06\/sun0swsk6lpldvvjcqz3_nowat.jpg\" alt=\"Rower elektryczny w stylu retro\" width=\"800\" height=\"572\" srcset=\"https:\/\/gardeon.pl\/wp-content\/uploads\/2020\/06\/sun0swsk6lpldvvjcqz3_nowat.jpg 680w, https:\/\/gardeon.pl\/wp-content\/uploads\/2020\/06\/sun0swsk6lpldvvjcqz3_nowat-300x214.jpg 300w\" sizes=\"auto, (max-width: 800px) 100vw, 800px\" \/><\/p>\n<h4>Nap\u0119d elektryczny na tylnym kole<\/h4>\n<p><b>zalety: <\/b>dobre przenoszenie momentu obrotowego, odpowiednie tak\u017ce do terenu<b><br \/>\nwady<\/b>: wi\u0119ksza masa roweru w tylnej cz\u0119\u015bci (brak wywa\u017cenia)<\/p>\n<p>G\u0142\u00f3wna zaleta nap\u0119du elektrycznego na tylnym kole polega na lepszym przenoszeniu momentu obrotowego, dzi\u0119ki czemu nawet w terenie nie dochodzi do po\u015blizgu ko\u0142a. \u0141atwiejsza jest r\u00f3wnie\u017c manipulacja przednim ko\u0142em, np. podczas pokonywania kraw\u0119\u017cnika. Zalet\u0105 \u2014 podobnie jak w przypadku umiejscowienia na przednim kole \u2014 jest ni\u017csza cena. Wad\u0105 jest natomiast nier\u00f3wnomierne wywa\u017cenie roweru, co prowadzi do wi\u0119kszego obci\u0105\u017cenia komponent\u00f3w w tylnej cz\u0119\u015bci roweru elektrycznego i mo\u017ce skutkowa\u0107 szybszym zu\u017cyciem niekt\u00f3rych element\u00f3w. Je\u015bli planuje Pan\/Pani jazd\u0119 po drodze, ale jednocze\u015bnie tak\u017ce w lekkim terenie, nap\u0119d elektryczny na tylnym kole b\u0119dzie idealnym wyborem.     <\/p>\n<h4>Nap\u0119d elektryczny w \u015brodku roweru<\/h4>\n<p><b>zalety:<\/b> idealne wywa\u017cenie roweru, wysoka efektywno\u015b\u0107 silnika, odpowiednie tak\u017ce do wymagaj\u0105cego terenu<br \/>\n<b>wady:<\/b> wy\u017csza cena<\/p>\n<p>Nap\u0119d elektryczny umieszczony w \u015brodku roweru jest z punktu widzenia wywa\u017cenia i w\u0142a\u015bciwo\u015bci jezdnych najbardziej optymalnym wyborem. Takie umiejscowienie zapewnia wysok\u0105 moc silnika oraz natychmiastow\u0105 reakcj\u0119 wspomagania podczas peda\u0142owania. Dzi\u0119ki optymalnie ustawionym obrotom silnika zasi\u0119g mo\u017ce wyd\u0142u\u017cy\u0107 si\u0119 nawet o 20%. G\u0142\u00f3wn\u0105 wad\u0105 jest jednak wysoka cena, dlatego te nap\u0119dy montuje si\u0119 przede wszystkim w rowerach elektrycznych z wy\u017cszej p\u00f3\u0142ki. Ten typ jest szczeg\u00f3lnie odpowiedni dla g\u00f3rskich rower\u00f3w elektrycznych, kt\u00f3rymi planuje Pan\/Pani pokonywa\u0107 najtrudniejszy teren.    <\/p>\n<p><img loading=\"lazy\" decoding=\"async\" class=\"aligncenter wp-image-26817\" src=\"http:\/\/gardeon.pl\/wp-content\/uploads\/2020\/06\/QS-205-V3-5KW-Ebike-Hub-Motor-Elektrische-Fahrrad-BLDC-Rad-Motor-5000W-F-r-Elektrische.jpg\" alt=\"Silnik do roweru elektrycznego\" width=\"800\" height=\"800\" srcset=\"https:\/\/gardeon.pl\/wp-content\/uploads\/2020\/06\/QS-205-V3-5KW-Ebike-Hub-Motor-Elektrische-Fahrrad-BLDC-Rad-Motor-5000W-F-r-Elektrische.jpg 800w, https:\/\/gardeon.pl\/wp-content\/uploads\/2020\/06\/QS-205-V3-5KW-Ebike-Hub-Motor-Elektrische-Fahrrad-BLDC-Rad-Motor-5000W-F-r-Elektrische-300x300.jpg 300w, https:\/\/gardeon.pl\/wp-content\/uploads\/2020\/06\/QS-205-V3-5KW-Ebike-Hub-Motor-Elektrische-Fahrrad-BLDC-Rad-Motor-5000W-F-r-Elektrische-150x150.jpg 150w, https:\/\/gardeon.pl\/wp-content\/uploads\/2020\/06\/QS-205-V3-5KW-Ebike-Hub-Motor-Elektrische-Fahrrad-BLDC-Rad-Motor-5000W-F-r-Elektrische-768x768.jpg 768w\" sizes=\"auto, (max-width: 800px) 100vw, 800px\" \/><\/p>\n<h2>Inne wa\u017cne informacje<\/h2>\n<h3>Tryby jazdy<\/h3>\n<p>Liczba tryb\u00f3w w rowerze elektrycznym wynosi zazwyczaj 3\u20135. Jednak nie jest ona tak wa\u017cna jak sam typ nap\u0119du opisany powy\u017cej. Og\u00f3lnie obowi\u0105zuje zasada: im wi\u0119cej tryb\u00f3w, tym p\u0142ynniej mo\u017cna ustawi\u0107 wspomaganie peda\u0142owania. Zasada dzia\u0142ania tryb\u00f3w polega na r\u00f3\u017cnej sile wspomagania podczas peda\u0142owania. Po wybraniu danego trybu silnik pomaga rowerzy\u015bcie w momencie, gdy naciska on na peda\u0142y \u2014 z si\u0142\u0105 zale\u017cn\u0105 od wybranego trybu.    <\/p>\n<h3>Rozmiar roweru elektrycznego<\/h3>\n<p>Idealny rozmiar roweru elektrycznego dobiera si\u0119 tak samo jak w przypadku klasycznego roweru, czyli na podstawie wzrostu, ewentualnie d\u0142ugo\u015bci n\u00f3g.<\/p>\n<p><img loading=\"lazy\" decoding=\"async\" class=\"aligncenter wp-image-26815\" src=\"http:\/\/gardeon.pl\/wp-content\/uploads\/2020\/06\/Moustache-Samedi-26-OFF-800x800-1-768x768-1.jpg\" alt=\"Rower Moustache Samedi\" width=\"800\" height=\"800\" srcset=\"https:\/\/gardeon.pl\/wp-content\/uploads\/2020\/06\/Moustache-Samedi-26-OFF-800x800-1-768x768-1.jpg 768w, https:\/\/gardeon.pl\/wp-content\/uploads\/2020\/06\/Moustache-Samedi-26-OFF-800x800-1-768x768-1-300x300.jpg 300w, https:\/\/gardeon.pl\/wp-content\/uploads\/2020\/06\/Moustache-Samedi-26-OFF-800x800-1-768x768-1-150x150.jpg 150w\" sizes=\"auto, (max-width: 800px) 100vw, 800px\" \/><\/p>\n<h3>No\u015bno\u015b\u0107 roweru elektrycznego<\/h3>\n<p>Obecnie wi\u0119kszo\u015b\u0107 rower\u00f3w elektrycznych ma do\u015b\u0107 wysok\u0105 no\u015bno\u015b\u0107, w zakresie 120\u2013150 kg.<\/p>\n<h3>Masa roweru elektrycznego<\/h3>\n<p>Znaczn\u0105 cz\u0119\u015b\u0107 masy rower\u00f3w elektrycznych stanowi sam akumulator, kt\u00f3ry wa\u017cy oko\u0142o 4\u20135 kg. Podobnie nale\u017cy doliczy\u0107 dodatkowe 2\u20134 kg za silnik. Standardowo masa rower\u00f3w elektrycznych wynosi oko\u0142o 21\u201326 kg.  <\/p>\n<h5>\u0179r\u00f3d\u0142o (Source):<\/h5>\n<h5>https:\/\/www.mhw-bike.com\/<\/h5>\n<h5>https:\/\/www.excursionsbarcelona.com\/<\/h5>\n<h5>https:\/\/www.flexihub.com\/<\/h5>\n<h5>http:\/\/www.procycling.sk\/sk\/<\/h5>\n<h5>https:\/\/elektrobicykle.heureka.sk\/<\/h5>\n<h5>https:\/\/ebike-expert.sk\/<\/h5>\n<h5>https:\/\/energyboss.sk\/<\/h5>\n<h5>https:\/\/www.pcrevue.sk\/<\/h5>\n<h5>https:\/\/pixabay.com\/sk\/<\/h5>\n<h5>https:\/\/www.ebajk.sk\/<\/h5>\n<h5>https:\/\/touchit.sk\/<\/h5>\n<h5>https:\/\/de.aliexpress.com\/<\/h5>\n","protected":false},"excerpt":{"rendered":"<p>Planuje Pan\/Pani przemierza\u0107 okolic\u0119, ale brakuje kondycji? A mo\u017ce ma Pan\/Pani ochot\u0119 bardziej cieszy\u0107 si\u0119 widokami mijanego krajobrazu i mniej skupia\u0107 si\u0119 na tym, czy ma Pan\/Pani jeszcze si\u0142\u0119? W takim razie jest Pan\/Pani idealnym kandydatem do zakupu roweru elektrycznego. Kt\u00f3ry jednak b\u0119dzie dla Pana\/Pani najodpowiedniejszy?<\/p>\n","protected":false},"author":2,"featured_media":46275,"comment_status":"open","ping_status":"open","sticky":false,"template":"","format":"standard","meta":{"_acf_changed":false,"inline_featured_image":false,"footnotes":""},"categories":[594],"tags":[],"class_list":["post-46273","post","type-post","status-publish","format-standard","has-post-thumbnail","hentry","category-ogrod"],"acf":[],"yoast_head":"<!-- This site is optimized with the Yoast SEO plugin v27.4 - https:\/\/yoast.com\/product\/yoast-seo-wordpress\/ -->\n<title>Jak wybra\u0107 rower elektryczny? Nie kupuj pierwszego, kt\u00f3ry wpadnie Panu\/Pani w oko - GARDEON<\/title>\n<meta name=\"robots\" content=\"index, follow, max-snippet:-1, max-image-preview:large, max-video-preview:-1\" \/>\n<link rel=\"canonical\" href=\"https:\/\/gardeon.pl\/pl\/blog\/jak-wybrac-rower-elektryczny-nie-kupuj-pierwszego-ktory-wpadnie-panu-pani-w-oko\/\" \/>\n<meta property=\"og:locale\" content=\"pl_PL\" \/>\n<meta property=\"og:type\" content=\"article\" \/>\n<meta property=\"og:title\" content=\"Jak wybra\u0107 rower elektryczny? Nie kupuj pierwszego, kt\u00f3ry wpadnie Panu\/Pani w oko - GARDEON\" \/>\n<meta property=\"og:description\" content=\"Planuje Pan\/Pani przemierza\u0107 okolic\u0119, ale brakuje kondycji? A mo\u017ce ma Pan\/Pani ochot\u0119 bardziej cieszy\u0107 si\u0119 widokami mijanego krajobrazu i mniej skupia\u0107 si\u0119 na tym, czy ma Pan\/Pani jeszcze si\u0142\u0119? W takim razie jest Pan\/Pani idealnym kandydatem do zakupu roweru elektrycznego. Kt\u00f3ry jednak b\u0119dzie dla Pana\/Pani najodpowiedniejszy?\" \/>\n<meta property=\"og:url\" content=\"https:\/\/gardeon.pl\/pl\/blog\/jak-wybrac-rower-elektryczny-nie-kupuj-pierwszego-ktory-wpadnie-panu-pani-w-oko\/\" \/>\n<meta property=\"og:site_name\" content=\"GARDEON\" \/>\n<meta property=\"article:published_time\" content=\"2026-04-23T17:03:26+00:00\" \/>\n<meta property=\"og:image\" content=\"http:\/\/gardeon.pl\/wp-content\/uploads\/2020\/06\/578545-Diamant-Juna-Deluxe-Moreagr-n-2019_750x750@2x.jpg\" \/>\n\t<meta property=\"og:image:width\" content=\"1500\" \/>\n\t<meta property=\"og:image:height\" content=\"954\" \/>\n\t<meta property=\"og:image:type\" content=\"image\/jpeg\" \/>\n<meta name=\"author\" content=\"editor\" \/>\n<meta name=\"twitter:card\" content=\"summary_large_image\" \/>\n<meta name=\"twitter:label1\" content=\"Napisane przez\" \/>\n\t<meta name=\"twitter:data1\" content=\"editor\" \/>\n\t<meta name=\"twitter:label2\" content=\"Szacowany czas czytania\" \/>\n\t<meta name=\"twitter:data2\" content=\"11 minut\" \/>\n<script type=\"application\/ld+json\" class=\"yoast-schema-graph\">{\"@context\":\"https:\\\/\\\/schema.org\",\"@graph\":[{\"@type\":\"Article\",\"@id\":\"https:\\\/\\\/gardeon.pl\\\/pl\\\/blog\\\/jak-wybrac-rower-elektryczny-nie-kupuj-pierwszego-ktory-wpadnie-panu-pani-w-oko\\\/#article\",\"isPartOf\":{\"@id\":\"https:\\\/\\\/gardeon.pl\\\/pl\\\/blog\\\/jak-wybrac-rower-elektryczny-nie-kupuj-pierwszego-ktory-wpadnie-panu-pani-w-oko\\\/\"},\"author\":{\"name\":\"editor\",\"@id\":\"https:\\\/\\\/gardeon.pl\\\/#\\\/schema\\\/person\\\/a5762ca5f0790bf92774af0899379463\"},\"headline\":\"Jak wybra\u0107 rower elektryczny? Nie kupuj pierwszego, kt\u00f3ry wpadnie Panu\\\/Pani w oko\",\"datePublished\":\"2026-04-23T17:03:26+00:00\",\"mainEntityOfPage\":{\"@id\":\"https:\\\/\\\/gardeon.pl\\\/pl\\\/blog\\\/jak-wybrac-rower-elektryczny-nie-kupuj-pierwszego-ktory-wpadnie-panu-pani-w-oko\\\/\"},\"wordCount\":2153,\"commentCount\":0,\"image\":{\"@id\":\"https:\\\/\\\/gardeon.pl\\\/pl\\\/blog\\\/jak-wybrac-rower-elektryczny-nie-kupuj-pierwszego-ktory-wpadnie-panu-pani-w-oko\\\/#primaryimage\"},\"thumbnailUrl\":\"https:\\\/\\\/gardeon.pl\\\/wp-content\\\/uploads\\\/2020\\\/06\\\/578545-Diamant-Juna-Deluxe-Moreagr-n-2019_750x750@2x.jpg\",\"articleSection\":[\"Ogr\u00f3d\"],\"inLanguage\":\"pl-PL\",\"potentialAction\":[{\"@type\":\"CommentAction\",\"name\":\"Comment\",\"target\":[\"https:\\\/\\\/gardeon.pl\\\/pl\\\/blog\\\/jak-wybrac-rower-elektryczny-nie-kupuj-pierwszego-ktory-wpadnie-panu-pani-w-oko\\\/#respond\"]}]},{\"@type\":\"WebPage\",\"@id\":\"https:\\\/\\\/gardeon.pl\\\/pl\\\/blog\\\/jak-wybrac-rower-elektryczny-nie-kupuj-pierwszego-ktory-wpadnie-panu-pani-w-oko\\\/\",\"url\":\"https:\\\/\\\/gardeon.pl\\\/pl\\\/blog\\\/jak-wybrac-rower-elektryczny-nie-kupuj-pierwszego-ktory-wpadnie-panu-pani-w-oko\\\/\",\"name\":\"Jak wybra\u0107 rower elektryczny? Nie kupuj pierwszego, kt\u00f3ry wpadnie Panu\\\/Pani w oko - GARDEON\",\"isPartOf\":{\"@id\":\"https:\\\/\\\/gardeon.pl\\\/#website\"},\"primaryImageOfPage\":{\"@id\":\"https:\\\/\\\/gardeon.pl\\\/pl\\\/blog\\\/jak-wybrac-rower-elektryczny-nie-kupuj-pierwszego-ktory-wpadnie-panu-pani-w-oko\\\/#primaryimage\"},\"image\":{\"@id\":\"https:\\\/\\\/gardeon.pl\\\/pl\\\/blog\\\/jak-wybrac-rower-elektryczny-nie-kupuj-pierwszego-ktory-wpadnie-panu-pani-w-oko\\\/#primaryimage\"},\"thumbnailUrl\":\"https:\\\/\\\/gardeon.pl\\\/wp-content\\\/uploads\\\/2020\\\/06\\\/578545-Diamant-Juna-Deluxe-Moreagr-n-2019_750x750@2x.jpg\",\"datePublished\":\"2026-04-23T17:03:26+00:00\",\"author\":{\"@id\":\"https:\\\/\\\/gardeon.pl\\\/#\\\/schema\\\/person\\\/a5762ca5f0790bf92774af0899379463\"},\"breadcrumb\":{\"@id\":\"https:\\\/\\\/gardeon.pl\\\/pl\\\/blog\\\/jak-wybrac-rower-elektryczny-nie-kupuj-pierwszego-ktory-wpadnie-panu-pani-w-oko\\\/#breadcrumb\"},\"inLanguage\":\"pl-PL\",\"potentialAction\":[{\"@type\":\"ReadAction\",\"target\":[\"https:\\\/\\\/gardeon.pl\\\/pl\\\/blog\\\/jak-wybrac-rower-elektryczny-nie-kupuj-pierwszego-ktory-wpadnie-panu-pani-w-oko\\\/\"]}]},{\"@type\":\"ImageObject\",\"inLanguage\":\"pl-PL\",\"@id\":\"https:\\\/\\\/gardeon.pl\\\/pl\\\/blog\\\/jak-wybrac-rower-elektryczny-nie-kupuj-pierwszego-ktory-wpadnie-panu-pani-w-oko\\\/#primaryimage\",\"url\":\"https:\\\/\\\/gardeon.pl\\\/wp-content\\\/uploads\\\/2020\\\/06\\\/578545-Diamant-Juna-Deluxe-Moreagr-n-2019_750x750@2x.jpg\",\"contentUrl\":\"https:\\\/\\\/gardeon.pl\\\/wp-content\\\/uploads\\\/2020\\\/06\\\/578545-Diamant-Juna-Deluxe-Moreagr-n-2019_750x750@2x.jpg\",\"width\":1500,\"height\":954,\"caption\":\"Rower Diamant Juna\"},{\"@type\":\"BreadcrumbList\",\"@id\":\"https:\\\/\\\/gardeon.pl\\\/pl\\\/blog\\\/jak-wybrac-rower-elektryczny-nie-kupuj-pierwszego-ktory-wpadnie-panu-pani-w-oko\\\/#breadcrumb\",\"itemListElement\":[{\"@type\":\"ListItem\",\"position\":1,\"name\":\"Domov\",\"item\":\"https:\\\/\\\/gardeon.pl\\\/pl\\\/\"},{\"@type\":\"ListItem\",\"position\":2,\"name\":\"Jak wybra\u0107 rower elektryczny? Nie kupuj pierwszego, kt\u00f3ry wpadnie Panu\\\/Pani w oko\"}]},{\"@type\":\"WebSite\",\"@id\":\"https:\\\/\\\/gardeon.pl\\\/#website\",\"url\":\"https:\\\/\\\/gardeon.pl\\\/\",\"name\":\"GARDEON\",\"description\":\"\",\"potentialAction\":[{\"@type\":\"SearchAction\",\"target\":{\"@type\":\"EntryPoint\",\"urlTemplate\":\"https:\\\/\\\/gardeon.pl\\\/?s={search_term_string}\"},\"query-input\":{\"@type\":\"PropertyValueSpecification\",\"valueRequired\":true,\"valueName\":\"search_term_string\"}}],\"inLanguage\":\"pl-PL\"},{\"@type\":\"Person\",\"@id\":\"https:\\\/\\\/gardeon.pl\\\/#\\\/schema\\\/person\\\/a5762ca5f0790bf92774af0899379463\",\"name\":\"editor\",\"image\":{\"@type\":\"ImageObject\",\"inLanguage\":\"pl-PL\",\"@id\":\"https:\\\/\\\/secure.gravatar.com\\\/avatar\\\/2b748151c2c748327307fd289a91b3bdafdd9e64e2d000e65e53d6dcf11c5830?s=96&d=mm&r=g\",\"url\":\"https:\\\/\\\/secure.gravatar.com\\\/avatar\\\/2b748151c2c748327307fd289a91b3bdafdd9e64e2d000e65e53d6dcf11c5830?s=96&d=mm&r=g\",\"contentUrl\":\"https:\\\/\\\/secure.gravatar.com\\\/avatar\\\/2b748151c2c748327307fd289a91b3bdafdd9e64e2d000e65e53d6dcf11c5830?s=96&d=mm&r=g\",\"caption\":\"editor\"}}]}<\/script>\n<!-- \/ Yoast SEO plugin. -->","yoast_head_json":{"title":"Jak wybra\u0107 rower elektryczny? Nie kupuj pierwszego, kt\u00f3ry wpadnie Panu\/Pani w oko - GARDEON","robots":{"index":"index","follow":"follow","max-snippet":"max-snippet:-1","max-image-preview":"max-image-preview:large","max-video-preview":"max-video-preview:-1"},"canonical":"https:\/\/gardeon.pl\/pl\/blog\/jak-wybrac-rower-elektryczny-nie-kupuj-pierwszego-ktory-wpadnie-panu-pani-w-oko\/","og_locale":"pl_PL","og_type":"article","og_title":"Jak wybra\u0107 rower elektryczny? Nie kupuj pierwszego, kt\u00f3ry wpadnie Panu\/Pani w oko - GARDEON","og_description":"Planuje Pan\/Pani przemierza\u0107 okolic\u0119, ale brakuje kondycji? A mo\u017ce ma Pan\/Pani ochot\u0119 bardziej cieszy\u0107 si\u0119 widokami mijanego krajobrazu i mniej skupia\u0107 si\u0119 na tym, czy ma Pan\/Pani jeszcze si\u0142\u0119? W takim razie jest Pan\/Pani idealnym kandydatem do zakupu roweru elektrycznego. Kt\u00f3ry jednak b\u0119dzie dla Pana\/Pani najodpowiedniejszy?","og_url":"https:\/\/gardeon.pl\/pl\/blog\/jak-wybrac-rower-elektryczny-nie-kupuj-pierwszego-ktory-wpadnie-panu-pani-w-oko\/","og_site_name":"GARDEON","article_published_time":"2026-04-23T17:03:26+00:00","og_image":[{"width":1500,"height":954,"url":"http:\/\/gardeon.pl\/wp-content\/uploads\/2020\/06\/578545-Diamant-Juna-Deluxe-Moreagr-n-2019_750x750@2x.jpg","type":"image\/jpeg"}],"author":"editor","twitter_card":"summary_large_image","twitter_misc":{"Napisane przez":"editor","Szacowany czas czytania":"11 minut"},"schema":{"@context":"https:\/\/schema.org","@graph":[{"@type":"Article","@id":"https:\/\/gardeon.pl\/pl\/blog\/jak-wybrac-rower-elektryczny-nie-kupuj-pierwszego-ktory-wpadnie-panu-pani-w-oko\/#article","isPartOf":{"@id":"https:\/\/gardeon.pl\/pl\/blog\/jak-wybrac-rower-elektryczny-nie-kupuj-pierwszego-ktory-wpadnie-panu-pani-w-oko\/"},"author":{"name":"editor","@id":"https:\/\/gardeon.pl\/#\/schema\/person\/a5762ca5f0790bf92774af0899379463"},"headline":"Jak wybra\u0107 rower elektryczny? Nie kupuj pierwszego, kt\u00f3ry wpadnie Panu\/Pani w oko","datePublished":"2026-04-23T17:03:26+00:00","mainEntityOfPage":{"@id":"https:\/\/gardeon.pl\/pl\/blog\/jak-wybrac-rower-elektryczny-nie-kupuj-pierwszego-ktory-wpadnie-panu-pani-w-oko\/"},"wordCount":2153,"commentCount":0,"image":{"@id":"https:\/\/gardeon.pl\/pl\/blog\/jak-wybrac-rower-elektryczny-nie-kupuj-pierwszego-ktory-wpadnie-panu-pani-w-oko\/#primaryimage"},"thumbnailUrl":"https:\/\/gardeon.pl\/wp-content\/uploads\/2020\/06\/578545-Diamant-Juna-Deluxe-Moreagr-n-2019_750x750@2x.jpg","articleSection":["Ogr\u00f3d"],"inLanguage":"pl-PL","potentialAction":[{"@type":"CommentAction","name":"Comment","target":["https:\/\/gardeon.pl\/pl\/blog\/jak-wybrac-rower-elektryczny-nie-kupuj-pierwszego-ktory-wpadnie-panu-pani-w-oko\/#respond"]}]},{"@type":"WebPage","@id":"https:\/\/gardeon.pl\/pl\/blog\/jak-wybrac-rower-elektryczny-nie-kupuj-pierwszego-ktory-wpadnie-panu-pani-w-oko\/","url":"https:\/\/gardeon.pl\/pl\/blog\/jak-wybrac-rower-elektryczny-nie-kupuj-pierwszego-ktory-wpadnie-panu-pani-w-oko\/","name":"Jak wybra\u0107 rower elektryczny? Nie kupuj pierwszego, kt\u00f3ry wpadnie Panu\/Pani w oko - GARDEON","isPartOf":{"@id":"https:\/\/gardeon.pl\/#website"},"primaryImageOfPage":{"@id":"https:\/\/gardeon.pl\/pl\/blog\/jak-wybrac-rower-elektryczny-nie-kupuj-pierwszego-ktory-wpadnie-panu-pani-w-oko\/#primaryimage"},"image":{"@id":"https:\/\/gardeon.pl\/pl\/blog\/jak-wybrac-rower-elektryczny-nie-kupuj-pierwszego-ktory-wpadnie-panu-pani-w-oko\/#primaryimage"},"thumbnailUrl":"https:\/\/gardeon.pl\/wp-content\/uploads\/2020\/06\/578545-Diamant-Juna-Deluxe-Moreagr-n-2019_750x750@2x.jpg","datePublished":"2026-04-23T17:03:26+00:00","author":{"@id":"https:\/\/gardeon.pl\/#\/schema\/person\/a5762ca5f0790bf92774af0899379463"},"breadcrumb":{"@id":"https:\/\/gardeon.pl\/pl\/blog\/jak-wybrac-rower-elektryczny-nie-kupuj-pierwszego-ktory-wpadnie-panu-pani-w-oko\/#breadcrumb"},"inLanguage":"pl-PL","potentialAction":[{"@type":"ReadAction","target":["https:\/\/gardeon.pl\/pl\/blog\/jak-wybrac-rower-elektryczny-nie-kupuj-pierwszego-ktory-wpadnie-panu-pani-w-oko\/"]}]},{"@type":"ImageObject","inLanguage":"pl-PL","@id":"https:\/\/gardeon.pl\/pl\/blog\/jak-wybrac-rower-elektryczny-nie-kupuj-pierwszego-ktory-wpadnie-panu-pani-w-oko\/#primaryimage","url":"https:\/\/gardeon.pl\/wp-content\/uploads\/2020\/06\/578545-Diamant-Juna-Deluxe-Moreagr-n-2019_750x750@2x.jpg","contentUrl":"https:\/\/gardeon.pl\/wp-content\/uploads\/2020\/06\/578545-Diamant-Juna-Deluxe-Moreagr-n-2019_750x750@2x.jpg","width":1500,"height":954,"caption":"Rower Diamant Juna"},{"@type":"BreadcrumbList","@id":"https:\/\/gardeon.pl\/pl\/blog\/jak-wybrac-rower-elektryczny-nie-kupuj-pierwszego-ktory-wpadnie-panu-pani-w-oko\/#breadcrumb","itemListElement":[{"@type":"ListItem","position":1,"name":"Domov","item":"https:\/\/gardeon.pl\/pl\/"},{"@type":"ListItem","position":2,"name":"Jak wybra\u0107 rower elektryczny? Nie kupuj pierwszego, kt\u00f3ry wpadnie Panu\/Pani w oko"}]},{"@type":"WebSite","@id":"https:\/\/gardeon.pl\/#website","url":"https:\/\/gardeon.pl\/","name":"GARDEON","description":"","potentialAction":[{"@type":"SearchAction","target":{"@type":"EntryPoint","urlTemplate":"https:\/\/gardeon.pl\/?s={search_term_string}"},"query-input":{"@type":"PropertyValueSpecification","valueRequired":true,"valueName":"search_term_string"}}],"inLanguage":"pl-PL"},{"@type":"Person","@id":"https:\/\/gardeon.pl\/#\/schema\/person\/a5762ca5f0790bf92774af0899379463","name":"editor","image":{"@type":"ImageObject","inLanguage":"pl-PL","@id":"https:\/\/secure.gravatar.com\/avatar\/2b748151c2c748327307fd289a91b3bdafdd9e64e2d000e65e53d6dcf11c5830?s=96&d=mm&r=g","url":"https:\/\/secure.gravatar.com\/avatar\/2b748151c2c748327307fd289a91b3bdafdd9e64e2d000e65e53d6dcf11c5830?s=96&d=mm&r=g","contentUrl":"https:\/\/secure.gravatar.com\/avatar\/2b748151c2c748327307fd289a91b3bdafdd9e64e2d000e65e53d6dcf11c5830?s=96&d=mm&r=g","caption":"editor"}}]}},"_links":{"self":[{"href":"https:\/\/gardeon.pl\/pl\/wp-json\/wp\/v2\/posts\/46273","targetHints":{"allow":["GET"]}}],"collection":[{"href":"https:\/\/gardeon.pl\/pl\/wp-json\/wp\/v2\/posts"}],"about":[{"href":"https:\/\/gardeon.pl\/pl\/wp-json\/wp\/v2\/types\/post"}],"author":[{"embeddable":true,"href":"https:\/\/gardeon.pl\/pl\/wp-json\/wp\/v2\/users\/2"}],"replies":[{"embeddable":true,"href":"https:\/\/gardeon.pl\/pl\/wp-json\/wp\/v2\/comments?post=46273"}],"version-history":[{"count":0,"href":"https:\/\/gardeon.pl\/pl\/wp-json\/wp\/v2\/posts\/46273\/revisions"}],"wp:featuredmedia":[{"embeddable":true,"href":"https:\/\/gardeon.pl\/pl\/wp-json\/wp\/v2\/media\/46275"}],"wp:attachment":[{"href":"https:\/\/gardeon.pl\/pl\/wp-json\/wp\/v2\/media?parent=46273"}],"wp:term":[{"taxonomy":"category","embeddable":true,"href":"https:\/\/gardeon.pl\/pl\/wp-json\/wp\/v2\/categories?post=46273"},{"taxonomy":"post_tag","embeddable":true,"href":"https:\/\/gardeon.pl\/pl\/wp-json\/wp\/v2\/tags?post=46273"}],"curies":[{"name":"wp","href":"https:\/\/api.w.org\/{rel}","templated":true}]}}